{"id":26592,"date":"2025-10-30T09:46:52","date_gmt":"2025-10-30T09:46:52","guid":{"rendered":"https:\/\/bobea.net\/?p=26592"},"modified":"2025-10-30T09:46:53","modified_gmt":"2025-10-30T09:46:53","slug":"clara-chappaz-lia-anti-bias-leve-50me","status":"publish","type":"post","link":"https:\/\/bobea.net\/index.php\/2025\/10\/30\/clara-chappaz-lia-anti-bias-leve-50me\/","title":{"rendered":"Clara Chappaz : L\u2019IA Anti-Bias L\u00e8ve 50M\u20ac"},"content":{"rendered":"\n<p>L\u2019an\u00adci\u00adenne Direc\u00adtrice de la Mis\u00adsion French Tech, <strong>Clara Chap\u00adpaz<\/strong>, con\u00adfirme son statut de nou\u00advelle ic\u00f4ne de la <em>deeptech<\/em> fran\u00e7aise ce <strong>30 octo\u00adbre 2025<\/strong>. Son entre\u00adprise, <strong>Gen\u00adder-AI<\/strong>, a annon\u00adc\u00e9 une lev\u00ad\u00e9e de fonds spec\u00adtac\u00adu\u00adlaire de <strong>50 mil\u00adlions d\u2019eu\u00adros<\/strong>, des\u00adtin\u00e9e \u00e0 acc\u00e9l\u00e9r\u00ader le d\u00e9ploiement de son intel\u00adli\u00adgence arti\u00adfi\u00adcielle (IA) sp\u00e9\u00adcial\u00adis\u00e9e dans la <strong>cor\u00adrec\u00adtion des biais de genre et raci\u00adaux<\/strong> dans les algo\u00adrithmes. Ce finance\u00adment mas\u00adsif propulse la solu\u00adtion de Chap\u00adpaz au rang de leader mon\u00addi\u00adal dans la bataille pour l\u2019\u00e9thique de l\u2019IA.<\/p>\n\n\n\n<p>L\u2019en\u00adjeu est colos\u00adsal. Des \u00e9tudes r\u00e9centes ont prou\u00adv\u00e9 que les IA util\u00adis\u00e9es dans le recrute\u00adment, l\u2019at\u00adtri\u00adbu\u00adtion de pr\u00eats ban\u00adcaires ou m\u00eame l\u2019aide \u00e0 la d\u00e9ci\u00adsion m\u00e9di\u00adcale per\u00adp\u00e9\u00adtu\u00adaient et ampli\u00adfi\u00adaient sou\u00advent les biais soci\u00adaux, favorisant involon\u00adtaire\u00adment les pro\u00adfils mas\u00adculins et cau\u00adcasien. Face \u00e0 cette r\u00e9al\u00adit\u00e9, <strong>Gen\u00adder-AI<\/strong> pro\u00adpose un \u201cfil\u00adtre cog\u00adni\u00adtif\u201d capa\u00adble de <strong>d\u00e9tecter, neu\u00adtralis\u00ader et r\u00e9\u00e9quili\u00adbr\u00ader<\/strong> les jeux de don\u00adn\u00e9es d\u2019entra\u00eenement, garan\u00adtis\u00adsant des r\u00e9sul\u00adtats plus neu\u00adtres et plus \u00e9quita\u00adbles.<\/p>\n\n\n\n<p>\u201cL\u2019in\u00adtel\u00adli\u00adgence arti\u00adfi\u00adcielle est le miroir de notre soci\u00e9t\u00e9, et pour l\u2019in\u00adstant, ce miroir est d\u00e9for\u00admant. Notre mis\u00adsion est de le r\u00e9par\u00ader,\u201d a d\u00e9clar\u00e9 Clara Chap\u00adpaz lors de la con\u00adf\u00e9rence de presse \u00e0 Sta\u00adtion F. Surnom\u00adm\u00e9e la \u201cElon Musk\u201d fran\u00e7aise par cer\u00adtains m\u00e9dias pour sa vision et sa rapid\u00adit\u00e9 d\u2019ex\u00e9\u00adcu\u00adtion, elle a r\u00e9us\u00adsi \u00e0 con\u00adva\u00adin\u00adcre des fonds d\u2019in\u00advestisse\u00adment am\u00e9ri\u00adcains et europ\u00e9ens de l\u2019ur\u00adgence d\u2019une <strong>IA \u00e9thique et inclu\u00adsive<\/strong>. La lev\u00ad\u00e9e de fonds a \u00e9t\u00e9 men\u00e9e par le fonds cal\u00adi\u00adfornien <strong>Tech4Equity<\/strong>, un acteur majeur de l\u2019in\u00advestisse\u00adment \u00e0 impact social.<\/p>\n\n\n\n<p>L\u2019ob\u00adjec\u00adtif de ce finance\u00adment est clair : d\u00e9ploy\u00ader la solu\u00adtion de Gen\u00adder-AI sur <strong>cinq grandes plate\u00adformes de recrute\u00adment mon\u00addi\u00adales<\/strong> et l\u2019adapter au secteur de la san\u00adt\u00e9. Des parte\u00adnar\u00adi\u00adats strat\u00e9giques ont d\u00e9j\u00e0 \u00e9t\u00e9 sign\u00e9s avec des g\u00e9ants de la <em>HR Tech<\/em> pour auditer leurs sys\u00adt\u00e8mes et garan\u00adtir que les can\u00addi\u00adda\u00adtures f\u00e9minines et issues de minorit\u00e9s ne soient plus p\u00e9nal\u00adis\u00e9es par des algo\u00adrithmes incon\u00adsciem\u00adment sex\u00adistes ou racistes.<\/p>\n\n\n\n<figure class=\"wp-block-image size-large\"><img loading=\"lazy\" decoding=\"async\" width=\"1024\" height=\"678\" src=\"https:\/\/bobea.net\/wp-content\/uploads\/2025\/10\/photo-officielle-clara-chappaz-e1732198189741-1024x678.jpg\" alt class=\"wp-image-26593\" srcset=\"https:\/\/bobea.net\/wp-content\/uploads\/2025\/10\/photo-officielle-clara-chappaz-e1732198189741-1024x678.jpg 1024w, https:\/\/bobea.net\/wp-content\/uploads\/2025\/10\/photo-officielle-clara-chappaz-e1732198189741-300x199.jpg 300w, https:\/\/bobea.net\/wp-content\/uploads\/2025\/10\/photo-officielle-clara-chappaz-e1732198189741-768x509.jpg 768w, https:\/\/bobea.net\/wp-content\/uploads\/2025\/10\/photo-officielle-clara-chappaz-e1732198189741.jpg 1280w\" sizes=\"(max-width: 1024px) 100vw, 1024px\"><\/figure>\n\n\n\n<p>Ce suc\u00adc\u00e8s r\u00e9sonne par\u00adti\u00adc\u00aduli\u00e8re\u00adment dans un con\u00adtexte o\u00f9 la <strong>sous-repr\u00e9sen\u00adta\u00adtion des femmes dans la Tech<\/strong> reste une pr\u00e9oc\u00adcu\u00adpa\u00adtion majeure. Le par\u00adcours de Clara Chap\u00adpaz est en lui-m\u00eame un puis\u00adsant mes\u00adsage pour les jeunes filles : une femme peut non seule\u00adment diriger une <em>deeptech<\/em>, mais elle peut aus\u00adsi le faire en pla\u00e7ant l\u2019\u00e9thique et l\u2019\u00e9\u00adgal\u00adit\u00e9 au c\u0153ur de son mod\u00ad\u00e8le \u00e9conomique.<\/p>\n\n\n\n<p>Dans une inter\u00adview exclu\u00adsive au <em>Jour\u00adnal du Net<\/em>, Chap\u00adpaz a insist\u00e9 : \u201cCe n\u2019est pas seule\u00adment une ques\u00adtion de jus\u00adtice, c\u2019est une ques\u00adtion de per\u00adfor\u00admance. Une IA biais\u00e9e prend de mau\u00advais\u00ades d\u00e9ci\u00adsions. En cor\u00adrigeant nos sys\u00adt\u00e8mes, nous ne faisons pas de la char\u00adit\u00e9, nous faisons de l\u2019<strong>inno\u00adva\u00adtion respon\u00ads\u00adable<\/strong>.\u201d Son entre\u00adprise est d\u00e9sor\u00admais l\u2019\u00e9\u00adten\u00addard de la <em>French Tech<\/em> pour un avenir num\u00e9rique plus juste.<\/p>\n\n\n\n<p><\/p>\n","protected":false},"excerpt":{"rendered":"<p>L\u2019an\u00adci\u00adenne Direc\u00adtrice de la Mis\u00adsion French Tech, Clara Chap\u00adpaz, con\u00adfirme son statut de nou\u00advelle ic\u00f4ne de la deeptech fran\u00e7aise ce 30 octo\u00adbre 2025. Son entre\u00adprise, Gen\u00adder-AI, a annon\u00adc\u00e9 une lev\u00ad\u00e9e\u2026 <\/p>\n","protected":false},"author":1,"featured_media":26594,"comment_status":"open","ping_status":"closed","sticky":false,"template":"","format":"standard","meta":{"wp_typography_post_enhancements_disabled":false,"footnotes":""},"categories":[73],"tags":[19483,9552,19479,19484,19486,19480,19482,19485,19481],"class_list":["post-26592","post","type-post","status-publish","format-standard","has-post-thumbnail","hentry","category-on-en-parle","tag-algorithme","tag-biais-de-genre","tag-clara-chappaz","tag-deeptech","tag-french-tech","tag-gender-ai","tag-ia-ethique-3","tag-innovation-responsable","tag-levee-de-fonds-50me"],"yoast_head":"<!-- This site is optimized with the Yoast SEO plugin v24.7 - https:\/\/yoast.com\/wordpress\/plugins\/seo\/ -->\n<title>Clara Chappaz : L&#039;IA Anti-Bias L\u00e8ve 50M\u20ac - Bobea<\/title>\n<meta name=\"description\" content=\"Dans une interview exclusive au Journal du Net, Chappaz a insist\u00e9 : &quot;Ce n&#039;est pas seulement une question de justice, c&#039;est une question\" \/>\n<meta name=\"robots\" content=\"index, follow, max-snippet:-1, max-image-preview:large, max-video-preview:-1\" \/>\n<link rel=\"canonical\" href=\"https:\/\/bobea.net\/index.php\/2025\/10\/30\/clara-chappaz-lia-anti-bias-leve-50me\/\" \/>\n<meta property=\"og:locale\" content=\"fr_FR\" \/>\n<meta property=\"og:type\" content=\"article\" \/>\n<meta property=\"og:title\" content=\"Clara Chappaz : L&#039;IA Anti-Bias L\u00e8ve 50M\u20ac - Bobea\" \/>\n<meta property=\"og:description\" content=\"Dans une interview exclusive au Journal du Net, Chappaz a insist\u00e9 : &quot;Ce n&#039;est pas seulement une question de justice, c&#039;est une question\" \/>\n<meta property=\"og:url\" content=\"https:\/\/bobea.net\/index.php\/2025\/10\/30\/clara-chappaz-lia-anti-bias-leve-50me\/\" \/>\n<meta property=\"og:site_name\" content=\"Bobea\" \/>\n<meta property=\"article:publisher\" content=\"https:\/\/web.facebook.com\/profile.php?id=61559252188416\" \/>\n<meta property=\"article:published_time\" content=\"2025-10-30T09:46:52+00:00\" \/>\n<meta property=\"article:modified_time\" content=\"2025-10-30T09:46:53+00:00\" \/>\n<meta property=\"og:image\" content=\"https:\/\/bobea.net\/wp-content\/uploads\/2025\/10\/Clara-Chappaz-Bercy.jpg\" \/>\n\t<meta property=\"og:image:width\" content=\"1600\" \/>\n\t<meta property=\"og:image:height\" content=\"1066\" \/>\n\t<meta property=\"og:image:type\" content=\"image\/jpeg\" \/>\n<meta name=\"author\" content=\"bobea.info\" \/>\n<meta name=\"twitter:card\" content=\"summary_large_image\" \/>\n<meta name=\"twitter:label1\" content=\"\u00c9crit par\" \/>\n\t<meta name=\"twitter:data1\" content=\"bobea.info\" \/>\n\t<meta name=\"twitter:label2\" content=\"Dur\u00e9e de lecture estim\u00e9e\" \/>\n\t<meta name=\"twitter:data2\" content=\"3 minutes\" \/>\n<script type=\"application\/ld+json\" class=\"yoast-schema-graph\">{\"@context\":\"https:\/\/schema.org\",\"@graph\":[{\"@type\":\"Article\",\"@id\":\"https:\/\/bobea.net\/index.php\/2025\/10\/30\/clara-chappaz-lia-anti-bias-leve-50me\/#article\",\"isPartOf\":{\"@id\":\"https:\/\/bobea.net\/index.php\/2025\/10\/30\/clara-chappaz-lia-anti-bias-leve-50me\/\"},\"author\":{\"name\":\"bobea.info\",\"@id\":\"https:\/\/bobea.net\/#\/schema\/person\/e7f45ef187918d7c956bf619dce90ccf\"},\"headline\":\"Clara Chappaz : L\u2019IA Anti-Bias L\u00e8ve 50M\u20ac\",\"datePublished\":\"2025-10-30T09:46:52+00:00\",\"dateModified\":\"2025-10-30T09:46:53+00:00\",\"mainEntityOfPage\":{\"@id\":\"https:\/\/bobea.net\/index.php\/2025\/10\/30\/clara-chappaz-lia-anti-bias-leve-50me\/\"},\"wordCount\":503,\"commentCount\":0,\"publisher\":{\"@id\":\"https:\/\/bobea.net\/#organization\"},\"image\":{\"@id\":\"https:\/\/bobea.net\/index.php\/2025\/10\/30\/clara-chappaz-lia-anti-bias-leve-50me\/#primaryimage\"},\"thumbnailUrl\":\"https:\/\/bobea.net\/wp-content\/uploads\/2025\/10\/Clara-Chappaz-Bercy.jpg\",\"keywords\":[\"Algorithme\",\"biais de genre\",\"Clara Chappaz\",\"Deeptech\",\"French Tech.\",\"Gender-AI\",\"IA \u00c9thique\",\"Innovation Responsable\",\"Lev\u00e9e de Fonds 50M\u20ac\"],\"articleSection\":[\"On en Parle\"],\"inLanguage\":\"fr-FR\",\"potentialAction\":[{\"@type\":\"CommentAction\",\"name\":\"Comment\",\"target\":[\"https:\/\/bobea.net\/index.php\/2025\/10\/30\/clara-chappaz-lia-anti-bias-leve-50me\/#respond\"]}]},{\"@type\":\"WebPage\",\"@id\":\"https:\/\/bobea.net\/index.php\/2025\/10\/30\/clara-chappaz-lia-anti-bias-leve-50me\/\",\"url\":\"https:\/\/bobea.net\/index.php\/2025\/10\/30\/clara-chappaz-lia-anti-bias-leve-50me\/\",\"name\":\"Clara Chappaz : L'IA Anti-Bias L\u00e8ve 50M\u20ac - Bobea\",\"isPartOf\":{\"@id\":\"https:\/\/bobea.net\/#website\"},\"primaryImageOfPage\":{\"@id\":\"https:\/\/bobea.net\/index.php\/2025\/10\/30\/clara-chappaz-lia-anti-bias-leve-50me\/#primaryimage\"},\"image\":{\"@id\":\"https:\/\/bobea.net\/index.php\/2025\/10\/30\/clara-chappaz-lia-anti-bias-leve-50me\/#primaryimage\"},\"thumbnailUrl\":\"https:\/\/bobea.net\/wp-content\/uploads\/2025\/10\/Clara-Chappaz-Bercy.jpg\",\"datePublished\":\"2025-10-30T09:46:52+00:00\",\"dateModified\":\"2025-10-30T09:46:53+00:00\",\"description\":\"Dans une interview exclusive au Journal du Net, Chappaz a insist\u00e9 : \\\"Ce n'est pas seulement une question de justice, c'est une question\",\"breadcrumb\":{\"@id\":\"https:\/\/bobea.net\/index.php\/2025\/10\/30\/clara-chappaz-lia-anti-bias-leve-50me\/#breadcrumb\"},\"inLanguage\":\"fr-FR\",\"potentialAction\":[{\"@type\":\"ReadAction\",\"target\":[\"https:\/\/bobea.net\/index.php\/2025\/10\/30\/clara-chappaz-lia-anti-bias-leve-50me\/\"]}]},{\"@type\":\"ImageObject\",\"inLanguage\":\"fr-FR\",\"@id\":\"https:\/\/bobea.net\/index.php\/2025\/10\/30\/clara-chappaz-lia-anti-bias-leve-50me\/#primaryimage\",\"url\":\"https:\/\/bobea.net\/wp-content\/uploads\/2025\/10\/Clara-Chappaz-Bercy.jpg\",\"contentUrl\":\"https:\/\/bobea.net\/wp-content\/uploads\/2025\/10\/Clara-Chappaz-Bercy.jpg\",\"width\":1600,\"height\":1066},{\"@type\":\"BreadcrumbList\",\"@id\":\"https:\/\/bobea.net\/index.php\/2025\/10\/30\/clara-chappaz-lia-anti-bias-leve-50me\/#breadcrumb\",\"itemListElement\":[{\"@type\":\"ListItem\",\"position\":1,\"name\":\"Accueil\",\"item\":\"https:\/\/bobea.net\/\"},{\"@type\":\"ListItem\",\"position\":2,\"name\":\"Clara Chappaz : L&rsquo;IA Anti-Bias L\u00e8ve 50M\u20ac\"}]},{\"@type\":\"WebSite\",\"@id\":\"https:\/\/bobea.net\/#website\",\"url\":\"https:\/\/bobea.net\/\",\"name\":\"Bobea\",\"description\":\"Le magazine de la nouvelle \u00c8ve\",\"publisher\":{\"@id\":\"https:\/\/bobea.net\/#organization\"},\"potentialAction\":[{\"@type\":\"SearchAction\",\"target\":{\"@type\":\"EntryPoint\",\"urlTemplate\":\"https:\/\/bobea.net\/?s={search_term_string}\"},\"query-input\":{\"@type\":\"PropertyValueSpecification\",\"valueRequired\":true,\"valueName\":\"search_term_string\"}}],\"inLanguage\":\"fr-FR\"},{\"@type\":\"Organization\",\"@id\":\"https:\/\/bobea.net\/#organization\",\"name\":\"Bobea\",\"url\":\"https:\/\/bobea.net\/\",\"logo\":{\"@type\":\"ImageObject\",\"inLanguage\":\"fr-FR\",\"@id\":\"https:\/\/bobea.net\/#\/schema\/logo\/image\/\",\"url\":\"https:\/\/bobea.net\/wp-content\/uploads\/2024\/06\/bobea.jpg\",\"contentUrl\":\"https:\/\/bobea.net\/wp-content\/uploads\/2024\/06\/bobea.jpg\",\"width\":1080,\"height\":1080,\"caption\":\"Bobea\"},\"image\":{\"@id\":\"https:\/\/bobea.net\/#\/schema\/logo\/image\/\"},\"sameAs\":[\"https:\/\/web.facebook.com\/profile.php?id=61559252188416\"]},{\"@type\":\"Person\",\"@id\":\"https:\/\/bobea.net\/#\/schema\/person\/e7f45ef187918d7c956bf619dce90ccf\",\"name\":\"bobea.info\",\"image\":{\"@type\":\"ImageObject\",\"inLanguage\":\"fr-FR\",\"@id\":\"https:\/\/bobea.net\/#\/schema\/person\/image\/\",\"url\":\"https:\/\/secure.gravatar.com\/avatar\/36147980349df887ae30808df3e29474?s=96&d=mm&r=g\",\"contentUrl\":\"https:\/\/secure.gravatar.com\/avatar\/36147980349df887ae30808df3e29474?s=96&d=mm&r=g\",\"caption\":\"bobea.info\"},\"sameAs\":[\"https:\/\/bobea.net\"],\"url\":\"https:\/\/bobea.net\/index.php\/author\/bobea-info\/\"}]}<\/script>\n<!-- \/ Yoast SEO plugin. -->","yoast_head_json":{"title":"Clara Chappaz : L'IA Anti-Bias L\u00e8ve 50M\u20ac - Bobea","description":"Dans une interview exclusive au Journal du Net, Chappaz a insist\u00e9 : \"Ce n'est pas seulement une question de justice, c'est une question","robots":{"index":"index","follow":"follow","max-snippet":"max-snippet:-1","max-image-preview":"max-image-preview:large","max-video-preview":"max-video-preview:-1"},"canonical":"https:\/\/bobea.net\/index.php\/2025\/10\/30\/clara-chappaz-lia-anti-bias-leve-50me\/","og_locale":"fr_FR","og_type":"article","og_title":"Clara Chappaz : L'IA Anti-Bias L\u00e8ve 50M\u20ac - Bobea","og_description":"Dans une interview exclusive au Journal du Net, Chappaz a insist\u00e9 : \"Ce n'est pas seulement une question de justice, c'est une question","og_url":"https:\/\/bobea.net\/index.php\/2025\/10\/30\/clara-chappaz-lia-anti-bias-leve-50me\/","og_site_name":"Bobea","article_publisher":"https:\/\/web.facebook.com\/profile.php?id=61559252188416","article_published_time":"2025-10-30T09:46:52+00:00","article_modified_time":"2025-10-30T09:46:53+00:00","og_image":[{"width":1600,"height":1066,"url":"https:\/\/bobea.net\/wp-content\/uploads\/2025\/10\/Clara-Chappaz-Bercy.jpg","type":"image\/jpeg"}],"author":"bobea.info","twitter_card":"summary_large_image","twitter_misc":{"\u00c9crit par":"bobea.info","Dur\u00e9e de lecture estim\u00e9e":"3 minutes"},"schema":{"@context":"https:\/\/schema.org","@graph":[{"@type":"Article","@id":"https:\/\/bobea.net\/index.php\/2025\/10\/30\/clara-chappaz-lia-anti-bias-leve-50me\/#article","isPartOf":{"@id":"https:\/\/bobea.net\/index.php\/2025\/10\/30\/clara-chappaz-lia-anti-bias-leve-50me\/"},"author":{"name":"bobea.info","@id":"https:\/\/bobea.net\/#\/schema\/person\/e7f45ef187918d7c956bf619dce90ccf"},"headline":"Clara Chappaz : L\u2019IA Anti-Bias L\u00e8ve 50M\u20ac","datePublished":"2025-10-30T09:46:52+00:00","dateModified":"2025-10-30T09:46:53+00:00","mainEntityOfPage":{"@id":"https:\/\/bobea.net\/index.php\/2025\/10\/30\/clara-chappaz-lia-anti-bias-leve-50me\/"},"wordCount":503,"commentCount":0,"publisher":{"@id":"https:\/\/bobea.net\/#organization"},"image":{"@id":"https:\/\/bobea.net\/index.php\/2025\/10\/30\/clara-chappaz-lia-anti-bias-leve-50me\/#primaryimage"},"thumbnailUrl":"https:\/\/bobea.net\/wp-content\/uploads\/2025\/10\/Clara-Chappaz-Bercy.jpg","keywords":["Algorithme","biais de genre","Clara Chappaz","Deeptech","French Tech.","Gender-AI","IA \u00c9thique","Innovation Responsable","Lev\u00e9e de Fonds 50M\u20ac"],"articleSection":["On en Parle"],"inLanguage":"fr-FR","potentialAction":[{"@type":"CommentAction","name":"Comment","target":["https:\/\/bobea.net\/index.php\/2025\/10\/30\/clara-chappaz-lia-anti-bias-leve-50me\/#respond"]}]},{"@type":"WebPage","@id":"https:\/\/bobea.net\/index.php\/2025\/10\/30\/clara-chappaz-lia-anti-bias-leve-50me\/","url":"https:\/\/bobea.net\/index.php\/2025\/10\/30\/clara-chappaz-lia-anti-bias-leve-50me\/","name":"Clara Chappaz : L'IA Anti-Bias L\u00e8ve 50M\u20ac - Bobea","isPartOf":{"@id":"https:\/\/bobea.net\/#website"},"primaryImageOfPage":{"@id":"https:\/\/bobea.net\/index.php\/2025\/10\/30\/clara-chappaz-lia-anti-bias-leve-50me\/#primaryimage"},"image":{"@id":"https:\/\/bobea.net\/index.php\/2025\/10\/30\/clara-chappaz-lia-anti-bias-leve-50me\/#primaryimage"},"thumbnailUrl":"https:\/\/bobea.net\/wp-content\/uploads\/2025\/10\/Clara-Chappaz-Bercy.jpg","datePublished":"2025-10-30T09:46:52+00:00","dateModified":"2025-10-30T09:46:53+00:00","description":"Dans une interview exclusive au Journal du Net, Chappaz a insist\u00e9 : \"Ce n'est pas seulement une question de justice, c'est une question","breadcrumb":{"@id":"https:\/\/bobea.net\/index.php\/2025\/10\/30\/clara-chappaz-lia-anti-bias-leve-50me\/#breadcrumb"},"inLanguage":"fr-FR","potentialAction":[{"@type":"ReadAction","target":["https:\/\/bobea.net\/index.php\/2025\/10\/30\/clara-chappaz-lia-anti-bias-leve-50me\/"]}]},{"@type":"ImageObject","inLanguage":"fr-FR","@id":"https:\/\/bobea.net\/index.php\/2025\/10\/30\/clara-chappaz-lia-anti-bias-leve-50me\/#primaryimage","url":"https:\/\/bobea.net\/wp-content\/uploads\/2025\/10\/Clara-Chappaz-Bercy.jpg","contentUrl":"https:\/\/bobea.net\/wp-content\/uploads\/2025\/10\/Clara-Chappaz-Bercy.jpg","width":1600,"height":1066},{"@type":"BreadcrumbList","@id":"https:\/\/bobea.net\/index.php\/2025\/10\/30\/clara-chappaz-lia-anti-bias-leve-50me\/#breadcrumb","itemListElement":[{"@type":"ListItem","position":1,"name":"Accueil","item":"https:\/\/bobea.net\/"},{"@type":"ListItem","position":2,"name":"Clara Chappaz : L&rsquo;IA Anti-Bias L\u00e8ve 50M\u20ac"}]},{"@type":"WebSite","@id":"https:\/\/bobea.net\/#website","url":"https:\/\/bobea.net\/","name":"Bobea","description":"Le magazine de la nouvelle \u00c8ve","publisher":{"@id":"https:\/\/bobea.net\/#organization"},"potentialAction":[{"@type":"SearchAction","target":{"@type":"EntryPoint","urlTemplate":"https:\/\/bobea.net\/?s={search_term_string}"},"query-input":{"@type":"PropertyValueSpecification","valueRequired":true,"valueName":"search_term_string"}}],"inLanguage":"fr-FR"},{"@type":"Organization","@id":"https:\/\/bobea.net\/#organization","name":"Bobea","url":"https:\/\/bobea.net\/","logo":{"@type":"ImageObject","inLanguage":"fr-FR","@id":"https:\/\/bobea.net\/#\/schema\/logo\/image\/","url":"https:\/\/bobea.net\/wp-content\/uploads\/2024\/06\/bobea.jpg","contentUrl":"https:\/\/bobea.net\/wp-content\/uploads\/2024\/06\/bobea.jpg","width":1080,"height":1080,"caption":"Bobea"},"image":{"@id":"https:\/\/bobea.net\/#\/schema\/logo\/image\/"},"sameAs":["https:\/\/web.facebook.com\/profile.php?id=61559252188416"]},{"@type":"Person","@id":"https:\/\/bobea.net\/#\/schema\/person\/e7f45ef187918d7c956bf619dce90ccf","name":"bobea.info","image":{"@type":"ImageObject","inLanguage":"fr-FR","@id":"https:\/\/bobea.net\/#\/schema\/person\/image\/","url":"https:\/\/secure.gravatar.com\/avatar\/36147980349df887ae30808df3e29474?s=96&d=mm&r=g","contentUrl":"https:\/\/secure.gravatar.com\/avatar\/36147980349df887ae30808df3e29474?s=96&d=mm&r=g","caption":"bobea.info"},"sameAs":["https:\/\/bobea.net"],"url":"https:\/\/bobea.net\/index.php\/author\/bobea-info\/"}]}},"_links":{"self":[{"href":"https:\/\/bobea.net\/index.php\/wp-json\/wp\/v2\/posts\/26592"}],"collection":[{"href":"https:\/\/bobea.net\/index.php\/wp-json\/wp\/v2\/posts"}],"about":[{"href":"https:\/\/bobea.net\/index.php\/wp-json\/wp\/v2\/types\/post"}],"author":[{"embeddable":true,"href":"https:\/\/bobea.net\/index.php\/wp-json\/wp\/v2\/users\/1"}],"replies":[{"embeddable":true,"href":"https:\/\/bobea.net\/index.php\/wp-json\/wp\/v2\/comments?post=26592"}],"version-history":[{"count":1,"href":"https:\/\/bobea.net\/index.php\/wp-json\/wp\/v2\/posts\/26592\/revisions"}],"predecessor-version":[{"id":26595,"href":"https:\/\/bobea.net\/index.php\/wp-json\/wp\/v2\/posts\/26592\/revisions\/26595"}],"wp:featuredmedia":[{"embeddable":true,"href":"https:\/\/bobea.net\/index.php\/wp-json\/wp\/v2\/media\/26594"}],"wp:attachment":[{"href":"https:\/\/bobea.net\/index.php\/wp-json\/wp\/v2\/media?parent=26592"}],"wp:term":[{"taxonomy":"category","embeddable":true,"href":"https:\/\/bobea.net\/index.php\/wp-json\/wp\/v2\/categories?post=26592"},{"taxonomy":"post_tag","embeddable":true,"href":"https:\/\/bobea.net\/index.php\/wp-json\/wp\/v2\/tags?post=26592"}],"curies":[{"name":"wp","href":"https:\/\/api.w.org\/{rel}","templated":true}]}}