{"id":26533,"date":"2025-10-29T08:56:02","date_gmt":"2025-10-29T08:56:02","guid":{"rendered":"https:\/\/bobea.net\/?p=26533"},"modified":"2025-10-29T08:56:03","modified_gmt":"2025-10-29T08:56:03","slug":"mon-boss-ma-dit-micro-agressions-au-travail-savoir-les-identifier-et-y-repondre-avec-professionnalisme","status":"publish","type":"post","link":"https:\/\/bobea.net\/index.php\/2025\/10\/29\/mon-boss-ma-dit-micro-agressions-au-travail-savoir-les-identifier-et-y-repondre-avec-professionnalisme\/","title":{"rendered":"\u00ab Mon Boss m\u2019a Dit\u2026 \u00bb : Micro-agressions au travail : savoir les identifier et y r\u00e9pondre avec professionnalisme"},"content":{"rendered":"\n<p><strong>Intro\u00adduc\u00adtion :<\/strong> Le sex\u00adisme au tra\u00advail ne se man\u00adi\u00adfeste plus unique\u00adment par des blagues lour\u00addes ou un har\u00adc\u00e8le\u00adment man\u00adi\u00adfeste, facile\u00adment iden\u00adti\u00adfi\u00adables et con\u00addamnables. Il prend sou\u00advent la forme plus insi\u00addieuse et sournoise des <strong>micro-agres\u00adsions<\/strong>. Ce sont des com\u00admen\u00adtaires, ques\u00adtions ou com\u00adporte\u00adments quo\u00adti\u00addi\u00adens, sou\u00advent involon\u00adtaires, mais qui com\u00admu\u00adniquent des mes\u00adsages hos\u00adtiles, d\u00e9soblig\u00adeants ou n\u00e9gat\u00adifs bas\u00e9s sur le genre. Exem\u00adple clas\u00adsique : \u201cBra\u00advo, c\u2019est tr\u00e8s bien fait pour une femme !\u201d ou \u201cTu es trop \u00e9mo\u00adtive pour cette pro\u00admo\u00adtion.\u201d Ces agres\u00adsions, par leur r\u00e9p\u00e9ti\u00adtion, nuisent \u00e0 l\u2019es\u00adtime de soi, entra\u00advent la pro\u00adgres\u00adsion pro\u00adfes\u00adsion\u00adnelle et cr\u00e9ent un <strong>envi\u00adron\u00adnement de tra\u00advail tox\u00adique<\/strong> pour les femmes.<\/p>\n\n\n\n<p><strong>D\u00e9veloppe\u00adment :<\/strong><\/p>\n\n\n\n<p><strong>Iden\u00adti\u00adfi\u00ader les Formes Masqu\u00e9es de Sex\u00adisme<\/strong><\/p>\n\n\n\n<p>L\u2019ar\u00adti\u00adcle d\u00e9taillerait les cat\u00e9\u00adgories de micro-agres\u00adsions les plus courantes :<\/p>\n\n\n\n<ol class=\"wp-block-list\">\n<li><strong>L\u2019Ex\u00adclu\u00adsion ou l\u2019In\u00advis\u00adi\u00adbil\u00adi\u00adsa\u00adtion :<\/strong> \u00catre con\u00adstam\u00adment coup\u00e9e lors des r\u00e9u\u00adnions, ou voir ses id\u00e9es attribu\u00e9es \u00e0 un col\u00adl\u00e8gue mas\u00adculin.<\/li>\n\n\n\n<li><strong>La Pr\u00e9\u00adsomp\u00adtion de R\u00f4le :<\/strong> Se voir assign\u00ader automa\u00adtique\u00adment les t\u00e2ch\u00ades de prise de notes ou l\u2019or\u00adgan\u00adi\u00adsa\u00adtion sociale de l\u2019\u00e9quipe.<\/li>\n\n\n\n<li><strong>L\u2019Infantilisation\/La Com\u00adpli\u00admen\u00adta\u00adtion Sex\u00adiste :<\/strong> \u00catre f\u00e9lic\u00adit\u00e9e pour son apparence plut\u00f4t que pour son exper\u00adtise, ou \u00eatre appel\u00e9e \u201cma belle\u201d par un sup\u00e9rieur.<\/li>\n<\/ol>\n\n\n\n<p>L\u2019ar\u00adti\u00adcle insis\u00adterait sur le fait que ces remar\u00adques sont par\u00adti\u00adc\u00aduli\u00e8re\u00adment dif\u00adfi\u00adciles \u00e0 g\u00e9r\u00ader car la vic\u00adtime est sou\u00advent con\u00adfron\u00adt\u00e9e au dilemme : r\u00e9a\u00adgir et pass\u00ader pour \u201ctrop sen\u00adsi\u00adble\u201d, ou se taire et int\u00e9ri\u00adoris\u00ader l\u2019a\u00adgres\u00adsion.<\/p>\n\n\n\n<p><strong>Strat\u00e9\u00adgies de R\u00e9ponse Pro\u00adfes\u00adsion\u00adnelle<\/strong><\/p>\n\n\n\n<p>BOBEA pro\u00adposerait des strat\u00e9\u00adgies pour r\u00e9pon\u00addre aux micro-agres\u00adsions avec assur\u00adance et pro\u00adfes\u00adsion\u00adnal\u00adisme, sans escalade \u00e9mo\u00adtion\u00adnelle :<\/p>\n\n\n\n<figure class=\"wp-block-image size-large\"><img loading=\"lazy\" decoding=\"async\" width=\"1024\" height=\"662\" src=\"https:\/\/bobea.net\/wp-content\/uploads\/2025\/10\/micro-agression-au-travail-scaled-2-1024x662.jpg\" alt class=\"wp-image-26535\" srcset=\"https:\/\/bobea.net\/wp-content\/uploads\/2025\/10\/micro-agression-au-travail-scaled-2-1024x662.jpg 1024w, https:\/\/bobea.net\/wp-content\/uploads\/2025\/10\/micro-agression-au-travail-scaled-2-300x194.jpg 300w, https:\/\/bobea.net\/wp-content\/uploads\/2025\/10\/micro-agression-au-travail-scaled-2-768x496.jpg 768w, https:\/\/bobea.net\/wp-content\/uploads\/2025\/10\/micro-agression-au-travail-scaled-2-1536x992.jpg 1536w, https:\/\/bobea.net\/wp-content\/uploads\/2025\/10\/micro-agression-au-travail-scaled-2-2048x1323.jpg 2048w\" sizes=\"(max-width: 1024px) 100vw, 1024px\"><\/figure>\n\n\n\n<ul class=\"wp-block-list\">\n<li><strong>La Ques\u00adtion de Clar\u00adi\u00adfi\u00adca\u00adtion :<\/strong> Deman\u00adder de mani\u00e8re neu\u00adtre : \u201cQue voulez-vous dire exacte\u00adment par l\u00e0 ?\u201d ou \u201cPou\u00advez-vous d\u00e9velop\u00adper ?\u201d Cela force l\u2019a\u00adgresseur \u00e0 recon\u00adna\u00eetre la nature de son pro\u00adpos.<\/li>\n\n\n\n<li><strong>Le Recadrage Factuel :<\/strong> R\u00e9pon\u00addre calme\u00adment : \u201cJe vous remer\u00adcie pour le com\u00adpli\u00adment sur ma tenue, mais j\u2019aimerais qu\u2019on revi\u00adenne \u00e0 la pr\u00e9sen\u00adta\u00adtion que j\u2019ai pass\u00e9e trois semaines \u00e0 pr\u00e9\u00adpar\u00ader.\u201d<\/li>\n\n\n\n<li><strong>Le Doc\u00adu\u00admenter :<\/strong> Not\u00ader imm\u00e9\u00addi\u00adate\u00adment l\u2019in\u00adci\u00addent (date, con\u00adtexte, phrase exacte) pour dis\u00adpos\u00ader d\u2019un his\u00adtorique en cas de r\u00e9cidive ou de n\u00e9ces\u00adsit\u00e9 d\u2019alert\u00ader les RH.<\/li>\n<\/ul>\n\n\n\n<p>L\u2019ob\u00adjec\u00adtif n\u2019est pas d\u2019en\u00adtamer une con\u00adfronta\u00adtion, mais de <strong>r\u00e9tablir les lim\u00adites pro\u00adfes\u00adsion\u00adnelles<\/strong> et de faire com\u00adpren\u00addre que le com\u00adporte\u00adment n\u2019est pas accept\u00adable. Les micro-agres\u00adsions sont le dernier ver\u00adrou invis\u00adi\u00adble du pla\u00adfond de verre, et les iden\u00adti\u00adfi\u00ader est le pre\u00admier pas pour le bris\u00ader.<\/p>\n\n\n\n<hr class=\"wp-block-separator has-alpha-channel-opacity\">\n","protected":false},"excerpt":{"rendered":"<p>Intro\u00adduc\u00adtion : Le sex\u00adisme au tra\u00advail ne se man\u00adi\u00adfeste plus unique\u00adment par des blagues lour\u00addes ou un har\u00adc\u00e8le\u00adment man\u00adi\u00adfeste, facile\u00adment iden\u00adti\u00adfi\u00adables et con\u00addamnables. Il prend sou\u00advent la forme plus insi\u00addieuse\u2026 <\/p>\n","protected":false},"author":1,"featured_media":26536,"comment_status":"open","ping_status":"closed","sticky":false,"template":"","format":"standard","meta":{"wp_typography_post_enhancements_disabled":false,"footnotes":""},"categories":[73],"tags":[],"class_list":["post-26533","post","type-post","status-publish","format-standard","has-post-thumbnail","hentry","category-on-en-parle"],"yoast_head":"<!-- This site is optimized with the Yoast SEO plugin v24.7 - https:\/\/yoast.com\/wordpress\/plugins\/seo\/ -->\n<title>\u00ab Mon Boss m&#039;a Dit... \u00bb : Micro-agressions au travail : savoir les identifier et y r\u00e9pondre avec professionnalisme - Bobea<\/title>\n<meta name=\"description\" content=\"L&#039;objectif n&#039;est pas d&#039;entamer une confrontation, mais de r\u00e9tablir les limites professionnelles et de faire comprendre que le comportement\" \/>\n<meta name=\"robots\" content=\"index, follow, max-snippet:-1, max-image-preview:large, max-video-preview:-1\" \/>\n<link rel=\"canonical\" href=\"https:\/\/bobea.net\/index.php\/2025\/10\/29\/mon-boss-ma-dit-micro-agressions-au-travail-savoir-les-identifier-et-y-repondre-avec-professionnalisme\/\" \/>\n<meta property=\"og:locale\" content=\"fr_FR\" \/>\n<meta property=\"og:type\" content=\"article\" \/>\n<meta property=\"og:title\" content=\"\u00ab Mon Boss m&#039;a Dit... \u00bb : Micro-agressions au travail : savoir les identifier et y r\u00e9pondre avec professionnalisme - Bobea\" \/>\n<meta property=\"og:description\" content=\"L&#039;objectif n&#039;est pas d&#039;entamer une confrontation, mais de r\u00e9tablir les limites professionnelles et de faire comprendre que le comportement\" \/>\n<meta property=\"og:url\" content=\"https:\/\/bobea.net\/index.php\/2025\/10\/29\/mon-boss-ma-dit-micro-agressions-au-travail-savoir-les-identifier-et-y-repondre-avec-professionnalisme\/\" \/>\n<meta property=\"og:site_name\" content=\"Bobea\" \/>\n<meta property=\"article:publisher\" content=\"https:\/\/web.facebook.com\/profile.php?id=61559252188416\" \/>\n<meta property=\"article:published_time\" content=\"2025-10-29T08:56:02+00:00\" \/>\n<meta property=\"article:modified_time\" content=\"2025-10-29T08:56:03+00:00\" \/>\n<meta property=\"og:image\" content=\"https:\/\/bobea.net\/wp-content\/uploads\/2025\/10\/micro-agressions-travail.jpg\" \/>\n\t<meta property=\"og:image:width\" content=\"600\" \/>\n\t<meta property=\"og:image:height\" content=\"400\" \/>\n\t<meta property=\"og:image:type\" content=\"image\/jpeg\" \/>\n<meta name=\"author\" content=\"bobea.info\" \/>\n<meta name=\"twitter:card\" content=\"summary_large_image\" \/>\n<meta name=\"twitter:label1\" content=\"\u00c9crit par\" \/>\n\t<meta name=\"twitter:data1\" content=\"bobea.info\" \/>\n\t<meta name=\"twitter:label2\" content=\"Dur\u00e9e de lecture estim\u00e9e\" \/>\n\t<meta name=\"twitter:data2\" content=\"2 minutes\" \/>\n<script type=\"application\/ld+json\" class=\"yoast-schema-graph\">{\"@context\":\"https:\/\/schema.org\",\"@graph\":[{\"@type\":\"Article\",\"@id\":\"https:\/\/bobea.net\/index.php\/2025\/10\/29\/mon-boss-ma-dit-micro-agressions-au-travail-savoir-les-identifier-et-y-repondre-avec-professionnalisme\/#article\",\"isPartOf\":{\"@id\":\"https:\/\/bobea.net\/index.php\/2025\/10\/29\/mon-boss-ma-dit-micro-agressions-au-travail-savoir-les-identifier-et-y-repondre-avec-professionnalisme\/\"},\"author\":{\"name\":\"bobea.info\",\"@id\":\"https:\/\/bobea.net\/#\/schema\/person\/e7f45ef187918d7c956bf619dce90ccf\"},\"headline\":\"\u00ab Mon Boss m\u2019a Dit\u2026 \u00bb : Micro-agressions au travail : savoir les identifier et y r\u00e9pondre avec professionnalisme\",\"datePublished\":\"2025-10-29T08:56:02+00:00\",\"dateModified\":\"2025-10-29T08:56:03+00:00\",\"mainEntityOfPage\":{\"@id\":\"https:\/\/bobea.net\/index.php\/2025\/10\/29\/mon-boss-ma-dit-micro-agressions-au-travail-savoir-les-identifier-et-y-repondre-avec-professionnalisme\/\"},\"wordCount\":423,\"commentCount\":0,\"publisher\":{\"@id\":\"https:\/\/bobea.net\/#organization\"},\"image\":{\"@id\":\"https:\/\/bobea.net\/index.php\/2025\/10\/29\/mon-boss-ma-dit-micro-agressions-au-travail-savoir-les-identifier-et-y-repondre-avec-professionnalisme\/#primaryimage\"},\"thumbnailUrl\":\"https:\/\/bobea.net\/wp-content\/uploads\/2025\/10\/micro-agressions-travail.jpg\",\"articleSection\":[\"On en Parle\"],\"inLanguage\":\"fr-FR\",\"potentialAction\":[{\"@type\":\"CommentAction\",\"name\":\"Comment\",\"target\":[\"https:\/\/bobea.net\/index.php\/2025\/10\/29\/mon-boss-ma-dit-micro-agressions-au-travail-savoir-les-identifier-et-y-repondre-avec-professionnalisme\/#respond\"]}]},{\"@type\":\"WebPage\",\"@id\":\"https:\/\/bobea.net\/index.php\/2025\/10\/29\/mon-boss-ma-dit-micro-agressions-au-travail-savoir-les-identifier-et-y-repondre-avec-professionnalisme\/\",\"url\":\"https:\/\/bobea.net\/index.php\/2025\/10\/29\/mon-boss-ma-dit-micro-agressions-au-travail-savoir-les-identifier-et-y-repondre-avec-professionnalisme\/\",\"name\":\"\u00ab Mon Boss m'a Dit... \u00bb : Micro-agressions au travail : savoir les identifier et y r\u00e9pondre avec professionnalisme - Bobea\",\"isPartOf\":{\"@id\":\"https:\/\/bobea.net\/#website\"},\"primaryImageOfPage\":{\"@id\":\"https:\/\/bobea.net\/index.php\/2025\/10\/29\/mon-boss-ma-dit-micro-agressions-au-travail-savoir-les-identifier-et-y-repondre-avec-professionnalisme\/#primaryimage\"},\"image\":{\"@id\":\"https:\/\/bobea.net\/index.php\/2025\/10\/29\/mon-boss-ma-dit-micro-agressions-au-travail-savoir-les-identifier-et-y-repondre-avec-professionnalisme\/#primaryimage\"},\"thumbnailUrl\":\"https:\/\/bobea.net\/wp-content\/uploads\/2025\/10\/micro-agressions-travail.jpg\",\"datePublished\":\"2025-10-29T08:56:02+00:00\",\"dateModified\":\"2025-10-29T08:56:03+00:00\",\"description\":\"L'objectif n'est pas d'entamer une confrontation, mais de r\u00e9tablir les limites professionnelles et de faire comprendre que le comportement\",\"breadcrumb\":{\"@id\":\"https:\/\/bobea.net\/index.php\/2025\/10\/29\/mon-boss-ma-dit-micro-agressions-au-travail-savoir-les-identifier-et-y-repondre-avec-professionnalisme\/#breadcrumb\"},\"inLanguage\":\"fr-FR\",\"potentialAction\":[{\"@type\":\"ReadAction\",\"target\":[\"https:\/\/bobea.net\/index.php\/2025\/10\/29\/mon-boss-ma-dit-micro-agressions-au-travail-savoir-les-identifier-et-y-repondre-avec-professionnalisme\/\"]}]},{\"@type\":\"ImageObject\",\"inLanguage\":\"fr-FR\",\"@id\":\"https:\/\/bobea.net\/index.php\/2025\/10\/29\/mon-boss-ma-dit-micro-agressions-au-travail-savoir-les-identifier-et-y-repondre-avec-professionnalisme\/#primaryimage\",\"url\":\"https:\/\/bobea.net\/wp-content\/uploads\/2025\/10\/micro-agressions-travail.jpg\",\"contentUrl\":\"https:\/\/bobea.net\/wp-content\/uploads\/2025\/10\/micro-agressions-travail.jpg\",\"width\":600,\"height\":400},{\"@type\":\"BreadcrumbList\",\"@id\":\"https:\/\/bobea.net\/index.php\/2025\/10\/29\/mon-boss-ma-dit-micro-agressions-au-travail-savoir-les-identifier-et-y-repondre-avec-professionnalisme\/#breadcrumb\",\"itemListElement\":[{\"@type\":\"ListItem\",\"position\":1,\"name\":\"Accueil\",\"item\":\"https:\/\/bobea.net\/\"},{\"@type\":\"ListItem\",\"position\":2,\"name\":\"\u00ab Mon Boss m&rsquo;a Dit&#8230; \u00bb : Micro-agressions au travail : savoir les identifier et y r\u00e9pondre avec professionnalisme\"}]},{\"@type\":\"WebSite\",\"@id\":\"https:\/\/bobea.net\/#website\",\"url\":\"https:\/\/bobea.net\/\",\"name\":\"Bobea\",\"description\":\"Le magazine de la nouvelle \u00c8ve\",\"publisher\":{\"@id\":\"https:\/\/bobea.net\/#organization\"},\"potentialAction\":[{\"@type\":\"SearchAction\",\"target\":{\"@type\":\"EntryPoint\",\"urlTemplate\":\"https:\/\/bobea.net\/?s={search_term_string}\"},\"query-input\":{\"@type\":\"PropertyValueSpecification\",\"valueRequired\":true,\"valueName\":\"search_term_string\"}}],\"inLanguage\":\"fr-FR\"},{\"@type\":\"Organization\",\"@id\":\"https:\/\/bobea.net\/#organization\",\"name\":\"Bobea\",\"url\":\"https:\/\/bobea.net\/\",\"logo\":{\"@type\":\"ImageObject\",\"inLanguage\":\"fr-FR\",\"@id\":\"https:\/\/bobea.net\/#\/schema\/logo\/image\/\",\"url\":\"https:\/\/bobea.net\/wp-content\/uploads\/2024\/06\/bobea.jpg\",\"contentUrl\":\"https:\/\/bobea.net\/wp-content\/uploads\/2024\/06\/bobea.jpg\",\"width\":1080,\"height\":1080,\"caption\":\"Bobea\"},\"image\":{\"@id\":\"https:\/\/bobea.net\/#\/schema\/logo\/image\/\"},\"sameAs\":[\"https:\/\/web.facebook.com\/profile.php?id=61559252188416\"]},{\"@type\":\"Person\",\"@id\":\"https:\/\/bobea.net\/#\/schema\/person\/e7f45ef187918d7c956bf619dce90ccf\",\"name\":\"bobea.info\",\"image\":{\"@type\":\"ImageObject\",\"inLanguage\":\"fr-FR\",\"@id\":\"https:\/\/bobea.net\/#\/schema\/person\/image\/\",\"url\":\"https:\/\/secure.gravatar.com\/avatar\/36147980349df887ae30808df3e29474?s=96&d=mm&r=g\",\"contentUrl\":\"https:\/\/secure.gravatar.com\/avatar\/36147980349df887ae30808df3e29474?s=96&d=mm&r=g\",\"caption\":\"bobea.info\"},\"sameAs\":[\"https:\/\/bobea.net\"],\"url\":\"https:\/\/bobea.net\/index.php\/author\/bobea-info\/\"}]}<\/script>\n<!-- \/ Yoast SEO plugin. -->","yoast_head_json":{"title":"\u00ab Mon Boss m'a Dit... \u00bb : Micro-agressions au travail : savoir les identifier et y r\u00e9pondre avec professionnalisme - Bobea","description":"L'objectif n'est pas d'entamer une confrontation, mais de r\u00e9tablir les limites professionnelles et de faire comprendre que le comportement","robots":{"index":"index","follow":"follow","max-snippet":"max-snippet:-1","max-image-preview":"max-image-preview:large","max-video-preview":"max-video-preview:-1"},"canonical":"https:\/\/bobea.net\/index.php\/2025\/10\/29\/mon-boss-ma-dit-micro-agressions-au-travail-savoir-les-identifier-et-y-repondre-avec-professionnalisme\/","og_locale":"fr_FR","og_type":"article","og_title":"\u00ab Mon Boss m'a Dit... \u00bb : Micro-agressions au travail : savoir les identifier et y r\u00e9pondre avec professionnalisme - Bobea","og_description":"L'objectif n'est pas d'entamer une confrontation, mais de r\u00e9tablir les limites professionnelles et de faire comprendre que le comportement","og_url":"https:\/\/bobea.net\/index.php\/2025\/10\/29\/mon-boss-ma-dit-micro-agressions-au-travail-savoir-les-identifier-et-y-repondre-avec-professionnalisme\/","og_site_name":"Bobea","article_publisher":"https:\/\/web.facebook.com\/profile.php?id=61559252188416","article_published_time":"2025-10-29T08:56:02+00:00","article_modified_time":"2025-10-29T08:56:03+00:00","og_image":[{"width":600,"height":400,"url":"https:\/\/bobea.net\/wp-content\/uploads\/2025\/10\/micro-agressions-travail.jpg","type":"image\/jpeg"}],"author":"bobea.info","twitter_card":"summary_large_image","twitter_misc":{"\u00c9crit par":"bobea.info","Dur\u00e9e de lecture estim\u00e9e":"2 minutes"},"schema":{"@context":"https:\/\/schema.org","@graph":[{"@type":"Article","@id":"https:\/\/bobea.net\/index.php\/2025\/10\/29\/mon-boss-ma-dit-micro-agressions-au-travail-savoir-les-identifier-et-y-repondre-avec-professionnalisme\/#article","isPartOf":{"@id":"https:\/\/bobea.net\/index.php\/2025\/10\/29\/mon-boss-ma-dit-micro-agressions-au-travail-savoir-les-identifier-et-y-repondre-avec-professionnalisme\/"},"author":{"name":"bobea.info","@id":"https:\/\/bobea.net\/#\/schema\/person\/e7f45ef187918d7c956bf619dce90ccf"},"headline":"\u00ab Mon Boss m\u2019a Dit\u2026 \u00bb : Micro-agressions au travail : savoir les identifier et y r\u00e9pondre avec professionnalisme","datePublished":"2025-10-29T08:56:02+00:00","dateModified":"2025-10-29T08:56:03+00:00","mainEntityOfPage":{"@id":"https:\/\/bobea.net\/index.php\/2025\/10\/29\/mon-boss-ma-dit-micro-agressions-au-travail-savoir-les-identifier-et-y-repondre-avec-professionnalisme\/"},"wordCount":423,"commentCount":0,"publisher":{"@id":"https:\/\/bobea.net\/#organization"},"image":{"@id":"https:\/\/bobea.net\/index.php\/2025\/10\/29\/mon-boss-ma-dit-micro-agressions-au-travail-savoir-les-identifier-et-y-repondre-avec-professionnalisme\/#primaryimage"},"thumbnailUrl":"https:\/\/bobea.net\/wp-content\/uploads\/2025\/10\/micro-agressions-travail.jpg","articleSection":["On en Parle"],"inLanguage":"fr-FR","potentialAction":[{"@type":"CommentAction","name":"Comment","target":["https:\/\/bobea.net\/index.php\/2025\/10\/29\/mon-boss-ma-dit-micro-agressions-au-travail-savoir-les-identifier-et-y-repondre-avec-professionnalisme\/#respond"]}]},{"@type":"WebPage","@id":"https:\/\/bobea.net\/index.php\/2025\/10\/29\/mon-boss-ma-dit-micro-agressions-au-travail-savoir-les-identifier-et-y-repondre-avec-professionnalisme\/","url":"https:\/\/bobea.net\/index.php\/2025\/10\/29\/mon-boss-ma-dit-micro-agressions-au-travail-savoir-les-identifier-et-y-repondre-avec-professionnalisme\/","name":"\u00ab Mon Boss m'a Dit... \u00bb : Micro-agressions au travail : savoir les identifier et y r\u00e9pondre avec professionnalisme - Bobea","isPartOf":{"@id":"https:\/\/bobea.net\/#website"},"primaryImageOfPage":{"@id":"https:\/\/bobea.net\/index.php\/2025\/10\/29\/mon-boss-ma-dit-micro-agressions-au-travail-savoir-les-identifier-et-y-repondre-avec-professionnalisme\/#primaryimage"},"image":{"@id":"https:\/\/bobea.net\/index.php\/2025\/10\/29\/mon-boss-ma-dit-micro-agressions-au-travail-savoir-les-identifier-et-y-repondre-avec-professionnalisme\/#primaryimage"},"thumbnailUrl":"https:\/\/bobea.net\/wp-content\/uploads\/2025\/10\/micro-agressions-travail.jpg","datePublished":"2025-10-29T08:56:02+00:00","dateModified":"2025-10-29T08:56:03+00:00","description":"L'objectif n'est pas d'entamer une confrontation, mais de r\u00e9tablir les limites professionnelles et de faire comprendre que le comportement","breadcrumb":{"@id":"https:\/\/bobea.net\/index.php\/2025\/10\/29\/mon-boss-ma-dit-micro-agressions-au-travail-savoir-les-identifier-et-y-repondre-avec-professionnalisme\/#breadcrumb"},"inLanguage":"fr-FR","potentialAction":[{"@type":"ReadAction","target":["https:\/\/bobea.net\/index.php\/2025\/10\/29\/mon-boss-ma-dit-micro-agressions-au-travail-savoir-les-identifier-et-y-repondre-avec-professionnalisme\/"]}]},{"@type":"ImageObject","inLanguage":"fr-FR","@id":"https:\/\/bobea.net\/index.php\/2025\/10\/29\/mon-boss-ma-dit-micro-agressions-au-travail-savoir-les-identifier-et-y-repondre-avec-professionnalisme\/#primaryimage","url":"https:\/\/bobea.net\/wp-content\/uploads\/2025\/10\/micro-agressions-travail.jpg","contentUrl":"https:\/\/bobea.net\/wp-content\/uploads\/2025\/10\/micro-agressions-travail.jpg","width":600,"height":400},{"@type":"BreadcrumbList","@id":"https:\/\/bobea.net\/index.php\/2025\/10\/29\/mon-boss-ma-dit-micro-agressions-au-travail-savoir-les-identifier-et-y-repondre-avec-professionnalisme\/#breadcrumb","itemListElement":[{"@type":"ListItem","position":1,"name":"Accueil","item":"https:\/\/bobea.net\/"},{"@type":"ListItem","position":2,"name":"\u00ab Mon Boss m&rsquo;a Dit&#8230; \u00bb : Micro-agressions au travail : savoir les identifier et y r\u00e9pondre avec professionnalisme"}]},{"@type":"WebSite","@id":"https:\/\/bobea.net\/#website","url":"https:\/\/bobea.net\/","name":"Bobea","description":"Le magazine de la nouvelle \u00c8ve","publisher":{"@id":"https:\/\/bobea.net\/#organization"},"potentialAction":[{"@type":"SearchAction","target":{"@type":"EntryPoint","urlTemplate":"https:\/\/bobea.net\/?s={search_term_string}"},"query-input":{"@type":"PropertyValueSpecification","valueRequired":true,"valueName":"search_term_string"}}],"inLanguage":"fr-FR"},{"@type":"Organization","@id":"https:\/\/bobea.net\/#organization","name":"Bobea","url":"https:\/\/bobea.net\/","logo":{"@type":"ImageObject","inLanguage":"fr-FR","@id":"https:\/\/bobea.net\/#\/schema\/logo\/image\/","url":"https:\/\/bobea.net\/wp-content\/uploads\/2024\/06\/bobea.jpg","contentUrl":"https:\/\/bobea.net\/wp-content\/uploads\/2024\/06\/bobea.jpg","width":1080,"height":1080,"caption":"Bobea"},"image":{"@id":"https:\/\/bobea.net\/#\/schema\/logo\/image\/"},"sameAs":["https:\/\/web.facebook.com\/profile.php?id=61559252188416"]},{"@type":"Person","@id":"https:\/\/bobea.net\/#\/schema\/person\/e7f45ef187918d7c956bf619dce90ccf","name":"bobea.info","image":{"@type":"ImageObject","inLanguage":"fr-FR","@id":"https:\/\/bobea.net\/#\/schema\/person\/image\/","url":"https:\/\/secure.gravatar.com\/avatar\/36147980349df887ae30808df3e29474?s=96&d=mm&r=g","contentUrl":"https:\/\/secure.gravatar.com\/avatar\/36147980349df887ae30808df3e29474?s=96&d=mm&r=g","caption":"bobea.info"},"sameAs":["https:\/\/bobea.net"],"url":"https:\/\/bobea.net\/index.php\/author\/bobea-info\/"}]}},"_links":{"self":[{"href":"https:\/\/bobea.net\/index.php\/wp-json\/wp\/v2\/posts\/26533"}],"collection":[{"href":"https:\/\/bobea.net\/index.php\/wp-json\/wp\/v2\/posts"}],"about":[{"href":"https:\/\/bobea.net\/index.php\/wp-json\/wp\/v2\/types\/post"}],"author":[{"embeddable":true,"href":"https:\/\/bobea.net\/index.php\/wp-json\/wp\/v2\/users\/1"}],"replies":[{"embeddable":true,"href":"https:\/\/bobea.net\/index.php\/wp-json\/wp\/v2\/comments?post=26533"}],"version-history":[{"count":1,"href":"https:\/\/bobea.net\/index.php\/wp-json\/wp\/v2\/posts\/26533\/revisions"}],"predecessor-version":[{"id":26537,"href":"https:\/\/bobea.net\/index.php\/wp-json\/wp\/v2\/posts\/26533\/revisions\/26537"}],"wp:featuredmedia":[{"embeddable":true,"href":"https:\/\/bobea.net\/index.php\/wp-json\/wp\/v2\/media\/26536"}],"wp:attachment":[{"href":"https:\/\/bobea.net\/index.php\/wp-json\/wp\/v2\/media?parent=26533"}],"wp:term":[{"taxonomy":"category","embeddable":true,"href":"https:\/\/bobea.net\/index.php\/wp-json\/wp\/v2\/categories?post=26533"},{"taxonomy":"post_tag","embeddable":true,"href":"https:\/\/bobea.net\/index.php\/wp-json\/wp\/v2\/tags?post=26533"}],"curies":[{"name":"wp","href":"https:\/\/api.w.org\/{rel}","templated":true}]}}