{"id":26344,"date":"2025-10-26T14:28:11","date_gmt":"2025-10-26T14:28:11","guid":{"rendered":"https:\/\/bobea.net\/?p=26344"},"modified":"2025-10-26T21:11:39","modified_gmt":"2025-10-26T21:11:39","slug":"les-30-ans-du-salon-du-chocolat-de-paris-un-defile-historique-en-robes-cacaotees","status":"publish","type":"post","link":"https:\/\/bobea.net\/index.php\/2025\/10\/26\/les-30-ans-du-salon-du-chocolat-de-paris-un-defile-historique-en-robes-cacaotees\/","title":{"rendered":"Les 30 Ans du Salon du Chocolat de Paris : Un D\u00e9fil\u00e9 Historique en Robes Cacaot\u00e9es"},"content":{"rendered":"\n<p><strong>Titre SEO : Salon du Choco\u00adlat de Paris 30 Ans : Pro\u00adgramme, D\u00e9fil\u00e9 de Robes et Ten\u00addances Cacao 2025<\/strong><\/p>\n\n\n\n<p>Ce week-end, le <strong>Salon du Choco\u00adlat de Paris<\/strong> c\u00e9l\u00e8bre une \u00e9di\u00adtion par\u00adti\u00adc\u00aduli\u00e8re\u00adment sym\u00adbol\u00adique : son <strong>30e anniver\u00adsaire<\/strong>. \u00c9v\u00e9ne\u00adment phare de l\u2019au\u00adtomne gour\u00admand, le salon s\u2019est impos\u00e9 comme la grand-messe mon\u00addi\u00adale du cacao, r\u00e9u\u00adnis\u00adsant les plus grands chefs p\u00e2tissiers, choco\u00adlatiers, et les pro\u00adduc\u00adteurs de f\u00e8ves du monde entier. Pour mar\u00adquer trois d\u00e9cen\u00adnies de pas\u00adsion, l\u2019ac\u00adcent est mis sur l\u2019his\u00adtoire, l\u2019in\u00adno\u00adva\u00adtion, et, bien s\u00fbr, le spec\u00adtac\u00adu\u00adlaire <strong>D\u00e9fil\u00e9 des Robes en Choco\u00adlat<\/strong>.<\/p>\n\n\n\n<p>Ce d\u00e9fil\u00e9 est tra\u00addi\u00adtion\u00adnelle\u00adment le point cul\u00admi\u00adnant de l\u2019\u00e9v\u00e9ne\u00adment, fusion\u00adnant l\u2019art de la haute cou\u00adture et la ma\u00eetrise de la choco\u00adla\u00adterie. Cette ann\u00e9e, les cr\u00e9a\u00adteurs ont rival\u00adis\u00e9 d\u2019ing\u00e9niosit\u00e9 pour ren\u00addre hom\u00admage \u00e0 l\u2019his\u00adtoire du salon, pr\u00e9sen\u00adtant des pi\u00e8ces qui sont de v\u00e9ri\u00adta\u00adbles \u0153uvres d\u2019art \u00e9ph\u00e9m\u00e8res. Les robes, enti\u00e8re\u00adment con\u00e7ues \u00e0 par\u00adtir de choco\u00adlat \u2014 noir, au lait, blanc, tex\u00adtur\u00e9, sculp\u00adt\u00e9 \u2014 illus\u00adtrent la plas\u00adtic\u00adit\u00e9 incroy\u00adable de la mati\u00e8re. C\u2019est une per\u00adfor\u00admance qui exige des arti\u00adsans une pr\u00e9\u00adci\u00adsion et une rapid\u00adit\u00e9 extr\u00eames pour con\u00adtre\u00adcar\u00adrer la chaleur des pro\u00adjecteurs. Le d\u00e9fil\u00e9 n\u2019est pas seule\u00adment un diver\u00adtisse\u00adment ; il est la preuve que le choco\u00adlat est un m\u00e9di\u00adum \u00e0 part enti\u00e8re, capa\u00adble de traduire l\u2019\u00e9l\u00e9\u00adgance et la fan\u00adtaisie.<\/p>\n\n\n\n<p>Au-del\u00e0 de l\u2019ex\u00adtrav\u00ada\u00adgance du d\u00e9fil\u00e9, cette 30e \u00e9di\u00adtion met en lumi\u00e8re la <strong>ques\u00adtion cru\u00adciale de la dura\u00adbil\u00adit\u00e9 et de l\u2019\u00e9thique du cacao<\/strong>. De nom\u00adbreux stands sont d\u00e9di\u00e9s aux cacaocul\u00adteurs, per\u00adme\u00adt\u00adtant un con\u00adtact direct entre les arti\u00adsans et les con\u00adsom\u00adma\u00adteurs. Le pub\u00adlic d\u00e9cou\u00advre les nou\u00advelles ten\u00addances du \u201cBean-to-Bar\u201d (de la f\u00e8ve \u00e0 la tablette), une approche qui priv\u00adil\u00e9gie la tra\u00e7a\u00adbil\u00adit\u00e9, la juste r\u00e9mun\u00e9ra\u00adtion des planteurs et l\u2019ex\u00adcel\u00adlence aro\u00adma\u00adtique. Les ma\u00eetres choco\u00adlatiers soulig\u00adnent l\u2019im\u00adpor\u00adtance de pr\u00e9serv\u00ader la diver\u00adsit\u00e9 des cacaos fins, insis\u00adtant sur des var\u00adi\u00e9t\u00e9s rares aux notes flo\u00adrales, fruit\u00e9es ou \u00e9pic\u00e9es.<\/p>\n\n\n\n<figure class=\"wp-block-image size-large\"><img loading=\"lazy\" decoding=\"async\" width=\"1024\" height=\"682\" src=\"https:\/\/bobea.net\/wp-content\/uploads\/2025\/10\/975477-salon-du-chocolat-de-paris-2023-les-photos-a7c5223-1024x682.jpg\" alt class=\"wp-image-26346\" srcset=\"https:\/\/bobea.net\/wp-content\/uploads\/2025\/10\/975477-salon-du-chocolat-de-paris-2023-les-photos-a7c5223-1024x682.jpg 1024w, https:\/\/bobea.net\/wp-content\/uploads\/2025\/10\/975477-salon-du-chocolat-de-paris-2023-les-photos-a7c5223-300x200.jpg 300w, https:\/\/bobea.net\/wp-content\/uploads\/2025\/10\/975477-salon-du-chocolat-de-paris-2023-les-photos-a7c5223-768x512.jpg 768w, https:\/\/bobea.net\/wp-content\/uploads\/2025\/10\/975477-salon-du-chocolat-de-paris-2023-les-photos-a7c5223-1536x1023.jpg 1536w, https:\/\/bobea.net\/wp-content\/uploads\/2025\/10\/975477-salon-du-chocolat-de-paris-2023-les-photos-a7c5223.jpg 1800w\" sizes=\"(max-width: 1024px) 100vw, 1024px\"><\/figure>\n\n\n\n<p>Le pro\u00adgramme du week-end est une suc\u00adces\u00adsion de d\u00e9mon\u00adstra\u00adtions en direct. Les cham\u00adpi\u00adons du monde de p\u00e2tis\u00adserie et les Meilleurs Ouvri\u00aders de France trans\u00admet\u00adtent leur savoir-faire, d\u00e9voilant les secrets de leurs ganach\u00ades et de leurs sculp\u00adtures. Les d\u00e9gus\u00adta\u00adtions pro\u00adpos\u00e9es par les exposants sont une v\u00e9ri\u00adta\u00adble explo\u00adration sen\u00adsorielle, allant des choco\u00adlats puis\u00adsants du Venezuela aux cacaos doux de Mada\u00adgas\u00adcar.<\/p>\n\n\n\n<p>Le Salon du Choco\u00adlat, pour ses 30 ans, est un man\u00adi\u00adfeste pour la qual\u00adit\u00e9 et le plaisir respon\u00ads\u00adable. Il rap\u00adpelle que la d\u00e9gus\u00adta\u00adtion du choco\u00adlat est un acte de gour\u00adman\u00addise sophis\u00adtiqu\u00e9e, qui m\u00e9rite le respect du pro\u00adduit, du savoir-faire et des hommes qui le cul\u00adtivent. <strong>Ce week-end, Paris est plus que jamais la cap\u00adi\u00adtale mon\u00addi\u00adale du choco\u00adlat, c\u00e9l\u00e9brant trois d\u00e9cen\u00adnies de pas\u00adsion gour\u00admande et d\u2019en\u00adgage\u00adment pour un avenir plus juste du cacao.<\/strong><\/p>\n","protected":false},"excerpt":{"rendered":"<p>Titre SEO : Salon du Choco\u00adlat de Paris 30 Ans : Pro\u00adgramme, D\u00e9fil\u00e9 de Robes et Ten\u00addances Cacao 2025 Ce week-end, le Salon du Choco\u00adlat de Paris c\u00e9l\u00e8bre une \u00e9di\u00adtion\u2026 <\/p>\n","protected":false},"author":1,"featured_media":26345,"comment_status":"open","ping_status":"closed","sticky":false,"template":"","format":"standard","meta":{"wp_typography_post_enhancements_disabled":false,"footnotes":""},"categories":[73],"tags":[19421,19423,19425,19422,19424,19420],"class_list":["post-26344","post","type-post","status-publish","format-standard","has-post-thumbnail","hentry","category-on-en-parle","tag-30-ans","tag-cacao-durable","tag-chefs-patissiers","tag-defile-robes-chocolat","tag-patisserie","tag-salon-du-chocolat-paris"],"yoast_head":"<!-- This site is optimized with the Yoast SEO plugin v24.7 - https:\/\/yoast.com\/wordpress\/plugins\/seo\/ -->\n<title>Les 30 Ans du Salon du Chocolat de Paris : Un D\u00e9fil\u00e9 Historique en Robes Cacaot\u00e9es - Bobea<\/title>\n<meta name=\"robots\" content=\"index, follow, max-snippet:-1, max-image-preview:large, max-video-preview:-1\" \/>\n<link rel=\"canonical\" href=\"https:\/\/bobea.net\/index.php\/2025\/10\/26\/les-30-ans-du-salon-du-chocolat-de-paris-un-defile-historique-en-robes-cacaotees\/\" \/>\n<meta property=\"og:locale\" content=\"fr_FR\" \/>\n<meta property=\"og:type\" content=\"article\" \/>\n<meta property=\"og:title\" content=\"Les 30 Ans du Salon du Chocolat de Paris : Un D\u00e9fil\u00e9 Historique en Robes Cacaot\u00e9es - Bobea\" \/>\n<meta property=\"og:description\" content=\"Titre SEO : Salon du Choco\u00adlat de Paris 30 Ans : Pro\u00adgramme, D\u00e9fil\u00e9 de Robes et Ten\u00addances Cacao 2025 Ce week-end, le Salon du Choco\u00adlat de Paris c\u00e9l\u00e8bre une \u00e9di\u00adtion&hellip;\" \/>\n<meta property=\"og:url\" content=\"https:\/\/bobea.net\/index.php\/2025\/10\/26\/les-30-ans-du-salon-du-chocolat-de-paris-un-defile-historique-en-robes-cacaotees\/\" \/>\n<meta property=\"og:site_name\" content=\"Bobea\" \/>\n<meta property=\"article:publisher\" content=\"https:\/\/web.facebook.com\/profile.php?id=61559252188416\" \/>\n<meta property=\"article:published_time\" content=\"2025-10-26T14:28:11+00:00\" \/>\n<meta property=\"article:modified_time\" content=\"2025-10-26T21:11:39+00:00\" \/>\n<meta property=\"og:image\" content=\"https:\/\/bobea.net\/wp-content\/uploads\/2025\/10\/Capture-decran-2019-10-11-a-11.31.36.png\" \/>\n\t<meta property=\"og:image:width\" content=\"1078\" \/>\n\t<meta property=\"og:image:height\" content=\"592\" \/>\n\t<meta property=\"og:image:type\" content=\"image\/png\" \/>\n<meta name=\"author\" content=\"bobea.info\" \/>\n<meta name=\"twitter:card\" content=\"summary_large_image\" \/>\n<meta name=\"twitter:label1\" content=\"\u00c9crit par\" \/>\n\t<meta name=\"twitter:data1\" content=\"bobea.info\" \/>\n\t<meta name=\"twitter:label2\" content=\"Dur\u00e9e de lecture estim\u00e9e\" \/>\n\t<meta name=\"twitter:data2\" content=\"2 minutes\" \/>\n<script type=\"application\/ld+json\" class=\"yoast-schema-graph\">{\"@context\":\"https:\/\/schema.org\",\"@graph\":[{\"@type\":\"Article\",\"@id\":\"https:\/\/bobea.net\/index.php\/2025\/10\/26\/les-30-ans-du-salon-du-chocolat-de-paris-un-defile-historique-en-robes-cacaotees\/#article\",\"isPartOf\":{\"@id\":\"https:\/\/bobea.net\/index.php\/2025\/10\/26\/les-30-ans-du-salon-du-chocolat-de-paris-un-defile-historique-en-robes-cacaotees\/\"},\"author\":{\"name\":\"bobea.info\",\"@id\":\"https:\/\/bobea.net\/#\/schema\/person\/e7f45ef187918d7c956bf619dce90ccf\"},\"headline\":\"Les 30 Ans du Salon du Chocolat de Paris : Un D\u00e9fil\u00e9 Historique en Robes Cacaot\u00e9es\",\"datePublished\":\"2025-10-26T14:28:11+00:00\",\"dateModified\":\"2025-10-26T21:11:39+00:00\",\"mainEntityOfPage\":{\"@id\":\"https:\/\/bobea.net\/index.php\/2025\/10\/26\/les-30-ans-du-salon-du-chocolat-de-paris-un-defile-historique-en-robes-cacaotees\/\"},\"wordCount\":503,\"commentCount\":0,\"publisher\":{\"@id\":\"https:\/\/bobea.net\/#organization\"},\"image\":{\"@id\":\"https:\/\/bobea.net\/index.php\/2025\/10\/26\/les-30-ans-du-salon-du-chocolat-de-paris-un-defile-historique-en-robes-cacaotees\/#primaryimage\"},\"thumbnailUrl\":\"https:\/\/bobea.net\/wp-content\/uploads\/2025\/10\/Capture-decran-2019-10-11-a-11.31.36.png\",\"keywords\":[\"30 Ans\",\"Cacao Durable\",\"Chefs P\u00e2tissiers\",\"D\u00e9fil\u00e9 Robes Chocolat\",\"P\u00e2tisserie\",\"Salon du Chocolat Paris\"],\"articleSection\":[\"On en Parle\"],\"inLanguage\":\"fr-FR\",\"potentialAction\":[{\"@type\":\"CommentAction\",\"name\":\"Comment\",\"target\":[\"https:\/\/bobea.net\/index.php\/2025\/10\/26\/les-30-ans-du-salon-du-chocolat-de-paris-un-defile-historique-en-robes-cacaotees\/#respond\"]}]},{\"@type\":\"WebPage\",\"@id\":\"https:\/\/bobea.net\/index.php\/2025\/10\/26\/les-30-ans-du-salon-du-chocolat-de-paris-un-defile-historique-en-robes-cacaotees\/\",\"url\":\"https:\/\/bobea.net\/index.php\/2025\/10\/26\/les-30-ans-du-salon-du-chocolat-de-paris-un-defile-historique-en-robes-cacaotees\/\",\"name\":\"Les 30 Ans du Salon du Chocolat de Paris : Un D\u00e9fil\u00e9 Historique en Robes Cacaot\u00e9es - Bobea\",\"isPartOf\":{\"@id\":\"https:\/\/bobea.net\/#website\"},\"primaryImageOfPage\":{\"@id\":\"https:\/\/bobea.net\/index.php\/2025\/10\/26\/les-30-ans-du-salon-du-chocolat-de-paris-un-defile-historique-en-robes-cacaotees\/#primaryimage\"},\"image\":{\"@id\":\"https:\/\/bobea.net\/index.php\/2025\/10\/26\/les-30-ans-du-salon-du-chocolat-de-paris-un-defile-historique-en-robes-cacaotees\/#primaryimage\"},\"thumbnailUrl\":\"https:\/\/bobea.net\/wp-content\/uploads\/2025\/10\/Capture-decran-2019-10-11-a-11.31.36.png\",\"datePublished\":\"2025-10-26T14:28:11+00:00\",\"dateModified\":\"2025-10-26T21:11:39+00:00\",\"breadcrumb\":{\"@id\":\"https:\/\/bobea.net\/index.php\/2025\/10\/26\/les-30-ans-du-salon-du-chocolat-de-paris-un-defile-historique-en-robes-cacaotees\/#breadcrumb\"},\"inLanguage\":\"fr-FR\",\"potentialAction\":[{\"@type\":\"ReadAction\",\"target\":[\"https:\/\/bobea.net\/index.php\/2025\/10\/26\/les-30-ans-du-salon-du-chocolat-de-paris-un-defile-historique-en-robes-cacaotees\/\"]}]},{\"@type\":\"ImageObject\",\"inLanguage\":\"fr-FR\",\"@id\":\"https:\/\/bobea.net\/index.php\/2025\/10\/26\/les-30-ans-du-salon-du-chocolat-de-paris-un-defile-historique-en-robes-cacaotees\/#primaryimage\",\"url\":\"https:\/\/bobea.net\/wp-content\/uploads\/2025\/10\/Capture-decran-2019-10-11-a-11.31.36.png\",\"contentUrl\":\"https:\/\/bobea.net\/wp-content\/uploads\/2025\/10\/Capture-decran-2019-10-11-a-11.31.36.png\",\"width\":1078,\"height\":592},{\"@type\":\"BreadcrumbList\",\"@id\":\"https:\/\/bobea.net\/index.php\/2025\/10\/26\/les-30-ans-du-salon-du-chocolat-de-paris-un-defile-historique-en-robes-cacaotees\/#breadcrumb\",\"itemListElement\":[{\"@type\":\"ListItem\",\"position\":1,\"name\":\"Accueil\",\"item\":\"https:\/\/bobea.net\/\"},{\"@type\":\"ListItem\",\"position\":2,\"name\":\"Les 30 Ans du Salon du Chocolat de Paris : Un D\u00e9fil\u00e9 Historique en Robes Cacaot\u00e9es\"}]},{\"@type\":\"WebSite\",\"@id\":\"https:\/\/bobea.net\/#website\",\"url\":\"https:\/\/bobea.net\/\",\"name\":\"Bobea\",\"description\":\"Le magazine de la nouvelle \u00c8ve\",\"publisher\":{\"@id\":\"https:\/\/bobea.net\/#organization\"},\"potentialAction\":[{\"@type\":\"SearchAction\",\"target\":{\"@type\":\"EntryPoint\",\"urlTemplate\":\"https:\/\/bobea.net\/?s={search_term_string}\"},\"query-input\":{\"@type\":\"PropertyValueSpecification\",\"valueRequired\":true,\"valueName\":\"search_term_string\"}}],\"inLanguage\":\"fr-FR\"},{\"@type\":\"Organization\",\"@id\":\"https:\/\/bobea.net\/#organization\",\"name\":\"Bobea\",\"url\":\"https:\/\/bobea.net\/\",\"logo\":{\"@type\":\"ImageObject\",\"inLanguage\":\"fr-FR\",\"@id\":\"https:\/\/bobea.net\/#\/schema\/logo\/image\/\",\"url\":\"https:\/\/bobea.net\/wp-content\/uploads\/2024\/06\/bobea.jpg\",\"contentUrl\":\"https:\/\/bobea.net\/wp-content\/uploads\/2024\/06\/bobea.jpg\",\"width\":1080,\"height\":1080,\"caption\":\"Bobea\"},\"image\":{\"@id\":\"https:\/\/bobea.net\/#\/schema\/logo\/image\/\"},\"sameAs\":[\"https:\/\/web.facebook.com\/profile.php?id=61559252188416\"]},{\"@type\":\"Person\",\"@id\":\"https:\/\/bobea.net\/#\/schema\/person\/e7f45ef187918d7c956bf619dce90ccf\",\"name\":\"bobea.info\",\"image\":{\"@type\":\"ImageObject\",\"inLanguage\":\"fr-FR\",\"@id\":\"https:\/\/bobea.net\/#\/schema\/person\/image\/\",\"url\":\"https:\/\/secure.gravatar.com\/avatar\/36147980349df887ae30808df3e29474?s=96&d=mm&r=g\",\"contentUrl\":\"https:\/\/secure.gravatar.com\/avatar\/36147980349df887ae30808df3e29474?s=96&d=mm&r=g\",\"caption\":\"bobea.info\"},\"sameAs\":[\"https:\/\/bobea.net\"],\"url\":\"https:\/\/bobea.net\/index.php\/author\/bobea-info\/\"}]}<\/script>\n<!-- \/ Yoast SEO plugin. -->","yoast_head_json":{"title":"Les 30 Ans du Salon du Chocolat de Paris : Un D\u00e9fil\u00e9 Historique en Robes Cacaot\u00e9es - Bobea","robots":{"index":"index","follow":"follow","max-snippet":"max-snippet:-1","max-image-preview":"max-image-preview:large","max-video-preview":"max-video-preview:-1"},"canonical":"https:\/\/bobea.net\/index.php\/2025\/10\/26\/les-30-ans-du-salon-du-chocolat-de-paris-un-defile-historique-en-robes-cacaotees\/","og_locale":"fr_FR","og_type":"article","og_title":"Les 30 Ans du Salon du Chocolat de Paris : Un D\u00e9fil\u00e9 Historique en Robes Cacaot\u00e9es - Bobea","og_description":"Titre SEO : Salon du Choco\u00adlat de Paris 30 Ans : Pro\u00adgramme, D\u00e9fil\u00e9 de Robes et Ten\u00addances Cacao 2025 Ce week-end, le Salon du Choco\u00adlat de Paris c\u00e9l\u00e8bre une \u00e9di\u00adtion&hellip;","og_url":"https:\/\/bobea.net\/index.php\/2025\/10\/26\/les-30-ans-du-salon-du-chocolat-de-paris-un-defile-historique-en-robes-cacaotees\/","og_site_name":"Bobea","article_publisher":"https:\/\/web.facebook.com\/profile.php?id=61559252188416","article_published_time":"2025-10-26T14:28:11+00:00","article_modified_time":"2025-10-26T21:11:39+00:00","og_image":[{"width":1078,"height":592,"url":"https:\/\/bobea.net\/wp-content\/uploads\/2025\/10\/Capture-decran-2019-10-11-a-11.31.36.png","type":"image\/png"}],"author":"bobea.info","twitter_card":"summary_large_image","twitter_misc":{"\u00c9crit par":"bobea.info","Dur\u00e9e de lecture estim\u00e9e":"2 minutes"},"schema":{"@context":"https:\/\/schema.org","@graph":[{"@type":"Article","@id":"https:\/\/bobea.net\/index.php\/2025\/10\/26\/les-30-ans-du-salon-du-chocolat-de-paris-un-defile-historique-en-robes-cacaotees\/#article","isPartOf":{"@id":"https:\/\/bobea.net\/index.php\/2025\/10\/26\/les-30-ans-du-salon-du-chocolat-de-paris-un-defile-historique-en-robes-cacaotees\/"},"author":{"name":"bobea.info","@id":"https:\/\/bobea.net\/#\/schema\/person\/e7f45ef187918d7c956bf619dce90ccf"},"headline":"Les 30 Ans du Salon du Chocolat de Paris : Un D\u00e9fil\u00e9 Historique en Robes Cacaot\u00e9es","datePublished":"2025-10-26T14:28:11+00:00","dateModified":"2025-10-26T21:11:39+00:00","mainEntityOfPage":{"@id":"https:\/\/bobea.net\/index.php\/2025\/10\/26\/les-30-ans-du-salon-du-chocolat-de-paris-un-defile-historique-en-robes-cacaotees\/"},"wordCount":503,"commentCount":0,"publisher":{"@id":"https:\/\/bobea.net\/#organization"},"image":{"@id":"https:\/\/bobea.net\/index.php\/2025\/10\/26\/les-30-ans-du-salon-du-chocolat-de-paris-un-defile-historique-en-robes-cacaotees\/#primaryimage"},"thumbnailUrl":"https:\/\/bobea.net\/wp-content\/uploads\/2025\/10\/Capture-decran-2019-10-11-a-11.31.36.png","keywords":["30 Ans","Cacao Durable","Chefs P\u00e2tissiers","D\u00e9fil\u00e9 Robes Chocolat","P\u00e2tisserie","Salon du Chocolat Paris"],"articleSection":["On en Parle"],"inLanguage":"fr-FR","potentialAction":[{"@type":"CommentAction","name":"Comment","target":["https:\/\/bobea.net\/index.php\/2025\/10\/26\/les-30-ans-du-salon-du-chocolat-de-paris-un-defile-historique-en-robes-cacaotees\/#respond"]}]},{"@type":"WebPage","@id":"https:\/\/bobea.net\/index.php\/2025\/10\/26\/les-30-ans-du-salon-du-chocolat-de-paris-un-defile-historique-en-robes-cacaotees\/","url":"https:\/\/bobea.net\/index.php\/2025\/10\/26\/les-30-ans-du-salon-du-chocolat-de-paris-un-defile-historique-en-robes-cacaotees\/","name":"Les 30 Ans du Salon du Chocolat de Paris : Un D\u00e9fil\u00e9 Historique en Robes Cacaot\u00e9es - Bobea","isPartOf":{"@id":"https:\/\/bobea.net\/#website"},"primaryImageOfPage":{"@id":"https:\/\/bobea.net\/index.php\/2025\/10\/26\/les-30-ans-du-salon-du-chocolat-de-paris-un-defile-historique-en-robes-cacaotees\/#primaryimage"},"image":{"@id":"https:\/\/bobea.net\/index.php\/2025\/10\/26\/les-30-ans-du-salon-du-chocolat-de-paris-un-defile-historique-en-robes-cacaotees\/#primaryimage"},"thumbnailUrl":"https:\/\/bobea.net\/wp-content\/uploads\/2025\/10\/Capture-decran-2019-10-11-a-11.31.36.png","datePublished":"2025-10-26T14:28:11+00:00","dateModified":"2025-10-26T21:11:39+00:00","breadcrumb":{"@id":"https:\/\/bobea.net\/index.php\/2025\/10\/26\/les-30-ans-du-salon-du-chocolat-de-paris-un-defile-historique-en-robes-cacaotees\/#breadcrumb"},"inLanguage":"fr-FR","potentialAction":[{"@type":"ReadAction","target":["https:\/\/bobea.net\/index.php\/2025\/10\/26\/les-30-ans-du-salon-du-chocolat-de-paris-un-defile-historique-en-robes-cacaotees\/"]}]},{"@type":"ImageObject","inLanguage":"fr-FR","@id":"https:\/\/bobea.net\/index.php\/2025\/10\/26\/les-30-ans-du-salon-du-chocolat-de-paris-un-defile-historique-en-robes-cacaotees\/#primaryimage","url":"https:\/\/bobea.net\/wp-content\/uploads\/2025\/10\/Capture-decran-2019-10-11-a-11.31.36.png","contentUrl":"https:\/\/bobea.net\/wp-content\/uploads\/2025\/10\/Capture-decran-2019-10-11-a-11.31.36.png","width":1078,"height":592},{"@type":"BreadcrumbList","@id":"https:\/\/bobea.net\/index.php\/2025\/10\/26\/les-30-ans-du-salon-du-chocolat-de-paris-un-defile-historique-en-robes-cacaotees\/#breadcrumb","itemListElement":[{"@type":"ListItem","position":1,"name":"Accueil","item":"https:\/\/bobea.net\/"},{"@type":"ListItem","position":2,"name":"Les 30 Ans du Salon du Chocolat de Paris : Un D\u00e9fil\u00e9 Historique en Robes Cacaot\u00e9es"}]},{"@type":"WebSite","@id":"https:\/\/bobea.net\/#website","url":"https:\/\/bobea.net\/","name":"Bobea","description":"Le magazine de la nouvelle \u00c8ve","publisher":{"@id":"https:\/\/bobea.net\/#organization"},"potentialAction":[{"@type":"SearchAction","target":{"@type":"EntryPoint","urlTemplate":"https:\/\/bobea.net\/?s={search_term_string}"},"query-input":{"@type":"PropertyValueSpecification","valueRequired":true,"valueName":"search_term_string"}}],"inLanguage":"fr-FR"},{"@type":"Organization","@id":"https:\/\/bobea.net\/#organization","name":"Bobea","url":"https:\/\/bobea.net\/","logo":{"@type":"ImageObject","inLanguage":"fr-FR","@id":"https:\/\/bobea.net\/#\/schema\/logo\/image\/","url":"https:\/\/bobea.net\/wp-content\/uploads\/2024\/06\/bobea.jpg","contentUrl":"https:\/\/bobea.net\/wp-content\/uploads\/2024\/06\/bobea.jpg","width":1080,"height":1080,"caption":"Bobea"},"image":{"@id":"https:\/\/bobea.net\/#\/schema\/logo\/image\/"},"sameAs":["https:\/\/web.facebook.com\/profile.php?id=61559252188416"]},{"@type":"Person","@id":"https:\/\/bobea.net\/#\/schema\/person\/e7f45ef187918d7c956bf619dce90ccf","name":"bobea.info","image":{"@type":"ImageObject","inLanguage":"fr-FR","@id":"https:\/\/bobea.net\/#\/schema\/person\/image\/","url":"https:\/\/secure.gravatar.com\/avatar\/36147980349df887ae30808df3e29474?s=96&d=mm&r=g","contentUrl":"https:\/\/secure.gravatar.com\/avatar\/36147980349df887ae30808df3e29474?s=96&d=mm&r=g","caption":"bobea.info"},"sameAs":["https:\/\/bobea.net"],"url":"https:\/\/bobea.net\/index.php\/author\/bobea-info\/"}]}},"_links":{"self":[{"href":"https:\/\/bobea.net\/index.php\/wp-json\/wp\/v2\/posts\/26344"}],"collection":[{"href":"https:\/\/bobea.net\/index.php\/wp-json\/wp\/v2\/posts"}],"about":[{"href":"https:\/\/bobea.net\/index.php\/wp-json\/wp\/v2\/types\/post"}],"author":[{"embeddable":true,"href":"https:\/\/bobea.net\/index.php\/wp-json\/wp\/v2\/users\/1"}],"replies":[{"embeddable":true,"href":"https:\/\/bobea.net\/index.php\/wp-json\/wp\/v2\/comments?post=26344"}],"version-history":[{"count":1,"href":"https:\/\/bobea.net\/index.php\/wp-json\/wp\/v2\/posts\/26344\/revisions"}],"predecessor-version":[{"id":26347,"href":"https:\/\/bobea.net\/index.php\/wp-json\/wp\/v2\/posts\/26344\/revisions\/26347"}],"wp:featuredmedia":[{"embeddable":true,"href":"https:\/\/bobea.net\/index.php\/wp-json\/wp\/v2\/media\/26345"}],"wp:attachment":[{"href":"https:\/\/bobea.net\/index.php\/wp-json\/wp\/v2\/media?parent=26344"}],"wp:term":[{"taxonomy":"category","embeddable":true,"href":"https:\/\/bobea.net\/index.php\/wp-json\/wp\/v2\/categories?post=26344"},{"taxonomy":"post_tag","embeddable":true,"href":"https:\/\/bobea.net\/index.php\/wp-json\/wp\/v2\/tags?post=26344"}],"curies":[{"name":"wp","href":"https:\/\/api.w.org\/{rel}","templated":true}]}}