{"id":26332,"date":"2025-10-26T13:26:07","date_gmt":"2025-10-26T13:26:07","guid":{"rendered":"https:\/\/bobea.net\/?p=26332"},"modified":"2025-10-26T13:26:11","modified_gmt":"2025-10-26T13:26:11","slug":"la-modernite-a-nancy-lexperience-nancy-1925-labellisee-dinteret-national","status":"publish","type":"post","link":"https:\/\/bobea.net\/index.php\/2025\/10\/26\/la-modernite-a-nancy-lexperience-nancy-1925-labellisee-dinteret-national\/","title":{"rendered":"La Modernit\u00e9 \u00e0 Nancy : L\u2019Exp\u00e9rience \u201cNancy 1925\u201d Labellis\u00e9e d\u2019Int\u00e9r\u00eat National"},"content":{"rendered":"\n<p><strong>Titre SEO : \u201cNan\u00adcy 1925, L\u2019Ex\u00adp\u00e9ri\u00adence de la Vie Mod\u00aderne\u201d : Lance\u00adment Expo\u00adsi\u00adtion Art D\u00e9co d\u2019In\u00adt\u00e9r\u00eat Nation\u00adal<\/strong><\/p>\n\n\n\n<p><strong>Mots-cl\u00e9s prin\u00adci\u00adpaux :<\/strong> <em>Nan\u00adcy 1925, Expo\u00adsi\u00adtion Art D\u00e9co, Label\u00adlis\u00e9e d\u2019In\u00adt\u00e9r\u00eat Nation\u00adal, Nan\u00adcy, Mou\u00adve\u00adment Mod\u00aderne, Arts D\u00e9co\u00adrat\u00adifs, Cul\u00adture R\u00e9gionale.<\/em><\/p>\n\n\n\n<p>Au Mus\u00e9e des Beaux-Arts de Nan\u00adcy, une nou\u00advelle expo\u00adsi\u00adtion a \u00e9t\u00e9 lanc\u00e9e qui fait d\u00e9j\u00e0 par\u00adler d\u2019elle bien au-del\u00e0 des fron\u00adti\u00e8res lor\u00adraines. Inti\u00adt\u00adul\u00e9e <strong>\u201cNan\u00adcy 1925. L\u2019ex\u00adp\u00e9ri\u00adence de la vie mod\u00aderne\u201d<\/strong>, elle a re\u00e7u le pres\u00adtigieux label <strong>\u201cExpo\u00adsi\u00adtion d\u2019in\u00adt\u00e9r\u00eat nation\u00adal\u201d<\/strong>, une dis\u00adtinc\u00adtion qui souligne son car\u00adac\u00adt\u00e8re excep\u00adtion\u00adnel et son apport majeur \u00e0 la con\u00adnais\u00adsance de l\u2019his\u00adtoire de l\u2019art fran\u00e7ais. Loin d\u2019\u00eatre unique\u00adment cen\u00adtr\u00e9e sur l\u2019Art Nou\u00adveau, pour lequel Nan\u00adcy est mon\u00addi\u00adale\u00adment c\u00e9l\u00e8bre, cette expo\u00adsi\u00adtion explore la d\u00e9cen\u00adnie cru\u00adciale de l\u2019<strong>Art D\u00e9co<\/strong> (1920\u20131930) et l\u2019\u00e9mer\u00adgence du Mou\u00adve\u00adment Mod\u00aderne dans l\u2019Est de la France.<\/p>\n\n\n\n<p>L\u2019an\u00adn\u00e9e 1925 fait r\u00e9f\u00e9rence \u00e0 l\u2019Ex\u00adpo\u00adsi\u00adtion Inter\u00adna\u00adtionale des Arts D\u00e9co\u00adrat\u00adifs et Indus\u00adtriels Mod\u00adernes de Paris, un \u00e9v\u00e9ne\u00adment qui a don\u00adn\u00e9 son nom au style Art D\u00e9co. L\u2019ex\u00adpo\u00adsi\u00adtion nanc\u00e9i\u00adenne mon\u00adtre com\u00adment les archi\u00adtectes, les design\u00aders et les arti\u00adsans de la r\u00e9gion ont absorb\u00e9 et adap\u00adt\u00e9 cette esth\u00e9\u00adtique nou\u00advelle, car\u00adac\u00adt\u00e9ris\u00e9e par la g\u00e9om\u00e9trie, la sym\u00e9trie, et le luxe des mat\u00e9ri\u00adaux. C\u2019est une p\u00e9ri\u00adode de l\u2019en\u00adtre-deux-guer\u00adres o\u00f9 la ville, recon\u00adstru\u00adite apr\u00e8s la Pre\u00admi\u00e8re Guerre mon\u00addi\u00adale, cherche \u00e0 exprimer une <strong>moder\u00adnit\u00e9 \u00e0 la fois \u00e9l\u00e9\u00adgante et fonc\u00adtion\u00adnelle<\/strong>.<\/p>\n\n\n\n<p>La sc\u00e9no\u00adgra\u00adphie est con\u00e7ue comme une immer\u00adsion dans \u201cl\u2019ex\u00adp\u00e9ri\u00adence de la vie mod\u00aderne\u201d. Le vis\u00adi\u00adteur ne se con\u00adtente pas de regarder des objets ; il est invit\u00e9 \u00e0 d\u00e9am\u00adbuler dans des recon\u00adsti\u00adtu\u00adtions d\u2019in\u00adt\u00e9rieurs, des pi\u00e8ces de mobili\u00ader auda\u00adcieuses aux affich\u00ades pub\u00adlic\u00adi\u00adtaires graphiques. L\u2019ex\u00adpo\u00adsi\u00adtion met en \u00e9vi\u00addence la pro\u00adduc\u00adtion de la ver\u00adrerie Daum, des fer\u00adronner\u00adies d\u2019art, et des pi\u00e8ces de c\u00e9ramique, mon\u00adtrant l\u2019al\u00adliance fructueuse entre l\u2019in\u00addus\u00adtrie et la cr\u00e9a\u00adtion artis\u00adtique locale. Cette pro\u00adduc\u00adtion illus\u00adtre l\u2019id\u00e9al de l\u2019Art D\u00e9co : ren\u00addre l\u2019art acces\u00adsi\u00adble \u00e0 la vie quo\u00adti\u00addi\u00adenne.<\/p>\n\n\n\n<figure class=\"wp-block-image size-large\"><img loading=\"lazy\" decoding=\"async\" width=\"1024\" height=\"538\" src=\"https:\/\/bobea.net\/wp-content\/uploads\/2025\/10\/expositions-1-127052-1200-630-1024x538.webp\" alt class=\"wp-image-26333\" srcset=\"https:\/\/bobea.net\/wp-content\/uploads\/2025\/10\/expositions-1-127052-1200-630-1024x538.webp 1024w, https:\/\/bobea.net\/wp-content\/uploads\/2025\/10\/expositions-1-127052-1200-630-300x158.webp 300w, https:\/\/bobea.net\/wp-content\/uploads\/2025\/10\/expositions-1-127052-1200-630-768x403.webp 768w, https:\/\/bobea.net\/wp-content\/uploads\/2025\/10\/expositions-1-127052-1200-630.webp 1200w\" sizes=\"(max-width: 1024px) 100vw, 1024px\"><\/figure>\n\n\n\n<p>Ce qui rend l\u2019ex\u00adpo\u00adsi\u00adtion de Nan\u00adcy par\u00adti\u00adc\u00aduli\u00e8re\u00adment sig\u00adni\u00adfica\u00adtive, c\u2019est sa capac\u00adit\u00e9 \u00e0 con\u00adtex\u00adtu\u00adalis\u00ader ce mou\u00adve\u00adment. Elle mon\u00adtre que l\u2019Art D\u00e9co n\u2019\u00e9\u00adtait pas seule\u00adment un style parisien, mais un courant europ\u00e9en adap\u00adt\u00e9 avec des nuances r\u00e9gionales sp\u00e9\u00adci\u00adfiques. Les com\u00admis\u00adsaires ont mis l\u2019ac\u00adcent sur les fig\u00adures locales, sou\u00advent oubli\u00e9es, qui ont jou\u00e9 un r\u00f4le cl\u00e9 dans la dif\u00adfu\u00adsion de cette \u201cvie mod\u00aderne\u201d.<\/p>\n\n\n\n<p>Recevoir le label d\u2019in\u00adt\u00e9r\u00eat nation\u00adal valide l\u2019ef\u00adfort de recherche et la qual\u00adit\u00e9 de la pr\u00e9sen\u00adta\u00adtion. C\u2019est une recon\u00adnais\u00adsance de l\u2019im\u00adpor\u00adtance de l\u2019his\u00adtoire r\u00e9gionale dans le r\u00e9c\u00adit nation\u00adal de l\u2019art. L\u2019ex\u00adpo\u00adsi\u00adtion est donc un must-see pour tous ceux qui s\u2019in\u00adt\u00e9ressent aux arts d\u00e9co\u00adrat\u00adifs, \u00e0 l\u2019ar\u00adchi\u00adtec\u00adture du XXe si\u00e8\u00adcle, et \u00e0 la fa\u00e7on dont le <strong>design peut incar\u00adn\u00ader un opti\u00admisme social et \u00e9conomique<\/strong>. C\u2019est une plong\u00e9e fasci\u00adnante dans une d\u00e9cen\u00adnie o\u00f9 le pass\u00e9 et l\u2019avenir se ren\u00adcon\u00adtraient dans un \u00e9clat de g\u00e9om\u00e9trie et de couleurs vives. <strong>\u201cNan\u00adcy 1925\u201d est une preuve que la moder\u00adnit\u00e9 est bien une affaire r\u00e9gionale.<\/strong><\/p>\n","protected":false},"excerpt":{"rendered":"<p>Titre SEO : \u201cNan\u00adcy 1925, L\u2019Ex\u00adp\u00e9ri\u00adence de la Vie Mod\u00aderne\u201d : Lance\u00adment Expo\u00adsi\u00adtion Art D\u00e9co d\u2019In\u00adt\u00e9r\u00eat Nation\u00adal Mots-cl\u00e9s prin\u00adci\u00adpaux : Nan\u00adcy 1925, Expo\u00adsi\u00adtion Art D\u00e9co, Label\u00adlis\u00e9e d\u2019In\u00adt\u00e9r\u00eat Nation\u00adal, Nan\u00adcy, Mou\u00adve\u00adment\u2026 <\/p>\n","protected":false},"author":1,"featured_media":26342,"comment_status":"open","ping_status":"closed","sticky":false,"template":"","format":"standard","meta":{"wp_typography_post_enhancements_disabled":false,"footnotes":""},"categories":[73],"tags":[],"class_list":["post-26332","post","type-post","status-publish","format-standard","has-post-thumbnail","hentry","category-on-en-parle"],"yoast_head":"<!-- This site is optimized with the Yoast SEO plugin v24.7 - https:\/\/yoast.com\/wordpress\/plugins\/seo\/ -->\n<title>La Modernit\u00e9 \u00e0 Nancy : L&#039;Exp\u00e9rience &quot;Nancy 1925&quot; Labellis\u00e9e d&#039;Int\u00e9r\u00eat National - Bobea<\/title>\n<meta name=\"description\" content=\"Recevoir le label d&#039;int\u00e9r\u00eat national valide l&#039;effort de recherche et la qualit\u00e9 de la pr\u00e9sentation. C&#039;est une reconnaissance de l&#039;importance\" \/>\n<meta name=\"robots\" content=\"index, follow, max-snippet:-1, max-image-preview:large, max-video-preview:-1\" \/>\n<link rel=\"canonical\" href=\"https:\/\/bobea.net\/index.php\/2025\/10\/26\/la-modernite-a-nancy-lexperience-nancy-1925-labellisee-dinteret-national\/\" \/>\n<meta property=\"og:locale\" content=\"fr_FR\" \/>\n<meta property=\"og:type\" content=\"article\" \/>\n<meta property=\"og:title\" content=\"La Modernit\u00e9 \u00e0 Nancy : L&#039;Exp\u00e9rience &quot;Nancy 1925&quot; Labellis\u00e9e d&#039;Int\u00e9r\u00eat National - Bobea\" \/>\n<meta property=\"og:description\" content=\"Recevoir le label d&#039;int\u00e9r\u00eat national valide l&#039;effort de recherche et la qualit\u00e9 de la pr\u00e9sentation. C&#039;est une reconnaissance de l&#039;importance\" \/>\n<meta property=\"og:url\" content=\"https:\/\/bobea.net\/index.php\/2025\/10\/26\/la-modernite-a-nancy-lexperience-nancy-1925-labellisee-dinteret-national\/\" \/>\n<meta property=\"og:site_name\" content=\"Bobea\" \/>\n<meta property=\"article:publisher\" content=\"https:\/\/web.facebook.com\/profile.php?id=61559252188416\" \/>\n<meta property=\"article:published_time\" content=\"2025-10-26T13:26:07+00:00\" \/>\n<meta property=\"article:modified_time\" content=\"2025-10-26T13:26:11+00:00\" \/>\n<meta property=\"og:image\" content=\"https:\/\/bobea.net\/wp-content\/uploads\/2025\/10\/IMG_0321.jpg.webp\" \/>\n\t<meta property=\"og:image:width\" content=\"2048\" \/>\n\t<meta property=\"og:image:height\" content=\"1280\" \/>\n\t<meta property=\"og:image:type\" content=\"image\/webp\" \/>\n<meta name=\"author\" content=\"bobea.info\" \/>\n<meta name=\"twitter:card\" content=\"summary_large_image\" \/>\n<meta name=\"twitter:label1\" content=\"\u00c9crit par\" \/>\n\t<meta name=\"twitter:data1\" content=\"bobea.info\" \/>\n\t<meta name=\"twitter:label2\" content=\"Dur\u00e9e de lecture estim\u00e9e\" \/>\n\t<meta name=\"twitter:data2\" content=\"3 minutes\" \/>\n<script type=\"application\/ld+json\" class=\"yoast-schema-graph\">{\"@context\":\"https:\/\/schema.org\",\"@graph\":[{\"@type\":\"Article\",\"@id\":\"https:\/\/bobea.net\/index.php\/2025\/10\/26\/la-modernite-a-nancy-lexperience-nancy-1925-labellisee-dinteret-national\/#article\",\"isPartOf\":{\"@id\":\"https:\/\/bobea.net\/index.php\/2025\/10\/26\/la-modernite-a-nancy-lexperience-nancy-1925-labellisee-dinteret-national\/\"},\"author\":{\"name\":\"bobea.info\",\"@id\":\"https:\/\/bobea.net\/#\/schema\/person\/e7f45ef187918d7c956bf619dce90ccf\"},\"headline\":\"La Modernit\u00e9 \u00e0 Nancy : L\u2019Exp\u00e9rience \u201cNancy 1925\u201d Labellis\u00e9e d\u2019Int\u00e9r\u00eat National\",\"datePublished\":\"2025-10-26T13:26:07+00:00\",\"dateModified\":\"2025-10-26T13:26:11+00:00\",\"mainEntityOfPage\":{\"@id\":\"https:\/\/bobea.net\/index.php\/2025\/10\/26\/la-modernite-a-nancy-lexperience-nancy-1925-labellisee-dinteret-national\/\"},\"wordCount\":567,\"commentCount\":0,\"publisher\":{\"@id\":\"https:\/\/bobea.net\/#organization\"},\"image\":{\"@id\":\"https:\/\/bobea.net\/index.php\/2025\/10\/26\/la-modernite-a-nancy-lexperience-nancy-1925-labellisee-dinteret-national\/#primaryimage\"},\"thumbnailUrl\":\"https:\/\/bobea.net\/wp-content\/uploads\/2025\/10\/IMG_0321.jpg.webp\",\"articleSection\":[\"On en Parle\"],\"inLanguage\":\"fr-FR\",\"potentialAction\":[{\"@type\":\"CommentAction\",\"name\":\"Comment\",\"target\":[\"https:\/\/bobea.net\/index.php\/2025\/10\/26\/la-modernite-a-nancy-lexperience-nancy-1925-labellisee-dinteret-national\/#respond\"]}]},{\"@type\":\"WebPage\",\"@id\":\"https:\/\/bobea.net\/index.php\/2025\/10\/26\/la-modernite-a-nancy-lexperience-nancy-1925-labellisee-dinteret-national\/\",\"url\":\"https:\/\/bobea.net\/index.php\/2025\/10\/26\/la-modernite-a-nancy-lexperience-nancy-1925-labellisee-dinteret-national\/\",\"name\":\"La Modernit\u00e9 \u00e0 Nancy : L'Exp\u00e9rience \\\"Nancy 1925\\\" Labellis\u00e9e d'Int\u00e9r\u00eat National - Bobea\",\"isPartOf\":{\"@id\":\"https:\/\/bobea.net\/#website\"},\"primaryImageOfPage\":{\"@id\":\"https:\/\/bobea.net\/index.php\/2025\/10\/26\/la-modernite-a-nancy-lexperience-nancy-1925-labellisee-dinteret-national\/#primaryimage\"},\"image\":{\"@id\":\"https:\/\/bobea.net\/index.php\/2025\/10\/26\/la-modernite-a-nancy-lexperience-nancy-1925-labellisee-dinteret-national\/#primaryimage\"},\"thumbnailUrl\":\"https:\/\/bobea.net\/wp-content\/uploads\/2025\/10\/IMG_0321.jpg.webp\",\"datePublished\":\"2025-10-26T13:26:07+00:00\",\"dateModified\":\"2025-10-26T13:26:11+00:00\",\"description\":\"Recevoir le label d'int\u00e9r\u00eat national valide l'effort de recherche et la qualit\u00e9 de la pr\u00e9sentation. C'est une reconnaissance de l'importance\",\"breadcrumb\":{\"@id\":\"https:\/\/bobea.net\/index.php\/2025\/10\/26\/la-modernite-a-nancy-lexperience-nancy-1925-labellisee-dinteret-national\/#breadcrumb\"},\"inLanguage\":\"fr-FR\",\"potentialAction\":[{\"@type\":\"ReadAction\",\"target\":[\"https:\/\/bobea.net\/index.php\/2025\/10\/26\/la-modernite-a-nancy-lexperience-nancy-1925-labellisee-dinteret-national\/\"]}]},{\"@type\":\"ImageObject\",\"inLanguage\":\"fr-FR\",\"@id\":\"https:\/\/bobea.net\/index.php\/2025\/10\/26\/la-modernite-a-nancy-lexperience-nancy-1925-labellisee-dinteret-national\/#primaryimage\",\"url\":\"https:\/\/bobea.net\/wp-content\/uploads\/2025\/10\/IMG_0321.jpg.webp\",\"contentUrl\":\"https:\/\/bobea.net\/wp-content\/uploads\/2025\/10\/IMG_0321.jpg.webp\",\"width\":2048,\"height\":1280},{\"@type\":\"BreadcrumbList\",\"@id\":\"https:\/\/bobea.net\/index.php\/2025\/10\/26\/la-modernite-a-nancy-lexperience-nancy-1925-labellisee-dinteret-national\/#breadcrumb\",\"itemListElement\":[{\"@type\":\"ListItem\",\"position\":1,\"name\":\"Accueil\",\"item\":\"https:\/\/bobea.net\/\"},{\"@type\":\"ListItem\",\"position\":2,\"name\":\"La Modernit\u00e9 \u00e0 Nancy : L&rsquo;Exp\u00e9rience \u00ab\u00a0Nancy 1925\u00a0\u00bb Labellis\u00e9e d&rsquo;Int\u00e9r\u00eat National\"}]},{\"@type\":\"WebSite\",\"@id\":\"https:\/\/bobea.net\/#website\",\"url\":\"https:\/\/bobea.net\/\",\"name\":\"Bobea\",\"description\":\"Le magazine de la nouvelle \u00c8ve\",\"publisher\":{\"@id\":\"https:\/\/bobea.net\/#organization\"},\"potentialAction\":[{\"@type\":\"SearchAction\",\"target\":{\"@type\":\"EntryPoint\",\"urlTemplate\":\"https:\/\/bobea.net\/?s={search_term_string}\"},\"query-input\":{\"@type\":\"PropertyValueSpecification\",\"valueRequired\":true,\"valueName\":\"search_term_string\"}}],\"inLanguage\":\"fr-FR\"},{\"@type\":\"Organization\",\"@id\":\"https:\/\/bobea.net\/#organization\",\"name\":\"Bobea\",\"url\":\"https:\/\/bobea.net\/\",\"logo\":{\"@type\":\"ImageObject\",\"inLanguage\":\"fr-FR\",\"@id\":\"https:\/\/bobea.net\/#\/schema\/logo\/image\/\",\"url\":\"https:\/\/bobea.net\/wp-content\/uploads\/2024\/06\/bobea.jpg\",\"contentUrl\":\"https:\/\/bobea.net\/wp-content\/uploads\/2024\/06\/bobea.jpg\",\"width\":1080,\"height\":1080,\"caption\":\"Bobea\"},\"image\":{\"@id\":\"https:\/\/bobea.net\/#\/schema\/logo\/image\/\"},\"sameAs\":[\"https:\/\/web.facebook.com\/profile.php?id=61559252188416\"]},{\"@type\":\"Person\",\"@id\":\"https:\/\/bobea.net\/#\/schema\/person\/e7f45ef187918d7c956bf619dce90ccf\",\"name\":\"bobea.info\",\"image\":{\"@type\":\"ImageObject\",\"inLanguage\":\"fr-FR\",\"@id\":\"https:\/\/bobea.net\/#\/schema\/person\/image\/\",\"url\":\"https:\/\/secure.gravatar.com\/avatar\/36147980349df887ae30808df3e29474?s=96&d=mm&r=g\",\"contentUrl\":\"https:\/\/secure.gravatar.com\/avatar\/36147980349df887ae30808df3e29474?s=96&d=mm&r=g\",\"caption\":\"bobea.info\"},\"sameAs\":[\"https:\/\/bobea.net\"],\"url\":\"https:\/\/bobea.net\/index.php\/author\/bobea-info\/\"}]}<\/script>\n<!-- \/ Yoast SEO plugin. -->","yoast_head_json":{"title":"La Modernit\u00e9 \u00e0 Nancy : L'Exp\u00e9rience \"Nancy 1925\" Labellis\u00e9e d'Int\u00e9r\u00eat National - Bobea","description":"Recevoir le label d'int\u00e9r\u00eat national valide l'effort de recherche et la qualit\u00e9 de la pr\u00e9sentation. C'est une reconnaissance de l'importance","robots":{"index":"index","follow":"follow","max-snippet":"max-snippet:-1","max-image-preview":"max-image-preview:large","max-video-preview":"max-video-preview:-1"},"canonical":"https:\/\/bobea.net\/index.php\/2025\/10\/26\/la-modernite-a-nancy-lexperience-nancy-1925-labellisee-dinteret-national\/","og_locale":"fr_FR","og_type":"article","og_title":"La Modernit\u00e9 \u00e0 Nancy : L'Exp\u00e9rience \"Nancy 1925\" Labellis\u00e9e d'Int\u00e9r\u00eat National - Bobea","og_description":"Recevoir le label d'int\u00e9r\u00eat national valide l'effort de recherche et la qualit\u00e9 de la pr\u00e9sentation. C'est une reconnaissance de l'importance","og_url":"https:\/\/bobea.net\/index.php\/2025\/10\/26\/la-modernite-a-nancy-lexperience-nancy-1925-labellisee-dinteret-national\/","og_site_name":"Bobea","article_publisher":"https:\/\/web.facebook.com\/profile.php?id=61559252188416","article_published_time":"2025-10-26T13:26:07+00:00","article_modified_time":"2025-10-26T13:26:11+00:00","og_image":[{"width":2048,"height":1280,"url":"https:\/\/bobea.net\/wp-content\/uploads\/2025\/10\/IMG_0321.jpg.webp","type":"image\/webp"}],"author":"bobea.info","twitter_card":"summary_large_image","twitter_misc":{"\u00c9crit par":"bobea.info","Dur\u00e9e de lecture estim\u00e9e":"3 minutes"},"schema":{"@context":"https:\/\/schema.org","@graph":[{"@type":"Article","@id":"https:\/\/bobea.net\/index.php\/2025\/10\/26\/la-modernite-a-nancy-lexperience-nancy-1925-labellisee-dinteret-national\/#article","isPartOf":{"@id":"https:\/\/bobea.net\/index.php\/2025\/10\/26\/la-modernite-a-nancy-lexperience-nancy-1925-labellisee-dinteret-national\/"},"author":{"name":"bobea.info","@id":"https:\/\/bobea.net\/#\/schema\/person\/e7f45ef187918d7c956bf619dce90ccf"},"headline":"La Modernit\u00e9 \u00e0 Nancy : L\u2019Exp\u00e9rience \u201cNancy 1925\u201d Labellis\u00e9e d\u2019Int\u00e9r\u00eat National","datePublished":"2025-10-26T13:26:07+00:00","dateModified":"2025-10-26T13:26:11+00:00","mainEntityOfPage":{"@id":"https:\/\/bobea.net\/index.php\/2025\/10\/26\/la-modernite-a-nancy-lexperience-nancy-1925-labellisee-dinteret-national\/"},"wordCount":567,"commentCount":0,"publisher":{"@id":"https:\/\/bobea.net\/#organization"},"image":{"@id":"https:\/\/bobea.net\/index.php\/2025\/10\/26\/la-modernite-a-nancy-lexperience-nancy-1925-labellisee-dinteret-national\/#primaryimage"},"thumbnailUrl":"https:\/\/bobea.net\/wp-content\/uploads\/2025\/10\/IMG_0321.jpg.webp","articleSection":["On en Parle"],"inLanguage":"fr-FR","potentialAction":[{"@type":"CommentAction","name":"Comment","target":["https:\/\/bobea.net\/index.php\/2025\/10\/26\/la-modernite-a-nancy-lexperience-nancy-1925-labellisee-dinteret-national\/#respond"]}]},{"@type":"WebPage","@id":"https:\/\/bobea.net\/index.php\/2025\/10\/26\/la-modernite-a-nancy-lexperience-nancy-1925-labellisee-dinteret-national\/","url":"https:\/\/bobea.net\/index.php\/2025\/10\/26\/la-modernite-a-nancy-lexperience-nancy-1925-labellisee-dinteret-national\/","name":"La Modernit\u00e9 \u00e0 Nancy : L'Exp\u00e9rience \"Nancy 1925\" Labellis\u00e9e d'Int\u00e9r\u00eat National - Bobea","isPartOf":{"@id":"https:\/\/bobea.net\/#website"},"primaryImageOfPage":{"@id":"https:\/\/bobea.net\/index.php\/2025\/10\/26\/la-modernite-a-nancy-lexperience-nancy-1925-labellisee-dinteret-national\/#primaryimage"},"image":{"@id":"https:\/\/bobea.net\/index.php\/2025\/10\/26\/la-modernite-a-nancy-lexperience-nancy-1925-labellisee-dinteret-national\/#primaryimage"},"thumbnailUrl":"https:\/\/bobea.net\/wp-content\/uploads\/2025\/10\/IMG_0321.jpg.webp","datePublished":"2025-10-26T13:26:07+00:00","dateModified":"2025-10-26T13:26:11+00:00","description":"Recevoir le label d'int\u00e9r\u00eat national valide l'effort de recherche et la qualit\u00e9 de la pr\u00e9sentation. C'est une reconnaissance de l'importance","breadcrumb":{"@id":"https:\/\/bobea.net\/index.php\/2025\/10\/26\/la-modernite-a-nancy-lexperience-nancy-1925-labellisee-dinteret-national\/#breadcrumb"},"inLanguage":"fr-FR","potentialAction":[{"@type":"ReadAction","target":["https:\/\/bobea.net\/index.php\/2025\/10\/26\/la-modernite-a-nancy-lexperience-nancy-1925-labellisee-dinteret-national\/"]}]},{"@type":"ImageObject","inLanguage":"fr-FR","@id":"https:\/\/bobea.net\/index.php\/2025\/10\/26\/la-modernite-a-nancy-lexperience-nancy-1925-labellisee-dinteret-national\/#primaryimage","url":"https:\/\/bobea.net\/wp-content\/uploads\/2025\/10\/IMG_0321.jpg.webp","contentUrl":"https:\/\/bobea.net\/wp-content\/uploads\/2025\/10\/IMG_0321.jpg.webp","width":2048,"height":1280},{"@type":"BreadcrumbList","@id":"https:\/\/bobea.net\/index.php\/2025\/10\/26\/la-modernite-a-nancy-lexperience-nancy-1925-labellisee-dinteret-national\/#breadcrumb","itemListElement":[{"@type":"ListItem","position":1,"name":"Accueil","item":"https:\/\/bobea.net\/"},{"@type":"ListItem","position":2,"name":"La Modernit\u00e9 \u00e0 Nancy : L&rsquo;Exp\u00e9rience \u00ab\u00a0Nancy 1925\u00a0\u00bb Labellis\u00e9e d&rsquo;Int\u00e9r\u00eat National"}]},{"@type":"WebSite","@id":"https:\/\/bobea.net\/#website","url":"https:\/\/bobea.net\/","name":"Bobea","description":"Le magazine de la nouvelle \u00c8ve","publisher":{"@id":"https:\/\/bobea.net\/#organization"},"potentialAction":[{"@type":"SearchAction","target":{"@type":"EntryPoint","urlTemplate":"https:\/\/bobea.net\/?s={search_term_string}"},"query-input":{"@type":"PropertyValueSpecification","valueRequired":true,"valueName":"search_term_string"}}],"inLanguage":"fr-FR"},{"@type":"Organization","@id":"https:\/\/bobea.net\/#organization","name":"Bobea","url":"https:\/\/bobea.net\/","logo":{"@type":"ImageObject","inLanguage":"fr-FR","@id":"https:\/\/bobea.net\/#\/schema\/logo\/image\/","url":"https:\/\/bobea.net\/wp-content\/uploads\/2024\/06\/bobea.jpg","contentUrl":"https:\/\/bobea.net\/wp-content\/uploads\/2024\/06\/bobea.jpg","width":1080,"height":1080,"caption":"Bobea"},"image":{"@id":"https:\/\/bobea.net\/#\/schema\/logo\/image\/"},"sameAs":["https:\/\/web.facebook.com\/profile.php?id=61559252188416"]},{"@type":"Person","@id":"https:\/\/bobea.net\/#\/schema\/person\/e7f45ef187918d7c956bf619dce90ccf","name":"bobea.info","image":{"@type":"ImageObject","inLanguage":"fr-FR","@id":"https:\/\/bobea.net\/#\/schema\/person\/image\/","url":"https:\/\/secure.gravatar.com\/avatar\/36147980349df887ae30808df3e29474?s=96&d=mm&r=g","contentUrl":"https:\/\/secure.gravatar.com\/avatar\/36147980349df887ae30808df3e29474?s=96&d=mm&r=g","caption":"bobea.info"},"sameAs":["https:\/\/bobea.net"],"url":"https:\/\/bobea.net\/index.php\/author\/bobea-info\/"}]}},"_links":{"self":[{"href":"https:\/\/bobea.net\/index.php\/wp-json\/wp\/v2\/posts\/26332"}],"collection":[{"href":"https:\/\/bobea.net\/index.php\/wp-json\/wp\/v2\/posts"}],"about":[{"href":"https:\/\/bobea.net\/index.php\/wp-json\/wp\/v2\/types\/post"}],"author":[{"embeddable":true,"href":"https:\/\/bobea.net\/index.php\/wp-json\/wp\/v2\/users\/1"}],"replies":[{"embeddable":true,"href":"https:\/\/bobea.net\/index.php\/wp-json\/wp\/v2\/comments?post=26332"}],"version-history":[{"count":1,"href":"https:\/\/bobea.net\/index.php\/wp-json\/wp\/v2\/posts\/26332\/revisions"}],"predecessor-version":[{"id":26343,"href":"https:\/\/bobea.net\/index.php\/wp-json\/wp\/v2\/posts\/26332\/revisions\/26343"}],"wp:featuredmedia":[{"embeddable":true,"href":"https:\/\/bobea.net\/index.php\/wp-json\/wp\/v2\/media\/26342"}],"wp:attachment":[{"href":"https:\/\/bobea.net\/index.php\/wp-json\/wp\/v2\/media?parent=26332"}],"wp:term":[{"taxonomy":"category","embeddable":true,"href":"https:\/\/bobea.net\/index.php\/wp-json\/wp\/v2\/categories?post=26332"},{"taxonomy":"post_tag","embeddable":true,"href":"https:\/\/bobea.net\/index.php\/wp-json\/wp\/v2\/tags?post=26332"}],"curies":[{"name":"wp","href":"https:\/\/api.w.org\/{rel}","templated":true}]}}