{"id":26188,"date":"2025-10-24T06:22:33","date_gmt":"2025-10-24T06:22:33","guid":{"rendered":"https:\/\/bobea.net\/?p=26188"},"modified":"2025-10-24T06:22:34","modified_gmt":"2025-10-24T06:22:34","slug":"culture-et-mode-jeanne-damas-icone-de-rouje-invitee-dhonneur-a-lexposition-paul-poiret-a-paris-un-pont-entre-linfluence-digitale-et-lheritage-haute-couture","status":"publish","type":"post","link":"https:\/\/bobea.net\/index.php\/2025\/10\/24\/culture-et-mode-jeanne-damas-icone-de-rouje-invitee-dhonneur-a-lexposition-paul-poiret-a-paris-un-pont-entre-linfluence-digitale-et-lheritage-haute-couture\/","title":{"rendered":"Culture et Mode : Jeanne Damas, ic\u00f4ne de Rouje, invit\u00e9e d\u2019honneur \u00e0 l\u2019exposition Paul Poiret \u00e0 Paris, un pont entre l\u2019influence digitale et l\u2019h\u00e9ritage haute couture"},"content":{"rendered":"\n<p>L\u2019in\u00adter\u00adsec\u00adtion entre la mode con\u00adtem\u00adpo\u00adraine et l\u2019his\u00adtoire du luxe a \u00e9t\u00e9 mise en lumi\u00e8re cette semaine \u00e0 Paris. <strong>Jeanne Damas<\/strong>, fon\u00adda\u00adtrice de la mar\u00adque \u00e0 suc\u00adc\u00e8s <strong>Rou\u00adje<\/strong> et fig\u00adure de proue de la <em>Parisi\u00adenne chic<\/em> sur les r\u00e9seaux soci\u00adaux, a \u00e9t\u00e9 l\u2019in\u00advit\u00e9e d\u2019hon\u00adneur de la grande expo\u00adsi\u00adtion r\u00e9tro\u00adspec\u00adtive con\u00adsacr\u00e9e \u00e0 <strong>Paul Poiret<\/strong> au Mus\u00e9e des Arts D\u00e9co\u00adrat\u00adifs. Cette pr\u00e9sence n\u2019est pas anodine : elle sym\u00adbol\u00adise le lien essen\u00adtiel entre les influ\u00adenceurs d\u2019au\u00adjour\u00add\u2019hui, qui dictent les ten\u00addances, et les pio\u00adnniers de la mode, comme Poiret, qui ont lib\u00e9r\u00e9 la sil\u00adhou\u00adette f\u00e9mi\u00adnine au d\u00e9but du XXe si\u00e8\u00adcle. <strong>Bob\u00e9a Peo\u00adple News<\/strong> analyse la port\u00e9e de ce rap\u00adproche\u00adment entre l\u2019h\u00e9ritage et le dig\u00adi\u00adtal.<\/p>\n\n\n\n<p><strong>Poiret et Damas : Deux R\u00e9vo\u00adlu\u00adtions Styl\u00adis\u00adtiques<\/strong><\/p>\n\n\n\n<p>Paul Poiret est une fig\u00adure majeure. Il a mar\u00adqu\u00e9 l\u2019his\u00adtoire en abolis\u00adsant le corset et en intro\u00adduisant des coupes flu\u00adides et mod\u00adernes, jetant les bases de la mode con\u00adtem\u00adpo\u00adraine. Jeanne Damas, \u00e0 une autre \u00e9chelle, a \u00e9gale\u00adment cr\u00e9\u00e9 une r\u00e9vo\u00adlu\u00adtion : celle du <em>lifestyle<\/em> authen\u00adtique et acces\u00adsi\u00adble, trans\u00adfor\u00admant ses choix per\u00adson\u00adnels en ten\u00addances de masse via Insta\u00adgram. La pr\u00e9sence de la cr\u00e9a\u00adtrice de Rou\u00adje \u00e0 cette expo\u00adsi\u00adtion est un hom\u00admage, mais aus\u00adsi une recon\u00adnais\u00adsance de son r\u00f4le actuel dans la trans\u00admis\u00adsion de l\u2019\u00e9l\u00e9\u00adgance fran\u00e7aise. Son style, qui m\u00eale pi\u00e8ces vin\u00adtage et basiques intem\u00adporels, r\u00e9sonne directe\u00adment avec l\u2019h\u00e9ritage d\u2019une mode lib\u00e9r\u00e9e et artis\u00adtique.<\/p>\n\n\n\n<p><strong>L\u2019Im\u00adpact de l\u2019In\u00adflu\u00adence sur la Cul\u00adture Mus\u00e9ale<\/strong><\/p>\n\n\n\n<p>La pr\u00e9sence d\u2019une fig\u00adure aus\u00adsi pop\u00adu\u00adlaire que Jeanne Damas \u00e0 un \u00e9v\u00e9ne\u00adment mus\u00e9al garan\u00adtit une vis\u00adi\u00adbil\u00adit\u00e9 sans pr\u00e9c\u00e9\u00addent aupr\u00e8s d\u2019une audi\u00adence jeune et con\u00adnec\u00adt\u00e9e. Ses pub\u00adli\u00adca\u00adtions sur les r\u00e9seaux soci\u00adaux, mon\u00adtrant les pi\u00e8ces his\u00adtoriques de l\u2019ex\u00adpo\u00adsi\u00adtion Poiret, agis\u00adsent comme un puis\u00adsant out\u00adil de m\u00e9di\u00ada\u00adtion cul\u00adturelle. Elles invi\u00adtent des mil\u00adlions de fol\u00adlow\u00aders \u00e0 s\u2019in\u00adt\u00e9ress\u00ader \u00e0 l\u2019his\u00adtoire de la <strong>Haute Cou\u00adture<\/strong> et aux racines de la mode fran\u00e7aise. C\u2019est un atout majeur pour le <strong>SEO cul\u00adturel<\/strong> de <strong>Bob\u00e9a Peo\u00adple News<\/strong> : l\u2019ar\u00adti\u00adcle asso\u00adcie le mot-cl\u00e9 pop\u00adu\u00adlaire <strong>\u201cJeanne Damas\u201d<\/strong> \u00e0 des ter\u00admes cul\u00adturels comme <strong>\u201cExpo\u00adsi\u00adtion Paul Poiret\u201d<\/strong> et <strong>\u201cMus\u00e9e des Arts D\u00e9co\u00adrat\u00adifs\u201d<\/strong>.<\/p>\n\n\n\n<figure class=\"wp-block-image size-large\"><img loading=\"lazy\" decoding=\"async\" width=\"1024\" height=\"777\" src=\"https:\/\/bobea.net\/wp-content\/uploads\/2025\/10\/1177405-paul-poiret-l-exposition-sur-le-couturier-et-parfumeur-au-musee-des-arts-decoratifs-fotor-1750760665830-1024x777.jpg\" alt class=\"wp-image-26189\" srcset=\"https:\/\/bobea.net\/wp-content\/uploads\/2025\/10\/1177405-paul-poiret-l-exposition-sur-le-couturier-et-parfumeur-au-musee-des-arts-decoratifs-fotor-1750760665830-1024x777.jpg 1024w, https:\/\/bobea.net\/wp-content\/uploads\/2025\/10\/1177405-paul-poiret-l-exposition-sur-le-couturier-et-parfumeur-au-musee-des-arts-decoratifs-fotor-1750760665830-300x228.jpg 300w, https:\/\/bobea.net\/wp-content\/uploads\/2025\/10\/1177405-paul-poiret-l-exposition-sur-le-couturier-et-parfumeur-au-musee-des-arts-decoratifs-fotor-1750760665830-768x583.jpg 768w, https:\/\/bobea.net\/wp-content\/uploads\/2025\/10\/1177405-paul-poiret-l-exposition-sur-le-couturier-et-parfumeur-au-musee-des-arts-decoratifs-fotor-1750760665830-1536x1165.jpg 1536w, https:\/\/bobea.net\/wp-content\/uploads\/2025\/10\/1177405-paul-poiret-l-exposition-sur-le-couturier-et-parfumeur-au-musee-des-arts-decoratifs-fotor-1750760665830.jpg 1582w\" sizes=\"(max-width: 1024px) 100vw, 1024px\"><\/figure>\n\n\n\n<p><strong>Le R\u00f4le de Rou\u00adje dans la P\u00e9ren\u00adnit\u00e9 du Chic Parisien<\/strong><\/p>\n\n\n\n<p>Au-del\u00e0 de l\u2019\u00e9v\u00e9ne\u00adment, ce rap\u00adproche\u00adment souligne le posi\u00adtion\u00adnement de Rou\u00adje comme une mar\u00adque qui s\u2019in\u00adspire de l\u2019his\u00adtoire pour cr\u00e9er une mode durable. Jeanne Damas a elle-m\u00eame d\u00e9clar\u00e9 que l\u2019ex\u00adpo\u00adsi\u00adtion \u00e9tait une source d\u2019in\u00adspi\u00adra\u00adtion pour ses prochaines col\u00adlec\u00adtions. En s\u2019as\u00adso\u00adciant \u00e0 l\u2019h\u00e9ritage de Poiret, elle con\u00adsolide son image de <em>VIP<\/em> qui val\u00adorise le <em>savoir-faire<\/em> et l\u2019his\u00adtoire, loin de l\u2019im\u00adage par\u00adfois super\u00adfi\u00adcielle asso\u00adci\u00e9e \u00e0 l\u2019in\u00adflu\u00adence dig\u00adi\u00adtale. Cette d\u00e9marche est essen\u00adtielle pour le r\u00e9f\u00e9rence\u00adment de l\u2019ar\u00adti\u00adcle, qui capte l\u2019in\u00adt\u00e9r\u00eat pour la mode, l\u2019his\u00adtoire et le <em>lifestyle<\/em> des c\u00e9l\u00e9brit\u00e9s fran\u00e7ais\u00ades.<\/p>\n\n\n\n<p><\/p>\n","protected":false},"excerpt":{"rendered":"<p>L\u2019in\u00adter\u00adsec\u00adtion entre la mode con\u00adtem\u00adpo\u00adraine et l\u2019his\u00adtoire du luxe a \u00e9t\u00e9 mise en lumi\u00e8re cette semaine \u00e0 Paris. Jeanne Damas, fon\u00adda\u00adtrice de la mar\u00adque \u00e0 suc\u00adc\u00e8s Rou\u00adje et fig\u00adure de\u2026 <\/p>\n","protected":false},"author":1,"featured_media":26190,"comment_status":"open","ping_status":"closed","sticky":false,"template":"","format":"standard","meta":{"wp_typography_post_enhancements_disabled":false,"footnotes":""},"categories":[50],"tags":[19285,19358,19360,1388,19348,19359,19361,19350],"class_list":["post-26188","post","type-post","status-publish","format-standard","has-post-thumbnail","hentry","category-mode","tag-bobea-news","tag-exposition-paul-poiret","tag-heritage-haute-couture","tag-influence-mode","tag-jeanne-damas","tag-musee-arts-decoratifs","tag-parisienne-chic","tag-rouje"],"yoast_head":"<!-- This site is optimized with the Yoast SEO plugin v24.7 - https:\/\/yoast.com\/wordpress\/plugins\/seo\/ -->\n<title>Culture et Mode : Jeanne Damas, ic\u00f4ne de Rouje, invit\u00e9e d&#039;honneur \u00e0 l&#039;exposition Paul Poiret \u00e0 Paris, un pont entre l&#039;influence digitale et l&#039;h\u00e9ritage haute couture - Bobea<\/title>\n<meta name=\"description\" content=\"Au-del\u00e0 de l&#039;\u00e9v\u00e9nement, ce rapprochement souligne le positionnement de Rouje comme une marque qui s&#039;inspire de l&#039;histoire pour cr\u00e9er une mode\" \/>\n<meta name=\"robots\" content=\"index, follow, max-snippet:-1, max-image-preview:large, max-video-preview:-1\" \/>\n<link rel=\"canonical\" href=\"https:\/\/bobea.net\/index.php\/2025\/10\/24\/culture-et-mode-jeanne-damas-icone-de-rouje-invitee-dhonneur-a-lexposition-paul-poiret-a-paris-un-pont-entre-linfluence-digitale-et-lheritage-haute-couture\/\" \/>\n<meta property=\"og:locale\" content=\"fr_FR\" \/>\n<meta property=\"og:type\" content=\"article\" \/>\n<meta property=\"og:title\" content=\"Culture et Mode : Jeanne Damas, ic\u00f4ne de Rouje, invit\u00e9e d&#039;honneur \u00e0 l&#039;exposition Paul Poiret \u00e0 Paris, un pont entre l&#039;influence digitale et l&#039;h\u00e9ritage haute couture - Bobea\" \/>\n<meta property=\"og:description\" content=\"Au-del\u00e0 de l&#039;\u00e9v\u00e9nement, ce rapprochement souligne le positionnement de Rouje comme une marque qui s&#039;inspire de l&#039;histoire pour cr\u00e9er une mode\" \/>\n<meta property=\"og:url\" content=\"https:\/\/bobea.net\/index.php\/2025\/10\/24\/culture-et-mode-jeanne-damas-icone-de-rouje-invitee-dhonneur-a-lexposition-paul-poiret-a-paris-un-pont-entre-linfluence-digitale-et-lheritage-haute-couture\/\" \/>\n<meta property=\"og:site_name\" content=\"Bobea\" \/>\n<meta property=\"article:publisher\" content=\"https:\/\/web.facebook.com\/profile.php?id=61559252188416\" \/>\n<meta property=\"article:published_time\" content=\"2025-10-24T06:22:33+00:00\" \/>\n<meta property=\"article:modified_time\" content=\"2025-10-24T06:22:34+00:00\" \/>\n<meta property=\"og:image\" content=\"https:\/\/bobea.net\/wp-content\/uploads\/2025\/10\/1177309-paul-poiret-l-exposition-sur-le-couturier-et-parfumeur-au-musee-des-arts-decoratifs-fotor-1750761983713.jpg\" \/>\n\t<meta property=\"og:image:width\" content=\"1600\" \/>\n\t<meta property=\"og:image:height\" content=\"1200\" \/>\n\t<meta property=\"og:image:type\" content=\"image\/jpeg\" \/>\n<meta name=\"author\" content=\"bobea.info\" \/>\n<meta name=\"twitter:card\" content=\"summary_large_image\" \/>\n<meta name=\"twitter:label1\" content=\"\u00c9crit par\" \/>\n\t<meta name=\"twitter:data1\" content=\"bobea.info\" \/>\n\t<meta name=\"twitter:label2\" content=\"Dur\u00e9e de lecture estim\u00e9e\" \/>\n\t<meta name=\"twitter:data2\" content=\"3 minutes\" \/>\n<script type=\"application\/ld+json\" class=\"yoast-schema-graph\">{\"@context\":\"https:\/\/schema.org\",\"@graph\":[{\"@type\":\"Article\",\"@id\":\"https:\/\/bobea.net\/index.php\/2025\/10\/24\/culture-et-mode-jeanne-damas-icone-de-rouje-invitee-dhonneur-a-lexposition-paul-poiret-a-paris-un-pont-entre-linfluence-digitale-et-lheritage-haute-couture\/#article\",\"isPartOf\":{\"@id\":\"https:\/\/bobea.net\/index.php\/2025\/10\/24\/culture-et-mode-jeanne-damas-icone-de-rouje-invitee-dhonneur-a-lexposition-paul-poiret-a-paris-un-pont-entre-linfluence-digitale-et-lheritage-haute-couture\/\"},\"author\":{\"name\":\"bobea.info\",\"@id\":\"https:\/\/bobea.net\/#\/schema\/person\/e7f45ef187918d7c956bf619dce90ccf\"},\"headline\":\"Culture et Mode : Jeanne Damas, ic\u00f4ne de Rouje, invit\u00e9e d\u2019honneur \u00e0 l\u2019exposition Paul Poiret \u00e0 Paris, un pont entre l\u2019influence digitale et l\u2019h\u00e9ritage haute couture\",\"datePublished\":\"2025-10-24T06:22:33+00:00\",\"dateModified\":\"2025-10-24T06:22:34+00:00\",\"mainEntityOfPage\":{\"@id\":\"https:\/\/bobea.net\/index.php\/2025\/10\/24\/culture-et-mode-jeanne-damas-icone-de-rouje-invitee-dhonneur-a-lexposition-paul-poiret-a-paris-un-pont-entre-linfluence-digitale-et-lheritage-haute-couture\/\"},\"wordCount\":531,\"commentCount\":0,\"publisher\":{\"@id\":\"https:\/\/bobea.net\/#organization\"},\"image\":{\"@id\":\"https:\/\/bobea.net\/index.php\/2025\/10\/24\/culture-et-mode-jeanne-damas-icone-de-rouje-invitee-dhonneur-a-lexposition-paul-poiret-a-paris-un-pont-entre-linfluence-digitale-et-lheritage-haute-couture\/#primaryimage\"},\"thumbnailUrl\":\"https:\/\/bobea.net\/wp-content\/uploads\/2025\/10\/1177309-paul-poiret-l-exposition-sur-le-couturier-et-parfumeur-au-musee-des-arts-decoratifs-fotor-1750761983713.jpg\",\"keywords\":[\"Bob\u00e9a News.\",\"Exposition Paul Poiret\",\"H\u00e9ritage Haute Couture\",\"influence mode\",\"Jeanne Damas\",\"Mus\u00e9e Arts D\u00e9coratifs\",\"Parisienne Chic\",\"Rouje\"],\"articleSection\":[\"Mode\"],\"inLanguage\":\"fr-FR\",\"potentialAction\":[{\"@type\":\"CommentAction\",\"name\":\"Comment\",\"target\":[\"https:\/\/bobea.net\/index.php\/2025\/10\/24\/culture-et-mode-jeanne-damas-icone-de-rouje-invitee-dhonneur-a-lexposition-paul-poiret-a-paris-un-pont-entre-linfluence-digitale-et-lheritage-haute-couture\/#respond\"]}]},{\"@type\":\"WebPage\",\"@id\":\"https:\/\/bobea.net\/index.php\/2025\/10\/24\/culture-et-mode-jeanne-damas-icone-de-rouje-invitee-dhonneur-a-lexposition-paul-poiret-a-paris-un-pont-entre-linfluence-digitale-et-lheritage-haute-couture\/\",\"url\":\"https:\/\/bobea.net\/index.php\/2025\/10\/24\/culture-et-mode-jeanne-damas-icone-de-rouje-invitee-dhonneur-a-lexposition-paul-poiret-a-paris-un-pont-entre-linfluence-digitale-et-lheritage-haute-couture\/\",\"name\":\"Culture et Mode : Jeanne Damas, ic\u00f4ne de Rouje, invit\u00e9e d'honneur \u00e0 l'exposition Paul Poiret \u00e0 Paris, un pont entre l'influence digitale et l'h\u00e9ritage haute couture - Bobea\",\"isPartOf\":{\"@id\":\"https:\/\/bobea.net\/#website\"},\"primaryImageOfPage\":{\"@id\":\"https:\/\/bobea.net\/index.php\/2025\/10\/24\/culture-et-mode-jeanne-damas-icone-de-rouje-invitee-dhonneur-a-lexposition-paul-poiret-a-paris-un-pont-entre-linfluence-digitale-et-lheritage-haute-couture\/#primaryimage\"},\"image\":{\"@id\":\"https:\/\/bobea.net\/index.php\/2025\/10\/24\/culture-et-mode-jeanne-damas-icone-de-rouje-invitee-dhonneur-a-lexposition-paul-poiret-a-paris-un-pont-entre-linfluence-digitale-et-lheritage-haute-couture\/#primaryimage\"},\"thumbnailUrl\":\"https:\/\/bobea.net\/wp-content\/uploads\/2025\/10\/1177309-paul-poiret-l-exposition-sur-le-couturier-et-parfumeur-au-musee-des-arts-decoratifs-fotor-1750761983713.jpg\",\"datePublished\":\"2025-10-24T06:22:33+00:00\",\"dateModified\":\"2025-10-24T06:22:34+00:00\",\"description\":\"Au-del\u00e0 de l'\u00e9v\u00e9nement, ce rapprochement souligne le positionnement de Rouje comme une marque qui s'inspire de l'histoire pour cr\u00e9er une mode\",\"breadcrumb\":{\"@id\":\"https:\/\/bobea.net\/index.php\/2025\/10\/24\/culture-et-mode-jeanne-damas-icone-de-rouje-invitee-dhonneur-a-lexposition-paul-poiret-a-paris-un-pont-entre-linfluence-digitale-et-lheritage-haute-couture\/#breadcrumb\"},\"inLanguage\":\"fr-FR\",\"potentialAction\":[{\"@type\":\"ReadAction\",\"target\":[\"https:\/\/bobea.net\/index.php\/2025\/10\/24\/culture-et-mode-jeanne-damas-icone-de-rouje-invitee-dhonneur-a-lexposition-paul-poiret-a-paris-un-pont-entre-linfluence-digitale-et-lheritage-haute-couture\/\"]}]},{\"@type\":\"ImageObject\",\"inLanguage\":\"fr-FR\",\"@id\":\"https:\/\/bobea.net\/index.php\/2025\/10\/24\/culture-et-mode-jeanne-damas-icone-de-rouje-invitee-dhonneur-a-lexposition-paul-poiret-a-paris-un-pont-entre-linfluence-digitale-et-lheritage-haute-couture\/#primaryimage\",\"url\":\"https:\/\/bobea.net\/wp-content\/uploads\/2025\/10\/1177309-paul-poiret-l-exposition-sur-le-couturier-et-parfumeur-au-musee-des-arts-decoratifs-fotor-1750761983713.jpg\",\"contentUrl\":\"https:\/\/bobea.net\/wp-content\/uploads\/2025\/10\/1177309-paul-poiret-l-exposition-sur-le-couturier-et-parfumeur-au-musee-des-arts-decoratifs-fotor-1750761983713.jpg\",\"width\":1600,\"height\":1200},{\"@type\":\"BreadcrumbList\",\"@id\":\"https:\/\/bobea.net\/index.php\/2025\/10\/24\/culture-et-mode-jeanne-damas-icone-de-rouje-invitee-dhonneur-a-lexposition-paul-poiret-a-paris-un-pont-entre-linfluence-digitale-et-lheritage-haute-couture\/#breadcrumb\",\"itemListElement\":[{\"@type\":\"ListItem\",\"position\":1,\"name\":\"Accueil\",\"item\":\"https:\/\/bobea.net\/\"},{\"@type\":\"ListItem\",\"position\":2,\"name\":\"Culture et Mode : Jeanne Damas, ic\u00f4ne de Rouje, invit\u00e9e d&rsquo;honneur \u00e0 l&rsquo;exposition Paul Poiret \u00e0 Paris, un pont entre l&rsquo;influence digitale et l&rsquo;h\u00e9ritage haute couture\"}]},{\"@type\":\"WebSite\",\"@id\":\"https:\/\/bobea.net\/#website\",\"url\":\"https:\/\/bobea.net\/\",\"name\":\"Bobea\",\"description\":\"Le magazine de la nouvelle \u00c8ve\",\"publisher\":{\"@id\":\"https:\/\/bobea.net\/#organization\"},\"potentialAction\":[{\"@type\":\"SearchAction\",\"target\":{\"@type\":\"EntryPoint\",\"urlTemplate\":\"https:\/\/bobea.net\/?s={search_term_string}\"},\"query-input\":{\"@type\":\"PropertyValueSpecification\",\"valueRequired\":true,\"valueName\":\"search_term_string\"}}],\"inLanguage\":\"fr-FR\"},{\"@type\":\"Organization\",\"@id\":\"https:\/\/bobea.net\/#organization\",\"name\":\"Bobea\",\"url\":\"https:\/\/bobea.net\/\",\"logo\":{\"@type\":\"ImageObject\",\"inLanguage\":\"fr-FR\",\"@id\":\"https:\/\/bobea.net\/#\/schema\/logo\/image\/\",\"url\":\"https:\/\/bobea.net\/wp-content\/uploads\/2024\/06\/bobea.jpg\",\"contentUrl\":\"https:\/\/bobea.net\/wp-content\/uploads\/2024\/06\/bobea.jpg\",\"width\":1080,\"height\":1080,\"caption\":\"Bobea\"},\"image\":{\"@id\":\"https:\/\/bobea.net\/#\/schema\/logo\/image\/\"},\"sameAs\":[\"https:\/\/web.facebook.com\/profile.php?id=61559252188416\"]},{\"@type\":\"Person\",\"@id\":\"https:\/\/bobea.net\/#\/schema\/person\/e7f45ef187918d7c956bf619dce90ccf\",\"name\":\"bobea.info\",\"image\":{\"@type\":\"ImageObject\",\"inLanguage\":\"fr-FR\",\"@id\":\"https:\/\/bobea.net\/#\/schema\/person\/image\/\",\"url\":\"https:\/\/secure.gravatar.com\/avatar\/36147980349df887ae30808df3e29474?s=96&d=mm&r=g\",\"contentUrl\":\"https:\/\/secure.gravatar.com\/avatar\/36147980349df887ae30808df3e29474?s=96&d=mm&r=g\",\"caption\":\"bobea.info\"},\"sameAs\":[\"https:\/\/bobea.net\"],\"url\":\"https:\/\/bobea.net\/index.php\/author\/bobea-info\/\"}]}<\/script>\n<!-- \/ Yoast SEO plugin. -->","yoast_head_json":{"title":"Culture et Mode : Jeanne Damas, ic\u00f4ne de Rouje, invit\u00e9e d'honneur \u00e0 l'exposition Paul Poiret \u00e0 Paris, un pont entre l'influence digitale et l'h\u00e9ritage haute couture - Bobea","description":"Au-del\u00e0 de l'\u00e9v\u00e9nement, ce rapprochement souligne le positionnement de Rouje comme une marque qui s'inspire de l'histoire pour cr\u00e9er une mode","robots":{"index":"index","follow":"follow","max-snippet":"max-snippet:-1","max-image-preview":"max-image-preview:large","max-video-preview":"max-video-preview:-1"},"canonical":"https:\/\/bobea.net\/index.php\/2025\/10\/24\/culture-et-mode-jeanne-damas-icone-de-rouje-invitee-dhonneur-a-lexposition-paul-poiret-a-paris-un-pont-entre-linfluence-digitale-et-lheritage-haute-couture\/","og_locale":"fr_FR","og_type":"article","og_title":"Culture et Mode : Jeanne Damas, ic\u00f4ne de Rouje, invit\u00e9e d'honneur \u00e0 l'exposition Paul Poiret \u00e0 Paris, un pont entre l'influence digitale et l'h\u00e9ritage haute couture - Bobea","og_description":"Au-del\u00e0 de l'\u00e9v\u00e9nement, ce rapprochement souligne le positionnement de Rouje comme une marque qui s'inspire de l'histoire pour cr\u00e9er une mode","og_url":"https:\/\/bobea.net\/index.php\/2025\/10\/24\/culture-et-mode-jeanne-damas-icone-de-rouje-invitee-dhonneur-a-lexposition-paul-poiret-a-paris-un-pont-entre-linfluence-digitale-et-lheritage-haute-couture\/","og_site_name":"Bobea","article_publisher":"https:\/\/web.facebook.com\/profile.php?id=61559252188416","article_published_time":"2025-10-24T06:22:33+00:00","article_modified_time":"2025-10-24T06:22:34+00:00","og_image":[{"width":1600,"height":1200,"url":"https:\/\/bobea.net\/wp-content\/uploads\/2025\/10\/1177309-paul-poiret-l-exposition-sur-le-couturier-et-parfumeur-au-musee-des-arts-decoratifs-fotor-1750761983713.jpg","type":"image\/jpeg"}],"author":"bobea.info","twitter_card":"summary_large_image","twitter_misc":{"\u00c9crit par":"bobea.info","Dur\u00e9e de lecture estim\u00e9e":"3 minutes"},"schema":{"@context":"https:\/\/schema.org","@graph":[{"@type":"Article","@id":"https:\/\/bobea.net\/index.php\/2025\/10\/24\/culture-et-mode-jeanne-damas-icone-de-rouje-invitee-dhonneur-a-lexposition-paul-poiret-a-paris-un-pont-entre-linfluence-digitale-et-lheritage-haute-couture\/#article","isPartOf":{"@id":"https:\/\/bobea.net\/index.php\/2025\/10\/24\/culture-et-mode-jeanne-damas-icone-de-rouje-invitee-dhonneur-a-lexposition-paul-poiret-a-paris-un-pont-entre-linfluence-digitale-et-lheritage-haute-couture\/"},"author":{"name":"bobea.info","@id":"https:\/\/bobea.net\/#\/schema\/person\/e7f45ef187918d7c956bf619dce90ccf"},"headline":"Culture et Mode : Jeanne Damas, ic\u00f4ne de Rouje, invit\u00e9e d\u2019honneur \u00e0 l\u2019exposition Paul Poiret \u00e0 Paris, un pont entre l\u2019influence digitale et l\u2019h\u00e9ritage haute couture","datePublished":"2025-10-24T06:22:33+00:00","dateModified":"2025-10-24T06:22:34+00:00","mainEntityOfPage":{"@id":"https:\/\/bobea.net\/index.php\/2025\/10\/24\/culture-et-mode-jeanne-damas-icone-de-rouje-invitee-dhonneur-a-lexposition-paul-poiret-a-paris-un-pont-entre-linfluence-digitale-et-lheritage-haute-couture\/"},"wordCount":531,"commentCount":0,"publisher":{"@id":"https:\/\/bobea.net\/#organization"},"image":{"@id":"https:\/\/bobea.net\/index.php\/2025\/10\/24\/culture-et-mode-jeanne-damas-icone-de-rouje-invitee-dhonneur-a-lexposition-paul-poiret-a-paris-un-pont-entre-linfluence-digitale-et-lheritage-haute-couture\/#primaryimage"},"thumbnailUrl":"https:\/\/bobea.net\/wp-content\/uploads\/2025\/10\/1177309-paul-poiret-l-exposition-sur-le-couturier-et-parfumeur-au-musee-des-arts-decoratifs-fotor-1750761983713.jpg","keywords":["Bob\u00e9a News.","Exposition Paul Poiret","H\u00e9ritage Haute Couture","influence mode","Jeanne Damas","Mus\u00e9e Arts D\u00e9coratifs","Parisienne Chic","Rouje"],"articleSection":["Mode"],"inLanguage":"fr-FR","potentialAction":[{"@type":"CommentAction","name":"Comment","target":["https:\/\/bobea.net\/index.php\/2025\/10\/24\/culture-et-mode-jeanne-damas-icone-de-rouje-invitee-dhonneur-a-lexposition-paul-poiret-a-paris-un-pont-entre-linfluence-digitale-et-lheritage-haute-couture\/#respond"]}]},{"@type":"WebPage","@id":"https:\/\/bobea.net\/index.php\/2025\/10\/24\/culture-et-mode-jeanne-damas-icone-de-rouje-invitee-dhonneur-a-lexposition-paul-poiret-a-paris-un-pont-entre-linfluence-digitale-et-lheritage-haute-couture\/","url":"https:\/\/bobea.net\/index.php\/2025\/10\/24\/culture-et-mode-jeanne-damas-icone-de-rouje-invitee-dhonneur-a-lexposition-paul-poiret-a-paris-un-pont-entre-linfluence-digitale-et-lheritage-haute-couture\/","name":"Culture et Mode : Jeanne Damas, ic\u00f4ne de Rouje, invit\u00e9e d'honneur \u00e0 l'exposition Paul Poiret \u00e0 Paris, un pont entre l'influence digitale et l'h\u00e9ritage haute couture - Bobea","isPartOf":{"@id":"https:\/\/bobea.net\/#website"},"primaryImageOfPage":{"@id":"https:\/\/bobea.net\/index.php\/2025\/10\/24\/culture-et-mode-jeanne-damas-icone-de-rouje-invitee-dhonneur-a-lexposition-paul-poiret-a-paris-un-pont-entre-linfluence-digitale-et-lheritage-haute-couture\/#primaryimage"},"image":{"@id":"https:\/\/bobea.net\/index.php\/2025\/10\/24\/culture-et-mode-jeanne-damas-icone-de-rouje-invitee-dhonneur-a-lexposition-paul-poiret-a-paris-un-pont-entre-linfluence-digitale-et-lheritage-haute-couture\/#primaryimage"},"thumbnailUrl":"https:\/\/bobea.net\/wp-content\/uploads\/2025\/10\/1177309-paul-poiret-l-exposition-sur-le-couturier-et-parfumeur-au-musee-des-arts-decoratifs-fotor-1750761983713.jpg","datePublished":"2025-10-24T06:22:33+00:00","dateModified":"2025-10-24T06:22:34+00:00","description":"Au-del\u00e0 de l'\u00e9v\u00e9nement, ce rapprochement souligne le positionnement de Rouje comme une marque qui s'inspire de l'histoire pour cr\u00e9er une mode","breadcrumb":{"@id":"https:\/\/bobea.net\/index.php\/2025\/10\/24\/culture-et-mode-jeanne-damas-icone-de-rouje-invitee-dhonneur-a-lexposition-paul-poiret-a-paris-un-pont-entre-linfluence-digitale-et-lheritage-haute-couture\/#breadcrumb"},"inLanguage":"fr-FR","potentialAction":[{"@type":"ReadAction","target":["https:\/\/bobea.net\/index.php\/2025\/10\/24\/culture-et-mode-jeanne-damas-icone-de-rouje-invitee-dhonneur-a-lexposition-paul-poiret-a-paris-un-pont-entre-linfluence-digitale-et-lheritage-haute-couture\/"]}]},{"@type":"ImageObject","inLanguage":"fr-FR","@id":"https:\/\/bobea.net\/index.php\/2025\/10\/24\/culture-et-mode-jeanne-damas-icone-de-rouje-invitee-dhonneur-a-lexposition-paul-poiret-a-paris-un-pont-entre-linfluence-digitale-et-lheritage-haute-couture\/#primaryimage","url":"https:\/\/bobea.net\/wp-content\/uploads\/2025\/10\/1177309-paul-poiret-l-exposition-sur-le-couturier-et-parfumeur-au-musee-des-arts-decoratifs-fotor-1750761983713.jpg","contentUrl":"https:\/\/bobea.net\/wp-content\/uploads\/2025\/10\/1177309-paul-poiret-l-exposition-sur-le-couturier-et-parfumeur-au-musee-des-arts-decoratifs-fotor-1750761983713.jpg","width":1600,"height":1200},{"@type":"BreadcrumbList","@id":"https:\/\/bobea.net\/index.php\/2025\/10\/24\/culture-et-mode-jeanne-damas-icone-de-rouje-invitee-dhonneur-a-lexposition-paul-poiret-a-paris-un-pont-entre-linfluence-digitale-et-lheritage-haute-couture\/#breadcrumb","itemListElement":[{"@type":"ListItem","position":1,"name":"Accueil","item":"https:\/\/bobea.net\/"},{"@type":"ListItem","position":2,"name":"Culture et Mode : Jeanne Damas, ic\u00f4ne de Rouje, invit\u00e9e d&rsquo;honneur \u00e0 l&rsquo;exposition Paul Poiret \u00e0 Paris, un pont entre l&rsquo;influence digitale et l&rsquo;h\u00e9ritage haute couture"}]},{"@type":"WebSite","@id":"https:\/\/bobea.net\/#website","url":"https:\/\/bobea.net\/","name":"Bobea","description":"Le magazine de la nouvelle \u00c8ve","publisher":{"@id":"https:\/\/bobea.net\/#organization"},"potentialAction":[{"@type":"SearchAction","target":{"@type":"EntryPoint","urlTemplate":"https:\/\/bobea.net\/?s={search_term_string}"},"query-input":{"@type":"PropertyValueSpecification","valueRequired":true,"valueName":"search_term_string"}}],"inLanguage":"fr-FR"},{"@type":"Organization","@id":"https:\/\/bobea.net\/#organization","name":"Bobea","url":"https:\/\/bobea.net\/","logo":{"@type":"ImageObject","inLanguage":"fr-FR","@id":"https:\/\/bobea.net\/#\/schema\/logo\/image\/","url":"https:\/\/bobea.net\/wp-content\/uploads\/2024\/06\/bobea.jpg","contentUrl":"https:\/\/bobea.net\/wp-content\/uploads\/2024\/06\/bobea.jpg","width":1080,"height":1080,"caption":"Bobea"},"image":{"@id":"https:\/\/bobea.net\/#\/schema\/logo\/image\/"},"sameAs":["https:\/\/web.facebook.com\/profile.php?id=61559252188416"]},{"@type":"Person","@id":"https:\/\/bobea.net\/#\/schema\/person\/e7f45ef187918d7c956bf619dce90ccf","name":"bobea.info","image":{"@type":"ImageObject","inLanguage":"fr-FR","@id":"https:\/\/bobea.net\/#\/schema\/person\/image\/","url":"https:\/\/secure.gravatar.com\/avatar\/36147980349df887ae30808df3e29474?s=96&d=mm&r=g","contentUrl":"https:\/\/secure.gravatar.com\/avatar\/36147980349df887ae30808df3e29474?s=96&d=mm&r=g","caption":"bobea.info"},"sameAs":["https:\/\/bobea.net"],"url":"https:\/\/bobea.net\/index.php\/author\/bobea-info\/"}]}},"_links":{"self":[{"href":"https:\/\/bobea.net\/index.php\/wp-json\/wp\/v2\/posts\/26188"}],"collection":[{"href":"https:\/\/bobea.net\/index.php\/wp-json\/wp\/v2\/posts"}],"about":[{"href":"https:\/\/bobea.net\/index.php\/wp-json\/wp\/v2\/types\/post"}],"author":[{"embeddable":true,"href":"https:\/\/bobea.net\/index.php\/wp-json\/wp\/v2\/users\/1"}],"replies":[{"embeddable":true,"href":"https:\/\/bobea.net\/index.php\/wp-json\/wp\/v2\/comments?post=26188"}],"version-history":[{"count":1,"href":"https:\/\/bobea.net\/index.php\/wp-json\/wp\/v2\/posts\/26188\/revisions"}],"predecessor-version":[{"id":26191,"href":"https:\/\/bobea.net\/index.php\/wp-json\/wp\/v2\/posts\/26188\/revisions\/26191"}],"wp:featuredmedia":[{"embeddable":true,"href":"https:\/\/bobea.net\/index.php\/wp-json\/wp\/v2\/media\/26190"}],"wp:attachment":[{"href":"https:\/\/bobea.net\/index.php\/wp-json\/wp\/v2\/media?parent=26188"}],"wp:term":[{"taxonomy":"category","embeddable":true,"href":"https:\/\/bobea.net\/index.php\/wp-json\/wp\/v2\/categories?post=26188"},{"taxonomy":"post_tag","embeddable":true,"href":"https:\/\/bobea.net\/index.php\/wp-json\/wp\/v2\/tags?post=26188"}],"curies":[{"name":"wp","href":"https:\/\/api.w.org\/{rel}","templated":true}]}}