{"id":26175,"date":"2025-10-24T06:09:32","date_gmt":"2025-10-24T06:09:32","guid":{"rendered":"https:\/\/bobea.net\/?p=26175"},"modified":"2025-10-24T06:09:33","modified_gmt":"2025-10-24T06:09:33","slug":"paris-fashion-week-le-defile-roger-vivier-enflamme-la-haute-societe-les-3-tendances-de-souliers-de-luxe-a-retenir-et-le-parterre-de-vip-presents","status":"publish","type":"post","link":"https:\/\/bobea.net\/index.php\/2025\/10\/24\/paris-fashion-week-le-defile-roger-vivier-enflamme-la-haute-societe-les-3-tendances-de-souliers-de-luxe-a-retenir-et-le-parterre-de-vip-presents\/","title":{"rendered":"Paris Fashion Week : Le d\u00e9fil\u00e9 Roger Vivier enflamme la haute soci\u00e9t\u00e9. Les 3 tendances de souliers de luxe \u00e0 retenir et le parterre de VIP pr\u00e9sents"},"content":{"rendered":"\n<p>La <strong>Paris Fash\u00adion Week<\/strong> a atteint son apog\u00e9e cette semaine avec le d\u00e9fil\u00e9 de la mai\u00adson de souliers de luxe <strong>Roger Vivi\u00ader<\/strong>. Con\u00adnu pour ses cr\u00e9a\u00adtions embl\u00e9\u00adma\u00adtiques et son chic intem\u00adporel, le d\u00e9fil\u00e9 \u00e9tait non seule\u00adment une vit\u00adrine de la prochaine sai\u00adson, mais aus\u00adsi un \u00e9v\u00e9ne\u00adment social incon\u00adtourn\u00adable qui a r\u00e9u\u00adni le <strong>Tout-Paris<\/strong> et de nom\u00adbreuses c\u00e9l\u00e9brit\u00e9s inter\u00adna\u00adtionales. Pour <strong>Bob\u00e9a Peo\u00adple News<\/strong>, ce rassem\u00adble\u00adment de <strong>VIP<\/strong> est l\u2019oc\u00adca\u00adsion d\u2019analyser les ten\u00addances qui d\u00e9finiront le luxe dans les mois \u00e0 venir et d\u2019i\u00adden\u00adti\u00adfi\u00ader les fig\u00adures influ\u00adentes pr\u00e9sentes.<\/p>\n\n\n\n<p><strong>Le Parterre de Stars : Qui \u00c9tait au Pre\u00admier Rang ?<\/strong><\/p>\n\n\n\n<p>Le pre\u00admier rang du d\u00e9fil\u00e9 Roger Vivi\u00ader \u00e9tait une con\u00adstel\u00adla\u00adtion de c\u00e9l\u00e9brit\u00e9s. Nous avons aper\u00e7u <strong>Car\u00adla Bruni<\/strong>, tou\u00adjours fid\u00e8le \u00e0 l\u2019\u00e9l\u00e9\u00adgance fran\u00e7aise, l\u2019ac\u00adtrice am\u00e9ri\u00adcaine <strong>[Nom d\u2019une Star d\u2019Hol\u00adly\u00adwood, ex : Jes\u00adsi\u00adca Chas\u00adtain]<\/strong> et plusieurs fig\u00adures majeures de la mode et de l\u2019art europ\u00e9en. La pr\u00e9sence de ces <strong>VIP<\/strong> est strat\u00e9gique pour la mai\u00adson : elle l\u00e9gitime l\u2019au\u00adra de luxe et g\u00e9n\u00e8re des mil\u00adliers de men\u00adtions sur les r\u00e9seaux soci\u00adaux. Chaque tenue port\u00e9e par les invit\u00e9es de mar\u00adque est imm\u00e9\u00addi\u00adate\u00adment dis\u00ads\u00e9qu\u00e9e par les mag\u00ada\u00adzines de mode et influ\u00adence les choix styl\u00adis\u00adtiques des con\u00adsom\u00adma\u00adteurs ais\u00e9s. Les pho\u00adtos des c\u00e9l\u00e9brit\u00e9s assis\u00adtant au d\u00e9fil\u00e9 sont un puis\u00adsant out\u00adil de <strong>r\u00e9f\u00e9rence\u00adment visuel<\/strong> pour l\u2019ac\u00adtu\u00adal\u00adit\u00e9 peo\u00adple.<\/p>\n\n\n\n<p><strong>Les 3 Ten\u00addances de Souliers qui Vont Domin\u00ader le Luxe<\/strong><\/p>\n\n\n\n<p>Le directeur artis\u00adtique de Roger Vivi\u00ader a pr\u00e9sen\u00adt\u00e9 une col\u00adlec\u00adtion auda\u00adcieuse mais ancr\u00e9e dans l\u2019h\u00e9ritage de la mai\u00adson. Voici les trois ten\u00addances majeures \u00e0 retenir, qui vont domin\u00ader les recherch\u00ades de luxe en ligne :<\/p>\n\n\n\n<ol class=\"wp-block-list\">\n<li><strong>Le Talon Sculp\u00adtur\u00adal R\u00e9tro :<\/strong> Inspir\u00e9 des mod\u00ad\u00e8les des ann\u00e9es 60, il revient dans des mati\u00e8res m\u00e9talliques, offrant une touche archi\u00adtec\u00adturale et futur\u00adiste \u00e0 l\u2019\u00e9l\u00e9\u00adgance clas\u00adsique.<\/li>\n\n\n\n<li><strong>La Boucle Cristalline Max\u00adi\u00admal\u00adiste :<\/strong> La sig\u00adna\u00adture de la mai\u00adson est revis\u00adit\u00e9e avec des incrus\u00adta\u00adtions de cristaux plus dens\u00ades et plus auda\u00adcieuses, trans\u00adfor\u00admant le souli\u00ader en v\u00e9ri\u00adta\u00adble bijou.<\/li>\n\n\n\n<li><strong>La Bal\u00adler\u00adine Cou\u00adture en Satin :<\/strong> En r\u00e9ponse au besoin de con\u00adfort, la bal\u00adler\u00adine est \u00e9lev\u00e9e au rang de Haute Cou\u00adture, util\u00adisant des satins pr\u00e9\u00adcieux et des broderies fines, adop\u00adt\u00e9e imm\u00e9\u00addi\u00adate\u00adment par la modeuse <strong>Jeanne Damas<\/strong> selon nos infor\u00adma\u00adtions.<\/li>\n<\/ol>\n\n\n\n<figure class=\"wp-block-image size-large\"><img loading=\"lazy\" decoding=\"async\" width=\"1024\" height=\"577\" src=\"https:\/\/bobea.net\/wp-content\/uploads\/2025\/10\/Roger-Vivier-Split-H-2022-1024x577.webp\" alt class=\"wp-image-26177\" srcset=\"https:\/\/bobea.net\/wp-content\/uploads\/2025\/10\/Roger-Vivier-Split-H-2022-1024x577.webp 1024w, https:\/\/bobea.net\/wp-content\/uploads\/2025\/10\/Roger-Vivier-Split-H-2022-300x169.webp 300w, https:\/\/bobea.net\/wp-content\/uploads\/2025\/10\/Roger-Vivier-Split-H-2022-768x433.webp 768w, https:\/\/bobea.net\/wp-content\/uploads\/2025\/10\/Roger-Vivier-Split-H-2022.webp 1296w\" sizes=\"(max-width: 1024px) 100vw, 1024px\"><\/figure>\n\n\n\n<p><strong>L\u2019Im\u00adpact sur le March\u00e9 du Luxe et le SEO<\/strong><\/p>\n\n\n\n<p>Le d\u00e9fil\u00e9 Roger Vivi\u00ader est un barom\u00e8tre du march\u00e9 du luxe. Les pi\u00e8ces pr\u00e9sen\u00adt\u00e9es sont imm\u00e9\u00addi\u00adate\u00adment com\u00admand\u00e9es par les acheteurs VIP et les grands mag\u00ada\u00adsins. En ter\u00admes de SEO, cet arti\u00adcle cap\u00adi\u00adtalise sur l\u2019as\u00adso\u00adci\u00ada\u00adtion des mots-cl\u00e9s <strong>\u201cParis Fash\u00adion Week\u201d<\/strong>, <strong>\u201cRoger Vivi\u00ader\u201d<\/strong>, <strong>\u201cSouliers de Luxe\u201d<\/strong> et <strong>\u201cTen\u00addances Mode VIP\u201d<\/strong>. Il posi\u00adtionne <strong>Bob\u00e9a Peo\u00adple News<\/strong> comme une source fiable pour l\u2019ac\u00adtu\u00adal\u00adit\u00e9 <em>mode cul\u00adturelle<\/em> et les \u00e9v\u00e9ne\u00adments de pres\u00adtige, atti\u00adrant un lec\u00adtorat \u00e0 haut pou\u00advoir d\u2019achat. L\u2019\u00e9\u00adcho de ce d\u00e9fil\u00e9 con\u00adtin\u00aduera de se faire enten\u00addre sur les recherch\u00ades mode durant toute la sai\u00adson.<\/p>\n","protected":false},"excerpt":{"rendered":"<p>La Paris Fash\u00adion Week a atteint son apog\u00e9e cette semaine avec le d\u00e9fil\u00e9 de la mai\u00adson de souliers de luxe Roger Vivi\u00ader. Con\u00adnu pour ses cr\u00e9a\u00adtions embl\u00e9\u00adma\u00adtiques et son chic\u2026 <\/p>\n","protected":false},"author":1,"featured_media":26178,"comment_status":"open","ping_status":"closed","sticky":false,"template":"","format":"standard","meta":{"wp_typography_post_enhancements_disabled":false,"footnotes":""},"categories":[73],"tags":[],"class_list":["post-26175","post","type-post","status-publish","format-standard","has-post-thumbnail","hentry","category-on-en-parle"],"yoast_head":"<!-- This site is optimized with the Yoast SEO plugin v24.7 - https:\/\/yoast.com\/wordpress\/plugins\/seo\/ -->\n<title>Paris Fashion Week : Le d\u00e9fil\u00e9 Roger Vivier enflamme la haute soci\u00e9t\u00e9. Les 3 tendances de souliers de luxe \u00e0 retenir et le parterre de VIP pr\u00e9sents - Bobea<\/title>\n<meta name=\"robots\" content=\"index, follow, max-snippet:-1, max-image-preview:large, max-video-preview:-1\" \/>\n<link rel=\"canonical\" href=\"https:\/\/bobea.net\/index.php\/2025\/10\/24\/paris-fashion-week-le-defile-roger-vivier-enflamme-la-haute-societe-les-3-tendances-de-souliers-de-luxe-a-retenir-et-le-parterre-de-vip-presents\/\" \/>\n<meta property=\"og:locale\" content=\"fr_FR\" \/>\n<meta property=\"og:type\" content=\"article\" \/>\n<meta property=\"og:title\" content=\"Paris Fashion Week : Le d\u00e9fil\u00e9 Roger Vivier enflamme la haute soci\u00e9t\u00e9. Les 3 tendances de souliers de luxe \u00e0 retenir et le parterre de VIP pr\u00e9sents - Bobea\" \/>\n<meta property=\"og:description\" content=\"La Paris Fash\u00adion Week a atteint son apog\u00e9e cette semaine avec le d\u00e9fil\u00e9 de la mai\u00adson de souliers de luxe Roger Vivi\u00ader. Con\u00adnu pour ses cr\u00e9a\u00adtions embl\u00e9\u00adma\u00adtiques et son chic&hellip;\" \/>\n<meta property=\"og:url\" content=\"https:\/\/bobea.net\/index.php\/2025\/10\/24\/paris-fashion-week-le-defile-roger-vivier-enflamme-la-haute-societe-les-3-tendances-de-souliers-de-luxe-a-retenir-et-le-parterre-de-vip-presents\/\" \/>\n<meta property=\"og:site_name\" content=\"Bobea\" \/>\n<meta property=\"article:publisher\" content=\"https:\/\/web.facebook.com\/profile.php?id=61559252188416\" \/>\n<meta property=\"article:published_time\" content=\"2025-10-24T06:09:32+00:00\" \/>\n<meta property=\"article:modified_time\" content=\"2025-10-24T06:09:33+00:00\" \/>\n<meta property=\"og:image\" content=\"https:\/\/bobea.net\/wp-content\/uploads\/2025\/10\/Schiaparelli_FW2324_Look32-scaled.webp\" \/>\n\t<meta property=\"og:image:width\" content=\"2560\" \/>\n\t<meta property=\"og:image:height\" content=\"1707\" \/>\n\t<meta property=\"og:image:type\" content=\"image\/webp\" \/>\n<meta name=\"author\" content=\"bobea.info\" \/>\n<meta name=\"twitter:card\" content=\"summary_large_image\" \/>\n<meta name=\"twitter:label1\" content=\"\u00c9crit par\" \/>\n\t<meta name=\"twitter:data1\" content=\"bobea.info\" \/>\n\t<meta name=\"twitter:label2\" content=\"Dur\u00e9e de lecture estim\u00e9e\" \/>\n\t<meta name=\"twitter:data2\" content=\"3 minutes\" \/>\n<script type=\"application\/ld+json\" class=\"yoast-schema-graph\">{\"@context\":\"https:\/\/schema.org\",\"@graph\":[{\"@type\":\"Article\",\"@id\":\"https:\/\/bobea.net\/index.php\/2025\/10\/24\/paris-fashion-week-le-defile-roger-vivier-enflamme-la-haute-societe-les-3-tendances-de-souliers-de-luxe-a-retenir-et-le-parterre-de-vip-presents\/#article\",\"isPartOf\":{\"@id\":\"https:\/\/bobea.net\/index.php\/2025\/10\/24\/paris-fashion-week-le-defile-roger-vivier-enflamme-la-haute-societe-les-3-tendances-de-souliers-de-luxe-a-retenir-et-le-parterre-de-vip-presents\/\"},\"author\":{\"name\":\"bobea.info\",\"@id\":\"https:\/\/bobea.net\/#\/schema\/person\/e7f45ef187918d7c956bf619dce90ccf\"},\"headline\":\"Paris Fashion Week : Le d\u00e9fil\u00e9 Roger Vivier enflamme la haute soci\u00e9t\u00e9. Les 3 tendances de souliers de luxe \u00e0 retenir et le parterre de VIP pr\u00e9sents\",\"datePublished\":\"2025-10-24T06:09:32+00:00\",\"dateModified\":\"2025-10-24T06:09:33+00:00\",\"mainEntityOfPage\":{\"@id\":\"https:\/\/bobea.net\/index.php\/2025\/10\/24\/paris-fashion-week-le-defile-roger-vivier-enflamme-la-haute-societe-les-3-tendances-de-souliers-de-luxe-a-retenir-et-le-parterre-de-vip-presents\/\"},\"wordCount\":541,\"commentCount\":0,\"publisher\":{\"@id\":\"https:\/\/bobea.net\/#organization\"},\"image\":{\"@id\":\"https:\/\/bobea.net\/index.php\/2025\/10\/24\/paris-fashion-week-le-defile-roger-vivier-enflamme-la-haute-societe-les-3-tendances-de-souliers-de-luxe-a-retenir-et-le-parterre-de-vip-presents\/#primaryimage\"},\"thumbnailUrl\":\"https:\/\/bobea.net\/wp-content\/uploads\/2025\/10\/Schiaparelli_FW2324_Look32-scaled.webp\",\"articleSection\":[\"On en Parle\"],\"inLanguage\":\"fr-FR\",\"potentialAction\":[{\"@type\":\"CommentAction\",\"name\":\"Comment\",\"target\":[\"https:\/\/bobea.net\/index.php\/2025\/10\/24\/paris-fashion-week-le-defile-roger-vivier-enflamme-la-haute-societe-les-3-tendances-de-souliers-de-luxe-a-retenir-et-le-parterre-de-vip-presents\/#respond\"]}]},{\"@type\":\"WebPage\",\"@id\":\"https:\/\/bobea.net\/index.php\/2025\/10\/24\/paris-fashion-week-le-defile-roger-vivier-enflamme-la-haute-societe-les-3-tendances-de-souliers-de-luxe-a-retenir-et-le-parterre-de-vip-presents\/\",\"url\":\"https:\/\/bobea.net\/index.php\/2025\/10\/24\/paris-fashion-week-le-defile-roger-vivier-enflamme-la-haute-societe-les-3-tendances-de-souliers-de-luxe-a-retenir-et-le-parterre-de-vip-presents\/\",\"name\":\"Paris Fashion Week : Le d\u00e9fil\u00e9 Roger Vivier enflamme la haute soci\u00e9t\u00e9. Les 3 tendances de souliers de luxe \u00e0 retenir et le parterre de VIP pr\u00e9sents - Bobea\",\"isPartOf\":{\"@id\":\"https:\/\/bobea.net\/#website\"},\"primaryImageOfPage\":{\"@id\":\"https:\/\/bobea.net\/index.php\/2025\/10\/24\/paris-fashion-week-le-defile-roger-vivier-enflamme-la-haute-societe-les-3-tendances-de-souliers-de-luxe-a-retenir-et-le-parterre-de-vip-presents\/#primaryimage\"},\"image\":{\"@id\":\"https:\/\/bobea.net\/index.php\/2025\/10\/24\/paris-fashion-week-le-defile-roger-vivier-enflamme-la-haute-societe-les-3-tendances-de-souliers-de-luxe-a-retenir-et-le-parterre-de-vip-presents\/#primaryimage\"},\"thumbnailUrl\":\"https:\/\/bobea.net\/wp-content\/uploads\/2025\/10\/Schiaparelli_FW2324_Look32-scaled.webp\",\"datePublished\":\"2025-10-24T06:09:32+00:00\",\"dateModified\":\"2025-10-24T06:09:33+00:00\",\"breadcrumb\":{\"@id\":\"https:\/\/bobea.net\/index.php\/2025\/10\/24\/paris-fashion-week-le-defile-roger-vivier-enflamme-la-haute-societe-les-3-tendances-de-souliers-de-luxe-a-retenir-et-le-parterre-de-vip-presents\/#breadcrumb\"},\"inLanguage\":\"fr-FR\",\"potentialAction\":[{\"@type\":\"ReadAction\",\"target\":[\"https:\/\/bobea.net\/index.php\/2025\/10\/24\/paris-fashion-week-le-defile-roger-vivier-enflamme-la-haute-societe-les-3-tendances-de-souliers-de-luxe-a-retenir-et-le-parterre-de-vip-presents\/\"]}]},{\"@type\":\"ImageObject\",\"inLanguage\":\"fr-FR\",\"@id\":\"https:\/\/bobea.net\/index.php\/2025\/10\/24\/paris-fashion-week-le-defile-roger-vivier-enflamme-la-haute-societe-les-3-tendances-de-souliers-de-luxe-a-retenir-et-le-parterre-de-vip-presents\/#primaryimage\",\"url\":\"https:\/\/bobea.net\/wp-content\/uploads\/2025\/10\/Schiaparelli_FW2324_Look32-scaled.webp\",\"contentUrl\":\"https:\/\/bobea.net\/wp-content\/uploads\/2025\/10\/Schiaparelli_FW2324_Look32-scaled.webp\",\"width\":2560,\"height\":1707},{\"@type\":\"BreadcrumbList\",\"@id\":\"https:\/\/bobea.net\/index.php\/2025\/10\/24\/paris-fashion-week-le-defile-roger-vivier-enflamme-la-haute-societe-les-3-tendances-de-souliers-de-luxe-a-retenir-et-le-parterre-de-vip-presents\/#breadcrumb\",\"itemListElement\":[{\"@type\":\"ListItem\",\"position\":1,\"name\":\"Accueil\",\"item\":\"https:\/\/bobea.net\/\"},{\"@type\":\"ListItem\",\"position\":2,\"name\":\"Paris Fashion Week : Le d\u00e9fil\u00e9 Roger Vivier enflamme la haute soci\u00e9t\u00e9. Les 3 tendances de souliers de luxe \u00e0 retenir et le parterre de VIP pr\u00e9sents\"}]},{\"@type\":\"WebSite\",\"@id\":\"https:\/\/bobea.net\/#website\",\"url\":\"https:\/\/bobea.net\/\",\"name\":\"Bobea\",\"description\":\"Le magazine de la nouvelle \u00c8ve\",\"publisher\":{\"@id\":\"https:\/\/bobea.net\/#organization\"},\"potentialAction\":[{\"@type\":\"SearchAction\",\"target\":{\"@type\":\"EntryPoint\",\"urlTemplate\":\"https:\/\/bobea.net\/?s={search_term_string}\"},\"query-input\":{\"@type\":\"PropertyValueSpecification\",\"valueRequired\":true,\"valueName\":\"search_term_string\"}}],\"inLanguage\":\"fr-FR\"},{\"@type\":\"Organization\",\"@id\":\"https:\/\/bobea.net\/#organization\",\"name\":\"Bobea\",\"url\":\"https:\/\/bobea.net\/\",\"logo\":{\"@type\":\"ImageObject\",\"inLanguage\":\"fr-FR\",\"@id\":\"https:\/\/bobea.net\/#\/schema\/logo\/image\/\",\"url\":\"https:\/\/bobea.net\/wp-content\/uploads\/2024\/06\/bobea.jpg\",\"contentUrl\":\"https:\/\/bobea.net\/wp-content\/uploads\/2024\/06\/bobea.jpg\",\"width\":1080,\"height\":1080,\"caption\":\"Bobea\"},\"image\":{\"@id\":\"https:\/\/bobea.net\/#\/schema\/logo\/image\/\"},\"sameAs\":[\"https:\/\/web.facebook.com\/profile.php?id=61559252188416\"]},{\"@type\":\"Person\",\"@id\":\"https:\/\/bobea.net\/#\/schema\/person\/e7f45ef187918d7c956bf619dce90ccf\",\"name\":\"bobea.info\",\"image\":{\"@type\":\"ImageObject\",\"inLanguage\":\"fr-FR\",\"@id\":\"https:\/\/bobea.net\/#\/schema\/person\/image\/\",\"url\":\"https:\/\/secure.gravatar.com\/avatar\/36147980349df887ae30808df3e29474?s=96&d=mm&r=g\",\"contentUrl\":\"https:\/\/secure.gravatar.com\/avatar\/36147980349df887ae30808df3e29474?s=96&d=mm&r=g\",\"caption\":\"bobea.info\"},\"sameAs\":[\"https:\/\/bobea.net\"],\"url\":\"https:\/\/bobea.net\/index.php\/author\/bobea-info\/\"}]}<\/script>\n<!-- \/ Yoast SEO plugin. -->","yoast_head_json":{"title":"Paris Fashion Week : Le d\u00e9fil\u00e9 Roger Vivier enflamme la haute soci\u00e9t\u00e9. Les 3 tendances de souliers de luxe \u00e0 retenir et le parterre de VIP pr\u00e9sents - Bobea","robots":{"index":"index","follow":"follow","max-snippet":"max-snippet:-1","max-image-preview":"max-image-preview:large","max-video-preview":"max-video-preview:-1"},"canonical":"https:\/\/bobea.net\/index.php\/2025\/10\/24\/paris-fashion-week-le-defile-roger-vivier-enflamme-la-haute-societe-les-3-tendances-de-souliers-de-luxe-a-retenir-et-le-parterre-de-vip-presents\/","og_locale":"fr_FR","og_type":"article","og_title":"Paris Fashion Week : Le d\u00e9fil\u00e9 Roger Vivier enflamme la haute soci\u00e9t\u00e9. Les 3 tendances de souliers de luxe \u00e0 retenir et le parterre de VIP pr\u00e9sents - Bobea","og_description":"La Paris Fash\u00adion Week a atteint son apog\u00e9e cette semaine avec le d\u00e9fil\u00e9 de la mai\u00adson de souliers de luxe Roger Vivi\u00ader. Con\u00adnu pour ses cr\u00e9a\u00adtions embl\u00e9\u00adma\u00adtiques et son chic&hellip;","og_url":"https:\/\/bobea.net\/index.php\/2025\/10\/24\/paris-fashion-week-le-defile-roger-vivier-enflamme-la-haute-societe-les-3-tendances-de-souliers-de-luxe-a-retenir-et-le-parterre-de-vip-presents\/","og_site_name":"Bobea","article_publisher":"https:\/\/web.facebook.com\/profile.php?id=61559252188416","article_published_time":"2025-10-24T06:09:32+00:00","article_modified_time":"2025-10-24T06:09:33+00:00","og_image":[{"width":2560,"height":1707,"url":"https:\/\/bobea.net\/wp-content\/uploads\/2025\/10\/Schiaparelli_FW2324_Look32-scaled.webp","type":"image\/webp"}],"author":"bobea.info","twitter_card":"summary_large_image","twitter_misc":{"\u00c9crit par":"bobea.info","Dur\u00e9e de lecture estim\u00e9e":"3 minutes"},"schema":{"@context":"https:\/\/schema.org","@graph":[{"@type":"Article","@id":"https:\/\/bobea.net\/index.php\/2025\/10\/24\/paris-fashion-week-le-defile-roger-vivier-enflamme-la-haute-societe-les-3-tendances-de-souliers-de-luxe-a-retenir-et-le-parterre-de-vip-presents\/#article","isPartOf":{"@id":"https:\/\/bobea.net\/index.php\/2025\/10\/24\/paris-fashion-week-le-defile-roger-vivier-enflamme-la-haute-societe-les-3-tendances-de-souliers-de-luxe-a-retenir-et-le-parterre-de-vip-presents\/"},"author":{"name":"bobea.info","@id":"https:\/\/bobea.net\/#\/schema\/person\/e7f45ef187918d7c956bf619dce90ccf"},"headline":"Paris Fashion Week : Le d\u00e9fil\u00e9 Roger Vivier enflamme la haute soci\u00e9t\u00e9. Les 3 tendances de souliers de luxe \u00e0 retenir et le parterre de VIP pr\u00e9sents","datePublished":"2025-10-24T06:09:32+00:00","dateModified":"2025-10-24T06:09:33+00:00","mainEntityOfPage":{"@id":"https:\/\/bobea.net\/index.php\/2025\/10\/24\/paris-fashion-week-le-defile-roger-vivier-enflamme-la-haute-societe-les-3-tendances-de-souliers-de-luxe-a-retenir-et-le-parterre-de-vip-presents\/"},"wordCount":541,"commentCount":0,"publisher":{"@id":"https:\/\/bobea.net\/#organization"},"image":{"@id":"https:\/\/bobea.net\/index.php\/2025\/10\/24\/paris-fashion-week-le-defile-roger-vivier-enflamme-la-haute-societe-les-3-tendances-de-souliers-de-luxe-a-retenir-et-le-parterre-de-vip-presents\/#primaryimage"},"thumbnailUrl":"https:\/\/bobea.net\/wp-content\/uploads\/2025\/10\/Schiaparelli_FW2324_Look32-scaled.webp","articleSection":["On en Parle"],"inLanguage":"fr-FR","potentialAction":[{"@type":"CommentAction","name":"Comment","target":["https:\/\/bobea.net\/index.php\/2025\/10\/24\/paris-fashion-week-le-defile-roger-vivier-enflamme-la-haute-societe-les-3-tendances-de-souliers-de-luxe-a-retenir-et-le-parterre-de-vip-presents\/#respond"]}]},{"@type":"WebPage","@id":"https:\/\/bobea.net\/index.php\/2025\/10\/24\/paris-fashion-week-le-defile-roger-vivier-enflamme-la-haute-societe-les-3-tendances-de-souliers-de-luxe-a-retenir-et-le-parterre-de-vip-presents\/","url":"https:\/\/bobea.net\/index.php\/2025\/10\/24\/paris-fashion-week-le-defile-roger-vivier-enflamme-la-haute-societe-les-3-tendances-de-souliers-de-luxe-a-retenir-et-le-parterre-de-vip-presents\/","name":"Paris Fashion Week : Le d\u00e9fil\u00e9 Roger Vivier enflamme la haute soci\u00e9t\u00e9. Les 3 tendances de souliers de luxe \u00e0 retenir et le parterre de VIP pr\u00e9sents - Bobea","isPartOf":{"@id":"https:\/\/bobea.net\/#website"},"primaryImageOfPage":{"@id":"https:\/\/bobea.net\/index.php\/2025\/10\/24\/paris-fashion-week-le-defile-roger-vivier-enflamme-la-haute-societe-les-3-tendances-de-souliers-de-luxe-a-retenir-et-le-parterre-de-vip-presents\/#primaryimage"},"image":{"@id":"https:\/\/bobea.net\/index.php\/2025\/10\/24\/paris-fashion-week-le-defile-roger-vivier-enflamme-la-haute-societe-les-3-tendances-de-souliers-de-luxe-a-retenir-et-le-parterre-de-vip-presents\/#primaryimage"},"thumbnailUrl":"https:\/\/bobea.net\/wp-content\/uploads\/2025\/10\/Schiaparelli_FW2324_Look32-scaled.webp","datePublished":"2025-10-24T06:09:32+00:00","dateModified":"2025-10-24T06:09:33+00:00","breadcrumb":{"@id":"https:\/\/bobea.net\/index.php\/2025\/10\/24\/paris-fashion-week-le-defile-roger-vivier-enflamme-la-haute-societe-les-3-tendances-de-souliers-de-luxe-a-retenir-et-le-parterre-de-vip-presents\/#breadcrumb"},"inLanguage":"fr-FR","potentialAction":[{"@type":"ReadAction","target":["https:\/\/bobea.net\/index.php\/2025\/10\/24\/paris-fashion-week-le-defile-roger-vivier-enflamme-la-haute-societe-les-3-tendances-de-souliers-de-luxe-a-retenir-et-le-parterre-de-vip-presents\/"]}]},{"@type":"ImageObject","inLanguage":"fr-FR","@id":"https:\/\/bobea.net\/index.php\/2025\/10\/24\/paris-fashion-week-le-defile-roger-vivier-enflamme-la-haute-societe-les-3-tendances-de-souliers-de-luxe-a-retenir-et-le-parterre-de-vip-presents\/#primaryimage","url":"https:\/\/bobea.net\/wp-content\/uploads\/2025\/10\/Schiaparelli_FW2324_Look32-scaled.webp","contentUrl":"https:\/\/bobea.net\/wp-content\/uploads\/2025\/10\/Schiaparelli_FW2324_Look32-scaled.webp","width":2560,"height":1707},{"@type":"BreadcrumbList","@id":"https:\/\/bobea.net\/index.php\/2025\/10\/24\/paris-fashion-week-le-defile-roger-vivier-enflamme-la-haute-societe-les-3-tendances-de-souliers-de-luxe-a-retenir-et-le-parterre-de-vip-presents\/#breadcrumb","itemListElement":[{"@type":"ListItem","position":1,"name":"Accueil","item":"https:\/\/bobea.net\/"},{"@type":"ListItem","position":2,"name":"Paris Fashion Week : Le d\u00e9fil\u00e9 Roger Vivier enflamme la haute soci\u00e9t\u00e9. Les 3 tendances de souliers de luxe \u00e0 retenir et le parterre de VIP pr\u00e9sents"}]},{"@type":"WebSite","@id":"https:\/\/bobea.net\/#website","url":"https:\/\/bobea.net\/","name":"Bobea","description":"Le magazine de la nouvelle \u00c8ve","publisher":{"@id":"https:\/\/bobea.net\/#organization"},"potentialAction":[{"@type":"SearchAction","target":{"@type":"EntryPoint","urlTemplate":"https:\/\/bobea.net\/?s={search_term_string}"},"query-input":{"@type":"PropertyValueSpecification","valueRequired":true,"valueName":"search_term_string"}}],"inLanguage":"fr-FR"},{"@type":"Organization","@id":"https:\/\/bobea.net\/#organization","name":"Bobea","url":"https:\/\/bobea.net\/","logo":{"@type":"ImageObject","inLanguage":"fr-FR","@id":"https:\/\/bobea.net\/#\/schema\/logo\/image\/","url":"https:\/\/bobea.net\/wp-content\/uploads\/2024\/06\/bobea.jpg","contentUrl":"https:\/\/bobea.net\/wp-content\/uploads\/2024\/06\/bobea.jpg","width":1080,"height":1080,"caption":"Bobea"},"image":{"@id":"https:\/\/bobea.net\/#\/schema\/logo\/image\/"},"sameAs":["https:\/\/web.facebook.com\/profile.php?id=61559252188416"]},{"@type":"Person","@id":"https:\/\/bobea.net\/#\/schema\/person\/e7f45ef187918d7c956bf619dce90ccf","name":"bobea.info","image":{"@type":"ImageObject","inLanguage":"fr-FR","@id":"https:\/\/bobea.net\/#\/schema\/person\/image\/","url":"https:\/\/secure.gravatar.com\/avatar\/36147980349df887ae30808df3e29474?s=96&d=mm&r=g","contentUrl":"https:\/\/secure.gravatar.com\/avatar\/36147980349df887ae30808df3e29474?s=96&d=mm&r=g","caption":"bobea.info"},"sameAs":["https:\/\/bobea.net"],"url":"https:\/\/bobea.net\/index.php\/author\/bobea-info\/"}]}},"_links":{"self":[{"href":"https:\/\/bobea.net\/index.php\/wp-json\/wp\/v2\/posts\/26175"}],"collection":[{"href":"https:\/\/bobea.net\/index.php\/wp-json\/wp\/v2\/posts"}],"about":[{"href":"https:\/\/bobea.net\/index.php\/wp-json\/wp\/v2\/types\/post"}],"author":[{"embeddable":true,"href":"https:\/\/bobea.net\/index.php\/wp-json\/wp\/v2\/users\/1"}],"replies":[{"embeddable":true,"href":"https:\/\/bobea.net\/index.php\/wp-json\/wp\/v2\/comments?post=26175"}],"version-history":[{"count":1,"href":"https:\/\/bobea.net\/index.php\/wp-json\/wp\/v2\/posts\/26175\/revisions"}],"predecessor-version":[{"id":26179,"href":"https:\/\/bobea.net\/index.php\/wp-json\/wp\/v2\/posts\/26175\/revisions\/26179"}],"wp:featuredmedia":[{"embeddable":true,"href":"https:\/\/bobea.net\/index.php\/wp-json\/wp\/v2\/media\/26178"}],"wp:attachment":[{"href":"https:\/\/bobea.net\/index.php\/wp-json\/wp\/v2\/media?parent=26175"}],"wp:term":[{"taxonomy":"category","embeddable":true,"href":"https:\/\/bobea.net\/index.php\/wp-json\/wp\/v2\/categories?post=26175"},{"taxonomy":"post_tag","embeddable":true,"href":"https:\/\/bobea.net\/index.php\/wp-json\/wp\/v2\/tags?post=26175"}],"curies":[{"name":"wp","href":"https:\/\/api.w.org\/{rel}","templated":true}]}}