{"id":26138,"date":"2025-10-24T05:34:06","date_gmt":"2025-10-24T05:34:06","guid":{"rendered":"https:\/\/bobea.net\/?p=26138"},"modified":"2025-10-24T05:34:07","modified_gmt":"2025-10-24T05:34:07","slug":"mode-tapis-rouge-et-iconographie","status":"publish","type":"post","link":"https:\/\/bobea.net\/index.php\/2025\/10\/24\/mode-tapis-rouge-et-iconographie\/","title":{"rendered":"Mode, Tapis Rouge et Iconographie"},"content":{"rendered":"\n<p><strong>Analyse Mode : La robe vin\u00adtage Chanel de Vir\u00adginie Efi\u00adra au Fes\u00adti\u00adval de Rome, un coup de ma\u00eetre qui red\u00e9finit l\u2019\u00e9l\u00e9\u00adgance du Tapis Rouge Europ\u00e9en<\/strong><\/p>\n\n\n\n<p>Le Fes\u00adti\u00adval du Film de Rome a \u00e9t\u00e9 le th\u00e9\u00e2tre d\u2019un moment de mode absol\u00adu\u00adment m\u00e9morable cette semaine. L\u2019ac\u00adtrice fran\u00e7aise <strong>Vir\u00adginie Efi\u00adra<\/strong>, ic\u00f4ne d\u2019\u00e9l\u00e9\u00adgance et muse de nom\u00adbreuses maisons de luxe, a une fois de plus cap\u00adtiv\u00e9 l\u2019at\u00adten\u00adtion g\u00e9n\u00e9rale en foulant le tapis rouge dans une mag\u00adnifique robe <strong>Chanel<\/strong> des archives de la mar\u00adque. Ce choix n\u2019est pas anodin : loin de la course \u00e0 la nou\u00adveaut\u00e9, opter pour une pi\u00e8ce vin\u00adtage d\u2019une mai\u00adson de haute cou\u00adture fran\u00e7aise est un geste fort, qui red\u00e9finit l\u2019ap\u00adproche de l\u2019\u00e9l\u00e9\u00adgance europ\u00e9enne et con\u00adf\u00e8re \u00e0 la star une aura d\u2019in\u00adtem\u00adpo\u00adral\u00adit\u00e9. Pour <strong>Bob\u00e9a Peo\u00adple News<\/strong>, cette appari\u00adtion est un cas d\u2019\u00e9\u00adcole de l\u2019im\u00adpact mode et cul\u00adturel.<\/p>\n\n\n\n<p><strong>L\u2019In\u00adtem\u00adpo\u00adral\u00adit\u00e9 du Vin\u00adtage Haute Cou\u00adture<\/strong><\/p>\n\n\n\n<p>La robe Chanel choisie par Vir\u00adginie Efi\u00adra \u2013 un mod\u00ad\u00e8le de la col\u00adlec\u00adtion Haute Cou\u00adture Print\u00ademps-\u00c9t\u00e9 [Date approx\u00adi\u00adma\u00adtive, par exem\u00adple 1995] \u2013 \u00e9tait un m\u00e9lange par\u00adfait de sophis\u00adti\u00adca\u00adtion dis\u00adcr\u00e8te et de coupe impec\u00adca\u00adble. Dans un con\u00adtexte o\u00f9 les \u00e9v\u00e9ne\u00adments peo\u00adple sont sou\u00advent sub\u00admerg\u00e9s par des tenues osten\u00adta\u00adtoires ou des designs ultra-mod\u00adernes, le choix du vin\u00adtage par une star de son enver\u00adgure est un sig\u00adnal puis\u00adsant. Il met en lumi\u00e8re l\u2019h\u00e9ritage et le savoir-faire des grandes maisons fran\u00e7ais\u00ades. La star a col\u00adlabor\u00e9 avec sa styl\u00adiste de longue date pour d\u00e9nich\u00ader cette pi\u00e8ce rare, d\u00e9mon\u00adtrant que le luxe v\u00e9ri\u00adta\u00adble r\u00e9side dans l\u2019his\u00adtoire et l\u2019ex\u00adclu\u00adsiv\u00adit\u00e9 des archives. Ce type de look est imm\u00e9\u00addi\u00adate\u00adment partag\u00e9 sur les r\u00e9seaux soci\u00adaux, cr\u00e9ant un buzz qui d\u00e9passe large\u00adment le cadre du fes\u00adti\u00adval de cin\u00e9\u00adma.<\/p>\n\n\n\n<p><strong>Vir\u00adginie Efi\u00adra : Muse de l\u2019\u00c9l\u00e9\u00adgance Fran\u00e7aise<\/strong><\/p>\n\n\n\n<p>L\u2019ac\u00adtrice a tou\u00adjours incar\u00adn\u00e9 une forme d\u2019\u00e9l\u00e9\u00adgance sans effort, tr\u00e8s appr\u00e9\u00adci\u00e9e des mag\u00ada\u00adzines de mode. Ce n\u2019est pas la pre\u00admi\u00e8re fois qu\u2019elle fait con\u00adfi\u00adance aux archives des maisons fran\u00e7ais\u00ades, prou\u00advant son pro\u00adfond respect pour la cul\u00adture de la mode. Sa pr\u00e9sence au Fes\u00adti\u00adval de Rome, un \u00e9v\u00e9ne\u00adment inter\u00adna\u00adtion\u00adal majeur, a \u00e9t\u00e9 l\u2019oc\u00adca\u00adsion de pro\u00admou\u00advoir non seule\u00adment son film, mais \u00e9gale\u00adment cette vision d\u2019un luxe plus con\u00adscient et intem\u00adporel. Les pho\u00adtos de Vir\u00adginie Efi\u00adra dans cette tenue ont fait le tour du monde, com\u00adpara\u00adnt son allure \u00e0 celle des grandes stars du cin\u00e9\u00adma clas\u00adsique. L\u2019im\u00adpact SEO est cru\u00adcial ici : le nom <strong>\u201cVir\u00adginie Efi\u00adra\u201d<\/strong> asso\u00adci\u00e9 aux mots-cl\u00e9s <strong>\u201cChanel Vin\u00adtage\u201d<\/strong> et <strong>\u201cFes\u00adti\u00adval de Rome\u201d<\/strong> attire un traf\u00adic qual\u00adi\u00adfi\u00e9, int\u00e9ress\u00e9 \u00e0 la fois par l\u2019ac\u00adtu\u00adal\u00adit\u00e9 peo\u00adple et la haute cul\u00adture mode.<\/p>\n\n\n\n<figure class=\"wp-block-image size-large\"><img loading=\"lazy\" decoding=\"async\" width=\"1024\" height=\"512\" src=\"https:\/\/bobea.net\/wp-content\/uploads\/2025\/10\/grammy-tapis-rouge-2022-1024x512.jpg\" alt class=\"wp-image-26139\" srcset=\"https:\/\/bobea.net\/wp-content\/uploads\/2025\/10\/grammy-tapis-rouge-2022-1024x512.jpg 1024w, https:\/\/bobea.net\/wp-content\/uploads\/2025\/10\/grammy-tapis-rouge-2022-300x150.jpg 300w, https:\/\/bobea.net\/wp-content\/uploads\/2025\/10\/grammy-tapis-rouge-2022-768x384.jpg 768w, https:\/\/bobea.net\/wp-content\/uploads\/2025\/10\/grammy-tapis-rouge-2022.jpg 1360w\" sizes=\"(max-width: 1024px) 100vw, 1024px\"><\/figure>\n\n\n\n<p><strong>Le Retour en Force des Archives de Mar\u00adques<\/strong><\/p>\n\n\n\n<p>Ce ph\u00e9nom\u00e8ne n\u2019est pas isol\u00e9. De plus en plus de VIP et de c\u00e9l\u00e9brit\u00e9s, con\u00adscientes de l\u2019im\u00adpor\u00adtance de l\u2019\u00e9\u00adco-respon\u00ads\u00adabil\u00adit\u00e9 et de la sin\u00adgu\u00adlar\u00adit\u00e9, se tour\u00adnent vers les archives des maisons. C\u2019est une mani\u00e8re d\u2019honor\u00ader le pass\u00e9 tout en \u00e9tant \u00e0 la pointe du style. Pour Chanel, le fait qu\u2019une ic\u00f4ne con\u00adtem\u00adpo\u00adraine val\u00adorise ses cr\u00e9a\u00adtions pass\u00e9es est une strat\u00e9gie de brand\u00ading puis\u00adsante. La robe de Vir\u00adginie Efi\u00adra devient instan\u00adta\u00adn\u00e9\u00adment une r\u00e9f\u00e9rence, et les recherch\u00ades en ligne pour des pi\u00e8ces sim\u00adi\u00adlaires s\u2019en\u00adv\u00ado\u00adlent, influ\u00aden\u00e7ant le march\u00e9 du luxe de sec\u00adonde main. L\u2019\u00e9l\u00e9\u00adgance de l\u2019ac\u00adtrice au Fes\u00adti\u00adval de Rome restera comme un moment cl\u00e9 de la sai\u00adson mode en Europe.<\/p>\n\n\n\n<p><\/p>\n","protected":false},"excerpt":{"rendered":"<p>Analyse Mode : La robe vin\u00adtage Chanel de Vir\u00adginie Efi\u00adra au Fes\u00adti\u00adval de Rome, un coup de ma\u00eetre qui red\u00e9finit l\u2019\u00e9l\u00e9\u00adgance du Tapis Rouge Europ\u00e9en Le Fes\u00adti\u00adval du Film de\u2026 <\/p>\n","protected":false},"author":1,"featured_media":26140,"comment_status":"open","ping_status":"closed","sticky":false,"template":"","format":"standard","meta":{"wp_typography_post_enhancements_disabled":false,"footnotes":""},"categories":[50],"tags":[19305,19285,19304,19303,1045,19307,19306,307,19302],"class_list":["post-26138","post","type-post","status-publish","format-standard","has-post-thumbnail","hentry","category-mode","tag-actualite-mode","tag-bobea-news","tag-elegance-francaise-2","tag-festival-de-rome","tag-haute-couture","tag-luxe-archive","tag-robe-chanel-vintage","tag-tapis-rouge","tag-virginie-efira"],"yoast_head":"<!-- This site is optimized with the Yoast SEO plugin v24.7 - https:\/\/yoast.com\/wordpress\/plugins\/seo\/ -->\n<title>Mode, Tapis Rouge et Iconographie - Bobea<\/title>\n<meta name=\"robots\" content=\"index, follow, max-snippet:-1, max-image-preview:large, max-video-preview:-1\" \/>\n<link rel=\"canonical\" href=\"https:\/\/bobea.net\/index.php\/2025\/10\/24\/mode-tapis-rouge-et-iconographie\/\" \/>\n<meta property=\"og:locale\" content=\"fr_FR\" \/>\n<meta property=\"og:type\" content=\"article\" \/>\n<meta property=\"og:title\" content=\"Mode, Tapis Rouge et Iconographie - Bobea\" \/>\n<meta property=\"og:description\" content=\"Analyse Mode : La robe vin\u00adtage Chanel de Vir\u00adginie Efi\u00adra au Fes\u00adti\u00adval de Rome, un coup de ma\u00eetre qui red\u00e9finit l\u2019\u00e9l\u00e9\u00adgance du Tapis Rouge Europ\u00e9en Le Fes\u00adti\u00adval du Film de&hellip;\" \/>\n<meta property=\"og:url\" content=\"https:\/\/bobea.net\/index.php\/2025\/10\/24\/mode-tapis-rouge-et-iconographie\/\" \/>\n<meta property=\"og:site_name\" content=\"Bobea\" \/>\n<meta property=\"article:publisher\" content=\"https:\/\/web.facebook.com\/profile.php?id=61559252188416\" \/>\n<meta property=\"article:published_time\" content=\"2025-10-24T05:34:06+00:00\" \/>\n<meta property=\"article:modified_time\" content=\"2025-10-24T05:34:07+00:00\" \/>\n<meta property=\"og:image\" content=\"https:\/\/bobea.net\/wp-content\/uploads\/2025\/10\/grammys-tapis-rouge-2020.jpg\" \/>\n\t<meta property=\"og:image:width\" content=\"1360\" \/>\n\t<meta property=\"og:image:height\" content=\"680\" \/>\n\t<meta property=\"og:image:type\" content=\"image\/jpeg\" \/>\n<meta name=\"author\" content=\"bobea.info\" \/>\n<meta name=\"twitter:card\" content=\"summary_large_image\" \/>\n<meta name=\"twitter:label1\" content=\"\u00c9crit par\" \/>\n\t<meta name=\"twitter:data1\" content=\"bobea.info\" \/>\n\t<meta name=\"twitter:label2\" content=\"Dur\u00e9e de lecture estim\u00e9e\" \/>\n\t<meta name=\"twitter:data2\" content=\"4 minutes\" \/>\n<script type=\"application\/ld+json\" class=\"yoast-schema-graph\">{\"@context\":\"https:\/\/schema.org\",\"@graph\":[{\"@type\":\"Article\",\"@id\":\"https:\/\/bobea.net\/index.php\/2025\/10\/24\/mode-tapis-rouge-et-iconographie\/#article\",\"isPartOf\":{\"@id\":\"https:\/\/bobea.net\/index.php\/2025\/10\/24\/mode-tapis-rouge-et-iconographie\/\"},\"author\":{\"name\":\"bobea.info\",\"@id\":\"https:\/\/bobea.net\/#\/schema\/person\/e7f45ef187918d7c956bf619dce90ccf\"},\"headline\":\"Mode, Tapis Rouge et Iconographie\",\"datePublished\":\"2025-10-24T05:34:06+00:00\",\"dateModified\":\"2025-10-24T05:34:07+00:00\",\"mainEntityOfPage\":{\"@id\":\"https:\/\/bobea.net\/index.php\/2025\/10\/24\/mode-tapis-rouge-et-iconographie\/\"},\"wordCount\":610,\"commentCount\":0,\"publisher\":{\"@id\":\"https:\/\/bobea.net\/#organization\"},\"image\":{\"@id\":\"https:\/\/bobea.net\/index.php\/2025\/10\/24\/mode-tapis-rouge-et-iconographie\/#primaryimage\"},\"thumbnailUrl\":\"https:\/\/bobea.net\/wp-content\/uploads\/2025\/10\/grammys-tapis-rouge-2020.jpg\",\"keywords\":[\"Actualit\u00e9 Mode\",\"Bob\u00e9a News.\",\"\u00c9l\u00e9gance Fran\u00e7aise\",\"Festival de Rome\",\"haute couture\",\"Luxe Archive\",\"Robe Chanel Vintage\",\"tapis rouge\",\"Virginie Efira\"],\"articleSection\":[\"Mode\"],\"inLanguage\":\"fr-FR\",\"potentialAction\":[{\"@type\":\"CommentAction\",\"name\":\"Comment\",\"target\":[\"https:\/\/bobea.net\/index.php\/2025\/10\/24\/mode-tapis-rouge-et-iconographie\/#respond\"]}]},{\"@type\":\"WebPage\",\"@id\":\"https:\/\/bobea.net\/index.php\/2025\/10\/24\/mode-tapis-rouge-et-iconographie\/\",\"url\":\"https:\/\/bobea.net\/index.php\/2025\/10\/24\/mode-tapis-rouge-et-iconographie\/\",\"name\":\"Mode, Tapis Rouge et Iconographie - Bobea\",\"isPartOf\":{\"@id\":\"https:\/\/bobea.net\/#website\"},\"primaryImageOfPage\":{\"@id\":\"https:\/\/bobea.net\/index.php\/2025\/10\/24\/mode-tapis-rouge-et-iconographie\/#primaryimage\"},\"image\":{\"@id\":\"https:\/\/bobea.net\/index.php\/2025\/10\/24\/mode-tapis-rouge-et-iconographie\/#primaryimage\"},\"thumbnailUrl\":\"https:\/\/bobea.net\/wp-content\/uploads\/2025\/10\/grammys-tapis-rouge-2020.jpg\",\"datePublished\":\"2025-10-24T05:34:06+00:00\",\"dateModified\":\"2025-10-24T05:34:07+00:00\",\"breadcrumb\":{\"@id\":\"https:\/\/bobea.net\/index.php\/2025\/10\/24\/mode-tapis-rouge-et-iconographie\/#breadcrumb\"},\"inLanguage\":\"fr-FR\",\"potentialAction\":[{\"@type\":\"ReadAction\",\"target\":[\"https:\/\/bobea.net\/index.php\/2025\/10\/24\/mode-tapis-rouge-et-iconographie\/\"]}]},{\"@type\":\"ImageObject\",\"inLanguage\":\"fr-FR\",\"@id\":\"https:\/\/bobea.net\/index.php\/2025\/10\/24\/mode-tapis-rouge-et-iconographie\/#primaryimage\",\"url\":\"https:\/\/bobea.net\/wp-content\/uploads\/2025\/10\/grammys-tapis-rouge-2020.jpg\",\"contentUrl\":\"https:\/\/bobea.net\/wp-content\/uploads\/2025\/10\/grammys-tapis-rouge-2020.jpg\",\"width\":1360,\"height\":680},{\"@type\":\"BreadcrumbList\",\"@id\":\"https:\/\/bobea.net\/index.php\/2025\/10\/24\/mode-tapis-rouge-et-iconographie\/#breadcrumb\",\"itemListElement\":[{\"@type\":\"ListItem\",\"position\":1,\"name\":\"Accueil\",\"item\":\"https:\/\/bobea.net\/\"},{\"@type\":\"ListItem\",\"position\":2,\"name\":\"Mode, Tapis Rouge et Iconographie\"}]},{\"@type\":\"WebSite\",\"@id\":\"https:\/\/bobea.net\/#website\",\"url\":\"https:\/\/bobea.net\/\",\"name\":\"Bobea\",\"description\":\"Le magazine de la nouvelle \u00c8ve\",\"publisher\":{\"@id\":\"https:\/\/bobea.net\/#organization\"},\"potentialAction\":[{\"@type\":\"SearchAction\",\"target\":{\"@type\":\"EntryPoint\",\"urlTemplate\":\"https:\/\/bobea.net\/?s={search_term_string}\"},\"query-input\":{\"@type\":\"PropertyValueSpecification\",\"valueRequired\":true,\"valueName\":\"search_term_string\"}}],\"inLanguage\":\"fr-FR\"},{\"@type\":\"Organization\",\"@id\":\"https:\/\/bobea.net\/#organization\",\"name\":\"Bobea\",\"url\":\"https:\/\/bobea.net\/\",\"logo\":{\"@type\":\"ImageObject\",\"inLanguage\":\"fr-FR\",\"@id\":\"https:\/\/bobea.net\/#\/schema\/logo\/image\/\",\"url\":\"https:\/\/bobea.net\/wp-content\/uploads\/2024\/06\/bobea.jpg\",\"contentUrl\":\"https:\/\/bobea.net\/wp-content\/uploads\/2024\/06\/bobea.jpg\",\"width\":1080,\"height\":1080,\"caption\":\"Bobea\"},\"image\":{\"@id\":\"https:\/\/bobea.net\/#\/schema\/logo\/image\/\"},\"sameAs\":[\"https:\/\/web.facebook.com\/profile.php?id=61559252188416\"]},{\"@type\":\"Person\",\"@id\":\"https:\/\/bobea.net\/#\/schema\/person\/e7f45ef187918d7c956bf619dce90ccf\",\"name\":\"bobea.info\",\"image\":{\"@type\":\"ImageObject\",\"inLanguage\":\"fr-FR\",\"@id\":\"https:\/\/bobea.net\/#\/schema\/person\/image\/\",\"url\":\"https:\/\/secure.gravatar.com\/avatar\/36147980349df887ae30808df3e29474?s=96&d=mm&r=g\",\"contentUrl\":\"https:\/\/secure.gravatar.com\/avatar\/36147980349df887ae30808df3e29474?s=96&d=mm&r=g\",\"caption\":\"bobea.info\"},\"sameAs\":[\"https:\/\/bobea.net\"],\"url\":\"https:\/\/bobea.net\/index.php\/author\/bobea-info\/\"}]}<\/script>\n<!-- \/ Yoast SEO plugin. -->","yoast_head_json":{"title":"Mode, Tapis Rouge et Iconographie - Bobea","robots":{"index":"index","follow":"follow","max-snippet":"max-snippet:-1","max-image-preview":"max-image-preview:large","max-video-preview":"max-video-preview:-1"},"canonical":"https:\/\/bobea.net\/index.php\/2025\/10\/24\/mode-tapis-rouge-et-iconographie\/","og_locale":"fr_FR","og_type":"article","og_title":"Mode, Tapis Rouge et Iconographie - Bobea","og_description":"Analyse Mode : La robe vin\u00adtage Chanel de Vir\u00adginie Efi\u00adra au Fes\u00adti\u00adval de Rome, un coup de ma\u00eetre qui red\u00e9finit l\u2019\u00e9l\u00e9\u00adgance du Tapis Rouge Europ\u00e9en Le Fes\u00adti\u00adval du Film de&hellip;","og_url":"https:\/\/bobea.net\/index.php\/2025\/10\/24\/mode-tapis-rouge-et-iconographie\/","og_site_name":"Bobea","article_publisher":"https:\/\/web.facebook.com\/profile.php?id=61559252188416","article_published_time":"2025-10-24T05:34:06+00:00","article_modified_time":"2025-10-24T05:34:07+00:00","og_image":[{"width":1360,"height":680,"url":"https:\/\/bobea.net\/wp-content\/uploads\/2025\/10\/grammys-tapis-rouge-2020.jpg","type":"image\/jpeg"}],"author":"bobea.info","twitter_card":"summary_large_image","twitter_misc":{"\u00c9crit par":"bobea.info","Dur\u00e9e de lecture estim\u00e9e":"4 minutes"},"schema":{"@context":"https:\/\/schema.org","@graph":[{"@type":"Article","@id":"https:\/\/bobea.net\/index.php\/2025\/10\/24\/mode-tapis-rouge-et-iconographie\/#article","isPartOf":{"@id":"https:\/\/bobea.net\/index.php\/2025\/10\/24\/mode-tapis-rouge-et-iconographie\/"},"author":{"name":"bobea.info","@id":"https:\/\/bobea.net\/#\/schema\/person\/e7f45ef187918d7c956bf619dce90ccf"},"headline":"Mode, Tapis Rouge et Iconographie","datePublished":"2025-10-24T05:34:06+00:00","dateModified":"2025-10-24T05:34:07+00:00","mainEntityOfPage":{"@id":"https:\/\/bobea.net\/index.php\/2025\/10\/24\/mode-tapis-rouge-et-iconographie\/"},"wordCount":610,"commentCount":0,"publisher":{"@id":"https:\/\/bobea.net\/#organization"},"image":{"@id":"https:\/\/bobea.net\/index.php\/2025\/10\/24\/mode-tapis-rouge-et-iconographie\/#primaryimage"},"thumbnailUrl":"https:\/\/bobea.net\/wp-content\/uploads\/2025\/10\/grammys-tapis-rouge-2020.jpg","keywords":["Actualit\u00e9 Mode","Bob\u00e9a News.","\u00c9l\u00e9gance Fran\u00e7aise","Festival de Rome","haute couture","Luxe Archive","Robe Chanel Vintage","tapis rouge","Virginie Efira"],"articleSection":["Mode"],"inLanguage":"fr-FR","potentialAction":[{"@type":"CommentAction","name":"Comment","target":["https:\/\/bobea.net\/index.php\/2025\/10\/24\/mode-tapis-rouge-et-iconographie\/#respond"]}]},{"@type":"WebPage","@id":"https:\/\/bobea.net\/index.php\/2025\/10\/24\/mode-tapis-rouge-et-iconographie\/","url":"https:\/\/bobea.net\/index.php\/2025\/10\/24\/mode-tapis-rouge-et-iconographie\/","name":"Mode, Tapis Rouge et Iconographie - Bobea","isPartOf":{"@id":"https:\/\/bobea.net\/#website"},"primaryImageOfPage":{"@id":"https:\/\/bobea.net\/index.php\/2025\/10\/24\/mode-tapis-rouge-et-iconographie\/#primaryimage"},"image":{"@id":"https:\/\/bobea.net\/index.php\/2025\/10\/24\/mode-tapis-rouge-et-iconographie\/#primaryimage"},"thumbnailUrl":"https:\/\/bobea.net\/wp-content\/uploads\/2025\/10\/grammys-tapis-rouge-2020.jpg","datePublished":"2025-10-24T05:34:06+00:00","dateModified":"2025-10-24T05:34:07+00:00","breadcrumb":{"@id":"https:\/\/bobea.net\/index.php\/2025\/10\/24\/mode-tapis-rouge-et-iconographie\/#breadcrumb"},"inLanguage":"fr-FR","potentialAction":[{"@type":"ReadAction","target":["https:\/\/bobea.net\/index.php\/2025\/10\/24\/mode-tapis-rouge-et-iconographie\/"]}]},{"@type":"ImageObject","inLanguage":"fr-FR","@id":"https:\/\/bobea.net\/index.php\/2025\/10\/24\/mode-tapis-rouge-et-iconographie\/#primaryimage","url":"https:\/\/bobea.net\/wp-content\/uploads\/2025\/10\/grammys-tapis-rouge-2020.jpg","contentUrl":"https:\/\/bobea.net\/wp-content\/uploads\/2025\/10\/grammys-tapis-rouge-2020.jpg","width":1360,"height":680},{"@type":"BreadcrumbList","@id":"https:\/\/bobea.net\/index.php\/2025\/10\/24\/mode-tapis-rouge-et-iconographie\/#breadcrumb","itemListElement":[{"@type":"ListItem","position":1,"name":"Accueil","item":"https:\/\/bobea.net\/"},{"@type":"ListItem","position":2,"name":"Mode, Tapis Rouge et Iconographie"}]},{"@type":"WebSite","@id":"https:\/\/bobea.net\/#website","url":"https:\/\/bobea.net\/","name":"Bobea","description":"Le magazine de la nouvelle \u00c8ve","publisher":{"@id":"https:\/\/bobea.net\/#organization"},"potentialAction":[{"@type":"SearchAction","target":{"@type":"EntryPoint","urlTemplate":"https:\/\/bobea.net\/?s={search_term_string}"},"query-input":{"@type":"PropertyValueSpecification","valueRequired":true,"valueName":"search_term_string"}}],"inLanguage":"fr-FR"},{"@type":"Organization","@id":"https:\/\/bobea.net\/#organization","name":"Bobea","url":"https:\/\/bobea.net\/","logo":{"@type":"ImageObject","inLanguage":"fr-FR","@id":"https:\/\/bobea.net\/#\/schema\/logo\/image\/","url":"https:\/\/bobea.net\/wp-content\/uploads\/2024\/06\/bobea.jpg","contentUrl":"https:\/\/bobea.net\/wp-content\/uploads\/2024\/06\/bobea.jpg","width":1080,"height":1080,"caption":"Bobea"},"image":{"@id":"https:\/\/bobea.net\/#\/schema\/logo\/image\/"},"sameAs":["https:\/\/web.facebook.com\/profile.php?id=61559252188416"]},{"@type":"Person","@id":"https:\/\/bobea.net\/#\/schema\/person\/e7f45ef187918d7c956bf619dce90ccf","name":"bobea.info","image":{"@type":"ImageObject","inLanguage":"fr-FR","@id":"https:\/\/bobea.net\/#\/schema\/person\/image\/","url":"https:\/\/secure.gravatar.com\/avatar\/36147980349df887ae30808df3e29474?s=96&d=mm&r=g","contentUrl":"https:\/\/secure.gravatar.com\/avatar\/36147980349df887ae30808df3e29474?s=96&d=mm&r=g","caption":"bobea.info"},"sameAs":["https:\/\/bobea.net"],"url":"https:\/\/bobea.net\/index.php\/author\/bobea-info\/"}]}},"_links":{"self":[{"href":"https:\/\/bobea.net\/index.php\/wp-json\/wp\/v2\/posts\/26138"}],"collection":[{"href":"https:\/\/bobea.net\/index.php\/wp-json\/wp\/v2\/posts"}],"about":[{"href":"https:\/\/bobea.net\/index.php\/wp-json\/wp\/v2\/types\/post"}],"author":[{"embeddable":true,"href":"https:\/\/bobea.net\/index.php\/wp-json\/wp\/v2\/users\/1"}],"replies":[{"embeddable":true,"href":"https:\/\/bobea.net\/index.php\/wp-json\/wp\/v2\/comments?post=26138"}],"version-history":[{"count":1,"href":"https:\/\/bobea.net\/index.php\/wp-json\/wp\/v2\/posts\/26138\/revisions"}],"predecessor-version":[{"id":26141,"href":"https:\/\/bobea.net\/index.php\/wp-json\/wp\/v2\/posts\/26138\/revisions\/26141"}],"wp:featuredmedia":[{"embeddable":true,"href":"https:\/\/bobea.net\/index.php\/wp-json\/wp\/v2\/media\/26140"}],"wp:attachment":[{"href":"https:\/\/bobea.net\/index.php\/wp-json\/wp\/v2\/media?parent=26138"}],"wp:term":[{"taxonomy":"category","embeddable":true,"href":"https:\/\/bobea.net\/index.php\/wp-json\/wp\/v2\/categories?post=26138"},{"taxonomy":"post_tag","embeddable":true,"href":"https:\/\/bobea.net\/index.php\/wp-json\/wp\/v2\/tags?post=26138"}],"curies":[{"name":"wp","href":"https:\/\/api.w.org\/{rel}","templated":true}]}}