{"id":26112,"date":"2025-10-24T05:14:28","date_gmt":"2025-10-24T05:14:28","guid":{"rendered":"https:\/\/bobea.net\/?p=26112"},"modified":"2025-10-24T05:14:30","modified_gmt":"2025-10-24T05:14:30","slug":"quel-avenir-pour-le-feminisme-en-2050-scenarios-et-perspectives","status":"publish","type":"post","link":"https:\/\/bobea.net\/index.php\/2025\/10\/24\/quel-avenir-pour-le-feminisme-en-2050-scenarios-et-perspectives\/","title":{"rendered":"Quel avenir pour le f\u00e9minisme en 2050 ? Sc\u00e9narios et perspectives"},"content":{"rendered":"\n<p>Le f\u00e9min\u00adisme, mou\u00adve\u00adment mon\u00addi\u00adal de lutte pour l\u2019\u00e9galit\u00e9 entre les sex\u00ades, est en con\u00adstante \u00e9vo\u00adlu\u00adtion depuis plusieurs d\u00e9cen\u00adnies. Alors que l\u2019on s\u2019approche de la moiti\u00e9 du XXIe si\u00e8\u00adcle, il est essen\u00adtiel de se pro\u00adjeter pour com\u00adpren\u00addre quels con\u00adtours pour\u00adrait pren\u00addre ce com\u00adbat \u00e0 l\u2019horizon 2050. Plusieurs sc\u00e9\u00adnar\u00adios et per\u00adspec\u00adtives se dessi\u00adnent, m\u00ealant d\u00e9fis, oppor\u00adtu\u00adnit\u00e9s tech\u00adnologiques, trans\u00adfor\u00adma\u00adtions sociales et r\u00e9sis\u00adtances cul\u00adturelles.<\/p>\n\n\n\n<p><strong>Une pro\u00adgres\u00adsion inin\u00adter\u00adrompue vers l\u2019\u00e9galit\u00e9 ?<\/strong><\/p>\n\n\n\n<p>Le pre\u00admier sc\u00e9\u00adnario envis\u00adage un f\u00e9min\u00adisme tri\u00adom\u00adphant, cap\u00adi\u00adtal\u00adisant sur les avanc\u00e9es l\u00e9g\u00adisla\u00adtives, sociales et cul\u00adturelles r\u00e9centes. La r\u00e9duc\u00adtion pro\u00adgres\u00adsive des in\u00e9\u00adgal\u00adit\u00e9s salar\u00adi\u00adales, la par\u00adit\u00e9 effec\u00adtive dans les instances poli\u00adtiques et \u00e9conomiques, ou encore l\u2019\u00e9radication presque totale des vio\u00adlences sex\u00aduelles con\u00adstituent des objec\u00adtifs r\u00e9al\u00adis\u00adables avec une volon\u00adt\u00e9 poli\u00adtique et sociale forte.<\/p>\n\n\n\n<p>Le r\u00f4le de l\u2019\u00e9ducation, d\u00e9sor\u00admais pro\u00adfond\u00e9\u00adment f\u00e9min\u00adiste dans de nom\u00adbreux pays, con\u00adtribue \u00e0 d\u00e9faire durable\u00adment les st\u00e9r\u00e9o\u00adtypes sex\u00adistes d\u00e8s le plus jeune \u00e2ge. La soci\u00e9t\u00e9 s\u2019organise autour d\u2019une \u00e9gal\u00adit\u00e9 int\u00e9\u00adgr\u00e9e, o\u00f9 les notions de genre per\u00addent de leur force, au prof\u00adit d\u2019un respect accru des choix indi\u00advidu\u00adels.<\/p>\n\n\n\n<p>Dans ce sc\u00e9\u00adnario opti\u00admiste, le f\u00e9min\u00adisme s\u2019\u00e9tend et s\u2019affine, devenant un mou\u00adve\u00adment inter\u00adsec\u00adtion\u00adnel inclusif, int\u00e9\u00adgrant les ques\u00adtions li\u00e9es \u00e0 la race, \u00e0 l\u2019orientation sex\u00aduelle, au hand\u00adi\u00adcap ou \u00e0 la classe sociale. Cette approche holis\u00adtique ren\u00adforce l\u2019impact et la l\u00e9gitim\u00adit\u00e9 du com\u00adbat.<\/p>\n\n\n\n<figure class=\"wp-block-image size-full is-resized\"><img loading=\"lazy\" decoding=\"async\" width=\"691\" height=\"363\" src=\"https:\/\/bobea.net\/wp-content\/uploads\/2025\/10\/74b2bcecf4ea9be9db3f3b3572b339-2e9a4.png\" alt class=\"wp-image-26113\" style=\"width:840px;height:auto\" srcset=\"https:\/\/bobea.net\/wp-content\/uploads\/2025\/10\/74b2bcecf4ea9be9db3f3b3572b339-2e9a4.png 691w, https:\/\/bobea.net\/wp-content\/uploads\/2025\/10\/74b2bcecf4ea9be9db3f3b3572b339-2e9a4-300x158.png 300w\" sizes=\"(max-width: 691px) 100vw, 691px\"><\/figure>\n\n\n\n<p><strong>L\u2019impact des tech\u00adnolo\u00adgies et de l\u2019intelligence arti\u00adfi\u00adcielle<\/strong><\/p>\n\n\n\n<p>La tech\u00adnolo\u00adgie joue un r\u00f4le dou\u00adble dans l\u2019avenir du f\u00e9min\u00adisme. D\u2019un c\u00f4t\u00e9, l\u2019IA et le num\u00e9rique offrent de nou\u00adveaux out\u00adils pour l\u2019\u00e9ducation, la sen\u00adsi\u00adbil\u00adi\u00adsa\u00adtion et la mobil\u00adi\u00adsa\u00adtion. Les r\u00e9seaux soci\u00adaux, les plate\u00adformes d\u2019apprentissage en ligne et les appli\u00adca\u00adtions de sou\u00adtien favorisent la dif\u00adfu\u00adsion rapi\u00adde des id\u00e9es f\u00e9min\u00adistes et des ini\u00adtia\u00adtives locales, cr\u00e9ant un espace mon\u00addi\u00adal d\u2019\u00e9change et de sol\u00adi\u00addar\u00adit\u00e9.<\/p>\n\n\n\n<p>Cepen\u00addant, ces avanc\u00e9es sus\u00adci\u00adtent aus\u00adsi des d\u00e9fis, notam\u00adment le risque que l\u2019intelligence arti\u00adfi\u00adcielle repro\u00adduise des biais sex\u00adistes pr\u00e9sents dans ses don\u00adn\u00e9es d\u2019apprentissage. Le com\u00adbat f\u00e9min\u00adiste inclu\u00adra donc la lutte pour une \u00e9thique tech\u00adnologique o\u00f9 trans\u00adparence, respon\u00ads\u00adabil\u00adit\u00e9 et \u00e9gal\u00adit\u00e9 sont garanties dans les algo\u00adrithmes et out\u00adils dig\u00adi\u00adtaux.<\/p>\n\n\n\n<p><strong>R\u00e9sis\u00adtances et d\u00e9fis cul\u00adturels per\u00adsis\u00adtants<\/strong><\/p>\n\n\n\n<p>Mal\u00adgr\u00e9 ces pro\u00adgr\u00e8s, le f\u00e9min\u00adisme devra con\u00adtin\u00aduer \u00e0 affron\u00adter les r\u00e9sis\u00adtances cul\u00adturelles et les con\u00adser\u00advatismes. Dans cer\u00adtaines r\u00e9gions du monde, les tra\u00addi\u00adtions, les lois patri\u00adar\u00adcales et les normes sociales pro\u00adfondes ralen\u00adtis\u00adsent con\u00adsid\u00ad\u00e9rable\u00adment la pro\u00adgres\u00adsion des droits des femmes.<\/p>\n\n\n\n<p>La plu\u00adral\u00adit\u00e9 des con\u00adtextes cul\u00adturels implique que le com\u00adbat f\u00e9min\u00adiste devi\u00adenne plus diver\u00adsi\u00adfi\u00e9 et adap\u00adt\u00e9 aux r\u00e9al\u00adit\u00e9s locales, tout en revendi\u00adquant une sol\u00adi\u00addar\u00adit\u00e9 glob\u00adale. L\u2019enjeu est d\u2019associer respect des sp\u00e9\u00adci\u00adficit\u00e9s cul\u00adturelles et pr\u00e9ser\u00adva\u00adtion des droits fon\u00adda\u00admen\u00adtaux.<\/p>\n\n\n\n<p><strong>Vers de nou\u00advelles formes de mil\u00adi\u00adtan\u00adtisme<\/strong><\/p>\n\n\n\n<p>Avec l\u2019\u00e9volution des men\u00adtal\u00adit\u00e9s et des moyens de com\u00admu\u00adni\u00adca\u00adtion, le f\u00e9min\u00adisme pour\u00adrait se trans\u00adformer en un mil\u00adi\u00adtan\u00adtisme plus d\u00e9cen\u00adtral\u00adis\u00e9, fond\u00e9 sur des mobil\u00adi\u00adsa\u00adtions ponctuelles, des actions cr\u00e9a\u00adtives et locales, en miroir avec des actions glob\u00adales de plaidoy\u00ader.<\/p>\n\n\n\n<p>Ce f\u00e9min\u00adisme du futur priv\u00adil\u00e9giera sans doute la col\u00adlab\u00ado\u00adra\u00adtion inter\u00adsec\u00adto\u00adrielle, avec les mou\u00adve\u00adments \u00e9col\u00ado\u00adgistes, antiracistes, et de d\u00e9fense des droits humains, for\u00admant un front com\u00admun pour des soci\u00e9t\u00e9s plus justes.<\/p>\n\n\n\n<figure class=\"wp-block-image size-full is-resized\"><img loading=\"lazy\" decoding=\"async\" width=\"734\" height=\"490\" src=\"https:\/\/bobea.net\/wp-content\/uploads\/2025\/10\/maniffemmesresistance.jpg\" alt class=\"wp-image-26114\" style=\"width:840px;height:auto\" srcset=\"https:\/\/bobea.net\/wp-content\/uploads\/2025\/10\/maniffemmesresistance.jpg 734w, https:\/\/bobea.net\/wp-content\/uploads\/2025\/10\/maniffemmesresistance-300x200.jpg 300w\" sizes=\"(max-width: 734px) 100vw, 734px\"><\/figure>\n\n\n\n<p><strong>Con\u00adclu\u00adsion<\/strong><\/p>\n\n\n\n<p>Le f\u00e9min\u00adisme en 2050 sera le reflet des \u00e9vo\u00adlu\u00adtions soci\u00e9\u00adtales en cours, port\u00e9 par une mix\u00adit\u00e9 d\u2019acteurs, d\u2019outils et d\u2019approches inno\u00advantes. Qu\u2019il s\u2019agisse d\u2019une pro\u00adgres\u00adsion rapi\u00adde vers l\u2019\u00e9galit\u00e9, ou d\u2019un com\u00adbat plus com\u00adplexe et frag\u00admen\u00adt\u00e9 selon les r\u00e9gions, la qu\u00eate pour les droits des femmes ne per\u00addra jamais son urgence ni sa per\u00adti\u00adnence. Cette lutte n\u00e9ces\u00adsaire et inspi\u00adrante con\u00adtin\u00aduera \u00e0 fa\u00e7on\u00adner un monde o\u00f9 chaque indi\u00advidu, ind\u00e9pen\u00addam\u00adment de son genre, pour\u00adra vivre libre, respec\u00adt\u00e9 et pleine\u00adment \u00e9panoui.<\/p>\n","protected":false},"excerpt":{"rendered":"<p>Le f\u00e9min\u00adisme, mou\u00adve\u00adment mon\u00addi\u00adal de lutte pour l\u2019\u00e9galit\u00e9 entre les sex\u00ades, est en con\u00adstante \u00e9vo\u00adlu\u00adtion depuis plusieurs d\u00e9cen\u00adnies. Alors que l\u2019on s\u2019approche de la moiti\u00e9 du XXIe si\u00e8\u00adcle, il est\u2026 <\/p>\n","protected":false},"author":1,"featured_media":26115,"comment_status":"open","ping_status":"closed","sticky":false,"template":"","format":"standard","meta":{"wp_typography_post_enhancements_disabled":false,"footnotes":""},"categories":[73],"tags":[],"class_list":["post-26112","post","type-post","status-publish","format-standard","has-post-thumbnail","hentry","category-on-en-parle"],"yoast_head":"<!-- This site is optimized with the Yoast SEO plugin v24.7 - https:\/\/yoast.com\/wordpress\/plugins\/seo\/ -->\n<title>Quel avenir pour le f\u00e9minisme en 2050 ? Sc\u00e9narios et perspectives - Bobea<\/title>\n<meta name=\"description\" content=\"Le f\u00e9minisme en 2050 sera le reflet des \u00e9volutions soci\u00e9tales en cours, port\u00e9 par une mixit\u00e9 d\u2019acteurs, d\u2019outils et d\u2019approches innovantes.\" \/>\n<meta name=\"robots\" content=\"index, follow, max-snippet:-1, max-image-preview:large, max-video-preview:-1\" \/>\n<link rel=\"canonical\" href=\"https:\/\/bobea.net\/index.php\/2025\/10\/24\/quel-avenir-pour-le-feminisme-en-2050-scenarios-et-perspectives\/\" \/>\n<meta property=\"og:locale\" content=\"fr_FR\" \/>\n<meta property=\"og:type\" content=\"article\" \/>\n<meta property=\"og:title\" content=\"Quel avenir pour le f\u00e9minisme en 2050 ? Sc\u00e9narios et perspectives - Bobea\" \/>\n<meta property=\"og:description\" content=\"Le f\u00e9minisme en 2050 sera le reflet des \u00e9volutions soci\u00e9tales en cours, port\u00e9 par une mixit\u00e9 d\u2019acteurs, d\u2019outils et d\u2019approches innovantes.\" \/>\n<meta property=\"og:url\" content=\"https:\/\/bobea.net\/index.php\/2025\/10\/24\/quel-avenir-pour-le-feminisme-en-2050-scenarios-et-perspectives\/\" \/>\n<meta property=\"og:site_name\" content=\"Bobea\" \/>\n<meta property=\"article:publisher\" content=\"https:\/\/web.facebook.com\/profile.php?id=61559252188416\" \/>\n<meta property=\"article:published_time\" content=\"2025-10-24T05:14:28+00:00\" \/>\n<meta property=\"article:modified_time\" content=\"2025-10-24T05:14:30+00:00\" \/>\n<meta name=\"author\" content=\"bobea.info\" \/>\n<meta name=\"twitter:card\" content=\"summary_large_image\" \/>\n<meta name=\"twitter:label1\" content=\"\u00c9crit par\" \/>\n\t<meta name=\"twitter:data1\" content=\"bobea.info\" \/>\n\t<meta name=\"twitter:label2\" content=\"Dur\u00e9e de lecture estim\u00e9e\" \/>\n\t<meta name=\"twitter:data2\" content=\"4 minutes\" \/>\n<script type=\"application\/ld+json\" class=\"yoast-schema-graph\">{\"@context\":\"https:\/\/schema.org\",\"@graph\":[{\"@type\":\"Article\",\"@id\":\"https:\/\/bobea.net\/index.php\/2025\/10\/24\/quel-avenir-pour-le-feminisme-en-2050-scenarios-et-perspectives\/#article\",\"isPartOf\":{\"@id\":\"https:\/\/bobea.net\/index.php\/2025\/10\/24\/quel-avenir-pour-le-feminisme-en-2050-scenarios-et-perspectives\/\"},\"author\":{\"name\":\"bobea.info\",\"@id\":\"https:\/\/bobea.net\/#\/schema\/person\/e7f45ef187918d7c956bf619dce90ccf\"},\"headline\":\"Quel avenir pour le f\u00e9minisme en 2050 ? Sc\u00e9narios et perspectives\",\"datePublished\":\"2025-10-24T05:14:28+00:00\",\"dateModified\":\"2025-10-24T05:14:30+00:00\",\"mainEntityOfPage\":{\"@id\":\"https:\/\/bobea.net\/index.php\/2025\/10\/24\/quel-avenir-pour-le-feminisme-en-2050-scenarios-et-perspectives\/\"},\"wordCount\":657,\"commentCount\":0,\"publisher\":{\"@id\":\"https:\/\/bobea.net\/#organization\"},\"image\":{\"@id\":\"https:\/\/bobea.net\/index.php\/2025\/10\/24\/quel-avenir-pour-le-feminisme-en-2050-scenarios-et-perspectives\/#primaryimage\"},\"thumbnailUrl\":\"https:\/\/bobea.net\/wp-content\/uploads\/2025\/10\/9e0ee24_218032785-075-szymanowicz-prolifea210904-npg36.avif\",\"articleSection\":[\"On en Parle\"],\"inLanguage\":\"fr-FR\",\"potentialAction\":[{\"@type\":\"CommentAction\",\"name\":\"Comment\",\"target\":[\"https:\/\/bobea.net\/index.php\/2025\/10\/24\/quel-avenir-pour-le-feminisme-en-2050-scenarios-et-perspectives\/#respond\"]}]},{\"@type\":\"WebPage\",\"@id\":\"https:\/\/bobea.net\/index.php\/2025\/10\/24\/quel-avenir-pour-le-feminisme-en-2050-scenarios-et-perspectives\/\",\"url\":\"https:\/\/bobea.net\/index.php\/2025\/10\/24\/quel-avenir-pour-le-feminisme-en-2050-scenarios-et-perspectives\/\",\"name\":\"Quel avenir pour le f\u00e9minisme en 2050 ? Sc\u00e9narios et perspectives - Bobea\",\"isPartOf\":{\"@id\":\"https:\/\/bobea.net\/#website\"},\"primaryImageOfPage\":{\"@id\":\"https:\/\/bobea.net\/index.php\/2025\/10\/24\/quel-avenir-pour-le-feminisme-en-2050-scenarios-et-perspectives\/#primaryimage\"},\"image\":{\"@id\":\"https:\/\/bobea.net\/index.php\/2025\/10\/24\/quel-avenir-pour-le-feminisme-en-2050-scenarios-et-perspectives\/#primaryimage\"},\"thumbnailUrl\":\"https:\/\/bobea.net\/wp-content\/uploads\/2025\/10\/9e0ee24_218032785-075-szymanowicz-prolifea210904-npg36.avif\",\"datePublished\":\"2025-10-24T05:14:28+00:00\",\"dateModified\":\"2025-10-24T05:14:30+00:00\",\"description\":\"Le f\u00e9minisme en 2050 sera le reflet des \u00e9volutions soci\u00e9tales en cours, port\u00e9 par une mixit\u00e9 d\u2019acteurs, d\u2019outils et d\u2019approches innovantes.\",\"breadcrumb\":{\"@id\":\"https:\/\/bobea.net\/index.php\/2025\/10\/24\/quel-avenir-pour-le-feminisme-en-2050-scenarios-et-perspectives\/#breadcrumb\"},\"inLanguage\":\"fr-FR\",\"potentialAction\":[{\"@type\":\"ReadAction\",\"target\":[\"https:\/\/bobea.net\/index.php\/2025\/10\/24\/quel-avenir-pour-le-feminisme-en-2050-scenarios-et-perspectives\/\"]}]},{\"@type\":\"ImageObject\",\"inLanguage\":\"fr-FR\",\"@id\":\"https:\/\/bobea.net\/index.php\/2025\/10\/24\/quel-avenir-pour-le-feminisme-en-2050-scenarios-et-perspectives\/#primaryimage\",\"url\":\"https:\/\/bobea.net\/wp-content\/uploads\/2025\/10\/9e0ee24_218032785-075-szymanowicz-prolifea210904-npg36.avif\",\"contentUrl\":\"https:\/\/bobea.net\/wp-content\/uploads\/2025\/10\/9e0ee24_218032785-075-szymanowicz-prolifea210904-npg36.avif\",\"width\":1200,\"height\":800},{\"@type\":\"BreadcrumbList\",\"@id\":\"https:\/\/bobea.net\/index.php\/2025\/10\/24\/quel-avenir-pour-le-feminisme-en-2050-scenarios-et-perspectives\/#breadcrumb\",\"itemListElement\":[{\"@type\":\"ListItem\",\"position\":1,\"name\":\"Accueil\",\"item\":\"https:\/\/bobea.net\/\"},{\"@type\":\"ListItem\",\"position\":2,\"name\":\"Quel avenir pour le f\u00e9minisme en 2050 ? Sc\u00e9narios et perspectives\"}]},{\"@type\":\"WebSite\",\"@id\":\"https:\/\/bobea.net\/#website\",\"url\":\"https:\/\/bobea.net\/\",\"name\":\"Bobea\",\"description\":\"Le magazine de la nouvelle \u00c8ve\",\"publisher\":{\"@id\":\"https:\/\/bobea.net\/#organization\"},\"potentialAction\":[{\"@type\":\"SearchAction\",\"target\":{\"@type\":\"EntryPoint\",\"urlTemplate\":\"https:\/\/bobea.net\/?s={search_term_string}\"},\"query-input\":{\"@type\":\"PropertyValueSpecification\",\"valueRequired\":true,\"valueName\":\"search_term_string\"}}],\"inLanguage\":\"fr-FR\"},{\"@type\":\"Organization\",\"@id\":\"https:\/\/bobea.net\/#organization\",\"name\":\"Bobea\",\"url\":\"https:\/\/bobea.net\/\",\"logo\":{\"@type\":\"ImageObject\",\"inLanguage\":\"fr-FR\",\"@id\":\"https:\/\/bobea.net\/#\/schema\/logo\/image\/\",\"url\":\"https:\/\/bobea.net\/wp-content\/uploads\/2024\/06\/bobea.jpg\",\"contentUrl\":\"https:\/\/bobea.net\/wp-content\/uploads\/2024\/06\/bobea.jpg\",\"width\":1080,\"height\":1080,\"caption\":\"Bobea\"},\"image\":{\"@id\":\"https:\/\/bobea.net\/#\/schema\/logo\/image\/\"},\"sameAs\":[\"https:\/\/web.facebook.com\/profile.php?id=61559252188416\"]},{\"@type\":\"Person\",\"@id\":\"https:\/\/bobea.net\/#\/schema\/person\/e7f45ef187918d7c956bf619dce90ccf\",\"name\":\"bobea.info\",\"image\":{\"@type\":\"ImageObject\",\"inLanguage\":\"fr-FR\",\"@id\":\"https:\/\/bobea.net\/#\/schema\/person\/image\/\",\"url\":\"https:\/\/secure.gravatar.com\/avatar\/36147980349df887ae30808df3e29474?s=96&d=mm&r=g\",\"contentUrl\":\"https:\/\/secure.gravatar.com\/avatar\/36147980349df887ae30808df3e29474?s=96&d=mm&r=g\",\"caption\":\"bobea.info\"},\"sameAs\":[\"https:\/\/bobea.net\"],\"url\":\"https:\/\/bobea.net\/index.php\/author\/bobea-info\/\"}]}<\/script>\n<!-- \/ Yoast SEO plugin. -->","yoast_head_json":{"title":"Quel avenir pour le f\u00e9minisme en 2050 ? Sc\u00e9narios et perspectives - Bobea","description":"Le f\u00e9minisme en 2050 sera le reflet des \u00e9volutions soci\u00e9tales en cours, port\u00e9 par une mixit\u00e9 d\u2019acteurs, d\u2019outils et d\u2019approches innovantes.","robots":{"index":"index","follow":"follow","max-snippet":"max-snippet:-1","max-image-preview":"max-image-preview:large","max-video-preview":"max-video-preview:-1"},"canonical":"https:\/\/bobea.net\/index.php\/2025\/10\/24\/quel-avenir-pour-le-feminisme-en-2050-scenarios-et-perspectives\/","og_locale":"fr_FR","og_type":"article","og_title":"Quel avenir pour le f\u00e9minisme en 2050 ? Sc\u00e9narios et perspectives - Bobea","og_description":"Le f\u00e9minisme en 2050 sera le reflet des \u00e9volutions soci\u00e9tales en cours, port\u00e9 par une mixit\u00e9 d\u2019acteurs, d\u2019outils et d\u2019approches innovantes.","og_url":"https:\/\/bobea.net\/index.php\/2025\/10\/24\/quel-avenir-pour-le-feminisme-en-2050-scenarios-et-perspectives\/","og_site_name":"Bobea","article_publisher":"https:\/\/web.facebook.com\/profile.php?id=61559252188416","article_published_time":"2025-10-24T05:14:28+00:00","article_modified_time":"2025-10-24T05:14:30+00:00","author":"bobea.info","twitter_card":"summary_large_image","twitter_misc":{"\u00c9crit par":"bobea.info","Dur\u00e9e de lecture estim\u00e9e":"4 minutes"},"schema":{"@context":"https:\/\/schema.org","@graph":[{"@type":"Article","@id":"https:\/\/bobea.net\/index.php\/2025\/10\/24\/quel-avenir-pour-le-feminisme-en-2050-scenarios-et-perspectives\/#article","isPartOf":{"@id":"https:\/\/bobea.net\/index.php\/2025\/10\/24\/quel-avenir-pour-le-feminisme-en-2050-scenarios-et-perspectives\/"},"author":{"name":"bobea.info","@id":"https:\/\/bobea.net\/#\/schema\/person\/e7f45ef187918d7c956bf619dce90ccf"},"headline":"Quel avenir pour le f\u00e9minisme en 2050 ? Sc\u00e9narios et perspectives","datePublished":"2025-10-24T05:14:28+00:00","dateModified":"2025-10-24T05:14:30+00:00","mainEntityOfPage":{"@id":"https:\/\/bobea.net\/index.php\/2025\/10\/24\/quel-avenir-pour-le-feminisme-en-2050-scenarios-et-perspectives\/"},"wordCount":657,"commentCount":0,"publisher":{"@id":"https:\/\/bobea.net\/#organization"},"image":{"@id":"https:\/\/bobea.net\/index.php\/2025\/10\/24\/quel-avenir-pour-le-feminisme-en-2050-scenarios-et-perspectives\/#primaryimage"},"thumbnailUrl":"https:\/\/bobea.net\/wp-content\/uploads\/2025\/10\/9e0ee24_218032785-075-szymanowicz-prolifea210904-npg36.avif","articleSection":["On en Parle"],"inLanguage":"fr-FR","potentialAction":[{"@type":"CommentAction","name":"Comment","target":["https:\/\/bobea.net\/index.php\/2025\/10\/24\/quel-avenir-pour-le-feminisme-en-2050-scenarios-et-perspectives\/#respond"]}]},{"@type":"WebPage","@id":"https:\/\/bobea.net\/index.php\/2025\/10\/24\/quel-avenir-pour-le-feminisme-en-2050-scenarios-et-perspectives\/","url":"https:\/\/bobea.net\/index.php\/2025\/10\/24\/quel-avenir-pour-le-feminisme-en-2050-scenarios-et-perspectives\/","name":"Quel avenir pour le f\u00e9minisme en 2050 ? Sc\u00e9narios et perspectives - Bobea","isPartOf":{"@id":"https:\/\/bobea.net\/#website"},"primaryImageOfPage":{"@id":"https:\/\/bobea.net\/index.php\/2025\/10\/24\/quel-avenir-pour-le-feminisme-en-2050-scenarios-et-perspectives\/#primaryimage"},"image":{"@id":"https:\/\/bobea.net\/index.php\/2025\/10\/24\/quel-avenir-pour-le-feminisme-en-2050-scenarios-et-perspectives\/#primaryimage"},"thumbnailUrl":"https:\/\/bobea.net\/wp-content\/uploads\/2025\/10\/9e0ee24_218032785-075-szymanowicz-prolifea210904-npg36.avif","datePublished":"2025-10-24T05:14:28+00:00","dateModified":"2025-10-24T05:14:30+00:00","description":"Le f\u00e9minisme en 2050 sera le reflet des \u00e9volutions soci\u00e9tales en cours, port\u00e9 par une mixit\u00e9 d\u2019acteurs, d\u2019outils et d\u2019approches innovantes.","breadcrumb":{"@id":"https:\/\/bobea.net\/index.php\/2025\/10\/24\/quel-avenir-pour-le-feminisme-en-2050-scenarios-et-perspectives\/#breadcrumb"},"inLanguage":"fr-FR","potentialAction":[{"@type":"ReadAction","target":["https:\/\/bobea.net\/index.php\/2025\/10\/24\/quel-avenir-pour-le-feminisme-en-2050-scenarios-et-perspectives\/"]}]},{"@type":"ImageObject","inLanguage":"fr-FR","@id":"https:\/\/bobea.net\/index.php\/2025\/10\/24\/quel-avenir-pour-le-feminisme-en-2050-scenarios-et-perspectives\/#primaryimage","url":"https:\/\/bobea.net\/wp-content\/uploads\/2025\/10\/9e0ee24_218032785-075-szymanowicz-prolifea210904-npg36.avif","contentUrl":"https:\/\/bobea.net\/wp-content\/uploads\/2025\/10\/9e0ee24_218032785-075-szymanowicz-prolifea210904-npg36.avif","width":1200,"height":800},{"@type":"BreadcrumbList","@id":"https:\/\/bobea.net\/index.php\/2025\/10\/24\/quel-avenir-pour-le-feminisme-en-2050-scenarios-et-perspectives\/#breadcrumb","itemListElement":[{"@type":"ListItem","position":1,"name":"Accueil","item":"https:\/\/bobea.net\/"},{"@type":"ListItem","position":2,"name":"Quel avenir pour le f\u00e9minisme en 2050 ? Sc\u00e9narios et perspectives"}]},{"@type":"WebSite","@id":"https:\/\/bobea.net\/#website","url":"https:\/\/bobea.net\/","name":"Bobea","description":"Le magazine de la nouvelle \u00c8ve","publisher":{"@id":"https:\/\/bobea.net\/#organization"},"potentialAction":[{"@type":"SearchAction","target":{"@type":"EntryPoint","urlTemplate":"https:\/\/bobea.net\/?s={search_term_string}"},"query-input":{"@type":"PropertyValueSpecification","valueRequired":true,"valueName":"search_term_string"}}],"inLanguage":"fr-FR"},{"@type":"Organization","@id":"https:\/\/bobea.net\/#organization","name":"Bobea","url":"https:\/\/bobea.net\/","logo":{"@type":"ImageObject","inLanguage":"fr-FR","@id":"https:\/\/bobea.net\/#\/schema\/logo\/image\/","url":"https:\/\/bobea.net\/wp-content\/uploads\/2024\/06\/bobea.jpg","contentUrl":"https:\/\/bobea.net\/wp-content\/uploads\/2024\/06\/bobea.jpg","width":1080,"height":1080,"caption":"Bobea"},"image":{"@id":"https:\/\/bobea.net\/#\/schema\/logo\/image\/"},"sameAs":["https:\/\/web.facebook.com\/profile.php?id=61559252188416"]},{"@type":"Person","@id":"https:\/\/bobea.net\/#\/schema\/person\/e7f45ef187918d7c956bf619dce90ccf","name":"bobea.info","image":{"@type":"ImageObject","inLanguage":"fr-FR","@id":"https:\/\/bobea.net\/#\/schema\/person\/image\/","url":"https:\/\/secure.gravatar.com\/avatar\/36147980349df887ae30808df3e29474?s=96&d=mm&r=g","contentUrl":"https:\/\/secure.gravatar.com\/avatar\/36147980349df887ae30808df3e29474?s=96&d=mm&r=g","caption":"bobea.info"},"sameAs":["https:\/\/bobea.net"],"url":"https:\/\/bobea.net\/index.php\/author\/bobea-info\/"}]}},"_links":{"self":[{"href":"https:\/\/bobea.net\/index.php\/wp-json\/wp\/v2\/posts\/26112"}],"collection":[{"href":"https:\/\/bobea.net\/index.php\/wp-json\/wp\/v2\/posts"}],"about":[{"href":"https:\/\/bobea.net\/index.php\/wp-json\/wp\/v2\/types\/post"}],"author":[{"embeddable":true,"href":"https:\/\/bobea.net\/index.php\/wp-json\/wp\/v2\/users\/1"}],"replies":[{"embeddable":true,"href":"https:\/\/bobea.net\/index.php\/wp-json\/wp\/v2\/comments?post=26112"}],"version-history":[{"count":1,"href":"https:\/\/bobea.net\/index.php\/wp-json\/wp\/v2\/posts\/26112\/revisions"}],"predecessor-version":[{"id":26116,"href":"https:\/\/bobea.net\/index.php\/wp-json\/wp\/v2\/posts\/26112\/revisions\/26116"}],"wp:featuredmedia":[{"embeddable":true,"href":"https:\/\/bobea.net\/index.php\/wp-json\/wp\/v2\/media\/26115"}],"wp:attachment":[{"href":"https:\/\/bobea.net\/index.php\/wp-json\/wp\/v2\/media?parent=26112"}],"wp:term":[{"taxonomy":"category","embeddable":true,"href":"https:\/\/bobea.net\/index.php\/wp-json\/wp\/v2\/categories?post=26112"},{"taxonomy":"post_tag","embeddable":true,"href":"https:\/\/bobea.net\/index.php\/wp-json\/wp\/v2\/tags?post=26112"}],"curies":[{"name":"wp","href":"https:\/\/api.w.org\/{rel}","templated":true}]}}