{"id":26040,"date":"2025-10-23T06:07:12","date_gmt":"2025-10-23T06:07:12","guid":{"rendered":"https:\/\/bobea.net\/?p=26040"},"modified":"2025-10-23T06:07:13","modified_gmt":"2025-10-23T06:07:13","slug":"tenues-de-gala-les-looks-stars-pour-briller-aux-soirees-dautomne-2025","status":"publish","type":"post","link":"https:\/\/bobea.net\/index.php\/2025\/10\/23\/tenues-de-gala-les-looks-stars-pour-briller-aux-soirees-dautomne-2025\/","title":{"rendered":"Tenues de gala : les looks stars pour briller aux soir\u00e9es d\u2019automne 2025"},"content":{"rendered":"\n<p>L\u2019automne 2025 se des\u00adsine comme une sai\u00adson o\u00f9 la mode de gala con\u00adjugue audace, sophis\u00adti\u00adca\u00adtion et sim\u00adplic\u00adit\u00e9 ma\u00eetris\u00e9e. Pour briller lors des soir\u00e9es pres\u00adtigieuses, il est cru\u00adcial de ma\u00eetris\u00ader les codes du dress code tout en exp\u00adri\u00admant une \u00e9l\u00e9\u00adgance per\u00adson\u00adnelle.<\/p>\n\n\n\n<p>Les ten\u00addances cl\u00e9s com\u00adpren\u00adnent les robes longues en tis\u00adsus flu\u00adides comme la mous\u00adse\u00adline ou le satin, aux couleurs rich\u00ades de sai\u00adson : bor\u00addeaux, vert sapin, bleu nuit ou nuances dor\u00e9es. Les d\u00e9tails tra\u00advail\u00adl\u00e9s \u2014 broderies, sequins dis\u00adcrets ou plis archi\u00adtec\u00adturaux \u2014 appor\u00adtent du relief sans sur\u00adcharg\u00ader la sil\u00adhou\u00adette.<\/p>\n\n\n\n<p>Les coupes sont sou\u00advent cin\u00adtr\u00e9es \u00e0 la taille pour val\u00adoris\u00ader la sil\u00adhou\u00adette, avec des d\u00e9col\u00adlet\u00e9s sub\u00adtils ou des \u00e9paules sculp\u00adt\u00e9es pour un effet mod\u00aderne et affir\u00adm\u00e9. Jouer sur les con\u00adtrastes entre la rigueur du tailleur-pan\u00adtalon de gala, tr\u00e8s en vogue cette ann\u00e9e, et la douceur d\u2019une robe roman\u00adtique reste un pari gag\u00adnant.<\/p>\n\n\n\n<figure class=\"wp-block-image size-large\"><img loading=\"lazy\" decoding=\"async\" width=\"1024\" height=\"683\" src=\"https:\/\/bobea.net\/wp-content\/uploads\/2025\/10\/1ZXs9Qwuacy83GTy5apwI4-1-1024x683.jpg\" alt class=\"wp-image-26041\" srcset=\"https:\/\/bobea.net\/wp-content\/uploads\/2025\/10\/1ZXs9Qwuacy83GTy5apwI4-1-1024x683.jpg 1024w, https:\/\/bobea.net\/wp-content\/uploads\/2025\/10\/1ZXs9Qwuacy83GTy5apwI4-1-300x200.jpg 300w, https:\/\/bobea.net\/wp-content\/uploads\/2025\/10\/1ZXs9Qwuacy83GTy5apwI4-1-768x512.jpg 768w, https:\/\/bobea.net\/wp-content\/uploads\/2025\/10\/1ZXs9Qwuacy83GTy5apwI4-1-1536x1024.jpg 1536w, https:\/\/bobea.net\/wp-content\/uploads\/2025\/10\/1ZXs9Qwuacy83GTy5apwI4-1.jpg 2048w\" sizes=\"(max-width: 1024px) 100vw, 1024px\"><\/figure>\n\n\n\n<p>Pour l\u2019accessoirisation, les sacs minia\u00adtures, bijoux d\u00e9li\u00adcats et chaus\u00adsures \u00e0 talons fins sont des indis\u00adpens\u00adables. Les coif\u00adfures jouent la carte du naturel sophis\u00adtiqu\u00e9 : chignons flous, cheveux l\u00e2ch\u00e9s avec ondu\u00adla\u00adtions l\u00e9g\u00e8res ou coif\u00adfures r\u00e9tro revis\u00adit\u00e9es selon la mor\u00adpholo\u00adgie du vis\u00adage.<\/p>\n\n\n\n<p>Enfin, porter une tenue de gala, c\u2019est aus\u00adsi adopter une atti\u00adtude : con\u00adfi\u00adance en soi, pos\u00adture droite, sourire naturel et une d\u00e9marche assur\u00e9e trans\u00adfor\u00adment une sim\u00adple robe en un v\u00e9ri\u00adta\u00adble \u00e9crin de beaut\u00e9 et de charisme.<\/p>\n","protected":false},"excerpt":{"rendered":"<p>L\u2019automne 2025 se des\u00adsine comme une sai\u00adson o\u00f9 la mode de gala con\u00adjugue audace, sophis\u00adti\u00adca\u00adtion et sim\u00adplic\u00adit\u00e9 ma\u00eetris\u00e9e. Pour briller lors des soir\u00e9es pres\u00adtigieuses, il est cru\u00adcial de ma\u00eetris\u00ader les\u2026 <\/p>\n","protected":false},"author":1,"featured_media":26042,"comment_status":"open","ping_status":"closed","sticky":false,"template":"","format":"standard","meta":{"wp_typography_post_enhancements_disabled":false,"footnotes":""},"categories":[73],"tags":[],"class_list":["post-26040","post","type-post","status-publish","format-standard","has-post-thumbnail","hentry","category-on-en-parle"],"yoast_head":"<!-- This site is optimized with the Yoast SEO plugin v24.7 - https:\/\/yoast.com\/wordpress\/plugins\/seo\/ -->\n<title>Tenues de gala : les looks stars pour briller aux soir\u00e9es d\u2019automne 2025 - Bobea<\/title>\n<meta name=\"description\" content=\"Enfin, porter une tenue de gala, c\u2019est aussi adopter une attitude : confiance en soi, posture droite, sourire naturel et une d\u00e9marche\" \/>\n<meta name=\"robots\" content=\"index, follow, max-snippet:-1, max-image-preview:large, max-video-preview:-1\" \/>\n<link rel=\"canonical\" href=\"https:\/\/bobea.net\/index.php\/2025\/10\/23\/tenues-de-gala-les-looks-stars-pour-briller-aux-soirees-dautomne-2025\/\" \/>\n<meta property=\"og:locale\" content=\"fr_FR\" \/>\n<meta property=\"og:type\" content=\"article\" \/>\n<meta property=\"og:title\" content=\"Tenues de gala : les looks stars pour briller aux soir\u00e9es d\u2019automne 2025 - Bobea\" \/>\n<meta property=\"og:description\" content=\"Enfin, porter une tenue de gala, c\u2019est aussi adopter une attitude : confiance en soi, posture droite, sourire naturel et une d\u00e9marche\" \/>\n<meta property=\"og:url\" content=\"https:\/\/bobea.net\/index.php\/2025\/10\/23\/tenues-de-gala-les-looks-stars-pour-briller-aux-soirees-dautomne-2025\/\" \/>\n<meta property=\"og:site_name\" content=\"Bobea\" \/>\n<meta property=\"article:publisher\" content=\"https:\/\/web.facebook.com\/profile.php?id=61559252188416\" \/>\n<meta property=\"article:published_time\" content=\"2025-10-23T06:07:12+00:00\" \/>\n<meta property=\"article:modified_time\" content=\"2025-10-23T06:07:13+00:00\" \/>\n<meta property=\"og:image\" content=\"https:\/\/bobea.net\/wp-content\/uploads\/2025\/10\/1280x853_cmsv2_e1c1b7a1-a1cb-58bd-a280-3f2740df6be6-9262318.webp\" \/>\n\t<meta property=\"og:image:width\" content=\"1280\" \/>\n\t<meta property=\"og:image:height\" content=\"853\" \/>\n\t<meta property=\"og:image:type\" content=\"image\/webp\" \/>\n<meta name=\"author\" content=\"bobea.info\" \/>\n<meta name=\"twitter:card\" content=\"summary_large_image\" \/>\n<meta name=\"twitter:label1\" content=\"\u00c9crit par\" \/>\n\t<meta name=\"twitter:data1\" content=\"bobea.info\" \/>\n\t<meta name=\"twitter:label2\" content=\"Dur\u00e9e de lecture estim\u00e9e\" \/>\n\t<meta name=\"twitter:data2\" content=\"2 minutes\" \/>\n<script type=\"application\/ld+json\" class=\"yoast-schema-graph\">{\"@context\":\"https:\/\/schema.org\",\"@graph\":[{\"@type\":\"Article\",\"@id\":\"https:\/\/bobea.net\/index.php\/2025\/10\/23\/tenues-de-gala-les-looks-stars-pour-briller-aux-soirees-dautomne-2025\/#article\",\"isPartOf\":{\"@id\":\"https:\/\/bobea.net\/index.php\/2025\/10\/23\/tenues-de-gala-les-looks-stars-pour-briller-aux-soirees-dautomne-2025\/\"},\"author\":{\"name\":\"bobea.info\",\"@id\":\"https:\/\/bobea.net\/#\/schema\/person\/e7f45ef187918d7c956bf619dce90ccf\"},\"headline\":\"Tenues de gala : les looks stars pour briller aux soir\u00e9es d\u2019automne 2025\",\"datePublished\":\"2025-10-23T06:07:12+00:00\",\"dateModified\":\"2025-10-23T06:07:13+00:00\",\"mainEntityOfPage\":{\"@id\":\"https:\/\/bobea.net\/index.php\/2025\/10\/23\/tenues-de-gala-les-looks-stars-pour-briller-aux-soirees-dautomne-2025\/\"},\"wordCount\":250,\"commentCount\":0,\"publisher\":{\"@id\":\"https:\/\/bobea.net\/#organization\"},\"image\":{\"@id\":\"https:\/\/bobea.net\/index.php\/2025\/10\/23\/tenues-de-gala-les-looks-stars-pour-briller-aux-soirees-dautomne-2025\/#primaryimage\"},\"thumbnailUrl\":\"https:\/\/bobea.net\/wp-content\/uploads\/2025\/10\/1280x853_cmsv2_e1c1b7a1-a1cb-58bd-a280-3f2740df6be6-9262318.webp\",\"articleSection\":[\"On en Parle\"],\"inLanguage\":\"fr-FR\",\"potentialAction\":[{\"@type\":\"CommentAction\",\"name\":\"Comment\",\"target\":[\"https:\/\/bobea.net\/index.php\/2025\/10\/23\/tenues-de-gala-les-looks-stars-pour-briller-aux-soirees-dautomne-2025\/#respond\"]}]},{\"@type\":\"WebPage\",\"@id\":\"https:\/\/bobea.net\/index.php\/2025\/10\/23\/tenues-de-gala-les-looks-stars-pour-briller-aux-soirees-dautomne-2025\/\",\"url\":\"https:\/\/bobea.net\/index.php\/2025\/10\/23\/tenues-de-gala-les-looks-stars-pour-briller-aux-soirees-dautomne-2025\/\",\"name\":\"Tenues de gala : les looks stars pour briller aux soir\u00e9es d\u2019automne 2025 - Bobea\",\"isPartOf\":{\"@id\":\"https:\/\/bobea.net\/#website\"},\"primaryImageOfPage\":{\"@id\":\"https:\/\/bobea.net\/index.php\/2025\/10\/23\/tenues-de-gala-les-looks-stars-pour-briller-aux-soirees-dautomne-2025\/#primaryimage\"},\"image\":{\"@id\":\"https:\/\/bobea.net\/index.php\/2025\/10\/23\/tenues-de-gala-les-looks-stars-pour-briller-aux-soirees-dautomne-2025\/#primaryimage\"},\"thumbnailUrl\":\"https:\/\/bobea.net\/wp-content\/uploads\/2025\/10\/1280x853_cmsv2_e1c1b7a1-a1cb-58bd-a280-3f2740df6be6-9262318.webp\",\"datePublished\":\"2025-10-23T06:07:12+00:00\",\"dateModified\":\"2025-10-23T06:07:13+00:00\",\"description\":\"Enfin, porter une tenue de gala, c\u2019est aussi adopter une attitude : confiance en soi, posture droite, sourire naturel et une d\u00e9marche\",\"breadcrumb\":{\"@id\":\"https:\/\/bobea.net\/index.php\/2025\/10\/23\/tenues-de-gala-les-looks-stars-pour-briller-aux-soirees-dautomne-2025\/#breadcrumb\"},\"inLanguage\":\"fr-FR\",\"potentialAction\":[{\"@type\":\"ReadAction\",\"target\":[\"https:\/\/bobea.net\/index.php\/2025\/10\/23\/tenues-de-gala-les-looks-stars-pour-briller-aux-soirees-dautomne-2025\/\"]}]},{\"@type\":\"ImageObject\",\"inLanguage\":\"fr-FR\",\"@id\":\"https:\/\/bobea.net\/index.php\/2025\/10\/23\/tenues-de-gala-les-looks-stars-pour-briller-aux-soirees-dautomne-2025\/#primaryimage\",\"url\":\"https:\/\/bobea.net\/wp-content\/uploads\/2025\/10\/1280x853_cmsv2_e1c1b7a1-a1cb-58bd-a280-3f2740df6be6-9262318.webp\",\"contentUrl\":\"https:\/\/bobea.net\/wp-content\/uploads\/2025\/10\/1280x853_cmsv2_e1c1b7a1-a1cb-58bd-a280-3f2740df6be6-9262318.webp\",\"width\":1280,\"height\":853},{\"@type\":\"BreadcrumbList\",\"@id\":\"https:\/\/bobea.net\/index.php\/2025\/10\/23\/tenues-de-gala-les-looks-stars-pour-briller-aux-soirees-dautomne-2025\/#breadcrumb\",\"itemListElement\":[{\"@type\":\"ListItem\",\"position\":1,\"name\":\"Accueil\",\"item\":\"https:\/\/bobea.net\/\"},{\"@type\":\"ListItem\",\"position\":2,\"name\":\"Tenues de gala : les looks stars pour briller aux soir\u00e9es d\u2019automne 2025\"}]},{\"@type\":\"WebSite\",\"@id\":\"https:\/\/bobea.net\/#website\",\"url\":\"https:\/\/bobea.net\/\",\"name\":\"Bobea\",\"description\":\"Le magazine de la nouvelle \u00c8ve\",\"publisher\":{\"@id\":\"https:\/\/bobea.net\/#organization\"},\"potentialAction\":[{\"@type\":\"SearchAction\",\"target\":{\"@type\":\"EntryPoint\",\"urlTemplate\":\"https:\/\/bobea.net\/?s={search_term_string}\"},\"query-input\":{\"@type\":\"PropertyValueSpecification\",\"valueRequired\":true,\"valueName\":\"search_term_string\"}}],\"inLanguage\":\"fr-FR\"},{\"@type\":\"Organization\",\"@id\":\"https:\/\/bobea.net\/#organization\",\"name\":\"Bobea\",\"url\":\"https:\/\/bobea.net\/\",\"logo\":{\"@type\":\"ImageObject\",\"inLanguage\":\"fr-FR\",\"@id\":\"https:\/\/bobea.net\/#\/schema\/logo\/image\/\",\"url\":\"https:\/\/bobea.net\/wp-content\/uploads\/2024\/06\/bobea.jpg\",\"contentUrl\":\"https:\/\/bobea.net\/wp-content\/uploads\/2024\/06\/bobea.jpg\",\"width\":1080,\"height\":1080,\"caption\":\"Bobea\"},\"image\":{\"@id\":\"https:\/\/bobea.net\/#\/schema\/logo\/image\/\"},\"sameAs\":[\"https:\/\/web.facebook.com\/profile.php?id=61559252188416\"]},{\"@type\":\"Person\",\"@id\":\"https:\/\/bobea.net\/#\/schema\/person\/e7f45ef187918d7c956bf619dce90ccf\",\"name\":\"bobea.info\",\"image\":{\"@type\":\"ImageObject\",\"inLanguage\":\"fr-FR\",\"@id\":\"https:\/\/bobea.net\/#\/schema\/person\/image\/\",\"url\":\"https:\/\/secure.gravatar.com\/avatar\/36147980349df887ae30808df3e29474?s=96&d=mm&r=g\",\"contentUrl\":\"https:\/\/secure.gravatar.com\/avatar\/36147980349df887ae30808df3e29474?s=96&d=mm&r=g\",\"caption\":\"bobea.info\"},\"sameAs\":[\"https:\/\/bobea.net\"],\"url\":\"https:\/\/bobea.net\/index.php\/author\/bobea-info\/\"}]}<\/script>\n<!-- \/ Yoast SEO plugin. -->","yoast_head_json":{"title":"Tenues de gala : les looks stars pour briller aux soir\u00e9es d\u2019automne 2025 - Bobea","description":"Enfin, porter une tenue de gala, c\u2019est aussi adopter une attitude : confiance en soi, posture droite, sourire naturel et une d\u00e9marche","robots":{"index":"index","follow":"follow","max-snippet":"max-snippet:-1","max-image-preview":"max-image-preview:large","max-video-preview":"max-video-preview:-1"},"canonical":"https:\/\/bobea.net\/index.php\/2025\/10\/23\/tenues-de-gala-les-looks-stars-pour-briller-aux-soirees-dautomne-2025\/","og_locale":"fr_FR","og_type":"article","og_title":"Tenues de gala : les looks stars pour briller aux soir\u00e9es d\u2019automne 2025 - Bobea","og_description":"Enfin, porter une tenue de gala, c\u2019est aussi adopter une attitude : confiance en soi, posture droite, sourire naturel et une d\u00e9marche","og_url":"https:\/\/bobea.net\/index.php\/2025\/10\/23\/tenues-de-gala-les-looks-stars-pour-briller-aux-soirees-dautomne-2025\/","og_site_name":"Bobea","article_publisher":"https:\/\/web.facebook.com\/profile.php?id=61559252188416","article_published_time":"2025-10-23T06:07:12+00:00","article_modified_time":"2025-10-23T06:07:13+00:00","og_image":[{"width":1280,"height":853,"url":"https:\/\/bobea.net\/wp-content\/uploads\/2025\/10\/1280x853_cmsv2_e1c1b7a1-a1cb-58bd-a280-3f2740df6be6-9262318.webp","type":"image\/webp"}],"author":"bobea.info","twitter_card":"summary_large_image","twitter_misc":{"\u00c9crit par":"bobea.info","Dur\u00e9e de lecture estim\u00e9e":"2 minutes"},"schema":{"@context":"https:\/\/schema.org","@graph":[{"@type":"Article","@id":"https:\/\/bobea.net\/index.php\/2025\/10\/23\/tenues-de-gala-les-looks-stars-pour-briller-aux-soirees-dautomne-2025\/#article","isPartOf":{"@id":"https:\/\/bobea.net\/index.php\/2025\/10\/23\/tenues-de-gala-les-looks-stars-pour-briller-aux-soirees-dautomne-2025\/"},"author":{"name":"bobea.info","@id":"https:\/\/bobea.net\/#\/schema\/person\/e7f45ef187918d7c956bf619dce90ccf"},"headline":"Tenues de gala : les looks stars pour briller aux soir\u00e9es d\u2019automne 2025","datePublished":"2025-10-23T06:07:12+00:00","dateModified":"2025-10-23T06:07:13+00:00","mainEntityOfPage":{"@id":"https:\/\/bobea.net\/index.php\/2025\/10\/23\/tenues-de-gala-les-looks-stars-pour-briller-aux-soirees-dautomne-2025\/"},"wordCount":250,"commentCount":0,"publisher":{"@id":"https:\/\/bobea.net\/#organization"},"image":{"@id":"https:\/\/bobea.net\/index.php\/2025\/10\/23\/tenues-de-gala-les-looks-stars-pour-briller-aux-soirees-dautomne-2025\/#primaryimage"},"thumbnailUrl":"https:\/\/bobea.net\/wp-content\/uploads\/2025\/10\/1280x853_cmsv2_e1c1b7a1-a1cb-58bd-a280-3f2740df6be6-9262318.webp","articleSection":["On en Parle"],"inLanguage":"fr-FR","potentialAction":[{"@type":"CommentAction","name":"Comment","target":["https:\/\/bobea.net\/index.php\/2025\/10\/23\/tenues-de-gala-les-looks-stars-pour-briller-aux-soirees-dautomne-2025\/#respond"]}]},{"@type":"WebPage","@id":"https:\/\/bobea.net\/index.php\/2025\/10\/23\/tenues-de-gala-les-looks-stars-pour-briller-aux-soirees-dautomne-2025\/","url":"https:\/\/bobea.net\/index.php\/2025\/10\/23\/tenues-de-gala-les-looks-stars-pour-briller-aux-soirees-dautomne-2025\/","name":"Tenues de gala : les looks stars pour briller aux soir\u00e9es d\u2019automne 2025 - Bobea","isPartOf":{"@id":"https:\/\/bobea.net\/#website"},"primaryImageOfPage":{"@id":"https:\/\/bobea.net\/index.php\/2025\/10\/23\/tenues-de-gala-les-looks-stars-pour-briller-aux-soirees-dautomne-2025\/#primaryimage"},"image":{"@id":"https:\/\/bobea.net\/index.php\/2025\/10\/23\/tenues-de-gala-les-looks-stars-pour-briller-aux-soirees-dautomne-2025\/#primaryimage"},"thumbnailUrl":"https:\/\/bobea.net\/wp-content\/uploads\/2025\/10\/1280x853_cmsv2_e1c1b7a1-a1cb-58bd-a280-3f2740df6be6-9262318.webp","datePublished":"2025-10-23T06:07:12+00:00","dateModified":"2025-10-23T06:07:13+00:00","description":"Enfin, porter une tenue de gala, c\u2019est aussi adopter une attitude : confiance en soi, posture droite, sourire naturel et une d\u00e9marche","breadcrumb":{"@id":"https:\/\/bobea.net\/index.php\/2025\/10\/23\/tenues-de-gala-les-looks-stars-pour-briller-aux-soirees-dautomne-2025\/#breadcrumb"},"inLanguage":"fr-FR","potentialAction":[{"@type":"ReadAction","target":["https:\/\/bobea.net\/index.php\/2025\/10\/23\/tenues-de-gala-les-looks-stars-pour-briller-aux-soirees-dautomne-2025\/"]}]},{"@type":"ImageObject","inLanguage":"fr-FR","@id":"https:\/\/bobea.net\/index.php\/2025\/10\/23\/tenues-de-gala-les-looks-stars-pour-briller-aux-soirees-dautomne-2025\/#primaryimage","url":"https:\/\/bobea.net\/wp-content\/uploads\/2025\/10\/1280x853_cmsv2_e1c1b7a1-a1cb-58bd-a280-3f2740df6be6-9262318.webp","contentUrl":"https:\/\/bobea.net\/wp-content\/uploads\/2025\/10\/1280x853_cmsv2_e1c1b7a1-a1cb-58bd-a280-3f2740df6be6-9262318.webp","width":1280,"height":853},{"@type":"BreadcrumbList","@id":"https:\/\/bobea.net\/index.php\/2025\/10\/23\/tenues-de-gala-les-looks-stars-pour-briller-aux-soirees-dautomne-2025\/#breadcrumb","itemListElement":[{"@type":"ListItem","position":1,"name":"Accueil","item":"https:\/\/bobea.net\/"},{"@type":"ListItem","position":2,"name":"Tenues de gala : les looks stars pour briller aux soir\u00e9es d\u2019automne 2025"}]},{"@type":"WebSite","@id":"https:\/\/bobea.net\/#website","url":"https:\/\/bobea.net\/","name":"Bobea","description":"Le magazine de la nouvelle \u00c8ve","publisher":{"@id":"https:\/\/bobea.net\/#organization"},"potentialAction":[{"@type":"SearchAction","target":{"@type":"EntryPoint","urlTemplate":"https:\/\/bobea.net\/?s={search_term_string}"},"query-input":{"@type":"PropertyValueSpecification","valueRequired":true,"valueName":"search_term_string"}}],"inLanguage":"fr-FR"},{"@type":"Organization","@id":"https:\/\/bobea.net\/#organization","name":"Bobea","url":"https:\/\/bobea.net\/","logo":{"@type":"ImageObject","inLanguage":"fr-FR","@id":"https:\/\/bobea.net\/#\/schema\/logo\/image\/","url":"https:\/\/bobea.net\/wp-content\/uploads\/2024\/06\/bobea.jpg","contentUrl":"https:\/\/bobea.net\/wp-content\/uploads\/2024\/06\/bobea.jpg","width":1080,"height":1080,"caption":"Bobea"},"image":{"@id":"https:\/\/bobea.net\/#\/schema\/logo\/image\/"},"sameAs":["https:\/\/web.facebook.com\/profile.php?id=61559252188416"]},{"@type":"Person","@id":"https:\/\/bobea.net\/#\/schema\/person\/e7f45ef187918d7c956bf619dce90ccf","name":"bobea.info","image":{"@type":"ImageObject","inLanguage":"fr-FR","@id":"https:\/\/bobea.net\/#\/schema\/person\/image\/","url":"https:\/\/secure.gravatar.com\/avatar\/36147980349df887ae30808df3e29474?s=96&d=mm&r=g","contentUrl":"https:\/\/secure.gravatar.com\/avatar\/36147980349df887ae30808df3e29474?s=96&d=mm&r=g","caption":"bobea.info"},"sameAs":["https:\/\/bobea.net"],"url":"https:\/\/bobea.net\/index.php\/author\/bobea-info\/"}]}},"_links":{"self":[{"href":"https:\/\/bobea.net\/index.php\/wp-json\/wp\/v2\/posts\/26040"}],"collection":[{"href":"https:\/\/bobea.net\/index.php\/wp-json\/wp\/v2\/posts"}],"about":[{"href":"https:\/\/bobea.net\/index.php\/wp-json\/wp\/v2\/types\/post"}],"author":[{"embeddable":true,"href":"https:\/\/bobea.net\/index.php\/wp-json\/wp\/v2\/users\/1"}],"replies":[{"embeddable":true,"href":"https:\/\/bobea.net\/index.php\/wp-json\/wp\/v2\/comments?post=26040"}],"version-history":[{"count":1,"href":"https:\/\/bobea.net\/index.php\/wp-json\/wp\/v2\/posts\/26040\/revisions"}],"predecessor-version":[{"id":26043,"href":"https:\/\/bobea.net\/index.php\/wp-json\/wp\/v2\/posts\/26040\/revisions\/26043"}],"wp:featuredmedia":[{"embeddable":true,"href":"https:\/\/bobea.net\/index.php\/wp-json\/wp\/v2\/media\/26042"}],"wp:attachment":[{"href":"https:\/\/bobea.net\/index.php\/wp-json\/wp\/v2\/media?parent=26040"}],"wp:term":[{"taxonomy":"category","embeddable":true,"href":"https:\/\/bobea.net\/index.php\/wp-json\/wp\/v2\/categories?post=26040"},{"taxonomy":"post_tag","embeddable":true,"href":"https:\/\/bobea.net\/index.php\/wp-json\/wp\/v2\/tags?post=26040"}],"curies":[{"name":"wp","href":"https:\/\/api.w.org\/{rel}","templated":true}]}}