{"id":26011,"date":"2025-10-23T05:34:45","date_gmt":"2025-10-23T05:34:45","guid":{"rendered":"https:\/\/bobea.net\/?p=26011"},"modified":"2025-10-23T05:34:46","modified_gmt":"2025-10-23T05:34:46","slug":"il-maime-mais-ne-veut-pas-denfant-jusquou-dois-je-ceder","status":"publish","type":"post","link":"https:\/\/bobea.net\/index.php\/2025\/10\/23\/il-maime-mais-ne-veut-pas-denfant-jusquou-dois-je-ceder\/","title":{"rendered":"Il m\u2019aime mais ne veut pas d\u2019enfant : jusqu\u2019o\u00f9 dois-je c\u00e9der ?"},"content":{"rendered":"\n<p>La ques\u00adtion d\u2019avoir un enfant est sou\u00advent un tour\u00adnant majeur dans la vie d\u2019un cou\u00adple, et le refus d\u2019un parte\u00adnaire peut \u00eatre une source de con\u00adflit intense. Com\u00adpren\u00addre que votre mari vous aime ne doit pas emp\u00each\u00ader d\u2019aborder la r\u00e9al\u00adit\u00e9 de ses d\u00e9sirs et peurs li\u00e9s \u00e0 la parental\u00adit\u00e9. Cette oppo\u00adsi\u00adtion peut venir d\u2019exp\u00e9riences per\u00adson\u00adnelles, d\u2019ambitions pro\u00adfes\u00adsion\u00adnelles ou de la peur de boule\u00advers\u00ader la vie actuelle.<\/p>\n\n\n\n<p>Savoir jusqu\u2019o\u00f9 c\u00e9der n\u00e9ces\u00adsite un r\u00e9el dia\u00adlogue o\u00f9 cha\u00adcun exprime ses besoins sans juge\u00adment. Il est impor\u00adtant d\u2019explorer les raisons pro\u00adfondes du refus pour \u00e9val\u00aduer si c\u2019est un obsta\u00adcle tem\u00adpo\u00adraire ou d\u00e9fini\u00adtif. La pres\u00adsion et les ulti\u00adma\u00adtums sont rarement b\u00e9n\u00e9\u00adfiques : ils peu\u00advent frag\u00adilis\u00ader le cou\u00adple au lieu de le ren\u00adforcer.<\/p>\n\n\n\n<p>Par\u00adfois, un com\u00adpro\u00admis peut \u00eatre trou\u00adv\u00e9 : dif\u00adf\u00e9r\u00ader l\u2019arriv\u00e9e d\u2019un enfant, envis\u00adager l\u2019adoption, ou con\u00adsult\u00e9 un con\u00adseiller con\u00adju\u00adgal pour clar\u00adi\u00adfi\u00ader les attentes. La d\u00e9ci\u00adsion doit \u00eatre partag\u00e9e pour respecter l\u2019\u00e9quilibre et pr\u00e9serv\u00ader le respect mutuel.<\/p>\n\n\n\n<figure class=\"wp-block-image size-full\"><img loading=\"lazy\" decoding=\"async\" width=\"1024\" height=\"768\" src=\"https:\/\/bobea.net\/wp-content\/uploads\/2025\/10\/congoquotidien-actualite-rdc-fally-ipupa-cambriole-paris-defense-arena-culture-268-file-1200x900-1-1024x768-1.jpeg\" alt class=\"wp-image-26012\" srcset=\"https:\/\/bobea.net\/wp-content\/uploads\/2025\/10\/congoquotidien-actualite-rdc-fally-ipupa-cambriole-paris-defense-arena-culture-268-file-1200x900-1-1024x768-1.jpeg 1024w, https:\/\/bobea.net\/wp-content\/uploads\/2025\/10\/congoquotidien-actualite-rdc-fally-ipupa-cambriole-paris-defense-arena-culture-268-file-1200x900-1-1024x768-1-300x225.jpeg 300w, https:\/\/bobea.net\/wp-content\/uploads\/2025\/10\/congoquotidien-actualite-rdc-fally-ipupa-cambriole-paris-defense-arena-culture-268-file-1200x900-1-1024x768-1-768x576.jpeg 768w\" sizes=\"(max-width: 1024px) 100vw, 1024px\"><\/figure>\n\n\n\n<p>Le choix d\u2019avoir un enfant est intime, mais il ne doit jamais devenir une source d\u2019exclusion ou de souf\u00adfrance au sein du cou\u00adple. L\u2019essentiel est de ne pas sac\u00adri\u00adfi\u00ader votre d\u00e9sir mais de le con\u00adfron\u00adter \u00e0 la r\u00e9al\u00adit\u00e9 avec hon\u00adn\u00eatet\u00e9.<\/p>\n","protected":false},"excerpt":{"rendered":"<p>La ques\u00adtion d\u2019avoir un enfant est sou\u00advent un tour\u00adnant majeur dans la vie d\u2019un cou\u00adple, et le refus d\u2019un parte\u00adnaire peut \u00eatre une source de con\u00adflit intense. Com\u00adpren\u00addre que votre\u2026 <\/p>\n","protected":false},"author":1,"featured_media":26013,"comment_status":"open","ping_status":"closed","sticky":false,"template":"","format":"standard","meta":{"wp_typography_post_enhancements_disabled":false,"footnotes":""},"categories":[73],"tags":[],"class_list":["post-26011","post","type-post","status-publish","format-standard","has-post-thumbnail","hentry","category-on-en-parle"],"yoast_head":"<!-- This site is optimized with the Yoast SEO plugin v24.7 - https:\/\/yoast.com\/wordpress\/plugins\/seo\/ -->\n<title>Il m\u2019aime mais ne veut pas d\u2019enfant : jusqu\u2019o\u00f9 dois-je c\u00e9der ? - Bobea<\/title>\n<meta name=\"description\" content=\"Le choix d\u2019avoir un enfant est intime, mais il ne doit jamais devenir une source d\u2019exclusion ou de souffrance au sein du couple.\" \/>\n<meta name=\"robots\" content=\"index, follow, max-snippet:-1, max-image-preview:large, max-video-preview:-1\" \/>\n<link rel=\"canonical\" href=\"https:\/\/bobea.net\/index.php\/2025\/10\/23\/il-maime-mais-ne-veut-pas-denfant-jusquou-dois-je-ceder\/\" \/>\n<meta property=\"og:locale\" content=\"fr_FR\" \/>\n<meta property=\"og:type\" content=\"article\" \/>\n<meta property=\"og:title\" content=\"Il m\u2019aime mais ne veut pas d\u2019enfant : jusqu\u2019o\u00f9 dois-je c\u00e9der ? - Bobea\" \/>\n<meta property=\"og:description\" content=\"Le choix d\u2019avoir un enfant est intime, mais il ne doit jamais devenir une source d\u2019exclusion ou de souffrance au sein du couple.\" \/>\n<meta property=\"og:url\" content=\"https:\/\/bobea.net\/index.php\/2025\/10\/23\/il-maime-mais-ne-veut-pas-denfant-jusquou-dois-je-ceder\/\" \/>\n<meta property=\"og:site_name\" content=\"Bobea\" \/>\n<meta property=\"article:publisher\" content=\"https:\/\/web.facebook.com\/profile.php?id=61559252188416\" \/>\n<meta property=\"article:published_time\" content=\"2025-10-23T05:34:45+00:00\" \/>\n<meta property=\"article:modified_time\" content=\"2025-10-23T05:34:46+00:00\" \/>\n<meta property=\"og:image\" content=\"https:\/\/bobea.net\/wp-content\/uploads\/2025\/10\/DAMSAYA-1024x750-1.png\" \/>\n\t<meta property=\"og:image:width\" content=\"1024\" \/>\n\t<meta property=\"og:image:height\" content=\"750\" \/>\n\t<meta property=\"og:image:type\" content=\"image\/png\" \/>\n<meta name=\"author\" content=\"bobea.info\" \/>\n<meta name=\"twitter:card\" content=\"summary_large_image\" \/>\n<meta name=\"twitter:label1\" content=\"\u00c9crit par\" \/>\n\t<meta name=\"twitter:data1\" content=\"bobea.info\" \/>\n\t<meta name=\"twitter:label2\" content=\"Dur\u00e9e de lecture estim\u00e9e\" \/>\n\t<meta name=\"twitter:data2\" content=\"2 minutes\" \/>\n<script type=\"application\/ld+json\" class=\"yoast-schema-graph\">{\"@context\":\"https:\/\/schema.org\",\"@graph\":[{\"@type\":\"Article\",\"@id\":\"https:\/\/bobea.net\/index.php\/2025\/10\/23\/il-maime-mais-ne-veut-pas-denfant-jusquou-dois-je-ceder\/#article\",\"isPartOf\":{\"@id\":\"https:\/\/bobea.net\/index.php\/2025\/10\/23\/il-maime-mais-ne-veut-pas-denfant-jusquou-dois-je-ceder\/\"},\"author\":{\"name\":\"bobea.info\",\"@id\":\"https:\/\/bobea.net\/#\/schema\/person\/e7f45ef187918d7c956bf619dce90ccf\"},\"headline\":\"Il m\u2019aime mais ne veut pas d\u2019enfant : jusqu\u2019o\u00f9 dois-je c\u00e9der ?\",\"datePublished\":\"2025-10-23T05:34:45+00:00\",\"dateModified\":\"2025-10-23T05:34:46+00:00\",\"mainEntityOfPage\":{\"@id\":\"https:\/\/bobea.net\/index.php\/2025\/10\/23\/il-maime-mais-ne-veut-pas-denfant-jusquou-dois-je-ceder\/\"},\"wordCount\":237,\"commentCount\":0,\"publisher\":{\"@id\":\"https:\/\/bobea.net\/#organization\"},\"image\":{\"@id\":\"https:\/\/bobea.net\/index.php\/2025\/10\/23\/il-maime-mais-ne-veut-pas-denfant-jusquou-dois-je-ceder\/#primaryimage\"},\"thumbnailUrl\":\"https:\/\/bobea.net\/wp-content\/uploads\/2025\/10\/DAMSAYA-1024x750-1.png\",\"articleSection\":[\"On en Parle\"],\"inLanguage\":\"fr-FR\",\"potentialAction\":[{\"@type\":\"CommentAction\",\"name\":\"Comment\",\"target\":[\"https:\/\/bobea.net\/index.php\/2025\/10\/23\/il-maime-mais-ne-veut-pas-denfant-jusquou-dois-je-ceder\/#respond\"]}]},{\"@type\":\"WebPage\",\"@id\":\"https:\/\/bobea.net\/index.php\/2025\/10\/23\/il-maime-mais-ne-veut-pas-denfant-jusquou-dois-je-ceder\/\",\"url\":\"https:\/\/bobea.net\/index.php\/2025\/10\/23\/il-maime-mais-ne-veut-pas-denfant-jusquou-dois-je-ceder\/\",\"name\":\"Il m\u2019aime mais ne veut pas d\u2019enfant : jusqu\u2019o\u00f9 dois-je c\u00e9der ? - Bobea\",\"isPartOf\":{\"@id\":\"https:\/\/bobea.net\/#website\"},\"primaryImageOfPage\":{\"@id\":\"https:\/\/bobea.net\/index.php\/2025\/10\/23\/il-maime-mais-ne-veut-pas-denfant-jusquou-dois-je-ceder\/#primaryimage\"},\"image\":{\"@id\":\"https:\/\/bobea.net\/index.php\/2025\/10\/23\/il-maime-mais-ne-veut-pas-denfant-jusquou-dois-je-ceder\/#primaryimage\"},\"thumbnailUrl\":\"https:\/\/bobea.net\/wp-content\/uploads\/2025\/10\/DAMSAYA-1024x750-1.png\",\"datePublished\":\"2025-10-23T05:34:45+00:00\",\"dateModified\":\"2025-10-23T05:34:46+00:00\",\"description\":\"Le choix d\u2019avoir un enfant est intime, mais il ne doit jamais devenir une source d\u2019exclusion ou de souffrance au sein du couple.\",\"breadcrumb\":{\"@id\":\"https:\/\/bobea.net\/index.php\/2025\/10\/23\/il-maime-mais-ne-veut-pas-denfant-jusquou-dois-je-ceder\/#breadcrumb\"},\"inLanguage\":\"fr-FR\",\"potentialAction\":[{\"@type\":\"ReadAction\",\"target\":[\"https:\/\/bobea.net\/index.php\/2025\/10\/23\/il-maime-mais-ne-veut-pas-denfant-jusquou-dois-je-ceder\/\"]}]},{\"@type\":\"ImageObject\",\"inLanguage\":\"fr-FR\",\"@id\":\"https:\/\/bobea.net\/index.php\/2025\/10\/23\/il-maime-mais-ne-veut-pas-denfant-jusquou-dois-je-ceder\/#primaryimage\",\"url\":\"https:\/\/bobea.net\/wp-content\/uploads\/2025\/10\/DAMSAYA-1024x750-1.png\",\"contentUrl\":\"https:\/\/bobea.net\/wp-content\/uploads\/2025\/10\/DAMSAYA-1024x750-1.png\",\"width\":1024,\"height\":750},{\"@type\":\"BreadcrumbList\",\"@id\":\"https:\/\/bobea.net\/index.php\/2025\/10\/23\/il-maime-mais-ne-veut-pas-denfant-jusquou-dois-je-ceder\/#breadcrumb\",\"itemListElement\":[{\"@type\":\"ListItem\",\"position\":1,\"name\":\"Accueil\",\"item\":\"https:\/\/bobea.net\/\"},{\"@type\":\"ListItem\",\"position\":2,\"name\":\"Il m\u2019aime mais ne veut pas d\u2019enfant : jusqu\u2019o\u00f9 dois-je c\u00e9der ?\"}]},{\"@type\":\"WebSite\",\"@id\":\"https:\/\/bobea.net\/#website\",\"url\":\"https:\/\/bobea.net\/\",\"name\":\"Bobea\",\"description\":\"Le magazine de la nouvelle \u00c8ve\",\"publisher\":{\"@id\":\"https:\/\/bobea.net\/#organization\"},\"potentialAction\":[{\"@type\":\"SearchAction\",\"target\":{\"@type\":\"EntryPoint\",\"urlTemplate\":\"https:\/\/bobea.net\/?s={search_term_string}\"},\"query-input\":{\"@type\":\"PropertyValueSpecification\",\"valueRequired\":true,\"valueName\":\"search_term_string\"}}],\"inLanguage\":\"fr-FR\"},{\"@type\":\"Organization\",\"@id\":\"https:\/\/bobea.net\/#organization\",\"name\":\"Bobea\",\"url\":\"https:\/\/bobea.net\/\",\"logo\":{\"@type\":\"ImageObject\",\"inLanguage\":\"fr-FR\",\"@id\":\"https:\/\/bobea.net\/#\/schema\/logo\/image\/\",\"url\":\"https:\/\/bobea.net\/wp-content\/uploads\/2024\/06\/bobea.jpg\",\"contentUrl\":\"https:\/\/bobea.net\/wp-content\/uploads\/2024\/06\/bobea.jpg\",\"width\":1080,\"height\":1080,\"caption\":\"Bobea\"},\"image\":{\"@id\":\"https:\/\/bobea.net\/#\/schema\/logo\/image\/\"},\"sameAs\":[\"https:\/\/web.facebook.com\/profile.php?id=61559252188416\"]},{\"@type\":\"Person\",\"@id\":\"https:\/\/bobea.net\/#\/schema\/person\/e7f45ef187918d7c956bf619dce90ccf\",\"name\":\"bobea.info\",\"image\":{\"@type\":\"ImageObject\",\"inLanguage\":\"fr-FR\",\"@id\":\"https:\/\/bobea.net\/#\/schema\/person\/image\/\",\"url\":\"https:\/\/secure.gravatar.com\/avatar\/36147980349df887ae30808df3e29474?s=96&d=mm&r=g\",\"contentUrl\":\"https:\/\/secure.gravatar.com\/avatar\/36147980349df887ae30808df3e29474?s=96&d=mm&r=g\",\"caption\":\"bobea.info\"},\"sameAs\":[\"https:\/\/bobea.net\"],\"url\":\"https:\/\/bobea.net\/index.php\/author\/bobea-info\/\"}]}<\/script>\n<!-- \/ Yoast SEO plugin. -->","yoast_head_json":{"title":"Il m\u2019aime mais ne veut pas d\u2019enfant : jusqu\u2019o\u00f9 dois-je c\u00e9der ? - Bobea","description":"Le choix d\u2019avoir un enfant est intime, mais il ne doit jamais devenir une source d\u2019exclusion ou de souffrance au sein du couple.","robots":{"index":"index","follow":"follow","max-snippet":"max-snippet:-1","max-image-preview":"max-image-preview:large","max-video-preview":"max-video-preview:-1"},"canonical":"https:\/\/bobea.net\/index.php\/2025\/10\/23\/il-maime-mais-ne-veut-pas-denfant-jusquou-dois-je-ceder\/","og_locale":"fr_FR","og_type":"article","og_title":"Il m\u2019aime mais ne veut pas d\u2019enfant : jusqu\u2019o\u00f9 dois-je c\u00e9der ? - Bobea","og_description":"Le choix d\u2019avoir un enfant est intime, mais il ne doit jamais devenir une source d\u2019exclusion ou de souffrance au sein du couple.","og_url":"https:\/\/bobea.net\/index.php\/2025\/10\/23\/il-maime-mais-ne-veut-pas-denfant-jusquou-dois-je-ceder\/","og_site_name":"Bobea","article_publisher":"https:\/\/web.facebook.com\/profile.php?id=61559252188416","article_published_time":"2025-10-23T05:34:45+00:00","article_modified_time":"2025-10-23T05:34:46+00:00","og_image":[{"width":1024,"height":750,"url":"https:\/\/bobea.net\/wp-content\/uploads\/2025\/10\/DAMSAYA-1024x750-1.png","type":"image\/png"}],"author":"bobea.info","twitter_card":"summary_large_image","twitter_misc":{"\u00c9crit par":"bobea.info","Dur\u00e9e de lecture estim\u00e9e":"2 minutes"},"schema":{"@context":"https:\/\/schema.org","@graph":[{"@type":"Article","@id":"https:\/\/bobea.net\/index.php\/2025\/10\/23\/il-maime-mais-ne-veut-pas-denfant-jusquou-dois-je-ceder\/#article","isPartOf":{"@id":"https:\/\/bobea.net\/index.php\/2025\/10\/23\/il-maime-mais-ne-veut-pas-denfant-jusquou-dois-je-ceder\/"},"author":{"name":"bobea.info","@id":"https:\/\/bobea.net\/#\/schema\/person\/e7f45ef187918d7c956bf619dce90ccf"},"headline":"Il m\u2019aime mais ne veut pas d\u2019enfant : jusqu\u2019o\u00f9 dois-je c\u00e9der ?","datePublished":"2025-10-23T05:34:45+00:00","dateModified":"2025-10-23T05:34:46+00:00","mainEntityOfPage":{"@id":"https:\/\/bobea.net\/index.php\/2025\/10\/23\/il-maime-mais-ne-veut-pas-denfant-jusquou-dois-je-ceder\/"},"wordCount":237,"commentCount":0,"publisher":{"@id":"https:\/\/bobea.net\/#organization"},"image":{"@id":"https:\/\/bobea.net\/index.php\/2025\/10\/23\/il-maime-mais-ne-veut-pas-denfant-jusquou-dois-je-ceder\/#primaryimage"},"thumbnailUrl":"https:\/\/bobea.net\/wp-content\/uploads\/2025\/10\/DAMSAYA-1024x750-1.png","articleSection":["On en Parle"],"inLanguage":"fr-FR","potentialAction":[{"@type":"CommentAction","name":"Comment","target":["https:\/\/bobea.net\/index.php\/2025\/10\/23\/il-maime-mais-ne-veut-pas-denfant-jusquou-dois-je-ceder\/#respond"]}]},{"@type":"WebPage","@id":"https:\/\/bobea.net\/index.php\/2025\/10\/23\/il-maime-mais-ne-veut-pas-denfant-jusquou-dois-je-ceder\/","url":"https:\/\/bobea.net\/index.php\/2025\/10\/23\/il-maime-mais-ne-veut-pas-denfant-jusquou-dois-je-ceder\/","name":"Il m\u2019aime mais ne veut pas d\u2019enfant : jusqu\u2019o\u00f9 dois-je c\u00e9der ? - Bobea","isPartOf":{"@id":"https:\/\/bobea.net\/#website"},"primaryImageOfPage":{"@id":"https:\/\/bobea.net\/index.php\/2025\/10\/23\/il-maime-mais-ne-veut-pas-denfant-jusquou-dois-je-ceder\/#primaryimage"},"image":{"@id":"https:\/\/bobea.net\/index.php\/2025\/10\/23\/il-maime-mais-ne-veut-pas-denfant-jusquou-dois-je-ceder\/#primaryimage"},"thumbnailUrl":"https:\/\/bobea.net\/wp-content\/uploads\/2025\/10\/DAMSAYA-1024x750-1.png","datePublished":"2025-10-23T05:34:45+00:00","dateModified":"2025-10-23T05:34:46+00:00","description":"Le choix d\u2019avoir un enfant est intime, mais il ne doit jamais devenir une source d\u2019exclusion ou de souffrance au sein du couple.","breadcrumb":{"@id":"https:\/\/bobea.net\/index.php\/2025\/10\/23\/il-maime-mais-ne-veut-pas-denfant-jusquou-dois-je-ceder\/#breadcrumb"},"inLanguage":"fr-FR","potentialAction":[{"@type":"ReadAction","target":["https:\/\/bobea.net\/index.php\/2025\/10\/23\/il-maime-mais-ne-veut-pas-denfant-jusquou-dois-je-ceder\/"]}]},{"@type":"ImageObject","inLanguage":"fr-FR","@id":"https:\/\/bobea.net\/index.php\/2025\/10\/23\/il-maime-mais-ne-veut-pas-denfant-jusquou-dois-je-ceder\/#primaryimage","url":"https:\/\/bobea.net\/wp-content\/uploads\/2025\/10\/DAMSAYA-1024x750-1.png","contentUrl":"https:\/\/bobea.net\/wp-content\/uploads\/2025\/10\/DAMSAYA-1024x750-1.png","width":1024,"height":750},{"@type":"BreadcrumbList","@id":"https:\/\/bobea.net\/index.php\/2025\/10\/23\/il-maime-mais-ne-veut-pas-denfant-jusquou-dois-je-ceder\/#breadcrumb","itemListElement":[{"@type":"ListItem","position":1,"name":"Accueil","item":"https:\/\/bobea.net\/"},{"@type":"ListItem","position":2,"name":"Il m\u2019aime mais ne veut pas d\u2019enfant : jusqu\u2019o\u00f9 dois-je c\u00e9der ?"}]},{"@type":"WebSite","@id":"https:\/\/bobea.net\/#website","url":"https:\/\/bobea.net\/","name":"Bobea","description":"Le magazine de la nouvelle \u00c8ve","publisher":{"@id":"https:\/\/bobea.net\/#organization"},"potentialAction":[{"@type":"SearchAction","target":{"@type":"EntryPoint","urlTemplate":"https:\/\/bobea.net\/?s={search_term_string}"},"query-input":{"@type":"PropertyValueSpecification","valueRequired":true,"valueName":"search_term_string"}}],"inLanguage":"fr-FR"},{"@type":"Organization","@id":"https:\/\/bobea.net\/#organization","name":"Bobea","url":"https:\/\/bobea.net\/","logo":{"@type":"ImageObject","inLanguage":"fr-FR","@id":"https:\/\/bobea.net\/#\/schema\/logo\/image\/","url":"https:\/\/bobea.net\/wp-content\/uploads\/2024\/06\/bobea.jpg","contentUrl":"https:\/\/bobea.net\/wp-content\/uploads\/2024\/06\/bobea.jpg","width":1080,"height":1080,"caption":"Bobea"},"image":{"@id":"https:\/\/bobea.net\/#\/schema\/logo\/image\/"},"sameAs":["https:\/\/web.facebook.com\/profile.php?id=61559252188416"]},{"@type":"Person","@id":"https:\/\/bobea.net\/#\/schema\/person\/e7f45ef187918d7c956bf619dce90ccf","name":"bobea.info","image":{"@type":"ImageObject","inLanguage":"fr-FR","@id":"https:\/\/bobea.net\/#\/schema\/person\/image\/","url":"https:\/\/secure.gravatar.com\/avatar\/36147980349df887ae30808df3e29474?s=96&d=mm&r=g","contentUrl":"https:\/\/secure.gravatar.com\/avatar\/36147980349df887ae30808df3e29474?s=96&d=mm&r=g","caption":"bobea.info"},"sameAs":["https:\/\/bobea.net"],"url":"https:\/\/bobea.net\/index.php\/author\/bobea-info\/"}]}},"_links":{"self":[{"href":"https:\/\/bobea.net\/index.php\/wp-json\/wp\/v2\/posts\/26011"}],"collection":[{"href":"https:\/\/bobea.net\/index.php\/wp-json\/wp\/v2\/posts"}],"about":[{"href":"https:\/\/bobea.net\/index.php\/wp-json\/wp\/v2\/types\/post"}],"author":[{"embeddable":true,"href":"https:\/\/bobea.net\/index.php\/wp-json\/wp\/v2\/users\/1"}],"replies":[{"embeddable":true,"href":"https:\/\/bobea.net\/index.php\/wp-json\/wp\/v2\/comments?post=26011"}],"version-history":[{"count":1,"href":"https:\/\/bobea.net\/index.php\/wp-json\/wp\/v2\/posts\/26011\/revisions"}],"predecessor-version":[{"id":26014,"href":"https:\/\/bobea.net\/index.php\/wp-json\/wp\/v2\/posts\/26011\/revisions\/26014"}],"wp:featuredmedia":[{"embeddable":true,"href":"https:\/\/bobea.net\/index.php\/wp-json\/wp\/v2\/media\/26013"}],"wp:attachment":[{"href":"https:\/\/bobea.net\/index.php\/wp-json\/wp\/v2\/media?parent=26011"}],"wp:term":[{"taxonomy":"category","embeddable":true,"href":"https:\/\/bobea.net\/index.php\/wp-json\/wp\/v2\/categories?post=26011"},{"taxonomy":"post_tag","embeddable":true,"href":"https:\/\/bobea.net\/index.php\/wp-json\/wp\/v2\/tags?post=26011"}],"curies":[{"name":"wp","href":"https:\/\/api.w.org\/{rel}","templated":true}]}}