{"id":25997,"date":"2025-10-21T04:15:12","date_gmt":"2025-10-21T04:15:12","guid":{"rendered":"https:\/\/bobea.net\/?p=25997"},"modified":"2025-10-21T04:15:13","modified_gmt":"2025-10-21T04:15:13","slug":"clarence-seedorf-parle-pour-la-premiere-fois-de-ses-projets-et-de-sa-vie-intime","status":"publish","type":"post","link":"https:\/\/bobea.net\/index.php\/2025\/10\/21\/clarence-seedorf-parle-pour-la-premiere-fois-de-ses-projets-et-de-sa-vie-intime\/","title":{"rendered":"Clarence Seedorf parle pour la premi\u00e8re fois de ses projets et de sa vie intime"},"content":{"rendered":"\n<p>Clarence See\u00addorf, l\u00e9gende du foot\u00adball mon\u00addi\u00adal et entre\u00adpre\u00adneur avis\u00e9, s\u2019est r\u00e9cem\u00adment livr\u00e9 dans une inter\u00adview exclu\u00adsive qui a cap\u00adtiv\u00e9 l\u2019attention des m\u00e9dias et des fans \u00e0 tra\u00advers le monde. Con\u00adnu pour sa car\u00adri\u00e8re bril\u00adlante sur les ter\u00adrains, notam\u00adment avec l\u2019AC Milan, le Real Madrid ou l\u2019Ajax, See\u00addorf d\u00e9voile une facette plus per\u00adson\u00adnelle et ambitieuse, m\u00ealant pro\u00adjets pro\u00adfes\u00adsion\u00adnels et r\u00e9flex\u00adions intimes.<\/p>\n\n\n\n<p>Dans cet entre\u00adtien, l\u2019ancien milieu de ter\u00adrain \u00e9voque son engage\u00adment dans le d\u00e9veloppe\u00adment du foot\u00adball africain, avec la cr\u00e9a\u00adtion d\u2019acad\u00e9mies sportives des\u00adtin\u00e9es \u00e0 r\u00e9v\u00e9ler les tal\u00adents locaux. Ce pro\u00adjet, qu\u2019il con\u00adsid\u00ad\u00e8re comme une mis\u00adsion de vie, vise aus\u00adsi \u00e0 cr\u00e9er des oppor\u00adtu\u00adnit\u00e9s \u00e9duca\u00adtives et \u00e9conomiques pour les jeunes, ren\u00adfor\u00e7ant ain\u00adsi le lien entre sport et \u00e9du\u00adca\u00adtion.<\/p>\n\n\n\n<p>Sur le plan per\u00adson\u00adnel, Clarence See\u00addorf se con\u00adfie sur sa r\u00e9cente pater\u00adnit\u00e9 et le r\u00f4le trans\u00adfor\u00adma\u00adteur que celle-ci a eu dans sa vie. Il partage ses valeurs famil\u00adiales, le poids des respon\u00ads\u00adabil\u00adit\u00e9s et l\u2019importance d\u2019\u00eatre un mod\u00ad\u00e8le pour sa nou\u00advelle g\u00e9n\u00e9ra\u00adtion. Cette ouver\u00adture apporte un \u00e9clairage in\u00e9dit sur l\u2019homme der\u00adri\u00e8re le sportif.<\/p>\n\n\n\n<figure class=\"wp-block-image size-full is-resized\"><img loading=\"lazy\" decoding=\"async\" width=\"710\" height=\"399\" src=\"https:\/\/bobea.net\/wp-content\/uploads\/2025\/10\/seedorf-710x399-1.jpg\" alt class=\"wp-image-25998\" style=\"width:840px;height:auto\" srcset=\"https:\/\/bobea.net\/wp-content\/uploads\/2025\/10\/seedorf-710x399-1.jpg 710w, https:\/\/bobea.net\/wp-content\/uploads\/2025\/10\/seedorf-710x399-1-300x169.jpg 300w\" sizes=\"(max-width: 710px) 100vw, 710px\"><\/figure>\n\n\n\n<p>Par ailleurs, See\u00addorf par\u00adle aus\u00adsi de ses ambi\u00adtions entre\u00adpre\u00adneuri\u00adales, notam\u00adment dans les secteurs de la mode et des tech\u00adnolo\u00adgies durables, cher\u00adchant \u00e0 alli\u00ader pas\u00adsion et inno\u00adva\u00adtion. Il insiste sur la n\u00e9ces\u00adsit\u00e9 pour les sportifs de pr\u00e9\u00adpar\u00ader leur avenir bien au-del\u00e0 de la car\u00adri\u00e8re sportive.<\/p>\n\n\n\n<p>Cette inter\u00adview, riche et sinc\u00e8re, rap\u00adpelle que Clarence See\u00addorf est bien plus qu\u2019un foot\u00adballeur retrait\u00e9 ; il est une per\u00adson\u00adnal\u00adit\u00e9 mul\u00adti\u00adfac\u00adette, engag\u00e9e, vision\u00adnaire et inspi\u00adrante.<\/p>\n","protected":false},"excerpt":{"rendered":"<p>Clarence See\u00addorf, l\u00e9gende du foot\u00adball mon\u00addi\u00adal et entre\u00adpre\u00adneur avis\u00e9, s\u2019est r\u00e9cem\u00adment livr\u00e9 dans une inter\u00adview exclu\u00adsive qui a cap\u00adtiv\u00e9 l\u2019attention des m\u00e9dias et des fans \u00e0 tra\u00advers le monde. Con\u00adnu\u2026 <\/p>\n","protected":false},"author":1,"featured_media":25999,"comment_status":"open","ping_status":"closed","sticky":false,"template":"","format":"standard","meta":{"wp_typography_post_enhancements_disabled":false,"footnotes":""},"categories":[73],"tags":[],"class_list":["post-25997","post","type-post","status-publish","format-standard","has-post-thumbnail","hentry","category-on-en-parle"],"yoast_head":"<!-- This site is optimized with the Yoast SEO plugin v24.7 - https:\/\/yoast.com\/wordpress\/plugins\/seo\/ -->\n<title>Clarence Seedorf parle pour la premi\u00e8re fois de ses projets et de sa vie intime - Bobea<\/title>\n<meta name=\"description\" content=\"Cette interview, riche et sinc\u00e8re, rappelle que Clarence Seedorf est bien plus qu\u2019un footballeur retrait\u00e9 ; il est une personnalit\u00e9\" \/>\n<meta name=\"robots\" content=\"index, follow, max-snippet:-1, max-image-preview:large, max-video-preview:-1\" \/>\n<link rel=\"canonical\" href=\"https:\/\/bobea.net\/index.php\/2025\/10\/21\/clarence-seedorf-parle-pour-la-premiere-fois-de-ses-projets-et-de-sa-vie-intime\/\" \/>\n<meta property=\"og:locale\" content=\"fr_FR\" \/>\n<meta property=\"og:type\" content=\"article\" \/>\n<meta property=\"og:title\" content=\"Clarence Seedorf parle pour la premi\u00e8re fois de ses projets et de sa vie intime - Bobea\" \/>\n<meta property=\"og:description\" content=\"Cette interview, riche et sinc\u00e8re, rappelle que Clarence Seedorf est bien plus qu\u2019un footballeur retrait\u00e9 ; il est une personnalit\u00e9\" \/>\n<meta property=\"og:url\" content=\"https:\/\/bobea.net\/index.php\/2025\/10\/21\/clarence-seedorf-parle-pour-la-premiere-fois-de-ses-projets-et-de-sa-vie-intime\/\" \/>\n<meta property=\"og:site_name\" content=\"Bobea\" \/>\n<meta property=\"article:publisher\" content=\"https:\/\/web.facebook.com\/profile.php?id=61559252188416\" \/>\n<meta property=\"article:published_time\" content=\"2025-10-21T04:15:12+00:00\" \/>\n<meta property=\"article:modified_time\" content=\"2025-10-21T04:15:13+00:00\" \/>\n<meta property=\"og:image\" content=\"https:\/\/bobea.net\/wp-content\/uploads\/2025\/10\/IMG_20190716_030118.jpg\" \/>\n\t<meta property=\"og:image:width\" content=\"750\" \/>\n\t<meta property=\"og:image:height\" content=\"563\" \/>\n\t<meta property=\"og:image:type\" content=\"image\/jpeg\" \/>\n<meta name=\"author\" content=\"bobea.info\" \/>\n<meta name=\"twitter:card\" content=\"summary_large_image\" \/>\n<meta name=\"twitter:label1\" content=\"\u00c9crit par\" \/>\n\t<meta name=\"twitter:data1\" content=\"bobea.info\" \/>\n\t<meta name=\"twitter:label2\" content=\"Dur\u00e9e de lecture estim\u00e9e\" \/>\n\t<meta name=\"twitter:data2\" content=\"2 minutes\" \/>\n<script type=\"application\/ld+json\" class=\"yoast-schema-graph\">{\"@context\":\"https:\/\/schema.org\",\"@graph\":[{\"@type\":\"Article\",\"@id\":\"https:\/\/bobea.net\/index.php\/2025\/10\/21\/clarence-seedorf-parle-pour-la-premiere-fois-de-ses-projets-et-de-sa-vie-intime\/#article\",\"isPartOf\":{\"@id\":\"https:\/\/bobea.net\/index.php\/2025\/10\/21\/clarence-seedorf-parle-pour-la-premiere-fois-de-ses-projets-et-de-sa-vie-intime\/\"},\"author\":{\"name\":\"bobea.info\",\"@id\":\"https:\/\/bobea.net\/#\/schema\/person\/e7f45ef187918d7c956bf619dce90ccf\"},\"headline\":\"Clarence Seedorf parle pour la premi\u00e8re fois de ses projets et de sa vie intime\",\"datePublished\":\"2025-10-21T04:15:12+00:00\",\"dateModified\":\"2025-10-21T04:15:13+00:00\",\"mainEntityOfPage\":{\"@id\":\"https:\/\/bobea.net\/index.php\/2025\/10\/21\/clarence-seedorf-parle-pour-la-premiere-fois-de-ses-projets-et-de-sa-vie-intime\/\"},\"wordCount\":289,\"commentCount\":0,\"publisher\":{\"@id\":\"https:\/\/bobea.net\/#organization\"},\"image\":{\"@id\":\"https:\/\/bobea.net\/index.php\/2025\/10\/21\/clarence-seedorf-parle-pour-la-premiere-fois-de-ses-projets-et-de-sa-vie-intime\/#primaryimage\"},\"thumbnailUrl\":\"https:\/\/bobea.net\/wp-content\/uploads\/2025\/10\/IMG_20190716_030118.jpg\",\"articleSection\":[\"On en Parle\"],\"inLanguage\":\"fr-FR\",\"potentialAction\":[{\"@type\":\"CommentAction\",\"name\":\"Comment\",\"target\":[\"https:\/\/bobea.net\/index.php\/2025\/10\/21\/clarence-seedorf-parle-pour-la-premiere-fois-de-ses-projets-et-de-sa-vie-intime\/#respond\"]}]},{\"@type\":\"WebPage\",\"@id\":\"https:\/\/bobea.net\/index.php\/2025\/10\/21\/clarence-seedorf-parle-pour-la-premiere-fois-de-ses-projets-et-de-sa-vie-intime\/\",\"url\":\"https:\/\/bobea.net\/index.php\/2025\/10\/21\/clarence-seedorf-parle-pour-la-premiere-fois-de-ses-projets-et-de-sa-vie-intime\/\",\"name\":\"Clarence Seedorf parle pour la premi\u00e8re fois de ses projets et de sa vie intime - Bobea\",\"isPartOf\":{\"@id\":\"https:\/\/bobea.net\/#website\"},\"primaryImageOfPage\":{\"@id\":\"https:\/\/bobea.net\/index.php\/2025\/10\/21\/clarence-seedorf-parle-pour-la-premiere-fois-de-ses-projets-et-de-sa-vie-intime\/#primaryimage\"},\"image\":{\"@id\":\"https:\/\/bobea.net\/index.php\/2025\/10\/21\/clarence-seedorf-parle-pour-la-premiere-fois-de-ses-projets-et-de-sa-vie-intime\/#primaryimage\"},\"thumbnailUrl\":\"https:\/\/bobea.net\/wp-content\/uploads\/2025\/10\/IMG_20190716_030118.jpg\",\"datePublished\":\"2025-10-21T04:15:12+00:00\",\"dateModified\":\"2025-10-21T04:15:13+00:00\",\"description\":\"Cette interview, riche et sinc\u00e8re, rappelle que Clarence Seedorf est bien plus qu\u2019un footballeur retrait\u00e9 ; il est une personnalit\u00e9\",\"breadcrumb\":{\"@id\":\"https:\/\/bobea.net\/index.php\/2025\/10\/21\/clarence-seedorf-parle-pour-la-premiere-fois-de-ses-projets-et-de-sa-vie-intime\/#breadcrumb\"},\"inLanguage\":\"fr-FR\",\"potentialAction\":[{\"@type\":\"ReadAction\",\"target\":[\"https:\/\/bobea.net\/index.php\/2025\/10\/21\/clarence-seedorf-parle-pour-la-premiere-fois-de-ses-projets-et-de-sa-vie-intime\/\"]}]},{\"@type\":\"ImageObject\",\"inLanguage\":\"fr-FR\",\"@id\":\"https:\/\/bobea.net\/index.php\/2025\/10\/21\/clarence-seedorf-parle-pour-la-premiere-fois-de-ses-projets-et-de-sa-vie-intime\/#primaryimage\",\"url\":\"https:\/\/bobea.net\/wp-content\/uploads\/2025\/10\/IMG_20190716_030118.jpg\",\"contentUrl\":\"https:\/\/bobea.net\/wp-content\/uploads\/2025\/10\/IMG_20190716_030118.jpg\",\"width\":750,\"height\":563},{\"@type\":\"BreadcrumbList\",\"@id\":\"https:\/\/bobea.net\/index.php\/2025\/10\/21\/clarence-seedorf-parle-pour-la-premiere-fois-de-ses-projets-et-de-sa-vie-intime\/#breadcrumb\",\"itemListElement\":[{\"@type\":\"ListItem\",\"position\":1,\"name\":\"Accueil\",\"item\":\"https:\/\/bobea.net\/\"},{\"@type\":\"ListItem\",\"position\":2,\"name\":\"Clarence Seedorf parle pour la premi\u00e8re fois de ses projets et de sa vie intime\"}]},{\"@type\":\"WebSite\",\"@id\":\"https:\/\/bobea.net\/#website\",\"url\":\"https:\/\/bobea.net\/\",\"name\":\"Bobea\",\"description\":\"Le magazine de la nouvelle \u00c8ve\",\"publisher\":{\"@id\":\"https:\/\/bobea.net\/#organization\"},\"potentialAction\":[{\"@type\":\"SearchAction\",\"target\":{\"@type\":\"EntryPoint\",\"urlTemplate\":\"https:\/\/bobea.net\/?s={search_term_string}\"},\"query-input\":{\"@type\":\"PropertyValueSpecification\",\"valueRequired\":true,\"valueName\":\"search_term_string\"}}],\"inLanguage\":\"fr-FR\"},{\"@type\":\"Organization\",\"@id\":\"https:\/\/bobea.net\/#organization\",\"name\":\"Bobea\",\"url\":\"https:\/\/bobea.net\/\",\"logo\":{\"@type\":\"ImageObject\",\"inLanguage\":\"fr-FR\",\"@id\":\"https:\/\/bobea.net\/#\/schema\/logo\/image\/\",\"url\":\"https:\/\/bobea.net\/wp-content\/uploads\/2024\/06\/bobea.jpg\",\"contentUrl\":\"https:\/\/bobea.net\/wp-content\/uploads\/2024\/06\/bobea.jpg\",\"width\":1080,\"height\":1080,\"caption\":\"Bobea\"},\"image\":{\"@id\":\"https:\/\/bobea.net\/#\/schema\/logo\/image\/\"},\"sameAs\":[\"https:\/\/web.facebook.com\/profile.php?id=61559252188416\"]},{\"@type\":\"Person\",\"@id\":\"https:\/\/bobea.net\/#\/schema\/person\/e7f45ef187918d7c956bf619dce90ccf\",\"name\":\"bobea.info\",\"image\":{\"@type\":\"ImageObject\",\"inLanguage\":\"fr-FR\",\"@id\":\"https:\/\/bobea.net\/#\/schema\/person\/image\/\",\"url\":\"https:\/\/secure.gravatar.com\/avatar\/36147980349df887ae30808df3e29474?s=96&d=mm&r=g\",\"contentUrl\":\"https:\/\/secure.gravatar.com\/avatar\/36147980349df887ae30808df3e29474?s=96&d=mm&r=g\",\"caption\":\"bobea.info\"},\"sameAs\":[\"https:\/\/bobea.net\"],\"url\":\"https:\/\/bobea.net\/index.php\/author\/bobea-info\/\"}]}<\/script>\n<!-- \/ Yoast SEO plugin. -->","yoast_head_json":{"title":"Clarence Seedorf parle pour la premi\u00e8re fois de ses projets et de sa vie intime - Bobea","description":"Cette interview, riche et sinc\u00e8re, rappelle que Clarence Seedorf est bien plus qu\u2019un footballeur retrait\u00e9 ; il est une personnalit\u00e9","robots":{"index":"index","follow":"follow","max-snippet":"max-snippet:-1","max-image-preview":"max-image-preview:large","max-video-preview":"max-video-preview:-1"},"canonical":"https:\/\/bobea.net\/index.php\/2025\/10\/21\/clarence-seedorf-parle-pour-la-premiere-fois-de-ses-projets-et-de-sa-vie-intime\/","og_locale":"fr_FR","og_type":"article","og_title":"Clarence Seedorf parle pour la premi\u00e8re fois de ses projets et de sa vie intime - Bobea","og_description":"Cette interview, riche et sinc\u00e8re, rappelle que Clarence Seedorf est bien plus qu\u2019un footballeur retrait\u00e9 ; il est une personnalit\u00e9","og_url":"https:\/\/bobea.net\/index.php\/2025\/10\/21\/clarence-seedorf-parle-pour-la-premiere-fois-de-ses-projets-et-de-sa-vie-intime\/","og_site_name":"Bobea","article_publisher":"https:\/\/web.facebook.com\/profile.php?id=61559252188416","article_published_time":"2025-10-21T04:15:12+00:00","article_modified_time":"2025-10-21T04:15:13+00:00","og_image":[{"width":750,"height":563,"url":"https:\/\/bobea.net\/wp-content\/uploads\/2025\/10\/IMG_20190716_030118.jpg","type":"image\/jpeg"}],"author":"bobea.info","twitter_card":"summary_large_image","twitter_misc":{"\u00c9crit par":"bobea.info","Dur\u00e9e de lecture estim\u00e9e":"2 minutes"},"schema":{"@context":"https:\/\/schema.org","@graph":[{"@type":"Article","@id":"https:\/\/bobea.net\/index.php\/2025\/10\/21\/clarence-seedorf-parle-pour-la-premiere-fois-de-ses-projets-et-de-sa-vie-intime\/#article","isPartOf":{"@id":"https:\/\/bobea.net\/index.php\/2025\/10\/21\/clarence-seedorf-parle-pour-la-premiere-fois-de-ses-projets-et-de-sa-vie-intime\/"},"author":{"name":"bobea.info","@id":"https:\/\/bobea.net\/#\/schema\/person\/e7f45ef187918d7c956bf619dce90ccf"},"headline":"Clarence Seedorf parle pour la premi\u00e8re fois de ses projets et de sa vie intime","datePublished":"2025-10-21T04:15:12+00:00","dateModified":"2025-10-21T04:15:13+00:00","mainEntityOfPage":{"@id":"https:\/\/bobea.net\/index.php\/2025\/10\/21\/clarence-seedorf-parle-pour-la-premiere-fois-de-ses-projets-et-de-sa-vie-intime\/"},"wordCount":289,"commentCount":0,"publisher":{"@id":"https:\/\/bobea.net\/#organization"},"image":{"@id":"https:\/\/bobea.net\/index.php\/2025\/10\/21\/clarence-seedorf-parle-pour-la-premiere-fois-de-ses-projets-et-de-sa-vie-intime\/#primaryimage"},"thumbnailUrl":"https:\/\/bobea.net\/wp-content\/uploads\/2025\/10\/IMG_20190716_030118.jpg","articleSection":["On en Parle"],"inLanguage":"fr-FR","potentialAction":[{"@type":"CommentAction","name":"Comment","target":["https:\/\/bobea.net\/index.php\/2025\/10\/21\/clarence-seedorf-parle-pour-la-premiere-fois-de-ses-projets-et-de-sa-vie-intime\/#respond"]}]},{"@type":"WebPage","@id":"https:\/\/bobea.net\/index.php\/2025\/10\/21\/clarence-seedorf-parle-pour-la-premiere-fois-de-ses-projets-et-de-sa-vie-intime\/","url":"https:\/\/bobea.net\/index.php\/2025\/10\/21\/clarence-seedorf-parle-pour-la-premiere-fois-de-ses-projets-et-de-sa-vie-intime\/","name":"Clarence Seedorf parle pour la premi\u00e8re fois de ses projets et de sa vie intime - Bobea","isPartOf":{"@id":"https:\/\/bobea.net\/#website"},"primaryImageOfPage":{"@id":"https:\/\/bobea.net\/index.php\/2025\/10\/21\/clarence-seedorf-parle-pour-la-premiere-fois-de-ses-projets-et-de-sa-vie-intime\/#primaryimage"},"image":{"@id":"https:\/\/bobea.net\/index.php\/2025\/10\/21\/clarence-seedorf-parle-pour-la-premiere-fois-de-ses-projets-et-de-sa-vie-intime\/#primaryimage"},"thumbnailUrl":"https:\/\/bobea.net\/wp-content\/uploads\/2025\/10\/IMG_20190716_030118.jpg","datePublished":"2025-10-21T04:15:12+00:00","dateModified":"2025-10-21T04:15:13+00:00","description":"Cette interview, riche et sinc\u00e8re, rappelle que Clarence Seedorf est bien plus qu\u2019un footballeur retrait\u00e9 ; il est une personnalit\u00e9","breadcrumb":{"@id":"https:\/\/bobea.net\/index.php\/2025\/10\/21\/clarence-seedorf-parle-pour-la-premiere-fois-de-ses-projets-et-de-sa-vie-intime\/#breadcrumb"},"inLanguage":"fr-FR","potentialAction":[{"@type":"ReadAction","target":["https:\/\/bobea.net\/index.php\/2025\/10\/21\/clarence-seedorf-parle-pour-la-premiere-fois-de-ses-projets-et-de-sa-vie-intime\/"]}]},{"@type":"ImageObject","inLanguage":"fr-FR","@id":"https:\/\/bobea.net\/index.php\/2025\/10\/21\/clarence-seedorf-parle-pour-la-premiere-fois-de-ses-projets-et-de-sa-vie-intime\/#primaryimage","url":"https:\/\/bobea.net\/wp-content\/uploads\/2025\/10\/IMG_20190716_030118.jpg","contentUrl":"https:\/\/bobea.net\/wp-content\/uploads\/2025\/10\/IMG_20190716_030118.jpg","width":750,"height":563},{"@type":"BreadcrumbList","@id":"https:\/\/bobea.net\/index.php\/2025\/10\/21\/clarence-seedorf-parle-pour-la-premiere-fois-de-ses-projets-et-de-sa-vie-intime\/#breadcrumb","itemListElement":[{"@type":"ListItem","position":1,"name":"Accueil","item":"https:\/\/bobea.net\/"},{"@type":"ListItem","position":2,"name":"Clarence Seedorf parle pour la premi\u00e8re fois de ses projets et de sa vie intime"}]},{"@type":"WebSite","@id":"https:\/\/bobea.net\/#website","url":"https:\/\/bobea.net\/","name":"Bobea","description":"Le magazine de la nouvelle \u00c8ve","publisher":{"@id":"https:\/\/bobea.net\/#organization"},"potentialAction":[{"@type":"SearchAction","target":{"@type":"EntryPoint","urlTemplate":"https:\/\/bobea.net\/?s={search_term_string}"},"query-input":{"@type":"PropertyValueSpecification","valueRequired":true,"valueName":"search_term_string"}}],"inLanguage":"fr-FR"},{"@type":"Organization","@id":"https:\/\/bobea.net\/#organization","name":"Bobea","url":"https:\/\/bobea.net\/","logo":{"@type":"ImageObject","inLanguage":"fr-FR","@id":"https:\/\/bobea.net\/#\/schema\/logo\/image\/","url":"https:\/\/bobea.net\/wp-content\/uploads\/2024\/06\/bobea.jpg","contentUrl":"https:\/\/bobea.net\/wp-content\/uploads\/2024\/06\/bobea.jpg","width":1080,"height":1080,"caption":"Bobea"},"image":{"@id":"https:\/\/bobea.net\/#\/schema\/logo\/image\/"},"sameAs":["https:\/\/web.facebook.com\/profile.php?id=61559252188416"]},{"@type":"Person","@id":"https:\/\/bobea.net\/#\/schema\/person\/e7f45ef187918d7c956bf619dce90ccf","name":"bobea.info","image":{"@type":"ImageObject","inLanguage":"fr-FR","@id":"https:\/\/bobea.net\/#\/schema\/person\/image\/","url":"https:\/\/secure.gravatar.com\/avatar\/36147980349df887ae30808df3e29474?s=96&d=mm&r=g","contentUrl":"https:\/\/secure.gravatar.com\/avatar\/36147980349df887ae30808df3e29474?s=96&d=mm&r=g","caption":"bobea.info"},"sameAs":["https:\/\/bobea.net"],"url":"https:\/\/bobea.net\/index.php\/author\/bobea-info\/"}]}},"_links":{"self":[{"href":"https:\/\/bobea.net\/index.php\/wp-json\/wp\/v2\/posts\/25997"}],"collection":[{"href":"https:\/\/bobea.net\/index.php\/wp-json\/wp\/v2\/posts"}],"about":[{"href":"https:\/\/bobea.net\/index.php\/wp-json\/wp\/v2\/types\/post"}],"author":[{"embeddable":true,"href":"https:\/\/bobea.net\/index.php\/wp-json\/wp\/v2\/users\/1"}],"replies":[{"embeddable":true,"href":"https:\/\/bobea.net\/index.php\/wp-json\/wp\/v2\/comments?post=25997"}],"version-history":[{"count":1,"href":"https:\/\/bobea.net\/index.php\/wp-json\/wp\/v2\/posts\/25997\/revisions"}],"predecessor-version":[{"id":26000,"href":"https:\/\/bobea.net\/index.php\/wp-json\/wp\/v2\/posts\/25997\/revisions\/26000"}],"wp:featuredmedia":[{"embeddable":true,"href":"https:\/\/bobea.net\/index.php\/wp-json\/wp\/v2\/media\/25999"}],"wp:attachment":[{"href":"https:\/\/bobea.net\/index.php\/wp-json\/wp\/v2\/media?parent=25997"}],"wp:term":[{"taxonomy":"category","embeddable":true,"href":"https:\/\/bobea.net\/index.php\/wp-json\/wp\/v2\/categories?post=25997"},{"taxonomy":"post_tag","embeddable":true,"href":"https:\/\/bobea.net\/index.php\/wp-json\/wp\/v2\/tags?post=25997"}],"curies":[{"name":"wp","href":"https:\/\/api.w.org\/{rel}","templated":true}]}}