{"id":25993,"date":"2025-10-21T04:12:38","date_gmt":"2025-10-21T04:12:38","guid":{"rendered":"https:\/\/bobea.net\/?p=25993"},"modified":"2025-10-21T04:12:39","modified_gmt":"2025-10-21T04:12:39","slug":"couple-mythique-la-saga-entre-jay-z-et-beyonce-revisitee-en-images-et-en-moments-forts","status":"publish","type":"post","link":"https:\/\/bobea.net\/index.php\/2025\/10\/21\/couple-mythique-la-saga-entre-jay-z-et-beyonce-revisitee-en-images-et-en-moments-forts\/","title":{"rendered":"Couple Mythique : la saga entre Jay\u2011Z et Beyonc\u00e9 revisit\u00e9e en images et en moments forts"},"content":{"rendered":"\n<p>Jay\u2011Z et Bey\u00adon\u00adc\u00e9, le cou\u00adple mythique du hip-hop et de la pop mon\u00addi\u00adale, con\u00adtin\u00adu\u00adent de fascin\u00ader le pub\u00adlic en 2025, apr\u00e8s plus de deux d\u00e9cen\u00adnies pass\u00e9es sous les pro\u00adjecteurs. Leur his\u00adtoire d\u2019amour, jalon\u00adn\u00e9e de suc\u00adc\u00e8s pro\u00adfes\u00adsion\u00adnels et d\u2019\u00e9preuves per\u00adson\u00adnelles, incar\u00adne \u00e0 la fois la puis\u00adsance, la com\u00adplex\u00adit\u00e9 et la r\u00e9silience d\u2019une union d\u2019exception.<\/p>\n\n\n\n<p>Ren\u00adcon\u00adtr\u00e9s au d\u00e9but des ann\u00e9es 2000, Jay\u2011Z, rappeur prodi\u00adge de Brook\u00adlyn, et Bey\u00adon\u00adc\u00e9, alors jeune star mon\u00adtante du groupe Destiny\u2019s Child, ont tis\u00ads\u00e9 un lien qui allait boule\u00advers\u00ader l\u2019industrie musi\u00adcale et d\u00e9pass\u00ader les fron\u00adti\u00e8res cul\u00adturelles. Leur mariage en 2008 a \u00e9t\u00e9 un \u00e9v\u00e9ne\u00adment plan\u00e9\u00adtaire, sym\u00adbol\u00adisant une fusion par\u00adfaite entre deux tal\u00adents hors normes.<\/p>\n\n\n\n<p>Leur par\u00adcours com\u00admun est mar\u00adqu\u00e9 par des albums con\u00adjoints \u00e9piques comme&nbsp;<em>Every\u00adthing Is Love<\/em>&nbsp;et des tourn\u00e9es ph\u00e9nom\u00e9\u00adnales qui ont red\u00e9fi\u00adni les stan\u00addards du spec\u00adta\u00adcle. Mal\u00adgr\u00e9 les rumeurs de ten\u00adsions, notam\u00adment li\u00e9es aux infid\u00e9l\u00adit\u00e9s \u00e9vo\u00adqu\u00e9es dans leurs chan\u00adsons, Jay\u2011Z et Bey\u00adon\u00adc\u00e9 ont sur\u00admon\u00adt\u00e9 les crises gr\u00e2ce \u00e0 un tra\u00advail de cou\u00adple pub\u00adlic et un engage\u00adment fort.<\/p>\n\n\n\n<p>BOBEA con\u00adsacre un dossier com\u00adplet \u00e0 cette saga, illus\u00adtr\u00e9 par des images exclu\u00adsives des moments cl\u00e9s : leurs pre\u00admi\u00e8res col\u00adlab\u00ado\u00adra\u00adtions artis\u00adtiques, l\u2019arriv\u00e9e de leurs enfants Blue Ivy, Sir et Rumi, et leur engage\u00adment phil\u00adan\u00adthropique au ser\u00advice des caus\u00ades sociales, de la jus\u00adtice raciale \u00e0 l\u2019\u00e9ducation.<\/p>\n\n\n\n<figure class=\"wp-block-image size-full\"><img decoding=\"async\" src=\"https:\/\/bobea.net\/wp-content\/uploads\/2025\/10\/jad20210928-tribune-parti-pris-diamants-tiffany-2.avif\" alt class=\"wp-image-25994\"><\/figure>\n\n\n\n<p>Le cou\u00adple incar\u00adne aujourd\u2019hui une coali\u00adtion ind\u00e9\u00adfectible, port\u00e9e par des valeurs de famille, de pou\u00advoir et d\u2019influence pos\u00adi\u00adtive. Cette union est une source d\u2019inspiration pour des mil\u00adlions de fans \u00e0 tra\u00advers le monde, qui suiv\u00adent chaque \u00e9tape de leur \u00e9vo\u00adlu\u00adtion avec pas\u00adsion.<\/p>\n\n\n\n<p>De la ren\u00adcon\u00adtre \u00e0 l\u2019impact glob\u00adal, la saga Jay\u2011Z et Bey\u00adon\u00adc\u00e9 est une his\u00adtoire d\u2019amour, de pou\u00advoir et de cr\u00e9a\u00adtiv\u00adit\u00e9 qui con\u00adtin\u00adue de mar\u00adquer le XXIe si\u00e8\u00adcle, illus\u00adtrant com\u00adment deux artistes peu\u00advent con\u00adjuguer excel\u00adlence pro\u00adfes\u00adsion\u00adnelle et intim\u00adit\u00e9.<\/p>\n","protected":false},"excerpt":{"rendered":"<p>Jay\u2011Z et Bey\u00adon\u00adc\u00e9, le cou\u00adple mythique du hip-hop et de la pop mon\u00addi\u00adale, con\u00adtin\u00adu\u00adent de fascin\u00ader le pub\u00adlic en 2025, apr\u00e8s plus de deux d\u00e9cen\u00adnies pass\u00e9es sous les pro\u00adjecteurs. Leur\u2026 <\/p>\n","protected":false},"author":1,"featured_media":25995,"comment_status":"open","ping_status":"closed","sticky":false,"template":"","format":"standard","meta":{"wp_typography_post_enhancements_disabled":false,"footnotes":""},"categories":[73],"tags":[],"class_list":["post-25993","post","type-post","status-publish","format-standard","has-post-thumbnail","hentry","category-on-en-parle"],"yoast_head":"<!-- This site is optimized with the Yoast SEO plugin v24.7 - https:\/\/yoast.com\/wordpress\/plugins\/seo\/ -->\n<title>Couple Mythique : la saga entre Jay-Z et Beyonc\u00e9 revisit\u00e9e en images et en moments forts - Bobea<\/title>\n<meta name=\"description\" content=\"De la rencontre \u00e0 l\u2019impact global, la saga Jay-Z et Beyonc\u00e9 est une histoire d\u2019amour, de pouvoir et de cr\u00e9ativit\u00e9 qui continue de marquer\" \/>\n<meta name=\"robots\" content=\"index, follow, max-snippet:-1, max-image-preview:large, max-video-preview:-1\" \/>\n<link rel=\"canonical\" href=\"https:\/\/bobea.net\/index.php\/2025\/10\/21\/couple-mythique-la-saga-entre-jay-z-et-beyonce-revisitee-en-images-et-en-moments-forts\/\" \/>\n<meta property=\"og:locale\" content=\"fr_FR\" \/>\n<meta property=\"og:type\" content=\"article\" \/>\n<meta property=\"og:title\" content=\"Couple Mythique : la saga entre Jay-Z et Beyonc\u00e9 revisit\u00e9e en images et en moments forts - Bobea\" \/>\n<meta property=\"og:description\" content=\"De la rencontre \u00e0 l\u2019impact global, la saga Jay-Z et Beyonc\u00e9 est une histoire d\u2019amour, de pouvoir et de cr\u00e9ativit\u00e9 qui continue de marquer\" \/>\n<meta property=\"og:url\" content=\"https:\/\/bobea.net\/index.php\/2025\/10\/21\/couple-mythique-la-saga-entre-jay-z-et-beyonce-revisitee-en-images-et-en-moments-forts\/\" \/>\n<meta property=\"og:site_name\" content=\"Bobea\" \/>\n<meta property=\"article:publisher\" content=\"https:\/\/web.facebook.com\/profile.php?id=61559252188416\" \/>\n<meta property=\"article:published_time\" content=\"2025-10-21T04:12:38+00:00\" \/>\n<meta property=\"article:modified_time\" content=\"2025-10-21T04:12:39+00:00\" \/>\n<meta property=\"og:image\" content=\"https:\/\/bobea.net\/wp-content\/uploads\/2025\/10\/1067795190.jpeg\" \/>\n\t<meta property=\"og:image:width\" content=\"1600\" \/>\n\t<meta property=\"og:image:height\" content=\"1065\" \/>\n\t<meta property=\"og:image:type\" content=\"image\/jpeg\" \/>\n<meta name=\"author\" content=\"bobea.info\" \/>\n<meta name=\"twitter:card\" content=\"summary_large_image\" \/>\n<meta name=\"twitter:label1\" content=\"\u00c9crit par\" \/>\n\t<meta name=\"twitter:data1\" content=\"bobea.info\" \/>\n\t<meta name=\"twitter:label2\" content=\"Dur\u00e9e de lecture estim\u00e9e\" \/>\n\t<meta name=\"twitter:data2\" content=\"2 minutes\" \/>\n<script type=\"application\/ld+json\" class=\"yoast-schema-graph\">{\"@context\":\"https:\/\/schema.org\",\"@graph\":[{\"@type\":\"Article\",\"@id\":\"https:\/\/bobea.net\/index.php\/2025\/10\/21\/couple-mythique-la-saga-entre-jay-z-et-beyonce-revisitee-en-images-et-en-moments-forts\/#article\",\"isPartOf\":{\"@id\":\"https:\/\/bobea.net\/index.php\/2025\/10\/21\/couple-mythique-la-saga-entre-jay-z-et-beyonce-revisitee-en-images-et-en-moments-forts\/\"},\"author\":{\"name\":\"bobea.info\",\"@id\":\"https:\/\/bobea.net\/#\/schema\/person\/e7f45ef187918d7c956bf619dce90ccf\"},\"headline\":\"Couple Mythique : la saga entre Jay\u2011Z et Beyonc\u00e9 revisit\u00e9e en images et en moments forts\",\"datePublished\":\"2025-10-21T04:12:38+00:00\",\"dateModified\":\"2025-10-21T04:12:39+00:00\",\"mainEntityOfPage\":{\"@id\":\"https:\/\/bobea.net\/index.php\/2025\/10\/21\/couple-mythique-la-saga-entre-jay-z-et-beyonce-revisitee-en-images-et-en-moments-forts\/\"},\"wordCount\":336,\"commentCount\":0,\"publisher\":{\"@id\":\"https:\/\/bobea.net\/#organization\"},\"image\":{\"@id\":\"https:\/\/bobea.net\/index.php\/2025\/10\/21\/couple-mythique-la-saga-entre-jay-z-et-beyonce-revisitee-en-images-et-en-moments-forts\/#primaryimage\"},\"thumbnailUrl\":\"https:\/\/bobea.net\/wp-content\/uploads\/2025\/10\/1067795190.jpeg\",\"articleSection\":[\"On en Parle\"],\"inLanguage\":\"fr-FR\",\"potentialAction\":[{\"@type\":\"CommentAction\",\"name\":\"Comment\",\"target\":[\"https:\/\/bobea.net\/index.php\/2025\/10\/21\/couple-mythique-la-saga-entre-jay-z-et-beyonce-revisitee-en-images-et-en-moments-forts\/#respond\"]}]},{\"@type\":\"WebPage\",\"@id\":\"https:\/\/bobea.net\/index.php\/2025\/10\/21\/couple-mythique-la-saga-entre-jay-z-et-beyonce-revisitee-en-images-et-en-moments-forts\/\",\"url\":\"https:\/\/bobea.net\/index.php\/2025\/10\/21\/couple-mythique-la-saga-entre-jay-z-et-beyonce-revisitee-en-images-et-en-moments-forts\/\",\"name\":\"Couple Mythique : la saga entre Jay-Z et Beyonc\u00e9 revisit\u00e9e en images et en moments forts - Bobea\",\"isPartOf\":{\"@id\":\"https:\/\/bobea.net\/#website\"},\"primaryImageOfPage\":{\"@id\":\"https:\/\/bobea.net\/index.php\/2025\/10\/21\/couple-mythique-la-saga-entre-jay-z-et-beyonce-revisitee-en-images-et-en-moments-forts\/#primaryimage\"},\"image\":{\"@id\":\"https:\/\/bobea.net\/index.php\/2025\/10\/21\/couple-mythique-la-saga-entre-jay-z-et-beyonce-revisitee-en-images-et-en-moments-forts\/#primaryimage\"},\"thumbnailUrl\":\"https:\/\/bobea.net\/wp-content\/uploads\/2025\/10\/1067795190.jpeg\",\"datePublished\":\"2025-10-21T04:12:38+00:00\",\"dateModified\":\"2025-10-21T04:12:39+00:00\",\"description\":\"De la rencontre \u00e0 l\u2019impact global, la saga Jay-Z et Beyonc\u00e9 est une histoire d\u2019amour, de pouvoir et de cr\u00e9ativit\u00e9 qui continue de marquer\",\"breadcrumb\":{\"@id\":\"https:\/\/bobea.net\/index.php\/2025\/10\/21\/couple-mythique-la-saga-entre-jay-z-et-beyonce-revisitee-en-images-et-en-moments-forts\/#breadcrumb\"},\"inLanguage\":\"fr-FR\",\"potentialAction\":[{\"@type\":\"ReadAction\",\"target\":[\"https:\/\/bobea.net\/index.php\/2025\/10\/21\/couple-mythique-la-saga-entre-jay-z-et-beyonce-revisitee-en-images-et-en-moments-forts\/\"]}]},{\"@type\":\"ImageObject\",\"inLanguage\":\"fr-FR\",\"@id\":\"https:\/\/bobea.net\/index.php\/2025\/10\/21\/couple-mythique-la-saga-entre-jay-z-et-beyonce-revisitee-en-images-et-en-moments-forts\/#primaryimage\",\"url\":\"https:\/\/bobea.net\/wp-content\/uploads\/2025\/10\/1067795190.jpeg\",\"contentUrl\":\"https:\/\/bobea.net\/wp-content\/uploads\/2025\/10\/1067795190.jpeg\",\"width\":1600,\"height\":1065},{\"@type\":\"BreadcrumbList\",\"@id\":\"https:\/\/bobea.net\/index.php\/2025\/10\/21\/couple-mythique-la-saga-entre-jay-z-et-beyonce-revisitee-en-images-et-en-moments-forts\/#breadcrumb\",\"itemListElement\":[{\"@type\":\"ListItem\",\"position\":1,\"name\":\"Accueil\",\"item\":\"https:\/\/bobea.net\/\"},{\"@type\":\"ListItem\",\"position\":2,\"name\":\"Couple Mythique : la saga entre Jay-Z et Beyonc\u00e9 revisit\u00e9e en images et en moments forts\"}]},{\"@type\":\"WebSite\",\"@id\":\"https:\/\/bobea.net\/#website\",\"url\":\"https:\/\/bobea.net\/\",\"name\":\"Bobea\",\"description\":\"Le magazine de la nouvelle \u00c8ve\",\"publisher\":{\"@id\":\"https:\/\/bobea.net\/#organization\"},\"potentialAction\":[{\"@type\":\"SearchAction\",\"target\":{\"@type\":\"EntryPoint\",\"urlTemplate\":\"https:\/\/bobea.net\/?s={search_term_string}\"},\"query-input\":{\"@type\":\"PropertyValueSpecification\",\"valueRequired\":true,\"valueName\":\"search_term_string\"}}],\"inLanguage\":\"fr-FR\"},{\"@type\":\"Organization\",\"@id\":\"https:\/\/bobea.net\/#organization\",\"name\":\"Bobea\",\"url\":\"https:\/\/bobea.net\/\",\"logo\":{\"@type\":\"ImageObject\",\"inLanguage\":\"fr-FR\",\"@id\":\"https:\/\/bobea.net\/#\/schema\/logo\/image\/\",\"url\":\"https:\/\/bobea.net\/wp-content\/uploads\/2024\/06\/bobea.jpg\",\"contentUrl\":\"https:\/\/bobea.net\/wp-content\/uploads\/2024\/06\/bobea.jpg\",\"width\":1080,\"height\":1080,\"caption\":\"Bobea\"},\"image\":{\"@id\":\"https:\/\/bobea.net\/#\/schema\/logo\/image\/\"},\"sameAs\":[\"https:\/\/web.facebook.com\/profile.php?id=61559252188416\"]},{\"@type\":\"Person\",\"@id\":\"https:\/\/bobea.net\/#\/schema\/person\/e7f45ef187918d7c956bf619dce90ccf\",\"name\":\"bobea.info\",\"image\":{\"@type\":\"ImageObject\",\"inLanguage\":\"fr-FR\",\"@id\":\"https:\/\/bobea.net\/#\/schema\/person\/image\/\",\"url\":\"https:\/\/secure.gravatar.com\/avatar\/36147980349df887ae30808df3e29474?s=96&d=mm&r=g\",\"contentUrl\":\"https:\/\/secure.gravatar.com\/avatar\/36147980349df887ae30808df3e29474?s=96&d=mm&r=g\",\"caption\":\"bobea.info\"},\"sameAs\":[\"https:\/\/bobea.net\"],\"url\":\"https:\/\/bobea.net\/index.php\/author\/bobea-info\/\"}]}<\/script>\n<!-- \/ Yoast SEO plugin. -->","yoast_head_json":{"title":"Couple Mythique : la saga entre Jay-Z et Beyonc\u00e9 revisit\u00e9e en images et en moments forts - Bobea","description":"De la rencontre \u00e0 l\u2019impact global, la saga Jay-Z et Beyonc\u00e9 est une histoire d\u2019amour, de pouvoir et de cr\u00e9ativit\u00e9 qui continue de marquer","robots":{"index":"index","follow":"follow","max-snippet":"max-snippet:-1","max-image-preview":"max-image-preview:large","max-video-preview":"max-video-preview:-1"},"canonical":"https:\/\/bobea.net\/index.php\/2025\/10\/21\/couple-mythique-la-saga-entre-jay-z-et-beyonce-revisitee-en-images-et-en-moments-forts\/","og_locale":"fr_FR","og_type":"article","og_title":"Couple Mythique : la saga entre Jay-Z et Beyonc\u00e9 revisit\u00e9e en images et en moments forts - Bobea","og_description":"De la rencontre \u00e0 l\u2019impact global, la saga Jay-Z et Beyonc\u00e9 est une histoire d\u2019amour, de pouvoir et de cr\u00e9ativit\u00e9 qui continue de marquer","og_url":"https:\/\/bobea.net\/index.php\/2025\/10\/21\/couple-mythique-la-saga-entre-jay-z-et-beyonce-revisitee-en-images-et-en-moments-forts\/","og_site_name":"Bobea","article_publisher":"https:\/\/web.facebook.com\/profile.php?id=61559252188416","article_published_time":"2025-10-21T04:12:38+00:00","article_modified_time":"2025-10-21T04:12:39+00:00","og_image":[{"width":1600,"height":1065,"url":"https:\/\/bobea.net\/wp-content\/uploads\/2025\/10\/1067795190.jpeg","type":"image\/jpeg"}],"author":"bobea.info","twitter_card":"summary_large_image","twitter_misc":{"\u00c9crit par":"bobea.info","Dur\u00e9e de lecture estim\u00e9e":"2 minutes"},"schema":{"@context":"https:\/\/schema.org","@graph":[{"@type":"Article","@id":"https:\/\/bobea.net\/index.php\/2025\/10\/21\/couple-mythique-la-saga-entre-jay-z-et-beyonce-revisitee-en-images-et-en-moments-forts\/#article","isPartOf":{"@id":"https:\/\/bobea.net\/index.php\/2025\/10\/21\/couple-mythique-la-saga-entre-jay-z-et-beyonce-revisitee-en-images-et-en-moments-forts\/"},"author":{"name":"bobea.info","@id":"https:\/\/bobea.net\/#\/schema\/person\/e7f45ef187918d7c956bf619dce90ccf"},"headline":"Couple Mythique : la saga entre Jay\u2011Z et Beyonc\u00e9 revisit\u00e9e en images et en moments forts","datePublished":"2025-10-21T04:12:38+00:00","dateModified":"2025-10-21T04:12:39+00:00","mainEntityOfPage":{"@id":"https:\/\/bobea.net\/index.php\/2025\/10\/21\/couple-mythique-la-saga-entre-jay-z-et-beyonce-revisitee-en-images-et-en-moments-forts\/"},"wordCount":336,"commentCount":0,"publisher":{"@id":"https:\/\/bobea.net\/#organization"},"image":{"@id":"https:\/\/bobea.net\/index.php\/2025\/10\/21\/couple-mythique-la-saga-entre-jay-z-et-beyonce-revisitee-en-images-et-en-moments-forts\/#primaryimage"},"thumbnailUrl":"https:\/\/bobea.net\/wp-content\/uploads\/2025\/10\/1067795190.jpeg","articleSection":["On en Parle"],"inLanguage":"fr-FR","potentialAction":[{"@type":"CommentAction","name":"Comment","target":["https:\/\/bobea.net\/index.php\/2025\/10\/21\/couple-mythique-la-saga-entre-jay-z-et-beyonce-revisitee-en-images-et-en-moments-forts\/#respond"]}]},{"@type":"WebPage","@id":"https:\/\/bobea.net\/index.php\/2025\/10\/21\/couple-mythique-la-saga-entre-jay-z-et-beyonce-revisitee-en-images-et-en-moments-forts\/","url":"https:\/\/bobea.net\/index.php\/2025\/10\/21\/couple-mythique-la-saga-entre-jay-z-et-beyonce-revisitee-en-images-et-en-moments-forts\/","name":"Couple Mythique : la saga entre Jay-Z et Beyonc\u00e9 revisit\u00e9e en images et en moments forts - Bobea","isPartOf":{"@id":"https:\/\/bobea.net\/#website"},"primaryImageOfPage":{"@id":"https:\/\/bobea.net\/index.php\/2025\/10\/21\/couple-mythique-la-saga-entre-jay-z-et-beyonce-revisitee-en-images-et-en-moments-forts\/#primaryimage"},"image":{"@id":"https:\/\/bobea.net\/index.php\/2025\/10\/21\/couple-mythique-la-saga-entre-jay-z-et-beyonce-revisitee-en-images-et-en-moments-forts\/#primaryimage"},"thumbnailUrl":"https:\/\/bobea.net\/wp-content\/uploads\/2025\/10\/1067795190.jpeg","datePublished":"2025-10-21T04:12:38+00:00","dateModified":"2025-10-21T04:12:39+00:00","description":"De la rencontre \u00e0 l\u2019impact global, la saga Jay-Z et Beyonc\u00e9 est une histoire d\u2019amour, de pouvoir et de cr\u00e9ativit\u00e9 qui continue de marquer","breadcrumb":{"@id":"https:\/\/bobea.net\/index.php\/2025\/10\/21\/couple-mythique-la-saga-entre-jay-z-et-beyonce-revisitee-en-images-et-en-moments-forts\/#breadcrumb"},"inLanguage":"fr-FR","potentialAction":[{"@type":"ReadAction","target":["https:\/\/bobea.net\/index.php\/2025\/10\/21\/couple-mythique-la-saga-entre-jay-z-et-beyonce-revisitee-en-images-et-en-moments-forts\/"]}]},{"@type":"ImageObject","inLanguage":"fr-FR","@id":"https:\/\/bobea.net\/index.php\/2025\/10\/21\/couple-mythique-la-saga-entre-jay-z-et-beyonce-revisitee-en-images-et-en-moments-forts\/#primaryimage","url":"https:\/\/bobea.net\/wp-content\/uploads\/2025\/10\/1067795190.jpeg","contentUrl":"https:\/\/bobea.net\/wp-content\/uploads\/2025\/10\/1067795190.jpeg","width":1600,"height":1065},{"@type":"BreadcrumbList","@id":"https:\/\/bobea.net\/index.php\/2025\/10\/21\/couple-mythique-la-saga-entre-jay-z-et-beyonce-revisitee-en-images-et-en-moments-forts\/#breadcrumb","itemListElement":[{"@type":"ListItem","position":1,"name":"Accueil","item":"https:\/\/bobea.net\/"},{"@type":"ListItem","position":2,"name":"Couple Mythique : la saga entre Jay-Z et Beyonc\u00e9 revisit\u00e9e en images et en moments forts"}]},{"@type":"WebSite","@id":"https:\/\/bobea.net\/#website","url":"https:\/\/bobea.net\/","name":"Bobea","description":"Le magazine de la nouvelle \u00c8ve","publisher":{"@id":"https:\/\/bobea.net\/#organization"},"potentialAction":[{"@type":"SearchAction","target":{"@type":"EntryPoint","urlTemplate":"https:\/\/bobea.net\/?s={search_term_string}"},"query-input":{"@type":"PropertyValueSpecification","valueRequired":true,"valueName":"search_term_string"}}],"inLanguage":"fr-FR"},{"@type":"Organization","@id":"https:\/\/bobea.net\/#organization","name":"Bobea","url":"https:\/\/bobea.net\/","logo":{"@type":"ImageObject","inLanguage":"fr-FR","@id":"https:\/\/bobea.net\/#\/schema\/logo\/image\/","url":"https:\/\/bobea.net\/wp-content\/uploads\/2024\/06\/bobea.jpg","contentUrl":"https:\/\/bobea.net\/wp-content\/uploads\/2024\/06\/bobea.jpg","width":1080,"height":1080,"caption":"Bobea"},"image":{"@id":"https:\/\/bobea.net\/#\/schema\/logo\/image\/"},"sameAs":["https:\/\/web.facebook.com\/profile.php?id=61559252188416"]},{"@type":"Person","@id":"https:\/\/bobea.net\/#\/schema\/person\/e7f45ef187918d7c956bf619dce90ccf","name":"bobea.info","image":{"@type":"ImageObject","inLanguage":"fr-FR","@id":"https:\/\/bobea.net\/#\/schema\/person\/image\/","url":"https:\/\/secure.gravatar.com\/avatar\/36147980349df887ae30808df3e29474?s=96&d=mm&r=g","contentUrl":"https:\/\/secure.gravatar.com\/avatar\/36147980349df887ae30808df3e29474?s=96&d=mm&r=g","caption":"bobea.info"},"sameAs":["https:\/\/bobea.net"],"url":"https:\/\/bobea.net\/index.php\/author\/bobea-info\/"}]}},"_links":{"self":[{"href":"https:\/\/bobea.net\/index.php\/wp-json\/wp\/v2\/posts\/25993"}],"collection":[{"href":"https:\/\/bobea.net\/index.php\/wp-json\/wp\/v2\/posts"}],"about":[{"href":"https:\/\/bobea.net\/index.php\/wp-json\/wp\/v2\/types\/post"}],"author":[{"embeddable":true,"href":"https:\/\/bobea.net\/index.php\/wp-json\/wp\/v2\/users\/1"}],"replies":[{"embeddable":true,"href":"https:\/\/bobea.net\/index.php\/wp-json\/wp\/v2\/comments?post=25993"}],"version-history":[{"count":1,"href":"https:\/\/bobea.net\/index.php\/wp-json\/wp\/v2\/posts\/25993\/revisions"}],"predecessor-version":[{"id":25996,"href":"https:\/\/bobea.net\/index.php\/wp-json\/wp\/v2\/posts\/25993\/revisions\/25996"}],"wp:featuredmedia":[{"embeddable":true,"href":"https:\/\/bobea.net\/index.php\/wp-json\/wp\/v2\/media\/25995"}],"wp:attachment":[{"href":"https:\/\/bobea.net\/index.php\/wp-json\/wp\/v2\/media?parent=25993"}],"wp:term":[{"taxonomy":"category","embeddable":true,"href":"https:\/\/bobea.net\/index.php\/wp-json\/wp\/v2\/categories?post=25993"},{"taxonomy":"post_tag","embeddable":true,"href":"https:\/\/bobea.net\/index.php\/wp-json\/wp\/v2\/tags?post=25993"}],"curies":[{"name":"wp","href":"https:\/\/api.w.org\/{rel}","templated":true}]}}