{"id":25984,"date":"2025-10-21T04:07:11","date_gmt":"2025-10-21T04:07:11","guid":{"rendered":"https:\/\/bobea.net\/?p=25984"},"modified":"2025-10-21T04:16:09","modified_gmt":"2025-10-21T04:16:09","slug":"le-debat-enflamme-autour-des-propos-de-diams-sur-la-place-des-femmes-dans-la-musique","status":"publish","type":"post","link":"https:\/\/bobea.net\/index.php\/2025\/10\/21\/le-debat-enflamme-autour-des-propos-de-diams-sur-la-place-des-femmes-dans-la-musique\/","title":{"rendered":"le d\u00e9bat enflamm\u00e9 autour des propos de Diam\u2019s sur la place des femmes dans la musique"},"content":{"rendered":"\n<p>Diam\u2019s, anci\u00adenne reine du rap fran\u00e7ais et une des fig\u00adures les plus influ\u00adentes des ann\u00e9es 2000, est rev\u00adenue sur le devant de la sc\u00e8ne m\u00e9di\u00ada\u00adtique en 2025 en sus\u00adci\u00adtant une pol\u00e9mique autour de ses r\u00e9centes d\u00e9c\u00adla\u00adra\u00adtions sur le r\u00f4le et la vis\u00adi\u00adbil\u00adit\u00e9 des femmes dans l\u2019industrie musi\u00adcale.<\/p>\n\n\n\n<p>Dans une inter\u00adview exclu\u00adsive, elle a cri\u00adtiqu\u00e9 ouverte\u00adment l\u2019\u00e9tat actuel du milieu musi\u00adcal, d\u00e9non\u00e7ant le sex\u00adisme per\u00adsis\u00adtant et le manque d\u2019\u00e9quit\u00e9 dans les oppor\u00adtu\u00adnit\u00e9s offertes aux artistes f\u00e9minines. Ses pro\u00adpos ont divis\u00e9 l\u2019opinion publique, cer\u00adtains applaud\u00adis\u00adsant son franc-par\u00adler, tan\u00addis que d\u2019autres esti\u00adment qu\u2019elle g\u00e9n\u00e9ralise \u00e0 out\u00adrance.<\/p>\n\n\n\n<p>Cette con\u00adtro\u00adverse a raviv\u00e9 un d\u00e9bat cru\u00adcial sur l\u2019\u00e9galit\u00e9 et la repr\u00e9sen\u00adta\u00adtion dans les m\u00e9dias, soulig\u00adnant les dif\u00adfi\u00adcult\u00e9s ren\u00adcon\u00adtr\u00e9es par les femmes dans un secteur majori\u00adtaire\u00adment mas\u00adculin. Plusieurs artistes, jour\u00adnal\u00adistes et fans ont pris posi\u00adtion, don\u00adnant un nou\u00adv\u00adel \u00e9lan aux dis\u00adcus\u00adsions sur les droits, le respect et la recon\u00adnais\u00adsance au sein de la com\u00admu\u00adnaut\u00e9 musi\u00adcale.<\/p>\n\n\n\n<figure class=\"wp-block-image size-full\"><img loading=\"lazy\" decoding=\"async\" width=\"960\" height=\"640\" src=\"https:\/\/bobea.net\/wp-content\/uploads\/2025\/10\/Les-nouvelles-confidences-de-Diam-s.jpg\" alt class=\"wp-image-25986\" srcset=\"https:\/\/bobea.net\/wp-content\/uploads\/2025\/10\/Les-nouvelles-confidences-de-Diam-s.jpg 960w, https:\/\/bobea.net\/wp-content\/uploads\/2025\/10\/Les-nouvelles-confidences-de-Diam-s-300x200.jpg 300w, https:\/\/bobea.net\/wp-content\/uploads\/2025\/10\/Les-nouvelles-confidences-de-Diam-s-768x512.jpg 768w\" sizes=\"(max-width: 960px) 100vw, 960px\"><\/figure>\n\n\n\n<p>BOBEA suit atten\u00adtive\u00adment ce dossier, con\u00adva\u00adin\u00adcu que ces \u00e9changes, m\u00eame con\u00adflictuels, sont n\u00e9ces\u00adsaires pour faire pro\u00adgress\u00ader la cause des femmes et ren\u00adforcer la jus\u00adtice dans la musique.<\/p>\n\n\n\n<p><\/p>\n","protected":false},"excerpt":{"rendered":"<p>Diam\u2019s, anci\u00adenne reine du rap fran\u00e7ais et une des fig\u00adures les plus influ\u00adentes des ann\u00e9es 2000, est rev\u00adenue sur le devant de la sc\u00e8ne m\u00e9di\u00ada\u00adtique en 2025 en sus\u00adci\u00adtant une\u2026 <\/p>\n","protected":false},"author":1,"featured_media":25987,"comment_status":"open","ping_status":"closed","sticky":false,"template":"","format":"standard","meta":{"wp_typography_post_enhancements_disabled":false,"footnotes":""},"categories":[73],"tags":[],"class_list":["post-25984","post","type-post","status-publish","format-standard","has-post-thumbnail","hentry","category-on-en-parle"],"yoast_head":"<!-- This site is optimized with the Yoast SEO plugin v24.7 - https:\/\/yoast.com\/wordpress\/plugins\/seo\/ -->\n<title>le d\u00e9bat enflamm\u00e9 autour des propos de Diam\u2019s sur la place des femmes dans la musique - Bobea<\/title>\n<meta name=\"robots\" content=\"index, follow, max-snippet:-1, max-image-preview:large, max-video-preview:-1\" \/>\n<link rel=\"canonical\" href=\"https:\/\/bobea.net\/index.php\/2025\/10\/21\/le-debat-enflamme-autour-des-propos-de-diams-sur-la-place-des-femmes-dans-la-musique\/\" \/>\n<meta property=\"og:locale\" content=\"fr_FR\" \/>\n<meta property=\"og:type\" content=\"article\" \/>\n<meta property=\"og:title\" content=\"le d\u00e9bat enflamm\u00e9 autour des propos de Diam\u2019s sur la place des femmes dans la musique - Bobea\" \/>\n<meta property=\"og:description\" content=\"Diam\u2019s, anci\u00adenne reine du rap fran\u00e7ais et une des fig\u00adures les plus influ\u00adentes des ann\u00e9es 2000, est rev\u00adenue sur le devant de la sc\u00e8ne m\u00e9di\u00ada\u00adtique en 2025 en sus\u00adci\u00adtant une&hellip;\" \/>\n<meta property=\"og:url\" content=\"https:\/\/bobea.net\/index.php\/2025\/10\/21\/le-debat-enflamme-autour-des-propos-de-diams-sur-la-place-des-femmes-dans-la-musique\/\" \/>\n<meta property=\"og:site_name\" content=\"Bobea\" \/>\n<meta property=\"article:publisher\" content=\"https:\/\/web.facebook.com\/profile.php?id=61559252188416\" \/>\n<meta property=\"article:published_time\" content=\"2025-10-21T04:07:11+00:00\" \/>\n<meta property=\"article:modified_time\" content=\"2025-10-21T04:16:09+00:00\" \/>\n<meta property=\"og:image\" content=\"https:\/\/bobea.net\/wp-content\/uploads\/2025\/10\/1200x680_000-arp2485297.jpg\" \/>\n\t<meta property=\"og:image:width\" content=\"1200\" \/>\n\t<meta property=\"og:image:height\" content=\"680\" \/>\n\t<meta property=\"og:image:type\" content=\"image\/jpeg\" \/>\n<meta name=\"author\" content=\"bobea.info\" \/>\n<meta name=\"twitter:card\" content=\"summary_large_image\" \/>\n<meta name=\"twitter:label1\" content=\"\u00c9crit par\" \/>\n\t<meta name=\"twitter:data1\" content=\"bobea.info\" \/>\n\t<meta name=\"twitter:label2\" content=\"Dur\u00e9e de lecture estim\u00e9e\" \/>\n\t<meta name=\"twitter:data2\" content=\"2 minutes\" \/>\n<script type=\"application\/ld+json\" class=\"yoast-schema-graph\">{\"@context\":\"https:\/\/schema.org\",\"@graph\":[{\"@type\":\"Article\",\"@id\":\"https:\/\/bobea.net\/index.php\/2025\/10\/21\/le-debat-enflamme-autour-des-propos-de-diams-sur-la-place-des-femmes-dans-la-musique\/#article\",\"isPartOf\":{\"@id\":\"https:\/\/bobea.net\/index.php\/2025\/10\/21\/le-debat-enflamme-autour-des-propos-de-diams-sur-la-place-des-femmes-dans-la-musique\/\"},\"author\":{\"name\":\"bobea.info\",\"@id\":\"https:\/\/bobea.net\/#\/schema\/person\/e7f45ef187918d7c956bf619dce90ccf\"},\"headline\":\"le d\u00e9bat enflamm\u00e9 autour des propos de Diam\u2019s sur la place des femmes dans la musique\",\"datePublished\":\"2025-10-21T04:07:11+00:00\",\"dateModified\":\"2025-10-21T04:16:09+00:00\",\"mainEntityOfPage\":{\"@id\":\"https:\/\/bobea.net\/index.php\/2025\/10\/21\/le-debat-enflamme-autour-des-propos-de-diams-sur-la-place-des-femmes-dans-la-musique\/\"},\"wordCount\":219,\"commentCount\":0,\"publisher\":{\"@id\":\"https:\/\/bobea.net\/#organization\"},\"image\":{\"@id\":\"https:\/\/bobea.net\/index.php\/2025\/10\/21\/le-debat-enflamme-autour-des-propos-de-diams-sur-la-place-des-femmes-dans-la-musique\/#primaryimage\"},\"thumbnailUrl\":\"https:\/\/bobea.net\/wp-content\/uploads\/2025\/10\/1200x680_000-arp2485297.jpg\",\"articleSection\":[\"On en Parle\"],\"inLanguage\":\"fr-FR\",\"potentialAction\":[{\"@type\":\"CommentAction\",\"name\":\"Comment\",\"target\":[\"https:\/\/bobea.net\/index.php\/2025\/10\/21\/le-debat-enflamme-autour-des-propos-de-diams-sur-la-place-des-femmes-dans-la-musique\/#respond\"]}]},{\"@type\":\"WebPage\",\"@id\":\"https:\/\/bobea.net\/index.php\/2025\/10\/21\/le-debat-enflamme-autour-des-propos-de-diams-sur-la-place-des-femmes-dans-la-musique\/\",\"url\":\"https:\/\/bobea.net\/index.php\/2025\/10\/21\/le-debat-enflamme-autour-des-propos-de-diams-sur-la-place-des-femmes-dans-la-musique\/\",\"name\":\"le d\u00e9bat enflamm\u00e9 autour des propos de Diam\u2019s sur la place des femmes dans la musique - Bobea\",\"isPartOf\":{\"@id\":\"https:\/\/bobea.net\/#website\"},\"primaryImageOfPage\":{\"@id\":\"https:\/\/bobea.net\/index.php\/2025\/10\/21\/le-debat-enflamme-autour-des-propos-de-diams-sur-la-place-des-femmes-dans-la-musique\/#primaryimage\"},\"image\":{\"@id\":\"https:\/\/bobea.net\/index.php\/2025\/10\/21\/le-debat-enflamme-autour-des-propos-de-diams-sur-la-place-des-femmes-dans-la-musique\/#primaryimage\"},\"thumbnailUrl\":\"https:\/\/bobea.net\/wp-content\/uploads\/2025\/10\/1200x680_000-arp2485297.jpg\",\"datePublished\":\"2025-10-21T04:07:11+00:00\",\"dateModified\":\"2025-10-21T04:16:09+00:00\",\"breadcrumb\":{\"@id\":\"https:\/\/bobea.net\/index.php\/2025\/10\/21\/le-debat-enflamme-autour-des-propos-de-diams-sur-la-place-des-femmes-dans-la-musique\/#breadcrumb\"},\"inLanguage\":\"fr-FR\",\"potentialAction\":[{\"@type\":\"ReadAction\",\"target\":[\"https:\/\/bobea.net\/index.php\/2025\/10\/21\/le-debat-enflamme-autour-des-propos-de-diams-sur-la-place-des-femmes-dans-la-musique\/\"]}]},{\"@type\":\"ImageObject\",\"inLanguage\":\"fr-FR\",\"@id\":\"https:\/\/bobea.net\/index.php\/2025\/10\/21\/le-debat-enflamme-autour-des-propos-de-diams-sur-la-place-des-femmes-dans-la-musique\/#primaryimage\",\"url\":\"https:\/\/bobea.net\/wp-content\/uploads\/2025\/10\/1200x680_000-arp2485297.jpg\",\"contentUrl\":\"https:\/\/bobea.net\/wp-content\/uploads\/2025\/10\/1200x680_000-arp2485297.jpg\",\"width\":1200,\"height\":680},{\"@type\":\"BreadcrumbList\",\"@id\":\"https:\/\/bobea.net\/index.php\/2025\/10\/21\/le-debat-enflamme-autour-des-propos-de-diams-sur-la-place-des-femmes-dans-la-musique\/#breadcrumb\",\"itemListElement\":[{\"@type\":\"ListItem\",\"position\":1,\"name\":\"Accueil\",\"item\":\"https:\/\/bobea.net\/\"},{\"@type\":\"ListItem\",\"position\":2,\"name\":\"le d\u00e9bat enflamm\u00e9 autour des propos de Diam\u2019s sur la place des femmes dans la musique\"}]},{\"@type\":\"WebSite\",\"@id\":\"https:\/\/bobea.net\/#website\",\"url\":\"https:\/\/bobea.net\/\",\"name\":\"Bobea\",\"description\":\"Le magazine de la nouvelle \u00c8ve\",\"publisher\":{\"@id\":\"https:\/\/bobea.net\/#organization\"},\"potentialAction\":[{\"@type\":\"SearchAction\",\"target\":{\"@type\":\"EntryPoint\",\"urlTemplate\":\"https:\/\/bobea.net\/?s={search_term_string}\"},\"query-input\":{\"@type\":\"PropertyValueSpecification\",\"valueRequired\":true,\"valueName\":\"search_term_string\"}}],\"inLanguage\":\"fr-FR\"},{\"@type\":\"Organization\",\"@id\":\"https:\/\/bobea.net\/#organization\",\"name\":\"Bobea\",\"url\":\"https:\/\/bobea.net\/\",\"logo\":{\"@type\":\"ImageObject\",\"inLanguage\":\"fr-FR\",\"@id\":\"https:\/\/bobea.net\/#\/schema\/logo\/image\/\",\"url\":\"https:\/\/bobea.net\/wp-content\/uploads\/2024\/06\/bobea.jpg\",\"contentUrl\":\"https:\/\/bobea.net\/wp-content\/uploads\/2024\/06\/bobea.jpg\",\"width\":1080,\"height\":1080,\"caption\":\"Bobea\"},\"image\":{\"@id\":\"https:\/\/bobea.net\/#\/schema\/logo\/image\/\"},\"sameAs\":[\"https:\/\/web.facebook.com\/profile.php?id=61559252188416\"]},{\"@type\":\"Person\",\"@id\":\"https:\/\/bobea.net\/#\/schema\/person\/e7f45ef187918d7c956bf619dce90ccf\",\"name\":\"bobea.info\",\"image\":{\"@type\":\"ImageObject\",\"inLanguage\":\"fr-FR\",\"@id\":\"https:\/\/bobea.net\/#\/schema\/person\/image\/\",\"url\":\"https:\/\/secure.gravatar.com\/avatar\/36147980349df887ae30808df3e29474?s=96&d=mm&r=g\",\"contentUrl\":\"https:\/\/secure.gravatar.com\/avatar\/36147980349df887ae30808df3e29474?s=96&d=mm&r=g\",\"caption\":\"bobea.info\"},\"sameAs\":[\"https:\/\/bobea.net\"],\"url\":\"https:\/\/bobea.net\/index.php\/author\/bobea-info\/\"}]}<\/script>\n<!-- \/ Yoast SEO plugin. -->","yoast_head_json":{"title":"le d\u00e9bat enflamm\u00e9 autour des propos de Diam\u2019s sur la place des femmes dans la musique - Bobea","robots":{"index":"index","follow":"follow","max-snippet":"max-snippet:-1","max-image-preview":"max-image-preview:large","max-video-preview":"max-video-preview:-1"},"canonical":"https:\/\/bobea.net\/index.php\/2025\/10\/21\/le-debat-enflamme-autour-des-propos-de-diams-sur-la-place-des-femmes-dans-la-musique\/","og_locale":"fr_FR","og_type":"article","og_title":"le d\u00e9bat enflamm\u00e9 autour des propos de Diam\u2019s sur la place des femmes dans la musique - Bobea","og_description":"Diam\u2019s, anci\u00adenne reine du rap fran\u00e7ais et une des fig\u00adures les plus influ\u00adentes des ann\u00e9es 2000, est rev\u00adenue sur le devant de la sc\u00e8ne m\u00e9di\u00ada\u00adtique en 2025 en sus\u00adci\u00adtant une&hellip;","og_url":"https:\/\/bobea.net\/index.php\/2025\/10\/21\/le-debat-enflamme-autour-des-propos-de-diams-sur-la-place-des-femmes-dans-la-musique\/","og_site_name":"Bobea","article_publisher":"https:\/\/web.facebook.com\/profile.php?id=61559252188416","article_published_time":"2025-10-21T04:07:11+00:00","article_modified_time":"2025-10-21T04:16:09+00:00","og_image":[{"width":1200,"height":680,"url":"https:\/\/bobea.net\/wp-content\/uploads\/2025\/10\/1200x680_000-arp2485297.jpg","type":"image\/jpeg"}],"author":"bobea.info","twitter_card":"summary_large_image","twitter_misc":{"\u00c9crit par":"bobea.info","Dur\u00e9e de lecture estim\u00e9e":"2 minutes"},"schema":{"@context":"https:\/\/schema.org","@graph":[{"@type":"Article","@id":"https:\/\/bobea.net\/index.php\/2025\/10\/21\/le-debat-enflamme-autour-des-propos-de-diams-sur-la-place-des-femmes-dans-la-musique\/#article","isPartOf":{"@id":"https:\/\/bobea.net\/index.php\/2025\/10\/21\/le-debat-enflamme-autour-des-propos-de-diams-sur-la-place-des-femmes-dans-la-musique\/"},"author":{"name":"bobea.info","@id":"https:\/\/bobea.net\/#\/schema\/person\/e7f45ef187918d7c956bf619dce90ccf"},"headline":"le d\u00e9bat enflamm\u00e9 autour des propos de Diam\u2019s sur la place des femmes dans la musique","datePublished":"2025-10-21T04:07:11+00:00","dateModified":"2025-10-21T04:16:09+00:00","mainEntityOfPage":{"@id":"https:\/\/bobea.net\/index.php\/2025\/10\/21\/le-debat-enflamme-autour-des-propos-de-diams-sur-la-place-des-femmes-dans-la-musique\/"},"wordCount":219,"commentCount":0,"publisher":{"@id":"https:\/\/bobea.net\/#organization"},"image":{"@id":"https:\/\/bobea.net\/index.php\/2025\/10\/21\/le-debat-enflamme-autour-des-propos-de-diams-sur-la-place-des-femmes-dans-la-musique\/#primaryimage"},"thumbnailUrl":"https:\/\/bobea.net\/wp-content\/uploads\/2025\/10\/1200x680_000-arp2485297.jpg","articleSection":["On en Parle"],"inLanguage":"fr-FR","potentialAction":[{"@type":"CommentAction","name":"Comment","target":["https:\/\/bobea.net\/index.php\/2025\/10\/21\/le-debat-enflamme-autour-des-propos-de-diams-sur-la-place-des-femmes-dans-la-musique\/#respond"]}]},{"@type":"WebPage","@id":"https:\/\/bobea.net\/index.php\/2025\/10\/21\/le-debat-enflamme-autour-des-propos-de-diams-sur-la-place-des-femmes-dans-la-musique\/","url":"https:\/\/bobea.net\/index.php\/2025\/10\/21\/le-debat-enflamme-autour-des-propos-de-diams-sur-la-place-des-femmes-dans-la-musique\/","name":"le d\u00e9bat enflamm\u00e9 autour des propos de Diam\u2019s sur la place des femmes dans la musique - Bobea","isPartOf":{"@id":"https:\/\/bobea.net\/#website"},"primaryImageOfPage":{"@id":"https:\/\/bobea.net\/index.php\/2025\/10\/21\/le-debat-enflamme-autour-des-propos-de-diams-sur-la-place-des-femmes-dans-la-musique\/#primaryimage"},"image":{"@id":"https:\/\/bobea.net\/index.php\/2025\/10\/21\/le-debat-enflamme-autour-des-propos-de-diams-sur-la-place-des-femmes-dans-la-musique\/#primaryimage"},"thumbnailUrl":"https:\/\/bobea.net\/wp-content\/uploads\/2025\/10\/1200x680_000-arp2485297.jpg","datePublished":"2025-10-21T04:07:11+00:00","dateModified":"2025-10-21T04:16:09+00:00","breadcrumb":{"@id":"https:\/\/bobea.net\/index.php\/2025\/10\/21\/le-debat-enflamme-autour-des-propos-de-diams-sur-la-place-des-femmes-dans-la-musique\/#breadcrumb"},"inLanguage":"fr-FR","potentialAction":[{"@type":"ReadAction","target":["https:\/\/bobea.net\/index.php\/2025\/10\/21\/le-debat-enflamme-autour-des-propos-de-diams-sur-la-place-des-femmes-dans-la-musique\/"]}]},{"@type":"ImageObject","inLanguage":"fr-FR","@id":"https:\/\/bobea.net\/index.php\/2025\/10\/21\/le-debat-enflamme-autour-des-propos-de-diams-sur-la-place-des-femmes-dans-la-musique\/#primaryimage","url":"https:\/\/bobea.net\/wp-content\/uploads\/2025\/10\/1200x680_000-arp2485297.jpg","contentUrl":"https:\/\/bobea.net\/wp-content\/uploads\/2025\/10\/1200x680_000-arp2485297.jpg","width":1200,"height":680},{"@type":"BreadcrumbList","@id":"https:\/\/bobea.net\/index.php\/2025\/10\/21\/le-debat-enflamme-autour-des-propos-de-diams-sur-la-place-des-femmes-dans-la-musique\/#breadcrumb","itemListElement":[{"@type":"ListItem","position":1,"name":"Accueil","item":"https:\/\/bobea.net\/"},{"@type":"ListItem","position":2,"name":"le d\u00e9bat enflamm\u00e9 autour des propos de Diam\u2019s sur la place des femmes dans la musique"}]},{"@type":"WebSite","@id":"https:\/\/bobea.net\/#website","url":"https:\/\/bobea.net\/","name":"Bobea","description":"Le magazine de la nouvelle \u00c8ve","publisher":{"@id":"https:\/\/bobea.net\/#organization"},"potentialAction":[{"@type":"SearchAction","target":{"@type":"EntryPoint","urlTemplate":"https:\/\/bobea.net\/?s={search_term_string}"},"query-input":{"@type":"PropertyValueSpecification","valueRequired":true,"valueName":"search_term_string"}}],"inLanguage":"fr-FR"},{"@type":"Organization","@id":"https:\/\/bobea.net\/#organization","name":"Bobea","url":"https:\/\/bobea.net\/","logo":{"@type":"ImageObject","inLanguage":"fr-FR","@id":"https:\/\/bobea.net\/#\/schema\/logo\/image\/","url":"https:\/\/bobea.net\/wp-content\/uploads\/2024\/06\/bobea.jpg","contentUrl":"https:\/\/bobea.net\/wp-content\/uploads\/2024\/06\/bobea.jpg","width":1080,"height":1080,"caption":"Bobea"},"image":{"@id":"https:\/\/bobea.net\/#\/schema\/logo\/image\/"},"sameAs":["https:\/\/web.facebook.com\/profile.php?id=61559252188416"]},{"@type":"Person","@id":"https:\/\/bobea.net\/#\/schema\/person\/e7f45ef187918d7c956bf619dce90ccf","name":"bobea.info","image":{"@type":"ImageObject","inLanguage":"fr-FR","@id":"https:\/\/bobea.net\/#\/schema\/person\/image\/","url":"https:\/\/secure.gravatar.com\/avatar\/36147980349df887ae30808df3e29474?s=96&d=mm&r=g","contentUrl":"https:\/\/secure.gravatar.com\/avatar\/36147980349df887ae30808df3e29474?s=96&d=mm&r=g","caption":"bobea.info"},"sameAs":["https:\/\/bobea.net"],"url":"https:\/\/bobea.net\/index.php\/author\/bobea-info\/"}]}},"_links":{"self":[{"href":"https:\/\/bobea.net\/index.php\/wp-json\/wp\/v2\/posts\/25984"}],"collection":[{"href":"https:\/\/bobea.net\/index.php\/wp-json\/wp\/v2\/posts"}],"about":[{"href":"https:\/\/bobea.net\/index.php\/wp-json\/wp\/v2\/types\/post"}],"author":[{"embeddable":true,"href":"https:\/\/bobea.net\/index.php\/wp-json\/wp\/v2\/users\/1"}],"replies":[{"embeddable":true,"href":"https:\/\/bobea.net\/index.php\/wp-json\/wp\/v2\/comments?post=25984"}],"version-history":[{"count":2,"href":"https:\/\/bobea.net\/index.php\/wp-json\/wp\/v2\/posts\/25984\/revisions"}],"predecessor-version":[{"id":26001,"href":"https:\/\/bobea.net\/index.php\/wp-json\/wp\/v2\/posts\/25984\/revisions\/26001"}],"wp:featuredmedia":[{"embeddable":true,"href":"https:\/\/bobea.net\/index.php\/wp-json\/wp\/v2\/media\/25987"}],"wp:attachment":[{"href":"https:\/\/bobea.net\/index.php\/wp-json\/wp\/v2\/media?parent=25984"}],"wp:term":[{"taxonomy":"category","embeddable":true,"href":"https:\/\/bobea.net\/index.php\/wp-json\/wp\/v2\/categories?post=25984"},{"taxonomy":"post_tag","embeddable":true,"href":"https:\/\/bobea.net\/index.php\/wp-json\/wp\/v2\/tags?post=25984"}],"curies":[{"name":"wp","href":"https:\/\/api.w.org\/{rel}","templated":true}]}}