{"id":25967,"date":"2025-10-21T03:46:17","date_gmt":"2025-10-21T03:46:17","guid":{"rendered":"https:\/\/bobea.net\/?p=25967"},"modified":"2025-10-21T03:46:19","modified_gmt":"2025-10-21T03:46:19","slug":"aissa-maiga-militante-passionnee-porte-la-voix-des-femmes-afrodescendantes-au-cinema-francais-en-2025","status":"publish","type":"post","link":"https:\/\/bobea.net\/index.php\/2025\/10\/21\/aissa-maiga-militante-passionnee-porte-la-voix-des-femmes-afrodescendantes-au-cinema-francais-en-2025\/","title":{"rendered":"A\u00efssa Ma\u00efga, militante passionn\u00e9e, porte la voix des femmes afrodescendantes au cin\u00e9ma fran\u00e7ais en 2025"},"content":{"rendered":"\n<p>A\u00efs\u00adsa Ma\u00ef\u00adga est dev\u00adenue en quelques ann\u00e9es une fig\u00adure embl\u00e9\u00adma\u00adtique du com\u00adbat pour la diver\u00adsit\u00e9 dans le cin\u00e9\u00adma fran\u00e7ais. Actrice recon\u00adnue pour ses r\u00f4les puis\u00adsants et engag\u00e9s, elle s\u2019impose \u00e9gale\u00adment comme une mil\u00adi\u00adtante infati\u00adga\u00adble, d\u00e9non\u00e7ant l\u2019absence qua\u00adsi totale de repr\u00e9sen\u00adta\u00adtion des femmes afrode\u00adscen\u00addantes \u00e0 l\u2019\u00e9cran.<\/p>\n\n\n\n<p>En 2025, A\u00efs\u00adsa Ma\u00ef\u00adga mul\u00adti\u00adplie les ini\u00adtia\u00adtives, allant de la pro\u00adduc\u00adtion de films ind\u00e9pen\u00addants val\u00adorisant les tal\u00adents noirs \u00e0 des inter\u00adven\u00adtions publiques mar\u00adquantes. Lors du dernier Fes\u00adti\u00adval de Cannes, elle a pris la parole sur la sc\u00e8ne offi\u00adcielle pour r\u00e9clamer une meilleure inclu\u00adsion, d\u00e9non\u00e7ant les st\u00e9r\u00e9o\u00adtypes et les dis\u00adcrim\u00adi\u00adna\u00adtions dans les cast\u00adings.<\/p>\n\n\n\n<p>Son doc\u00adu\u00admen\u00adtaire \u201cNoire n\u2019est pas mon m\u00e9ti\u00ader\u201d, qui a fait grand bruit en France et dans plusieurs pays fran\u00adcoph\u00ado\u00adnes, con\u00adtin\u00adue de faire \u00e9cole en inspi\u00adrant jeunes actri\u00adces et acteurs \u00e0 revendi\u00adquer leur place. En par\u00adal\u00adl\u00e8le, A\u00efs\u00adsa ani\u00adme des ate\u00adliers d\u2019\u00e9criture et des ren\u00adcon\u00adtres pour encour\u00adager les femmes afrode\u00adscen\u00addantes \u00e0 pren\u00addre le devant de la sc\u00e8ne, tant devant que der\u00adri\u00e8re la cam\u00e9ra.<\/p>\n\n\n\n<figure class=\"wp-block-image size-large\"><img loading=\"lazy\" decoding=\"async\" width=\"1024\" height=\"716\" src=\"https:\/\/bobea.net\/wp-content\/uploads\/2025\/10\/aissa-maiga-son-discours-en-faveur-de-la-lutte-contre-le-racisme-fait-mouche-1024x716.webp\" alt class=\"wp-image-25968\" srcset=\"https:\/\/bobea.net\/wp-content\/uploads\/2025\/10\/aissa-maiga-son-discours-en-faveur-de-la-lutte-contre-le-racisme-fait-mouche-1024x716.webp 1024w, https:\/\/bobea.net\/wp-content\/uploads\/2025\/10\/aissa-maiga-son-discours-en-faveur-de-la-lutte-contre-le-racisme-fait-mouche-300x210.webp 300w, https:\/\/bobea.net\/wp-content\/uploads\/2025\/10\/aissa-maiga-son-discours-en-faveur-de-la-lutte-contre-le-racisme-fait-mouche-768x537.webp 768w, https:\/\/bobea.net\/wp-content\/uploads\/2025\/10\/aissa-maiga-son-discours-en-faveur-de-la-lutte-contre-le-racisme-fait-mouche.webp 1098w\" sizes=\"(max-width: 1024px) 100vw, 1024px\"><\/figure>\n\n\n\n<p>BOBEA c\u00e9l\u00e8bre ces com\u00adbats courageux qui con\u00adtribuent \u00e0 faire \u00e9merg\u00ader une nou\u00advelle g\u00e9n\u00e9ra\u00adtion de tal\u00adents et \u00e0 trans\u00adformer durable\u00adment le paysage audio\u00advi\u00adsuel fran\u00e7ais, un enjeu essen\u00adtiel pour une soci\u00e9t\u00e9 plus juste et diver\u00adsi\u00adfi\u00e9e.<\/p>\n","protected":false},"excerpt":{"rendered":"<p>A\u00efs\u00adsa Ma\u00ef\u00adga est dev\u00adenue en quelques ann\u00e9es une fig\u00adure embl\u00e9\u00adma\u00adtique du com\u00adbat pour la diver\u00adsit\u00e9 dans le cin\u00e9\u00adma fran\u00e7ais. Actrice recon\u00adnue pour ses r\u00f4les puis\u00adsants et engag\u00e9s, elle s\u2019impose \u00e9gale\u00adment\u2026 <\/p>\n","protected":false},"author":1,"featured_media":25969,"comment_status":"open","ping_status":"closed","sticky":false,"template":"","format":"standard","meta":{"wp_typography_post_enhancements_disabled":false,"footnotes":""},"categories":[73],"tags":[],"class_list":["post-25967","post","type-post","status-publish","format-standard","has-post-thumbnail","hentry","category-on-en-parle"],"yoast_head":"<!-- This site is optimized with the Yoast SEO plugin v24.7 - https:\/\/yoast.com\/wordpress\/plugins\/seo\/ -->\n<title>A\u00efssa Ma\u00efga, militante passionn\u00e9e, porte la voix des femmes afrodescendantes au cin\u00e9ma fran\u00e7ais en 2025 - Bobea<\/title>\n<meta name=\"description\" content=\"BOBEA c\u00e9l\u00e8bre ces combats courageux qui contribuent \u00e0 faire \u00e9merger une nouvelle g\u00e9n\u00e9ration de talents et \u00e0 transformer durablement\" \/>\n<meta name=\"robots\" content=\"index, follow, max-snippet:-1, max-image-preview:large, max-video-preview:-1\" \/>\n<link rel=\"canonical\" href=\"https:\/\/bobea.net\/index.php\/2025\/10\/21\/aissa-maiga-militante-passionnee-porte-la-voix-des-femmes-afrodescendantes-au-cinema-francais-en-2025\/\" \/>\n<meta property=\"og:locale\" content=\"fr_FR\" \/>\n<meta property=\"og:type\" content=\"article\" \/>\n<meta property=\"og:title\" content=\"A\u00efssa Ma\u00efga, militante passionn\u00e9e, porte la voix des femmes afrodescendantes au cin\u00e9ma fran\u00e7ais en 2025 - Bobea\" \/>\n<meta property=\"og:description\" content=\"BOBEA c\u00e9l\u00e8bre ces combats courageux qui contribuent \u00e0 faire \u00e9merger une nouvelle g\u00e9n\u00e9ration de talents et \u00e0 transformer durablement\" \/>\n<meta property=\"og:url\" content=\"https:\/\/bobea.net\/index.php\/2025\/10\/21\/aissa-maiga-militante-passionnee-porte-la-voix-des-femmes-afrodescendantes-au-cinema-francais-en-2025\/\" \/>\n<meta property=\"og:site_name\" content=\"Bobea\" \/>\n<meta property=\"article:publisher\" content=\"https:\/\/web.facebook.com\/profile.php?id=61559252188416\" \/>\n<meta property=\"article:published_time\" content=\"2025-10-21T03:46:17+00:00\" \/>\n<meta property=\"article:modified_time\" content=\"2025-10-21T03:46:19+00:00\" \/>\n<meta property=\"og:image\" content=\"https:\/\/bobea.net\/wp-content\/uploads\/2025\/10\/maxresdefault-5.jpg\" \/>\n\t<meta property=\"og:image:width\" content=\"1280\" \/>\n\t<meta property=\"og:image:height\" content=\"720\" \/>\n\t<meta property=\"og:image:type\" content=\"image\/jpeg\" \/>\n<meta name=\"author\" content=\"bobea.info\" \/>\n<meta name=\"twitter:card\" content=\"summary_large_image\" \/>\n<meta name=\"twitter:label1\" content=\"\u00c9crit par\" \/>\n\t<meta name=\"twitter:data1\" content=\"bobea.info\" \/>\n\t<meta name=\"twitter:label2\" content=\"Dur\u00e9e de lecture estim\u00e9e\" \/>\n\t<meta name=\"twitter:data2\" content=\"2 minutes\" \/>\n<script type=\"application\/ld+json\" class=\"yoast-schema-graph\">{\"@context\":\"https:\/\/schema.org\",\"@graph\":[{\"@type\":\"Article\",\"@id\":\"https:\/\/bobea.net\/index.php\/2025\/10\/21\/aissa-maiga-militante-passionnee-porte-la-voix-des-femmes-afrodescendantes-au-cinema-francais-en-2025\/#article\",\"isPartOf\":{\"@id\":\"https:\/\/bobea.net\/index.php\/2025\/10\/21\/aissa-maiga-militante-passionnee-porte-la-voix-des-femmes-afrodescendantes-au-cinema-francais-en-2025\/\"},\"author\":{\"name\":\"bobea.info\",\"@id\":\"https:\/\/bobea.net\/#\/schema\/person\/e7f45ef187918d7c956bf619dce90ccf\"},\"headline\":\"A\u00efssa Ma\u00efga, militante passionn\u00e9e, porte la voix des femmes afrodescendantes au cin\u00e9ma fran\u00e7ais en 2025\",\"datePublished\":\"2025-10-21T03:46:17+00:00\",\"dateModified\":\"2025-10-21T03:46:19+00:00\",\"mainEntityOfPage\":{\"@id\":\"https:\/\/bobea.net\/index.php\/2025\/10\/21\/aissa-maiga-militante-passionnee-porte-la-voix-des-femmes-afrodescendantes-au-cinema-francais-en-2025\/\"},\"wordCount\":241,\"commentCount\":0,\"publisher\":{\"@id\":\"https:\/\/bobea.net\/#organization\"},\"image\":{\"@id\":\"https:\/\/bobea.net\/index.php\/2025\/10\/21\/aissa-maiga-militante-passionnee-porte-la-voix-des-femmes-afrodescendantes-au-cinema-francais-en-2025\/#primaryimage\"},\"thumbnailUrl\":\"https:\/\/bobea.net\/wp-content\/uploads\/2025\/10\/maxresdefault-5.jpg\",\"articleSection\":[\"On en Parle\"],\"inLanguage\":\"fr-FR\",\"potentialAction\":[{\"@type\":\"CommentAction\",\"name\":\"Comment\",\"target\":[\"https:\/\/bobea.net\/index.php\/2025\/10\/21\/aissa-maiga-militante-passionnee-porte-la-voix-des-femmes-afrodescendantes-au-cinema-francais-en-2025\/#respond\"]}]},{\"@type\":\"WebPage\",\"@id\":\"https:\/\/bobea.net\/index.php\/2025\/10\/21\/aissa-maiga-militante-passionnee-porte-la-voix-des-femmes-afrodescendantes-au-cinema-francais-en-2025\/\",\"url\":\"https:\/\/bobea.net\/index.php\/2025\/10\/21\/aissa-maiga-militante-passionnee-porte-la-voix-des-femmes-afrodescendantes-au-cinema-francais-en-2025\/\",\"name\":\"A\u00efssa Ma\u00efga, militante passionn\u00e9e, porte la voix des femmes afrodescendantes au cin\u00e9ma fran\u00e7ais en 2025 - Bobea\",\"isPartOf\":{\"@id\":\"https:\/\/bobea.net\/#website\"},\"primaryImageOfPage\":{\"@id\":\"https:\/\/bobea.net\/index.php\/2025\/10\/21\/aissa-maiga-militante-passionnee-porte-la-voix-des-femmes-afrodescendantes-au-cinema-francais-en-2025\/#primaryimage\"},\"image\":{\"@id\":\"https:\/\/bobea.net\/index.php\/2025\/10\/21\/aissa-maiga-militante-passionnee-porte-la-voix-des-femmes-afrodescendantes-au-cinema-francais-en-2025\/#primaryimage\"},\"thumbnailUrl\":\"https:\/\/bobea.net\/wp-content\/uploads\/2025\/10\/maxresdefault-5.jpg\",\"datePublished\":\"2025-10-21T03:46:17+00:00\",\"dateModified\":\"2025-10-21T03:46:19+00:00\",\"description\":\"BOBEA c\u00e9l\u00e8bre ces combats courageux qui contribuent \u00e0 faire \u00e9merger une nouvelle g\u00e9n\u00e9ration de talents et \u00e0 transformer durablement\",\"breadcrumb\":{\"@id\":\"https:\/\/bobea.net\/index.php\/2025\/10\/21\/aissa-maiga-militante-passionnee-porte-la-voix-des-femmes-afrodescendantes-au-cinema-francais-en-2025\/#breadcrumb\"},\"inLanguage\":\"fr-FR\",\"potentialAction\":[{\"@type\":\"ReadAction\",\"target\":[\"https:\/\/bobea.net\/index.php\/2025\/10\/21\/aissa-maiga-militante-passionnee-porte-la-voix-des-femmes-afrodescendantes-au-cinema-francais-en-2025\/\"]}]},{\"@type\":\"ImageObject\",\"inLanguage\":\"fr-FR\",\"@id\":\"https:\/\/bobea.net\/index.php\/2025\/10\/21\/aissa-maiga-militante-passionnee-porte-la-voix-des-femmes-afrodescendantes-au-cinema-francais-en-2025\/#primaryimage\",\"url\":\"https:\/\/bobea.net\/wp-content\/uploads\/2025\/10\/maxresdefault-5.jpg\",\"contentUrl\":\"https:\/\/bobea.net\/wp-content\/uploads\/2025\/10\/maxresdefault-5.jpg\",\"width\":1280,\"height\":720},{\"@type\":\"BreadcrumbList\",\"@id\":\"https:\/\/bobea.net\/index.php\/2025\/10\/21\/aissa-maiga-militante-passionnee-porte-la-voix-des-femmes-afrodescendantes-au-cinema-francais-en-2025\/#breadcrumb\",\"itemListElement\":[{\"@type\":\"ListItem\",\"position\":1,\"name\":\"Accueil\",\"item\":\"https:\/\/bobea.net\/\"},{\"@type\":\"ListItem\",\"position\":2,\"name\":\"A\u00efssa Ma\u00efga, militante passionn\u00e9e, porte la voix des femmes afrodescendantes au cin\u00e9ma fran\u00e7ais en 2025\"}]},{\"@type\":\"WebSite\",\"@id\":\"https:\/\/bobea.net\/#website\",\"url\":\"https:\/\/bobea.net\/\",\"name\":\"Bobea\",\"description\":\"Le magazine de la nouvelle \u00c8ve\",\"publisher\":{\"@id\":\"https:\/\/bobea.net\/#organization\"},\"potentialAction\":[{\"@type\":\"SearchAction\",\"target\":{\"@type\":\"EntryPoint\",\"urlTemplate\":\"https:\/\/bobea.net\/?s={search_term_string}\"},\"query-input\":{\"@type\":\"PropertyValueSpecification\",\"valueRequired\":true,\"valueName\":\"search_term_string\"}}],\"inLanguage\":\"fr-FR\"},{\"@type\":\"Organization\",\"@id\":\"https:\/\/bobea.net\/#organization\",\"name\":\"Bobea\",\"url\":\"https:\/\/bobea.net\/\",\"logo\":{\"@type\":\"ImageObject\",\"inLanguage\":\"fr-FR\",\"@id\":\"https:\/\/bobea.net\/#\/schema\/logo\/image\/\",\"url\":\"https:\/\/bobea.net\/wp-content\/uploads\/2024\/06\/bobea.jpg\",\"contentUrl\":\"https:\/\/bobea.net\/wp-content\/uploads\/2024\/06\/bobea.jpg\",\"width\":1080,\"height\":1080,\"caption\":\"Bobea\"},\"image\":{\"@id\":\"https:\/\/bobea.net\/#\/schema\/logo\/image\/\"},\"sameAs\":[\"https:\/\/web.facebook.com\/profile.php?id=61559252188416\"]},{\"@type\":\"Person\",\"@id\":\"https:\/\/bobea.net\/#\/schema\/person\/e7f45ef187918d7c956bf619dce90ccf\",\"name\":\"bobea.info\",\"image\":{\"@type\":\"ImageObject\",\"inLanguage\":\"fr-FR\",\"@id\":\"https:\/\/bobea.net\/#\/schema\/person\/image\/\",\"url\":\"https:\/\/secure.gravatar.com\/avatar\/36147980349df887ae30808df3e29474?s=96&d=mm&r=g\",\"contentUrl\":\"https:\/\/secure.gravatar.com\/avatar\/36147980349df887ae30808df3e29474?s=96&d=mm&r=g\",\"caption\":\"bobea.info\"},\"sameAs\":[\"https:\/\/bobea.net\"],\"url\":\"https:\/\/bobea.net\/index.php\/author\/bobea-info\/\"}]}<\/script>\n<!-- \/ Yoast SEO plugin. -->","yoast_head_json":{"title":"A\u00efssa Ma\u00efga, militante passionn\u00e9e, porte la voix des femmes afrodescendantes au cin\u00e9ma fran\u00e7ais en 2025 - Bobea","description":"BOBEA c\u00e9l\u00e8bre ces combats courageux qui contribuent \u00e0 faire \u00e9merger une nouvelle g\u00e9n\u00e9ration de talents et \u00e0 transformer durablement","robots":{"index":"index","follow":"follow","max-snippet":"max-snippet:-1","max-image-preview":"max-image-preview:large","max-video-preview":"max-video-preview:-1"},"canonical":"https:\/\/bobea.net\/index.php\/2025\/10\/21\/aissa-maiga-militante-passionnee-porte-la-voix-des-femmes-afrodescendantes-au-cinema-francais-en-2025\/","og_locale":"fr_FR","og_type":"article","og_title":"A\u00efssa Ma\u00efga, militante passionn\u00e9e, porte la voix des femmes afrodescendantes au cin\u00e9ma fran\u00e7ais en 2025 - Bobea","og_description":"BOBEA c\u00e9l\u00e8bre ces combats courageux qui contribuent \u00e0 faire \u00e9merger une nouvelle g\u00e9n\u00e9ration de talents et \u00e0 transformer durablement","og_url":"https:\/\/bobea.net\/index.php\/2025\/10\/21\/aissa-maiga-militante-passionnee-porte-la-voix-des-femmes-afrodescendantes-au-cinema-francais-en-2025\/","og_site_name":"Bobea","article_publisher":"https:\/\/web.facebook.com\/profile.php?id=61559252188416","article_published_time":"2025-10-21T03:46:17+00:00","article_modified_time":"2025-10-21T03:46:19+00:00","og_image":[{"width":1280,"height":720,"url":"https:\/\/bobea.net\/wp-content\/uploads\/2025\/10\/maxresdefault-5.jpg","type":"image\/jpeg"}],"author":"bobea.info","twitter_card":"summary_large_image","twitter_misc":{"\u00c9crit par":"bobea.info","Dur\u00e9e de lecture estim\u00e9e":"2 minutes"},"schema":{"@context":"https:\/\/schema.org","@graph":[{"@type":"Article","@id":"https:\/\/bobea.net\/index.php\/2025\/10\/21\/aissa-maiga-militante-passionnee-porte-la-voix-des-femmes-afrodescendantes-au-cinema-francais-en-2025\/#article","isPartOf":{"@id":"https:\/\/bobea.net\/index.php\/2025\/10\/21\/aissa-maiga-militante-passionnee-porte-la-voix-des-femmes-afrodescendantes-au-cinema-francais-en-2025\/"},"author":{"name":"bobea.info","@id":"https:\/\/bobea.net\/#\/schema\/person\/e7f45ef187918d7c956bf619dce90ccf"},"headline":"A\u00efssa Ma\u00efga, militante passionn\u00e9e, porte la voix des femmes afrodescendantes au cin\u00e9ma fran\u00e7ais en 2025","datePublished":"2025-10-21T03:46:17+00:00","dateModified":"2025-10-21T03:46:19+00:00","mainEntityOfPage":{"@id":"https:\/\/bobea.net\/index.php\/2025\/10\/21\/aissa-maiga-militante-passionnee-porte-la-voix-des-femmes-afrodescendantes-au-cinema-francais-en-2025\/"},"wordCount":241,"commentCount":0,"publisher":{"@id":"https:\/\/bobea.net\/#organization"},"image":{"@id":"https:\/\/bobea.net\/index.php\/2025\/10\/21\/aissa-maiga-militante-passionnee-porte-la-voix-des-femmes-afrodescendantes-au-cinema-francais-en-2025\/#primaryimage"},"thumbnailUrl":"https:\/\/bobea.net\/wp-content\/uploads\/2025\/10\/maxresdefault-5.jpg","articleSection":["On en Parle"],"inLanguage":"fr-FR","potentialAction":[{"@type":"CommentAction","name":"Comment","target":["https:\/\/bobea.net\/index.php\/2025\/10\/21\/aissa-maiga-militante-passionnee-porte-la-voix-des-femmes-afrodescendantes-au-cinema-francais-en-2025\/#respond"]}]},{"@type":"WebPage","@id":"https:\/\/bobea.net\/index.php\/2025\/10\/21\/aissa-maiga-militante-passionnee-porte-la-voix-des-femmes-afrodescendantes-au-cinema-francais-en-2025\/","url":"https:\/\/bobea.net\/index.php\/2025\/10\/21\/aissa-maiga-militante-passionnee-porte-la-voix-des-femmes-afrodescendantes-au-cinema-francais-en-2025\/","name":"A\u00efssa Ma\u00efga, militante passionn\u00e9e, porte la voix des femmes afrodescendantes au cin\u00e9ma fran\u00e7ais en 2025 - Bobea","isPartOf":{"@id":"https:\/\/bobea.net\/#website"},"primaryImageOfPage":{"@id":"https:\/\/bobea.net\/index.php\/2025\/10\/21\/aissa-maiga-militante-passionnee-porte-la-voix-des-femmes-afrodescendantes-au-cinema-francais-en-2025\/#primaryimage"},"image":{"@id":"https:\/\/bobea.net\/index.php\/2025\/10\/21\/aissa-maiga-militante-passionnee-porte-la-voix-des-femmes-afrodescendantes-au-cinema-francais-en-2025\/#primaryimage"},"thumbnailUrl":"https:\/\/bobea.net\/wp-content\/uploads\/2025\/10\/maxresdefault-5.jpg","datePublished":"2025-10-21T03:46:17+00:00","dateModified":"2025-10-21T03:46:19+00:00","description":"BOBEA c\u00e9l\u00e8bre ces combats courageux qui contribuent \u00e0 faire \u00e9merger une nouvelle g\u00e9n\u00e9ration de talents et \u00e0 transformer durablement","breadcrumb":{"@id":"https:\/\/bobea.net\/index.php\/2025\/10\/21\/aissa-maiga-militante-passionnee-porte-la-voix-des-femmes-afrodescendantes-au-cinema-francais-en-2025\/#breadcrumb"},"inLanguage":"fr-FR","potentialAction":[{"@type":"ReadAction","target":["https:\/\/bobea.net\/index.php\/2025\/10\/21\/aissa-maiga-militante-passionnee-porte-la-voix-des-femmes-afrodescendantes-au-cinema-francais-en-2025\/"]}]},{"@type":"ImageObject","inLanguage":"fr-FR","@id":"https:\/\/bobea.net\/index.php\/2025\/10\/21\/aissa-maiga-militante-passionnee-porte-la-voix-des-femmes-afrodescendantes-au-cinema-francais-en-2025\/#primaryimage","url":"https:\/\/bobea.net\/wp-content\/uploads\/2025\/10\/maxresdefault-5.jpg","contentUrl":"https:\/\/bobea.net\/wp-content\/uploads\/2025\/10\/maxresdefault-5.jpg","width":1280,"height":720},{"@type":"BreadcrumbList","@id":"https:\/\/bobea.net\/index.php\/2025\/10\/21\/aissa-maiga-militante-passionnee-porte-la-voix-des-femmes-afrodescendantes-au-cinema-francais-en-2025\/#breadcrumb","itemListElement":[{"@type":"ListItem","position":1,"name":"Accueil","item":"https:\/\/bobea.net\/"},{"@type":"ListItem","position":2,"name":"A\u00efssa Ma\u00efga, militante passionn\u00e9e, porte la voix des femmes afrodescendantes au cin\u00e9ma fran\u00e7ais en 2025"}]},{"@type":"WebSite","@id":"https:\/\/bobea.net\/#website","url":"https:\/\/bobea.net\/","name":"Bobea","description":"Le magazine de la nouvelle \u00c8ve","publisher":{"@id":"https:\/\/bobea.net\/#organization"},"potentialAction":[{"@type":"SearchAction","target":{"@type":"EntryPoint","urlTemplate":"https:\/\/bobea.net\/?s={search_term_string}"},"query-input":{"@type":"PropertyValueSpecification","valueRequired":true,"valueName":"search_term_string"}}],"inLanguage":"fr-FR"},{"@type":"Organization","@id":"https:\/\/bobea.net\/#organization","name":"Bobea","url":"https:\/\/bobea.net\/","logo":{"@type":"ImageObject","inLanguage":"fr-FR","@id":"https:\/\/bobea.net\/#\/schema\/logo\/image\/","url":"https:\/\/bobea.net\/wp-content\/uploads\/2024\/06\/bobea.jpg","contentUrl":"https:\/\/bobea.net\/wp-content\/uploads\/2024\/06\/bobea.jpg","width":1080,"height":1080,"caption":"Bobea"},"image":{"@id":"https:\/\/bobea.net\/#\/schema\/logo\/image\/"},"sameAs":["https:\/\/web.facebook.com\/profile.php?id=61559252188416"]},{"@type":"Person","@id":"https:\/\/bobea.net\/#\/schema\/person\/e7f45ef187918d7c956bf619dce90ccf","name":"bobea.info","image":{"@type":"ImageObject","inLanguage":"fr-FR","@id":"https:\/\/bobea.net\/#\/schema\/person\/image\/","url":"https:\/\/secure.gravatar.com\/avatar\/36147980349df887ae30808df3e29474?s=96&d=mm&r=g","contentUrl":"https:\/\/secure.gravatar.com\/avatar\/36147980349df887ae30808df3e29474?s=96&d=mm&r=g","caption":"bobea.info"},"sameAs":["https:\/\/bobea.net"],"url":"https:\/\/bobea.net\/index.php\/author\/bobea-info\/"}]}},"_links":{"self":[{"href":"https:\/\/bobea.net\/index.php\/wp-json\/wp\/v2\/posts\/25967"}],"collection":[{"href":"https:\/\/bobea.net\/index.php\/wp-json\/wp\/v2\/posts"}],"about":[{"href":"https:\/\/bobea.net\/index.php\/wp-json\/wp\/v2\/types\/post"}],"author":[{"embeddable":true,"href":"https:\/\/bobea.net\/index.php\/wp-json\/wp\/v2\/users\/1"}],"replies":[{"embeddable":true,"href":"https:\/\/bobea.net\/index.php\/wp-json\/wp\/v2\/comments?post=25967"}],"version-history":[{"count":1,"href":"https:\/\/bobea.net\/index.php\/wp-json\/wp\/v2\/posts\/25967\/revisions"}],"predecessor-version":[{"id":25970,"href":"https:\/\/bobea.net\/index.php\/wp-json\/wp\/v2\/posts\/25967\/revisions\/25970"}],"wp:featuredmedia":[{"embeddable":true,"href":"https:\/\/bobea.net\/index.php\/wp-json\/wp\/v2\/media\/25969"}],"wp:attachment":[{"href":"https:\/\/bobea.net\/index.php\/wp-json\/wp\/v2\/media?parent=25967"}],"wp:term":[{"taxonomy":"category","embeddable":true,"href":"https:\/\/bobea.net\/index.php\/wp-json\/wp\/v2\/categories?post=25967"},{"taxonomy":"post_tag","embeddable":true,"href":"https:\/\/bobea.net\/index.php\/wp-json\/wp\/v2\/tags?post=25967"}],"curies":[{"name":"wp","href":"https:\/\/api.w.org\/{rel}","templated":true}]}}