{"id":25963,"date":"2025-10-21T03:44:24","date_gmt":"2025-10-21T03:44:24","guid":{"rendered":"https:\/\/bobea.net\/?p=25963"},"modified":"2025-10-21T03:44:25","modified_gmt":"2025-10-21T03:44:25","slug":"les-10-looks-les-plus-audacieux-portes-par-les-stars-au-festival-de-cannes-2025","status":"publish","type":"post","link":"https:\/\/bobea.net\/index.php\/2025\/10\/21\/les-10-looks-les-plus-audacieux-portes-par-les-stars-au-festival-de-cannes-2025\/","title":{"rendered":"Les 10 looks les plus audacieux port\u00e9s par les stars au Festival de Cannes 2025"},"content":{"rendered":"\n<p>Le Fes\u00adti\u00adval de Cannes 2025 a une nou\u00advelle fois \u00e9t\u00e9 une rampe de lance\u00adment pour des ten\u00addances mode excep\u00adtion\u00adnelles, o\u00f9 stars et c\u00e9l\u00e9brit\u00e9s ont rival\u00adis\u00e9 d\u2019audace et de cr\u00e9a\u00adtiv\u00adit\u00e9. BOBEA vous pro\u00adpose un tour d\u2019horizon des 10 looks les plus mar\u00adquants, qui ont sus\u00adcit\u00e9 admi\u00adra\u00adtion et inspi\u00adra\u00adtion dans le monde entier.<\/p>\n\n\n\n<p>Par\u00admi ces tenues remar\u00adquables, on retient la robe sculp\u00adturale en plumes d\u2019Italie port\u00e9e par A\u00efs\u00adsa Ma\u00ef\u00adga, sym\u00adbole d\u2019un engage\u00adment pour une mode \u00e9core\u00adspon\u00ads\u00adable et afro\u00adcen\u00adtr\u00e9e. Nao\u00admi Camp\u00adbell a d\u00e9fi\u00e9 les con\u00adven\u00adtions avec un tailleur-pan\u00adtalon m\u00e9tallis\u00e9 sign\u00e9 Thier\u00adry Mugler, com\u00adbi\u00adnant \u00e9l\u00e9\u00adgance et force.<\/p>\n\n\n\n<p>Les cr\u00e9a\u00adteurs africains ont \u00e9gale\u00adment bril\u00adl\u00e9, avec des pi\u00e8ces aux motifs tra\u00addi\u00adtion\u00adnels revis\u00adit\u00e9s, mis\u00ades en valeur par des ic\u00f4nes comme Ang\u00e9lique Kid\u00adjo et l\u2019actrice roumaine d\u2019origine con\u00adgo\u00adlaise Nat\u00adacha Atlas. Les acces\u00adsoires, bijoux imposants et coif\u00adfures orig\u00adi\u00adnales ont com\u00adpl\u00e9t\u00e9 ces looks avec panache.<\/p>\n\n\n\n<figure class=\"wp-block-image size-full\"><img loading=\"lazy\" decoding=\"async\" width=\"888\" height=\"500\" src=\"https:\/\/bobea.net\/wp-content\/uploads\/2025\/10\/montagem-cannes-nota.avif\" alt class=\"wp-image-25964\"><\/figure>\n\n\n\n<p>Ce fes\u00adti\u00adval a surtout mis en avant la plu\u00adral\u00adit\u00e9 des styles, de l\u2019avant-garde au clas\u00adsique, soulig\u00adnant la puis\u00adsance du mes\u00adsage port\u00e9 par les stars : la mode est un vecteur de cul\u00adture et d\u2019identit\u00e9. BOBEA encour\u00adage ses lec\u00adtri\u00adces \u00e0 s\u2019inspirer de ces ten\u00addances auda\u00adcieuses pour affich\u00ader leur sin\u00adgu\u00adlar\u00adit\u00e9.<\/p>\n\n\n\n<p>Cette s\u00e9lec\u00adtion est aus\u00adsi un hom\u00admage \u00e0 la cr\u00e9a\u00adtiv\u00adit\u00e9 des styl\u00adistes et des artistes, qui font du Fes\u00adti\u00adval de Cannes l\u2019un des \u00e9v\u00e9ne\u00adments les plus<\/p>\n","protected":false},"excerpt":{"rendered":"<p>Le Fes\u00adti\u00adval de Cannes 2025 a une nou\u00advelle fois \u00e9t\u00e9 une rampe de lance\u00adment pour des ten\u00addances mode excep\u00adtion\u00adnelles, o\u00f9 stars et c\u00e9l\u00e9brit\u00e9s ont rival\u00adis\u00e9 d\u2019audace et de cr\u00e9a\u00adtiv\u00adit\u00e9. BOBEA\u2026 <\/p>\n","protected":false},"author":1,"featured_media":25965,"comment_status":"open","ping_status":"closed","sticky":false,"template":"","format":"standard","meta":{"wp_typography_post_enhancements_disabled":false,"footnotes":""},"categories":[73],"tags":[],"class_list":["post-25963","post","type-post","status-publish","format-standard","has-post-thumbnail","hentry","category-on-en-parle"],"yoast_head":"<!-- This site is optimized with the Yoast SEO plugin v24.7 - https:\/\/yoast.com\/wordpress\/plugins\/seo\/ -->\n<title>Les 10 looks les plus audacieux port\u00e9s par les stars au Festival de Cannes 2025 - Bobea<\/title>\n<meta name=\"description\" content=\"Cette s\u00e9lection est aussi un hommage \u00e0 la cr\u00e9ativit\u00e9 des stylistes et des artistes, qui font du Festival de Cannes l\u2019un des \u00e9v\u00e9nements\" \/>\n<meta name=\"robots\" content=\"index, follow, max-snippet:-1, max-image-preview:large, max-video-preview:-1\" \/>\n<link rel=\"canonical\" href=\"https:\/\/bobea.net\/index.php\/2025\/10\/21\/les-10-looks-les-plus-audacieux-portes-par-les-stars-au-festival-de-cannes-2025\/\" \/>\n<meta property=\"og:locale\" content=\"fr_FR\" \/>\n<meta property=\"og:type\" content=\"article\" \/>\n<meta property=\"og:title\" content=\"Les 10 looks les plus audacieux port\u00e9s par les stars au Festival de Cannes 2025 - Bobea\" \/>\n<meta property=\"og:description\" content=\"Cette s\u00e9lection est aussi un hommage \u00e0 la cr\u00e9ativit\u00e9 des stylistes et des artistes, qui font du Festival de Cannes l\u2019un des \u00e9v\u00e9nements\" \/>\n<meta property=\"og:url\" content=\"https:\/\/bobea.net\/index.php\/2025\/10\/21\/les-10-looks-les-plus-audacieux-portes-par-les-stars-au-festival-de-cannes-2025\/\" \/>\n<meta property=\"og:site_name\" content=\"Bobea\" \/>\n<meta property=\"article:publisher\" content=\"https:\/\/web.facebook.com\/profile.php?id=61559252188416\" \/>\n<meta property=\"article:published_time\" content=\"2025-10-21T03:44:24+00:00\" \/>\n<meta property=\"article:modified_time\" content=\"2025-10-21T03:44:25+00:00\" \/>\n<meta property=\"og:image\" content=\"https:\/\/bobea.net\/wp-content\/uploads\/2025\/10\/festival-de-cannes-2024-looks.jpg\" \/>\n\t<meta property=\"og:image:width\" content=\"1200\" \/>\n\t<meta property=\"og:image:height\" content=\"630\" \/>\n\t<meta property=\"og:image:type\" content=\"image\/jpeg\" \/>\n<meta name=\"author\" content=\"bobea.info\" \/>\n<meta name=\"twitter:card\" content=\"summary_large_image\" \/>\n<meta name=\"twitter:label1\" content=\"\u00c9crit par\" \/>\n\t<meta name=\"twitter:data1\" content=\"bobea.info\" \/>\n\t<meta name=\"twitter:label2\" content=\"Dur\u00e9e de lecture estim\u00e9e\" \/>\n\t<meta name=\"twitter:data2\" content=\"2 minutes\" \/>\n<script type=\"application\/ld+json\" class=\"yoast-schema-graph\">{\"@context\":\"https:\/\/schema.org\",\"@graph\":[{\"@type\":\"Article\",\"@id\":\"https:\/\/bobea.net\/index.php\/2025\/10\/21\/les-10-looks-les-plus-audacieux-portes-par-les-stars-au-festival-de-cannes-2025\/#article\",\"isPartOf\":{\"@id\":\"https:\/\/bobea.net\/index.php\/2025\/10\/21\/les-10-looks-les-plus-audacieux-portes-par-les-stars-au-festival-de-cannes-2025\/\"},\"author\":{\"name\":\"bobea.info\",\"@id\":\"https:\/\/bobea.net\/#\/schema\/person\/e7f45ef187918d7c956bf619dce90ccf\"},\"headline\":\"Les 10 looks les plus audacieux port\u00e9s par les stars au Festival de Cannes 2025\",\"datePublished\":\"2025-10-21T03:44:24+00:00\",\"dateModified\":\"2025-10-21T03:44:25+00:00\",\"mainEntityOfPage\":{\"@id\":\"https:\/\/bobea.net\/index.php\/2025\/10\/21\/les-10-looks-les-plus-audacieux-portes-par-les-stars-au-festival-de-cannes-2025\/\"},\"wordCount\":247,\"commentCount\":0,\"publisher\":{\"@id\":\"https:\/\/bobea.net\/#organization\"},\"image\":{\"@id\":\"https:\/\/bobea.net\/index.php\/2025\/10\/21\/les-10-looks-les-plus-audacieux-portes-par-les-stars-au-festival-de-cannes-2025\/#primaryimage\"},\"thumbnailUrl\":\"https:\/\/bobea.net\/wp-content\/uploads\/2025\/10\/festival-de-cannes-2024-looks.jpg\",\"articleSection\":[\"On en Parle\"],\"inLanguage\":\"fr-FR\",\"potentialAction\":[{\"@type\":\"CommentAction\",\"name\":\"Comment\",\"target\":[\"https:\/\/bobea.net\/index.php\/2025\/10\/21\/les-10-looks-les-plus-audacieux-portes-par-les-stars-au-festival-de-cannes-2025\/#respond\"]}]},{\"@type\":\"WebPage\",\"@id\":\"https:\/\/bobea.net\/index.php\/2025\/10\/21\/les-10-looks-les-plus-audacieux-portes-par-les-stars-au-festival-de-cannes-2025\/\",\"url\":\"https:\/\/bobea.net\/index.php\/2025\/10\/21\/les-10-looks-les-plus-audacieux-portes-par-les-stars-au-festival-de-cannes-2025\/\",\"name\":\"Les 10 looks les plus audacieux port\u00e9s par les stars au Festival de Cannes 2025 - Bobea\",\"isPartOf\":{\"@id\":\"https:\/\/bobea.net\/#website\"},\"primaryImageOfPage\":{\"@id\":\"https:\/\/bobea.net\/index.php\/2025\/10\/21\/les-10-looks-les-plus-audacieux-portes-par-les-stars-au-festival-de-cannes-2025\/#primaryimage\"},\"image\":{\"@id\":\"https:\/\/bobea.net\/index.php\/2025\/10\/21\/les-10-looks-les-plus-audacieux-portes-par-les-stars-au-festival-de-cannes-2025\/#primaryimage\"},\"thumbnailUrl\":\"https:\/\/bobea.net\/wp-content\/uploads\/2025\/10\/festival-de-cannes-2024-looks.jpg\",\"datePublished\":\"2025-10-21T03:44:24+00:00\",\"dateModified\":\"2025-10-21T03:44:25+00:00\",\"description\":\"Cette s\u00e9lection est aussi un hommage \u00e0 la cr\u00e9ativit\u00e9 des stylistes et des artistes, qui font du Festival de Cannes l\u2019un des \u00e9v\u00e9nements\",\"breadcrumb\":{\"@id\":\"https:\/\/bobea.net\/index.php\/2025\/10\/21\/les-10-looks-les-plus-audacieux-portes-par-les-stars-au-festival-de-cannes-2025\/#breadcrumb\"},\"inLanguage\":\"fr-FR\",\"potentialAction\":[{\"@type\":\"ReadAction\",\"target\":[\"https:\/\/bobea.net\/index.php\/2025\/10\/21\/les-10-looks-les-plus-audacieux-portes-par-les-stars-au-festival-de-cannes-2025\/\"]}]},{\"@type\":\"ImageObject\",\"inLanguage\":\"fr-FR\",\"@id\":\"https:\/\/bobea.net\/index.php\/2025\/10\/21\/les-10-looks-les-plus-audacieux-portes-par-les-stars-au-festival-de-cannes-2025\/#primaryimage\",\"url\":\"https:\/\/bobea.net\/wp-content\/uploads\/2025\/10\/festival-de-cannes-2024-looks.jpg\",\"contentUrl\":\"https:\/\/bobea.net\/wp-content\/uploads\/2025\/10\/festival-de-cannes-2024-looks.jpg\",\"width\":1200,\"height\":630},{\"@type\":\"BreadcrumbList\",\"@id\":\"https:\/\/bobea.net\/index.php\/2025\/10\/21\/les-10-looks-les-plus-audacieux-portes-par-les-stars-au-festival-de-cannes-2025\/#breadcrumb\",\"itemListElement\":[{\"@type\":\"ListItem\",\"position\":1,\"name\":\"Accueil\",\"item\":\"https:\/\/bobea.net\/\"},{\"@type\":\"ListItem\",\"position\":2,\"name\":\"Les 10 looks les plus audacieux port\u00e9s par les stars au Festival de Cannes 2025\"}]},{\"@type\":\"WebSite\",\"@id\":\"https:\/\/bobea.net\/#website\",\"url\":\"https:\/\/bobea.net\/\",\"name\":\"Bobea\",\"description\":\"Le magazine de la nouvelle \u00c8ve\",\"publisher\":{\"@id\":\"https:\/\/bobea.net\/#organization\"},\"potentialAction\":[{\"@type\":\"SearchAction\",\"target\":{\"@type\":\"EntryPoint\",\"urlTemplate\":\"https:\/\/bobea.net\/?s={search_term_string}\"},\"query-input\":{\"@type\":\"PropertyValueSpecification\",\"valueRequired\":true,\"valueName\":\"search_term_string\"}}],\"inLanguage\":\"fr-FR\"},{\"@type\":\"Organization\",\"@id\":\"https:\/\/bobea.net\/#organization\",\"name\":\"Bobea\",\"url\":\"https:\/\/bobea.net\/\",\"logo\":{\"@type\":\"ImageObject\",\"inLanguage\":\"fr-FR\",\"@id\":\"https:\/\/bobea.net\/#\/schema\/logo\/image\/\",\"url\":\"https:\/\/bobea.net\/wp-content\/uploads\/2024\/06\/bobea.jpg\",\"contentUrl\":\"https:\/\/bobea.net\/wp-content\/uploads\/2024\/06\/bobea.jpg\",\"width\":1080,\"height\":1080,\"caption\":\"Bobea\"},\"image\":{\"@id\":\"https:\/\/bobea.net\/#\/schema\/logo\/image\/\"},\"sameAs\":[\"https:\/\/web.facebook.com\/profile.php?id=61559252188416\"]},{\"@type\":\"Person\",\"@id\":\"https:\/\/bobea.net\/#\/schema\/person\/e7f45ef187918d7c956bf619dce90ccf\",\"name\":\"bobea.info\",\"image\":{\"@type\":\"ImageObject\",\"inLanguage\":\"fr-FR\",\"@id\":\"https:\/\/bobea.net\/#\/schema\/person\/image\/\",\"url\":\"https:\/\/secure.gravatar.com\/avatar\/36147980349df887ae30808df3e29474?s=96&d=mm&r=g\",\"contentUrl\":\"https:\/\/secure.gravatar.com\/avatar\/36147980349df887ae30808df3e29474?s=96&d=mm&r=g\",\"caption\":\"bobea.info\"},\"sameAs\":[\"https:\/\/bobea.net\"],\"url\":\"https:\/\/bobea.net\/index.php\/author\/bobea-info\/\"}]}<\/script>\n<!-- \/ Yoast SEO plugin. -->","yoast_head_json":{"title":"Les 10 looks les plus audacieux port\u00e9s par les stars au Festival de Cannes 2025 - Bobea","description":"Cette s\u00e9lection est aussi un hommage \u00e0 la cr\u00e9ativit\u00e9 des stylistes et des artistes, qui font du Festival de Cannes l\u2019un des \u00e9v\u00e9nements","robots":{"index":"index","follow":"follow","max-snippet":"max-snippet:-1","max-image-preview":"max-image-preview:large","max-video-preview":"max-video-preview:-1"},"canonical":"https:\/\/bobea.net\/index.php\/2025\/10\/21\/les-10-looks-les-plus-audacieux-portes-par-les-stars-au-festival-de-cannes-2025\/","og_locale":"fr_FR","og_type":"article","og_title":"Les 10 looks les plus audacieux port\u00e9s par les stars au Festival de Cannes 2025 - Bobea","og_description":"Cette s\u00e9lection est aussi un hommage \u00e0 la cr\u00e9ativit\u00e9 des stylistes et des artistes, qui font du Festival de Cannes l\u2019un des \u00e9v\u00e9nements","og_url":"https:\/\/bobea.net\/index.php\/2025\/10\/21\/les-10-looks-les-plus-audacieux-portes-par-les-stars-au-festival-de-cannes-2025\/","og_site_name":"Bobea","article_publisher":"https:\/\/web.facebook.com\/profile.php?id=61559252188416","article_published_time":"2025-10-21T03:44:24+00:00","article_modified_time":"2025-10-21T03:44:25+00:00","og_image":[{"width":1200,"height":630,"url":"https:\/\/bobea.net\/wp-content\/uploads\/2025\/10\/festival-de-cannes-2024-looks.jpg","type":"image\/jpeg"}],"author":"bobea.info","twitter_card":"summary_large_image","twitter_misc":{"\u00c9crit par":"bobea.info","Dur\u00e9e de lecture estim\u00e9e":"2 minutes"},"schema":{"@context":"https:\/\/schema.org","@graph":[{"@type":"Article","@id":"https:\/\/bobea.net\/index.php\/2025\/10\/21\/les-10-looks-les-plus-audacieux-portes-par-les-stars-au-festival-de-cannes-2025\/#article","isPartOf":{"@id":"https:\/\/bobea.net\/index.php\/2025\/10\/21\/les-10-looks-les-plus-audacieux-portes-par-les-stars-au-festival-de-cannes-2025\/"},"author":{"name":"bobea.info","@id":"https:\/\/bobea.net\/#\/schema\/person\/e7f45ef187918d7c956bf619dce90ccf"},"headline":"Les 10 looks les plus audacieux port\u00e9s par les stars au Festival de Cannes 2025","datePublished":"2025-10-21T03:44:24+00:00","dateModified":"2025-10-21T03:44:25+00:00","mainEntityOfPage":{"@id":"https:\/\/bobea.net\/index.php\/2025\/10\/21\/les-10-looks-les-plus-audacieux-portes-par-les-stars-au-festival-de-cannes-2025\/"},"wordCount":247,"commentCount":0,"publisher":{"@id":"https:\/\/bobea.net\/#organization"},"image":{"@id":"https:\/\/bobea.net\/index.php\/2025\/10\/21\/les-10-looks-les-plus-audacieux-portes-par-les-stars-au-festival-de-cannes-2025\/#primaryimage"},"thumbnailUrl":"https:\/\/bobea.net\/wp-content\/uploads\/2025\/10\/festival-de-cannes-2024-looks.jpg","articleSection":["On en Parle"],"inLanguage":"fr-FR","potentialAction":[{"@type":"CommentAction","name":"Comment","target":["https:\/\/bobea.net\/index.php\/2025\/10\/21\/les-10-looks-les-plus-audacieux-portes-par-les-stars-au-festival-de-cannes-2025\/#respond"]}]},{"@type":"WebPage","@id":"https:\/\/bobea.net\/index.php\/2025\/10\/21\/les-10-looks-les-plus-audacieux-portes-par-les-stars-au-festival-de-cannes-2025\/","url":"https:\/\/bobea.net\/index.php\/2025\/10\/21\/les-10-looks-les-plus-audacieux-portes-par-les-stars-au-festival-de-cannes-2025\/","name":"Les 10 looks les plus audacieux port\u00e9s par les stars au Festival de Cannes 2025 - Bobea","isPartOf":{"@id":"https:\/\/bobea.net\/#website"},"primaryImageOfPage":{"@id":"https:\/\/bobea.net\/index.php\/2025\/10\/21\/les-10-looks-les-plus-audacieux-portes-par-les-stars-au-festival-de-cannes-2025\/#primaryimage"},"image":{"@id":"https:\/\/bobea.net\/index.php\/2025\/10\/21\/les-10-looks-les-plus-audacieux-portes-par-les-stars-au-festival-de-cannes-2025\/#primaryimage"},"thumbnailUrl":"https:\/\/bobea.net\/wp-content\/uploads\/2025\/10\/festival-de-cannes-2024-looks.jpg","datePublished":"2025-10-21T03:44:24+00:00","dateModified":"2025-10-21T03:44:25+00:00","description":"Cette s\u00e9lection est aussi un hommage \u00e0 la cr\u00e9ativit\u00e9 des stylistes et des artistes, qui font du Festival de Cannes l\u2019un des \u00e9v\u00e9nements","breadcrumb":{"@id":"https:\/\/bobea.net\/index.php\/2025\/10\/21\/les-10-looks-les-plus-audacieux-portes-par-les-stars-au-festival-de-cannes-2025\/#breadcrumb"},"inLanguage":"fr-FR","potentialAction":[{"@type":"ReadAction","target":["https:\/\/bobea.net\/index.php\/2025\/10\/21\/les-10-looks-les-plus-audacieux-portes-par-les-stars-au-festival-de-cannes-2025\/"]}]},{"@type":"ImageObject","inLanguage":"fr-FR","@id":"https:\/\/bobea.net\/index.php\/2025\/10\/21\/les-10-looks-les-plus-audacieux-portes-par-les-stars-au-festival-de-cannes-2025\/#primaryimage","url":"https:\/\/bobea.net\/wp-content\/uploads\/2025\/10\/festival-de-cannes-2024-looks.jpg","contentUrl":"https:\/\/bobea.net\/wp-content\/uploads\/2025\/10\/festival-de-cannes-2024-looks.jpg","width":1200,"height":630},{"@type":"BreadcrumbList","@id":"https:\/\/bobea.net\/index.php\/2025\/10\/21\/les-10-looks-les-plus-audacieux-portes-par-les-stars-au-festival-de-cannes-2025\/#breadcrumb","itemListElement":[{"@type":"ListItem","position":1,"name":"Accueil","item":"https:\/\/bobea.net\/"},{"@type":"ListItem","position":2,"name":"Les 10 looks les plus audacieux port\u00e9s par les stars au Festival de Cannes 2025"}]},{"@type":"WebSite","@id":"https:\/\/bobea.net\/#website","url":"https:\/\/bobea.net\/","name":"Bobea","description":"Le magazine de la nouvelle \u00c8ve","publisher":{"@id":"https:\/\/bobea.net\/#organization"},"potentialAction":[{"@type":"SearchAction","target":{"@type":"EntryPoint","urlTemplate":"https:\/\/bobea.net\/?s={search_term_string}"},"query-input":{"@type":"PropertyValueSpecification","valueRequired":true,"valueName":"search_term_string"}}],"inLanguage":"fr-FR"},{"@type":"Organization","@id":"https:\/\/bobea.net\/#organization","name":"Bobea","url":"https:\/\/bobea.net\/","logo":{"@type":"ImageObject","inLanguage":"fr-FR","@id":"https:\/\/bobea.net\/#\/schema\/logo\/image\/","url":"https:\/\/bobea.net\/wp-content\/uploads\/2024\/06\/bobea.jpg","contentUrl":"https:\/\/bobea.net\/wp-content\/uploads\/2024\/06\/bobea.jpg","width":1080,"height":1080,"caption":"Bobea"},"image":{"@id":"https:\/\/bobea.net\/#\/schema\/logo\/image\/"},"sameAs":["https:\/\/web.facebook.com\/profile.php?id=61559252188416"]},{"@type":"Person","@id":"https:\/\/bobea.net\/#\/schema\/person\/e7f45ef187918d7c956bf619dce90ccf","name":"bobea.info","image":{"@type":"ImageObject","inLanguage":"fr-FR","@id":"https:\/\/bobea.net\/#\/schema\/person\/image\/","url":"https:\/\/secure.gravatar.com\/avatar\/36147980349df887ae30808df3e29474?s=96&d=mm&r=g","contentUrl":"https:\/\/secure.gravatar.com\/avatar\/36147980349df887ae30808df3e29474?s=96&d=mm&r=g","caption":"bobea.info"},"sameAs":["https:\/\/bobea.net"],"url":"https:\/\/bobea.net\/index.php\/author\/bobea-info\/"}]}},"_links":{"self":[{"href":"https:\/\/bobea.net\/index.php\/wp-json\/wp\/v2\/posts\/25963"}],"collection":[{"href":"https:\/\/bobea.net\/index.php\/wp-json\/wp\/v2\/posts"}],"about":[{"href":"https:\/\/bobea.net\/index.php\/wp-json\/wp\/v2\/types\/post"}],"author":[{"embeddable":true,"href":"https:\/\/bobea.net\/index.php\/wp-json\/wp\/v2\/users\/1"}],"replies":[{"embeddable":true,"href":"https:\/\/bobea.net\/index.php\/wp-json\/wp\/v2\/comments?post=25963"}],"version-history":[{"count":1,"href":"https:\/\/bobea.net\/index.php\/wp-json\/wp\/v2\/posts\/25963\/revisions"}],"predecessor-version":[{"id":25966,"href":"https:\/\/bobea.net\/index.php\/wp-json\/wp\/v2\/posts\/25963\/revisions\/25966"}],"wp:featuredmedia":[{"embeddable":true,"href":"https:\/\/bobea.net\/index.php\/wp-json\/wp\/v2\/media\/25965"}],"wp:attachment":[{"href":"https:\/\/bobea.net\/index.php\/wp-json\/wp\/v2\/media?parent=25963"}],"wp:term":[{"taxonomy":"category","embeddable":true,"href":"https:\/\/bobea.net\/index.php\/wp-json\/wp\/v2\/categories?post=25963"},{"taxonomy":"post_tag","embeddable":true,"href":"https:\/\/bobea.net\/index.php\/wp-json\/wp\/v2\/tags?post=25963"}],"curies":[{"name":"wp","href":"https:\/\/api.w.org\/{rel}","templated":true}]}}