{"id":2589,"date":"2024-06-27T13:10:31","date_gmt":"2024-06-27T13:10:31","guid":{"rendered":"https:\/\/bobea.net\/?p=2589"},"modified":"2024-06-27T13:33:08","modified_gmt":"2024-06-27T13:33:08","slug":"mia-frye-la-choregraphe-engagee-et-inspirante","status":"publish","type":"post","link":"https:\/\/bobea.net\/index.php\/2024\/06\/27\/mia-frye-la-choregraphe-engagee-et-inspirante\/","title":{"rendered":"Mia Frye : La Chor\u00e9graphe Engag\u00e9e et Inspirante"},"content":{"rendered":"\n<p><strong>Un Mes\u00adsage de Sou\u00adtien \u00e0 Yanis Mar\u00adshall<\/strong><\/p>\n\n\n\n<p class=\"has-text-align-justify\">Mia Frye, c\u00e9l\u00e8bre chor\u00e9\u00adgraphe et danseuse, a r\u00e9cem\u00adment pris la parole sur Insta\u00adgram pour adress\u00ader un mes\u00adsage de sou\u00adtien \u00e0 Yanis Mar\u00adshall. Ce ven\u00addre\u00addi 1er mars, elle a exprim\u00e9 son admi\u00adra\u00adtion et son sou\u00adtien \u00e0 ce tal\u00adentueux danseur, vic\u00adtime de mal\u00adtrai\u00adtance. \u201cCher Yanis, je me sou\u00adviens encore de toi sur ma piste de danse au Cen\u00adtre de Danse du Marais. Tu \u00e9tais tal\u00adentueux et mag\u00adnifique. Main\u00adtenant en tant qu\u2019adulte, TU ES NOTRE H\u00c9ROS !\u201d, a\u2011t-elle \u00e9crit.<\/p>\n\n\n\n<p class=\"has-text-align-justify\"><strong>Une Car\u00adri\u00e8re Remar\u00adquable<\/strong><\/p>\n\n\n\n<p>Mia Frye est une fig\u00adure embl\u00e9\u00adma\u00adtique de la danse en France. Con\u00adnue pour ses chor\u00e9\u00adgra\u00adphies inno\u00advantes et son \u00e9nergie d\u00e9bor\u00addante, elle a mar\u00adqu\u00e9 les esprits avec des per\u00adfor\u00admances m\u00e9morables et des col\u00adlab\u00ado\u00adra\u00adtions pres\u00adtigieuses. Son par\u00adcours unique l\u2019a men\u00e9e \u00e0 tra\u00advailler avec des artistes de renom et \u00e0 inspir\u00ader de nom\u00adbreux danseurs \u00e0 tra\u00advers le monde.<\/p>\n\n\n\n<figure class=\"wp-block-gallery has-nested-images columns-default is-cropped wp-block-gallery-1 is-layout-flex wp-block-gallery-is-layout-flex\">\n<figure class=\"wp-block-image size-large\"><img loading=\"lazy\" decoding=\"async\" width=\"901\" height=\"600\" data-id=\"2590\" src=\"https:\/\/bobea.net\/wp-content\/uploads\/2024\/06\/R-6-2.jpeg\" alt=\"Mia Frye : La Chor\u00e9graphe Engag\u00e9e et Inspirante\" class=\"wp-image-2590\" srcset=\"https:\/\/bobea.net\/wp-content\/uploads\/2024\/06\/R-6-2.jpeg 901w, https:\/\/bobea.net\/wp-content\/uploads\/2024\/06\/R-6-2-300x200.jpeg 300w, https:\/\/bobea.net\/wp-content\/uploads\/2024\/06\/R-6-2-768x511.jpeg 768w\" sizes=\"(max-width: 901px) 100vw, 901px\"><figcaption class=\"wp-element-caption\">Mia Frye : La Chor\u00e9\u00adgraphe Engag\u00e9e et Inspi\u00adrante<\/figcaption><\/figure>\n<\/figure>\n\n\n\n<p><strong>Une Danseuse en Verve<\/strong><\/p>\n\n\n\n<p>Tou\u00adjours en mou\u00adve\u00adment, Mia Frye con\u00adtin\u00adue de se r\u00e9in\u00adven\u00adter et de repouss\u00ader les lim\u00adites de son art. Elle est recon\u00adnue pour sa capac\u00adit\u00e9 \u00e0 fusion\u00adner dif\u00adf\u00e9rents styles de danse et \u00e0 cr\u00e9er des chor\u00e9\u00adgra\u00adphies dynamiques et cap\u00adti\u00advantes. Son engage\u00adment envers la danse et son d\u00e9voue\u00adment \u00e0 ses \u00e9l\u00e8ves font d\u2019elle une v\u00e9ri\u00adta\u00adble meneuse, tant pour les adultes que pour les enfants.<\/p>\n\n\n\n<p><strong>Une Meneuse d\u2019Hommes et d\u2019En\u00adfants<\/strong><\/p>\n\n\n\n<p>Mia Frye se con\u00adsid\u00ad\u00e8re non seule\u00adment comme une pro\u00adfesseure et une men\u00adtor, mais aus\u00adsi comme une fig\u00adure mater\u00adnelle pour ses \u00e9tu\u00addi\u00adants. Elle est d\u00e9ter\u00admin\u00e9e \u00e0 pro\u00adt\u00e9ger les jeunes danseurs con\u00adtre les abus et \u00e0 leur offrir un envi\u00adron\u00adnement s\u00fbr et inspi\u00adrant pour s\u2019\u00e9\u00adpanouir. \u201cL\u2019id\u00e9e qu\u2019un enseignant mal\u00adtraite un enfant EST UNE HONTE ET UN PUTAIN CAUCHEMAR !!!\u201d, a\u2011t-elle d\u00e9clar\u00e9 avec force.<\/p>\n\n\n\n<p><strong>Un Appel \u00e0 la Sol\u00adi\u00addar\u00adit\u00e9<\/strong><\/p>\n\n\n\n<p>Le sou\u00adtien de Mia Frye \u00e0 Yanis Mar\u00adshall est un rap\u00adpel puis\u00adsant de l\u2019im\u00adpor\u00adtance de la sol\u00adi\u00addar\u00adit\u00e9 dans le monde de la danse. En partageant son mes\u00adsage, elle encour\u00adage les autres \u00e0 se lever con\u00adtre les injus\u00adtices et \u00e0 soutenir ceux qui en ont besoin. \u201cTu as par\u00adl\u00e9 Yanis et ON T\u2019en\u00adtend, TOI et EUX. JE T\u2019AIME ET JE SUIS TELLEMENT FI\u00c8RE DE TOI. Ps : Gardez la t\u00eate haute\u201d, a\u2011t-elle con\u00adclu.<\/p>\n\n\n\n<p><strong>Con\u00adclu\u00adsion<\/strong><\/p>\n\n\n\n<p>Mia Frye, avec son par\u00adcours impres\u00adsion\u00adnant et son engage\u00adment ind\u00e9\u00adfectible, con\u00adtin\u00adue d\u2019in\u00adspir\u00ader et de pro\u00adt\u00e9ger la com\u00admu\u00adnaut\u00e9 de la danse. Son mes\u00adsage de sou\u00adtien \u00e0 Yanis Mar\u00adshall est un t\u00e9moignage de son d\u00e9voue\u00adment \u00e0 la jus\u00adtice et \u00e0 l\u2019in\u00adt\u00e9grit\u00e9 dans le monde artis\u00adtique. En tant que chor\u00e9\u00adgraphe et men\u00adtor, elle reste une fig\u00adure embl\u00e9\u00adma\u00adtique et respec\u00adt\u00e9e, pr\u00eate \u00e0 d\u00e9fendre les valeurs qui lui sont ch\u00e8res.<\/p>\n","protected":false},"excerpt":{"rendered":"<p>Un Mes\u00adsage de Sou\u00adtien \u00e0 Yanis Mar\u00adshall Mia Frye, c\u00e9l\u00e8bre chor\u00e9\u00adgraphe et danseuse, a r\u00e9cem\u00adment pris la parole sur Insta\u00adgram pour adress\u00ader un mes\u00adsage de sou\u00adtien \u00e0 Yanis Mar\u00adshall. Ce\u2026 <\/p>\n","protected":false},"author":1,"featured_media":2590,"comment_status":"open","ping_status":"open","sticky":false,"template":"","format":"standard","meta":{"wp_typography_post_enhancements_disabled":false,"footnotes":""},"categories":[79],"tags":[767,768,763,766,772,742,779,771,765,777,774,778,764,776,773,770,762,775,769],"class_list":["post-2589","post","type-post","status-publish","format-standard","has-post-thumbnail","hentry","category-a-la-une","tag-carriere-de-mia-frye","tag-centre-de-danse-du-marais","tag-choregraphe","tag-collaborations","tag-communaute-de-la-danse","tag-danse","tag-engagement","tag-inspiration-2","tag-integrite","tag-justice","tag-mentor","tag-message-de-soutien","tag-mia-frye","tag-monde-artistique","tag-performances","tag-protection-des-jeunes-danseurs","tag-solidarite","tag-soutien-yanis-marshall","tag-styles-de-danse"],"yoast_head":"<!-- This site is optimized with the Yoast SEO plugin v24.7 - https:\/\/yoast.com\/wordpress\/plugins\/seo\/ -->\n<title>Mia Frye : La Chor\u00e9graphe Engag\u00e9e et Inspirante - Bobea<\/title>\n<meta name=\"description\" content=\"Mia Frye, c\u00e9l\u00e8bre chor\u00e9graphe et danseuse, a r\u00e9cemment pris la parole sur Instagram pour adresser un message de soutien \u00e0 Yanis Marshall.\" \/>\n<meta name=\"robots\" content=\"index, follow, max-snippet:-1, max-image-preview:large, max-video-preview:-1\" \/>\n<link rel=\"canonical\" href=\"https:\/\/bobea.net\/index.php\/2024\/06\/27\/mia-frye-la-choregraphe-engagee-et-inspirante\/\" \/>\n<meta property=\"og:locale\" content=\"fr_FR\" \/>\n<meta property=\"og:type\" content=\"article\" \/>\n<meta property=\"og:title\" content=\"Mia Frye : La Chor\u00e9graphe Engag\u00e9e et Inspirante - Bobea\" \/>\n<meta property=\"og:description\" content=\"Mia Frye, c\u00e9l\u00e8bre chor\u00e9graphe et danseuse, a r\u00e9cemment pris la parole sur Instagram pour adresser un message de soutien \u00e0 Yanis Marshall.\" \/>\n<meta property=\"og:url\" content=\"https:\/\/bobea.net\/index.php\/2024\/06\/27\/mia-frye-la-choregraphe-engagee-et-inspirante\/\" \/>\n<meta property=\"og:site_name\" content=\"Bobea\" \/>\n<meta property=\"article:publisher\" content=\"https:\/\/web.facebook.com\/profile.php?id=61559252188416\" \/>\n<meta property=\"article:published_time\" content=\"2024-06-27T13:10:31+00:00\" \/>\n<meta property=\"article:modified_time\" content=\"2024-06-27T13:33:08+00:00\" \/>\n<meta property=\"og:image\" content=\"https:\/\/bobea.net\/wp-content\/uploads\/2024\/06\/R-6-2.jpeg\" \/>\n\t<meta property=\"og:image:width\" content=\"901\" \/>\n\t<meta property=\"og:image:height\" content=\"600\" \/>\n\t<meta property=\"og:image:type\" content=\"image\/jpeg\" \/>\n<meta name=\"author\" content=\"bobea.info\" \/>\n<meta name=\"twitter:card\" content=\"summary_large_image\" \/>\n<meta name=\"twitter:label1\" content=\"\u00c9crit par\" \/>\n\t<meta name=\"twitter:data1\" content=\"bobea.info\" \/>\n\t<meta name=\"twitter:label2\" content=\"Dur\u00e9e de lecture estim\u00e9e\" \/>\n\t<meta name=\"twitter:data2\" content=\"3 minutes\" \/>\n<script type=\"application\/ld+json\" class=\"yoast-schema-graph\">{\"@context\":\"https:\/\/schema.org\",\"@graph\":[{\"@type\":\"Article\",\"@id\":\"https:\/\/bobea.net\/index.php\/2024\/06\/27\/mia-frye-la-choregraphe-engagee-et-inspirante\/#article\",\"isPartOf\":{\"@id\":\"https:\/\/bobea.net\/index.php\/2024\/06\/27\/mia-frye-la-choregraphe-engagee-et-inspirante\/\"},\"author\":{\"name\":\"bobea.info\",\"@id\":\"https:\/\/bobea.net\/#\/schema\/person\/e7f45ef187918d7c956bf619dce90ccf\"},\"headline\":\"Mia Frye : La Chor\u00e9graphe Engag\u00e9e et Inspirante\",\"datePublished\":\"2024-06-27T13:10:31+00:00\",\"dateModified\":\"2024-06-27T13:33:08+00:00\",\"mainEntityOfPage\":{\"@id\":\"https:\/\/bobea.net\/index.php\/2024\/06\/27\/mia-frye-la-choregraphe-engagee-et-inspirante\/\"},\"wordCount\":462,\"commentCount\":0,\"publisher\":{\"@id\":\"https:\/\/bobea.net\/#organization\"},\"image\":{\"@id\":\"https:\/\/bobea.net\/index.php\/2024\/06\/27\/mia-frye-la-choregraphe-engagee-et-inspirante\/#primaryimage\"},\"thumbnailUrl\":\"https:\/\/bobea.net\/wp-content\/uploads\/2024\/06\/R-6-2.jpeg\",\"keywords\":[\"carri\u00e8re de Mia Frye\",\"Centre de Danse du Marais\",\"chor\u00e9graphe\",\"collaborations\",\"communaut\u00e9 de la danse\",\"danse\",\"engagement.\",\"inspiration\",\"int\u00e9grit\u00e9\",\"justice\",\"mentor\",\"message de soutien\",\"Mia Frye\",\"monde artistique\",\"performances\",\"protection des jeunes danseurs\",\"solidarit\u00e9\",\"soutien Yanis Marshall\",\"styles de danse\"],\"articleSection\":[\"A la Une\"],\"inLanguage\":\"fr-FR\",\"potentialAction\":[{\"@type\":\"CommentAction\",\"name\":\"Comment\",\"target\":[\"https:\/\/bobea.net\/index.php\/2024\/06\/27\/mia-frye-la-choregraphe-engagee-et-inspirante\/#respond\"]}]},{\"@type\":\"WebPage\",\"@id\":\"https:\/\/bobea.net\/index.php\/2024\/06\/27\/mia-frye-la-choregraphe-engagee-et-inspirante\/\",\"url\":\"https:\/\/bobea.net\/index.php\/2024\/06\/27\/mia-frye-la-choregraphe-engagee-et-inspirante\/\",\"name\":\"Mia Frye : La Chor\u00e9graphe Engag\u00e9e et Inspirante - Bobea\",\"isPartOf\":{\"@id\":\"https:\/\/bobea.net\/#website\"},\"primaryImageOfPage\":{\"@id\":\"https:\/\/bobea.net\/index.php\/2024\/06\/27\/mia-frye-la-choregraphe-engagee-et-inspirante\/#primaryimage\"},\"image\":{\"@id\":\"https:\/\/bobea.net\/index.php\/2024\/06\/27\/mia-frye-la-choregraphe-engagee-et-inspirante\/#primaryimage\"},\"thumbnailUrl\":\"https:\/\/bobea.net\/wp-content\/uploads\/2024\/06\/R-6-2.jpeg\",\"datePublished\":\"2024-06-27T13:10:31+00:00\",\"dateModified\":\"2024-06-27T13:33:08+00:00\",\"description\":\"Mia Frye, c\u00e9l\u00e8bre chor\u00e9graphe et danseuse, a r\u00e9cemment pris la parole sur Instagram pour adresser un message de soutien \u00e0 Yanis Marshall.\",\"breadcrumb\":{\"@id\":\"https:\/\/bobea.net\/index.php\/2024\/06\/27\/mia-frye-la-choregraphe-engagee-et-inspirante\/#breadcrumb\"},\"inLanguage\":\"fr-FR\",\"potentialAction\":[{\"@type\":\"ReadAction\",\"target\":[\"https:\/\/bobea.net\/index.php\/2024\/06\/27\/mia-frye-la-choregraphe-engagee-et-inspirante\/\"]}]},{\"@type\":\"ImageObject\",\"inLanguage\":\"fr-FR\",\"@id\":\"https:\/\/bobea.net\/index.php\/2024\/06\/27\/mia-frye-la-choregraphe-engagee-et-inspirante\/#primaryimage\",\"url\":\"https:\/\/bobea.net\/wp-content\/uploads\/2024\/06\/R-6-2.jpeg\",\"contentUrl\":\"https:\/\/bobea.net\/wp-content\/uploads\/2024\/06\/R-6-2.jpeg\",\"width\":901,\"height\":600,\"caption\":\"Mia Frye : La Chor\u00e9graphe Engag\u00e9e et Inspirante\"},{\"@type\":\"BreadcrumbList\",\"@id\":\"https:\/\/bobea.net\/index.php\/2024\/06\/27\/mia-frye-la-choregraphe-engagee-et-inspirante\/#breadcrumb\",\"itemListElement\":[{\"@type\":\"ListItem\",\"position\":1,\"name\":\"Accueil\",\"item\":\"https:\/\/bobea.net\/\"},{\"@type\":\"ListItem\",\"position\":2,\"name\":\"Mia Frye : La Chor\u00e9graphe Engag\u00e9e et Inspirante\"}]},{\"@type\":\"WebSite\",\"@id\":\"https:\/\/bobea.net\/#website\",\"url\":\"https:\/\/bobea.net\/\",\"name\":\"Bobea\",\"description\":\"Le magazine de la nouvelle \u00c8ve\",\"publisher\":{\"@id\":\"https:\/\/bobea.net\/#organization\"},\"potentialAction\":[{\"@type\":\"SearchAction\",\"target\":{\"@type\":\"EntryPoint\",\"urlTemplate\":\"https:\/\/bobea.net\/?s={search_term_string}\"},\"query-input\":{\"@type\":\"PropertyValueSpecification\",\"valueRequired\":true,\"valueName\":\"search_term_string\"}}],\"inLanguage\":\"fr-FR\"},{\"@type\":\"Organization\",\"@id\":\"https:\/\/bobea.net\/#organization\",\"name\":\"Bobea\",\"url\":\"https:\/\/bobea.net\/\",\"logo\":{\"@type\":\"ImageObject\",\"inLanguage\":\"fr-FR\",\"@id\":\"https:\/\/bobea.net\/#\/schema\/logo\/image\/\",\"url\":\"https:\/\/bobea.net\/wp-content\/uploads\/2024\/06\/bobea.jpg\",\"contentUrl\":\"https:\/\/bobea.net\/wp-content\/uploads\/2024\/06\/bobea.jpg\",\"width\":1080,\"height\":1080,\"caption\":\"Bobea\"},\"image\":{\"@id\":\"https:\/\/bobea.net\/#\/schema\/logo\/image\/\"},\"sameAs\":[\"https:\/\/web.facebook.com\/profile.php?id=61559252188416\"]},{\"@type\":\"Person\",\"@id\":\"https:\/\/bobea.net\/#\/schema\/person\/e7f45ef187918d7c956bf619dce90ccf\",\"name\":\"bobea.info\",\"image\":{\"@type\":\"ImageObject\",\"inLanguage\":\"fr-FR\",\"@id\":\"https:\/\/bobea.net\/#\/schema\/person\/image\/\",\"url\":\"https:\/\/secure.gravatar.com\/avatar\/36147980349df887ae30808df3e29474?s=96&d=mm&r=g\",\"contentUrl\":\"https:\/\/secure.gravatar.com\/avatar\/36147980349df887ae30808df3e29474?s=96&d=mm&r=g\",\"caption\":\"bobea.info\"},\"sameAs\":[\"https:\/\/bobea.net\"],\"url\":\"https:\/\/bobea.net\/index.php\/author\/bobea-info\/\"}]}<\/script>\n<!-- \/ Yoast SEO plugin. -->","yoast_head_json":{"title":"Mia Frye : La Chor\u00e9graphe Engag\u00e9e et Inspirante - Bobea","description":"Mia Frye, c\u00e9l\u00e8bre chor\u00e9graphe et danseuse, a r\u00e9cemment pris la parole sur Instagram pour adresser un message de soutien \u00e0 Yanis Marshall.","robots":{"index":"index","follow":"follow","max-snippet":"max-snippet:-1","max-image-preview":"max-image-preview:large","max-video-preview":"max-video-preview:-1"},"canonical":"https:\/\/bobea.net\/index.php\/2024\/06\/27\/mia-frye-la-choregraphe-engagee-et-inspirante\/","og_locale":"fr_FR","og_type":"article","og_title":"Mia Frye : La Chor\u00e9graphe Engag\u00e9e et Inspirante - Bobea","og_description":"Mia Frye, c\u00e9l\u00e8bre chor\u00e9graphe et danseuse, a r\u00e9cemment pris la parole sur Instagram pour adresser un message de soutien \u00e0 Yanis Marshall.","og_url":"https:\/\/bobea.net\/index.php\/2024\/06\/27\/mia-frye-la-choregraphe-engagee-et-inspirante\/","og_site_name":"Bobea","article_publisher":"https:\/\/web.facebook.com\/profile.php?id=61559252188416","article_published_time":"2024-06-27T13:10:31+00:00","article_modified_time":"2024-06-27T13:33:08+00:00","og_image":[{"width":901,"height":600,"url":"https:\/\/bobea.net\/wp-content\/uploads\/2024\/06\/R-6-2.jpeg","type":"image\/jpeg"}],"author":"bobea.info","twitter_card":"summary_large_image","twitter_misc":{"\u00c9crit par":"bobea.info","Dur\u00e9e de lecture estim\u00e9e":"3 minutes"},"schema":{"@context":"https:\/\/schema.org","@graph":[{"@type":"Article","@id":"https:\/\/bobea.net\/index.php\/2024\/06\/27\/mia-frye-la-choregraphe-engagee-et-inspirante\/#article","isPartOf":{"@id":"https:\/\/bobea.net\/index.php\/2024\/06\/27\/mia-frye-la-choregraphe-engagee-et-inspirante\/"},"author":{"name":"bobea.info","@id":"https:\/\/bobea.net\/#\/schema\/person\/e7f45ef187918d7c956bf619dce90ccf"},"headline":"Mia Frye : La Chor\u00e9graphe Engag\u00e9e et Inspirante","datePublished":"2024-06-27T13:10:31+00:00","dateModified":"2024-06-27T13:33:08+00:00","mainEntityOfPage":{"@id":"https:\/\/bobea.net\/index.php\/2024\/06\/27\/mia-frye-la-choregraphe-engagee-et-inspirante\/"},"wordCount":462,"commentCount":0,"publisher":{"@id":"https:\/\/bobea.net\/#organization"},"image":{"@id":"https:\/\/bobea.net\/index.php\/2024\/06\/27\/mia-frye-la-choregraphe-engagee-et-inspirante\/#primaryimage"},"thumbnailUrl":"https:\/\/bobea.net\/wp-content\/uploads\/2024\/06\/R-6-2.jpeg","keywords":["carri\u00e8re de Mia Frye","Centre de Danse du Marais","chor\u00e9graphe","collaborations","communaut\u00e9 de la danse","danse","engagement.","inspiration","int\u00e9grit\u00e9","justice","mentor","message de soutien","Mia Frye","monde artistique","performances","protection des jeunes danseurs","solidarit\u00e9","soutien Yanis Marshall","styles de danse"],"articleSection":["A la Une"],"inLanguage":"fr-FR","potentialAction":[{"@type":"CommentAction","name":"Comment","target":["https:\/\/bobea.net\/index.php\/2024\/06\/27\/mia-frye-la-choregraphe-engagee-et-inspirante\/#respond"]}]},{"@type":"WebPage","@id":"https:\/\/bobea.net\/index.php\/2024\/06\/27\/mia-frye-la-choregraphe-engagee-et-inspirante\/","url":"https:\/\/bobea.net\/index.php\/2024\/06\/27\/mia-frye-la-choregraphe-engagee-et-inspirante\/","name":"Mia Frye : La Chor\u00e9graphe Engag\u00e9e et Inspirante - Bobea","isPartOf":{"@id":"https:\/\/bobea.net\/#website"},"primaryImageOfPage":{"@id":"https:\/\/bobea.net\/index.php\/2024\/06\/27\/mia-frye-la-choregraphe-engagee-et-inspirante\/#primaryimage"},"image":{"@id":"https:\/\/bobea.net\/index.php\/2024\/06\/27\/mia-frye-la-choregraphe-engagee-et-inspirante\/#primaryimage"},"thumbnailUrl":"https:\/\/bobea.net\/wp-content\/uploads\/2024\/06\/R-6-2.jpeg","datePublished":"2024-06-27T13:10:31+00:00","dateModified":"2024-06-27T13:33:08+00:00","description":"Mia Frye, c\u00e9l\u00e8bre chor\u00e9graphe et danseuse, a r\u00e9cemment pris la parole sur Instagram pour adresser un message de soutien \u00e0 Yanis Marshall.","breadcrumb":{"@id":"https:\/\/bobea.net\/index.php\/2024\/06\/27\/mia-frye-la-choregraphe-engagee-et-inspirante\/#breadcrumb"},"inLanguage":"fr-FR","potentialAction":[{"@type":"ReadAction","target":["https:\/\/bobea.net\/index.php\/2024\/06\/27\/mia-frye-la-choregraphe-engagee-et-inspirante\/"]}]},{"@type":"ImageObject","inLanguage":"fr-FR","@id":"https:\/\/bobea.net\/index.php\/2024\/06\/27\/mia-frye-la-choregraphe-engagee-et-inspirante\/#primaryimage","url":"https:\/\/bobea.net\/wp-content\/uploads\/2024\/06\/R-6-2.jpeg","contentUrl":"https:\/\/bobea.net\/wp-content\/uploads\/2024\/06\/R-6-2.jpeg","width":901,"height":600,"caption":"Mia Frye : La Chor\u00e9graphe Engag\u00e9e et Inspirante"},{"@type":"BreadcrumbList","@id":"https:\/\/bobea.net\/index.php\/2024\/06\/27\/mia-frye-la-choregraphe-engagee-et-inspirante\/#breadcrumb","itemListElement":[{"@type":"ListItem","position":1,"name":"Accueil","item":"https:\/\/bobea.net\/"},{"@type":"ListItem","position":2,"name":"Mia Frye : La Chor\u00e9graphe Engag\u00e9e et Inspirante"}]},{"@type":"WebSite","@id":"https:\/\/bobea.net\/#website","url":"https:\/\/bobea.net\/","name":"Bobea","description":"Le magazine de la nouvelle \u00c8ve","publisher":{"@id":"https:\/\/bobea.net\/#organization"},"potentialAction":[{"@type":"SearchAction","target":{"@type":"EntryPoint","urlTemplate":"https:\/\/bobea.net\/?s={search_term_string}"},"query-input":{"@type":"PropertyValueSpecification","valueRequired":true,"valueName":"search_term_string"}}],"inLanguage":"fr-FR"},{"@type":"Organization","@id":"https:\/\/bobea.net\/#organization","name":"Bobea","url":"https:\/\/bobea.net\/","logo":{"@type":"ImageObject","inLanguage":"fr-FR","@id":"https:\/\/bobea.net\/#\/schema\/logo\/image\/","url":"https:\/\/bobea.net\/wp-content\/uploads\/2024\/06\/bobea.jpg","contentUrl":"https:\/\/bobea.net\/wp-content\/uploads\/2024\/06\/bobea.jpg","width":1080,"height":1080,"caption":"Bobea"},"image":{"@id":"https:\/\/bobea.net\/#\/schema\/logo\/image\/"},"sameAs":["https:\/\/web.facebook.com\/profile.php?id=61559252188416"]},{"@type":"Person","@id":"https:\/\/bobea.net\/#\/schema\/person\/e7f45ef187918d7c956bf619dce90ccf","name":"bobea.info","image":{"@type":"ImageObject","inLanguage":"fr-FR","@id":"https:\/\/bobea.net\/#\/schema\/person\/image\/","url":"https:\/\/secure.gravatar.com\/avatar\/36147980349df887ae30808df3e29474?s=96&d=mm&r=g","contentUrl":"https:\/\/secure.gravatar.com\/avatar\/36147980349df887ae30808df3e29474?s=96&d=mm&r=g","caption":"bobea.info"},"sameAs":["https:\/\/bobea.net"],"url":"https:\/\/bobea.net\/index.php\/author\/bobea-info\/"}]}},"_links":{"self":[{"href":"https:\/\/bobea.net\/index.php\/wp-json\/wp\/v2\/posts\/2589"}],"collection":[{"href":"https:\/\/bobea.net\/index.php\/wp-json\/wp\/v2\/posts"}],"about":[{"href":"https:\/\/bobea.net\/index.php\/wp-json\/wp\/v2\/types\/post"}],"author":[{"embeddable":true,"href":"https:\/\/bobea.net\/index.php\/wp-json\/wp\/v2\/users\/1"}],"replies":[{"embeddable":true,"href":"https:\/\/bobea.net\/index.php\/wp-json\/wp\/v2\/comments?post=2589"}],"version-history":[{"count":0,"href":"https:\/\/bobea.net\/index.php\/wp-json\/wp\/v2\/posts\/2589\/revisions"}],"wp:featuredmedia":[{"embeddable":true,"href":"https:\/\/bobea.net\/index.php\/wp-json\/wp\/v2\/media\/2590"}],"wp:attachment":[{"href":"https:\/\/bobea.net\/index.php\/wp-json\/wp\/v2\/media?parent=2589"}],"wp:term":[{"taxonomy":"category","embeddable":true,"href":"https:\/\/bobea.net\/index.php\/wp-json\/wp\/v2\/categories?post=2589"},{"taxonomy":"post_tag","embeddable":true,"href":"https:\/\/bobea.net\/index.php\/wp-json\/wp\/v2\/tags?post=2589"}],"curies":[{"name":"wp","href":"https:\/\/api.w.org\/{rel}","templated":true}]}}