{"id":25827,"date":"2025-10-16T20:27:07","date_gmt":"2025-10-16T20:27:07","guid":{"rendered":"https:\/\/bobea.net\/?p=25827"},"modified":"2025-10-16T20:27:09","modified_gmt":"2025-10-16T20:27:09","slug":"pierre-niney-et-adele-exarchopoulos-reunis-images-exclusives-du-defile-lacoste-a-paris","status":"publish","type":"post","link":"https:\/\/bobea.net\/index.php\/2025\/10\/16\/pierre-niney-et-adele-exarchopoulos-reunis-images-exclusives-du-defile-lacoste-a-paris\/","title":{"rendered":"Pierre Niney et Ad\u00e8le Exarchopoulos r\u00e9unis : images exclusives du d\u00e9fil\u00e9 Lacoste \u00e0 Paris"},"content":{"rendered":"\n<p><strong>Un Duo de Choc Sur le Tapis Rouge<\/strong><\/p>\n\n\n\n<p>Le c\u00e9l\u00e8bre cou\u00adple Pierre Niney et Ad\u00e8le Exar\u00adchopou\u00adlos a fait sen\u00adsa\u00adtion lors du dernier d\u00e9fil\u00e9 Lacoste \u00e0 Paris, cet \u00e9v\u00e9ne\u00adment majeur de la Fash\u00adion Week. Images exclu\u00adsives, pho\u00adtos vol\u00e9es et moments com\u00adplices ont rapi\u00adde\u00adment cir\u00adcul\u00e9 sur les r\u00e9seaux soci\u00adaux, met\u00adtant en lumi\u00e8re leur alchimie et leur place de fig\u00adures incon\u00adtourn\u00adables du cin\u00e9\u00adma fran\u00e7ais.<\/p>\n\n\n\n<figure class=\"wp-block-image size-large\"><img loading=\"lazy\" decoding=\"async\" width=\"1024\" height=\"684\" src=\"https:\/\/bobea.net\/wp-content\/uploads\/2025\/10\/image-5-1024x684.png\" alt class=\"wp-image-25829\" srcset=\"https:\/\/bobea.net\/wp-content\/uploads\/2025\/10\/image-5-1024x684.png 1024w, https:\/\/bobea.net\/wp-content\/uploads\/2025\/10\/image-5-300x200.png 300w, https:\/\/bobea.net\/wp-content\/uploads\/2025\/10\/image-5-768x513.png 768w, https:\/\/bobea.net\/wp-content\/uploads\/2025\/10\/image-5.png 1200w\" sizes=\"(max-width: 1024px) 100vw, 1024px\"><\/figure>\n\n\n\n<p><strong>Leur Influ\u00adence Con\u00adjointe dans le Monde de la Mode et du Cin\u00e9\u00adma<\/strong><\/p>\n\n\n\n<p>Cha\u00adcun \u00e0 leur mani\u00e8re, Pierre et Ad\u00e8le incar\u00adnent la jeunesse et la cr\u00e9a\u00adtiv\u00adit\u00e9 du sep\u00adti\u00e8me art, tout en s\u2019im\u00adposant comme ambas\u00adsadeurs de la mode fran\u00e7aise. Leur pr\u00e9sence c\u00f4te \u00e0 c\u00f4te sur ce podi\u00adum pres\u00adtigieux con\u00adfirme leur r\u00f4le de mod\u00ad\u00e8les d\u2019in\u00adspi\u00adra\u00adtion pour une g\u00e9n\u00e9ra\u00adtion qui m\u00e9lange cul\u00adture pop\u00adu\u00adlaire et haute cou\u00adture. Leur style allie \u00e9l\u00e9\u00adgance naturelle et ten\u00addance avant-gardiste, ren\u00adfor\u00e7ant leur image d\u2019ic\u00f4nes mul\u00adti\u00addi\u00admen\u00adsion\u00adnelles.<\/p>\n\n\n\n<p><strong>Ten\u00addances et Pro\u00adjets \u00e0 Venir<\/strong><\/p>\n\n\n\n<p>Par\u00adal\u00adl\u00e8le\u00adment, ils mul\u00adti\u00adplient les pro\u00adjets cin\u00e9\u00admatographiques acclam\u00e9s par la cri\u00adtique, ren\u00adfor\u00e7ant leur posi\u00adtion au c\u0153ur de l\u2019in\u00addus\u00adtrie cul\u00adturelle. Cette appari\u00adtion con\u00adjointe \u00e0 la Fash\u00adion Week laisse pr\u00e9sager une p\u00e9ri\u00adode riche en col\u00adlab\u00ado\u00adra\u00adtions, que ce soit dans le cin\u00e9\u00adma, la mode ou des engage\u00adments artis\u00adtiques. Les fans atten\u00addent d\u00e9j\u00e0 avec impa\u00adtience leurs prochains coups d\u2019\u00e9\u00adclat.<\/p>\n","protected":false},"excerpt":{"rendered":"<p>Un Duo de Choc Sur le Tapis Rouge Le c\u00e9l\u00e8bre cou\u00adple Pierre Niney et Ad\u00e8le Exar\u00adchopou\u00adlos a fait sen\u00adsa\u00adtion lors du dernier d\u00e9fil\u00e9 Lacoste \u00e0 Paris, cet \u00e9v\u00e9ne\u00adment majeur de\u2026 <\/p>\n","protected":false},"author":1,"featured_media":25828,"comment_status":"open","ping_status":"closed","sticky":false,"template":"","format":"standard","meta":{"wp_typography_post_enhancements_disabled":false,"footnotes":""},"categories":[56],"tags":[],"class_list":["post-25827","post","type-post","status-publish","format-standard","has-post-thumbnail","hentry","category-passions"],"yoast_head":"<!-- This site is optimized with the Yoast SEO plugin v24.7 - https:\/\/yoast.com\/wordpress\/plugins\/seo\/ -->\n<title>Pierre Niney et Ad\u00e8le Exarchopoulos r\u00e9unis : images exclusives du d\u00e9fil\u00e9 Lacoste \u00e0 Paris - Bobea<\/title>\n<meta name=\"robots\" content=\"index, follow, max-snippet:-1, max-image-preview:large, max-video-preview:-1\" \/>\n<link rel=\"canonical\" href=\"https:\/\/bobea.net\/index.php\/2025\/10\/16\/pierre-niney-et-adele-exarchopoulos-reunis-images-exclusives-du-defile-lacoste-a-paris\/\" \/>\n<meta property=\"og:locale\" content=\"fr_FR\" \/>\n<meta property=\"og:type\" content=\"article\" \/>\n<meta property=\"og:title\" content=\"Pierre Niney et Ad\u00e8le Exarchopoulos r\u00e9unis : images exclusives du d\u00e9fil\u00e9 Lacoste \u00e0 Paris - Bobea\" \/>\n<meta property=\"og:description\" content=\"Un Duo de Choc Sur le Tapis Rouge Le c\u00e9l\u00e8bre cou\u00adple Pierre Niney et Ad\u00e8le Exar\u00adchopou\u00adlos a fait sen\u00adsa\u00adtion lors du dernier d\u00e9fil\u00e9 Lacoste \u00e0 Paris, cet \u00e9v\u00e9ne\u00adment majeur de&hellip;\" \/>\n<meta property=\"og:url\" content=\"https:\/\/bobea.net\/index.php\/2025\/10\/16\/pierre-niney-et-adele-exarchopoulos-reunis-images-exclusives-du-defile-lacoste-a-paris\/\" \/>\n<meta property=\"og:site_name\" content=\"Bobea\" \/>\n<meta property=\"article:publisher\" content=\"https:\/\/web.facebook.com\/profile.php?id=61559252188416\" \/>\n<meta property=\"article:published_time\" content=\"2025-10-16T20:27:07+00:00\" \/>\n<meta property=\"article:modified_time\" content=\"2025-10-16T20:27:09+00:00\" \/>\n<meta property=\"og:image\" content=\"https:\/\/bobea.net\/wp-content\/uploads\/2025\/10\/5e15e5531a7245e8573231a57181a2f0.webp\" \/>\n\t<meta property=\"og:image:width\" content=\"1242\" \/>\n\t<meta property=\"og:image:height\" content=\"828\" \/>\n\t<meta property=\"og:image:type\" content=\"image\/webp\" \/>\n<meta name=\"author\" content=\"bobea.info\" \/>\n<meta name=\"twitter:card\" content=\"summary_large_image\" \/>\n<meta name=\"twitter:label1\" content=\"\u00c9crit par\" \/>\n\t<meta name=\"twitter:data1\" content=\"bobea.info\" \/>\n\t<meta name=\"twitter:label2\" content=\"Dur\u00e9e de lecture estim\u00e9e\" \/>\n\t<meta name=\"twitter:data2\" content=\"2 minutes\" \/>\n<script type=\"application\/ld+json\" class=\"yoast-schema-graph\">{\"@context\":\"https:\/\/schema.org\",\"@graph\":[{\"@type\":\"Article\",\"@id\":\"https:\/\/bobea.net\/index.php\/2025\/10\/16\/pierre-niney-et-adele-exarchopoulos-reunis-images-exclusives-du-defile-lacoste-a-paris\/#article\",\"isPartOf\":{\"@id\":\"https:\/\/bobea.net\/index.php\/2025\/10\/16\/pierre-niney-et-adele-exarchopoulos-reunis-images-exclusives-du-defile-lacoste-a-paris\/\"},\"author\":{\"name\":\"bobea.info\",\"@id\":\"https:\/\/bobea.net\/#\/schema\/person\/e7f45ef187918d7c956bf619dce90ccf\"},\"headline\":\"Pierre Niney et Ad\u00e8le Exarchopoulos r\u00e9unis : images exclusives du d\u00e9fil\u00e9 Lacoste \u00e0 Paris\",\"datePublished\":\"2025-10-16T20:27:07+00:00\",\"dateModified\":\"2025-10-16T20:27:09+00:00\",\"mainEntityOfPage\":{\"@id\":\"https:\/\/bobea.net\/index.php\/2025\/10\/16\/pierre-niney-et-adele-exarchopoulos-reunis-images-exclusives-du-defile-lacoste-a-paris\/\"},\"wordCount\":246,\"commentCount\":0,\"publisher\":{\"@id\":\"https:\/\/bobea.net\/#organization\"},\"image\":{\"@id\":\"https:\/\/bobea.net\/index.php\/2025\/10\/16\/pierre-niney-et-adele-exarchopoulos-reunis-images-exclusives-du-defile-lacoste-a-paris\/#primaryimage\"},\"thumbnailUrl\":\"https:\/\/bobea.net\/wp-content\/uploads\/2025\/10\/5e15e5531a7245e8573231a57181a2f0.webp\",\"articleSection\":[\"Passions\"],\"inLanguage\":\"fr-FR\",\"potentialAction\":[{\"@type\":\"CommentAction\",\"name\":\"Comment\",\"target\":[\"https:\/\/bobea.net\/index.php\/2025\/10\/16\/pierre-niney-et-adele-exarchopoulos-reunis-images-exclusives-du-defile-lacoste-a-paris\/#respond\"]}]},{\"@type\":\"WebPage\",\"@id\":\"https:\/\/bobea.net\/index.php\/2025\/10\/16\/pierre-niney-et-adele-exarchopoulos-reunis-images-exclusives-du-defile-lacoste-a-paris\/\",\"url\":\"https:\/\/bobea.net\/index.php\/2025\/10\/16\/pierre-niney-et-adele-exarchopoulos-reunis-images-exclusives-du-defile-lacoste-a-paris\/\",\"name\":\"Pierre Niney et Ad\u00e8le Exarchopoulos r\u00e9unis : images exclusives du d\u00e9fil\u00e9 Lacoste \u00e0 Paris - Bobea\",\"isPartOf\":{\"@id\":\"https:\/\/bobea.net\/#website\"},\"primaryImageOfPage\":{\"@id\":\"https:\/\/bobea.net\/index.php\/2025\/10\/16\/pierre-niney-et-adele-exarchopoulos-reunis-images-exclusives-du-defile-lacoste-a-paris\/#primaryimage\"},\"image\":{\"@id\":\"https:\/\/bobea.net\/index.php\/2025\/10\/16\/pierre-niney-et-adele-exarchopoulos-reunis-images-exclusives-du-defile-lacoste-a-paris\/#primaryimage\"},\"thumbnailUrl\":\"https:\/\/bobea.net\/wp-content\/uploads\/2025\/10\/5e15e5531a7245e8573231a57181a2f0.webp\",\"datePublished\":\"2025-10-16T20:27:07+00:00\",\"dateModified\":\"2025-10-16T20:27:09+00:00\",\"breadcrumb\":{\"@id\":\"https:\/\/bobea.net\/index.php\/2025\/10\/16\/pierre-niney-et-adele-exarchopoulos-reunis-images-exclusives-du-defile-lacoste-a-paris\/#breadcrumb\"},\"inLanguage\":\"fr-FR\",\"potentialAction\":[{\"@type\":\"ReadAction\",\"target\":[\"https:\/\/bobea.net\/index.php\/2025\/10\/16\/pierre-niney-et-adele-exarchopoulos-reunis-images-exclusives-du-defile-lacoste-a-paris\/\"]}]},{\"@type\":\"ImageObject\",\"inLanguage\":\"fr-FR\",\"@id\":\"https:\/\/bobea.net\/index.php\/2025\/10\/16\/pierre-niney-et-adele-exarchopoulos-reunis-images-exclusives-du-defile-lacoste-a-paris\/#primaryimage\",\"url\":\"https:\/\/bobea.net\/wp-content\/uploads\/2025\/10\/5e15e5531a7245e8573231a57181a2f0.webp\",\"contentUrl\":\"https:\/\/bobea.net\/wp-content\/uploads\/2025\/10\/5e15e5531a7245e8573231a57181a2f0.webp\",\"width\":1242,\"height\":828},{\"@type\":\"BreadcrumbList\",\"@id\":\"https:\/\/bobea.net\/index.php\/2025\/10\/16\/pierre-niney-et-adele-exarchopoulos-reunis-images-exclusives-du-defile-lacoste-a-paris\/#breadcrumb\",\"itemListElement\":[{\"@type\":\"ListItem\",\"position\":1,\"name\":\"Accueil\",\"item\":\"https:\/\/bobea.net\/\"},{\"@type\":\"ListItem\",\"position\":2,\"name\":\"Pierre Niney et Ad\u00e8le Exarchopoulos r\u00e9unis : images exclusives du d\u00e9fil\u00e9 Lacoste \u00e0 Paris\"}]},{\"@type\":\"WebSite\",\"@id\":\"https:\/\/bobea.net\/#website\",\"url\":\"https:\/\/bobea.net\/\",\"name\":\"Bobea\",\"description\":\"Le magazine de la nouvelle \u00c8ve\",\"publisher\":{\"@id\":\"https:\/\/bobea.net\/#organization\"},\"potentialAction\":[{\"@type\":\"SearchAction\",\"target\":{\"@type\":\"EntryPoint\",\"urlTemplate\":\"https:\/\/bobea.net\/?s={search_term_string}\"},\"query-input\":{\"@type\":\"PropertyValueSpecification\",\"valueRequired\":true,\"valueName\":\"search_term_string\"}}],\"inLanguage\":\"fr-FR\"},{\"@type\":\"Organization\",\"@id\":\"https:\/\/bobea.net\/#organization\",\"name\":\"Bobea\",\"url\":\"https:\/\/bobea.net\/\",\"logo\":{\"@type\":\"ImageObject\",\"inLanguage\":\"fr-FR\",\"@id\":\"https:\/\/bobea.net\/#\/schema\/logo\/image\/\",\"url\":\"https:\/\/bobea.net\/wp-content\/uploads\/2024\/06\/bobea.jpg\",\"contentUrl\":\"https:\/\/bobea.net\/wp-content\/uploads\/2024\/06\/bobea.jpg\",\"width\":1080,\"height\":1080,\"caption\":\"Bobea\"},\"image\":{\"@id\":\"https:\/\/bobea.net\/#\/schema\/logo\/image\/\"},\"sameAs\":[\"https:\/\/web.facebook.com\/profile.php?id=61559252188416\"]},{\"@type\":\"Person\",\"@id\":\"https:\/\/bobea.net\/#\/schema\/person\/e7f45ef187918d7c956bf619dce90ccf\",\"name\":\"bobea.info\",\"image\":{\"@type\":\"ImageObject\",\"inLanguage\":\"fr-FR\",\"@id\":\"https:\/\/bobea.net\/#\/schema\/person\/image\/\",\"url\":\"https:\/\/secure.gravatar.com\/avatar\/36147980349df887ae30808df3e29474?s=96&d=mm&r=g\",\"contentUrl\":\"https:\/\/secure.gravatar.com\/avatar\/36147980349df887ae30808df3e29474?s=96&d=mm&r=g\",\"caption\":\"bobea.info\"},\"sameAs\":[\"https:\/\/bobea.net\"],\"url\":\"https:\/\/bobea.net\/index.php\/author\/bobea-info\/\"}]}<\/script>\n<!-- \/ Yoast SEO plugin. -->","yoast_head_json":{"title":"Pierre Niney et Ad\u00e8le Exarchopoulos r\u00e9unis : images exclusives du d\u00e9fil\u00e9 Lacoste \u00e0 Paris - Bobea","robots":{"index":"index","follow":"follow","max-snippet":"max-snippet:-1","max-image-preview":"max-image-preview:large","max-video-preview":"max-video-preview:-1"},"canonical":"https:\/\/bobea.net\/index.php\/2025\/10\/16\/pierre-niney-et-adele-exarchopoulos-reunis-images-exclusives-du-defile-lacoste-a-paris\/","og_locale":"fr_FR","og_type":"article","og_title":"Pierre Niney et Ad\u00e8le Exarchopoulos r\u00e9unis : images exclusives du d\u00e9fil\u00e9 Lacoste \u00e0 Paris - Bobea","og_description":"Un Duo de Choc Sur le Tapis Rouge Le c\u00e9l\u00e8bre cou\u00adple Pierre Niney et Ad\u00e8le Exar\u00adchopou\u00adlos a fait sen\u00adsa\u00adtion lors du dernier d\u00e9fil\u00e9 Lacoste \u00e0 Paris, cet \u00e9v\u00e9ne\u00adment majeur de&hellip;","og_url":"https:\/\/bobea.net\/index.php\/2025\/10\/16\/pierre-niney-et-adele-exarchopoulos-reunis-images-exclusives-du-defile-lacoste-a-paris\/","og_site_name":"Bobea","article_publisher":"https:\/\/web.facebook.com\/profile.php?id=61559252188416","article_published_time":"2025-10-16T20:27:07+00:00","article_modified_time":"2025-10-16T20:27:09+00:00","og_image":[{"width":1242,"height":828,"url":"https:\/\/bobea.net\/wp-content\/uploads\/2025\/10\/5e15e5531a7245e8573231a57181a2f0.webp","type":"image\/webp"}],"author":"bobea.info","twitter_card":"summary_large_image","twitter_misc":{"\u00c9crit par":"bobea.info","Dur\u00e9e de lecture estim\u00e9e":"2 minutes"},"schema":{"@context":"https:\/\/schema.org","@graph":[{"@type":"Article","@id":"https:\/\/bobea.net\/index.php\/2025\/10\/16\/pierre-niney-et-adele-exarchopoulos-reunis-images-exclusives-du-defile-lacoste-a-paris\/#article","isPartOf":{"@id":"https:\/\/bobea.net\/index.php\/2025\/10\/16\/pierre-niney-et-adele-exarchopoulos-reunis-images-exclusives-du-defile-lacoste-a-paris\/"},"author":{"name":"bobea.info","@id":"https:\/\/bobea.net\/#\/schema\/person\/e7f45ef187918d7c956bf619dce90ccf"},"headline":"Pierre Niney et Ad\u00e8le Exarchopoulos r\u00e9unis : images exclusives du d\u00e9fil\u00e9 Lacoste \u00e0 Paris","datePublished":"2025-10-16T20:27:07+00:00","dateModified":"2025-10-16T20:27:09+00:00","mainEntityOfPage":{"@id":"https:\/\/bobea.net\/index.php\/2025\/10\/16\/pierre-niney-et-adele-exarchopoulos-reunis-images-exclusives-du-defile-lacoste-a-paris\/"},"wordCount":246,"commentCount":0,"publisher":{"@id":"https:\/\/bobea.net\/#organization"},"image":{"@id":"https:\/\/bobea.net\/index.php\/2025\/10\/16\/pierre-niney-et-adele-exarchopoulos-reunis-images-exclusives-du-defile-lacoste-a-paris\/#primaryimage"},"thumbnailUrl":"https:\/\/bobea.net\/wp-content\/uploads\/2025\/10\/5e15e5531a7245e8573231a57181a2f0.webp","articleSection":["Passions"],"inLanguage":"fr-FR","potentialAction":[{"@type":"CommentAction","name":"Comment","target":["https:\/\/bobea.net\/index.php\/2025\/10\/16\/pierre-niney-et-adele-exarchopoulos-reunis-images-exclusives-du-defile-lacoste-a-paris\/#respond"]}]},{"@type":"WebPage","@id":"https:\/\/bobea.net\/index.php\/2025\/10\/16\/pierre-niney-et-adele-exarchopoulos-reunis-images-exclusives-du-defile-lacoste-a-paris\/","url":"https:\/\/bobea.net\/index.php\/2025\/10\/16\/pierre-niney-et-adele-exarchopoulos-reunis-images-exclusives-du-defile-lacoste-a-paris\/","name":"Pierre Niney et Ad\u00e8le Exarchopoulos r\u00e9unis : images exclusives du d\u00e9fil\u00e9 Lacoste \u00e0 Paris - Bobea","isPartOf":{"@id":"https:\/\/bobea.net\/#website"},"primaryImageOfPage":{"@id":"https:\/\/bobea.net\/index.php\/2025\/10\/16\/pierre-niney-et-adele-exarchopoulos-reunis-images-exclusives-du-defile-lacoste-a-paris\/#primaryimage"},"image":{"@id":"https:\/\/bobea.net\/index.php\/2025\/10\/16\/pierre-niney-et-adele-exarchopoulos-reunis-images-exclusives-du-defile-lacoste-a-paris\/#primaryimage"},"thumbnailUrl":"https:\/\/bobea.net\/wp-content\/uploads\/2025\/10\/5e15e5531a7245e8573231a57181a2f0.webp","datePublished":"2025-10-16T20:27:07+00:00","dateModified":"2025-10-16T20:27:09+00:00","breadcrumb":{"@id":"https:\/\/bobea.net\/index.php\/2025\/10\/16\/pierre-niney-et-adele-exarchopoulos-reunis-images-exclusives-du-defile-lacoste-a-paris\/#breadcrumb"},"inLanguage":"fr-FR","potentialAction":[{"@type":"ReadAction","target":["https:\/\/bobea.net\/index.php\/2025\/10\/16\/pierre-niney-et-adele-exarchopoulos-reunis-images-exclusives-du-defile-lacoste-a-paris\/"]}]},{"@type":"ImageObject","inLanguage":"fr-FR","@id":"https:\/\/bobea.net\/index.php\/2025\/10\/16\/pierre-niney-et-adele-exarchopoulos-reunis-images-exclusives-du-defile-lacoste-a-paris\/#primaryimage","url":"https:\/\/bobea.net\/wp-content\/uploads\/2025\/10\/5e15e5531a7245e8573231a57181a2f0.webp","contentUrl":"https:\/\/bobea.net\/wp-content\/uploads\/2025\/10\/5e15e5531a7245e8573231a57181a2f0.webp","width":1242,"height":828},{"@type":"BreadcrumbList","@id":"https:\/\/bobea.net\/index.php\/2025\/10\/16\/pierre-niney-et-adele-exarchopoulos-reunis-images-exclusives-du-defile-lacoste-a-paris\/#breadcrumb","itemListElement":[{"@type":"ListItem","position":1,"name":"Accueil","item":"https:\/\/bobea.net\/"},{"@type":"ListItem","position":2,"name":"Pierre Niney et Ad\u00e8le Exarchopoulos r\u00e9unis : images exclusives du d\u00e9fil\u00e9 Lacoste \u00e0 Paris"}]},{"@type":"WebSite","@id":"https:\/\/bobea.net\/#website","url":"https:\/\/bobea.net\/","name":"Bobea","description":"Le magazine de la nouvelle \u00c8ve","publisher":{"@id":"https:\/\/bobea.net\/#organization"},"potentialAction":[{"@type":"SearchAction","target":{"@type":"EntryPoint","urlTemplate":"https:\/\/bobea.net\/?s={search_term_string}"},"query-input":{"@type":"PropertyValueSpecification","valueRequired":true,"valueName":"search_term_string"}}],"inLanguage":"fr-FR"},{"@type":"Organization","@id":"https:\/\/bobea.net\/#organization","name":"Bobea","url":"https:\/\/bobea.net\/","logo":{"@type":"ImageObject","inLanguage":"fr-FR","@id":"https:\/\/bobea.net\/#\/schema\/logo\/image\/","url":"https:\/\/bobea.net\/wp-content\/uploads\/2024\/06\/bobea.jpg","contentUrl":"https:\/\/bobea.net\/wp-content\/uploads\/2024\/06\/bobea.jpg","width":1080,"height":1080,"caption":"Bobea"},"image":{"@id":"https:\/\/bobea.net\/#\/schema\/logo\/image\/"},"sameAs":["https:\/\/web.facebook.com\/profile.php?id=61559252188416"]},{"@type":"Person","@id":"https:\/\/bobea.net\/#\/schema\/person\/e7f45ef187918d7c956bf619dce90ccf","name":"bobea.info","image":{"@type":"ImageObject","inLanguage":"fr-FR","@id":"https:\/\/bobea.net\/#\/schema\/person\/image\/","url":"https:\/\/secure.gravatar.com\/avatar\/36147980349df887ae30808df3e29474?s=96&d=mm&r=g","contentUrl":"https:\/\/secure.gravatar.com\/avatar\/36147980349df887ae30808df3e29474?s=96&d=mm&r=g","caption":"bobea.info"},"sameAs":["https:\/\/bobea.net"],"url":"https:\/\/bobea.net\/index.php\/author\/bobea-info\/"}]}},"_links":{"self":[{"href":"https:\/\/bobea.net\/index.php\/wp-json\/wp\/v2\/posts\/25827"}],"collection":[{"href":"https:\/\/bobea.net\/index.php\/wp-json\/wp\/v2\/posts"}],"about":[{"href":"https:\/\/bobea.net\/index.php\/wp-json\/wp\/v2\/types\/post"}],"author":[{"embeddable":true,"href":"https:\/\/bobea.net\/index.php\/wp-json\/wp\/v2\/users\/1"}],"replies":[{"embeddable":true,"href":"https:\/\/bobea.net\/index.php\/wp-json\/wp\/v2\/comments?post=25827"}],"version-history":[{"count":1,"href":"https:\/\/bobea.net\/index.php\/wp-json\/wp\/v2\/posts\/25827\/revisions"}],"predecessor-version":[{"id":25830,"href":"https:\/\/bobea.net\/index.php\/wp-json\/wp\/v2\/posts\/25827\/revisions\/25830"}],"wp:featuredmedia":[{"embeddable":true,"href":"https:\/\/bobea.net\/index.php\/wp-json\/wp\/v2\/media\/25828"}],"wp:attachment":[{"href":"https:\/\/bobea.net\/index.php\/wp-json\/wp\/v2\/media?parent=25827"}],"wp:term":[{"taxonomy":"category","embeddable":true,"href":"https:\/\/bobea.net\/index.php\/wp-json\/wp\/v2\/categories?post=25827"},{"taxonomy":"post_tag","embeddable":true,"href":"https:\/\/bobea.net\/index.php\/wp-json\/wp\/v2\/tags?post=25827"}],"curies":[{"name":"wp","href":"https:\/\/api.w.org\/{rel}","templated":true}]}}