{"id":25819,"date":"2025-10-16T20:02:30","date_gmt":"2025-10-16T20:02:30","guid":{"rendered":"https:\/\/bobea.net\/?p=25819"},"modified":"2025-10-16T20:02:31","modified_gmt":"2025-10-16T20:02:31","slug":"emma-watson-a-paris-rencontre-royale-tensions-diplomatiques-et-reactions-internationales","status":"publish","type":"post","link":"https:\/\/bobea.net\/index.php\/2025\/10\/16\/emma-watson-a-paris-rencontre-royale-tensions-diplomatiques-et-reactions-internationales\/","title":{"rendered":"Emma Watson \u00e0 Paris : Rencontre Royale, Tensions Diplomatiques et R\u00e9actions Internationales"},"content":{"rendered":"\n<p><strong>Une Vis\u00adite Parisi\u00adenne Qui Fait Couler Beau\u00adcoup d\u2019En\u00adcre<\/strong><\/p>\n\n\n\n<p>L\u2019ic\u00f4ne inter\u00adna\u00adtionale Emma Wat\u00adson, star de&nbsp;<em>Har\u00adry Pot\u00adter<\/em>&nbsp;et activiste engag\u00e9e, a r\u00e9cem\u00adment fait sen\u00adsa\u00adtion \u00e0 Paris lors d\u2019un d\u00e9place\u00adment sur\u00adprise. Sa pr\u00e9sence dans la cap\u00adi\u00adtale a \u00e9t\u00e9 large\u00adment m\u00e9di\u00adatis\u00e9e, avec une mul\u00adti\u00adtude de pho\u00adtos, d\u2019in\u00adter\u00adviews et de rumeurs qui ont ani\u00adm\u00e9 la sc\u00e8ne sociale. La star a \u00e9t\u00e9 vue \u00e0 la ter\u00adrasse d\u2019un caf\u00e9 chic du Marais, \u00e9changeant des id\u00e9es avec des respon\u00ads\u00adables locaux, mais aus\u00adsi en pleine dis\u00adcus\u00adsion ani\u00adm\u00e9e lors d\u2019un \u00e9v\u00e9ne\u00adment human\u00adi\u00adtaire.<\/p>\n\n\n\n<p><strong>Ten\u00adsions Diplo\u00adma\u00adtiques ou Sim\u00adple Vis\u00adite Priv\u00e9e ?<\/strong><\/p>\n\n\n\n<p>Mais der\u00adri\u00e8re cette arriv\u00e9e dis\u00adcr\u00e8te, cer\u00adtains obser\u00adva\u00adteurs \u00e9vo\u00adquent des ten\u00adsions g\u00e9opoli\u00adtiques ambigu\u00ebs. La salle d\u2019Em\u00adma Wat\u00adson inter\u00advient \u00e0 un moment cri\u00adtique o\u00f9 la France et le Roy\u00adaume-Uni ten\u00adtent de ren\u00adforcer leurs alliances inter\u00adna\u00adtionales. Cer\u00adtains ana\u00adlystes poli\u00adtiques y voient une op\u00e9ra\u00adtion de com\u00admu\u00adni\u00adca\u00adtion sub\u00adtile pour ren\u00adforcer le soft pow\u00ader de la star. D\u2019autres, plus scep\u00adtiques, pensent qu\u2019il s\u2019ag\u00adit sim\u00adple\u00adment d\u2019une vis\u00adite priv\u00e9e, avec des moti\u00adva\u00adtions human\u00adi\u00adtaires.<\/p>\n\n\n\n<figure class=\"wp-block-image size-full\"><img loading=\"lazy\" decoding=\"async\" width=\"960\" height=\"640\" src=\"https:\/\/bobea.net\/wp-content\/uploads\/2025\/10\/Emma-Watson-et-trois-Nobel-a-l-Elysee-pour-l-egalite-femmes-hommes.jpg\" alt class=\"wp-image-25821\" srcset=\"https:\/\/bobea.net\/wp-content\/uploads\/2025\/10\/Emma-Watson-et-trois-Nobel-a-l-Elysee-pour-l-egalite-femmes-hommes.jpg 960w, https:\/\/bobea.net\/wp-content\/uploads\/2025\/10\/Emma-Watson-et-trois-Nobel-a-l-Elysee-pour-l-egalite-femmes-hommes-300x200.jpg 300w, https:\/\/bobea.net\/wp-content\/uploads\/2025\/10\/Emma-Watson-et-trois-Nobel-a-l-Elysee-pour-l-egalite-femmes-hommes-768x512.jpg 768w\" sizes=\"(max-width: 960px) 100vw, 960px\"><\/figure>\n\n\n\n<p><strong>R\u00e9ac\u00adtions et Impact \u00e0 l\u2019In\u00adter\u00adna\u00adtion\u00adal<\/strong><\/p>\n\n\n\n<p>Les m\u00e9dias du monde entier ont relay\u00e9 cette vis\u00adite sous divers angles. La presse bri\u00adtan\u00adnique y voit une d\u00e9c\u00adla\u00adra\u00adtion de sou\u00adtien aux caus\u00ades sociales et envi\u00adron\u00adnemen\u00adtales d\u00e9fendues par Emma Wat\u00adson. La star a \u00e9gale\u00adment lanc\u00e9 un appel \u00e0 l\u2019en\u00adgage\u00adment pour la lutte con\u00adtre les in\u00e9\u00adgal\u00adit\u00e9s, lors d\u2019un dis\u00adcours pas\u00adsion\u00adn\u00e9 devant un parterre d\u2019ONG et de repr\u00e9sen\u00adtants poli\u00adtiques. Son influ\u00adence ne se lim\u00adite pas au cin\u00e9\u00adma : Emma Wat\u00adson devient un vrai porte-dra\u00adpeau du change\u00adment et de la con\u00adscience glob\u00adale.<\/p>\n\n\n\n<p>Les r\u00e9seaux soci\u00adaux ont quant \u00e0 eux \u00e9t\u00e9 d\u00e9cha\u00een\u00e9s, entre f\u00e9lic\u00adi\u00adta\u00adtions, sar\u00adcasmes ou con\u00adtro\u00adver\u00ads\u00ades. Quoi qu\u2019il en soit, Emma Wat\u00adson reste une fig\u00adure phare du \u00ab peo\u00adple activism \u00bb, capa\u00adble de faire bouger les lignes, \u00e0 Paris comme ailleurs.<\/p>\n","protected":false},"excerpt":{"rendered":"<p>Une Vis\u00adite Parisi\u00adenne Qui Fait Couler Beau\u00adcoup d\u2019En\u00adcre L\u2019ic\u00f4ne inter\u00adna\u00adtionale Emma Wat\u00adson, star de&nbsp;Har\u00adry Pot\u00adter&nbsp;et activiste engag\u00e9e, a r\u00e9cem\u00adment fait sen\u00adsa\u00adtion \u00e0 Paris lors d\u2019un d\u00e9place\u00adment sur\u00adprise. Sa pr\u00e9sence dans\u2026 <\/p>\n","protected":false},"author":1,"featured_media":25820,"comment_status":"open","ping_status":"closed","sticky":false,"template":"","format":"standard","meta":{"wp_typography_post_enhancements_disabled":false,"footnotes":""},"categories":[53],"tags":[],"class_list":["post-25819","post","type-post","status-publish","format-standard","has-post-thumbnail","hentry","category-viva"],"yoast_head":"<!-- This site is optimized with the Yoast SEO plugin v24.7 - https:\/\/yoast.com\/wordpress\/plugins\/seo\/ -->\n<title>Emma Watson \u00e0 Paris : Rencontre Royale, Tensions Diplomatiques et R\u00e9actions Internationales - Bobea<\/title>\n<meta name=\"description\" content=\"L&#039;ic\u00f4ne internationale Emma Watson, star de\u00a0Harry Potter\u00a0et activiste engag\u00e9e, a r\u00e9cemment fait sensation \u00e0 Paris lors d&#039;un d\u00e9placement\" \/>\n<meta name=\"robots\" content=\"index, follow, max-snippet:-1, max-image-preview:large, max-video-preview:-1\" \/>\n<link rel=\"canonical\" href=\"https:\/\/bobea.net\/index.php\/2025\/10\/16\/emma-watson-a-paris-rencontre-royale-tensions-diplomatiques-et-reactions-internationales\/\" \/>\n<meta property=\"og:locale\" content=\"fr_FR\" \/>\n<meta property=\"og:type\" content=\"article\" \/>\n<meta property=\"og:title\" content=\"Emma Watson \u00e0 Paris : Rencontre Royale, Tensions Diplomatiques et R\u00e9actions Internationales - Bobea\" \/>\n<meta property=\"og:description\" content=\"L&#039;ic\u00f4ne internationale Emma Watson, star de\u00a0Harry Potter\u00a0et activiste engag\u00e9e, a r\u00e9cemment fait sensation \u00e0 Paris lors d&#039;un d\u00e9placement\" \/>\n<meta property=\"og:url\" content=\"https:\/\/bobea.net\/index.php\/2025\/10\/16\/emma-watson-a-paris-rencontre-royale-tensions-diplomatiques-et-reactions-internationales\/\" \/>\n<meta property=\"og:site_name\" content=\"Bobea\" \/>\n<meta property=\"article:publisher\" content=\"https:\/\/web.facebook.com\/profile.php?id=61559252188416\" \/>\n<meta property=\"article:published_time\" content=\"2025-10-16T20:02:30+00:00\" \/>\n<meta property=\"article:modified_time\" content=\"2025-10-16T20:02:31+00:00\" \/>\n<meta property=\"og:image\" content=\"https:\/\/bobea.net\/wp-content\/uploads\/2025\/10\/Emma-Watson_1.jpg\" \/>\n\t<meta property=\"og:image:width\" content=\"375\" \/>\n\t<meta property=\"og:image:height\" content=\"250\" \/>\n\t<meta property=\"og:image:type\" content=\"image\/jpeg\" \/>\n<meta name=\"author\" content=\"bobea.info\" \/>\n<meta name=\"twitter:card\" content=\"summary_large_image\" \/>\n<meta name=\"twitter:label1\" content=\"\u00c9crit par\" \/>\n\t<meta name=\"twitter:data1\" content=\"bobea.info\" \/>\n\t<meta name=\"twitter:label2\" content=\"Dur\u00e9e de lecture estim\u00e9e\" \/>\n\t<meta name=\"twitter:data2\" content=\"2 minutes\" \/>\n<script type=\"application\/ld+json\" class=\"yoast-schema-graph\">{\"@context\":\"https:\/\/schema.org\",\"@graph\":[{\"@type\":\"Article\",\"@id\":\"https:\/\/bobea.net\/index.php\/2025\/10\/16\/emma-watson-a-paris-rencontre-royale-tensions-diplomatiques-et-reactions-internationales\/#article\",\"isPartOf\":{\"@id\":\"https:\/\/bobea.net\/index.php\/2025\/10\/16\/emma-watson-a-paris-rencontre-royale-tensions-diplomatiques-et-reactions-internationales\/\"},\"author\":{\"name\":\"bobea.info\",\"@id\":\"https:\/\/bobea.net\/#\/schema\/person\/e7f45ef187918d7c956bf619dce90ccf\"},\"headline\":\"Emma Watson \u00e0 Paris : Rencontre Royale, Tensions Diplomatiques et R\u00e9actions Internationales\",\"datePublished\":\"2025-10-16T20:02:30+00:00\",\"dateModified\":\"2025-10-16T20:02:31+00:00\",\"mainEntityOfPage\":{\"@id\":\"https:\/\/bobea.net\/index.php\/2025\/10\/16\/emma-watson-a-paris-rencontre-royale-tensions-diplomatiques-et-reactions-internationales\/\"},\"wordCount\":328,\"commentCount\":0,\"publisher\":{\"@id\":\"https:\/\/bobea.net\/#organization\"},\"image\":{\"@id\":\"https:\/\/bobea.net\/index.php\/2025\/10\/16\/emma-watson-a-paris-rencontre-royale-tensions-diplomatiques-et-reactions-internationales\/#primaryimage\"},\"thumbnailUrl\":\"https:\/\/bobea.net\/wp-content\/uploads\/2025\/10\/Emma-Watson_1.jpg\",\"articleSection\":[\"Viva\"],\"inLanguage\":\"fr-FR\",\"potentialAction\":[{\"@type\":\"CommentAction\",\"name\":\"Comment\",\"target\":[\"https:\/\/bobea.net\/index.php\/2025\/10\/16\/emma-watson-a-paris-rencontre-royale-tensions-diplomatiques-et-reactions-internationales\/#respond\"]}]},{\"@type\":\"WebPage\",\"@id\":\"https:\/\/bobea.net\/index.php\/2025\/10\/16\/emma-watson-a-paris-rencontre-royale-tensions-diplomatiques-et-reactions-internationales\/\",\"url\":\"https:\/\/bobea.net\/index.php\/2025\/10\/16\/emma-watson-a-paris-rencontre-royale-tensions-diplomatiques-et-reactions-internationales\/\",\"name\":\"Emma Watson \u00e0 Paris : Rencontre Royale, Tensions Diplomatiques et R\u00e9actions Internationales - Bobea\",\"isPartOf\":{\"@id\":\"https:\/\/bobea.net\/#website\"},\"primaryImageOfPage\":{\"@id\":\"https:\/\/bobea.net\/index.php\/2025\/10\/16\/emma-watson-a-paris-rencontre-royale-tensions-diplomatiques-et-reactions-internationales\/#primaryimage\"},\"image\":{\"@id\":\"https:\/\/bobea.net\/index.php\/2025\/10\/16\/emma-watson-a-paris-rencontre-royale-tensions-diplomatiques-et-reactions-internationales\/#primaryimage\"},\"thumbnailUrl\":\"https:\/\/bobea.net\/wp-content\/uploads\/2025\/10\/Emma-Watson_1.jpg\",\"datePublished\":\"2025-10-16T20:02:30+00:00\",\"dateModified\":\"2025-10-16T20:02:31+00:00\",\"description\":\"L'ic\u00f4ne internationale Emma Watson, star de\u00a0Harry Potter\u00a0et activiste engag\u00e9e, a r\u00e9cemment fait sensation \u00e0 Paris lors d'un d\u00e9placement\",\"breadcrumb\":{\"@id\":\"https:\/\/bobea.net\/index.php\/2025\/10\/16\/emma-watson-a-paris-rencontre-royale-tensions-diplomatiques-et-reactions-internationales\/#breadcrumb\"},\"inLanguage\":\"fr-FR\",\"potentialAction\":[{\"@type\":\"ReadAction\",\"target\":[\"https:\/\/bobea.net\/index.php\/2025\/10\/16\/emma-watson-a-paris-rencontre-royale-tensions-diplomatiques-et-reactions-internationales\/\"]}]},{\"@type\":\"ImageObject\",\"inLanguage\":\"fr-FR\",\"@id\":\"https:\/\/bobea.net\/index.php\/2025\/10\/16\/emma-watson-a-paris-rencontre-royale-tensions-diplomatiques-et-reactions-internationales\/#primaryimage\",\"url\":\"https:\/\/bobea.net\/wp-content\/uploads\/2025\/10\/Emma-Watson_1.jpg\",\"contentUrl\":\"https:\/\/bobea.net\/wp-content\/uploads\/2025\/10\/Emma-Watson_1.jpg\",\"width\":375,\"height\":250,\"caption\":\"Emma Watson speaks during a conference about gender equality in Paris, France, as part of the G7 summit, on May 10, 2019. Photo by Julie Sebadelha\/ABACAPRESS.COM | 682304_014 Bondy France\"},{\"@type\":\"BreadcrumbList\",\"@id\":\"https:\/\/bobea.net\/index.php\/2025\/10\/16\/emma-watson-a-paris-rencontre-royale-tensions-diplomatiques-et-reactions-internationales\/#breadcrumb\",\"itemListElement\":[{\"@type\":\"ListItem\",\"position\":1,\"name\":\"Accueil\",\"item\":\"https:\/\/bobea.net\/\"},{\"@type\":\"ListItem\",\"position\":2,\"name\":\"Emma Watson \u00e0 Paris : Rencontre Royale, Tensions Diplomatiques et R\u00e9actions Internationales\"}]},{\"@type\":\"WebSite\",\"@id\":\"https:\/\/bobea.net\/#website\",\"url\":\"https:\/\/bobea.net\/\",\"name\":\"Bobea\",\"description\":\"Le magazine de la nouvelle \u00c8ve\",\"publisher\":{\"@id\":\"https:\/\/bobea.net\/#organization\"},\"potentialAction\":[{\"@type\":\"SearchAction\",\"target\":{\"@type\":\"EntryPoint\",\"urlTemplate\":\"https:\/\/bobea.net\/?s={search_term_string}\"},\"query-input\":{\"@type\":\"PropertyValueSpecification\",\"valueRequired\":true,\"valueName\":\"search_term_string\"}}],\"inLanguage\":\"fr-FR\"},{\"@type\":\"Organization\",\"@id\":\"https:\/\/bobea.net\/#organization\",\"name\":\"Bobea\",\"url\":\"https:\/\/bobea.net\/\",\"logo\":{\"@type\":\"ImageObject\",\"inLanguage\":\"fr-FR\",\"@id\":\"https:\/\/bobea.net\/#\/schema\/logo\/image\/\",\"url\":\"https:\/\/bobea.net\/wp-content\/uploads\/2024\/06\/bobea.jpg\",\"contentUrl\":\"https:\/\/bobea.net\/wp-content\/uploads\/2024\/06\/bobea.jpg\",\"width\":1080,\"height\":1080,\"caption\":\"Bobea\"},\"image\":{\"@id\":\"https:\/\/bobea.net\/#\/schema\/logo\/image\/\"},\"sameAs\":[\"https:\/\/web.facebook.com\/profile.php?id=61559252188416\"]},{\"@type\":\"Person\",\"@id\":\"https:\/\/bobea.net\/#\/schema\/person\/e7f45ef187918d7c956bf619dce90ccf\",\"name\":\"bobea.info\",\"image\":{\"@type\":\"ImageObject\",\"inLanguage\":\"fr-FR\",\"@id\":\"https:\/\/bobea.net\/#\/schema\/person\/image\/\",\"url\":\"https:\/\/secure.gravatar.com\/avatar\/36147980349df887ae30808df3e29474?s=96&d=mm&r=g\",\"contentUrl\":\"https:\/\/secure.gravatar.com\/avatar\/36147980349df887ae30808df3e29474?s=96&d=mm&r=g\",\"caption\":\"bobea.info\"},\"sameAs\":[\"https:\/\/bobea.net\"],\"url\":\"https:\/\/bobea.net\/index.php\/author\/bobea-info\/\"}]}<\/script>\n<!-- \/ Yoast SEO plugin. -->","yoast_head_json":{"title":"Emma Watson \u00e0 Paris : Rencontre Royale, Tensions Diplomatiques et R\u00e9actions Internationales - Bobea","description":"L'ic\u00f4ne internationale Emma Watson, star de\u00a0Harry Potter\u00a0et activiste engag\u00e9e, a r\u00e9cemment fait sensation \u00e0 Paris lors d'un d\u00e9placement","robots":{"index":"index","follow":"follow","max-snippet":"max-snippet:-1","max-image-preview":"max-image-preview:large","max-video-preview":"max-video-preview:-1"},"canonical":"https:\/\/bobea.net\/index.php\/2025\/10\/16\/emma-watson-a-paris-rencontre-royale-tensions-diplomatiques-et-reactions-internationales\/","og_locale":"fr_FR","og_type":"article","og_title":"Emma Watson \u00e0 Paris : Rencontre Royale, Tensions Diplomatiques et R\u00e9actions Internationales - Bobea","og_description":"L'ic\u00f4ne internationale Emma Watson, star de\u00a0Harry Potter\u00a0et activiste engag\u00e9e, a r\u00e9cemment fait sensation \u00e0 Paris lors d'un d\u00e9placement","og_url":"https:\/\/bobea.net\/index.php\/2025\/10\/16\/emma-watson-a-paris-rencontre-royale-tensions-diplomatiques-et-reactions-internationales\/","og_site_name":"Bobea","article_publisher":"https:\/\/web.facebook.com\/profile.php?id=61559252188416","article_published_time":"2025-10-16T20:02:30+00:00","article_modified_time":"2025-10-16T20:02:31+00:00","og_image":[{"width":375,"height":250,"url":"https:\/\/bobea.net\/wp-content\/uploads\/2025\/10\/Emma-Watson_1.jpg","type":"image\/jpeg"}],"author":"bobea.info","twitter_card":"summary_large_image","twitter_misc":{"\u00c9crit par":"bobea.info","Dur\u00e9e de lecture estim\u00e9e":"2 minutes"},"schema":{"@context":"https:\/\/schema.org","@graph":[{"@type":"Article","@id":"https:\/\/bobea.net\/index.php\/2025\/10\/16\/emma-watson-a-paris-rencontre-royale-tensions-diplomatiques-et-reactions-internationales\/#article","isPartOf":{"@id":"https:\/\/bobea.net\/index.php\/2025\/10\/16\/emma-watson-a-paris-rencontre-royale-tensions-diplomatiques-et-reactions-internationales\/"},"author":{"name":"bobea.info","@id":"https:\/\/bobea.net\/#\/schema\/person\/e7f45ef187918d7c956bf619dce90ccf"},"headline":"Emma Watson \u00e0 Paris : Rencontre Royale, Tensions Diplomatiques et R\u00e9actions Internationales","datePublished":"2025-10-16T20:02:30+00:00","dateModified":"2025-10-16T20:02:31+00:00","mainEntityOfPage":{"@id":"https:\/\/bobea.net\/index.php\/2025\/10\/16\/emma-watson-a-paris-rencontre-royale-tensions-diplomatiques-et-reactions-internationales\/"},"wordCount":328,"commentCount":0,"publisher":{"@id":"https:\/\/bobea.net\/#organization"},"image":{"@id":"https:\/\/bobea.net\/index.php\/2025\/10\/16\/emma-watson-a-paris-rencontre-royale-tensions-diplomatiques-et-reactions-internationales\/#primaryimage"},"thumbnailUrl":"https:\/\/bobea.net\/wp-content\/uploads\/2025\/10\/Emma-Watson_1.jpg","articleSection":["Viva"],"inLanguage":"fr-FR","potentialAction":[{"@type":"CommentAction","name":"Comment","target":["https:\/\/bobea.net\/index.php\/2025\/10\/16\/emma-watson-a-paris-rencontre-royale-tensions-diplomatiques-et-reactions-internationales\/#respond"]}]},{"@type":"WebPage","@id":"https:\/\/bobea.net\/index.php\/2025\/10\/16\/emma-watson-a-paris-rencontre-royale-tensions-diplomatiques-et-reactions-internationales\/","url":"https:\/\/bobea.net\/index.php\/2025\/10\/16\/emma-watson-a-paris-rencontre-royale-tensions-diplomatiques-et-reactions-internationales\/","name":"Emma Watson \u00e0 Paris : Rencontre Royale, Tensions Diplomatiques et R\u00e9actions Internationales - Bobea","isPartOf":{"@id":"https:\/\/bobea.net\/#website"},"primaryImageOfPage":{"@id":"https:\/\/bobea.net\/index.php\/2025\/10\/16\/emma-watson-a-paris-rencontre-royale-tensions-diplomatiques-et-reactions-internationales\/#primaryimage"},"image":{"@id":"https:\/\/bobea.net\/index.php\/2025\/10\/16\/emma-watson-a-paris-rencontre-royale-tensions-diplomatiques-et-reactions-internationales\/#primaryimage"},"thumbnailUrl":"https:\/\/bobea.net\/wp-content\/uploads\/2025\/10\/Emma-Watson_1.jpg","datePublished":"2025-10-16T20:02:30+00:00","dateModified":"2025-10-16T20:02:31+00:00","description":"L'ic\u00f4ne internationale Emma Watson, star de\u00a0Harry Potter\u00a0et activiste engag\u00e9e, a r\u00e9cemment fait sensation \u00e0 Paris lors d'un d\u00e9placement","breadcrumb":{"@id":"https:\/\/bobea.net\/index.php\/2025\/10\/16\/emma-watson-a-paris-rencontre-royale-tensions-diplomatiques-et-reactions-internationales\/#breadcrumb"},"inLanguage":"fr-FR","potentialAction":[{"@type":"ReadAction","target":["https:\/\/bobea.net\/index.php\/2025\/10\/16\/emma-watson-a-paris-rencontre-royale-tensions-diplomatiques-et-reactions-internationales\/"]}]},{"@type":"ImageObject","inLanguage":"fr-FR","@id":"https:\/\/bobea.net\/index.php\/2025\/10\/16\/emma-watson-a-paris-rencontre-royale-tensions-diplomatiques-et-reactions-internationales\/#primaryimage","url":"https:\/\/bobea.net\/wp-content\/uploads\/2025\/10\/Emma-Watson_1.jpg","contentUrl":"https:\/\/bobea.net\/wp-content\/uploads\/2025\/10\/Emma-Watson_1.jpg","width":375,"height":250,"caption":"Emma Watson speaks during a conference about gender equality in Paris, France, as part of the G7 summit, on May 10, 2019. Photo by Julie Sebadelha\/ABACAPRESS.COM | 682304_014 Bondy France"},{"@type":"BreadcrumbList","@id":"https:\/\/bobea.net\/index.php\/2025\/10\/16\/emma-watson-a-paris-rencontre-royale-tensions-diplomatiques-et-reactions-internationales\/#breadcrumb","itemListElement":[{"@type":"ListItem","position":1,"name":"Accueil","item":"https:\/\/bobea.net\/"},{"@type":"ListItem","position":2,"name":"Emma Watson \u00e0 Paris : Rencontre Royale, Tensions Diplomatiques et R\u00e9actions Internationales"}]},{"@type":"WebSite","@id":"https:\/\/bobea.net\/#website","url":"https:\/\/bobea.net\/","name":"Bobea","description":"Le magazine de la nouvelle \u00c8ve","publisher":{"@id":"https:\/\/bobea.net\/#organization"},"potentialAction":[{"@type":"SearchAction","target":{"@type":"EntryPoint","urlTemplate":"https:\/\/bobea.net\/?s={search_term_string}"},"query-input":{"@type":"PropertyValueSpecification","valueRequired":true,"valueName":"search_term_string"}}],"inLanguage":"fr-FR"},{"@type":"Organization","@id":"https:\/\/bobea.net\/#organization","name":"Bobea","url":"https:\/\/bobea.net\/","logo":{"@type":"ImageObject","inLanguage":"fr-FR","@id":"https:\/\/bobea.net\/#\/schema\/logo\/image\/","url":"https:\/\/bobea.net\/wp-content\/uploads\/2024\/06\/bobea.jpg","contentUrl":"https:\/\/bobea.net\/wp-content\/uploads\/2024\/06\/bobea.jpg","width":1080,"height":1080,"caption":"Bobea"},"image":{"@id":"https:\/\/bobea.net\/#\/schema\/logo\/image\/"},"sameAs":["https:\/\/web.facebook.com\/profile.php?id=61559252188416"]},{"@type":"Person","@id":"https:\/\/bobea.net\/#\/schema\/person\/e7f45ef187918d7c956bf619dce90ccf","name":"bobea.info","image":{"@type":"ImageObject","inLanguage":"fr-FR","@id":"https:\/\/bobea.net\/#\/schema\/person\/image\/","url":"https:\/\/secure.gravatar.com\/avatar\/36147980349df887ae30808df3e29474?s=96&d=mm&r=g","contentUrl":"https:\/\/secure.gravatar.com\/avatar\/36147980349df887ae30808df3e29474?s=96&d=mm&r=g","caption":"bobea.info"},"sameAs":["https:\/\/bobea.net"],"url":"https:\/\/bobea.net\/index.php\/author\/bobea-info\/"}]}},"_links":{"self":[{"href":"https:\/\/bobea.net\/index.php\/wp-json\/wp\/v2\/posts\/25819"}],"collection":[{"href":"https:\/\/bobea.net\/index.php\/wp-json\/wp\/v2\/posts"}],"about":[{"href":"https:\/\/bobea.net\/index.php\/wp-json\/wp\/v2\/types\/post"}],"author":[{"embeddable":true,"href":"https:\/\/bobea.net\/index.php\/wp-json\/wp\/v2\/users\/1"}],"replies":[{"embeddable":true,"href":"https:\/\/bobea.net\/index.php\/wp-json\/wp\/v2\/comments?post=25819"}],"version-history":[{"count":1,"href":"https:\/\/bobea.net\/index.php\/wp-json\/wp\/v2\/posts\/25819\/revisions"}],"predecessor-version":[{"id":25822,"href":"https:\/\/bobea.net\/index.php\/wp-json\/wp\/v2\/posts\/25819\/revisions\/25822"}],"wp:featuredmedia":[{"embeddable":true,"href":"https:\/\/bobea.net\/index.php\/wp-json\/wp\/v2\/media\/25820"}],"wp:attachment":[{"href":"https:\/\/bobea.net\/index.php\/wp-json\/wp\/v2\/media?parent=25819"}],"wp:term":[{"taxonomy":"category","embeddable":true,"href":"https:\/\/bobea.net\/index.php\/wp-json\/wp\/v2\/categories?post=25819"},{"taxonomy":"post_tag","embeddable":true,"href":"https:\/\/bobea.net\/index.php\/wp-json\/wp\/v2\/tags?post=25819"}],"curies":[{"name":"wp","href":"https:\/\/api.w.org\/{rel}","templated":true}]}}