{"id":25803,"date":"2025-10-16T13:18:03","date_gmt":"2025-10-16T13:18:03","guid":{"rendered":"https:\/\/bobea.net\/?p=25803"},"modified":"2025-10-16T13:18:04","modified_gmt":"2025-10-16T13:18:04","slug":"vanessa-paradis-rencontre-intime-dans-son-appartement-secret-au-coeur-de-paris","status":"publish","type":"post","link":"https:\/\/bobea.net\/index.php\/2025\/10\/16\/vanessa-paradis-rencontre-intime-dans-son-appartement-secret-au-coeur-de-paris\/","title":{"rendered":"Vanessa Paradis : Rencontre Intime dans Son Appartement Secret au C\u0153ur de Paris"},"content":{"rendered":"\n<p><strong>Un Por\u00adtrait Exclusif de la Star Dis\u00adcr\u00e8te<\/strong><\/p>\n\n\n\n<p>Vanes\u00adsa Par\u00adadis, ic\u00f4ne inter\u00adna\u00adtionale de la chan\u00adson et du cin\u00e9\u00adma, a accep\u00adt\u00e9 de d\u00e9voil\u00ader une facette rarement acces\u00adsi\u00adble de sa vie : son apparte\u00adment secret, nich\u00e9 au c\u0153ur de Paris. Cette r\u00e9si\u00addence intime, refuge loin des pro\u00adjecteurs, est le th\u00e9\u00e2tre d\u2019une vie priv\u00e9e pr\u00e9serv\u00e9e, o\u00f9 l\u2019artiste cul\u00adtive la paix, l\u2019in\u00adspi\u00adra\u00adtion et la cr\u00e9a\u00adtiv\u00adit\u00e9.<\/p>\n\n\n\n<p>Con\u00adnu pour son \u00e9l\u00e9\u00adgance naturelle et son car\u00adac\u00adt\u00e8re dis\u00adcret, Vanes\u00adsa invite ain\u00adsi ses admi\u00adra\u00adteurs et le pub\u00adlic \u00e0 d\u00e9cou\u00advrir son sanc\u00adtu\u00adaire per\u00adson\u00adnel, un lieu o\u00f9 chaque \u00e9l\u00e9\u00adment respire l\u2019his\u00adtoire, la ten\u00addresse et le go\u00fbt pour l\u2019art. Dans cet \u00e9crin parisien, entre antiq\u00adui\u00adt\u00e9s raf\u00adfin\u00e9es et touch\u00ades con\u00adtem\u00adpo\u00adraines, la star trou\u00adve un \u00e9quili\u00adbre pr\u00e9\u00adcieux entre vie publique intense et moments de retraite.<\/p>\n\n\n\n<p><strong>Une Vie entre Sc\u00e8ne et S\u00e9r\u00e9nit\u00e9<\/strong><\/p>\n\n\n\n<p>Ce lieu rare refl\u00e8te le par\u00adcours lumineux de Vanes\u00adsa Par\u00adadis, ic\u00f4ne fran\u00e7aise adul\u00e9e depuis les ann\u00e9es 1980. Apr\u00e8s une car\u00adri\u00e8re jalon\u00adn\u00e9e de suc\u00adc\u00e8s musi\u00adcaux et cin\u00e9\u00admatographiques, Vanes\u00adsa reste fid\u00e8le \u00e0 elle-m\u00eame : authen\u00adtique, attach\u00e9e \u00e0 ses racines et \u00e0 sa famille. Son apparte\u00adment, situ\u00e9 dans un quarti\u00ader his\u00adtorique de la cap\u00adi\u00adtale, est pro\u00adt\u00e9i\u00adforme. Il offre un havre o\u00f9 l\u2019artiste peut se ressourcer, tra\u00advailler ses textes ou s\u2019adon\u00adner \u00e0 la pein\u00adture, autre pas\u00adsion moins con\u00adnue du grand pub\u00adlic.<\/p>\n\n\n\n<p>La d\u00e9co\u00adra\u00adtion m\u00eale har\u00admonieuse\u00adment objets fam\u00adi\u00adliers et \u0153uvres con\u00adtem\u00adpo\u00adraines, t\u00e9moignant de la sen\u00adsi\u00adbil\u00adit\u00e9 artiste de Vanes\u00adsa, qui aime entour\u00ader son espace de cr\u00e9a\u00adtiv\u00adit\u00e9 d\u2019\u00e9l\u00e9\u00adments stim\u00adu\u00adlants et apaisants. Ce cocon per\u00adson\u00adnel sert ain\u00adsi de base \u00e0 une vie o\u00f9 la sc\u00e8ne, les tourn\u00e9es, et la vie famil\u00adiale cohab\u00aditent en par\u00adfaite sym\u00adbiose.<\/p>\n\n\n\n<figure class=\"wp-block-image size-large\"><img loading=\"lazy\" decoding=\"async\" width=\"1024\" height=\"576\" src=\"https:\/\/bobea.net\/wp-content\/uploads\/2025\/10\/image-2-1024x576.png\" alt class=\"wp-image-25805\" srcset=\"https:\/\/bobea.net\/wp-content\/uploads\/2025\/10\/image-2-1024x576.png 1024w, https:\/\/bobea.net\/wp-content\/uploads\/2025\/10\/image-2-300x169.png 300w, https:\/\/bobea.net\/wp-content\/uploads\/2025\/10\/image-2-768x432.png 768w, https:\/\/bobea.net\/wp-content\/uploads\/2025\/10\/image-2.png 1280w\" sizes=\"(max-width: 1024px) 100vw, 1024px\"><\/figure>\n\n\n\n<p><\/p>\n\n\n\n<p><strong>L\u2019In\u00adtim\u00adit\u00e9 Pr\u00e9serv\u00e9e d\u2019une \u00c9toile au Charisme Unique<\/strong><\/p>\n\n\n\n<p>Ce reportage exclusif dans l\u2019in\u00adtim\u00adit\u00e9 de Vanes\u00adsa Par\u00adadis r\u00e9v\u00e8le aus\u00adsi sa volon\u00adt\u00e9 de pro\u00adt\u00e9ger sa sph\u00e8re priv\u00e9e face \u00e0 la c\u00e9l\u00e9brit\u00e9. La star pr\u00e9f\u00e8re cul\u00adtiv\u00ader une image sim\u00adple et humaine, loin des clich\u00e9s sou\u00advent asso\u00adci\u00e9s au star sys\u00adtem. Sa dis\u00adcr\u00e9\u00adtion est volon\u00adtaire, choisie avec rigueur, pour pr\u00e9serv\u00ader son \u00e9quili\u00adbre \u00e9mo\u00adtion\u00adnel et celui de ses proches.<\/p>\n\n\n\n<p>Elle y parvient en main\u00adtenant une s\u00e9pa\u00adra\u00adtion nette entre vie pro\u00adfes\u00adsion\u00adnelle intense et moments per\u00adson\u00adnels, c\u00e9l\u00e9brant ain\u00adsi l\u2019im\u00adpor\u00adtance des racines et de la famille dans son exis\u00adtence. Vanes\u00adsa demeure une fig\u00adure d\u2019\u00e9l\u00e9\u00adgance et de mys\u00adt\u00e8re, cap\u00adti\u00advante non seule\u00adment par son tal\u00adent, mais aus\u00adsi par son style de vie har\u00admonieux et r\u00e9fl\u00e9chi.<\/p>\n\n\n\n<p><strong>Un Lieu Qui Inspire et Fascine<\/strong><\/p>\n\n\n\n<p>L\u2019ap\u00adparte\u00adment parisien de Vanes\u00adsa Par\u00adadis fascine par son ambiance unique, \u00e0 la fois chaleureuse et artis\u00adtique. Ce retour \u00e0 des valeurs sim\u00adples, \u00e0 l\u2019au\u00adthen\u00adtic\u00adit\u00e9, fait \u00e9cho aux engage\u00adments per\u00adson\u00adnels de l\u2019artiste, sen\u00adsi\u00adble \u00e0 la beaut\u00e9 sous toutes ses formes mais aus\u00adsi \u00e0 la sim\u00adplic\u00adit\u00e9 et \u00e0 la paix int\u00e9rieure.<\/p>\n\n\n\n<p>Cette d\u00e9cou\u00adverte rare donne aux fans une autre dimen\u00adsion \u00e0 cette femme excep\u00adtion\u00adnelle, entre muse et artiste accom\u00adplie, iden\u00adti\u00adfi\u00adable par sa voix mais aus\u00adsi par son authen\u00adtic\u00adit\u00e9.<\/p>\n","protected":false},"excerpt":{"rendered":"<p>Un Por\u00adtrait Exclusif de la Star Dis\u00adcr\u00e8te Vanes\u00adsa Par\u00adadis, ic\u00f4ne inter\u00adna\u00adtionale de la chan\u00adson et du cin\u00e9\u00adma, a accep\u00adt\u00e9 de d\u00e9voil\u00ader une facette rarement acces\u00adsi\u00adble de sa vie : son\u2026 <\/p>\n","protected":false},"author":1,"featured_media":25804,"comment_status":"open","ping_status":"closed","sticky":false,"template":"","format":"standard","meta":{"wp_typography_post_enhancements_disabled":false,"footnotes":""},"categories":[83],"tags":[],"class_list":["post-25803","post","type-post","status-publish","format-standard","has-post-thumbnail","hentry","category-dreams-people"],"yoast_head":"<!-- This site is optimized with the Yoast SEO plugin v24.7 - https:\/\/yoast.com\/wordpress\/plugins\/seo\/ -->\n<title>Vanessa Paradis : Rencontre Intime dans Son Appartement Secret au C\u0153ur de Paris - Bobea<\/title>\n<meta name=\"robots\" content=\"index, follow, max-snippet:-1, max-image-preview:large, max-video-preview:-1\" \/>\n<link rel=\"canonical\" href=\"https:\/\/bobea.net\/index.php\/2025\/10\/16\/vanessa-paradis-rencontre-intime-dans-son-appartement-secret-au-coeur-de-paris\/\" \/>\n<meta property=\"og:locale\" content=\"fr_FR\" \/>\n<meta property=\"og:type\" content=\"article\" \/>\n<meta property=\"og:title\" content=\"Vanessa Paradis : Rencontre Intime dans Son Appartement Secret au C\u0153ur de Paris - Bobea\" \/>\n<meta property=\"og:description\" content=\"Un Por\u00adtrait Exclusif de la Star Dis\u00adcr\u00e8te Vanes\u00adsa Par\u00adadis, ic\u00f4ne inter\u00adna\u00adtionale de la chan\u00adson et du cin\u00e9\u00adma, a accep\u00adt\u00e9 de d\u00e9voil\u00ader une facette rarement acces\u00adsi\u00adble de sa vie : son&hellip;\" \/>\n<meta property=\"og:url\" content=\"https:\/\/bobea.net\/index.php\/2025\/10\/16\/vanessa-paradis-rencontre-intime-dans-son-appartement-secret-au-coeur-de-paris\/\" \/>\n<meta property=\"og:site_name\" content=\"Bobea\" \/>\n<meta property=\"article:publisher\" content=\"https:\/\/web.facebook.com\/profile.php?id=61559252188416\" \/>\n<meta property=\"article:published_time\" content=\"2025-10-16T13:18:03+00:00\" \/>\n<meta property=\"article:modified_time\" content=\"2025-10-16T13:18:04+00:00\" \/>\n<meta property=\"og:image\" content=\"https:\/\/bobea.net\/wp-content\/uploads\/2025\/10\/e08ff09a1a895cb5910364b03a9b4694.webp\" \/>\n\t<meta property=\"og:image:width\" content=\"896\" \/>\n\t<meta property=\"og:image:height\" content=\"504\" \/>\n\t<meta property=\"og:image:type\" content=\"image\/webp\" \/>\n<meta name=\"author\" content=\"bobea.info\" \/>\n<meta name=\"twitter:card\" content=\"summary_large_image\" \/>\n<meta name=\"twitter:label1\" content=\"\u00c9crit par\" \/>\n\t<meta name=\"twitter:data1\" content=\"bobea.info\" \/>\n\t<meta name=\"twitter:label2\" content=\"Dur\u00e9e de lecture estim\u00e9e\" \/>\n\t<meta name=\"twitter:data2\" content=\"3 minutes\" \/>\n<script type=\"application\/ld+json\" class=\"yoast-schema-graph\">{\"@context\":\"https:\/\/schema.org\",\"@graph\":[{\"@type\":\"Article\",\"@id\":\"https:\/\/bobea.net\/index.php\/2025\/10\/16\/vanessa-paradis-rencontre-intime-dans-son-appartement-secret-au-coeur-de-paris\/#article\",\"isPartOf\":{\"@id\":\"https:\/\/bobea.net\/index.php\/2025\/10\/16\/vanessa-paradis-rencontre-intime-dans-son-appartement-secret-au-coeur-de-paris\/\"},\"author\":{\"name\":\"bobea.info\",\"@id\":\"https:\/\/bobea.net\/#\/schema\/person\/e7f45ef187918d7c956bf619dce90ccf\"},\"headline\":\"Vanessa Paradis : Rencontre Intime dans Son Appartement Secret au C\u0153ur de Paris\",\"datePublished\":\"2025-10-16T13:18:03+00:00\",\"dateModified\":\"2025-10-16T13:18:04+00:00\",\"mainEntityOfPage\":{\"@id\":\"https:\/\/bobea.net\/index.php\/2025\/10\/16\/vanessa-paradis-rencontre-intime-dans-son-appartement-secret-au-coeur-de-paris\/\"},\"wordCount\":527,\"commentCount\":0,\"publisher\":{\"@id\":\"https:\/\/bobea.net\/#organization\"},\"image\":{\"@id\":\"https:\/\/bobea.net\/index.php\/2025\/10\/16\/vanessa-paradis-rencontre-intime-dans-son-appartement-secret-au-coeur-de-paris\/#primaryimage\"},\"thumbnailUrl\":\"https:\/\/bobea.net\/wp-content\/uploads\/2025\/10\/e08ff09a1a895cb5910364b03a9b4694.webp\",\"articleSection\":[\"Dreams People\"],\"inLanguage\":\"fr-FR\",\"potentialAction\":[{\"@type\":\"CommentAction\",\"name\":\"Comment\",\"target\":[\"https:\/\/bobea.net\/index.php\/2025\/10\/16\/vanessa-paradis-rencontre-intime-dans-son-appartement-secret-au-coeur-de-paris\/#respond\"]}]},{\"@type\":\"WebPage\",\"@id\":\"https:\/\/bobea.net\/index.php\/2025\/10\/16\/vanessa-paradis-rencontre-intime-dans-son-appartement-secret-au-coeur-de-paris\/\",\"url\":\"https:\/\/bobea.net\/index.php\/2025\/10\/16\/vanessa-paradis-rencontre-intime-dans-son-appartement-secret-au-coeur-de-paris\/\",\"name\":\"Vanessa Paradis : Rencontre Intime dans Son Appartement Secret au C\u0153ur de Paris - Bobea\",\"isPartOf\":{\"@id\":\"https:\/\/bobea.net\/#website\"},\"primaryImageOfPage\":{\"@id\":\"https:\/\/bobea.net\/index.php\/2025\/10\/16\/vanessa-paradis-rencontre-intime-dans-son-appartement-secret-au-coeur-de-paris\/#primaryimage\"},\"image\":{\"@id\":\"https:\/\/bobea.net\/index.php\/2025\/10\/16\/vanessa-paradis-rencontre-intime-dans-son-appartement-secret-au-coeur-de-paris\/#primaryimage\"},\"thumbnailUrl\":\"https:\/\/bobea.net\/wp-content\/uploads\/2025\/10\/e08ff09a1a895cb5910364b03a9b4694.webp\",\"datePublished\":\"2025-10-16T13:18:03+00:00\",\"dateModified\":\"2025-10-16T13:18:04+00:00\",\"breadcrumb\":{\"@id\":\"https:\/\/bobea.net\/index.php\/2025\/10\/16\/vanessa-paradis-rencontre-intime-dans-son-appartement-secret-au-coeur-de-paris\/#breadcrumb\"},\"inLanguage\":\"fr-FR\",\"potentialAction\":[{\"@type\":\"ReadAction\",\"target\":[\"https:\/\/bobea.net\/index.php\/2025\/10\/16\/vanessa-paradis-rencontre-intime-dans-son-appartement-secret-au-coeur-de-paris\/\"]}]},{\"@type\":\"ImageObject\",\"inLanguage\":\"fr-FR\",\"@id\":\"https:\/\/bobea.net\/index.php\/2025\/10\/16\/vanessa-paradis-rencontre-intime-dans-son-appartement-secret-au-coeur-de-paris\/#primaryimage\",\"url\":\"https:\/\/bobea.net\/wp-content\/uploads\/2025\/10\/e08ff09a1a895cb5910364b03a9b4694.webp\",\"contentUrl\":\"https:\/\/bobea.net\/wp-content\/uploads\/2025\/10\/e08ff09a1a895cb5910364b03a9b4694.webp\",\"width\":896,\"height\":504},{\"@type\":\"BreadcrumbList\",\"@id\":\"https:\/\/bobea.net\/index.php\/2025\/10\/16\/vanessa-paradis-rencontre-intime-dans-son-appartement-secret-au-coeur-de-paris\/#breadcrumb\",\"itemListElement\":[{\"@type\":\"ListItem\",\"position\":1,\"name\":\"Accueil\",\"item\":\"https:\/\/bobea.net\/\"},{\"@type\":\"ListItem\",\"position\":2,\"name\":\"Vanessa Paradis : Rencontre Intime dans Son Appartement Secret au C\u0153ur de Paris\"}]},{\"@type\":\"WebSite\",\"@id\":\"https:\/\/bobea.net\/#website\",\"url\":\"https:\/\/bobea.net\/\",\"name\":\"Bobea\",\"description\":\"Le magazine de la nouvelle \u00c8ve\",\"publisher\":{\"@id\":\"https:\/\/bobea.net\/#organization\"},\"potentialAction\":[{\"@type\":\"SearchAction\",\"target\":{\"@type\":\"EntryPoint\",\"urlTemplate\":\"https:\/\/bobea.net\/?s={search_term_string}\"},\"query-input\":{\"@type\":\"PropertyValueSpecification\",\"valueRequired\":true,\"valueName\":\"search_term_string\"}}],\"inLanguage\":\"fr-FR\"},{\"@type\":\"Organization\",\"@id\":\"https:\/\/bobea.net\/#organization\",\"name\":\"Bobea\",\"url\":\"https:\/\/bobea.net\/\",\"logo\":{\"@type\":\"ImageObject\",\"inLanguage\":\"fr-FR\",\"@id\":\"https:\/\/bobea.net\/#\/schema\/logo\/image\/\",\"url\":\"https:\/\/bobea.net\/wp-content\/uploads\/2024\/06\/bobea.jpg\",\"contentUrl\":\"https:\/\/bobea.net\/wp-content\/uploads\/2024\/06\/bobea.jpg\",\"width\":1080,\"height\":1080,\"caption\":\"Bobea\"},\"image\":{\"@id\":\"https:\/\/bobea.net\/#\/schema\/logo\/image\/\"},\"sameAs\":[\"https:\/\/web.facebook.com\/profile.php?id=61559252188416\"]},{\"@type\":\"Person\",\"@id\":\"https:\/\/bobea.net\/#\/schema\/person\/e7f45ef187918d7c956bf619dce90ccf\",\"name\":\"bobea.info\",\"image\":{\"@type\":\"ImageObject\",\"inLanguage\":\"fr-FR\",\"@id\":\"https:\/\/bobea.net\/#\/schema\/person\/image\/\",\"url\":\"https:\/\/secure.gravatar.com\/avatar\/36147980349df887ae30808df3e29474?s=96&d=mm&r=g\",\"contentUrl\":\"https:\/\/secure.gravatar.com\/avatar\/36147980349df887ae30808df3e29474?s=96&d=mm&r=g\",\"caption\":\"bobea.info\"},\"sameAs\":[\"https:\/\/bobea.net\"],\"url\":\"https:\/\/bobea.net\/index.php\/author\/bobea-info\/\"}]}<\/script>\n<!-- \/ Yoast SEO plugin. -->","yoast_head_json":{"title":"Vanessa Paradis : Rencontre Intime dans Son Appartement Secret au C\u0153ur de Paris - Bobea","robots":{"index":"index","follow":"follow","max-snippet":"max-snippet:-1","max-image-preview":"max-image-preview:large","max-video-preview":"max-video-preview:-1"},"canonical":"https:\/\/bobea.net\/index.php\/2025\/10\/16\/vanessa-paradis-rencontre-intime-dans-son-appartement-secret-au-coeur-de-paris\/","og_locale":"fr_FR","og_type":"article","og_title":"Vanessa Paradis : Rencontre Intime dans Son Appartement Secret au C\u0153ur de Paris - Bobea","og_description":"Un Por\u00adtrait Exclusif de la Star Dis\u00adcr\u00e8te Vanes\u00adsa Par\u00adadis, ic\u00f4ne inter\u00adna\u00adtionale de la chan\u00adson et du cin\u00e9\u00adma, a accep\u00adt\u00e9 de d\u00e9voil\u00ader une facette rarement acces\u00adsi\u00adble de sa vie : son&hellip;","og_url":"https:\/\/bobea.net\/index.php\/2025\/10\/16\/vanessa-paradis-rencontre-intime-dans-son-appartement-secret-au-coeur-de-paris\/","og_site_name":"Bobea","article_publisher":"https:\/\/web.facebook.com\/profile.php?id=61559252188416","article_published_time":"2025-10-16T13:18:03+00:00","article_modified_time":"2025-10-16T13:18:04+00:00","og_image":[{"width":896,"height":504,"url":"https:\/\/bobea.net\/wp-content\/uploads\/2025\/10\/e08ff09a1a895cb5910364b03a9b4694.webp","type":"image\/webp"}],"author":"bobea.info","twitter_card":"summary_large_image","twitter_misc":{"\u00c9crit par":"bobea.info","Dur\u00e9e de lecture estim\u00e9e":"3 minutes"},"schema":{"@context":"https:\/\/schema.org","@graph":[{"@type":"Article","@id":"https:\/\/bobea.net\/index.php\/2025\/10\/16\/vanessa-paradis-rencontre-intime-dans-son-appartement-secret-au-coeur-de-paris\/#article","isPartOf":{"@id":"https:\/\/bobea.net\/index.php\/2025\/10\/16\/vanessa-paradis-rencontre-intime-dans-son-appartement-secret-au-coeur-de-paris\/"},"author":{"name":"bobea.info","@id":"https:\/\/bobea.net\/#\/schema\/person\/e7f45ef187918d7c956bf619dce90ccf"},"headline":"Vanessa Paradis : Rencontre Intime dans Son Appartement Secret au C\u0153ur de Paris","datePublished":"2025-10-16T13:18:03+00:00","dateModified":"2025-10-16T13:18:04+00:00","mainEntityOfPage":{"@id":"https:\/\/bobea.net\/index.php\/2025\/10\/16\/vanessa-paradis-rencontre-intime-dans-son-appartement-secret-au-coeur-de-paris\/"},"wordCount":527,"commentCount":0,"publisher":{"@id":"https:\/\/bobea.net\/#organization"},"image":{"@id":"https:\/\/bobea.net\/index.php\/2025\/10\/16\/vanessa-paradis-rencontre-intime-dans-son-appartement-secret-au-coeur-de-paris\/#primaryimage"},"thumbnailUrl":"https:\/\/bobea.net\/wp-content\/uploads\/2025\/10\/e08ff09a1a895cb5910364b03a9b4694.webp","articleSection":["Dreams People"],"inLanguage":"fr-FR","potentialAction":[{"@type":"CommentAction","name":"Comment","target":["https:\/\/bobea.net\/index.php\/2025\/10\/16\/vanessa-paradis-rencontre-intime-dans-son-appartement-secret-au-coeur-de-paris\/#respond"]}]},{"@type":"WebPage","@id":"https:\/\/bobea.net\/index.php\/2025\/10\/16\/vanessa-paradis-rencontre-intime-dans-son-appartement-secret-au-coeur-de-paris\/","url":"https:\/\/bobea.net\/index.php\/2025\/10\/16\/vanessa-paradis-rencontre-intime-dans-son-appartement-secret-au-coeur-de-paris\/","name":"Vanessa Paradis : Rencontre Intime dans Son Appartement Secret au C\u0153ur de Paris - Bobea","isPartOf":{"@id":"https:\/\/bobea.net\/#website"},"primaryImageOfPage":{"@id":"https:\/\/bobea.net\/index.php\/2025\/10\/16\/vanessa-paradis-rencontre-intime-dans-son-appartement-secret-au-coeur-de-paris\/#primaryimage"},"image":{"@id":"https:\/\/bobea.net\/index.php\/2025\/10\/16\/vanessa-paradis-rencontre-intime-dans-son-appartement-secret-au-coeur-de-paris\/#primaryimage"},"thumbnailUrl":"https:\/\/bobea.net\/wp-content\/uploads\/2025\/10\/e08ff09a1a895cb5910364b03a9b4694.webp","datePublished":"2025-10-16T13:18:03+00:00","dateModified":"2025-10-16T13:18:04+00:00","breadcrumb":{"@id":"https:\/\/bobea.net\/index.php\/2025\/10\/16\/vanessa-paradis-rencontre-intime-dans-son-appartement-secret-au-coeur-de-paris\/#breadcrumb"},"inLanguage":"fr-FR","potentialAction":[{"@type":"ReadAction","target":["https:\/\/bobea.net\/index.php\/2025\/10\/16\/vanessa-paradis-rencontre-intime-dans-son-appartement-secret-au-coeur-de-paris\/"]}]},{"@type":"ImageObject","inLanguage":"fr-FR","@id":"https:\/\/bobea.net\/index.php\/2025\/10\/16\/vanessa-paradis-rencontre-intime-dans-son-appartement-secret-au-coeur-de-paris\/#primaryimage","url":"https:\/\/bobea.net\/wp-content\/uploads\/2025\/10\/e08ff09a1a895cb5910364b03a9b4694.webp","contentUrl":"https:\/\/bobea.net\/wp-content\/uploads\/2025\/10\/e08ff09a1a895cb5910364b03a9b4694.webp","width":896,"height":504},{"@type":"BreadcrumbList","@id":"https:\/\/bobea.net\/index.php\/2025\/10\/16\/vanessa-paradis-rencontre-intime-dans-son-appartement-secret-au-coeur-de-paris\/#breadcrumb","itemListElement":[{"@type":"ListItem","position":1,"name":"Accueil","item":"https:\/\/bobea.net\/"},{"@type":"ListItem","position":2,"name":"Vanessa Paradis : Rencontre Intime dans Son Appartement Secret au C\u0153ur de Paris"}]},{"@type":"WebSite","@id":"https:\/\/bobea.net\/#website","url":"https:\/\/bobea.net\/","name":"Bobea","description":"Le magazine de la nouvelle \u00c8ve","publisher":{"@id":"https:\/\/bobea.net\/#organization"},"potentialAction":[{"@type":"SearchAction","target":{"@type":"EntryPoint","urlTemplate":"https:\/\/bobea.net\/?s={search_term_string}"},"query-input":{"@type":"PropertyValueSpecification","valueRequired":true,"valueName":"search_term_string"}}],"inLanguage":"fr-FR"},{"@type":"Organization","@id":"https:\/\/bobea.net\/#organization","name":"Bobea","url":"https:\/\/bobea.net\/","logo":{"@type":"ImageObject","inLanguage":"fr-FR","@id":"https:\/\/bobea.net\/#\/schema\/logo\/image\/","url":"https:\/\/bobea.net\/wp-content\/uploads\/2024\/06\/bobea.jpg","contentUrl":"https:\/\/bobea.net\/wp-content\/uploads\/2024\/06\/bobea.jpg","width":1080,"height":1080,"caption":"Bobea"},"image":{"@id":"https:\/\/bobea.net\/#\/schema\/logo\/image\/"},"sameAs":["https:\/\/web.facebook.com\/profile.php?id=61559252188416"]},{"@type":"Person","@id":"https:\/\/bobea.net\/#\/schema\/person\/e7f45ef187918d7c956bf619dce90ccf","name":"bobea.info","image":{"@type":"ImageObject","inLanguage":"fr-FR","@id":"https:\/\/bobea.net\/#\/schema\/person\/image\/","url":"https:\/\/secure.gravatar.com\/avatar\/36147980349df887ae30808df3e29474?s=96&d=mm&r=g","contentUrl":"https:\/\/secure.gravatar.com\/avatar\/36147980349df887ae30808df3e29474?s=96&d=mm&r=g","caption":"bobea.info"},"sameAs":["https:\/\/bobea.net"],"url":"https:\/\/bobea.net\/index.php\/author\/bobea-info\/"}]}},"_links":{"self":[{"href":"https:\/\/bobea.net\/index.php\/wp-json\/wp\/v2\/posts\/25803"}],"collection":[{"href":"https:\/\/bobea.net\/index.php\/wp-json\/wp\/v2\/posts"}],"about":[{"href":"https:\/\/bobea.net\/index.php\/wp-json\/wp\/v2\/types\/post"}],"author":[{"embeddable":true,"href":"https:\/\/bobea.net\/index.php\/wp-json\/wp\/v2\/users\/1"}],"replies":[{"embeddable":true,"href":"https:\/\/bobea.net\/index.php\/wp-json\/wp\/v2\/comments?post=25803"}],"version-history":[{"count":1,"href":"https:\/\/bobea.net\/index.php\/wp-json\/wp\/v2\/posts\/25803\/revisions"}],"predecessor-version":[{"id":25806,"href":"https:\/\/bobea.net\/index.php\/wp-json\/wp\/v2\/posts\/25803\/revisions\/25806"}],"wp:featuredmedia":[{"embeddable":true,"href":"https:\/\/bobea.net\/index.php\/wp-json\/wp\/v2\/media\/25804"}],"wp:attachment":[{"href":"https:\/\/bobea.net\/index.php\/wp-json\/wp\/v2\/media?parent=25803"}],"wp:term":[{"taxonomy":"category","embeddable":true,"href":"https:\/\/bobea.net\/index.php\/wp-json\/wp\/v2\/categories?post=25803"},{"taxonomy":"post_tag","embeddable":true,"href":"https:\/\/bobea.net\/index.php\/wp-json\/wp\/v2\/tags?post=25803"}],"curies":[{"name":"wp","href":"https:\/\/api.w.org\/{rel}","templated":true}]}}