{"id":25779,"date":"2025-10-16T12:55:43","date_gmt":"2025-10-16T12:55:43","guid":{"rendered":"https:\/\/bobea.net\/?p=25779"},"modified":"2025-10-16T12:55:44","modified_gmt":"2025-10-16T12:55:44","slug":"jean-rene-godart-voix-mythique-du-tour-de-france-seteint-a-74-ans-hommage-a-une-legende","status":"publish","type":"post","link":"https:\/\/bobea.net\/index.php\/2025\/10\/16\/jean-rene-godart-voix-mythique-du-tour-de-france-seteint-a-74-ans-hommage-a-une-legende\/","title":{"rendered":"Jean-Ren\u00e9 Godart, voix mythique du Tour de France, s\u2019\u00e9teint \u00e0 74 ans : hommage \u00e0 une l\u00e9gende"},"content":{"rendered":"\n<p>C\u2019est avec une \u00e9mo\u00adtion pro\u00adfonde que s\u2019est \u00e9teinte Jean-Ren\u00e9 Godart, la voix embl\u00e9\u00adma\u00adtique du Tour de France. \u00c0 74 ans, ce jour\u00adnal\u00adiste sportif d\u2019ex\u00adcep\u00adtion laisse der\u00adri\u00e8re lui un h\u00e9ritage immuable, mar\u00adqu\u00e9 par sa pas\u00adsion, sa cul\u00adture et son impli\u00adca\u00adtion au sport cycliste. Pen\u00addant plus de 40 ans, il a incar\u00adn\u00e9 la m\u00e9moire sonore de la plus grande course cycliste au monde, offrant \u00e0 ses g\u00e9n\u00e9ra\u00adtions de fans des com\u00admen\u00adtaires \u00e0 la fois pr\u00e9\u00adcis, po\u00e9\u00adtiques et charg\u00e9s d\u2019\u00e9\u00admo\u00adtion.<\/p>\n\n\n\n<p>Jean-Ren\u00e9 Godart n\u2019\u00e9\u00adtait pas seule\u00adment un sim\u00adple com\u00admen\u00adta\u00adteur, il \u00e9tait un v\u00e9ri\u00adta\u00adble con\u00adteur, un sp\u00e9\u00adcial\u00adiste qui savait ren\u00addre vivant chaque col, chaque descente, chaque effort de ces ath\u00adl\u00e8tes hors normes. Son r\u00f4le d\u00e9pas\u00adsait celui de sim\u00adple nar\u00adra\u00adteur, il \u00e9tait, aux yeux des pas\u00adsion\u00adn\u00e9s du cyclisme, une l\u00e9gende vivante et un rep\u00e8re majeur. Son tal\u00adent pour capter l\u2019in\u00adten\u00adsit\u00e9 des moments forts a trans\u00adfor\u00adm\u00e9 chaque \u00e9tape en un v\u00e9ri\u00adta\u00adble spec\u00adta\u00adcle radio\u00adphonique, cap\u00adti\u00advant et inspi\u00adrant ses audi\u00adteurs.<\/p>\n\n\n\n<p>Au fil des ann\u00e9es, sa voix est dev\u00adenue un \u00e9l\u00e9\u00adment indis\u00adso\u00adcia\u00adble de l\u2019ex\u00adp\u00e9ri\u00adence du Tour de France. Son tra\u00advail n\u2019\u00e9\u00adtait pas lim\u00adit\u00e9 \u00e0 la retrans\u00admis\u00adsion ; il \u00e9tait un ambas\u00adsadeur du sport, un pas\u00adsion\u00adn\u00e9 qui a accom\u00adpa\u00adg\u00adn\u00e9 des g\u00e9n\u00e9ra\u00adtions enti\u00e8res \u00e0 la d\u00e9cou\u00adverte des exploits de l\u00e9gende. La rigueur de son analyse et la clart\u00e9 de ses expli\u00adca\u00adtions ont fait de Jean-Ren\u00e9 Godart une r\u00e9f\u00e9rence incon\u00adtourn\u00adable dans le jour\u00adnal\u00adisme sportif.<\/p>\n\n\n\n<figure class=\"wp-block-image size-large\"><img loading=\"lazy\" decoding=\"async\" width=\"1024\" height=\"600\" src=\"https:\/\/bobea.net\/wp-content\/uploads\/2025\/10\/4608106-jean-rene-godart-1200x0-2-1024x600.webp\" alt class=\"wp-image-25781\" srcset=\"https:\/\/bobea.net\/wp-content\/uploads\/2025\/10\/4608106-jean-rene-godart-1200x0-2-1024x600.webp 1024w, https:\/\/bobea.net\/wp-content\/uploads\/2025\/10\/4608106-jean-rene-godart-1200x0-2-300x176.webp 300w, https:\/\/bobea.net\/wp-content\/uploads\/2025\/10\/4608106-jean-rene-godart-1200x0-2-768x450.webp 768w, https:\/\/bobea.net\/wp-content\/uploads\/2025\/10\/4608106-jean-rene-godart-1200x0-2.webp 1200w\" sizes=\"(max-width: 1024px) 100vw, 1024px\"><\/figure>\n\n\n\n<p>Son impact d\u00e9passe la sph\u00e8re sportive. Il a inspir\u00e9 de nom\u00adbreux jeunes jour\u00adnal\u00adistes, ani\u00adm\u00e9 des \u00e9mis\u00adsions cul\u00adturelles sur le sport, et con\u00adtribu\u00e9 \u00e0 l\u2019es\u00adsor du cyclisme en France et \u00e0 l\u2019\u00e9\u00adtranger. Son human\u00adisme, sa capac\u00adit\u00e9 d\u2019\u00e9\u00adcoute et son ent\u00adhou\u00adsi\u00adasme sinc\u00e8re ont accom\u00adpa\u00adg\u00adn\u00e9 ses pris\u00ades de parole, don\u00adnant \u00e0 chaque \u00e9v\u00e9ne\u00adment une dimen\u00adsion humaine chaleureuse.<\/p>\n\n\n\n<p>La dis\u00adpari\u00adtion de Jean-Ren\u00e9 Godart est une grande perte pour toute la com\u00admu\u00adnaut\u00e9 du cyclisme et du jour\u00adnal\u00adisme. Mais son \u0153uvre et son sou\u00advenir con\u00adtin\u00adueront d\u2019ac\u00adcom\u00adpa\u00adg\u00adn\u00ader la pas\u00adsion des sports de v\u00e9lo. Son nom restera \u00e0 jamais syn\u00adonyme d\u2019ex\u00adcel\u00adlence, d\u2019au\u00adthen\u00adtic\u00adit\u00e9 et d\u2019amour du sport.<\/p>\n\n\n\n<p>En ce moment de recueille\u00adment, nous adres\u00adsons nos pen\u00ads\u00e9es \u00e0 sa famille, \u00e0 ses proches, et \u00e0 tous ceux qui, par son inter\u00adm\u00e9\u00addi\u00adaire, ont d\u00e9cou\u00advert la magie du Tour de France.<\/p>\n","protected":false},"excerpt":{"rendered":"<p>C\u2019est avec une \u00e9mo\u00adtion pro\u00adfonde que s\u2019est \u00e9teinte Jean-Ren\u00e9 Godart, la voix embl\u00e9\u00adma\u00adtique du Tour de France. \u00c0 74 ans, ce jour\u00adnal\u00adiste sportif d\u2019ex\u00adcep\u00adtion laisse der\u00adri\u00e8re lui un h\u00e9ritage immuable,\u2026 <\/p>\n","protected":false},"author":1,"featured_media":25780,"comment_status":"open","ping_status":"closed","sticky":false,"template":"","format":"standard","meta":{"wp_typography_post_enhancements_disabled":false,"footnotes":""},"categories":[73],"tags":[],"class_list":["post-25779","post","type-post","status-publish","format-standard","has-post-thumbnail","hentry","category-on-en-parle"],"yoast_head":"<!-- This site is optimized with the Yoast SEO plugin v24.7 - https:\/\/yoast.com\/wordpress\/plugins\/seo\/ -->\n<title>Jean-Ren\u00e9 Godart, voix mythique du Tour de France, s&#039;\u00e9teint \u00e0 74 ans : hommage \u00e0 une l\u00e9gende - Bobea<\/title>\n<meta name=\"robots\" content=\"index, follow, max-snippet:-1, max-image-preview:large, max-video-preview:-1\" \/>\n<link rel=\"canonical\" href=\"https:\/\/bobea.net\/index.php\/2025\/10\/16\/jean-rene-godart-voix-mythique-du-tour-de-france-seteint-a-74-ans-hommage-a-une-legende\/\" \/>\n<meta property=\"og:locale\" content=\"fr_FR\" \/>\n<meta property=\"og:type\" content=\"article\" \/>\n<meta property=\"og:title\" content=\"Jean-Ren\u00e9 Godart, voix mythique du Tour de France, s&#039;\u00e9teint \u00e0 74 ans : hommage \u00e0 une l\u00e9gende - Bobea\" \/>\n<meta property=\"og:description\" content=\"C\u2019est avec une \u00e9mo\u00adtion pro\u00adfonde que s\u2019est \u00e9teinte Jean-Ren\u00e9 Godart, la voix embl\u00e9\u00adma\u00adtique du Tour de France. \u00c0 74 ans, ce jour\u00adnal\u00adiste sportif d\u2019ex\u00adcep\u00adtion laisse der\u00adri\u00e8re lui un h\u00e9ritage immuable,&hellip;\" \/>\n<meta property=\"og:url\" content=\"https:\/\/bobea.net\/index.php\/2025\/10\/16\/jean-rene-godart-voix-mythique-du-tour-de-france-seteint-a-74-ans-hommage-a-une-legende\/\" \/>\n<meta property=\"og:site_name\" content=\"Bobea\" \/>\n<meta property=\"article:publisher\" content=\"https:\/\/web.facebook.com\/profile.php?id=61559252188416\" \/>\n<meta property=\"article:published_time\" content=\"2025-10-16T12:55:43+00:00\" \/>\n<meta property=\"article:modified_time\" content=\"2025-10-16T12:55:44+00:00\" \/>\n<meta property=\"og:image\" content=\"https:\/\/bobea.net\/wp-content\/uploads\/2025\/10\/5689e.jpg\" \/>\n\t<meta property=\"og:image:width\" content=\"828\" \/>\n\t<meta property=\"og:image:height\" content=\"416\" \/>\n\t<meta property=\"og:image:type\" content=\"image\/jpeg\" \/>\n<meta name=\"author\" content=\"bobea.info\" \/>\n<meta name=\"twitter:card\" content=\"summary_large_image\" \/>\n<meta name=\"twitter:label1\" content=\"\u00c9crit par\" \/>\n\t<meta name=\"twitter:data1\" content=\"bobea.info\" \/>\n\t<meta name=\"twitter:label2\" content=\"Dur\u00e9e de lecture estim\u00e9e\" \/>\n\t<meta name=\"twitter:data2\" content=\"3 minutes\" \/>\n<script type=\"application\/ld+json\" class=\"yoast-schema-graph\">{\"@context\":\"https:\/\/schema.org\",\"@graph\":[{\"@type\":\"Article\",\"@id\":\"https:\/\/bobea.net\/index.php\/2025\/10\/16\/jean-rene-godart-voix-mythique-du-tour-de-france-seteint-a-74-ans-hommage-a-une-legende\/#article\",\"isPartOf\":{\"@id\":\"https:\/\/bobea.net\/index.php\/2025\/10\/16\/jean-rene-godart-voix-mythique-du-tour-de-france-seteint-a-74-ans-hommage-a-une-legende\/\"},\"author\":{\"name\":\"bobea.info\",\"@id\":\"https:\/\/bobea.net\/#\/schema\/person\/e7f45ef187918d7c956bf619dce90ccf\"},\"headline\":\"Jean-Ren\u00e9 Godart, voix mythique du Tour de France, s\u2019\u00e9teint \u00e0 74 ans : hommage \u00e0 une l\u00e9gende\",\"datePublished\":\"2025-10-16T12:55:43+00:00\",\"dateModified\":\"2025-10-16T12:55:44+00:00\",\"mainEntityOfPage\":{\"@id\":\"https:\/\/bobea.net\/index.php\/2025\/10\/16\/jean-rene-godart-voix-mythique-du-tour-de-france-seteint-a-74-ans-hommage-a-une-legende\/\"},\"wordCount\":401,\"commentCount\":0,\"publisher\":{\"@id\":\"https:\/\/bobea.net\/#organization\"},\"image\":{\"@id\":\"https:\/\/bobea.net\/index.php\/2025\/10\/16\/jean-rene-godart-voix-mythique-du-tour-de-france-seteint-a-74-ans-hommage-a-une-legende\/#primaryimage\"},\"thumbnailUrl\":\"https:\/\/bobea.net\/wp-content\/uploads\/2025\/10\/5689e.jpg\",\"articleSection\":[\"On en Parle\"],\"inLanguage\":\"fr-FR\",\"potentialAction\":[{\"@type\":\"CommentAction\",\"name\":\"Comment\",\"target\":[\"https:\/\/bobea.net\/index.php\/2025\/10\/16\/jean-rene-godart-voix-mythique-du-tour-de-france-seteint-a-74-ans-hommage-a-une-legende\/#respond\"]}]},{\"@type\":\"WebPage\",\"@id\":\"https:\/\/bobea.net\/index.php\/2025\/10\/16\/jean-rene-godart-voix-mythique-du-tour-de-france-seteint-a-74-ans-hommage-a-une-legende\/\",\"url\":\"https:\/\/bobea.net\/index.php\/2025\/10\/16\/jean-rene-godart-voix-mythique-du-tour-de-france-seteint-a-74-ans-hommage-a-une-legende\/\",\"name\":\"Jean-Ren\u00e9 Godart, voix mythique du Tour de France, s'\u00e9teint \u00e0 74 ans : hommage \u00e0 une l\u00e9gende - Bobea\",\"isPartOf\":{\"@id\":\"https:\/\/bobea.net\/#website\"},\"primaryImageOfPage\":{\"@id\":\"https:\/\/bobea.net\/index.php\/2025\/10\/16\/jean-rene-godart-voix-mythique-du-tour-de-france-seteint-a-74-ans-hommage-a-une-legende\/#primaryimage\"},\"image\":{\"@id\":\"https:\/\/bobea.net\/index.php\/2025\/10\/16\/jean-rene-godart-voix-mythique-du-tour-de-france-seteint-a-74-ans-hommage-a-une-legende\/#primaryimage\"},\"thumbnailUrl\":\"https:\/\/bobea.net\/wp-content\/uploads\/2025\/10\/5689e.jpg\",\"datePublished\":\"2025-10-16T12:55:43+00:00\",\"dateModified\":\"2025-10-16T12:55:44+00:00\",\"breadcrumb\":{\"@id\":\"https:\/\/bobea.net\/index.php\/2025\/10\/16\/jean-rene-godart-voix-mythique-du-tour-de-france-seteint-a-74-ans-hommage-a-une-legende\/#breadcrumb\"},\"inLanguage\":\"fr-FR\",\"potentialAction\":[{\"@type\":\"ReadAction\",\"target\":[\"https:\/\/bobea.net\/index.php\/2025\/10\/16\/jean-rene-godart-voix-mythique-du-tour-de-france-seteint-a-74-ans-hommage-a-une-legende\/\"]}]},{\"@type\":\"ImageObject\",\"inLanguage\":\"fr-FR\",\"@id\":\"https:\/\/bobea.net\/index.php\/2025\/10\/16\/jean-rene-godart-voix-mythique-du-tour-de-france-seteint-a-74-ans-hommage-a-une-legende\/#primaryimage\",\"url\":\"https:\/\/bobea.net\/wp-content\/uploads\/2025\/10\/5689e.jpg\",\"contentUrl\":\"https:\/\/bobea.net\/wp-content\/uploads\/2025\/10\/5689e.jpg\",\"width\":828,\"height\":416},{\"@type\":\"BreadcrumbList\",\"@id\":\"https:\/\/bobea.net\/index.php\/2025\/10\/16\/jean-rene-godart-voix-mythique-du-tour-de-france-seteint-a-74-ans-hommage-a-une-legende\/#breadcrumb\",\"itemListElement\":[{\"@type\":\"ListItem\",\"position\":1,\"name\":\"Accueil\",\"item\":\"https:\/\/bobea.net\/\"},{\"@type\":\"ListItem\",\"position\":2,\"name\":\"Jean-Ren\u00e9 Godart, voix mythique du Tour de France, s&rsquo;\u00e9teint \u00e0 74 ans : hommage \u00e0 une l\u00e9gende\"}]},{\"@type\":\"WebSite\",\"@id\":\"https:\/\/bobea.net\/#website\",\"url\":\"https:\/\/bobea.net\/\",\"name\":\"Bobea\",\"description\":\"Le magazine de la nouvelle \u00c8ve\",\"publisher\":{\"@id\":\"https:\/\/bobea.net\/#organization\"},\"potentialAction\":[{\"@type\":\"SearchAction\",\"target\":{\"@type\":\"EntryPoint\",\"urlTemplate\":\"https:\/\/bobea.net\/?s={search_term_string}\"},\"query-input\":{\"@type\":\"PropertyValueSpecification\",\"valueRequired\":true,\"valueName\":\"search_term_string\"}}],\"inLanguage\":\"fr-FR\"},{\"@type\":\"Organization\",\"@id\":\"https:\/\/bobea.net\/#organization\",\"name\":\"Bobea\",\"url\":\"https:\/\/bobea.net\/\",\"logo\":{\"@type\":\"ImageObject\",\"inLanguage\":\"fr-FR\",\"@id\":\"https:\/\/bobea.net\/#\/schema\/logo\/image\/\",\"url\":\"https:\/\/bobea.net\/wp-content\/uploads\/2024\/06\/bobea.jpg\",\"contentUrl\":\"https:\/\/bobea.net\/wp-content\/uploads\/2024\/06\/bobea.jpg\",\"width\":1080,\"height\":1080,\"caption\":\"Bobea\"},\"image\":{\"@id\":\"https:\/\/bobea.net\/#\/schema\/logo\/image\/\"},\"sameAs\":[\"https:\/\/web.facebook.com\/profile.php?id=61559252188416\"]},{\"@type\":\"Person\",\"@id\":\"https:\/\/bobea.net\/#\/schema\/person\/e7f45ef187918d7c956bf619dce90ccf\",\"name\":\"bobea.info\",\"image\":{\"@type\":\"ImageObject\",\"inLanguage\":\"fr-FR\",\"@id\":\"https:\/\/bobea.net\/#\/schema\/person\/image\/\",\"url\":\"https:\/\/secure.gravatar.com\/avatar\/36147980349df887ae30808df3e29474?s=96&d=mm&r=g\",\"contentUrl\":\"https:\/\/secure.gravatar.com\/avatar\/36147980349df887ae30808df3e29474?s=96&d=mm&r=g\",\"caption\":\"bobea.info\"},\"sameAs\":[\"https:\/\/bobea.net\"],\"url\":\"https:\/\/bobea.net\/index.php\/author\/bobea-info\/\"}]}<\/script>\n<!-- \/ Yoast SEO plugin. -->","yoast_head_json":{"title":"Jean-Ren\u00e9 Godart, voix mythique du Tour de France, s'\u00e9teint \u00e0 74 ans : hommage \u00e0 une l\u00e9gende - Bobea","robots":{"index":"index","follow":"follow","max-snippet":"max-snippet:-1","max-image-preview":"max-image-preview:large","max-video-preview":"max-video-preview:-1"},"canonical":"https:\/\/bobea.net\/index.php\/2025\/10\/16\/jean-rene-godart-voix-mythique-du-tour-de-france-seteint-a-74-ans-hommage-a-une-legende\/","og_locale":"fr_FR","og_type":"article","og_title":"Jean-Ren\u00e9 Godart, voix mythique du Tour de France, s'\u00e9teint \u00e0 74 ans : hommage \u00e0 une l\u00e9gende - Bobea","og_description":"C\u2019est avec une \u00e9mo\u00adtion pro\u00adfonde que s\u2019est \u00e9teinte Jean-Ren\u00e9 Godart, la voix embl\u00e9\u00adma\u00adtique du Tour de France. \u00c0 74 ans, ce jour\u00adnal\u00adiste sportif d\u2019ex\u00adcep\u00adtion laisse der\u00adri\u00e8re lui un h\u00e9ritage immuable,&hellip;","og_url":"https:\/\/bobea.net\/index.php\/2025\/10\/16\/jean-rene-godart-voix-mythique-du-tour-de-france-seteint-a-74-ans-hommage-a-une-legende\/","og_site_name":"Bobea","article_publisher":"https:\/\/web.facebook.com\/profile.php?id=61559252188416","article_published_time":"2025-10-16T12:55:43+00:00","article_modified_time":"2025-10-16T12:55:44+00:00","og_image":[{"width":828,"height":416,"url":"https:\/\/bobea.net\/wp-content\/uploads\/2025\/10\/5689e.jpg","type":"image\/jpeg"}],"author":"bobea.info","twitter_card":"summary_large_image","twitter_misc":{"\u00c9crit par":"bobea.info","Dur\u00e9e de lecture estim\u00e9e":"3 minutes"},"schema":{"@context":"https:\/\/schema.org","@graph":[{"@type":"Article","@id":"https:\/\/bobea.net\/index.php\/2025\/10\/16\/jean-rene-godart-voix-mythique-du-tour-de-france-seteint-a-74-ans-hommage-a-une-legende\/#article","isPartOf":{"@id":"https:\/\/bobea.net\/index.php\/2025\/10\/16\/jean-rene-godart-voix-mythique-du-tour-de-france-seteint-a-74-ans-hommage-a-une-legende\/"},"author":{"name":"bobea.info","@id":"https:\/\/bobea.net\/#\/schema\/person\/e7f45ef187918d7c956bf619dce90ccf"},"headline":"Jean-Ren\u00e9 Godart, voix mythique du Tour de France, s\u2019\u00e9teint \u00e0 74 ans : hommage \u00e0 une l\u00e9gende","datePublished":"2025-10-16T12:55:43+00:00","dateModified":"2025-10-16T12:55:44+00:00","mainEntityOfPage":{"@id":"https:\/\/bobea.net\/index.php\/2025\/10\/16\/jean-rene-godart-voix-mythique-du-tour-de-france-seteint-a-74-ans-hommage-a-une-legende\/"},"wordCount":401,"commentCount":0,"publisher":{"@id":"https:\/\/bobea.net\/#organization"},"image":{"@id":"https:\/\/bobea.net\/index.php\/2025\/10\/16\/jean-rene-godart-voix-mythique-du-tour-de-france-seteint-a-74-ans-hommage-a-une-legende\/#primaryimage"},"thumbnailUrl":"https:\/\/bobea.net\/wp-content\/uploads\/2025\/10\/5689e.jpg","articleSection":["On en Parle"],"inLanguage":"fr-FR","potentialAction":[{"@type":"CommentAction","name":"Comment","target":["https:\/\/bobea.net\/index.php\/2025\/10\/16\/jean-rene-godart-voix-mythique-du-tour-de-france-seteint-a-74-ans-hommage-a-une-legende\/#respond"]}]},{"@type":"WebPage","@id":"https:\/\/bobea.net\/index.php\/2025\/10\/16\/jean-rene-godart-voix-mythique-du-tour-de-france-seteint-a-74-ans-hommage-a-une-legende\/","url":"https:\/\/bobea.net\/index.php\/2025\/10\/16\/jean-rene-godart-voix-mythique-du-tour-de-france-seteint-a-74-ans-hommage-a-une-legende\/","name":"Jean-Ren\u00e9 Godart, voix mythique du Tour de France, s'\u00e9teint \u00e0 74 ans : hommage \u00e0 une l\u00e9gende - Bobea","isPartOf":{"@id":"https:\/\/bobea.net\/#website"},"primaryImageOfPage":{"@id":"https:\/\/bobea.net\/index.php\/2025\/10\/16\/jean-rene-godart-voix-mythique-du-tour-de-france-seteint-a-74-ans-hommage-a-une-legende\/#primaryimage"},"image":{"@id":"https:\/\/bobea.net\/index.php\/2025\/10\/16\/jean-rene-godart-voix-mythique-du-tour-de-france-seteint-a-74-ans-hommage-a-une-legende\/#primaryimage"},"thumbnailUrl":"https:\/\/bobea.net\/wp-content\/uploads\/2025\/10\/5689e.jpg","datePublished":"2025-10-16T12:55:43+00:00","dateModified":"2025-10-16T12:55:44+00:00","breadcrumb":{"@id":"https:\/\/bobea.net\/index.php\/2025\/10\/16\/jean-rene-godart-voix-mythique-du-tour-de-france-seteint-a-74-ans-hommage-a-une-legende\/#breadcrumb"},"inLanguage":"fr-FR","potentialAction":[{"@type":"ReadAction","target":["https:\/\/bobea.net\/index.php\/2025\/10\/16\/jean-rene-godart-voix-mythique-du-tour-de-france-seteint-a-74-ans-hommage-a-une-legende\/"]}]},{"@type":"ImageObject","inLanguage":"fr-FR","@id":"https:\/\/bobea.net\/index.php\/2025\/10\/16\/jean-rene-godart-voix-mythique-du-tour-de-france-seteint-a-74-ans-hommage-a-une-legende\/#primaryimage","url":"https:\/\/bobea.net\/wp-content\/uploads\/2025\/10\/5689e.jpg","contentUrl":"https:\/\/bobea.net\/wp-content\/uploads\/2025\/10\/5689e.jpg","width":828,"height":416},{"@type":"BreadcrumbList","@id":"https:\/\/bobea.net\/index.php\/2025\/10\/16\/jean-rene-godart-voix-mythique-du-tour-de-france-seteint-a-74-ans-hommage-a-une-legende\/#breadcrumb","itemListElement":[{"@type":"ListItem","position":1,"name":"Accueil","item":"https:\/\/bobea.net\/"},{"@type":"ListItem","position":2,"name":"Jean-Ren\u00e9 Godart, voix mythique du Tour de France, s&rsquo;\u00e9teint \u00e0 74 ans : hommage \u00e0 une l\u00e9gende"}]},{"@type":"WebSite","@id":"https:\/\/bobea.net\/#website","url":"https:\/\/bobea.net\/","name":"Bobea","description":"Le magazine de la nouvelle \u00c8ve","publisher":{"@id":"https:\/\/bobea.net\/#organization"},"potentialAction":[{"@type":"SearchAction","target":{"@type":"EntryPoint","urlTemplate":"https:\/\/bobea.net\/?s={search_term_string}"},"query-input":{"@type":"PropertyValueSpecification","valueRequired":true,"valueName":"search_term_string"}}],"inLanguage":"fr-FR"},{"@type":"Organization","@id":"https:\/\/bobea.net\/#organization","name":"Bobea","url":"https:\/\/bobea.net\/","logo":{"@type":"ImageObject","inLanguage":"fr-FR","@id":"https:\/\/bobea.net\/#\/schema\/logo\/image\/","url":"https:\/\/bobea.net\/wp-content\/uploads\/2024\/06\/bobea.jpg","contentUrl":"https:\/\/bobea.net\/wp-content\/uploads\/2024\/06\/bobea.jpg","width":1080,"height":1080,"caption":"Bobea"},"image":{"@id":"https:\/\/bobea.net\/#\/schema\/logo\/image\/"},"sameAs":["https:\/\/web.facebook.com\/profile.php?id=61559252188416"]},{"@type":"Person","@id":"https:\/\/bobea.net\/#\/schema\/person\/e7f45ef187918d7c956bf619dce90ccf","name":"bobea.info","image":{"@type":"ImageObject","inLanguage":"fr-FR","@id":"https:\/\/bobea.net\/#\/schema\/person\/image\/","url":"https:\/\/secure.gravatar.com\/avatar\/36147980349df887ae30808df3e29474?s=96&d=mm&r=g","contentUrl":"https:\/\/secure.gravatar.com\/avatar\/36147980349df887ae30808df3e29474?s=96&d=mm&r=g","caption":"bobea.info"},"sameAs":["https:\/\/bobea.net"],"url":"https:\/\/bobea.net\/index.php\/author\/bobea-info\/"}]}},"_links":{"self":[{"href":"https:\/\/bobea.net\/index.php\/wp-json\/wp\/v2\/posts\/25779"}],"collection":[{"href":"https:\/\/bobea.net\/index.php\/wp-json\/wp\/v2\/posts"}],"about":[{"href":"https:\/\/bobea.net\/index.php\/wp-json\/wp\/v2\/types\/post"}],"author":[{"embeddable":true,"href":"https:\/\/bobea.net\/index.php\/wp-json\/wp\/v2\/users\/1"}],"replies":[{"embeddable":true,"href":"https:\/\/bobea.net\/index.php\/wp-json\/wp\/v2\/comments?post=25779"}],"version-history":[{"count":1,"href":"https:\/\/bobea.net\/index.php\/wp-json\/wp\/v2\/posts\/25779\/revisions"}],"predecessor-version":[{"id":25782,"href":"https:\/\/bobea.net\/index.php\/wp-json\/wp\/v2\/posts\/25779\/revisions\/25782"}],"wp:featuredmedia":[{"embeddable":true,"href":"https:\/\/bobea.net\/index.php\/wp-json\/wp\/v2\/media\/25780"}],"wp:attachment":[{"href":"https:\/\/bobea.net\/index.php\/wp-json\/wp\/v2\/media?parent=25779"}],"wp:term":[{"taxonomy":"category","embeddable":true,"href":"https:\/\/bobea.net\/index.php\/wp-json\/wp\/v2\/categories?post=25779"},{"taxonomy":"post_tag","embeddable":true,"href":"https:\/\/bobea.net\/index.php\/wp-json\/wp\/v2\/tags?post=25779"}],"curies":[{"name":"wp","href":"https:\/\/api.w.org\/{rel}","templated":true}]}}