{"id":25515,"date":"2025-10-06T09:04:02","date_gmt":"2025-10-06T09:04:02","guid":{"rendered":"https:\/\/bobea.net\/?p=25515"},"modified":"2025-10-06T12:41:08","modified_gmt":"2025-10-06T12:41:08","slug":"le-grand-gala-des-sanas-2025-la-grande-fete-de-la-medecine-du-bien-etre-a-paris","status":"publish","type":"post","link":"https:\/\/bobea.net\/index.php\/2025\/10\/06\/le-grand-gala-des-sanas-2025-la-grande-fete-de-la-medecine-du-bien-etre-a-paris\/","title":{"rendered":"Le Grand Gala des SANAS 2025 \u2014 La grande f\u00eate de la m\u00e9decine &amp; du bien-\u00eatre \u00e0 Paris"},"content":{"rendered":"\n<p>Le mois de d\u00e9cem\u00adbre 2025 promet d\u2019\u00eatre excep\u00adtion\u00adnel pour le monde de la san\u00adt\u00e9, avec l\u2019organisation tr\u00e8s atten\u00addue du Grand Gala des SANAS \u00e0 Paris, un \u00e9v\u00e9ne\u00adment embl\u00e9\u00adma\u00adtique qui r\u00e9u\u00adni\u00adra m\u00e9decins, per\u00adson\u00adnel soignant, chercheurs, indus\u00adtriels de la san\u00adt\u00e9 et acteurs du bien-\u00eatre. Organ\u00adis\u00e9 par Mono\u00adpole Event, sp\u00e9\u00adcial\u00adiste des grands \u00e9v\u00e9ne\u00adments, ce gala vise \u00e0 c\u00e9l\u00e9br\u00ader le tra\u00advail excep\u00adtion\u00adnel des pro\u00adfes\u00adsion\u00adnels de san\u00adt\u00e9 tout en offrant un moment de d\u00e9tente et de r\u00e9flex\u00adion.<\/p>\n\n\n\n<p>Pr\u00e9vu dans un lieu pres\u00adtigieux de la cap\u00adi\u00adtale, ce ren\u00addez-vous pres\u00adtigieux rassem\u00adblera plusieurs cen\u00adtaines d\u2019invit\u00e9s autour d\u2019un pro\u00adgramme riche m\u00ealant con\u00adf\u00e9rences, remis\u00ades de prix, ate\u00adliers bien-\u00eatre, et ani\u00adma\u00adtions fes\u00adtives. Le Gala des SANAS entend ain\u00adsi val\u00adoris\u00ader les avanc\u00e9es m\u00e9di\u00adcales, les inno\u00adva\u00adtions en mati\u00e8re de bien-\u00eatre, et les d\u00e9fis actuels du secteur, comme le manque de per\u00adson\u00adnel, la sur\u00adcharge de tra\u00advail, ou encore la s\u00e9cu\u00adrit\u00e9 san\u00adi\u00adtaire.<\/p>\n\n\n\n<figure class=\"wp-block-image size-large is-resized\"><img loading=\"lazy\" decoding=\"async\" width=\"772\" height=\"1024\" src=\"https:\/\/bobea.net\/wp-content\/uploads\/2025\/10\/Capture2-772x1024.png\" alt class=\"wp-image-25586\" style=\"width:840px;height:auto\" srcset=\"https:\/\/bobea.net\/wp-content\/uploads\/2025\/10\/Capture2-772x1024.png 772w, https:\/\/bobea.net\/wp-content\/uploads\/2025\/10\/Capture2-226x300.png 226w, https:\/\/bobea.net\/wp-content\/uploads\/2025\/10\/Capture2-768x1019.png 768w, https:\/\/bobea.net\/wp-content\/uploads\/2025\/10\/Capture2.png 867w\" sizes=\"(max-width: 772px) 100vw, 772px\"><\/figure>\n\n\n\n<p>L\u2019\u00e9v\u00e9nement se veut \u00e9gale\u00adment un lieu d\u2019\u00e9change entre les dif\u00adf\u00e9rentes familles de la san\u00adt\u00e9 : m\u00e9decins g\u00e9n\u00e9ral\u00adistes, chercheurs, infir\u00admiers, phar\u00adma\u00adciens, indus\u00adtriels du mat\u00e9riel m\u00e9di\u00adcal, mais aus\u00adsi acteurs des m\u00e9decines douces et de la pr\u00e9ven\u00adtion. Mathilde Fer\u00adran\u00addon, porte-parole de Mono\u00adpole Event, annonce que cette \u00e9di\u00adtion 2025 sera \u00ab&nbsp;dignes des grandes f\u00eates de la m\u00e9decine d\u2019antan, mais avec une dimen\u00adsion inno\u00advante et con\u00adviviale adap\u00adt\u00e9e aux enjeux actuels&nbsp;\u00bb.<\/p>\n\n\n\n<p>Pour toutes infor\u00adma\u00adtions ou inscrip\u00adtions, les per\u00adson\u00adnes int\u00e9ress\u00e9es peu\u00advent con\u00adtac\u00adter l\u2019organisation \u00e0 l\u2019adresse&nbsp;<a href=\"mailto:galadesanas@gmail.com\" target=\"_blank\" rel=\"noreferrer noopener\"><strong>galadesanas@gmail.com<\/strong><\/a>. Ce gala s\u2019annonce comme un moment fort de la fin d\u2019ann\u00e9e parisi\u00adenne, plac\u00e9 sous le signe de la recon\u00adnais\u00adsance, de la con\u00advivi\u00adal\u00adit\u00e9 et de l\u2019innovation au ser\u00advice de la san\u00adt\u00e9 et du bien-\u00eatre.<\/p>\n","protected":false},"excerpt":{"rendered":"<p>Le mois de d\u00e9cem\u00adbre 2025 promet d\u2019\u00eatre excep\u00adtion\u00adnel pour le monde de la san\u00adt\u00e9, avec l\u2019organisation tr\u00e8s atten\u00addue du Grand Gala des SANAS \u00e0 Paris, un \u00e9v\u00e9ne\u00adment embl\u00e9\u00adma\u00adtique qui r\u00e9u\u00adni\u00adra\u2026 <\/p>\n","protected":false},"author":1,"featured_media":25585,"comment_status":"open","ping_status":"closed","sticky":false,"template":"","format":"standard","meta":{"wp_typography_post_enhancements_disabled":false,"footnotes":""},"categories":[73],"tags":[],"class_list":["post-25515","post","type-post","status-publish","format-standard","has-post-thumbnail","hentry","category-on-en-parle"],"yoast_head":"<!-- This site is optimized with the Yoast SEO plugin v24.7 - https:\/\/yoast.com\/wordpress\/plugins\/seo\/ -->\n<title>Le Grand Gala des SANAS 2025 \u2014 La grande f\u00eate de la m\u00e9decine &amp; du bien-\u00eatre \u00e0 Paris - Bobea<\/title>\n<meta name=\"description\" content=\"Pour toutes informations ou inscriptions, les personnes int\u00e9ress\u00e9es peuvent contacter l\u2019organisation \u00e0 l\u2019adresse\u00a0galadesanas@gmail.com.\" \/>\n<meta name=\"robots\" content=\"index, follow, max-snippet:-1, max-image-preview:large, max-video-preview:-1\" \/>\n<link rel=\"canonical\" href=\"https:\/\/bobea.net\/index.php\/2025\/10\/06\/le-grand-gala-des-sanas-2025-la-grande-fete-de-la-medecine-du-bien-etre-a-paris\/\" \/>\n<meta property=\"og:locale\" content=\"fr_FR\" \/>\n<meta property=\"og:type\" content=\"article\" \/>\n<meta property=\"og:title\" content=\"Le Grand Gala des SANAS 2025 \u2014 La grande f\u00eate de la m\u00e9decine &amp; du bien-\u00eatre \u00e0 Paris - Bobea\" \/>\n<meta property=\"og:description\" content=\"Pour toutes informations ou inscriptions, les personnes int\u00e9ress\u00e9es peuvent contacter l\u2019organisation \u00e0 l\u2019adresse\u00a0galadesanas@gmail.com.\" \/>\n<meta property=\"og:url\" content=\"https:\/\/bobea.net\/index.php\/2025\/10\/06\/le-grand-gala-des-sanas-2025-la-grande-fete-de-la-medecine-du-bien-etre-a-paris\/\" \/>\n<meta property=\"og:site_name\" content=\"Bobea\" \/>\n<meta property=\"article:publisher\" content=\"https:\/\/web.facebook.com\/profile.php?id=61559252188416\" \/>\n<meta property=\"article:published_time\" content=\"2025-10-06T09:04:02+00:00\" \/>\n<meta property=\"article:modified_time\" content=\"2025-10-06T12:41:08+00:00\" \/>\n<meta property=\"og:image\" content=\"https:\/\/bobea.net\/wp-content\/uploads\/2025\/10\/Capture.png\" \/>\n\t<meta property=\"og:image:width\" content=\"855\" \/>\n\t<meta property=\"og:image:height\" content=\"1157\" \/>\n\t<meta property=\"og:image:type\" content=\"image\/png\" \/>\n<meta name=\"author\" content=\"bobea.info\" \/>\n<meta name=\"twitter:card\" content=\"summary_large_image\" \/>\n<meta name=\"twitter:label1\" content=\"\u00c9crit par\" \/>\n\t<meta name=\"twitter:data1\" content=\"bobea.info\" \/>\n\t<meta name=\"twitter:label2\" content=\"Dur\u00e9e de lecture estim\u00e9e\" \/>\n\t<meta name=\"twitter:data2\" content=\"2 minutes\" \/>\n<script type=\"application\/ld+json\" class=\"yoast-schema-graph\">{\"@context\":\"https:\/\/schema.org\",\"@graph\":[{\"@type\":\"Article\",\"@id\":\"https:\/\/bobea.net\/index.php\/2025\/10\/06\/le-grand-gala-des-sanas-2025-la-grande-fete-de-la-medecine-du-bien-etre-a-paris\/#article\",\"isPartOf\":{\"@id\":\"https:\/\/bobea.net\/index.php\/2025\/10\/06\/le-grand-gala-des-sanas-2025-la-grande-fete-de-la-medecine-du-bien-etre-a-paris\/\"},\"author\":{\"name\":\"bobea.info\",\"@id\":\"https:\/\/bobea.net\/#\/schema\/person\/e7f45ef187918d7c956bf619dce90ccf\"},\"headline\":\"Le Grand Gala des SANAS 2025 \u2014 La grande f\u00eate de la m\u00e9decine &amp; du bien-\u00eatre \u00e0 Paris\",\"datePublished\":\"2025-10-06T09:04:02+00:00\",\"dateModified\":\"2025-10-06T12:41:08+00:00\",\"mainEntityOfPage\":{\"@id\":\"https:\/\/bobea.net\/index.php\/2025\/10\/06\/le-grand-gala-des-sanas-2025-la-grande-fete-de-la-medecine-du-bien-etre-a-paris\/\"},\"wordCount\":315,\"commentCount\":0,\"publisher\":{\"@id\":\"https:\/\/bobea.net\/#organization\"},\"image\":{\"@id\":\"https:\/\/bobea.net\/index.php\/2025\/10\/06\/le-grand-gala-des-sanas-2025-la-grande-fete-de-la-medecine-du-bien-etre-a-paris\/#primaryimage\"},\"thumbnailUrl\":\"https:\/\/bobea.net\/wp-content\/uploads\/2025\/10\/Capture.png\",\"articleSection\":[\"On en Parle\"],\"inLanguage\":\"fr-FR\",\"potentialAction\":[{\"@type\":\"CommentAction\",\"name\":\"Comment\",\"target\":[\"https:\/\/bobea.net\/index.php\/2025\/10\/06\/le-grand-gala-des-sanas-2025-la-grande-fete-de-la-medecine-du-bien-etre-a-paris\/#respond\"]}]},{\"@type\":\"WebPage\",\"@id\":\"https:\/\/bobea.net\/index.php\/2025\/10\/06\/le-grand-gala-des-sanas-2025-la-grande-fete-de-la-medecine-du-bien-etre-a-paris\/\",\"url\":\"https:\/\/bobea.net\/index.php\/2025\/10\/06\/le-grand-gala-des-sanas-2025-la-grande-fete-de-la-medecine-du-bien-etre-a-paris\/\",\"name\":\"Le Grand Gala des SANAS 2025 \u2014 La grande f\u00eate de la m\u00e9decine & du bien-\u00eatre \u00e0 Paris - Bobea\",\"isPartOf\":{\"@id\":\"https:\/\/bobea.net\/#website\"},\"primaryImageOfPage\":{\"@id\":\"https:\/\/bobea.net\/index.php\/2025\/10\/06\/le-grand-gala-des-sanas-2025-la-grande-fete-de-la-medecine-du-bien-etre-a-paris\/#primaryimage\"},\"image\":{\"@id\":\"https:\/\/bobea.net\/index.php\/2025\/10\/06\/le-grand-gala-des-sanas-2025-la-grande-fete-de-la-medecine-du-bien-etre-a-paris\/#primaryimage\"},\"thumbnailUrl\":\"https:\/\/bobea.net\/wp-content\/uploads\/2025\/10\/Capture.png\",\"datePublished\":\"2025-10-06T09:04:02+00:00\",\"dateModified\":\"2025-10-06T12:41:08+00:00\",\"description\":\"Pour toutes informations ou inscriptions, les personnes int\u00e9ress\u00e9es peuvent contacter l\u2019organisation \u00e0 l\u2019adresse\u00a0galadesanas@gmail.com.\",\"breadcrumb\":{\"@id\":\"https:\/\/bobea.net\/index.php\/2025\/10\/06\/le-grand-gala-des-sanas-2025-la-grande-fete-de-la-medecine-du-bien-etre-a-paris\/#breadcrumb\"},\"inLanguage\":\"fr-FR\",\"potentialAction\":[{\"@type\":\"ReadAction\",\"target\":[\"https:\/\/bobea.net\/index.php\/2025\/10\/06\/le-grand-gala-des-sanas-2025-la-grande-fete-de-la-medecine-du-bien-etre-a-paris\/\"]}]},{\"@type\":\"ImageObject\",\"inLanguage\":\"fr-FR\",\"@id\":\"https:\/\/bobea.net\/index.php\/2025\/10\/06\/le-grand-gala-des-sanas-2025-la-grande-fete-de-la-medecine-du-bien-etre-a-paris\/#primaryimage\",\"url\":\"https:\/\/bobea.net\/wp-content\/uploads\/2025\/10\/Capture.png\",\"contentUrl\":\"https:\/\/bobea.net\/wp-content\/uploads\/2025\/10\/Capture.png\",\"width\":855,\"height\":1157},{\"@type\":\"BreadcrumbList\",\"@id\":\"https:\/\/bobea.net\/index.php\/2025\/10\/06\/le-grand-gala-des-sanas-2025-la-grande-fete-de-la-medecine-du-bien-etre-a-paris\/#breadcrumb\",\"itemListElement\":[{\"@type\":\"ListItem\",\"position\":1,\"name\":\"Accueil\",\"item\":\"https:\/\/bobea.net\/\"},{\"@type\":\"ListItem\",\"position\":2,\"name\":\"Le Grand Gala des SANAS 2025 \u2014 La grande f\u00eate de la m\u00e9decine &#038; du bien-\u00eatre \u00e0 Paris\"}]},{\"@type\":\"WebSite\",\"@id\":\"https:\/\/bobea.net\/#website\",\"url\":\"https:\/\/bobea.net\/\",\"name\":\"Bobea\",\"description\":\"Le magazine de la nouvelle \u00c8ve\",\"publisher\":{\"@id\":\"https:\/\/bobea.net\/#organization\"},\"potentialAction\":[{\"@type\":\"SearchAction\",\"target\":{\"@type\":\"EntryPoint\",\"urlTemplate\":\"https:\/\/bobea.net\/?s={search_term_string}\"},\"query-input\":{\"@type\":\"PropertyValueSpecification\",\"valueRequired\":true,\"valueName\":\"search_term_string\"}}],\"inLanguage\":\"fr-FR\"},{\"@type\":\"Organization\",\"@id\":\"https:\/\/bobea.net\/#organization\",\"name\":\"Bobea\",\"url\":\"https:\/\/bobea.net\/\",\"logo\":{\"@type\":\"ImageObject\",\"inLanguage\":\"fr-FR\",\"@id\":\"https:\/\/bobea.net\/#\/schema\/logo\/image\/\",\"url\":\"https:\/\/bobea.net\/wp-content\/uploads\/2024\/06\/bobea.jpg\",\"contentUrl\":\"https:\/\/bobea.net\/wp-content\/uploads\/2024\/06\/bobea.jpg\",\"width\":1080,\"height\":1080,\"caption\":\"Bobea\"},\"image\":{\"@id\":\"https:\/\/bobea.net\/#\/schema\/logo\/image\/\"},\"sameAs\":[\"https:\/\/web.facebook.com\/profile.php?id=61559252188416\"]},{\"@type\":\"Person\",\"@id\":\"https:\/\/bobea.net\/#\/schema\/person\/e7f45ef187918d7c956bf619dce90ccf\",\"name\":\"bobea.info\",\"image\":{\"@type\":\"ImageObject\",\"inLanguage\":\"fr-FR\",\"@id\":\"https:\/\/bobea.net\/#\/schema\/person\/image\/\",\"url\":\"https:\/\/secure.gravatar.com\/avatar\/36147980349df887ae30808df3e29474?s=96&d=mm&r=g\",\"contentUrl\":\"https:\/\/secure.gravatar.com\/avatar\/36147980349df887ae30808df3e29474?s=96&d=mm&r=g\",\"caption\":\"bobea.info\"},\"sameAs\":[\"https:\/\/bobea.net\"],\"url\":\"https:\/\/bobea.net\/index.php\/author\/bobea-info\/\"}]}<\/script>\n<!-- \/ Yoast SEO plugin. -->","yoast_head_json":{"title":"Le Grand Gala des SANAS 2025 \u2014 La grande f\u00eate de la m\u00e9decine & du bien-\u00eatre \u00e0 Paris - Bobea","description":"Pour toutes informations ou inscriptions, les personnes int\u00e9ress\u00e9es peuvent contacter l\u2019organisation \u00e0 l\u2019adresse\u00a0galadesanas@gmail.com.","robots":{"index":"index","follow":"follow","max-snippet":"max-snippet:-1","max-image-preview":"max-image-preview:large","max-video-preview":"max-video-preview:-1"},"canonical":"https:\/\/bobea.net\/index.php\/2025\/10\/06\/le-grand-gala-des-sanas-2025-la-grande-fete-de-la-medecine-du-bien-etre-a-paris\/","og_locale":"fr_FR","og_type":"article","og_title":"Le Grand Gala des SANAS 2025 \u2014 La grande f\u00eate de la m\u00e9decine & du bien-\u00eatre \u00e0 Paris - Bobea","og_description":"Pour toutes informations ou inscriptions, les personnes int\u00e9ress\u00e9es peuvent contacter l\u2019organisation \u00e0 l\u2019adresse\u00a0galadesanas@gmail.com.","og_url":"https:\/\/bobea.net\/index.php\/2025\/10\/06\/le-grand-gala-des-sanas-2025-la-grande-fete-de-la-medecine-du-bien-etre-a-paris\/","og_site_name":"Bobea","article_publisher":"https:\/\/web.facebook.com\/profile.php?id=61559252188416","article_published_time":"2025-10-06T09:04:02+00:00","article_modified_time":"2025-10-06T12:41:08+00:00","og_image":[{"width":855,"height":1157,"url":"https:\/\/bobea.net\/wp-content\/uploads\/2025\/10\/Capture.png","type":"image\/png"}],"author":"bobea.info","twitter_card":"summary_large_image","twitter_misc":{"\u00c9crit par":"bobea.info","Dur\u00e9e de lecture estim\u00e9e":"2 minutes"},"schema":{"@context":"https:\/\/schema.org","@graph":[{"@type":"Article","@id":"https:\/\/bobea.net\/index.php\/2025\/10\/06\/le-grand-gala-des-sanas-2025-la-grande-fete-de-la-medecine-du-bien-etre-a-paris\/#article","isPartOf":{"@id":"https:\/\/bobea.net\/index.php\/2025\/10\/06\/le-grand-gala-des-sanas-2025-la-grande-fete-de-la-medecine-du-bien-etre-a-paris\/"},"author":{"name":"bobea.info","@id":"https:\/\/bobea.net\/#\/schema\/person\/e7f45ef187918d7c956bf619dce90ccf"},"headline":"Le Grand Gala des SANAS 2025 \u2014 La grande f\u00eate de la m\u00e9decine &amp; du bien-\u00eatre \u00e0 Paris","datePublished":"2025-10-06T09:04:02+00:00","dateModified":"2025-10-06T12:41:08+00:00","mainEntityOfPage":{"@id":"https:\/\/bobea.net\/index.php\/2025\/10\/06\/le-grand-gala-des-sanas-2025-la-grande-fete-de-la-medecine-du-bien-etre-a-paris\/"},"wordCount":315,"commentCount":0,"publisher":{"@id":"https:\/\/bobea.net\/#organization"},"image":{"@id":"https:\/\/bobea.net\/index.php\/2025\/10\/06\/le-grand-gala-des-sanas-2025-la-grande-fete-de-la-medecine-du-bien-etre-a-paris\/#primaryimage"},"thumbnailUrl":"https:\/\/bobea.net\/wp-content\/uploads\/2025\/10\/Capture.png","articleSection":["On en Parle"],"inLanguage":"fr-FR","potentialAction":[{"@type":"CommentAction","name":"Comment","target":["https:\/\/bobea.net\/index.php\/2025\/10\/06\/le-grand-gala-des-sanas-2025-la-grande-fete-de-la-medecine-du-bien-etre-a-paris\/#respond"]}]},{"@type":"WebPage","@id":"https:\/\/bobea.net\/index.php\/2025\/10\/06\/le-grand-gala-des-sanas-2025-la-grande-fete-de-la-medecine-du-bien-etre-a-paris\/","url":"https:\/\/bobea.net\/index.php\/2025\/10\/06\/le-grand-gala-des-sanas-2025-la-grande-fete-de-la-medecine-du-bien-etre-a-paris\/","name":"Le Grand Gala des SANAS 2025 \u2014 La grande f\u00eate de la m\u00e9decine & du bien-\u00eatre \u00e0 Paris - Bobea","isPartOf":{"@id":"https:\/\/bobea.net\/#website"},"primaryImageOfPage":{"@id":"https:\/\/bobea.net\/index.php\/2025\/10\/06\/le-grand-gala-des-sanas-2025-la-grande-fete-de-la-medecine-du-bien-etre-a-paris\/#primaryimage"},"image":{"@id":"https:\/\/bobea.net\/index.php\/2025\/10\/06\/le-grand-gala-des-sanas-2025-la-grande-fete-de-la-medecine-du-bien-etre-a-paris\/#primaryimage"},"thumbnailUrl":"https:\/\/bobea.net\/wp-content\/uploads\/2025\/10\/Capture.png","datePublished":"2025-10-06T09:04:02+00:00","dateModified":"2025-10-06T12:41:08+00:00","description":"Pour toutes informations ou inscriptions, les personnes int\u00e9ress\u00e9es peuvent contacter l\u2019organisation \u00e0 l\u2019adresse\u00a0galadesanas@gmail.com.","breadcrumb":{"@id":"https:\/\/bobea.net\/index.php\/2025\/10\/06\/le-grand-gala-des-sanas-2025-la-grande-fete-de-la-medecine-du-bien-etre-a-paris\/#breadcrumb"},"inLanguage":"fr-FR","potentialAction":[{"@type":"ReadAction","target":["https:\/\/bobea.net\/index.php\/2025\/10\/06\/le-grand-gala-des-sanas-2025-la-grande-fete-de-la-medecine-du-bien-etre-a-paris\/"]}]},{"@type":"ImageObject","inLanguage":"fr-FR","@id":"https:\/\/bobea.net\/index.php\/2025\/10\/06\/le-grand-gala-des-sanas-2025-la-grande-fete-de-la-medecine-du-bien-etre-a-paris\/#primaryimage","url":"https:\/\/bobea.net\/wp-content\/uploads\/2025\/10\/Capture.png","contentUrl":"https:\/\/bobea.net\/wp-content\/uploads\/2025\/10\/Capture.png","width":855,"height":1157},{"@type":"BreadcrumbList","@id":"https:\/\/bobea.net\/index.php\/2025\/10\/06\/le-grand-gala-des-sanas-2025-la-grande-fete-de-la-medecine-du-bien-etre-a-paris\/#breadcrumb","itemListElement":[{"@type":"ListItem","position":1,"name":"Accueil","item":"https:\/\/bobea.net\/"},{"@type":"ListItem","position":2,"name":"Le Grand Gala des SANAS 2025 \u2014 La grande f\u00eate de la m\u00e9decine &#038; du bien-\u00eatre \u00e0 Paris"}]},{"@type":"WebSite","@id":"https:\/\/bobea.net\/#website","url":"https:\/\/bobea.net\/","name":"Bobea","description":"Le magazine de la nouvelle \u00c8ve","publisher":{"@id":"https:\/\/bobea.net\/#organization"},"potentialAction":[{"@type":"SearchAction","target":{"@type":"EntryPoint","urlTemplate":"https:\/\/bobea.net\/?s={search_term_string}"},"query-input":{"@type":"PropertyValueSpecification","valueRequired":true,"valueName":"search_term_string"}}],"inLanguage":"fr-FR"},{"@type":"Organization","@id":"https:\/\/bobea.net\/#organization","name":"Bobea","url":"https:\/\/bobea.net\/","logo":{"@type":"ImageObject","inLanguage":"fr-FR","@id":"https:\/\/bobea.net\/#\/schema\/logo\/image\/","url":"https:\/\/bobea.net\/wp-content\/uploads\/2024\/06\/bobea.jpg","contentUrl":"https:\/\/bobea.net\/wp-content\/uploads\/2024\/06\/bobea.jpg","width":1080,"height":1080,"caption":"Bobea"},"image":{"@id":"https:\/\/bobea.net\/#\/schema\/logo\/image\/"},"sameAs":["https:\/\/web.facebook.com\/profile.php?id=61559252188416"]},{"@type":"Person","@id":"https:\/\/bobea.net\/#\/schema\/person\/e7f45ef187918d7c956bf619dce90ccf","name":"bobea.info","image":{"@type":"ImageObject","inLanguage":"fr-FR","@id":"https:\/\/bobea.net\/#\/schema\/person\/image\/","url":"https:\/\/secure.gravatar.com\/avatar\/36147980349df887ae30808df3e29474?s=96&d=mm&r=g","contentUrl":"https:\/\/secure.gravatar.com\/avatar\/36147980349df887ae30808df3e29474?s=96&d=mm&r=g","caption":"bobea.info"},"sameAs":["https:\/\/bobea.net"],"url":"https:\/\/bobea.net\/index.php\/author\/bobea-info\/"}]}},"_links":{"self":[{"href":"https:\/\/bobea.net\/index.php\/wp-json\/wp\/v2\/posts\/25515"}],"collection":[{"href":"https:\/\/bobea.net\/index.php\/wp-json\/wp\/v2\/posts"}],"about":[{"href":"https:\/\/bobea.net\/index.php\/wp-json\/wp\/v2\/types\/post"}],"author":[{"embeddable":true,"href":"https:\/\/bobea.net\/index.php\/wp-json\/wp\/v2\/users\/1"}],"replies":[{"embeddable":true,"href":"https:\/\/bobea.net\/index.php\/wp-json\/wp\/v2\/comments?post=25515"}],"version-history":[{"count":2,"href":"https:\/\/bobea.net\/index.php\/wp-json\/wp\/v2\/posts\/25515\/revisions"}],"predecessor-version":[{"id":25588,"href":"https:\/\/bobea.net\/index.php\/wp-json\/wp\/v2\/posts\/25515\/revisions\/25588"}],"wp:featuredmedia":[{"embeddable":true,"href":"https:\/\/bobea.net\/index.php\/wp-json\/wp\/v2\/media\/25585"}],"wp:attachment":[{"href":"https:\/\/bobea.net\/index.php\/wp-json\/wp\/v2\/media?parent=25515"}],"wp:term":[{"taxonomy":"category","embeddable":true,"href":"https:\/\/bobea.net\/index.php\/wp-json\/wp\/v2\/categories?post=25515"},{"taxonomy":"post_tag","embeddable":true,"href":"https:\/\/bobea.net\/index.php\/wp-json\/wp\/v2\/tags?post=25515"}],"curies":[{"name":"wp","href":"https:\/\/api.w.org\/{rel}","templated":true}]}}