{"id":25511,"date":"2025-10-06T09:01:50","date_gmt":"2025-10-06T09:01:50","guid":{"rendered":"https:\/\/bobea.net\/?p=25511"},"modified":"2025-10-06T09:01:52","modified_gmt":"2025-10-06T09:01:52","slug":"poutine-entre-peur-des-drones-et-menaces-de-riposte","status":"publish","type":"post","link":"https:\/\/bobea.net\/index.php\/2025\/10\/06\/poutine-entre-peur-des-drones-et-menaces-de-riposte\/","title":{"rendered":"Poutine \u2014 Entre peur des drones et menaces de riposte"},"content":{"rendered":"\n<p>Depuis plusieurs semaines, l\u2019Europe fait face \u00e0 une s\u00e9rie d\u2019intrusions inqui\u00e9\u00adtantes de drones non iden\u00adti\u00adfi\u00e9s dans son espace a\u00e9rien, notam\u00adment en Pologne, en Roumanie, en Norv\u00e8ge et dans les pays scan\u00addi\u00adnaves. Ces incur\u00adsions sont tr\u00e8s vite attribu\u00e9es \u00e0 la Russie et pris\u00ades tr\u00e8s au s\u00e9rieux par l\u2019OTAN et les autorit\u00e9s europ\u00e9ennes, con\u00adtraintes de ren\u00adforcer leur dis\u00adposi\u00adtif de d\u00e9fense a\u00e9ri\u00adenne.<\/p>\n\n\n\n<p>Vladimir Pou\u00adtine, tout en niant directe\u00adment toute inten\u00adtion hos\u00adtile, observe avec ironie les r\u00e9ac\u00adtions occi\u00adden\u00adtales. Lors d\u2019un forum \u00e0 Sotchi d\u00e9but octo\u00adbre 2025, il a lanc\u00e9 : \u00ab&nbsp;Je ne recom\u00admencerai plus, promis&nbsp;\u00bb, avant d\u2019ajouter que Moscou sur\u00adveille de pr\u00e8s la mil\u00adi\u00adtari\u00adsa\u00adtion crois\u00adsante de l\u2019Europe et promet de r\u00e9pli\u00adquer de mani\u00e8re tr\u00e8s con\u00adva\u00adin\u00adcante en cas d\u2019agression.<\/p>\n\n\n\n<p>Cette escalade inter\u00advient dans un con\u00adtexte tr\u00e8s ten\u00addu de la guerre en Ukraine o\u00f9 la Russie teste la capac\u00adit\u00e9 des d\u00e9fens\u00ades europ\u00e9ennes \u00e0 pro\u00adt\u00e9ger leur espace a\u00e9rien, notam\u00adment autour de la fron\u00adti\u00e8re ukraini\u00adenne. Les drones, en grand nom\u00adbre, ser\u00advent surtout de cap\u00adteurs pour col\u00adlecter des infor\u00adma\u00adtions pr\u00e9\u00adcis\u00ades sur les radars et la coor\u00addi\u00adna\u00adtion des forces europ\u00e9ennes. En par\u00adal\u00adl\u00e8le, des exer\u00adci\u00adces mil\u00adi\u00adtaires russ\u00ades mas\u00adsifs bap\u00adtis\u00e9s \u00ab Zapad-2025 \u00bb simu\u00adlent des man\u0153u\u00advres d\u2019assaut pr\u00e9\u00adcis sur l\u2019ouest du con\u00adti\u00adnent.<\/p>\n\n\n\n<figure class=\"wp-block-image size-full is-resized\"><img loading=\"lazy\" decoding=\"async\" width=\"734\" height=\"489\" src=\"https:\/\/bobea.net\/wp-content\/uploads\/2025\/10\/AP24060453960104.jpg\" alt class=\"wp-image-25512\" style=\"width:840px;height:auto\" srcset=\"https:\/\/bobea.net\/wp-content\/uploads\/2025\/10\/AP24060453960104.jpg 734w, https:\/\/bobea.net\/wp-content\/uploads\/2025\/10\/AP24060453960104-300x200.jpg 300w\" sizes=\"(max-width: 734px) 100vw, 734px\"><\/figure>\n\n\n\n<p>Cette strat\u00e9gie de pres\u00adsion s\u2019inscrit dans un plan d\u2019intimidation poli\u00adtique qui vise \u00e0 affaib\u00adlir l\u2019unit\u00e9 europ\u00e9enne face \u00e0 la crise ukraini\u00adenne. Mal\u00adgr\u00e9 la pos\u00adture sar\u00adcas\u00adtique de Pou\u00adtine, ses paroles traduisent une pr\u00e9\u00adpa\u00adra\u00adtion s\u00e9rieuse \u00e0 une riposte poten\u00adtielle, face \u00e0 ce qu\u2019il con\u00adsid\u00ad\u00e8re comme une men\u00adace directe pour les int\u00e9r\u00eats russ\u00ades. L\u2019OTAN, de son c\u00f4t\u00e9, ren\u00adforce l\u2019op\u00e9ration \u00ab Sen\u00adtinelle ori\u00aden\u00adtale \u00bb pour s\u00e9curis\u00ader les fron\u00adti\u00e8res a\u00e9ri\u00adennes et ras\u00adsur\u00ader ses mem\u00adbres dans cette phase volatile de ten\u00adsions.<\/p>\n\n\n\n<p>Les semaines \u00e0 venir seront d\u00e9ter\u00admi\u00adnantes pour mesur\u00ader les capac\u00adit\u00e9s de d\u00e9tec\u00adtion, de d\u00e9fense et de n\u00e9go\u00adci\u00ada\u00adtion entre la Russie, l\u2019Europe et les \u00c9tats-Unis. L\u2019\u00e9quilibre frag\u00adile de la paix en Europe d\u00e9pen\u00addra large\u00adment de la r\u00e9ponse col\u00adlec\u00adtive \u00e0 cette nou\u00advelle forme de guerre tech\u00adnologique.<\/p>\n","protected":false},"excerpt":{"rendered":"<p>Depuis plusieurs semaines, l\u2019Europe fait face \u00e0 une s\u00e9rie d\u2019intrusions inqui\u00e9\u00adtantes de drones non iden\u00adti\u00adfi\u00e9s dans son espace a\u00e9rien, notam\u00adment en Pologne, en Roumanie, en Norv\u00e8ge et dans les pays\u2026 <\/p>\n","protected":false},"author":1,"featured_media":25513,"comment_status":"open","ping_status":"closed","sticky":false,"template":"","format":"standard","meta":{"wp_typography_post_enhancements_disabled":false,"footnotes":""},"categories":[73],"tags":[],"class_list":["post-25511","post","type-post","status-publish","format-standard","has-post-thumbnail","hentry","category-on-en-parle"],"yoast_head":"<!-- This site is optimized with the Yoast SEO plugin v24.7 - https:\/\/yoast.com\/wordpress\/plugins\/seo\/ -->\n<title>Poutine \u2014 Entre peur des drones et menaces de riposte - Bobea<\/title>\n<meta name=\"description\" content=\"Les semaines \u00e0 venir seront d\u00e9terminantes pour mesurer les capacit\u00e9s de d\u00e9tection, de d\u00e9fense et de n\u00e9gociation entre la Russie\" \/>\n<meta name=\"robots\" content=\"index, follow, max-snippet:-1, max-image-preview:large, max-video-preview:-1\" \/>\n<link rel=\"canonical\" href=\"https:\/\/bobea.net\/index.php\/2025\/10\/06\/poutine-entre-peur-des-drones-et-menaces-de-riposte\/\" \/>\n<meta property=\"og:locale\" content=\"fr_FR\" \/>\n<meta property=\"og:type\" content=\"article\" \/>\n<meta property=\"og:title\" content=\"Poutine \u2014 Entre peur des drones et menaces de riposte - Bobea\" \/>\n<meta property=\"og:description\" content=\"Les semaines \u00e0 venir seront d\u00e9terminantes pour mesurer les capacit\u00e9s de d\u00e9tection, de d\u00e9fense et de n\u00e9gociation entre la Russie\" \/>\n<meta property=\"og:url\" content=\"https:\/\/bobea.net\/index.php\/2025\/10\/06\/poutine-entre-peur-des-drones-et-menaces-de-riposte\/\" \/>\n<meta property=\"og:site_name\" content=\"Bobea\" \/>\n<meta property=\"article:publisher\" content=\"https:\/\/web.facebook.com\/profile.php?id=61559252188416\" \/>\n<meta property=\"article:published_time\" content=\"2025-10-06T09:01:50+00:00\" \/>\n<meta property=\"article:modified_time\" content=\"2025-10-06T09:01:52+00:00\" \/>\n<meta property=\"og:image\" content=\"https:\/\/bobea.net\/wp-content\/uploads\/2025\/10\/1536x864_cmsv2_47e8249b-5237-59e2-9bce-f04639bc705a-9493576.webp\" \/>\n\t<meta property=\"og:image:width\" content=\"1536\" \/>\n\t<meta property=\"og:image:height\" content=\"864\" \/>\n\t<meta property=\"og:image:type\" content=\"image\/webp\" \/>\n<meta name=\"author\" content=\"bobea.info\" \/>\n<meta name=\"twitter:card\" content=\"summary_large_image\" \/>\n<meta name=\"twitter:label1\" content=\"\u00c9crit par\" \/>\n\t<meta name=\"twitter:data1\" content=\"bobea.info\" \/>\n\t<meta name=\"twitter:label2\" content=\"Dur\u00e9e de lecture estim\u00e9e\" \/>\n\t<meta name=\"twitter:data2\" content=\"2 minutes\" \/>\n<script type=\"application\/ld+json\" class=\"yoast-schema-graph\">{\"@context\":\"https:\/\/schema.org\",\"@graph\":[{\"@type\":\"Article\",\"@id\":\"https:\/\/bobea.net\/index.php\/2025\/10\/06\/poutine-entre-peur-des-drones-et-menaces-de-riposte\/#article\",\"isPartOf\":{\"@id\":\"https:\/\/bobea.net\/index.php\/2025\/10\/06\/poutine-entre-peur-des-drones-et-menaces-de-riposte\/\"},\"author\":{\"name\":\"bobea.info\",\"@id\":\"https:\/\/bobea.net\/#\/schema\/person\/e7f45ef187918d7c956bf619dce90ccf\"},\"headline\":\"Poutine \u2014 Entre peur des drones et menaces de riposte\",\"datePublished\":\"2025-10-06T09:01:50+00:00\",\"dateModified\":\"2025-10-06T09:01:52+00:00\",\"mainEntityOfPage\":{\"@id\":\"https:\/\/bobea.net\/index.php\/2025\/10\/06\/poutine-entre-peur-des-drones-et-menaces-de-riposte\/\"},\"wordCount\":369,\"commentCount\":0,\"publisher\":{\"@id\":\"https:\/\/bobea.net\/#organization\"},\"image\":{\"@id\":\"https:\/\/bobea.net\/index.php\/2025\/10\/06\/poutine-entre-peur-des-drones-et-menaces-de-riposte\/#primaryimage\"},\"thumbnailUrl\":\"https:\/\/bobea.net\/wp-content\/uploads\/2025\/10\/1536x864_cmsv2_47e8249b-5237-59e2-9bce-f04639bc705a-9493576.webp\",\"articleSection\":[\"On en Parle\"],\"inLanguage\":\"fr-FR\",\"potentialAction\":[{\"@type\":\"CommentAction\",\"name\":\"Comment\",\"target\":[\"https:\/\/bobea.net\/index.php\/2025\/10\/06\/poutine-entre-peur-des-drones-et-menaces-de-riposte\/#respond\"]}]},{\"@type\":\"WebPage\",\"@id\":\"https:\/\/bobea.net\/index.php\/2025\/10\/06\/poutine-entre-peur-des-drones-et-menaces-de-riposte\/\",\"url\":\"https:\/\/bobea.net\/index.php\/2025\/10\/06\/poutine-entre-peur-des-drones-et-menaces-de-riposte\/\",\"name\":\"Poutine \u2014 Entre peur des drones et menaces de riposte - Bobea\",\"isPartOf\":{\"@id\":\"https:\/\/bobea.net\/#website\"},\"primaryImageOfPage\":{\"@id\":\"https:\/\/bobea.net\/index.php\/2025\/10\/06\/poutine-entre-peur-des-drones-et-menaces-de-riposte\/#primaryimage\"},\"image\":{\"@id\":\"https:\/\/bobea.net\/index.php\/2025\/10\/06\/poutine-entre-peur-des-drones-et-menaces-de-riposte\/#primaryimage\"},\"thumbnailUrl\":\"https:\/\/bobea.net\/wp-content\/uploads\/2025\/10\/1536x864_cmsv2_47e8249b-5237-59e2-9bce-f04639bc705a-9493576.webp\",\"datePublished\":\"2025-10-06T09:01:50+00:00\",\"dateModified\":\"2025-10-06T09:01:52+00:00\",\"description\":\"Les semaines \u00e0 venir seront d\u00e9terminantes pour mesurer les capacit\u00e9s de d\u00e9tection, de d\u00e9fense et de n\u00e9gociation entre la Russie\",\"breadcrumb\":{\"@id\":\"https:\/\/bobea.net\/index.php\/2025\/10\/06\/poutine-entre-peur-des-drones-et-menaces-de-riposte\/#breadcrumb\"},\"inLanguage\":\"fr-FR\",\"potentialAction\":[{\"@type\":\"ReadAction\",\"target\":[\"https:\/\/bobea.net\/index.php\/2025\/10\/06\/poutine-entre-peur-des-drones-et-menaces-de-riposte\/\"]}]},{\"@type\":\"ImageObject\",\"inLanguage\":\"fr-FR\",\"@id\":\"https:\/\/bobea.net\/index.php\/2025\/10\/06\/poutine-entre-peur-des-drones-et-menaces-de-riposte\/#primaryimage\",\"url\":\"https:\/\/bobea.net\/wp-content\/uploads\/2025\/10\/1536x864_cmsv2_47e8249b-5237-59e2-9bce-f04639bc705a-9493576.webp\",\"contentUrl\":\"https:\/\/bobea.net\/wp-content\/uploads\/2025\/10\/1536x864_cmsv2_47e8249b-5237-59e2-9bce-f04639bc705a-9493576.webp\",\"width\":1536,\"height\":864},{\"@type\":\"BreadcrumbList\",\"@id\":\"https:\/\/bobea.net\/index.php\/2025\/10\/06\/poutine-entre-peur-des-drones-et-menaces-de-riposte\/#breadcrumb\",\"itemListElement\":[{\"@type\":\"ListItem\",\"position\":1,\"name\":\"Accueil\",\"item\":\"https:\/\/bobea.net\/\"},{\"@type\":\"ListItem\",\"position\":2,\"name\":\"Poutine \u2014 Entre peur des drones et menaces de riposte\"}]},{\"@type\":\"WebSite\",\"@id\":\"https:\/\/bobea.net\/#website\",\"url\":\"https:\/\/bobea.net\/\",\"name\":\"Bobea\",\"description\":\"Le magazine de la nouvelle \u00c8ve\",\"publisher\":{\"@id\":\"https:\/\/bobea.net\/#organization\"},\"potentialAction\":[{\"@type\":\"SearchAction\",\"target\":{\"@type\":\"EntryPoint\",\"urlTemplate\":\"https:\/\/bobea.net\/?s={search_term_string}\"},\"query-input\":{\"@type\":\"PropertyValueSpecification\",\"valueRequired\":true,\"valueName\":\"search_term_string\"}}],\"inLanguage\":\"fr-FR\"},{\"@type\":\"Organization\",\"@id\":\"https:\/\/bobea.net\/#organization\",\"name\":\"Bobea\",\"url\":\"https:\/\/bobea.net\/\",\"logo\":{\"@type\":\"ImageObject\",\"inLanguage\":\"fr-FR\",\"@id\":\"https:\/\/bobea.net\/#\/schema\/logo\/image\/\",\"url\":\"https:\/\/bobea.net\/wp-content\/uploads\/2024\/06\/bobea.jpg\",\"contentUrl\":\"https:\/\/bobea.net\/wp-content\/uploads\/2024\/06\/bobea.jpg\",\"width\":1080,\"height\":1080,\"caption\":\"Bobea\"},\"image\":{\"@id\":\"https:\/\/bobea.net\/#\/schema\/logo\/image\/\"},\"sameAs\":[\"https:\/\/web.facebook.com\/profile.php?id=61559252188416\"]},{\"@type\":\"Person\",\"@id\":\"https:\/\/bobea.net\/#\/schema\/person\/e7f45ef187918d7c956bf619dce90ccf\",\"name\":\"bobea.info\",\"image\":{\"@type\":\"ImageObject\",\"inLanguage\":\"fr-FR\",\"@id\":\"https:\/\/bobea.net\/#\/schema\/person\/image\/\",\"url\":\"https:\/\/secure.gravatar.com\/avatar\/36147980349df887ae30808df3e29474?s=96&d=mm&r=g\",\"contentUrl\":\"https:\/\/secure.gravatar.com\/avatar\/36147980349df887ae30808df3e29474?s=96&d=mm&r=g\",\"caption\":\"bobea.info\"},\"sameAs\":[\"https:\/\/bobea.net\"],\"url\":\"https:\/\/bobea.net\/index.php\/author\/bobea-info\/\"}]}<\/script>\n<!-- \/ Yoast SEO plugin. -->","yoast_head_json":{"title":"Poutine \u2014 Entre peur des drones et menaces de riposte - Bobea","description":"Les semaines \u00e0 venir seront d\u00e9terminantes pour mesurer les capacit\u00e9s de d\u00e9tection, de d\u00e9fense et de n\u00e9gociation entre la Russie","robots":{"index":"index","follow":"follow","max-snippet":"max-snippet:-1","max-image-preview":"max-image-preview:large","max-video-preview":"max-video-preview:-1"},"canonical":"https:\/\/bobea.net\/index.php\/2025\/10\/06\/poutine-entre-peur-des-drones-et-menaces-de-riposte\/","og_locale":"fr_FR","og_type":"article","og_title":"Poutine \u2014 Entre peur des drones et menaces de riposte - Bobea","og_description":"Les semaines \u00e0 venir seront d\u00e9terminantes pour mesurer les capacit\u00e9s de d\u00e9tection, de d\u00e9fense et de n\u00e9gociation entre la Russie","og_url":"https:\/\/bobea.net\/index.php\/2025\/10\/06\/poutine-entre-peur-des-drones-et-menaces-de-riposte\/","og_site_name":"Bobea","article_publisher":"https:\/\/web.facebook.com\/profile.php?id=61559252188416","article_published_time":"2025-10-06T09:01:50+00:00","article_modified_time":"2025-10-06T09:01:52+00:00","og_image":[{"width":1536,"height":864,"url":"https:\/\/bobea.net\/wp-content\/uploads\/2025\/10\/1536x864_cmsv2_47e8249b-5237-59e2-9bce-f04639bc705a-9493576.webp","type":"image\/webp"}],"author":"bobea.info","twitter_card":"summary_large_image","twitter_misc":{"\u00c9crit par":"bobea.info","Dur\u00e9e de lecture estim\u00e9e":"2 minutes"},"schema":{"@context":"https:\/\/schema.org","@graph":[{"@type":"Article","@id":"https:\/\/bobea.net\/index.php\/2025\/10\/06\/poutine-entre-peur-des-drones-et-menaces-de-riposte\/#article","isPartOf":{"@id":"https:\/\/bobea.net\/index.php\/2025\/10\/06\/poutine-entre-peur-des-drones-et-menaces-de-riposte\/"},"author":{"name":"bobea.info","@id":"https:\/\/bobea.net\/#\/schema\/person\/e7f45ef187918d7c956bf619dce90ccf"},"headline":"Poutine \u2014 Entre peur des drones et menaces de riposte","datePublished":"2025-10-06T09:01:50+00:00","dateModified":"2025-10-06T09:01:52+00:00","mainEntityOfPage":{"@id":"https:\/\/bobea.net\/index.php\/2025\/10\/06\/poutine-entre-peur-des-drones-et-menaces-de-riposte\/"},"wordCount":369,"commentCount":0,"publisher":{"@id":"https:\/\/bobea.net\/#organization"},"image":{"@id":"https:\/\/bobea.net\/index.php\/2025\/10\/06\/poutine-entre-peur-des-drones-et-menaces-de-riposte\/#primaryimage"},"thumbnailUrl":"https:\/\/bobea.net\/wp-content\/uploads\/2025\/10\/1536x864_cmsv2_47e8249b-5237-59e2-9bce-f04639bc705a-9493576.webp","articleSection":["On en Parle"],"inLanguage":"fr-FR","potentialAction":[{"@type":"CommentAction","name":"Comment","target":["https:\/\/bobea.net\/index.php\/2025\/10\/06\/poutine-entre-peur-des-drones-et-menaces-de-riposte\/#respond"]}]},{"@type":"WebPage","@id":"https:\/\/bobea.net\/index.php\/2025\/10\/06\/poutine-entre-peur-des-drones-et-menaces-de-riposte\/","url":"https:\/\/bobea.net\/index.php\/2025\/10\/06\/poutine-entre-peur-des-drones-et-menaces-de-riposte\/","name":"Poutine \u2014 Entre peur des drones et menaces de riposte - Bobea","isPartOf":{"@id":"https:\/\/bobea.net\/#website"},"primaryImageOfPage":{"@id":"https:\/\/bobea.net\/index.php\/2025\/10\/06\/poutine-entre-peur-des-drones-et-menaces-de-riposte\/#primaryimage"},"image":{"@id":"https:\/\/bobea.net\/index.php\/2025\/10\/06\/poutine-entre-peur-des-drones-et-menaces-de-riposte\/#primaryimage"},"thumbnailUrl":"https:\/\/bobea.net\/wp-content\/uploads\/2025\/10\/1536x864_cmsv2_47e8249b-5237-59e2-9bce-f04639bc705a-9493576.webp","datePublished":"2025-10-06T09:01:50+00:00","dateModified":"2025-10-06T09:01:52+00:00","description":"Les semaines \u00e0 venir seront d\u00e9terminantes pour mesurer les capacit\u00e9s de d\u00e9tection, de d\u00e9fense et de n\u00e9gociation entre la Russie","breadcrumb":{"@id":"https:\/\/bobea.net\/index.php\/2025\/10\/06\/poutine-entre-peur-des-drones-et-menaces-de-riposte\/#breadcrumb"},"inLanguage":"fr-FR","potentialAction":[{"@type":"ReadAction","target":["https:\/\/bobea.net\/index.php\/2025\/10\/06\/poutine-entre-peur-des-drones-et-menaces-de-riposte\/"]}]},{"@type":"ImageObject","inLanguage":"fr-FR","@id":"https:\/\/bobea.net\/index.php\/2025\/10\/06\/poutine-entre-peur-des-drones-et-menaces-de-riposte\/#primaryimage","url":"https:\/\/bobea.net\/wp-content\/uploads\/2025\/10\/1536x864_cmsv2_47e8249b-5237-59e2-9bce-f04639bc705a-9493576.webp","contentUrl":"https:\/\/bobea.net\/wp-content\/uploads\/2025\/10\/1536x864_cmsv2_47e8249b-5237-59e2-9bce-f04639bc705a-9493576.webp","width":1536,"height":864},{"@type":"BreadcrumbList","@id":"https:\/\/bobea.net\/index.php\/2025\/10\/06\/poutine-entre-peur-des-drones-et-menaces-de-riposte\/#breadcrumb","itemListElement":[{"@type":"ListItem","position":1,"name":"Accueil","item":"https:\/\/bobea.net\/"},{"@type":"ListItem","position":2,"name":"Poutine \u2014 Entre peur des drones et menaces de riposte"}]},{"@type":"WebSite","@id":"https:\/\/bobea.net\/#website","url":"https:\/\/bobea.net\/","name":"Bobea","description":"Le magazine de la nouvelle \u00c8ve","publisher":{"@id":"https:\/\/bobea.net\/#organization"},"potentialAction":[{"@type":"SearchAction","target":{"@type":"EntryPoint","urlTemplate":"https:\/\/bobea.net\/?s={search_term_string}"},"query-input":{"@type":"PropertyValueSpecification","valueRequired":true,"valueName":"search_term_string"}}],"inLanguage":"fr-FR"},{"@type":"Organization","@id":"https:\/\/bobea.net\/#organization","name":"Bobea","url":"https:\/\/bobea.net\/","logo":{"@type":"ImageObject","inLanguage":"fr-FR","@id":"https:\/\/bobea.net\/#\/schema\/logo\/image\/","url":"https:\/\/bobea.net\/wp-content\/uploads\/2024\/06\/bobea.jpg","contentUrl":"https:\/\/bobea.net\/wp-content\/uploads\/2024\/06\/bobea.jpg","width":1080,"height":1080,"caption":"Bobea"},"image":{"@id":"https:\/\/bobea.net\/#\/schema\/logo\/image\/"},"sameAs":["https:\/\/web.facebook.com\/profile.php?id=61559252188416"]},{"@type":"Person","@id":"https:\/\/bobea.net\/#\/schema\/person\/e7f45ef187918d7c956bf619dce90ccf","name":"bobea.info","image":{"@type":"ImageObject","inLanguage":"fr-FR","@id":"https:\/\/bobea.net\/#\/schema\/person\/image\/","url":"https:\/\/secure.gravatar.com\/avatar\/36147980349df887ae30808df3e29474?s=96&d=mm&r=g","contentUrl":"https:\/\/secure.gravatar.com\/avatar\/36147980349df887ae30808df3e29474?s=96&d=mm&r=g","caption":"bobea.info"},"sameAs":["https:\/\/bobea.net"],"url":"https:\/\/bobea.net\/index.php\/author\/bobea-info\/"}]}},"_links":{"self":[{"href":"https:\/\/bobea.net\/index.php\/wp-json\/wp\/v2\/posts\/25511"}],"collection":[{"href":"https:\/\/bobea.net\/index.php\/wp-json\/wp\/v2\/posts"}],"about":[{"href":"https:\/\/bobea.net\/index.php\/wp-json\/wp\/v2\/types\/post"}],"author":[{"embeddable":true,"href":"https:\/\/bobea.net\/index.php\/wp-json\/wp\/v2\/users\/1"}],"replies":[{"embeddable":true,"href":"https:\/\/bobea.net\/index.php\/wp-json\/wp\/v2\/comments?post=25511"}],"version-history":[{"count":1,"href":"https:\/\/bobea.net\/index.php\/wp-json\/wp\/v2\/posts\/25511\/revisions"}],"predecessor-version":[{"id":25514,"href":"https:\/\/bobea.net\/index.php\/wp-json\/wp\/v2\/posts\/25511\/revisions\/25514"}],"wp:featuredmedia":[{"embeddable":true,"href":"https:\/\/bobea.net\/index.php\/wp-json\/wp\/v2\/media\/25513"}],"wp:attachment":[{"href":"https:\/\/bobea.net\/index.php\/wp-json\/wp\/v2\/media?parent=25511"}],"wp:term":[{"taxonomy":"category","embeddable":true,"href":"https:\/\/bobea.net\/index.php\/wp-json\/wp\/v2\/categories?post=25511"},{"taxonomy":"post_tag","embeddable":true,"href":"https:\/\/bobea.net\/index.php\/wp-json\/wp\/v2\/tags?post=25511"}],"curies":[{"name":"wp","href":"https:\/\/api.w.org\/{rel}","templated":true}]}}