{"id":25507,"date":"2025-10-06T08:10:51","date_gmt":"2025-10-06T08:10:51","guid":{"rendered":"https:\/\/bobea.net\/?p=25507"},"modified":"2025-10-06T08:10:52","modified_gmt":"2025-10-06T08:10:52","slug":"retailleau-crise-au-gouvernement-et-menace-de-dissolution","status":"publish","type":"post","link":"https:\/\/bobea.net\/index.php\/2025\/10\/06\/retailleau-crise-au-gouvernement-et-menace-de-dissolution\/","title":{"rendered":"Retailleau \u2014 Crise au gouvernement et menace de dissolution ?"},"content":{"rendered":"\n<p>Bruno Retail\u00adleau, min\u00adistre de l\u2019Int\u00e9rieur et pr\u00e9si\u00addent des R\u00e9pub\u00adli\u00adcains, se place au c\u0153ur d\u2019une tour\u00admente poli\u00adtique majeure dans ce d\u00e9but d\u2019automne 2025. Recon\u00adduit \u00e0 son poste dans le nou\u00adveau gou\u00adverne\u00adment de S\u00e9bastien Lecor\u00adnu, il exprime ouverte\u00adment ses doutes et cri\u00adtiques \u00e0 l\u2019\u00e9gard de la com\u00adpo\u00adsi\u00adtion et de l\u2019orientation strat\u00e9gique de l\u2019ex\u00e9cutif.<\/p>\n\n\n\n<p>Dans plusieurs d\u00e9c\u00adla\u00adra\u00adtions publiques et sur les r\u00e9seaux soci\u00adaux, Retail\u00adleau d\u00e9nonce un gou\u00adverne\u00adment qui ne refl\u00e8te pas la \u00ab&nbsp;rup\u00adture promise&nbsp;\u00bb par Emmanuel Macron et S. Lecor\u00adnu, qual\u00adi\u00adfi\u00adant cette \u00e9quipe de \u00ab&nbsp;copi\u00e9-col\u00adl\u00e9 des derniers macro\u00adnistes agrip\u00adp\u00e9s au radeau de la M\u00e9duse&nbsp;\u00bb. Il \u00e9voque le risque immi\u00adnent d\u2019une cen\u00adsure par\u00adlemen\u00adtaire et annonce la con\u00advo\u00adca\u00adtion d\u2019un comit\u00e9 strat\u00e9gique des R\u00e9pub\u00adli\u00adcains pour dis\u00adcuter de la posi\u00adtion du par\u00adti face \u00e0 cette sit\u00adu\u00ada\u00adtion.<\/p>\n\n\n\n<p>Cette prise de posi\u00adtion inter\u00advient dans un con\u00adtexte o\u00f9 l\u2019opposition, notam\u00adment le RN et LFI, durcit son ton et men\u00adace de faire tomber le gou\u00adverne\u00adment, provo\u00adquant une crise poli\u00adtique majeure. Retail\u00adleau exprime aus\u00adsi des d\u00e9sac\u00adcords avec la poli\u00adtique d\u2019Emmanuel Macron, notam\u00adment sur l\u2019immigration et la ges\u00adtion des mou\u00adve\u00adments soci\u00adaux, tout en appelant \u00e0 un recen\u00adtrage plus mar\u00adqu\u00e9 sur les valeurs con\u00adser\u00adva\u00adtri\u00adces et sou\u00adverain\u00adistes.<\/p>\n\n\n\n<figure class=\"wp-block-image size-full\"><img decoding=\"async\" src=\"https:\/\/bobea.net\/wp-content\/uploads\/2025\/10\/2647264.avif\" alt class=\"wp-image-25508\"><\/figure>\n\n\n\n<p>Cette sit\u00adu\u00ada\u00adtion in\u00e9dite, mar\u00adqu\u00e9e par une cacoph\u00ado\u00adnie au sein m\u00eame de la majorit\u00e9 pr\u00e9si\u00adden\u00adtielle et de ses alli\u00e9s, frag\u00adilise la sta\u00adbil\u00adit\u00e9 de l\u2019\u00e9quipe gou\u00adverne\u00admen\u00adtale. Retail\u00adleau, bien que min\u00adistre, pour\u00adrait incar\u00adn\u00ader le fer\u00adment d\u2019un d\u00e9sac\u00adcord plus pro\u00adfond et d\u2019une pos\u00adsi\u00adble \u00e9vo\u00adlu\u00adtion majeure voire d\u2019une sor\u00adtie pr\u00e9\u00adcip\u00adit\u00e9e du gou\u00adverne\u00adment.<\/p>\n\n\n\n<p>Alors que le Pre\u00admier min\u00adistre pr\u00e9\u00adpare sa d\u00e9c\u00adla\u00adra\u00adtion de poli\u00adtique g\u00e9n\u00e9rale \u00e0 l\u2019Assembl\u00e9e, l\u2019avenir poli\u00adtique du gou\u00adverne\u00adment Lecor\u00adnu d\u00e9pen\u00addra en grande par\u00adtie de la capac\u00adit\u00e9 \u00e0 con\u00adtenir les dis\u00adsen\u00adsions internes et \u00e0 con\u00adva\u00adin\u00adcre l\u2019opinion publique d\u2019un r\u00e9el pro\u00adjet pour la France. Ce pre\u00admier mois d\u2019exercice laisse pr\u00e9sager un automne poli\u00adtique incer\u00adtain et poten\u00adtielle\u00adment tumultueux.<\/p>\n","protected":false},"excerpt":{"rendered":"<p>Bruno Retail\u00adleau, min\u00adistre de l\u2019Int\u00e9rieur et pr\u00e9si\u00addent des R\u00e9pub\u00adli\u00adcains, se place au c\u0153ur d\u2019une tour\u00admente poli\u00adtique majeure dans ce d\u00e9but d\u2019automne 2025. Recon\u00adduit \u00e0 son poste dans le nou\u00adveau gou\u00adverne\u00adment\u2026 <\/p>\n","protected":false},"author":1,"featured_media":25509,"comment_status":"open","ping_status":"closed","sticky":false,"template":"","format":"standard","meta":{"wp_typography_post_enhancements_disabled":false,"footnotes":""},"categories":[73],"tags":[],"class_list":["post-25507","post","type-post","status-publish","format-standard","has-post-thumbnail","hentry","category-on-en-parle"],"yoast_head":"<!-- This site is optimized with the Yoast SEO plugin v24.7 - https:\/\/yoast.com\/wordpress\/plugins\/seo\/ -->\n<title>Retailleau \u2014 Crise au gouvernement et menace de dissolution ? - Bobea<\/title>\n<meta name=\"description\" content=\"Alors que le Premier ministre pr\u00e9pare sa d\u00e9claration de politique g\u00e9n\u00e9rale \u00e0 l\u2019Assembl\u00e9e, l\u2019avenir politique du gouvernement Lecornu\" \/>\n<meta name=\"robots\" content=\"index, follow, max-snippet:-1, max-image-preview:large, max-video-preview:-1\" \/>\n<link rel=\"canonical\" href=\"https:\/\/bobea.net\/index.php\/2025\/10\/06\/retailleau-crise-au-gouvernement-et-menace-de-dissolution\/\" \/>\n<meta property=\"og:locale\" content=\"fr_FR\" \/>\n<meta property=\"og:type\" content=\"article\" \/>\n<meta property=\"og:title\" content=\"Retailleau \u2014 Crise au gouvernement et menace de dissolution ? - Bobea\" \/>\n<meta property=\"og:description\" content=\"Alors que le Premier ministre pr\u00e9pare sa d\u00e9claration de politique g\u00e9n\u00e9rale \u00e0 l\u2019Assembl\u00e9e, l\u2019avenir politique du gouvernement Lecornu\" \/>\n<meta property=\"og:url\" content=\"https:\/\/bobea.net\/index.php\/2025\/10\/06\/retailleau-crise-au-gouvernement-et-menace-de-dissolution\/\" \/>\n<meta property=\"og:site_name\" content=\"Bobea\" \/>\n<meta property=\"article:publisher\" content=\"https:\/\/web.facebook.com\/profile.php?id=61559252188416\" \/>\n<meta property=\"article:published_time\" content=\"2025-10-06T08:10:51+00:00\" \/>\n<meta property=\"article:modified_time\" content=\"2025-10-06T08:10:52+00:00\" \/>\n<meta property=\"og:image\" content=\"https:\/\/bobea.net\/wp-content\/uploads\/2025\/10\/maxnewsworldsix605960-68275259bb3a7668077101-scaled.jpg\" \/>\n\t<meta property=\"og:image:width\" content=\"2560\" \/>\n\t<meta property=\"og:image:height\" content=\"1698\" \/>\n\t<meta property=\"og:image:type\" content=\"image\/jpeg\" \/>\n<meta name=\"author\" content=\"bobea.info\" \/>\n<meta name=\"twitter:card\" content=\"summary_large_image\" \/>\n<meta name=\"twitter:label1\" content=\"\u00c9crit par\" \/>\n\t<meta name=\"twitter:data1\" content=\"bobea.info\" \/>\n\t<meta name=\"twitter:label2\" content=\"Dur\u00e9e de lecture estim\u00e9e\" \/>\n\t<meta name=\"twitter:data2\" content=\"2 minutes\" \/>\n<script type=\"application\/ld+json\" class=\"yoast-schema-graph\">{\"@context\":\"https:\/\/schema.org\",\"@graph\":[{\"@type\":\"Article\",\"@id\":\"https:\/\/bobea.net\/index.php\/2025\/10\/06\/retailleau-crise-au-gouvernement-et-menace-de-dissolution\/#article\",\"isPartOf\":{\"@id\":\"https:\/\/bobea.net\/index.php\/2025\/10\/06\/retailleau-crise-au-gouvernement-et-menace-de-dissolution\/\"},\"author\":{\"name\":\"bobea.info\",\"@id\":\"https:\/\/bobea.net\/#\/schema\/person\/e7f45ef187918d7c956bf619dce90ccf\"},\"headline\":\"Retailleau \u2014 Crise au gouvernement et menace de dissolution ?\",\"datePublished\":\"2025-10-06T08:10:51+00:00\",\"dateModified\":\"2025-10-06T08:10:52+00:00\",\"mainEntityOfPage\":{\"@id\":\"https:\/\/bobea.net\/index.php\/2025\/10\/06\/retailleau-crise-au-gouvernement-et-menace-de-dissolution\/\"},\"wordCount\":337,\"commentCount\":0,\"publisher\":{\"@id\":\"https:\/\/bobea.net\/#organization\"},\"image\":{\"@id\":\"https:\/\/bobea.net\/index.php\/2025\/10\/06\/retailleau-crise-au-gouvernement-et-menace-de-dissolution\/#primaryimage\"},\"thumbnailUrl\":\"https:\/\/bobea.net\/wp-content\/uploads\/2025\/10\/maxnewsworldsix605960-68275259bb3a7668077101-scaled.jpg\",\"articleSection\":[\"On en Parle\"],\"inLanguage\":\"fr-FR\",\"potentialAction\":[{\"@type\":\"CommentAction\",\"name\":\"Comment\",\"target\":[\"https:\/\/bobea.net\/index.php\/2025\/10\/06\/retailleau-crise-au-gouvernement-et-menace-de-dissolution\/#respond\"]}]},{\"@type\":\"WebPage\",\"@id\":\"https:\/\/bobea.net\/index.php\/2025\/10\/06\/retailleau-crise-au-gouvernement-et-menace-de-dissolution\/\",\"url\":\"https:\/\/bobea.net\/index.php\/2025\/10\/06\/retailleau-crise-au-gouvernement-et-menace-de-dissolution\/\",\"name\":\"Retailleau \u2014 Crise au gouvernement et menace de dissolution ? - Bobea\",\"isPartOf\":{\"@id\":\"https:\/\/bobea.net\/#website\"},\"primaryImageOfPage\":{\"@id\":\"https:\/\/bobea.net\/index.php\/2025\/10\/06\/retailleau-crise-au-gouvernement-et-menace-de-dissolution\/#primaryimage\"},\"image\":{\"@id\":\"https:\/\/bobea.net\/index.php\/2025\/10\/06\/retailleau-crise-au-gouvernement-et-menace-de-dissolution\/#primaryimage\"},\"thumbnailUrl\":\"https:\/\/bobea.net\/wp-content\/uploads\/2025\/10\/maxnewsworldsix605960-68275259bb3a7668077101-scaled.jpg\",\"datePublished\":\"2025-10-06T08:10:51+00:00\",\"dateModified\":\"2025-10-06T08:10:52+00:00\",\"description\":\"Alors que le Premier ministre pr\u00e9pare sa d\u00e9claration de politique g\u00e9n\u00e9rale \u00e0 l\u2019Assembl\u00e9e, l\u2019avenir politique du gouvernement Lecornu\",\"breadcrumb\":{\"@id\":\"https:\/\/bobea.net\/index.php\/2025\/10\/06\/retailleau-crise-au-gouvernement-et-menace-de-dissolution\/#breadcrumb\"},\"inLanguage\":\"fr-FR\",\"potentialAction\":[{\"@type\":\"ReadAction\",\"target\":[\"https:\/\/bobea.net\/index.php\/2025\/10\/06\/retailleau-crise-au-gouvernement-et-menace-de-dissolution\/\"]}]},{\"@type\":\"ImageObject\",\"inLanguage\":\"fr-FR\",\"@id\":\"https:\/\/bobea.net\/index.php\/2025\/10\/06\/retailleau-crise-au-gouvernement-et-menace-de-dissolution\/#primaryimage\",\"url\":\"https:\/\/bobea.net\/wp-content\/uploads\/2025\/10\/maxnewsworldsix605960-68275259bb3a7668077101-scaled.jpg\",\"contentUrl\":\"https:\/\/bobea.net\/wp-content\/uploads\/2025\/10\/maxnewsworldsix605960-68275259bb3a7668077101-scaled.jpg\",\"width\":2560,\"height\":1698},{\"@type\":\"BreadcrumbList\",\"@id\":\"https:\/\/bobea.net\/index.php\/2025\/10\/06\/retailleau-crise-au-gouvernement-et-menace-de-dissolution\/#breadcrumb\",\"itemListElement\":[{\"@type\":\"ListItem\",\"position\":1,\"name\":\"Accueil\",\"item\":\"https:\/\/bobea.net\/\"},{\"@type\":\"ListItem\",\"position\":2,\"name\":\"Retailleau \u2014 Crise au gouvernement et menace de dissolution ?\"}]},{\"@type\":\"WebSite\",\"@id\":\"https:\/\/bobea.net\/#website\",\"url\":\"https:\/\/bobea.net\/\",\"name\":\"Bobea\",\"description\":\"Le magazine de la nouvelle \u00c8ve\",\"publisher\":{\"@id\":\"https:\/\/bobea.net\/#organization\"},\"potentialAction\":[{\"@type\":\"SearchAction\",\"target\":{\"@type\":\"EntryPoint\",\"urlTemplate\":\"https:\/\/bobea.net\/?s={search_term_string}\"},\"query-input\":{\"@type\":\"PropertyValueSpecification\",\"valueRequired\":true,\"valueName\":\"search_term_string\"}}],\"inLanguage\":\"fr-FR\"},{\"@type\":\"Organization\",\"@id\":\"https:\/\/bobea.net\/#organization\",\"name\":\"Bobea\",\"url\":\"https:\/\/bobea.net\/\",\"logo\":{\"@type\":\"ImageObject\",\"inLanguage\":\"fr-FR\",\"@id\":\"https:\/\/bobea.net\/#\/schema\/logo\/image\/\",\"url\":\"https:\/\/bobea.net\/wp-content\/uploads\/2024\/06\/bobea.jpg\",\"contentUrl\":\"https:\/\/bobea.net\/wp-content\/uploads\/2024\/06\/bobea.jpg\",\"width\":1080,\"height\":1080,\"caption\":\"Bobea\"},\"image\":{\"@id\":\"https:\/\/bobea.net\/#\/schema\/logo\/image\/\"},\"sameAs\":[\"https:\/\/web.facebook.com\/profile.php?id=61559252188416\"]},{\"@type\":\"Person\",\"@id\":\"https:\/\/bobea.net\/#\/schema\/person\/e7f45ef187918d7c956bf619dce90ccf\",\"name\":\"bobea.info\",\"image\":{\"@type\":\"ImageObject\",\"inLanguage\":\"fr-FR\",\"@id\":\"https:\/\/bobea.net\/#\/schema\/person\/image\/\",\"url\":\"https:\/\/secure.gravatar.com\/avatar\/36147980349df887ae30808df3e29474?s=96&d=mm&r=g\",\"contentUrl\":\"https:\/\/secure.gravatar.com\/avatar\/36147980349df887ae30808df3e29474?s=96&d=mm&r=g\",\"caption\":\"bobea.info\"},\"sameAs\":[\"https:\/\/bobea.net\"],\"url\":\"https:\/\/bobea.net\/index.php\/author\/bobea-info\/\"}]}<\/script>\n<!-- \/ Yoast SEO plugin. -->","yoast_head_json":{"title":"Retailleau \u2014 Crise au gouvernement et menace de dissolution ? - Bobea","description":"Alors que le Premier ministre pr\u00e9pare sa d\u00e9claration de politique g\u00e9n\u00e9rale \u00e0 l\u2019Assembl\u00e9e, l\u2019avenir politique du gouvernement Lecornu","robots":{"index":"index","follow":"follow","max-snippet":"max-snippet:-1","max-image-preview":"max-image-preview:large","max-video-preview":"max-video-preview:-1"},"canonical":"https:\/\/bobea.net\/index.php\/2025\/10\/06\/retailleau-crise-au-gouvernement-et-menace-de-dissolution\/","og_locale":"fr_FR","og_type":"article","og_title":"Retailleau \u2014 Crise au gouvernement et menace de dissolution ? - Bobea","og_description":"Alors que le Premier ministre pr\u00e9pare sa d\u00e9claration de politique g\u00e9n\u00e9rale \u00e0 l\u2019Assembl\u00e9e, l\u2019avenir politique du gouvernement Lecornu","og_url":"https:\/\/bobea.net\/index.php\/2025\/10\/06\/retailleau-crise-au-gouvernement-et-menace-de-dissolution\/","og_site_name":"Bobea","article_publisher":"https:\/\/web.facebook.com\/profile.php?id=61559252188416","article_published_time":"2025-10-06T08:10:51+00:00","article_modified_time":"2025-10-06T08:10:52+00:00","og_image":[{"width":2560,"height":1698,"url":"https:\/\/bobea.net\/wp-content\/uploads\/2025\/10\/maxnewsworldsix605960-68275259bb3a7668077101-scaled.jpg","type":"image\/jpeg"}],"author":"bobea.info","twitter_card":"summary_large_image","twitter_misc":{"\u00c9crit par":"bobea.info","Dur\u00e9e de lecture estim\u00e9e":"2 minutes"},"schema":{"@context":"https:\/\/schema.org","@graph":[{"@type":"Article","@id":"https:\/\/bobea.net\/index.php\/2025\/10\/06\/retailleau-crise-au-gouvernement-et-menace-de-dissolution\/#article","isPartOf":{"@id":"https:\/\/bobea.net\/index.php\/2025\/10\/06\/retailleau-crise-au-gouvernement-et-menace-de-dissolution\/"},"author":{"name":"bobea.info","@id":"https:\/\/bobea.net\/#\/schema\/person\/e7f45ef187918d7c956bf619dce90ccf"},"headline":"Retailleau \u2014 Crise au gouvernement et menace de dissolution ?","datePublished":"2025-10-06T08:10:51+00:00","dateModified":"2025-10-06T08:10:52+00:00","mainEntityOfPage":{"@id":"https:\/\/bobea.net\/index.php\/2025\/10\/06\/retailleau-crise-au-gouvernement-et-menace-de-dissolution\/"},"wordCount":337,"commentCount":0,"publisher":{"@id":"https:\/\/bobea.net\/#organization"},"image":{"@id":"https:\/\/bobea.net\/index.php\/2025\/10\/06\/retailleau-crise-au-gouvernement-et-menace-de-dissolution\/#primaryimage"},"thumbnailUrl":"https:\/\/bobea.net\/wp-content\/uploads\/2025\/10\/maxnewsworldsix605960-68275259bb3a7668077101-scaled.jpg","articleSection":["On en Parle"],"inLanguage":"fr-FR","potentialAction":[{"@type":"CommentAction","name":"Comment","target":["https:\/\/bobea.net\/index.php\/2025\/10\/06\/retailleau-crise-au-gouvernement-et-menace-de-dissolution\/#respond"]}]},{"@type":"WebPage","@id":"https:\/\/bobea.net\/index.php\/2025\/10\/06\/retailleau-crise-au-gouvernement-et-menace-de-dissolution\/","url":"https:\/\/bobea.net\/index.php\/2025\/10\/06\/retailleau-crise-au-gouvernement-et-menace-de-dissolution\/","name":"Retailleau \u2014 Crise au gouvernement et menace de dissolution ? - Bobea","isPartOf":{"@id":"https:\/\/bobea.net\/#website"},"primaryImageOfPage":{"@id":"https:\/\/bobea.net\/index.php\/2025\/10\/06\/retailleau-crise-au-gouvernement-et-menace-de-dissolution\/#primaryimage"},"image":{"@id":"https:\/\/bobea.net\/index.php\/2025\/10\/06\/retailleau-crise-au-gouvernement-et-menace-de-dissolution\/#primaryimage"},"thumbnailUrl":"https:\/\/bobea.net\/wp-content\/uploads\/2025\/10\/maxnewsworldsix605960-68275259bb3a7668077101-scaled.jpg","datePublished":"2025-10-06T08:10:51+00:00","dateModified":"2025-10-06T08:10:52+00:00","description":"Alors que le Premier ministre pr\u00e9pare sa d\u00e9claration de politique g\u00e9n\u00e9rale \u00e0 l\u2019Assembl\u00e9e, l\u2019avenir politique du gouvernement Lecornu","breadcrumb":{"@id":"https:\/\/bobea.net\/index.php\/2025\/10\/06\/retailleau-crise-au-gouvernement-et-menace-de-dissolution\/#breadcrumb"},"inLanguage":"fr-FR","potentialAction":[{"@type":"ReadAction","target":["https:\/\/bobea.net\/index.php\/2025\/10\/06\/retailleau-crise-au-gouvernement-et-menace-de-dissolution\/"]}]},{"@type":"ImageObject","inLanguage":"fr-FR","@id":"https:\/\/bobea.net\/index.php\/2025\/10\/06\/retailleau-crise-au-gouvernement-et-menace-de-dissolution\/#primaryimage","url":"https:\/\/bobea.net\/wp-content\/uploads\/2025\/10\/maxnewsworldsix605960-68275259bb3a7668077101-scaled.jpg","contentUrl":"https:\/\/bobea.net\/wp-content\/uploads\/2025\/10\/maxnewsworldsix605960-68275259bb3a7668077101-scaled.jpg","width":2560,"height":1698},{"@type":"BreadcrumbList","@id":"https:\/\/bobea.net\/index.php\/2025\/10\/06\/retailleau-crise-au-gouvernement-et-menace-de-dissolution\/#breadcrumb","itemListElement":[{"@type":"ListItem","position":1,"name":"Accueil","item":"https:\/\/bobea.net\/"},{"@type":"ListItem","position":2,"name":"Retailleau \u2014 Crise au gouvernement et menace de dissolution ?"}]},{"@type":"WebSite","@id":"https:\/\/bobea.net\/#website","url":"https:\/\/bobea.net\/","name":"Bobea","description":"Le magazine de la nouvelle \u00c8ve","publisher":{"@id":"https:\/\/bobea.net\/#organization"},"potentialAction":[{"@type":"SearchAction","target":{"@type":"EntryPoint","urlTemplate":"https:\/\/bobea.net\/?s={search_term_string}"},"query-input":{"@type":"PropertyValueSpecification","valueRequired":true,"valueName":"search_term_string"}}],"inLanguage":"fr-FR"},{"@type":"Organization","@id":"https:\/\/bobea.net\/#organization","name":"Bobea","url":"https:\/\/bobea.net\/","logo":{"@type":"ImageObject","inLanguage":"fr-FR","@id":"https:\/\/bobea.net\/#\/schema\/logo\/image\/","url":"https:\/\/bobea.net\/wp-content\/uploads\/2024\/06\/bobea.jpg","contentUrl":"https:\/\/bobea.net\/wp-content\/uploads\/2024\/06\/bobea.jpg","width":1080,"height":1080,"caption":"Bobea"},"image":{"@id":"https:\/\/bobea.net\/#\/schema\/logo\/image\/"},"sameAs":["https:\/\/web.facebook.com\/profile.php?id=61559252188416"]},{"@type":"Person","@id":"https:\/\/bobea.net\/#\/schema\/person\/e7f45ef187918d7c956bf619dce90ccf","name":"bobea.info","image":{"@type":"ImageObject","inLanguage":"fr-FR","@id":"https:\/\/bobea.net\/#\/schema\/person\/image\/","url":"https:\/\/secure.gravatar.com\/avatar\/36147980349df887ae30808df3e29474?s=96&d=mm&r=g","contentUrl":"https:\/\/secure.gravatar.com\/avatar\/36147980349df887ae30808df3e29474?s=96&d=mm&r=g","caption":"bobea.info"},"sameAs":["https:\/\/bobea.net"],"url":"https:\/\/bobea.net\/index.php\/author\/bobea-info\/"}]}},"_links":{"self":[{"href":"https:\/\/bobea.net\/index.php\/wp-json\/wp\/v2\/posts\/25507"}],"collection":[{"href":"https:\/\/bobea.net\/index.php\/wp-json\/wp\/v2\/posts"}],"about":[{"href":"https:\/\/bobea.net\/index.php\/wp-json\/wp\/v2\/types\/post"}],"author":[{"embeddable":true,"href":"https:\/\/bobea.net\/index.php\/wp-json\/wp\/v2\/users\/1"}],"replies":[{"embeddable":true,"href":"https:\/\/bobea.net\/index.php\/wp-json\/wp\/v2\/comments?post=25507"}],"version-history":[{"count":1,"href":"https:\/\/bobea.net\/index.php\/wp-json\/wp\/v2\/posts\/25507\/revisions"}],"predecessor-version":[{"id":25510,"href":"https:\/\/bobea.net\/index.php\/wp-json\/wp\/v2\/posts\/25507\/revisions\/25510"}],"wp:featuredmedia":[{"embeddable":true,"href":"https:\/\/bobea.net\/index.php\/wp-json\/wp\/v2\/media\/25509"}],"wp:attachment":[{"href":"https:\/\/bobea.net\/index.php\/wp-json\/wp\/v2\/media?parent=25507"}],"wp:term":[{"taxonomy":"category","embeddable":true,"href":"https:\/\/bobea.net\/index.php\/wp-json\/wp\/v2\/categories?post=25507"},{"taxonomy":"post_tag","embeddable":true,"href":"https:\/\/bobea.net\/index.php\/wp-json\/wp\/v2\/tags?post=25507"}],"curies":[{"name":"wp","href":"https:\/\/api.w.org\/{rel}","templated":true}]}}