{"id":25503,"date":"2025-10-06T08:08:46","date_gmt":"2025-10-06T08:08:46","guid":{"rendered":"https:\/\/bobea.net\/?p=25503"},"modified":"2025-10-06T08:08:47","modified_gmt":"2025-10-06T08:08:47","slug":"nouveau-gouvernement-francais-retour-vers-le-passe-ou-renouveau","status":"publish","type":"post","link":"https:\/\/bobea.net\/index.php\/2025\/10\/06\/nouveau-gouvernement-francais-retour-vers-le-passe-ou-renouveau\/","title":{"rendered":"Nouveau gouvernement fran\u00e7ais \u2014 Retour vers le pass\u00e9 ou renouveau ?"},"content":{"rendered":"\n<p>Le pre\u00admier gou\u00adverne\u00adment du Pre\u00admier min\u00adistre S\u00e9bastien Lecor\u00adnu, annon\u00adc\u00e9 le 5 octo\u00adbre 2025, sus\u00adcite un vaste d\u00e9bat au sein de la classe poli\u00adtique fran\u00e7aise. Pro\u00admu pour incar\u00adn\u00ader une \u00ab&nbsp;rup\u00adture&nbsp;\u00bb avec les pr\u00e9c\u00e9\u00addentes \u00e9quipes, ce gou\u00adverne\u00adment est finale\u00adment per\u00e7u par beau\u00adcoup comme un pro\u00adlonge\u00adment qua\u00adsi-exact de l\u2019\u00e8re Fran\u00e7ois Bay\u00adrou, avec peu de nou\u00adveaut\u00e9s majeures.<\/p>\n\n\n\n<p>Avec une \u00e9quipe resser\u00adr\u00e9e de dix-huit min\u00adistres qui devrait s\u2019\u00e9toffer \u00e0 25 mem\u00adbres, la pr\u00e9sence de fig\u00adures bien con\u00adnues comme Bruno Le Maire ou Roland Les\u00adcure con\u00adforte cette impres\u00adsion de con\u00adti\u00adnu\u00adit\u00e9. Le gou\u00adverne\u00adment Lecor\u00adnu a pour mis\u00adsion pri\u00ador\u00adi\u00adtaire de sta\u00adbilis\u00ader l\u2019\u00e9conomie et pr\u00e9\u00adpar\u00ader le bud\u00adget 2026, tout en g\u00e9rant les ten\u00adsions sociales crois\u00adsantes dans le pays.<\/p>\n\n\n\n<p>L\u2019opposition ne s\u2019est pas fait atten\u00addre et cri\u00adtique vive\u00adment ce \u00ab&nbsp;gou\u00adverne\u00adment de per\u00addants&nbsp;\u00bb qui, selon ses d\u00e9tracteurs, manque d\u2019audace et ne porte pas la rup\u00adture promise. Marine Le Pen, pr\u00e9si\u00addente du groupe Rassem\u00adble\u00adment Nation\u00adal \u00e0 l\u2019Assembl\u00e9e, d\u00e9nonce un \u00ab&nbsp;gou\u00adverne\u00adment \u00e0 l\u2019identique, assaison\u00adn\u00e9 de l\u2019homme qui a mis la France en fail\u00adlite&nbsp;\u00bb, en r\u00e9f\u00e9rence \u00e0 Bruno Le Maire d\u00e9sor\u00admais aux Arm\u00e9es. Le Nou\u00adveau Front pop\u00adu\u00adlaire et La France Insoumise appel\u00adlent \u00e0 la dis\u00adso\u00adlu\u00adtion de l\u2019Assembl\u00e9e nationale, pointant l\u2019incapacit\u00e9 man\u00adi\u00adfeste \u00e0 sor\u00adtir des crises \u00e9conomique et sociale.<\/p>\n\n\n\n<figure class=\"wp-block-image size-full\"><img loading=\"lazy\" decoding=\"async\" width=\"885\" height=\"500\" src=\"https:\/\/bobea.net\/wp-content\/uploads\/2025\/10\/image-1.jpg\" alt class=\"wp-image-25504\" srcset=\"https:\/\/bobea.net\/wp-content\/uploads\/2025\/10\/image-1.jpg 885w, https:\/\/bobea.net\/wp-content\/uploads\/2025\/10\/image-1-300x169.jpg 300w, https:\/\/bobea.net\/wp-content\/uploads\/2025\/10\/image-1-768x434.jpg 768w\" sizes=\"(max-width: 885px) 100vw, 885px\"><\/figure>\n\n\n\n<p>Mal\u00adgr\u00e9 cela, le Pre\u00admier min\u00adistre S\u00e9bastien Lecor\u00adnu d\u00e9fend la com\u00adpo\u00adsi\u00adtion en insis\u00adtant sur la n\u00e9ces\u00adsit\u00e9 d\u2019union et estime rassem\u00adbler la majorit\u00e9 n\u00e9ces\u00adsaire pour faire avancer les r\u00e9formes. La d\u00e9c\u00adla\u00adra\u00adtion de poli\u00adtique g\u00e9n\u00e9rale devant l\u2019Assembl\u00e9e est atten\u00addue comme un moment cl\u00e9 pour asseoir la l\u00e9gitim\u00adit\u00e9 de ce gou\u00adverne\u00adment frag\u00adile.<\/p>\n\n\n\n<p>Loin d\u2019\u00eatre un sim\u00adple retour en arri\u00e8re, cette for\u00adma\u00adtion gou\u00adverne\u00admen\u00adtale mise sur la sta\u00adbil\u00adit\u00e9 et la ges\u00adtion prag\u00adma\u00adtique, dans un con\u00adtexte poli\u00adtique frag\u00admen\u00adt\u00e9 et incer\u00adtain. Toute\u00adfois, les cri\u00adtiques acerbes des par\u00adtis d\u2019opposition lais\u00adsent pr\u00e9sager un cli\u00admat ten\u00addu dans les semaines \u00e0 venir.<\/p>\n","protected":false},"excerpt":{"rendered":"<p>Le pre\u00admier gou\u00adverne\u00adment du Pre\u00admier min\u00adistre S\u00e9bastien Lecor\u00adnu, annon\u00adc\u00e9 le 5 octo\u00adbre 2025, sus\u00adcite un vaste d\u00e9bat au sein de la classe poli\u00adtique fran\u00e7aise. Pro\u00admu pour incar\u00adn\u00ader une \u00ab&nbsp;rup\u00adture&nbsp;\u00bb avec\u2026 <\/p>\n","protected":false},"author":1,"featured_media":25505,"comment_status":"open","ping_status":"closed","sticky":false,"template":"","format":"standard","meta":{"wp_typography_post_enhancements_disabled":false,"footnotes":""},"categories":[73],"tags":[],"class_list":["post-25503","post","type-post","status-publish","format-standard","has-post-thumbnail","hentry","category-on-en-parle"],"yoast_head":"<!-- This site is optimized with the Yoast SEO plugin v24.7 - https:\/\/yoast.com\/wordpress\/plugins\/seo\/ -->\n<title>Nouveau gouvernement fran\u00e7ais \u2014 Retour vers le pass\u00e9 ou renouveau ? - Bobea<\/title>\n<meta name=\"description\" content=\"Loin d\u2019\u00eatre un simple retour en arri\u00e8re, cette formation gouvernementale mise sur la stabilit\u00e9 et la gestion pragmatique, dans un contexte\" \/>\n<meta name=\"robots\" content=\"index, follow, max-snippet:-1, max-image-preview:large, max-video-preview:-1\" \/>\n<link rel=\"canonical\" href=\"https:\/\/bobea.net\/index.php\/2025\/10\/06\/nouveau-gouvernement-francais-retour-vers-le-passe-ou-renouveau\/\" \/>\n<meta property=\"og:locale\" content=\"fr_FR\" \/>\n<meta property=\"og:type\" content=\"article\" \/>\n<meta property=\"og:title\" content=\"Nouveau gouvernement fran\u00e7ais \u2014 Retour vers le pass\u00e9 ou renouveau ? - Bobea\" \/>\n<meta property=\"og:description\" content=\"Loin d\u2019\u00eatre un simple retour en arri\u00e8re, cette formation gouvernementale mise sur la stabilit\u00e9 et la gestion pragmatique, dans un contexte\" \/>\n<meta property=\"og:url\" content=\"https:\/\/bobea.net\/index.php\/2025\/10\/06\/nouveau-gouvernement-francais-retour-vers-le-passe-ou-renouveau\/\" \/>\n<meta property=\"og:site_name\" content=\"Bobea\" \/>\n<meta property=\"article:publisher\" content=\"https:\/\/web.facebook.com\/profile.php?id=61559252188416\" \/>\n<meta property=\"article:published_time\" content=\"2025-10-06T08:08:46+00:00\" \/>\n<meta property=\"article:modified_time\" content=\"2025-10-06T08:08:47+00:00\" \/>\n<meta property=\"og:image\" content=\"https:\/\/bobea.net\/wp-content\/uploads\/2025\/10\/emmanuel-macron-a-retarde-la-nomination-d-un-premier-ministre-photo-sipa-jeanne-accorsini-1734039356.jpg\" \/>\n\t<meta property=\"og:image:width\" content=\"1600\" \/>\n\t<meta property=\"og:image:height\" content=\"1067\" \/>\n\t<meta property=\"og:image:type\" content=\"image\/jpeg\" \/>\n<meta name=\"author\" content=\"bobea.info\" \/>\n<meta name=\"twitter:card\" content=\"summary_large_image\" \/>\n<meta name=\"twitter:label1\" content=\"\u00c9crit par\" \/>\n\t<meta name=\"twitter:data1\" content=\"bobea.info\" \/>\n\t<meta name=\"twitter:label2\" content=\"Dur\u00e9e de lecture estim\u00e9e\" \/>\n\t<meta name=\"twitter:data2\" content=\"2 minutes\" \/>\n<script type=\"application\/ld+json\" class=\"yoast-schema-graph\">{\"@context\":\"https:\/\/schema.org\",\"@graph\":[{\"@type\":\"Article\",\"@id\":\"https:\/\/bobea.net\/index.php\/2025\/10\/06\/nouveau-gouvernement-francais-retour-vers-le-passe-ou-renouveau\/#article\",\"isPartOf\":{\"@id\":\"https:\/\/bobea.net\/index.php\/2025\/10\/06\/nouveau-gouvernement-francais-retour-vers-le-passe-ou-renouveau\/\"},\"author\":{\"name\":\"bobea.info\",\"@id\":\"https:\/\/bobea.net\/#\/schema\/person\/e7f45ef187918d7c956bf619dce90ccf\"},\"headline\":\"Nouveau gouvernement fran\u00e7ais \u2014 Retour vers le pass\u00e9 ou renouveau ?\",\"datePublished\":\"2025-10-06T08:08:46+00:00\",\"dateModified\":\"2025-10-06T08:08:47+00:00\",\"mainEntityOfPage\":{\"@id\":\"https:\/\/bobea.net\/index.php\/2025\/10\/06\/nouveau-gouvernement-francais-retour-vers-le-passe-ou-renouveau\/\"},\"wordCount\":331,\"commentCount\":0,\"publisher\":{\"@id\":\"https:\/\/bobea.net\/#organization\"},\"image\":{\"@id\":\"https:\/\/bobea.net\/index.php\/2025\/10\/06\/nouveau-gouvernement-francais-retour-vers-le-passe-ou-renouveau\/#primaryimage\"},\"thumbnailUrl\":\"https:\/\/bobea.net\/wp-content\/uploads\/2025\/10\/emmanuel-macron-a-retarde-la-nomination-d-un-premier-ministre-photo-sipa-jeanne-accorsini-1734039356.jpg\",\"articleSection\":[\"On en Parle\"],\"inLanguage\":\"fr-FR\",\"potentialAction\":[{\"@type\":\"CommentAction\",\"name\":\"Comment\",\"target\":[\"https:\/\/bobea.net\/index.php\/2025\/10\/06\/nouveau-gouvernement-francais-retour-vers-le-passe-ou-renouveau\/#respond\"]}]},{\"@type\":\"WebPage\",\"@id\":\"https:\/\/bobea.net\/index.php\/2025\/10\/06\/nouveau-gouvernement-francais-retour-vers-le-passe-ou-renouveau\/\",\"url\":\"https:\/\/bobea.net\/index.php\/2025\/10\/06\/nouveau-gouvernement-francais-retour-vers-le-passe-ou-renouveau\/\",\"name\":\"Nouveau gouvernement fran\u00e7ais \u2014 Retour vers le pass\u00e9 ou renouveau ? - Bobea\",\"isPartOf\":{\"@id\":\"https:\/\/bobea.net\/#website\"},\"primaryImageOfPage\":{\"@id\":\"https:\/\/bobea.net\/index.php\/2025\/10\/06\/nouveau-gouvernement-francais-retour-vers-le-passe-ou-renouveau\/#primaryimage\"},\"image\":{\"@id\":\"https:\/\/bobea.net\/index.php\/2025\/10\/06\/nouveau-gouvernement-francais-retour-vers-le-passe-ou-renouveau\/#primaryimage\"},\"thumbnailUrl\":\"https:\/\/bobea.net\/wp-content\/uploads\/2025\/10\/emmanuel-macron-a-retarde-la-nomination-d-un-premier-ministre-photo-sipa-jeanne-accorsini-1734039356.jpg\",\"datePublished\":\"2025-10-06T08:08:46+00:00\",\"dateModified\":\"2025-10-06T08:08:47+00:00\",\"description\":\"Loin d\u2019\u00eatre un simple retour en arri\u00e8re, cette formation gouvernementale mise sur la stabilit\u00e9 et la gestion pragmatique, dans un contexte\",\"breadcrumb\":{\"@id\":\"https:\/\/bobea.net\/index.php\/2025\/10\/06\/nouveau-gouvernement-francais-retour-vers-le-passe-ou-renouveau\/#breadcrumb\"},\"inLanguage\":\"fr-FR\",\"potentialAction\":[{\"@type\":\"ReadAction\",\"target\":[\"https:\/\/bobea.net\/index.php\/2025\/10\/06\/nouveau-gouvernement-francais-retour-vers-le-passe-ou-renouveau\/\"]}]},{\"@type\":\"ImageObject\",\"inLanguage\":\"fr-FR\",\"@id\":\"https:\/\/bobea.net\/index.php\/2025\/10\/06\/nouveau-gouvernement-francais-retour-vers-le-passe-ou-renouveau\/#primaryimage\",\"url\":\"https:\/\/bobea.net\/wp-content\/uploads\/2025\/10\/emmanuel-macron-a-retarde-la-nomination-d-un-premier-ministre-photo-sipa-jeanne-accorsini-1734039356.jpg\",\"contentUrl\":\"https:\/\/bobea.net\/wp-content\/uploads\/2025\/10\/emmanuel-macron-a-retarde-la-nomination-d-un-premier-ministre-photo-sipa-jeanne-accorsini-1734039356.jpg\",\"width\":1600,\"height\":1067},{\"@type\":\"BreadcrumbList\",\"@id\":\"https:\/\/bobea.net\/index.php\/2025\/10\/06\/nouveau-gouvernement-francais-retour-vers-le-passe-ou-renouveau\/#breadcrumb\",\"itemListElement\":[{\"@type\":\"ListItem\",\"position\":1,\"name\":\"Accueil\",\"item\":\"https:\/\/bobea.net\/\"},{\"@type\":\"ListItem\",\"position\":2,\"name\":\"Nouveau gouvernement fran\u00e7ais \u2014 Retour vers le pass\u00e9 ou renouveau ?\"}]},{\"@type\":\"WebSite\",\"@id\":\"https:\/\/bobea.net\/#website\",\"url\":\"https:\/\/bobea.net\/\",\"name\":\"Bobea\",\"description\":\"Le magazine de la nouvelle \u00c8ve\",\"publisher\":{\"@id\":\"https:\/\/bobea.net\/#organization\"},\"potentialAction\":[{\"@type\":\"SearchAction\",\"target\":{\"@type\":\"EntryPoint\",\"urlTemplate\":\"https:\/\/bobea.net\/?s={search_term_string}\"},\"query-input\":{\"@type\":\"PropertyValueSpecification\",\"valueRequired\":true,\"valueName\":\"search_term_string\"}}],\"inLanguage\":\"fr-FR\"},{\"@type\":\"Organization\",\"@id\":\"https:\/\/bobea.net\/#organization\",\"name\":\"Bobea\",\"url\":\"https:\/\/bobea.net\/\",\"logo\":{\"@type\":\"ImageObject\",\"inLanguage\":\"fr-FR\",\"@id\":\"https:\/\/bobea.net\/#\/schema\/logo\/image\/\",\"url\":\"https:\/\/bobea.net\/wp-content\/uploads\/2024\/06\/bobea.jpg\",\"contentUrl\":\"https:\/\/bobea.net\/wp-content\/uploads\/2024\/06\/bobea.jpg\",\"width\":1080,\"height\":1080,\"caption\":\"Bobea\"},\"image\":{\"@id\":\"https:\/\/bobea.net\/#\/schema\/logo\/image\/\"},\"sameAs\":[\"https:\/\/web.facebook.com\/profile.php?id=61559252188416\"]},{\"@type\":\"Person\",\"@id\":\"https:\/\/bobea.net\/#\/schema\/person\/e7f45ef187918d7c956bf619dce90ccf\",\"name\":\"bobea.info\",\"image\":{\"@type\":\"ImageObject\",\"inLanguage\":\"fr-FR\",\"@id\":\"https:\/\/bobea.net\/#\/schema\/person\/image\/\",\"url\":\"https:\/\/secure.gravatar.com\/avatar\/36147980349df887ae30808df3e29474?s=96&d=mm&r=g\",\"contentUrl\":\"https:\/\/secure.gravatar.com\/avatar\/36147980349df887ae30808df3e29474?s=96&d=mm&r=g\",\"caption\":\"bobea.info\"},\"sameAs\":[\"https:\/\/bobea.net\"],\"url\":\"https:\/\/bobea.net\/index.php\/author\/bobea-info\/\"}]}<\/script>\n<!-- \/ Yoast SEO plugin. -->","yoast_head_json":{"title":"Nouveau gouvernement fran\u00e7ais \u2014 Retour vers le pass\u00e9 ou renouveau ? - Bobea","description":"Loin d\u2019\u00eatre un simple retour en arri\u00e8re, cette formation gouvernementale mise sur la stabilit\u00e9 et la gestion pragmatique, dans un contexte","robots":{"index":"index","follow":"follow","max-snippet":"max-snippet:-1","max-image-preview":"max-image-preview:large","max-video-preview":"max-video-preview:-1"},"canonical":"https:\/\/bobea.net\/index.php\/2025\/10\/06\/nouveau-gouvernement-francais-retour-vers-le-passe-ou-renouveau\/","og_locale":"fr_FR","og_type":"article","og_title":"Nouveau gouvernement fran\u00e7ais \u2014 Retour vers le pass\u00e9 ou renouveau ? - Bobea","og_description":"Loin d\u2019\u00eatre un simple retour en arri\u00e8re, cette formation gouvernementale mise sur la stabilit\u00e9 et la gestion pragmatique, dans un contexte","og_url":"https:\/\/bobea.net\/index.php\/2025\/10\/06\/nouveau-gouvernement-francais-retour-vers-le-passe-ou-renouveau\/","og_site_name":"Bobea","article_publisher":"https:\/\/web.facebook.com\/profile.php?id=61559252188416","article_published_time":"2025-10-06T08:08:46+00:00","article_modified_time":"2025-10-06T08:08:47+00:00","og_image":[{"width":1600,"height":1067,"url":"https:\/\/bobea.net\/wp-content\/uploads\/2025\/10\/emmanuel-macron-a-retarde-la-nomination-d-un-premier-ministre-photo-sipa-jeanne-accorsini-1734039356.jpg","type":"image\/jpeg"}],"author":"bobea.info","twitter_card":"summary_large_image","twitter_misc":{"\u00c9crit par":"bobea.info","Dur\u00e9e de lecture estim\u00e9e":"2 minutes"},"schema":{"@context":"https:\/\/schema.org","@graph":[{"@type":"Article","@id":"https:\/\/bobea.net\/index.php\/2025\/10\/06\/nouveau-gouvernement-francais-retour-vers-le-passe-ou-renouveau\/#article","isPartOf":{"@id":"https:\/\/bobea.net\/index.php\/2025\/10\/06\/nouveau-gouvernement-francais-retour-vers-le-passe-ou-renouveau\/"},"author":{"name":"bobea.info","@id":"https:\/\/bobea.net\/#\/schema\/person\/e7f45ef187918d7c956bf619dce90ccf"},"headline":"Nouveau gouvernement fran\u00e7ais \u2014 Retour vers le pass\u00e9 ou renouveau ?","datePublished":"2025-10-06T08:08:46+00:00","dateModified":"2025-10-06T08:08:47+00:00","mainEntityOfPage":{"@id":"https:\/\/bobea.net\/index.php\/2025\/10\/06\/nouveau-gouvernement-francais-retour-vers-le-passe-ou-renouveau\/"},"wordCount":331,"commentCount":0,"publisher":{"@id":"https:\/\/bobea.net\/#organization"},"image":{"@id":"https:\/\/bobea.net\/index.php\/2025\/10\/06\/nouveau-gouvernement-francais-retour-vers-le-passe-ou-renouveau\/#primaryimage"},"thumbnailUrl":"https:\/\/bobea.net\/wp-content\/uploads\/2025\/10\/emmanuel-macron-a-retarde-la-nomination-d-un-premier-ministre-photo-sipa-jeanne-accorsini-1734039356.jpg","articleSection":["On en Parle"],"inLanguage":"fr-FR","potentialAction":[{"@type":"CommentAction","name":"Comment","target":["https:\/\/bobea.net\/index.php\/2025\/10\/06\/nouveau-gouvernement-francais-retour-vers-le-passe-ou-renouveau\/#respond"]}]},{"@type":"WebPage","@id":"https:\/\/bobea.net\/index.php\/2025\/10\/06\/nouveau-gouvernement-francais-retour-vers-le-passe-ou-renouveau\/","url":"https:\/\/bobea.net\/index.php\/2025\/10\/06\/nouveau-gouvernement-francais-retour-vers-le-passe-ou-renouveau\/","name":"Nouveau gouvernement fran\u00e7ais \u2014 Retour vers le pass\u00e9 ou renouveau ? - Bobea","isPartOf":{"@id":"https:\/\/bobea.net\/#website"},"primaryImageOfPage":{"@id":"https:\/\/bobea.net\/index.php\/2025\/10\/06\/nouveau-gouvernement-francais-retour-vers-le-passe-ou-renouveau\/#primaryimage"},"image":{"@id":"https:\/\/bobea.net\/index.php\/2025\/10\/06\/nouveau-gouvernement-francais-retour-vers-le-passe-ou-renouveau\/#primaryimage"},"thumbnailUrl":"https:\/\/bobea.net\/wp-content\/uploads\/2025\/10\/emmanuel-macron-a-retarde-la-nomination-d-un-premier-ministre-photo-sipa-jeanne-accorsini-1734039356.jpg","datePublished":"2025-10-06T08:08:46+00:00","dateModified":"2025-10-06T08:08:47+00:00","description":"Loin d\u2019\u00eatre un simple retour en arri\u00e8re, cette formation gouvernementale mise sur la stabilit\u00e9 et la gestion pragmatique, dans un contexte","breadcrumb":{"@id":"https:\/\/bobea.net\/index.php\/2025\/10\/06\/nouveau-gouvernement-francais-retour-vers-le-passe-ou-renouveau\/#breadcrumb"},"inLanguage":"fr-FR","potentialAction":[{"@type":"ReadAction","target":["https:\/\/bobea.net\/index.php\/2025\/10\/06\/nouveau-gouvernement-francais-retour-vers-le-passe-ou-renouveau\/"]}]},{"@type":"ImageObject","inLanguage":"fr-FR","@id":"https:\/\/bobea.net\/index.php\/2025\/10\/06\/nouveau-gouvernement-francais-retour-vers-le-passe-ou-renouveau\/#primaryimage","url":"https:\/\/bobea.net\/wp-content\/uploads\/2025\/10\/emmanuel-macron-a-retarde-la-nomination-d-un-premier-ministre-photo-sipa-jeanne-accorsini-1734039356.jpg","contentUrl":"https:\/\/bobea.net\/wp-content\/uploads\/2025\/10\/emmanuel-macron-a-retarde-la-nomination-d-un-premier-ministre-photo-sipa-jeanne-accorsini-1734039356.jpg","width":1600,"height":1067},{"@type":"BreadcrumbList","@id":"https:\/\/bobea.net\/index.php\/2025\/10\/06\/nouveau-gouvernement-francais-retour-vers-le-passe-ou-renouveau\/#breadcrumb","itemListElement":[{"@type":"ListItem","position":1,"name":"Accueil","item":"https:\/\/bobea.net\/"},{"@type":"ListItem","position":2,"name":"Nouveau gouvernement fran\u00e7ais \u2014 Retour vers le pass\u00e9 ou renouveau ?"}]},{"@type":"WebSite","@id":"https:\/\/bobea.net\/#website","url":"https:\/\/bobea.net\/","name":"Bobea","description":"Le magazine de la nouvelle \u00c8ve","publisher":{"@id":"https:\/\/bobea.net\/#organization"},"potentialAction":[{"@type":"SearchAction","target":{"@type":"EntryPoint","urlTemplate":"https:\/\/bobea.net\/?s={search_term_string}"},"query-input":{"@type":"PropertyValueSpecification","valueRequired":true,"valueName":"search_term_string"}}],"inLanguage":"fr-FR"},{"@type":"Organization","@id":"https:\/\/bobea.net\/#organization","name":"Bobea","url":"https:\/\/bobea.net\/","logo":{"@type":"ImageObject","inLanguage":"fr-FR","@id":"https:\/\/bobea.net\/#\/schema\/logo\/image\/","url":"https:\/\/bobea.net\/wp-content\/uploads\/2024\/06\/bobea.jpg","contentUrl":"https:\/\/bobea.net\/wp-content\/uploads\/2024\/06\/bobea.jpg","width":1080,"height":1080,"caption":"Bobea"},"image":{"@id":"https:\/\/bobea.net\/#\/schema\/logo\/image\/"},"sameAs":["https:\/\/web.facebook.com\/profile.php?id=61559252188416"]},{"@type":"Person","@id":"https:\/\/bobea.net\/#\/schema\/person\/e7f45ef187918d7c956bf619dce90ccf","name":"bobea.info","image":{"@type":"ImageObject","inLanguage":"fr-FR","@id":"https:\/\/bobea.net\/#\/schema\/person\/image\/","url":"https:\/\/secure.gravatar.com\/avatar\/36147980349df887ae30808df3e29474?s=96&d=mm&r=g","contentUrl":"https:\/\/secure.gravatar.com\/avatar\/36147980349df887ae30808df3e29474?s=96&d=mm&r=g","caption":"bobea.info"},"sameAs":["https:\/\/bobea.net"],"url":"https:\/\/bobea.net\/index.php\/author\/bobea-info\/"}]}},"_links":{"self":[{"href":"https:\/\/bobea.net\/index.php\/wp-json\/wp\/v2\/posts\/25503"}],"collection":[{"href":"https:\/\/bobea.net\/index.php\/wp-json\/wp\/v2\/posts"}],"about":[{"href":"https:\/\/bobea.net\/index.php\/wp-json\/wp\/v2\/types\/post"}],"author":[{"embeddable":true,"href":"https:\/\/bobea.net\/index.php\/wp-json\/wp\/v2\/users\/1"}],"replies":[{"embeddable":true,"href":"https:\/\/bobea.net\/index.php\/wp-json\/wp\/v2\/comments?post=25503"}],"version-history":[{"count":1,"href":"https:\/\/bobea.net\/index.php\/wp-json\/wp\/v2\/posts\/25503\/revisions"}],"predecessor-version":[{"id":25506,"href":"https:\/\/bobea.net\/index.php\/wp-json\/wp\/v2\/posts\/25503\/revisions\/25506"}],"wp:featuredmedia":[{"embeddable":true,"href":"https:\/\/bobea.net\/index.php\/wp-json\/wp\/v2\/media\/25505"}],"wp:attachment":[{"href":"https:\/\/bobea.net\/index.php\/wp-json\/wp\/v2\/media?parent=25503"}],"wp:term":[{"taxonomy":"category","embeddable":true,"href":"https:\/\/bobea.net\/index.php\/wp-json\/wp\/v2\/categories?post=25503"},{"taxonomy":"post_tag","embeddable":true,"href":"https:\/\/bobea.net\/index.php\/wp-json\/wp\/v2\/tags?post=25503"}],"curies":[{"name":"wp","href":"https:\/\/api.w.org\/{rel}","templated":true}]}}