{"id":25495,"date":"2025-10-06T08:03:30","date_gmt":"2025-10-06T08:03:30","guid":{"rendered":"https:\/\/bobea.net\/?p=25495"},"modified":"2025-10-06T08:03:31","modified_gmt":"2025-10-06T08:03:31","slug":"trump-et-la-fuite-des-americains-la-derniere-strategie-de-la-terreur","status":"publish","type":"post","link":"https:\/\/bobea.net\/index.php\/2025\/10\/06\/trump-et-la-fuite-des-americains-la-derniere-strategie-de-la-terreur\/","title":{"rendered":"Trump et la fuite des Am\u00e9ricains \u2014 La derni\u00e8re strat\u00e9gie de la terreur"},"content":{"rendered":"\n<p>Depuis la r\u00e9\u00e9lec\u00adtion du Pr\u00e9si\u00addent Don\u00adald Trump en novem\u00adbre 2024, une vague d\u2019incertitudes poli\u00adtiques et sociales tra\u00adverse les \u00c9tats-Unis, pous\u00adsant un nom\u00adbre crois\u00adsant d\u2019Am\u00e9ricains \u00e0 envis\u00adager un d\u00e9part vers l\u2019Europe. L\u2019augmentation des ten\u00adsions internes, la polar\u00adi\u00adsa\u00adtion extr\u00eame, et les mesures s\u00e9cu\u00adri\u00adtaires dras\u00adtiques annon\u00adc\u00e9es par l\u2019administration nour\u00adris\u00adsent une forme de cli\u00admat de peur et d\u2019instabilit\u00e9.<\/p>\n\n\n\n<p>Nom\u00adbreux sont ceux qui d\u00e9non\u00adcent une \u00ab&nbsp;strat\u00e9gie de la ter\u00adreur&nbsp;\u00bb orchestr\u00e9e par Trump pour main\u00adtenir son emprise poli\u00adtique par la peur, exac\u00ader\u00adbant les divi\u00adsions cul\u00adturelles et id\u00e9ologiques. La fer\u00adme\u00adture de cer\u00adtains espaces d\u00e9moc\u00adra\u00adtiques, la mul\u00adti\u00adpli\u00adca\u00adtion des con\u00adtr\u00f4les ren\u00adfor\u00adc\u00e9s, et le dis\u00adcours de con\u00adfronta\u00adtion rad\u00adi\u00adcal sont autant d\u2019\u00e9l\u00e9ments qui inci\u00adtent des familles, des jeunes pro\u00adfes\u00adsion\u00adnels et des uni\u00adver\u00adsi\u00adtaires \u00e0 chercher refuge ailleurs.<\/p>\n\n\n\n<p>L\u2019Europe, avec ses sys\u00adt\u00e8mes soci\u00adaux pro\u00adtecteurs et ses valeurs d\u00e9moc\u00adra\u00adtiques, appa\u00adra\u00eet comme une terre d\u2019accueil priv\u00adil\u00e9gi\u00e9e. Les \u00c9tats europ\u00e9ens assis\u00adtent ain\u00adsi \u00e0 une aug\u00admen\u00adta\u00adtion des deman\u00addes de visa et de nat\u00adu\u00adral\u00adi\u00adsa\u00adtion par des Am\u00e9ri\u00adcains d\u00e9s\u00adabus\u00e9s, en qu\u00eate de sta\u00adbil\u00adit\u00e9 et de lib\u00adert\u00e9. Ce ph\u00e9nom\u00e8ne cr\u00e9e un v\u00e9ri\u00adta\u00adble mou\u00adve\u00adment migra\u00adtoire in\u00e9dit, tan\u00addis que des r\u00e9seaux d\u2019entraide et de sol\u00adi\u00addar\u00adit\u00e9 se met\u00adtent en place pour accom\u00adpa\u00adg\u00adn\u00ader ces exil\u00e9s volon\u00adtaires.<\/p>\n\n\n\n<figure class=\"wp-block-image size-large\"><img loading=\"lazy\" decoding=\"async\" width=\"1024\" height=\"682\" src=\"https:\/\/bobea.net\/wp-content\/uploads\/2025\/10\/1280-1024x682.jpeg\" alt class=\"wp-image-25496\" srcset=\"https:\/\/bobea.net\/wp-content\/uploads\/2025\/10\/1280-1024x682.jpeg 1024w, https:\/\/bobea.net\/wp-content\/uploads\/2025\/10\/1280-300x200.jpeg 300w, https:\/\/bobea.net\/wp-content\/uploads\/2025\/10\/1280-768x512.jpeg 768w, https:\/\/bobea.net\/wp-content\/uploads\/2025\/10\/1280.jpeg 1280w\" sizes=\"(max-width: 1024px) 100vw, 1024px\"><\/figure>\n\n\n\n<p>Le pr\u00e9si\u00addent Trump main\u00adtient sa poli\u00adtique dure en mati\u00e8re de s\u00e9cu\u00adrit\u00e9, avec une rh\u00e9\u00adtorique forte\u00adment ancr\u00e9e dans la peur de l\u2019ennemi int\u00e9rieur et ext\u00e9rieur, notam\u00adment li\u00e9e \u00e0 l\u2019immigration et au \u00ab&nbsp;ter\u00adror\u00adisme domes\u00adtique&nbsp;\u00bb. Mais cette pos\u00adture pour\u00adrait para\u00addoxale\u00adment acc\u00e9l\u00e9r\u00ader la fuite des tal\u00adents et affaib\u00adlir la coh\u00e9\u00adsion nationale. Pen\u00addant ce temps, l\u2019Europe cherche \u00e0 con\u00adstru\u00adire une riposte unie pour affirmer ses valeurs face \u00e0 ces pres\u00adsions ext\u00e9rieures.<\/p>\n","protected":false},"excerpt":{"rendered":"<p>Depuis la r\u00e9\u00e9lec\u00adtion du Pr\u00e9si\u00addent Don\u00adald Trump en novem\u00adbre 2024, une vague d\u2019incertitudes poli\u00adtiques et sociales tra\u00adverse les \u00c9tats-Unis, pous\u00adsant un nom\u00adbre crois\u00adsant d\u2019Am\u00e9ricains \u00e0 envis\u00adager un d\u00e9part vers l\u2019Europe.\u2026 <\/p>\n","protected":false},"author":1,"featured_media":25497,"comment_status":"open","ping_status":"closed","sticky":false,"template":"","format":"standard","meta":{"wp_typography_post_enhancements_disabled":false,"footnotes":""},"categories":[73],"tags":[],"class_list":["post-25495","post","type-post","status-publish","format-standard","has-post-thumbnail","hentry","category-on-en-parle"],"yoast_head":"<!-- This site is optimized with the Yoast SEO plugin v24.7 - https:\/\/yoast.com\/wordpress\/plugins\/seo\/ -->\n<title>Trump et la fuite des Am\u00e9ricains \u2014 La derni\u00e8re strat\u00e9gie de la terreur - Bobea<\/title>\n<meta name=\"robots\" content=\"index, follow, max-snippet:-1, max-image-preview:large, max-video-preview:-1\" \/>\n<link rel=\"canonical\" href=\"https:\/\/bobea.net\/index.php\/2025\/10\/06\/trump-et-la-fuite-des-americains-la-derniere-strategie-de-la-terreur\/\" \/>\n<meta property=\"og:locale\" content=\"fr_FR\" \/>\n<meta property=\"og:type\" content=\"article\" \/>\n<meta property=\"og:title\" content=\"Trump et la fuite des Am\u00e9ricains \u2014 La derni\u00e8re strat\u00e9gie de la terreur - Bobea\" \/>\n<meta property=\"og:description\" content=\"Depuis la r\u00e9\u00e9lec\u00adtion du Pr\u00e9si\u00addent Don\u00adald Trump en novem\u00adbre 2024, une vague d\u2019incertitudes poli\u00adtiques et sociales tra\u00adverse les \u00c9tats-Unis, pous\u00adsant un nom\u00adbre crois\u00adsant d\u2019Am\u00e9ricains \u00e0 envis\u00adager un d\u00e9part vers l\u2019Europe.&hellip;\" \/>\n<meta property=\"og:url\" content=\"https:\/\/bobea.net\/index.php\/2025\/10\/06\/trump-et-la-fuite-des-americains-la-derniere-strategie-de-la-terreur\/\" \/>\n<meta property=\"og:site_name\" content=\"Bobea\" \/>\n<meta property=\"article:publisher\" content=\"https:\/\/web.facebook.com\/profile.php?id=61559252188416\" \/>\n<meta property=\"article:published_time\" content=\"2025-10-06T08:03:30+00:00\" \/>\n<meta property=\"article:modified_time\" content=\"2025-10-06T08:03:31+00:00\" \/>\n<meta property=\"og:image\" content=\"https:\/\/bobea.net\/wp-content\/uploads\/2025\/10\/1245338-donald-trump-le-16-fevrier-2017-a-la-maison-blanche.jpg\" \/>\n\t<meta property=\"og:image:width\" content=\"770\" \/>\n\t<meta property=\"og:image:height\" content=\"513\" \/>\n\t<meta property=\"og:image:type\" content=\"image\/jpeg\" \/>\n<meta name=\"author\" content=\"bobea.info\" \/>\n<meta name=\"twitter:card\" content=\"summary_large_image\" \/>\n<meta name=\"twitter:label1\" content=\"\u00c9crit par\" \/>\n\t<meta name=\"twitter:data1\" content=\"bobea.info\" \/>\n\t<meta name=\"twitter:label2\" content=\"Dur\u00e9e de lecture estim\u00e9e\" \/>\n\t<meta name=\"twitter:data2\" content=\"2 minutes\" \/>\n<script type=\"application\/ld+json\" class=\"yoast-schema-graph\">{\"@context\":\"https:\/\/schema.org\",\"@graph\":[{\"@type\":\"Article\",\"@id\":\"https:\/\/bobea.net\/index.php\/2025\/10\/06\/trump-et-la-fuite-des-americains-la-derniere-strategie-de-la-terreur\/#article\",\"isPartOf\":{\"@id\":\"https:\/\/bobea.net\/index.php\/2025\/10\/06\/trump-et-la-fuite-des-americains-la-derniere-strategie-de-la-terreur\/\"},\"author\":{\"name\":\"bobea.info\",\"@id\":\"https:\/\/bobea.net\/#\/schema\/person\/e7f45ef187918d7c956bf619dce90ccf\"},\"headline\":\"Trump et la fuite des Am\u00e9ricains \u2014 La derni\u00e8re strat\u00e9gie de la terreur\",\"datePublished\":\"2025-10-06T08:03:30+00:00\",\"dateModified\":\"2025-10-06T08:03:31+00:00\",\"mainEntityOfPage\":{\"@id\":\"https:\/\/bobea.net\/index.php\/2025\/10\/06\/trump-et-la-fuite-des-americains-la-derniere-strategie-de-la-terreur\/\"},\"wordCount\":313,\"commentCount\":0,\"publisher\":{\"@id\":\"https:\/\/bobea.net\/#organization\"},\"image\":{\"@id\":\"https:\/\/bobea.net\/index.php\/2025\/10\/06\/trump-et-la-fuite-des-americains-la-derniere-strategie-de-la-terreur\/#primaryimage\"},\"thumbnailUrl\":\"https:\/\/bobea.net\/wp-content\/uploads\/2025\/10\/1245338-donald-trump-le-16-fevrier-2017-a-la-maison-blanche.jpg\",\"articleSection\":[\"On en Parle\"],\"inLanguage\":\"fr-FR\",\"potentialAction\":[{\"@type\":\"CommentAction\",\"name\":\"Comment\",\"target\":[\"https:\/\/bobea.net\/index.php\/2025\/10\/06\/trump-et-la-fuite-des-americains-la-derniere-strategie-de-la-terreur\/#respond\"]}]},{\"@type\":\"WebPage\",\"@id\":\"https:\/\/bobea.net\/index.php\/2025\/10\/06\/trump-et-la-fuite-des-americains-la-derniere-strategie-de-la-terreur\/\",\"url\":\"https:\/\/bobea.net\/index.php\/2025\/10\/06\/trump-et-la-fuite-des-americains-la-derniere-strategie-de-la-terreur\/\",\"name\":\"Trump et la fuite des Am\u00e9ricains \u2014 La derni\u00e8re strat\u00e9gie de la terreur - Bobea\",\"isPartOf\":{\"@id\":\"https:\/\/bobea.net\/#website\"},\"primaryImageOfPage\":{\"@id\":\"https:\/\/bobea.net\/index.php\/2025\/10\/06\/trump-et-la-fuite-des-americains-la-derniere-strategie-de-la-terreur\/#primaryimage\"},\"image\":{\"@id\":\"https:\/\/bobea.net\/index.php\/2025\/10\/06\/trump-et-la-fuite-des-americains-la-derniere-strategie-de-la-terreur\/#primaryimage\"},\"thumbnailUrl\":\"https:\/\/bobea.net\/wp-content\/uploads\/2025\/10\/1245338-donald-trump-le-16-fevrier-2017-a-la-maison-blanche.jpg\",\"datePublished\":\"2025-10-06T08:03:30+00:00\",\"dateModified\":\"2025-10-06T08:03:31+00:00\",\"breadcrumb\":{\"@id\":\"https:\/\/bobea.net\/index.php\/2025\/10\/06\/trump-et-la-fuite-des-americains-la-derniere-strategie-de-la-terreur\/#breadcrumb\"},\"inLanguage\":\"fr-FR\",\"potentialAction\":[{\"@type\":\"ReadAction\",\"target\":[\"https:\/\/bobea.net\/index.php\/2025\/10\/06\/trump-et-la-fuite-des-americains-la-derniere-strategie-de-la-terreur\/\"]}]},{\"@type\":\"ImageObject\",\"inLanguage\":\"fr-FR\",\"@id\":\"https:\/\/bobea.net\/index.php\/2025\/10\/06\/trump-et-la-fuite-des-americains-la-derniere-strategie-de-la-terreur\/#primaryimage\",\"url\":\"https:\/\/bobea.net\/wp-content\/uploads\/2025\/10\/1245338-donald-trump-le-16-fevrier-2017-a-la-maison-blanche.jpg\",\"contentUrl\":\"https:\/\/bobea.net\/wp-content\/uploads\/2025\/10\/1245338-donald-trump-le-16-fevrier-2017-a-la-maison-blanche.jpg\",\"width\":770,\"height\":513},{\"@type\":\"BreadcrumbList\",\"@id\":\"https:\/\/bobea.net\/index.php\/2025\/10\/06\/trump-et-la-fuite-des-americains-la-derniere-strategie-de-la-terreur\/#breadcrumb\",\"itemListElement\":[{\"@type\":\"ListItem\",\"position\":1,\"name\":\"Accueil\",\"item\":\"https:\/\/bobea.net\/\"},{\"@type\":\"ListItem\",\"position\":2,\"name\":\"Trump et la fuite des Am\u00e9ricains \u2014 La derni\u00e8re strat\u00e9gie de la terreur\"}]},{\"@type\":\"WebSite\",\"@id\":\"https:\/\/bobea.net\/#website\",\"url\":\"https:\/\/bobea.net\/\",\"name\":\"Bobea\",\"description\":\"Le magazine de la nouvelle \u00c8ve\",\"publisher\":{\"@id\":\"https:\/\/bobea.net\/#organization\"},\"potentialAction\":[{\"@type\":\"SearchAction\",\"target\":{\"@type\":\"EntryPoint\",\"urlTemplate\":\"https:\/\/bobea.net\/?s={search_term_string}\"},\"query-input\":{\"@type\":\"PropertyValueSpecification\",\"valueRequired\":true,\"valueName\":\"search_term_string\"}}],\"inLanguage\":\"fr-FR\"},{\"@type\":\"Organization\",\"@id\":\"https:\/\/bobea.net\/#organization\",\"name\":\"Bobea\",\"url\":\"https:\/\/bobea.net\/\",\"logo\":{\"@type\":\"ImageObject\",\"inLanguage\":\"fr-FR\",\"@id\":\"https:\/\/bobea.net\/#\/schema\/logo\/image\/\",\"url\":\"https:\/\/bobea.net\/wp-content\/uploads\/2024\/06\/bobea.jpg\",\"contentUrl\":\"https:\/\/bobea.net\/wp-content\/uploads\/2024\/06\/bobea.jpg\",\"width\":1080,\"height\":1080,\"caption\":\"Bobea\"},\"image\":{\"@id\":\"https:\/\/bobea.net\/#\/schema\/logo\/image\/\"},\"sameAs\":[\"https:\/\/web.facebook.com\/profile.php?id=61559252188416\"]},{\"@type\":\"Person\",\"@id\":\"https:\/\/bobea.net\/#\/schema\/person\/e7f45ef187918d7c956bf619dce90ccf\",\"name\":\"bobea.info\",\"image\":{\"@type\":\"ImageObject\",\"inLanguage\":\"fr-FR\",\"@id\":\"https:\/\/bobea.net\/#\/schema\/person\/image\/\",\"url\":\"https:\/\/secure.gravatar.com\/avatar\/36147980349df887ae30808df3e29474?s=96&d=mm&r=g\",\"contentUrl\":\"https:\/\/secure.gravatar.com\/avatar\/36147980349df887ae30808df3e29474?s=96&d=mm&r=g\",\"caption\":\"bobea.info\"},\"sameAs\":[\"https:\/\/bobea.net\"],\"url\":\"https:\/\/bobea.net\/index.php\/author\/bobea-info\/\"}]}<\/script>\n<!-- \/ Yoast SEO plugin. -->","yoast_head_json":{"title":"Trump et la fuite des Am\u00e9ricains \u2014 La derni\u00e8re strat\u00e9gie de la terreur - Bobea","robots":{"index":"index","follow":"follow","max-snippet":"max-snippet:-1","max-image-preview":"max-image-preview:large","max-video-preview":"max-video-preview:-1"},"canonical":"https:\/\/bobea.net\/index.php\/2025\/10\/06\/trump-et-la-fuite-des-americains-la-derniere-strategie-de-la-terreur\/","og_locale":"fr_FR","og_type":"article","og_title":"Trump et la fuite des Am\u00e9ricains \u2014 La derni\u00e8re strat\u00e9gie de la terreur - Bobea","og_description":"Depuis la r\u00e9\u00e9lec\u00adtion du Pr\u00e9si\u00addent Don\u00adald Trump en novem\u00adbre 2024, une vague d\u2019incertitudes poli\u00adtiques et sociales tra\u00adverse les \u00c9tats-Unis, pous\u00adsant un nom\u00adbre crois\u00adsant d\u2019Am\u00e9ricains \u00e0 envis\u00adager un d\u00e9part vers l\u2019Europe.&hellip;","og_url":"https:\/\/bobea.net\/index.php\/2025\/10\/06\/trump-et-la-fuite-des-americains-la-derniere-strategie-de-la-terreur\/","og_site_name":"Bobea","article_publisher":"https:\/\/web.facebook.com\/profile.php?id=61559252188416","article_published_time":"2025-10-06T08:03:30+00:00","article_modified_time":"2025-10-06T08:03:31+00:00","og_image":[{"width":770,"height":513,"url":"https:\/\/bobea.net\/wp-content\/uploads\/2025\/10\/1245338-donald-trump-le-16-fevrier-2017-a-la-maison-blanche.jpg","type":"image\/jpeg"}],"author":"bobea.info","twitter_card":"summary_large_image","twitter_misc":{"\u00c9crit par":"bobea.info","Dur\u00e9e de lecture estim\u00e9e":"2 minutes"},"schema":{"@context":"https:\/\/schema.org","@graph":[{"@type":"Article","@id":"https:\/\/bobea.net\/index.php\/2025\/10\/06\/trump-et-la-fuite-des-americains-la-derniere-strategie-de-la-terreur\/#article","isPartOf":{"@id":"https:\/\/bobea.net\/index.php\/2025\/10\/06\/trump-et-la-fuite-des-americains-la-derniere-strategie-de-la-terreur\/"},"author":{"name":"bobea.info","@id":"https:\/\/bobea.net\/#\/schema\/person\/e7f45ef187918d7c956bf619dce90ccf"},"headline":"Trump et la fuite des Am\u00e9ricains \u2014 La derni\u00e8re strat\u00e9gie de la terreur","datePublished":"2025-10-06T08:03:30+00:00","dateModified":"2025-10-06T08:03:31+00:00","mainEntityOfPage":{"@id":"https:\/\/bobea.net\/index.php\/2025\/10\/06\/trump-et-la-fuite-des-americains-la-derniere-strategie-de-la-terreur\/"},"wordCount":313,"commentCount":0,"publisher":{"@id":"https:\/\/bobea.net\/#organization"},"image":{"@id":"https:\/\/bobea.net\/index.php\/2025\/10\/06\/trump-et-la-fuite-des-americains-la-derniere-strategie-de-la-terreur\/#primaryimage"},"thumbnailUrl":"https:\/\/bobea.net\/wp-content\/uploads\/2025\/10\/1245338-donald-trump-le-16-fevrier-2017-a-la-maison-blanche.jpg","articleSection":["On en Parle"],"inLanguage":"fr-FR","potentialAction":[{"@type":"CommentAction","name":"Comment","target":["https:\/\/bobea.net\/index.php\/2025\/10\/06\/trump-et-la-fuite-des-americains-la-derniere-strategie-de-la-terreur\/#respond"]}]},{"@type":"WebPage","@id":"https:\/\/bobea.net\/index.php\/2025\/10\/06\/trump-et-la-fuite-des-americains-la-derniere-strategie-de-la-terreur\/","url":"https:\/\/bobea.net\/index.php\/2025\/10\/06\/trump-et-la-fuite-des-americains-la-derniere-strategie-de-la-terreur\/","name":"Trump et la fuite des Am\u00e9ricains \u2014 La derni\u00e8re strat\u00e9gie de la terreur - Bobea","isPartOf":{"@id":"https:\/\/bobea.net\/#website"},"primaryImageOfPage":{"@id":"https:\/\/bobea.net\/index.php\/2025\/10\/06\/trump-et-la-fuite-des-americains-la-derniere-strategie-de-la-terreur\/#primaryimage"},"image":{"@id":"https:\/\/bobea.net\/index.php\/2025\/10\/06\/trump-et-la-fuite-des-americains-la-derniere-strategie-de-la-terreur\/#primaryimage"},"thumbnailUrl":"https:\/\/bobea.net\/wp-content\/uploads\/2025\/10\/1245338-donald-trump-le-16-fevrier-2017-a-la-maison-blanche.jpg","datePublished":"2025-10-06T08:03:30+00:00","dateModified":"2025-10-06T08:03:31+00:00","breadcrumb":{"@id":"https:\/\/bobea.net\/index.php\/2025\/10\/06\/trump-et-la-fuite-des-americains-la-derniere-strategie-de-la-terreur\/#breadcrumb"},"inLanguage":"fr-FR","potentialAction":[{"@type":"ReadAction","target":["https:\/\/bobea.net\/index.php\/2025\/10\/06\/trump-et-la-fuite-des-americains-la-derniere-strategie-de-la-terreur\/"]}]},{"@type":"ImageObject","inLanguage":"fr-FR","@id":"https:\/\/bobea.net\/index.php\/2025\/10\/06\/trump-et-la-fuite-des-americains-la-derniere-strategie-de-la-terreur\/#primaryimage","url":"https:\/\/bobea.net\/wp-content\/uploads\/2025\/10\/1245338-donald-trump-le-16-fevrier-2017-a-la-maison-blanche.jpg","contentUrl":"https:\/\/bobea.net\/wp-content\/uploads\/2025\/10\/1245338-donald-trump-le-16-fevrier-2017-a-la-maison-blanche.jpg","width":770,"height":513},{"@type":"BreadcrumbList","@id":"https:\/\/bobea.net\/index.php\/2025\/10\/06\/trump-et-la-fuite-des-americains-la-derniere-strategie-de-la-terreur\/#breadcrumb","itemListElement":[{"@type":"ListItem","position":1,"name":"Accueil","item":"https:\/\/bobea.net\/"},{"@type":"ListItem","position":2,"name":"Trump et la fuite des Am\u00e9ricains \u2014 La derni\u00e8re strat\u00e9gie de la terreur"}]},{"@type":"WebSite","@id":"https:\/\/bobea.net\/#website","url":"https:\/\/bobea.net\/","name":"Bobea","description":"Le magazine de la nouvelle \u00c8ve","publisher":{"@id":"https:\/\/bobea.net\/#organization"},"potentialAction":[{"@type":"SearchAction","target":{"@type":"EntryPoint","urlTemplate":"https:\/\/bobea.net\/?s={search_term_string}"},"query-input":{"@type":"PropertyValueSpecification","valueRequired":true,"valueName":"search_term_string"}}],"inLanguage":"fr-FR"},{"@type":"Organization","@id":"https:\/\/bobea.net\/#organization","name":"Bobea","url":"https:\/\/bobea.net\/","logo":{"@type":"ImageObject","inLanguage":"fr-FR","@id":"https:\/\/bobea.net\/#\/schema\/logo\/image\/","url":"https:\/\/bobea.net\/wp-content\/uploads\/2024\/06\/bobea.jpg","contentUrl":"https:\/\/bobea.net\/wp-content\/uploads\/2024\/06\/bobea.jpg","width":1080,"height":1080,"caption":"Bobea"},"image":{"@id":"https:\/\/bobea.net\/#\/schema\/logo\/image\/"},"sameAs":["https:\/\/web.facebook.com\/profile.php?id=61559252188416"]},{"@type":"Person","@id":"https:\/\/bobea.net\/#\/schema\/person\/e7f45ef187918d7c956bf619dce90ccf","name":"bobea.info","image":{"@type":"ImageObject","inLanguage":"fr-FR","@id":"https:\/\/bobea.net\/#\/schema\/person\/image\/","url":"https:\/\/secure.gravatar.com\/avatar\/36147980349df887ae30808df3e29474?s=96&d=mm&r=g","contentUrl":"https:\/\/secure.gravatar.com\/avatar\/36147980349df887ae30808df3e29474?s=96&d=mm&r=g","caption":"bobea.info"},"sameAs":["https:\/\/bobea.net"],"url":"https:\/\/bobea.net\/index.php\/author\/bobea-info\/"}]}},"_links":{"self":[{"href":"https:\/\/bobea.net\/index.php\/wp-json\/wp\/v2\/posts\/25495"}],"collection":[{"href":"https:\/\/bobea.net\/index.php\/wp-json\/wp\/v2\/posts"}],"about":[{"href":"https:\/\/bobea.net\/index.php\/wp-json\/wp\/v2\/types\/post"}],"author":[{"embeddable":true,"href":"https:\/\/bobea.net\/index.php\/wp-json\/wp\/v2\/users\/1"}],"replies":[{"embeddable":true,"href":"https:\/\/bobea.net\/index.php\/wp-json\/wp\/v2\/comments?post=25495"}],"version-history":[{"count":1,"href":"https:\/\/bobea.net\/index.php\/wp-json\/wp\/v2\/posts\/25495\/revisions"}],"predecessor-version":[{"id":25498,"href":"https:\/\/bobea.net\/index.php\/wp-json\/wp\/v2\/posts\/25495\/revisions\/25498"}],"wp:featuredmedia":[{"embeddable":true,"href":"https:\/\/bobea.net\/index.php\/wp-json\/wp\/v2\/media\/25497"}],"wp:attachment":[{"href":"https:\/\/bobea.net\/index.php\/wp-json\/wp\/v2\/media?parent=25495"}],"wp:term":[{"taxonomy":"category","embeddable":true,"href":"https:\/\/bobea.net\/index.php\/wp-json\/wp\/v2\/categories?post=25495"},{"taxonomy":"post_tag","embeddable":true,"href":"https:\/\/bobea.net\/index.php\/wp-json\/wp\/v2\/tags?post=25495"}],"curies":[{"name":"wp","href":"https:\/\/api.w.org\/{rel}","templated":true}]}}