{"id":25487,"date":"2025-10-06T07:57:23","date_gmt":"2025-10-06T07:57:23","guid":{"rendered":"https:\/\/bobea.net\/?p=25487"},"modified":"2025-10-06T07:57:24","modified_gmt":"2025-10-06T07:57:24","slug":"meghan-markle-envoute-paris-a-la-fashion-week","status":"publish","type":"post","link":"https:\/\/bobea.net\/index.php\/2025\/10\/06\/meghan-markle-envoute-paris-a-la-fashion-week\/","title":{"rendered":"Meghan Markle envo\u00fbte Paris \u00e0 la Fashion Week"},"content":{"rendered":"\n<p>Le same\u00addi 4 octo\u00adbre 2025, la duchesse de Sus\u00adsex, Meghan Markle, a fait une entr\u00e9e spec\u00adtac\u00adu\u00adlaire \u00e0 la Fash\u00adion Week de Paris, cap\u00adti\u00advant tous les regards au d\u00e9fil\u00e9 Balen\u00adci\u00ada\u00adga. Apr\u00e8s plusieurs ann\u00e9es d\u2019absence sur la sc\u00e8ne europ\u00e9enne, elle revient en force, incar\u00adnant une ic\u00f4ne de mode mod\u00aderne, \u00e9l\u00e9\u00adgante et engag\u00e9e.<\/p>\n\n\n\n<p>Meghan a choisi deux looks forts et con\u00adtrast\u00e9s pour ce grand \u00e9v\u00e9ne\u00adment. D\u2019abord une tenue blanche mono\u00adchrome, com\u00adpos\u00e9e d\u2019une chemise flu\u00adide \u00e0 col mon\u00adtant, d\u2019un pan\u00adtalon large et d\u2019une cape d\u2019une grande \u00e9l\u00e9\u00adgance. Son chignon impec\u00adca\u00adble, son maquil\u00adlage naturel relev\u00e9 d\u2019un rose p\u00e2le sub\u00adtil, ain\u00adsi que des escarpins noirs sophis\u00adtiqu\u00e9s com\u00adpl\u00e9\u00adtaient \u00e0 mer\u00adveille ce style min\u00adi\u00admal\u00adiste mais per\u00adcu\u00adtant. Quelques heures plus tard, elle arbo\u00adrait une robe noire asym\u00e9trique, sign\u00e9e \u00e9gale\u00adment Balen\u00adci\u00ada\u00adga, avec une demi-cape drap\u00e9e sur une \u00e9paule, des acces\u00adsoires en or, dont une mon\u00adtre Carti\u00ader et sa bague de fian\u00e7ailles, mar\u00adquant le sou\u00adtien \u00e0 son ami Pier\u00adpao\u00adlo Pic\u00adci\u00adoli, nou\u00adveau directeur artis\u00adtique de la mai\u00adson.<\/p>\n\n\n\n<figure class=\"wp-block-image size-large\"><img loading=\"lazy\" decoding=\"async\" width=\"1024\" height=\"768\" src=\"https:\/\/bobea.net\/wp-content\/uploads\/2025\/10\/a8a9a253b57b45888d7915d15e12f6a2_xl-1024x768.webp\" alt class=\"wp-image-25488\" srcset=\"https:\/\/bobea.net\/wp-content\/uploads\/2025\/10\/a8a9a253b57b45888d7915d15e12f6a2_xl-1024x768.webp 1024w, https:\/\/bobea.net\/wp-content\/uploads\/2025\/10\/a8a9a253b57b45888d7915d15e12f6a2_xl-300x225.webp 300w, https:\/\/bobea.net\/wp-content\/uploads\/2025\/10\/a8a9a253b57b45888d7915d15e12f6a2_xl-768x576.webp 768w, https:\/\/bobea.net\/wp-content\/uploads\/2025\/10\/a8a9a253b57b45888d7915d15e12f6a2_xl-1536x1152.webp 1536w, https:\/\/bobea.net\/wp-content\/uploads\/2025\/10\/a8a9a253b57b45888d7915d15e12f6a2_xl.webp 2048w\" sizes=\"(max-width: 1024px) 100vw, 1024px\"><\/figure>\n\n\n\n<p>Ce retour \u00e9cla\u00adtant sig\u00adni\u00adfie aus\u00adsi son engage\u00adment renou\u00advel\u00e9 dans la mode et le sou\u00adtien \u00e0 des cr\u00e9a\u00adteurs qu\u2019elle admire. Son pas\u00adsage \u00e0 Paris, apr\u00e8s plusieurs ann\u00e9es \u00e9loign\u00e9e, cristallise son image d\u2019ic\u00f4ne f\u00e9mi\u00adnine r\u00e9sol\u00adu\u00adment mod\u00aderne, savam\u00adment \u00e9quili\u00adbr\u00e9e entre glam\u00adour intem\u00adporel et engage\u00adment per\u00adson\u00adnel. L\u2019apparition de Meghan Markle \u00e0 Balen\u00adci\u00ada\u00adga a fait vibr\u00ader les r\u00e9seaux soci\u00adaux et con\u00adfir\u00adm\u00e9 une fois de plus sa place par\u00admi les stars les plus influ\u00adentes de la mode mon\u00addi\u00adale.<\/p>\n","protected":false},"excerpt":{"rendered":"<p>Le same\u00addi 4 octo\u00adbre 2025, la duchesse de Sus\u00adsex, Meghan Markle, a fait une entr\u00e9e spec\u00adtac\u00adu\u00adlaire \u00e0 la Fash\u00adion Week de Paris, cap\u00adti\u00advant tous les regards au d\u00e9fil\u00e9 Balen\u00adci\u00ada\u00adga. Apr\u00e8s\u2026 <\/p>\n","protected":false},"author":1,"featured_media":25489,"comment_status":"open","ping_status":"closed","sticky":false,"template":"","format":"standard","meta":{"wp_typography_post_enhancements_disabled":false,"footnotes":""},"categories":[73],"tags":[],"class_list":["post-25487","post","type-post","status-publish","format-standard","has-post-thumbnail","hentry","category-on-en-parle"],"yoast_head":"<!-- This site is optimized with the Yoast SEO plugin v24.7 - https:\/\/yoast.com\/wordpress\/plugins\/seo\/ -->\n<title>Meghan Markle envo\u00fbte Paris \u00e0 la Fashion Week - Bobea<\/title>\n<meta name=\"description\" content=\"Ce retour \u00e9clatant signifie aussi son engagement renouvel\u00e9 dans la mode et le soutien \u00e0 des cr\u00e9ateurs qu\u2019elle admire. Son passage \u00e0 Paris\" \/>\n<meta name=\"robots\" content=\"index, follow, max-snippet:-1, max-image-preview:large, max-video-preview:-1\" \/>\n<link rel=\"canonical\" href=\"https:\/\/bobea.net\/index.php\/2025\/10\/06\/meghan-markle-envoute-paris-a-la-fashion-week\/\" \/>\n<meta property=\"og:locale\" content=\"fr_FR\" \/>\n<meta property=\"og:type\" content=\"article\" \/>\n<meta property=\"og:title\" content=\"Meghan Markle envo\u00fbte Paris \u00e0 la Fashion Week - Bobea\" \/>\n<meta property=\"og:description\" content=\"Ce retour \u00e9clatant signifie aussi son engagement renouvel\u00e9 dans la mode et le soutien \u00e0 des cr\u00e9ateurs qu\u2019elle admire. Son passage \u00e0 Paris\" \/>\n<meta property=\"og:url\" content=\"https:\/\/bobea.net\/index.php\/2025\/10\/06\/meghan-markle-envoute-paris-a-la-fashion-week\/\" \/>\n<meta property=\"og:site_name\" content=\"Bobea\" \/>\n<meta property=\"article:publisher\" content=\"https:\/\/web.facebook.com\/profile.php?id=61559252188416\" \/>\n<meta property=\"article:published_time\" content=\"2025-10-06T07:57:23+00:00\" \/>\n<meta property=\"article:modified_time\" content=\"2025-10-06T07:57:24+00:00\" \/>\n<meta property=\"og:image\" content=\"https:\/\/bobea.net\/wp-content\/uploads\/2025\/10\/9fb487d0-a1b0-11f0-9fd2-579c9a6035d2.jpg.webp\" \/>\n\t<meta property=\"og:image:width\" content=\"640\" \/>\n\t<meta property=\"og:image:height\" content=\"359\" \/>\n\t<meta property=\"og:image:type\" content=\"image\/webp\" \/>\n<meta name=\"author\" content=\"bobea.info\" \/>\n<meta name=\"twitter:card\" content=\"summary_large_image\" \/>\n<meta name=\"twitter:label1\" content=\"\u00c9crit par\" \/>\n\t<meta name=\"twitter:data1\" content=\"bobea.info\" \/>\n\t<meta name=\"twitter:label2\" content=\"Dur\u00e9e de lecture estim\u00e9e\" \/>\n\t<meta name=\"twitter:data2\" content=\"2 minutes\" \/>\n<script type=\"application\/ld+json\" class=\"yoast-schema-graph\">{\"@context\":\"https:\/\/schema.org\",\"@graph\":[{\"@type\":\"Article\",\"@id\":\"https:\/\/bobea.net\/index.php\/2025\/10\/06\/meghan-markle-envoute-paris-a-la-fashion-week\/#article\",\"isPartOf\":{\"@id\":\"https:\/\/bobea.net\/index.php\/2025\/10\/06\/meghan-markle-envoute-paris-a-la-fashion-week\/\"},\"author\":{\"name\":\"bobea.info\",\"@id\":\"https:\/\/bobea.net\/#\/schema\/person\/e7f45ef187918d7c956bf619dce90ccf\"},\"headline\":\"Meghan Markle envo\u00fbte Paris \u00e0 la Fashion Week\",\"datePublished\":\"2025-10-06T07:57:23+00:00\",\"dateModified\":\"2025-10-06T07:57:24+00:00\",\"mainEntityOfPage\":{\"@id\":\"https:\/\/bobea.net\/index.php\/2025\/10\/06\/meghan-markle-envoute-paris-a-la-fashion-week\/\"},\"wordCount\":265,\"commentCount\":0,\"publisher\":{\"@id\":\"https:\/\/bobea.net\/#organization\"},\"image\":{\"@id\":\"https:\/\/bobea.net\/index.php\/2025\/10\/06\/meghan-markle-envoute-paris-a-la-fashion-week\/#primaryimage\"},\"thumbnailUrl\":\"https:\/\/bobea.net\/wp-content\/uploads\/2025\/10\/9fb487d0-a1b0-11f0-9fd2-579c9a6035d2.jpg.webp\",\"articleSection\":[\"On en Parle\"],\"inLanguage\":\"fr-FR\",\"potentialAction\":[{\"@type\":\"CommentAction\",\"name\":\"Comment\",\"target\":[\"https:\/\/bobea.net\/index.php\/2025\/10\/06\/meghan-markle-envoute-paris-a-la-fashion-week\/#respond\"]}]},{\"@type\":\"WebPage\",\"@id\":\"https:\/\/bobea.net\/index.php\/2025\/10\/06\/meghan-markle-envoute-paris-a-la-fashion-week\/\",\"url\":\"https:\/\/bobea.net\/index.php\/2025\/10\/06\/meghan-markle-envoute-paris-a-la-fashion-week\/\",\"name\":\"Meghan Markle envo\u00fbte Paris \u00e0 la Fashion Week - Bobea\",\"isPartOf\":{\"@id\":\"https:\/\/bobea.net\/#website\"},\"primaryImageOfPage\":{\"@id\":\"https:\/\/bobea.net\/index.php\/2025\/10\/06\/meghan-markle-envoute-paris-a-la-fashion-week\/#primaryimage\"},\"image\":{\"@id\":\"https:\/\/bobea.net\/index.php\/2025\/10\/06\/meghan-markle-envoute-paris-a-la-fashion-week\/#primaryimage\"},\"thumbnailUrl\":\"https:\/\/bobea.net\/wp-content\/uploads\/2025\/10\/9fb487d0-a1b0-11f0-9fd2-579c9a6035d2.jpg.webp\",\"datePublished\":\"2025-10-06T07:57:23+00:00\",\"dateModified\":\"2025-10-06T07:57:24+00:00\",\"description\":\"Ce retour \u00e9clatant signifie aussi son engagement renouvel\u00e9 dans la mode et le soutien \u00e0 des cr\u00e9ateurs qu\u2019elle admire. Son passage \u00e0 Paris\",\"breadcrumb\":{\"@id\":\"https:\/\/bobea.net\/index.php\/2025\/10\/06\/meghan-markle-envoute-paris-a-la-fashion-week\/#breadcrumb\"},\"inLanguage\":\"fr-FR\",\"potentialAction\":[{\"@type\":\"ReadAction\",\"target\":[\"https:\/\/bobea.net\/index.php\/2025\/10\/06\/meghan-markle-envoute-paris-a-la-fashion-week\/\"]}]},{\"@type\":\"ImageObject\",\"inLanguage\":\"fr-FR\",\"@id\":\"https:\/\/bobea.net\/index.php\/2025\/10\/06\/meghan-markle-envoute-paris-a-la-fashion-week\/#primaryimage\",\"url\":\"https:\/\/bobea.net\/wp-content\/uploads\/2025\/10\/9fb487d0-a1b0-11f0-9fd2-579c9a6035d2.jpg.webp\",\"contentUrl\":\"https:\/\/bobea.net\/wp-content\/uploads\/2025\/10\/9fb487d0-a1b0-11f0-9fd2-579c9a6035d2.jpg.webp\",\"width\":640,\"height\":359},{\"@type\":\"BreadcrumbList\",\"@id\":\"https:\/\/bobea.net\/index.php\/2025\/10\/06\/meghan-markle-envoute-paris-a-la-fashion-week\/#breadcrumb\",\"itemListElement\":[{\"@type\":\"ListItem\",\"position\":1,\"name\":\"Accueil\",\"item\":\"https:\/\/bobea.net\/\"},{\"@type\":\"ListItem\",\"position\":2,\"name\":\"Meghan Markle envo\u00fbte Paris \u00e0 la Fashion Week\"}]},{\"@type\":\"WebSite\",\"@id\":\"https:\/\/bobea.net\/#website\",\"url\":\"https:\/\/bobea.net\/\",\"name\":\"Bobea\",\"description\":\"Le magazine de la nouvelle \u00c8ve\",\"publisher\":{\"@id\":\"https:\/\/bobea.net\/#organization\"},\"potentialAction\":[{\"@type\":\"SearchAction\",\"target\":{\"@type\":\"EntryPoint\",\"urlTemplate\":\"https:\/\/bobea.net\/?s={search_term_string}\"},\"query-input\":{\"@type\":\"PropertyValueSpecification\",\"valueRequired\":true,\"valueName\":\"search_term_string\"}}],\"inLanguage\":\"fr-FR\"},{\"@type\":\"Organization\",\"@id\":\"https:\/\/bobea.net\/#organization\",\"name\":\"Bobea\",\"url\":\"https:\/\/bobea.net\/\",\"logo\":{\"@type\":\"ImageObject\",\"inLanguage\":\"fr-FR\",\"@id\":\"https:\/\/bobea.net\/#\/schema\/logo\/image\/\",\"url\":\"https:\/\/bobea.net\/wp-content\/uploads\/2024\/06\/bobea.jpg\",\"contentUrl\":\"https:\/\/bobea.net\/wp-content\/uploads\/2024\/06\/bobea.jpg\",\"width\":1080,\"height\":1080,\"caption\":\"Bobea\"},\"image\":{\"@id\":\"https:\/\/bobea.net\/#\/schema\/logo\/image\/\"},\"sameAs\":[\"https:\/\/web.facebook.com\/profile.php?id=61559252188416\"]},{\"@type\":\"Person\",\"@id\":\"https:\/\/bobea.net\/#\/schema\/person\/e7f45ef187918d7c956bf619dce90ccf\",\"name\":\"bobea.info\",\"image\":{\"@type\":\"ImageObject\",\"inLanguage\":\"fr-FR\",\"@id\":\"https:\/\/bobea.net\/#\/schema\/person\/image\/\",\"url\":\"https:\/\/secure.gravatar.com\/avatar\/36147980349df887ae30808df3e29474?s=96&d=mm&r=g\",\"contentUrl\":\"https:\/\/secure.gravatar.com\/avatar\/36147980349df887ae30808df3e29474?s=96&d=mm&r=g\",\"caption\":\"bobea.info\"},\"sameAs\":[\"https:\/\/bobea.net\"],\"url\":\"https:\/\/bobea.net\/index.php\/author\/bobea-info\/\"}]}<\/script>\n<!-- \/ Yoast SEO plugin. -->","yoast_head_json":{"title":"Meghan Markle envo\u00fbte Paris \u00e0 la Fashion Week - Bobea","description":"Ce retour \u00e9clatant signifie aussi son engagement renouvel\u00e9 dans la mode et le soutien \u00e0 des cr\u00e9ateurs qu\u2019elle admire. Son passage \u00e0 Paris","robots":{"index":"index","follow":"follow","max-snippet":"max-snippet:-1","max-image-preview":"max-image-preview:large","max-video-preview":"max-video-preview:-1"},"canonical":"https:\/\/bobea.net\/index.php\/2025\/10\/06\/meghan-markle-envoute-paris-a-la-fashion-week\/","og_locale":"fr_FR","og_type":"article","og_title":"Meghan Markle envo\u00fbte Paris \u00e0 la Fashion Week - Bobea","og_description":"Ce retour \u00e9clatant signifie aussi son engagement renouvel\u00e9 dans la mode et le soutien \u00e0 des cr\u00e9ateurs qu\u2019elle admire. Son passage \u00e0 Paris","og_url":"https:\/\/bobea.net\/index.php\/2025\/10\/06\/meghan-markle-envoute-paris-a-la-fashion-week\/","og_site_name":"Bobea","article_publisher":"https:\/\/web.facebook.com\/profile.php?id=61559252188416","article_published_time":"2025-10-06T07:57:23+00:00","article_modified_time":"2025-10-06T07:57:24+00:00","og_image":[{"width":640,"height":359,"url":"https:\/\/bobea.net\/wp-content\/uploads\/2025\/10\/9fb487d0-a1b0-11f0-9fd2-579c9a6035d2.jpg.webp","type":"image\/webp"}],"author":"bobea.info","twitter_card":"summary_large_image","twitter_misc":{"\u00c9crit par":"bobea.info","Dur\u00e9e de lecture estim\u00e9e":"2 minutes"},"schema":{"@context":"https:\/\/schema.org","@graph":[{"@type":"Article","@id":"https:\/\/bobea.net\/index.php\/2025\/10\/06\/meghan-markle-envoute-paris-a-la-fashion-week\/#article","isPartOf":{"@id":"https:\/\/bobea.net\/index.php\/2025\/10\/06\/meghan-markle-envoute-paris-a-la-fashion-week\/"},"author":{"name":"bobea.info","@id":"https:\/\/bobea.net\/#\/schema\/person\/e7f45ef187918d7c956bf619dce90ccf"},"headline":"Meghan Markle envo\u00fbte Paris \u00e0 la Fashion Week","datePublished":"2025-10-06T07:57:23+00:00","dateModified":"2025-10-06T07:57:24+00:00","mainEntityOfPage":{"@id":"https:\/\/bobea.net\/index.php\/2025\/10\/06\/meghan-markle-envoute-paris-a-la-fashion-week\/"},"wordCount":265,"commentCount":0,"publisher":{"@id":"https:\/\/bobea.net\/#organization"},"image":{"@id":"https:\/\/bobea.net\/index.php\/2025\/10\/06\/meghan-markle-envoute-paris-a-la-fashion-week\/#primaryimage"},"thumbnailUrl":"https:\/\/bobea.net\/wp-content\/uploads\/2025\/10\/9fb487d0-a1b0-11f0-9fd2-579c9a6035d2.jpg.webp","articleSection":["On en Parle"],"inLanguage":"fr-FR","potentialAction":[{"@type":"CommentAction","name":"Comment","target":["https:\/\/bobea.net\/index.php\/2025\/10\/06\/meghan-markle-envoute-paris-a-la-fashion-week\/#respond"]}]},{"@type":"WebPage","@id":"https:\/\/bobea.net\/index.php\/2025\/10\/06\/meghan-markle-envoute-paris-a-la-fashion-week\/","url":"https:\/\/bobea.net\/index.php\/2025\/10\/06\/meghan-markle-envoute-paris-a-la-fashion-week\/","name":"Meghan Markle envo\u00fbte Paris \u00e0 la Fashion Week - Bobea","isPartOf":{"@id":"https:\/\/bobea.net\/#website"},"primaryImageOfPage":{"@id":"https:\/\/bobea.net\/index.php\/2025\/10\/06\/meghan-markle-envoute-paris-a-la-fashion-week\/#primaryimage"},"image":{"@id":"https:\/\/bobea.net\/index.php\/2025\/10\/06\/meghan-markle-envoute-paris-a-la-fashion-week\/#primaryimage"},"thumbnailUrl":"https:\/\/bobea.net\/wp-content\/uploads\/2025\/10\/9fb487d0-a1b0-11f0-9fd2-579c9a6035d2.jpg.webp","datePublished":"2025-10-06T07:57:23+00:00","dateModified":"2025-10-06T07:57:24+00:00","description":"Ce retour \u00e9clatant signifie aussi son engagement renouvel\u00e9 dans la mode et le soutien \u00e0 des cr\u00e9ateurs qu\u2019elle admire. Son passage \u00e0 Paris","breadcrumb":{"@id":"https:\/\/bobea.net\/index.php\/2025\/10\/06\/meghan-markle-envoute-paris-a-la-fashion-week\/#breadcrumb"},"inLanguage":"fr-FR","potentialAction":[{"@type":"ReadAction","target":["https:\/\/bobea.net\/index.php\/2025\/10\/06\/meghan-markle-envoute-paris-a-la-fashion-week\/"]}]},{"@type":"ImageObject","inLanguage":"fr-FR","@id":"https:\/\/bobea.net\/index.php\/2025\/10\/06\/meghan-markle-envoute-paris-a-la-fashion-week\/#primaryimage","url":"https:\/\/bobea.net\/wp-content\/uploads\/2025\/10\/9fb487d0-a1b0-11f0-9fd2-579c9a6035d2.jpg.webp","contentUrl":"https:\/\/bobea.net\/wp-content\/uploads\/2025\/10\/9fb487d0-a1b0-11f0-9fd2-579c9a6035d2.jpg.webp","width":640,"height":359},{"@type":"BreadcrumbList","@id":"https:\/\/bobea.net\/index.php\/2025\/10\/06\/meghan-markle-envoute-paris-a-la-fashion-week\/#breadcrumb","itemListElement":[{"@type":"ListItem","position":1,"name":"Accueil","item":"https:\/\/bobea.net\/"},{"@type":"ListItem","position":2,"name":"Meghan Markle envo\u00fbte Paris \u00e0 la Fashion Week"}]},{"@type":"WebSite","@id":"https:\/\/bobea.net\/#website","url":"https:\/\/bobea.net\/","name":"Bobea","description":"Le magazine de la nouvelle \u00c8ve","publisher":{"@id":"https:\/\/bobea.net\/#organization"},"potentialAction":[{"@type":"SearchAction","target":{"@type":"EntryPoint","urlTemplate":"https:\/\/bobea.net\/?s={search_term_string}"},"query-input":{"@type":"PropertyValueSpecification","valueRequired":true,"valueName":"search_term_string"}}],"inLanguage":"fr-FR"},{"@type":"Organization","@id":"https:\/\/bobea.net\/#organization","name":"Bobea","url":"https:\/\/bobea.net\/","logo":{"@type":"ImageObject","inLanguage":"fr-FR","@id":"https:\/\/bobea.net\/#\/schema\/logo\/image\/","url":"https:\/\/bobea.net\/wp-content\/uploads\/2024\/06\/bobea.jpg","contentUrl":"https:\/\/bobea.net\/wp-content\/uploads\/2024\/06\/bobea.jpg","width":1080,"height":1080,"caption":"Bobea"},"image":{"@id":"https:\/\/bobea.net\/#\/schema\/logo\/image\/"},"sameAs":["https:\/\/web.facebook.com\/profile.php?id=61559252188416"]},{"@type":"Person","@id":"https:\/\/bobea.net\/#\/schema\/person\/e7f45ef187918d7c956bf619dce90ccf","name":"bobea.info","image":{"@type":"ImageObject","inLanguage":"fr-FR","@id":"https:\/\/bobea.net\/#\/schema\/person\/image\/","url":"https:\/\/secure.gravatar.com\/avatar\/36147980349df887ae30808df3e29474?s=96&d=mm&r=g","contentUrl":"https:\/\/secure.gravatar.com\/avatar\/36147980349df887ae30808df3e29474?s=96&d=mm&r=g","caption":"bobea.info"},"sameAs":["https:\/\/bobea.net"],"url":"https:\/\/bobea.net\/index.php\/author\/bobea-info\/"}]}},"_links":{"self":[{"href":"https:\/\/bobea.net\/index.php\/wp-json\/wp\/v2\/posts\/25487"}],"collection":[{"href":"https:\/\/bobea.net\/index.php\/wp-json\/wp\/v2\/posts"}],"about":[{"href":"https:\/\/bobea.net\/index.php\/wp-json\/wp\/v2\/types\/post"}],"author":[{"embeddable":true,"href":"https:\/\/bobea.net\/index.php\/wp-json\/wp\/v2\/users\/1"}],"replies":[{"embeddable":true,"href":"https:\/\/bobea.net\/index.php\/wp-json\/wp\/v2\/comments?post=25487"}],"version-history":[{"count":1,"href":"https:\/\/bobea.net\/index.php\/wp-json\/wp\/v2\/posts\/25487\/revisions"}],"predecessor-version":[{"id":25490,"href":"https:\/\/bobea.net\/index.php\/wp-json\/wp\/v2\/posts\/25487\/revisions\/25490"}],"wp:featuredmedia":[{"embeddable":true,"href":"https:\/\/bobea.net\/index.php\/wp-json\/wp\/v2\/media\/25489"}],"wp:attachment":[{"href":"https:\/\/bobea.net\/index.php\/wp-json\/wp\/v2\/media?parent=25487"}],"wp:term":[{"taxonomy":"category","embeddable":true,"href":"https:\/\/bobea.net\/index.php\/wp-json\/wp\/v2\/categories?post=25487"},{"taxonomy":"post_tag","embeddable":true,"href":"https:\/\/bobea.net\/index.php\/wp-json\/wp\/v2\/tags?post=25487"}],"curies":[{"name":"wp","href":"https:\/\/api.w.org\/{rel}","templated":true}]}}