{"id":24689,"date":"2025-09-07T16:11:29","date_gmt":"2025-09-07T16:11:29","guid":{"rendered":"https:\/\/bobea.net\/?p=24689"},"modified":"2025-09-07T17:40:52","modified_gmt":"2025-09-07T17:40:52","slug":"temoignage-choc-patricia-morvan-maltraitee-jai-renonce-a-la-medecine","status":"publish","type":"post","link":"https:\/\/bobea.net\/index.php\/2025\/09\/07\/temoignage-choc-patricia-morvan-maltraitee-jai-renonce-a-la-medecine\/","title":{"rendered":"\u00ab T\u00e9moignage-choc : Patricia Morvan \u2013 \u00ab Maltrait\u00e9e, j\u2019ai renonc\u00e9 \u00e0 la m\u00e9decine \u00bb \u00bb"},"content":{"rendered":"\n<p><strong>Intro\u00adduc\u00adtion<\/strong><\/p>\n\n\n\n<p>En France, l\u2019h\u00f4pi\u00adtal pub\u00adlic tra\u00adverse une crise sans pr\u00e9c\u00e9\u00addent. Der\u00adri\u00e8re les chiffres alar\u00admants et les rap\u00adports offi\u00adciels se cachent des his\u00adtoires humaines boulever\u00adsantes. Patri\u00adcia Mor\u00advan, anci\u00adenne \u00e9tu\u00addi\u00adante en m\u00e9decine, t\u00e9moigne pour BOBEA : har\u00adc\u00e8le\u00adment, humil\u00adi\u00ada\u00adtions, vio\u00adlences psy\u00adchologiques. Sub\u00admerg\u00e9e, elle a finale\u00adment renon\u00adc\u00e9 \u00e0 devenir m\u00e9decin. Son r\u00e9c\u00adit r\u00e9v\u00e8le les d\u00e9rives inqui\u00e9\u00adtantes de la for\u00adma\u00adtion hos\u00adpi\u00adtal\u00adi\u00e8re.<\/p>\n\n\n\n<p><strong>La voca\u00adtion bris\u00e9e<\/strong><\/p>\n\n\n\n<p>Pas\u00adsion\u00adn\u00e9e par la m\u00e9decine, Patri\u00adcia r\u00eavait depuis son enfance de sauver des vies. Mais en sc\u00e8ne hos\u00adpi\u00adtal\u00adi\u00e8re, elle d\u00e9cou\u00advre une r\u00e9al\u00adit\u00e9 bru\u00adtale : manque de moyens, encadrement tyran\u00adnique, \u00e9puise\u00adment per\u00adma\u00adnent. \u00ab Les mal\u00adtrai\u00adtances quo\u00adti\u00addi\u00adennes, les humil\u00adi\u00ada\u00adtions r\u00e9p\u00e9t\u00e9es\u2026 je me suis \u00e9teinte \u00e0 petit feu \u00bb, con\u00adfie-t-elle.<\/p>\n\n\n\n<p><strong>L\u2019en\u00adfer des stages<\/strong><\/p>\n\n\n\n<p>Patri\u00adcia racon\u00adte des semaines de&nbsp;80 heures sans repos r\u00e9el&nbsp;, des remar\u00adques d\u00e9gradantes devant les patients, l\u2019ab\u00adsence totale de sou\u00adtien psy\u00adchologique. \u00ab La m\u00e9decine est dev\u00adenue un milieu de com\u00adp\u00e9ti\u00adtion vio\u00adlente, o\u00f9 la faib\u00adlesse n\u2019a pas sa place \u00bb, d\u00e9plore-t-elle.<\/p>\n\n\n\n<p><strong>Un prob\u00adl\u00e8me<\/strong><\/p>\n\n\n\n<p>Son cas n\u2019est pas isol\u00e9. Plusieurs rap\u00adports d\u00e9non\u00adcent une \u00ab cul\u00adture de la mal\u00adtrai\u00adtance insti\u00adtu\u00adtion\u00adnelle \u00bb \u00e0 l\u2019h\u00f4pi\u00adtal fran\u00e7ais, surtout envers les internes et jeunes prati\u00adciens. Stress, burn-out et aban\u00addon des \u00e9tudes explosif. En 2025, pr\u00e8s de 30% des \u00e9tu\u00addi\u00adants en m\u00e9decine envis\u00adagent de quit\u00adter leur cur\u00adsus.<\/p>\n\n\n\n<p><strong>Des vies de patients en dan\u00adger ?<\/strong><\/p>\n\n\n\n<p>Der\u00adri\u00e8re cette crise, ce sont aus\u00adsi les patients qui souf\u00adfrent : \u00e9quipes en sous-effec\u00adtif, fatigue chronique des soignants, erreurs m\u00e9di\u00adcales li\u00e9es \u00e0 l\u2019\u00e9puise\u00adment. La qual\u00adit\u00e9 des soins, jadis fiert\u00e9 de la France, vac\u00adille dan\u00adgereuse\u00adment.<\/p>\n\n\n\n<figure class=\"wp-block-image size-full is-resized\"><img loading=\"lazy\" decoding=\"async\" width=\"450\" height=\"338\" src=\"https:\/\/bobea.net\/wp-content\/uploads\/2025\/09\/10371599-1.webp\" alt class=\"wp-image-24696\" style=\"width:840px;height:auto\" srcset=\"https:\/\/bobea.net\/wp-content\/uploads\/2025\/09\/10371599-1.webp 450w, https:\/\/bobea.net\/wp-content\/uploads\/2025\/09\/10371599-1-300x225.webp 300w\" sizes=\"(max-width: 450px) 100vw, 450px\"><\/figure>\n\n\n\n<p><strong>Les appels \u00e0 la r\u00e9forme<\/strong><\/p>\n\n\n\n<p>Des col\u00adlec\u00adtifs r\u00e9cla\u00adment davan\u00adtage de moyens, un suivi psy\u00adchologique ren\u00adfor\u00adc\u00e9 et une lutte ferme con\u00adtre les vio\u00adlences hi\u00e9rar\u00adchiques. Mais sur le ter\u00adrain, la r\u00e9sig\u00adna\u00adtion gagne. \u00ab J\u2019ai per\u00addu mon r\u00eave \u00bb, con\u00adclut Patri\u00adcia, \u00ab mais je ne suis pas la seule \u00bb.<\/p>\n\n\n\n<p><strong>Con\u00adclu\u00adsion<\/strong><\/p>\n\n\n\n<p>Le t\u00e9moignage de Patri\u00adcia Mor\u00advan met en lumi\u00e8re le&nbsp;vis\u00adage som\u00adbre des h\u00f4pi\u00adtaux fran\u00e7ais en 2025&nbsp;: burn-out, vio\u00adlence insti\u00adtu\u00adtion\u00adnelle et renon\u00adce\u00adments douloureux. Der\u00adri\u00e8re les blous\u00ades blanch\u00ades, ce sont des vies en d\u00e9tresse qui appel\u00adlent \u00e0 une r\u00e9forme urgente.<\/p>\n","protected":false},"excerpt":{"rendered":"<p>Intro\u00adduc\u00adtion En France, l\u2019h\u00f4pi\u00adtal pub\u00adlic tra\u00adverse une crise sans pr\u00e9c\u00e9\u00addent. Der\u00adri\u00e8re les chiffres alar\u00admants et les rap\u00adports offi\u00adciels se cachent des his\u00adtoires humaines boulever\u00adsantes. Patri\u00adcia Mor\u00advan, anci\u00adenne \u00e9tu\u00addi\u00adante en m\u00e9decine,\u2026 <\/p>\n","protected":false},"author":1,"featured_media":24699,"comment_status":"open","ping_status":"closed","sticky":false,"template":"","format":"standard","meta":{"wp_typography_post_enhancements_disabled":false,"footnotes":""},"categories":[73],"tags":[18653,18654,18655,18656],"class_list":["post-24689","post","type-post","status-publish","format-standard","has-post-thumbnail","hentry","category-on-en-parle","tag-conditions-de-travail-etudiants-medecine","tag-crise-hopitaux-france-2025","tag-maltraitance-medicale","tag-temoignage-choc-sante"],"yoast_head":"<!-- This site is optimized with the Yoast SEO plugin v24.7 - https:\/\/yoast.com\/wordpress\/plugins\/seo\/ -->\n<title>\u00ab T\u00e9moignage-choc : Patricia Morvan \u2013 \u00ab Maltrait\u00e9e, j&#039;ai renonc\u00e9 \u00e0 la m\u00e9decine \u00bb \u00bb - Bobea<\/title>\n<meta name=\"robots\" content=\"index, follow, max-snippet:-1, max-image-preview:large, max-video-preview:-1\" \/>\n<link rel=\"canonical\" href=\"https:\/\/bobea.net\/index.php\/2025\/09\/07\/temoignage-choc-patricia-morvan-maltraitee-jai-renonce-a-la-medecine\/\" \/>\n<meta property=\"og:locale\" content=\"fr_FR\" \/>\n<meta property=\"og:type\" content=\"article\" \/>\n<meta property=\"og:title\" content=\"\u00ab T\u00e9moignage-choc : Patricia Morvan \u2013 \u00ab Maltrait\u00e9e, j&#039;ai renonc\u00e9 \u00e0 la m\u00e9decine \u00bb \u00bb - Bobea\" \/>\n<meta property=\"og:description\" content=\"Intro\u00adduc\u00adtion En France, l\u2019h\u00f4pi\u00adtal pub\u00adlic tra\u00adverse une crise sans pr\u00e9c\u00e9\u00addent. Der\u00adri\u00e8re les chiffres alar\u00admants et les rap\u00adports offi\u00adciels se cachent des his\u00adtoires humaines boulever\u00adsantes. Patri\u00adcia Mor\u00advan, anci\u00adenne \u00e9tu\u00addi\u00adante en m\u00e9decine,&hellip;\" \/>\n<meta property=\"og:url\" content=\"https:\/\/bobea.net\/index.php\/2025\/09\/07\/temoignage-choc-patricia-morvan-maltraitee-jai-renonce-a-la-medecine\/\" \/>\n<meta property=\"og:site_name\" content=\"Bobea\" \/>\n<meta property=\"article:publisher\" content=\"https:\/\/web.facebook.com\/profile.php?id=61559252188416\" \/>\n<meta property=\"article:published_time\" content=\"2025-09-07T16:11:29+00:00\" \/>\n<meta property=\"article:modified_time\" content=\"2025-09-07T17:40:52+00:00\" \/>\n<meta property=\"og:image\" content=\"https:\/\/bobea.net\/wp-content\/uploads\/2025\/09\/1671722254610.jpeg\" \/>\n\t<meta property=\"og:image:width\" content=\"800\" \/>\n\t<meta property=\"og:image:height\" content=\"402\" \/>\n\t<meta property=\"og:image:type\" content=\"image\/jpeg\" \/>\n<meta name=\"author\" content=\"bobea.info\" \/>\n<meta name=\"twitter:card\" content=\"summary_large_image\" \/>\n<meta name=\"twitter:label1\" content=\"\u00c9crit par\" \/>\n\t<meta name=\"twitter:data1\" content=\"bobea.info\" \/>\n\t<meta name=\"twitter:label2\" content=\"Dur\u00e9e de lecture estim\u00e9e\" \/>\n\t<meta name=\"twitter:data2\" content=\"2 minutes\" \/>\n<script type=\"application\/ld+json\" class=\"yoast-schema-graph\">{\"@context\":\"https:\/\/schema.org\",\"@graph\":[{\"@type\":\"Article\",\"@id\":\"https:\/\/bobea.net\/index.php\/2025\/09\/07\/temoignage-choc-patricia-morvan-maltraitee-jai-renonce-a-la-medecine\/#article\",\"isPartOf\":{\"@id\":\"https:\/\/bobea.net\/index.php\/2025\/09\/07\/temoignage-choc-patricia-morvan-maltraitee-jai-renonce-a-la-medecine\/\"},\"author\":{\"name\":\"bobea.info\",\"@id\":\"https:\/\/bobea.net\/#\/schema\/person\/e7f45ef187918d7c956bf619dce90ccf\"},\"headline\":\"\u00ab T\u00e9moignage-choc : Patricia Morvan \u2013 \u00ab Maltrait\u00e9e, j\u2019ai renonc\u00e9 \u00e0 la m\u00e9decine \u00bb \u00bb\",\"datePublished\":\"2025-09-07T16:11:29+00:00\",\"dateModified\":\"2025-09-07T17:40:52+00:00\",\"mainEntityOfPage\":{\"@id\":\"https:\/\/bobea.net\/index.php\/2025\/09\/07\/temoignage-choc-patricia-morvan-maltraitee-jai-renonce-a-la-medecine\/\"},\"wordCount\":376,\"commentCount\":0,\"publisher\":{\"@id\":\"https:\/\/bobea.net\/#organization\"},\"image\":{\"@id\":\"https:\/\/bobea.net\/index.php\/2025\/09\/07\/temoignage-choc-patricia-morvan-maltraitee-jai-renonce-a-la-medecine\/#primaryimage\"},\"thumbnailUrl\":\"https:\/\/bobea.net\/wp-content\/uploads\/2025\/09\/1671722254610.jpeg\",\"keywords\":[\"conditions de travail \u00e9tudiants m\u00e9decine\",\"crise h\u00f4pitaux France 2025\",\"maltraitance m\u00e9dicale\",\"t\u00e9moignage choc sant\u00e9\"],\"articleSection\":[\"On en Parle\"],\"inLanguage\":\"fr-FR\",\"potentialAction\":[{\"@type\":\"CommentAction\",\"name\":\"Comment\",\"target\":[\"https:\/\/bobea.net\/index.php\/2025\/09\/07\/temoignage-choc-patricia-morvan-maltraitee-jai-renonce-a-la-medecine\/#respond\"]}]},{\"@type\":\"WebPage\",\"@id\":\"https:\/\/bobea.net\/index.php\/2025\/09\/07\/temoignage-choc-patricia-morvan-maltraitee-jai-renonce-a-la-medecine\/\",\"url\":\"https:\/\/bobea.net\/index.php\/2025\/09\/07\/temoignage-choc-patricia-morvan-maltraitee-jai-renonce-a-la-medecine\/\",\"name\":\"\u00ab T\u00e9moignage-choc : Patricia Morvan \u2013 \u00ab Maltrait\u00e9e, j'ai renonc\u00e9 \u00e0 la m\u00e9decine \u00bb \u00bb - Bobea\",\"isPartOf\":{\"@id\":\"https:\/\/bobea.net\/#website\"},\"primaryImageOfPage\":{\"@id\":\"https:\/\/bobea.net\/index.php\/2025\/09\/07\/temoignage-choc-patricia-morvan-maltraitee-jai-renonce-a-la-medecine\/#primaryimage\"},\"image\":{\"@id\":\"https:\/\/bobea.net\/index.php\/2025\/09\/07\/temoignage-choc-patricia-morvan-maltraitee-jai-renonce-a-la-medecine\/#primaryimage\"},\"thumbnailUrl\":\"https:\/\/bobea.net\/wp-content\/uploads\/2025\/09\/1671722254610.jpeg\",\"datePublished\":\"2025-09-07T16:11:29+00:00\",\"dateModified\":\"2025-09-07T17:40:52+00:00\",\"breadcrumb\":{\"@id\":\"https:\/\/bobea.net\/index.php\/2025\/09\/07\/temoignage-choc-patricia-morvan-maltraitee-jai-renonce-a-la-medecine\/#breadcrumb\"},\"inLanguage\":\"fr-FR\",\"potentialAction\":[{\"@type\":\"ReadAction\",\"target\":[\"https:\/\/bobea.net\/index.php\/2025\/09\/07\/temoignage-choc-patricia-morvan-maltraitee-jai-renonce-a-la-medecine\/\"]}]},{\"@type\":\"ImageObject\",\"inLanguage\":\"fr-FR\",\"@id\":\"https:\/\/bobea.net\/index.php\/2025\/09\/07\/temoignage-choc-patricia-morvan-maltraitee-jai-renonce-a-la-medecine\/#primaryimage\",\"url\":\"https:\/\/bobea.net\/wp-content\/uploads\/2025\/09\/1671722254610.jpeg\",\"contentUrl\":\"https:\/\/bobea.net\/wp-content\/uploads\/2025\/09\/1671722254610.jpeg\",\"width\":800,\"height\":402},{\"@type\":\"BreadcrumbList\",\"@id\":\"https:\/\/bobea.net\/index.php\/2025\/09\/07\/temoignage-choc-patricia-morvan-maltraitee-jai-renonce-a-la-medecine\/#breadcrumb\",\"itemListElement\":[{\"@type\":\"ListItem\",\"position\":1,\"name\":\"Accueil\",\"item\":\"https:\/\/bobea.net\/\"},{\"@type\":\"ListItem\",\"position\":2,\"name\":\"\u00ab T\u00e9moignage-choc : Patricia Morvan \u2013 \u00ab Maltrait\u00e9e, j&rsquo;ai renonc\u00e9 \u00e0 la m\u00e9decine \u00bb \u00bb\"}]},{\"@type\":\"WebSite\",\"@id\":\"https:\/\/bobea.net\/#website\",\"url\":\"https:\/\/bobea.net\/\",\"name\":\"Bobea\",\"description\":\"Le magazine de la nouvelle \u00c8ve\",\"publisher\":{\"@id\":\"https:\/\/bobea.net\/#organization\"},\"potentialAction\":[{\"@type\":\"SearchAction\",\"target\":{\"@type\":\"EntryPoint\",\"urlTemplate\":\"https:\/\/bobea.net\/?s={search_term_string}\"},\"query-input\":{\"@type\":\"PropertyValueSpecification\",\"valueRequired\":true,\"valueName\":\"search_term_string\"}}],\"inLanguage\":\"fr-FR\"},{\"@type\":\"Organization\",\"@id\":\"https:\/\/bobea.net\/#organization\",\"name\":\"Bobea\",\"url\":\"https:\/\/bobea.net\/\",\"logo\":{\"@type\":\"ImageObject\",\"inLanguage\":\"fr-FR\",\"@id\":\"https:\/\/bobea.net\/#\/schema\/logo\/image\/\",\"url\":\"https:\/\/bobea.net\/wp-content\/uploads\/2024\/06\/bobea.jpg\",\"contentUrl\":\"https:\/\/bobea.net\/wp-content\/uploads\/2024\/06\/bobea.jpg\",\"width\":1080,\"height\":1080,\"caption\":\"Bobea\"},\"image\":{\"@id\":\"https:\/\/bobea.net\/#\/schema\/logo\/image\/\"},\"sameAs\":[\"https:\/\/web.facebook.com\/profile.php?id=61559252188416\"]},{\"@type\":\"Person\",\"@id\":\"https:\/\/bobea.net\/#\/schema\/person\/e7f45ef187918d7c956bf619dce90ccf\",\"name\":\"bobea.info\",\"image\":{\"@type\":\"ImageObject\",\"inLanguage\":\"fr-FR\",\"@id\":\"https:\/\/bobea.net\/#\/schema\/person\/image\/\",\"url\":\"https:\/\/secure.gravatar.com\/avatar\/36147980349df887ae30808df3e29474?s=96&d=mm&r=g\",\"contentUrl\":\"https:\/\/secure.gravatar.com\/avatar\/36147980349df887ae30808df3e29474?s=96&d=mm&r=g\",\"caption\":\"bobea.info\"},\"sameAs\":[\"https:\/\/bobea.net\"],\"url\":\"https:\/\/bobea.net\/index.php\/author\/bobea-info\/\"}]}<\/script>\n<!-- \/ Yoast SEO plugin. -->","yoast_head_json":{"title":"\u00ab T\u00e9moignage-choc : Patricia Morvan \u2013 \u00ab Maltrait\u00e9e, j'ai renonc\u00e9 \u00e0 la m\u00e9decine \u00bb \u00bb - Bobea","robots":{"index":"index","follow":"follow","max-snippet":"max-snippet:-1","max-image-preview":"max-image-preview:large","max-video-preview":"max-video-preview:-1"},"canonical":"https:\/\/bobea.net\/index.php\/2025\/09\/07\/temoignage-choc-patricia-morvan-maltraitee-jai-renonce-a-la-medecine\/","og_locale":"fr_FR","og_type":"article","og_title":"\u00ab T\u00e9moignage-choc : Patricia Morvan \u2013 \u00ab Maltrait\u00e9e, j'ai renonc\u00e9 \u00e0 la m\u00e9decine \u00bb \u00bb - Bobea","og_description":"Intro\u00adduc\u00adtion En France, l\u2019h\u00f4pi\u00adtal pub\u00adlic tra\u00adverse une crise sans pr\u00e9c\u00e9\u00addent. Der\u00adri\u00e8re les chiffres alar\u00admants et les rap\u00adports offi\u00adciels se cachent des his\u00adtoires humaines boulever\u00adsantes. Patri\u00adcia Mor\u00advan, anci\u00adenne \u00e9tu\u00addi\u00adante en m\u00e9decine,&hellip;","og_url":"https:\/\/bobea.net\/index.php\/2025\/09\/07\/temoignage-choc-patricia-morvan-maltraitee-jai-renonce-a-la-medecine\/","og_site_name":"Bobea","article_publisher":"https:\/\/web.facebook.com\/profile.php?id=61559252188416","article_published_time":"2025-09-07T16:11:29+00:00","article_modified_time":"2025-09-07T17:40:52+00:00","og_image":[{"width":800,"height":402,"url":"https:\/\/bobea.net\/wp-content\/uploads\/2025\/09\/1671722254610.jpeg","type":"image\/jpeg"}],"author":"bobea.info","twitter_card":"summary_large_image","twitter_misc":{"\u00c9crit par":"bobea.info","Dur\u00e9e de lecture estim\u00e9e":"2 minutes"},"schema":{"@context":"https:\/\/schema.org","@graph":[{"@type":"Article","@id":"https:\/\/bobea.net\/index.php\/2025\/09\/07\/temoignage-choc-patricia-morvan-maltraitee-jai-renonce-a-la-medecine\/#article","isPartOf":{"@id":"https:\/\/bobea.net\/index.php\/2025\/09\/07\/temoignage-choc-patricia-morvan-maltraitee-jai-renonce-a-la-medecine\/"},"author":{"name":"bobea.info","@id":"https:\/\/bobea.net\/#\/schema\/person\/e7f45ef187918d7c956bf619dce90ccf"},"headline":"\u00ab T\u00e9moignage-choc : Patricia Morvan \u2013 \u00ab Maltrait\u00e9e, j\u2019ai renonc\u00e9 \u00e0 la m\u00e9decine \u00bb \u00bb","datePublished":"2025-09-07T16:11:29+00:00","dateModified":"2025-09-07T17:40:52+00:00","mainEntityOfPage":{"@id":"https:\/\/bobea.net\/index.php\/2025\/09\/07\/temoignage-choc-patricia-morvan-maltraitee-jai-renonce-a-la-medecine\/"},"wordCount":376,"commentCount":0,"publisher":{"@id":"https:\/\/bobea.net\/#organization"},"image":{"@id":"https:\/\/bobea.net\/index.php\/2025\/09\/07\/temoignage-choc-patricia-morvan-maltraitee-jai-renonce-a-la-medecine\/#primaryimage"},"thumbnailUrl":"https:\/\/bobea.net\/wp-content\/uploads\/2025\/09\/1671722254610.jpeg","keywords":["conditions de travail \u00e9tudiants m\u00e9decine","crise h\u00f4pitaux France 2025","maltraitance m\u00e9dicale","t\u00e9moignage choc sant\u00e9"],"articleSection":["On en Parle"],"inLanguage":"fr-FR","potentialAction":[{"@type":"CommentAction","name":"Comment","target":["https:\/\/bobea.net\/index.php\/2025\/09\/07\/temoignage-choc-patricia-morvan-maltraitee-jai-renonce-a-la-medecine\/#respond"]}]},{"@type":"WebPage","@id":"https:\/\/bobea.net\/index.php\/2025\/09\/07\/temoignage-choc-patricia-morvan-maltraitee-jai-renonce-a-la-medecine\/","url":"https:\/\/bobea.net\/index.php\/2025\/09\/07\/temoignage-choc-patricia-morvan-maltraitee-jai-renonce-a-la-medecine\/","name":"\u00ab T\u00e9moignage-choc : Patricia Morvan \u2013 \u00ab Maltrait\u00e9e, j'ai renonc\u00e9 \u00e0 la m\u00e9decine \u00bb \u00bb - Bobea","isPartOf":{"@id":"https:\/\/bobea.net\/#website"},"primaryImageOfPage":{"@id":"https:\/\/bobea.net\/index.php\/2025\/09\/07\/temoignage-choc-patricia-morvan-maltraitee-jai-renonce-a-la-medecine\/#primaryimage"},"image":{"@id":"https:\/\/bobea.net\/index.php\/2025\/09\/07\/temoignage-choc-patricia-morvan-maltraitee-jai-renonce-a-la-medecine\/#primaryimage"},"thumbnailUrl":"https:\/\/bobea.net\/wp-content\/uploads\/2025\/09\/1671722254610.jpeg","datePublished":"2025-09-07T16:11:29+00:00","dateModified":"2025-09-07T17:40:52+00:00","breadcrumb":{"@id":"https:\/\/bobea.net\/index.php\/2025\/09\/07\/temoignage-choc-patricia-morvan-maltraitee-jai-renonce-a-la-medecine\/#breadcrumb"},"inLanguage":"fr-FR","potentialAction":[{"@type":"ReadAction","target":["https:\/\/bobea.net\/index.php\/2025\/09\/07\/temoignage-choc-patricia-morvan-maltraitee-jai-renonce-a-la-medecine\/"]}]},{"@type":"ImageObject","inLanguage":"fr-FR","@id":"https:\/\/bobea.net\/index.php\/2025\/09\/07\/temoignage-choc-patricia-morvan-maltraitee-jai-renonce-a-la-medecine\/#primaryimage","url":"https:\/\/bobea.net\/wp-content\/uploads\/2025\/09\/1671722254610.jpeg","contentUrl":"https:\/\/bobea.net\/wp-content\/uploads\/2025\/09\/1671722254610.jpeg","width":800,"height":402},{"@type":"BreadcrumbList","@id":"https:\/\/bobea.net\/index.php\/2025\/09\/07\/temoignage-choc-patricia-morvan-maltraitee-jai-renonce-a-la-medecine\/#breadcrumb","itemListElement":[{"@type":"ListItem","position":1,"name":"Accueil","item":"https:\/\/bobea.net\/"},{"@type":"ListItem","position":2,"name":"\u00ab T\u00e9moignage-choc : Patricia Morvan \u2013 \u00ab Maltrait\u00e9e, j&rsquo;ai renonc\u00e9 \u00e0 la m\u00e9decine \u00bb \u00bb"}]},{"@type":"WebSite","@id":"https:\/\/bobea.net\/#website","url":"https:\/\/bobea.net\/","name":"Bobea","description":"Le magazine de la nouvelle \u00c8ve","publisher":{"@id":"https:\/\/bobea.net\/#organization"},"potentialAction":[{"@type":"SearchAction","target":{"@type":"EntryPoint","urlTemplate":"https:\/\/bobea.net\/?s={search_term_string}"},"query-input":{"@type":"PropertyValueSpecification","valueRequired":true,"valueName":"search_term_string"}}],"inLanguage":"fr-FR"},{"@type":"Organization","@id":"https:\/\/bobea.net\/#organization","name":"Bobea","url":"https:\/\/bobea.net\/","logo":{"@type":"ImageObject","inLanguage":"fr-FR","@id":"https:\/\/bobea.net\/#\/schema\/logo\/image\/","url":"https:\/\/bobea.net\/wp-content\/uploads\/2024\/06\/bobea.jpg","contentUrl":"https:\/\/bobea.net\/wp-content\/uploads\/2024\/06\/bobea.jpg","width":1080,"height":1080,"caption":"Bobea"},"image":{"@id":"https:\/\/bobea.net\/#\/schema\/logo\/image\/"},"sameAs":["https:\/\/web.facebook.com\/profile.php?id=61559252188416"]},{"@type":"Person","@id":"https:\/\/bobea.net\/#\/schema\/person\/e7f45ef187918d7c956bf619dce90ccf","name":"bobea.info","image":{"@type":"ImageObject","inLanguage":"fr-FR","@id":"https:\/\/bobea.net\/#\/schema\/person\/image\/","url":"https:\/\/secure.gravatar.com\/avatar\/36147980349df887ae30808df3e29474?s=96&d=mm&r=g","contentUrl":"https:\/\/secure.gravatar.com\/avatar\/36147980349df887ae30808df3e29474?s=96&d=mm&r=g","caption":"bobea.info"},"sameAs":["https:\/\/bobea.net"],"url":"https:\/\/bobea.net\/index.php\/author\/bobea-info\/"}]}},"_links":{"self":[{"href":"https:\/\/bobea.net\/index.php\/wp-json\/wp\/v2\/posts\/24689"}],"collection":[{"href":"https:\/\/bobea.net\/index.php\/wp-json\/wp\/v2\/posts"}],"about":[{"href":"https:\/\/bobea.net\/index.php\/wp-json\/wp\/v2\/types\/post"}],"author":[{"embeddable":true,"href":"https:\/\/bobea.net\/index.php\/wp-json\/wp\/v2\/users\/1"}],"replies":[{"embeddable":true,"href":"https:\/\/bobea.net\/index.php\/wp-json\/wp\/v2\/comments?post=24689"}],"version-history":[{"count":2,"href":"https:\/\/bobea.net\/index.php\/wp-json\/wp\/v2\/posts\/24689\/revisions"}],"predecessor-version":[{"id":24773,"href":"https:\/\/bobea.net\/index.php\/wp-json\/wp\/v2\/posts\/24689\/revisions\/24773"}],"wp:featuredmedia":[{"embeddable":true,"href":"https:\/\/bobea.net\/index.php\/wp-json\/wp\/v2\/media\/24699"}],"wp:attachment":[{"href":"https:\/\/bobea.net\/index.php\/wp-json\/wp\/v2\/media?parent=24689"}],"wp:term":[{"taxonomy":"category","embeddable":true,"href":"https:\/\/bobea.net\/index.php\/wp-json\/wp\/v2\/categories?post=24689"},{"taxonomy":"post_tag","embeddable":true,"href":"https:\/\/bobea.net\/index.php\/wp-json\/wp\/v2\/tags?post=24689"}],"curies":[{"name":"wp","href":"https:\/\/api.w.org\/{rel}","templated":true}]}}