{"id":24671,"date":"2025-09-07T16:03:39","date_gmt":"2025-09-07T16:03:39","guid":{"rendered":"https:\/\/bobea.net\/?p=24671"},"modified":"2025-09-07T16:03:40","modified_gmt":"2025-09-07T16:03:40","slug":"photos-volees-rachida-dati-aymeric-caron-et-patrick-cohen-entre-revanche-et-vacheries","status":"publish","type":"post","link":"https:\/\/bobea.net\/index.php\/2025\/09\/07\/photos-volees-rachida-dati-aymeric-caron-et-patrick-cohen-entre-revanche-et-vacheries\/","title":{"rendered":"\u00ab Photos vol\u00e9es : Rachida Dati, Aymeric Caron et Patrick Cohen \u2013 entre revanche et vacheries \u00bb"},"content":{"rendered":"\n<p><strong>Intro\u00adduc\u00adtion<\/strong><\/p>\n\n\n\n<p>Les r\u00e9seaux soci\u00adaux s\u2019en\u00adflam\u00adment. En sep\u00adtem\u00adbre 2025, des clich\u00e9s priv\u00e9s de&nbsp;Rachi\u00adda Dati, Aymer\u00adic Caron et Patrick Cohen&nbsp;\u00e9chap\u00adpent ill\u00e9\u00adgale\u00adment. Ces pho\u00adtos vol\u00e9es plon\u00adgent trois per\u00adson\u00adnal\u00adit\u00e9s publiques dans un tour\u00adbil\u00adlon m\u00e9di\u00ada\u00adtique o\u00f9 se m\u00ealent revanche, pol\u00e9miques et r\u00e8gle\u00adments de comptes.<\/p>\n\n\n\n<p><strong>L\u2019af\u00adfaire des clich\u00e9s vol\u00e9s<\/strong><\/p>\n\n\n\n<p>Pub\u00adli\u00e9s anonymement sur des forums puis relay\u00e9s mas\u00adsive\u00adment, les clich\u00e9s lais\u00adsent appa\u00adra\u00eetre les trois per\u00adson\u00adnal\u00adit\u00e9s dans des con\u00adtextes priv\u00e9s. Si cer\u00adtains sont sans grav\u00adit\u00e9, d\u2019autres sus\u00adci\u00adtent des inter\u00adro\u00adga\u00adtions et des com\u00admen\u00adtaires cru\u00adels.<\/p>\n\n\n\n<figure class=\"wp-block-image size-full\"><img loading=\"lazy\" decoding=\"async\" width=\"896\" height=\"504\" src=\"https:\/\/bobea.net\/wp-content\/uploads\/2025\/09\/image-1.png\" alt class=\"wp-image-24677\" srcset=\"https:\/\/bobea.net\/wp-content\/uploads\/2025\/09\/image-1.png 896w, https:\/\/bobea.net\/wp-content\/uploads\/2025\/09\/image-1-300x169.png 300w, https:\/\/bobea.net\/wp-content\/uploads\/2025\/09\/image-1-768x432.png 768w\" sizes=\"(max-width: 896px) 100vw, 896px\"><\/figure>\n\n\n\n<p><strong>Les int\u00e9ress\u00e9s des r\u00e9ac\u00adtions<\/strong><\/p>\n\n\n\n<p>Rachi\u00adda Dati d\u00e9nonce \u00ab une vio\u00adla\u00adtion de la vie priv\u00e9e indigne d\u2019un \u00c9tat de droit \u00bb. Aymer\u00adic Caron, plus dis\u00adcret, \u00e9voque \u00ab une tem\u00adp\u00eate m\u00e9di\u00ada\u00adtique sans impor\u00adtance \u00bb. Patrick Cohen, lui, se dit \u00ab lass\u00e9 par une curiosit\u00e9 mal\u00adsaine \u00bb. Tous ont annon\u00adc\u00e9 des d\u00e9p\u00f4ts de plainte.<\/p>\n\n\n\n<p><strong>Une guerre d\u2019im\u00adages et d\u2019ego<\/strong><\/p>\n\n\n\n<p>Les fuites r\u00e9veil\u00adlent de vieilles rival\u00adit\u00e9s publiques. Cer\u00adtains sou\u00adtiens de Caron insin\u00adu\u00adent que ces pub\u00adli\u00adca\u00adtions visent \u00e0 l\u2019at\u00adtein\u00addre poli\u00adtique\u00adment. D\u2019autres, proches de Cohen, d\u00e9non\u00adcent la \u00ab chas\u00adse au buzz \u00bb des r\u00e9seaux soci\u00adaux. L\u2019opinion publique se divise entre com\u00adpas\u00adsion et moqueries.<\/p>\n\n\n\n<p><strong>Un ph\u00e9nom\u00e8ne r\u00e9cur\u00adrent<\/strong><\/p>\n\n\n\n<p>Les \u00ab fuites \u00bb touchent chaque ann\u00e9e des per\u00adson\u00adnal\u00adit\u00e9s. Mal\u00adgr\u00e9 les lois, l\u2019\u00e9\u00adconomie par\u00adal\u00adl\u00e8le des clich\u00e9s vol\u00e9s prosp\u00e8re sur Inter\u00adnet. Les experts en cyber\u00ads\u00e9cu\u00adrit\u00e9 rap\u00adpel\u00adlent qu\u2019au\u00adcune fig\u00adure publique n\u2019est \u00e0 l\u2019abri.<\/p>\n\n\n\n<p><strong>Con\u00adclu\u00adsion<\/strong><\/p>\n\n\n\n<p>L\u2019af\u00adfaire des pho\u00adtos vol\u00e9es rap\u00adpelle la fragilit\u00e9 de l\u2019in\u00adtim\u00adit\u00e9 \u00e0 l\u2019\u00e8re num\u00e9rique. Entre&nbsp;buzz, scan\u00addale et r\u00e8gle\u00adment de comptes m\u00e9di\u00ada\u00adtiques&nbsp;, Rachi\u00adda Dati, Aymer\u00adic Caron et Patrick Cohen se retrou\u00advent bien mal\u00adgr\u00e9 eux au c\u0153ur de la tor\u00adnade peo\u00adple de la ren\u00adtr\u00e9e.<\/p>\n","protected":false},"excerpt":{"rendered":"<p>Intro\u00adduc\u00adtion Les r\u00e9seaux soci\u00adaux s\u2019en\u00adflam\u00adment. En sep\u00adtem\u00adbre 2025, des clich\u00e9s priv\u00e9s de&nbsp;Rachi\u00adda Dati, Aymer\u00adic Caron et Patrick Cohen&nbsp;\u00e9chap\u00adpent ill\u00e9\u00adgale\u00adment. Ces pho\u00adtos vol\u00e9es plon\u00adgent trois per\u00adson\u00adnal\u00adit\u00e9s publiques dans un tour\u00adbil\u00adlon m\u00e9di\u00ada\u00adtique\u2026 <\/p>\n","protected":false},"author":1,"featured_media":24674,"comment_status":"open","ping_status":"closed","sticky":false,"template":"","format":"standard","meta":{"wp_typography_post_enhancements_disabled":false,"footnotes":""},"categories":[83],"tags":[18574,18578,18575,18577,18576],"class_list":["post-24671","post","type-post","status-publish","format-standard","has-post-thumbnail","hentry","category-dreams-people","tag-aymeric-caron-polemique","tag-patrick-cohen-buzz-medias","tag-photos-volees-celebrites","tag-rachida-dati-fuite-images","tag-scandale-people-2025"],"yoast_head":"<!-- This site is optimized with the Yoast SEO plugin v24.7 - https:\/\/yoast.com\/wordpress\/plugins\/seo\/ -->\n<title>\u00ab Photos vol\u00e9es : Rachida Dati, Aymeric Caron et Patrick Cohen \u2013 entre revanche et vacheries \u00bb - Bobea<\/title>\n<meta name=\"robots\" content=\"index, follow, max-snippet:-1, max-image-preview:large, max-video-preview:-1\" \/>\n<link rel=\"canonical\" href=\"https:\/\/bobea.net\/index.php\/2025\/09\/07\/photos-volees-rachida-dati-aymeric-caron-et-patrick-cohen-entre-revanche-et-vacheries\/\" \/>\n<meta property=\"og:locale\" content=\"fr_FR\" \/>\n<meta property=\"og:type\" content=\"article\" \/>\n<meta property=\"og:title\" content=\"\u00ab Photos vol\u00e9es : Rachida Dati, Aymeric Caron et Patrick Cohen \u2013 entre revanche et vacheries \u00bb - Bobea\" \/>\n<meta property=\"og:description\" content=\"Intro\u00adduc\u00adtion Les r\u00e9seaux soci\u00adaux s\u2019en\u00adflam\u00adment. En sep\u00adtem\u00adbre 2025, des clich\u00e9s priv\u00e9s de&nbsp;Rachi\u00adda Dati, Aymer\u00adic Caron et Patrick Cohen&nbsp;\u00e9chap\u00adpent ill\u00e9\u00adgale\u00adment. Ces pho\u00adtos vol\u00e9es plon\u00adgent trois per\u00adson\u00adnal\u00adit\u00e9s publiques dans un tour\u00adbil\u00adlon m\u00e9di\u00ada\u00adtique&hellip;\" \/>\n<meta property=\"og:url\" content=\"https:\/\/bobea.net\/index.php\/2025\/09\/07\/photos-volees-rachida-dati-aymeric-caron-et-patrick-cohen-entre-revanche-et-vacheries\/\" \/>\n<meta property=\"og:site_name\" content=\"Bobea\" \/>\n<meta property=\"article:publisher\" content=\"https:\/\/web.facebook.com\/profile.php?id=61559252188416\" \/>\n<meta property=\"article:published_time\" content=\"2025-09-07T16:03:39+00:00\" \/>\n<meta property=\"article:modified_time\" content=\"2025-09-07T16:03:40+00:00\" \/>\n<meta property=\"og:image\" content=\"https:\/\/bobea.net\/wp-content\/uploads\/2025\/09\/8b26e0efe769ae394de78fbef2205cd7.webp\" \/>\n\t<meta property=\"og:image:width\" content=\"1024\" \/>\n\t<meta property=\"og:image:height\" content=\"576\" \/>\n\t<meta property=\"og:image:type\" content=\"image\/webp\" \/>\n<meta name=\"author\" content=\"bobea.info\" \/>\n<meta name=\"twitter:card\" content=\"summary_large_image\" \/>\n<meta name=\"twitter:label1\" content=\"\u00c9crit par\" \/>\n\t<meta name=\"twitter:data1\" content=\"bobea.info\" \/>\n\t<meta name=\"twitter:label2\" content=\"Dur\u00e9e de lecture estim\u00e9e\" \/>\n\t<meta name=\"twitter:data2\" content=\"2 minutes\" \/>\n<script type=\"application\/ld+json\" class=\"yoast-schema-graph\">{\"@context\":\"https:\/\/schema.org\",\"@graph\":[{\"@type\":\"Article\",\"@id\":\"https:\/\/bobea.net\/index.php\/2025\/09\/07\/photos-volees-rachida-dati-aymeric-caron-et-patrick-cohen-entre-revanche-et-vacheries\/#article\",\"isPartOf\":{\"@id\":\"https:\/\/bobea.net\/index.php\/2025\/09\/07\/photos-volees-rachida-dati-aymeric-caron-et-patrick-cohen-entre-revanche-et-vacheries\/\"},\"author\":{\"name\":\"bobea.info\",\"@id\":\"https:\/\/bobea.net\/#\/schema\/person\/e7f45ef187918d7c956bf619dce90ccf\"},\"headline\":\"\u00ab Photos vol\u00e9es : Rachida Dati, Aymeric Caron et Patrick Cohen \u2013 entre revanche et vacheries \u00bb\",\"datePublished\":\"2025-09-07T16:03:39+00:00\",\"dateModified\":\"2025-09-07T16:03:40+00:00\",\"mainEntityOfPage\":{\"@id\":\"https:\/\/bobea.net\/index.php\/2025\/09\/07\/photos-volees-rachida-dati-aymeric-caron-et-patrick-cohen-entre-revanche-et-vacheries\/\"},\"wordCount\":317,\"commentCount\":0,\"publisher\":{\"@id\":\"https:\/\/bobea.net\/#organization\"},\"image\":{\"@id\":\"https:\/\/bobea.net\/index.php\/2025\/09\/07\/photos-volees-rachida-dati-aymeric-caron-et-patrick-cohen-entre-revanche-et-vacheries\/#primaryimage\"},\"thumbnailUrl\":\"https:\/\/bobea.net\/wp-content\/uploads\/2025\/09\/8b26e0efe769ae394de78fbef2205cd7.webp\",\"keywords\":[\"Aymeric Caron pol\u00e9mique\",\"Patrick Cohen buzz m\u00e9dias.\",\"photos vol\u00e9es c\u00e9l\u00e9brit\u00e9s\",\"Rachida Dati fuite images\",\"scandale people 2025\"],\"articleSection\":[\"Dreams People\"],\"inLanguage\":\"fr-FR\",\"potentialAction\":[{\"@type\":\"CommentAction\",\"name\":\"Comment\",\"target\":[\"https:\/\/bobea.net\/index.php\/2025\/09\/07\/photos-volees-rachida-dati-aymeric-caron-et-patrick-cohen-entre-revanche-et-vacheries\/#respond\"]}]},{\"@type\":\"WebPage\",\"@id\":\"https:\/\/bobea.net\/index.php\/2025\/09\/07\/photos-volees-rachida-dati-aymeric-caron-et-patrick-cohen-entre-revanche-et-vacheries\/\",\"url\":\"https:\/\/bobea.net\/index.php\/2025\/09\/07\/photos-volees-rachida-dati-aymeric-caron-et-patrick-cohen-entre-revanche-et-vacheries\/\",\"name\":\"\u00ab Photos vol\u00e9es : Rachida Dati, Aymeric Caron et Patrick Cohen \u2013 entre revanche et vacheries \u00bb - Bobea\",\"isPartOf\":{\"@id\":\"https:\/\/bobea.net\/#website\"},\"primaryImageOfPage\":{\"@id\":\"https:\/\/bobea.net\/index.php\/2025\/09\/07\/photos-volees-rachida-dati-aymeric-caron-et-patrick-cohen-entre-revanche-et-vacheries\/#primaryimage\"},\"image\":{\"@id\":\"https:\/\/bobea.net\/index.php\/2025\/09\/07\/photos-volees-rachida-dati-aymeric-caron-et-patrick-cohen-entre-revanche-et-vacheries\/#primaryimage\"},\"thumbnailUrl\":\"https:\/\/bobea.net\/wp-content\/uploads\/2025\/09\/8b26e0efe769ae394de78fbef2205cd7.webp\",\"datePublished\":\"2025-09-07T16:03:39+00:00\",\"dateModified\":\"2025-09-07T16:03:40+00:00\",\"breadcrumb\":{\"@id\":\"https:\/\/bobea.net\/index.php\/2025\/09\/07\/photos-volees-rachida-dati-aymeric-caron-et-patrick-cohen-entre-revanche-et-vacheries\/#breadcrumb\"},\"inLanguage\":\"fr-FR\",\"potentialAction\":[{\"@type\":\"ReadAction\",\"target\":[\"https:\/\/bobea.net\/index.php\/2025\/09\/07\/photos-volees-rachida-dati-aymeric-caron-et-patrick-cohen-entre-revanche-et-vacheries\/\"]}]},{\"@type\":\"ImageObject\",\"inLanguage\":\"fr-FR\",\"@id\":\"https:\/\/bobea.net\/index.php\/2025\/09\/07\/photos-volees-rachida-dati-aymeric-caron-et-patrick-cohen-entre-revanche-et-vacheries\/#primaryimage\",\"url\":\"https:\/\/bobea.net\/wp-content\/uploads\/2025\/09\/8b26e0efe769ae394de78fbef2205cd7.webp\",\"contentUrl\":\"https:\/\/bobea.net\/wp-content\/uploads\/2025\/09\/8b26e0efe769ae394de78fbef2205cd7.webp\",\"width\":1024,\"height\":576},{\"@type\":\"BreadcrumbList\",\"@id\":\"https:\/\/bobea.net\/index.php\/2025\/09\/07\/photos-volees-rachida-dati-aymeric-caron-et-patrick-cohen-entre-revanche-et-vacheries\/#breadcrumb\",\"itemListElement\":[{\"@type\":\"ListItem\",\"position\":1,\"name\":\"Accueil\",\"item\":\"https:\/\/bobea.net\/\"},{\"@type\":\"ListItem\",\"position\":2,\"name\":\"\u00ab Photos vol\u00e9es : Rachida Dati, Aymeric Caron et Patrick Cohen \u2013 entre revanche et vacheries \u00bb\"}]},{\"@type\":\"WebSite\",\"@id\":\"https:\/\/bobea.net\/#website\",\"url\":\"https:\/\/bobea.net\/\",\"name\":\"Bobea\",\"description\":\"Le magazine de la nouvelle \u00c8ve\",\"publisher\":{\"@id\":\"https:\/\/bobea.net\/#organization\"},\"potentialAction\":[{\"@type\":\"SearchAction\",\"target\":{\"@type\":\"EntryPoint\",\"urlTemplate\":\"https:\/\/bobea.net\/?s={search_term_string}\"},\"query-input\":{\"@type\":\"PropertyValueSpecification\",\"valueRequired\":true,\"valueName\":\"search_term_string\"}}],\"inLanguage\":\"fr-FR\"},{\"@type\":\"Organization\",\"@id\":\"https:\/\/bobea.net\/#organization\",\"name\":\"Bobea\",\"url\":\"https:\/\/bobea.net\/\",\"logo\":{\"@type\":\"ImageObject\",\"inLanguage\":\"fr-FR\",\"@id\":\"https:\/\/bobea.net\/#\/schema\/logo\/image\/\",\"url\":\"https:\/\/bobea.net\/wp-content\/uploads\/2024\/06\/bobea.jpg\",\"contentUrl\":\"https:\/\/bobea.net\/wp-content\/uploads\/2024\/06\/bobea.jpg\",\"width\":1080,\"height\":1080,\"caption\":\"Bobea\"},\"image\":{\"@id\":\"https:\/\/bobea.net\/#\/schema\/logo\/image\/\"},\"sameAs\":[\"https:\/\/web.facebook.com\/profile.php?id=61559252188416\"]},{\"@type\":\"Person\",\"@id\":\"https:\/\/bobea.net\/#\/schema\/person\/e7f45ef187918d7c956bf619dce90ccf\",\"name\":\"bobea.info\",\"image\":{\"@type\":\"ImageObject\",\"inLanguage\":\"fr-FR\",\"@id\":\"https:\/\/bobea.net\/#\/schema\/person\/image\/\",\"url\":\"https:\/\/secure.gravatar.com\/avatar\/36147980349df887ae30808df3e29474?s=96&d=mm&r=g\",\"contentUrl\":\"https:\/\/secure.gravatar.com\/avatar\/36147980349df887ae30808df3e29474?s=96&d=mm&r=g\",\"caption\":\"bobea.info\"},\"sameAs\":[\"https:\/\/bobea.net\"],\"url\":\"https:\/\/bobea.net\/index.php\/author\/bobea-info\/\"}]}<\/script>\n<!-- \/ Yoast SEO plugin. -->","yoast_head_json":{"title":"\u00ab Photos vol\u00e9es : Rachida Dati, Aymeric Caron et Patrick Cohen \u2013 entre revanche et vacheries \u00bb - Bobea","robots":{"index":"index","follow":"follow","max-snippet":"max-snippet:-1","max-image-preview":"max-image-preview:large","max-video-preview":"max-video-preview:-1"},"canonical":"https:\/\/bobea.net\/index.php\/2025\/09\/07\/photos-volees-rachida-dati-aymeric-caron-et-patrick-cohen-entre-revanche-et-vacheries\/","og_locale":"fr_FR","og_type":"article","og_title":"\u00ab Photos vol\u00e9es : Rachida Dati, Aymeric Caron et Patrick Cohen \u2013 entre revanche et vacheries \u00bb - Bobea","og_description":"Intro\u00adduc\u00adtion Les r\u00e9seaux soci\u00adaux s\u2019en\u00adflam\u00adment. En sep\u00adtem\u00adbre 2025, des clich\u00e9s priv\u00e9s de&nbsp;Rachi\u00adda Dati, Aymer\u00adic Caron et Patrick Cohen&nbsp;\u00e9chap\u00adpent ill\u00e9\u00adgale\u00adment. Ces pho\u00adtos vol\u00e9es plon\u00adgent trois per\u00adson\u00adnal\u00adit\u00e9s publiques dans un tour\u00adbil\u00adlon m\u00e9di\u00ada\u00adtique&hellip;","og_url":"https:\/\/bobea.net\/index.php\/2025\/09\/07\/photos-volees-rachida-dati-aymeric-caron-et-patrick-cohen-entre-revanche-et-vacheries\/","og_site_name":"Bobea","article_publisher":"https:\/\/web.facebook.com\/profile.php?id=61559252188416","article_published_time":"2025-09-07T16:03:39+00:00","article_modified_time":"2025-09-07T16:03:40+00:00","og_image":[{"width":1024,"height":576,"url":"https:\/\/bobea.net\/wp-content\/uploads\/2025\/09\/8b26e0efe769ae394de78fbef2205cd7.webp","type":"image\/webp"}],"author":"bobea.info","twitter_card":"summary_large_image","twitter_misc":{"\u00c9crit par":"bobea.info","Dur\u00e9e de lecture estim\u00e9e":"2 minutes"},"schema":{"@context":"https:\/\/schema.org","@graph":[{"@type":"Article","@id":"https:\/\/bobea.net\/index.php\/2025\/09\/07\/photos-volees-rachida-dati-aymeric-caron-et-patrick-cohen-entre-revanche-et-vacheries\/#article","isPartOf":{"@id":"https:\/\/bobea.net\/index.php\/2025\/09\/07\/photos-volees-rachida-dati-aymeric-caron-et-patrick-cohen-entre-revanche-et-vacheries\/"},"author":{"name":"bobea.info","@id":"https:\/\/bobea.net\/#\/schema\/person\/e7f45ef187918d7c956bf619dce90ccf"},"headline":"\u00ab Photos vol\u00e9es : Rachida Dati, Aymeric Caron et Patrick Cohen \u2013 entre revanche et vacheries \u00bb","datePublished":"2025-09-07T16:03:39+00:00","dateModified":"2025-09-07T16:03:40+00:00","mainEntityOfPage":{"@id":"https:\/\/bobea.net\/index.php\/2025\/09\/07\/photos-volees-rachida-dati-aymeric-caron-et-patrick-cohen-entre-revanche-et-vacheries\/"},"wordCount":317,"commentCount":0,"publisher":{"@id":"https:\/\/bobea.net\/#organization"},"image":{"@id":"https:\/\/bobea.net\/index.php\/2025\/09\/07\/photos-volees-rachida-dati-aymeric-caron-et-patrick-cohen-entre-revanche-et-vacheries\/#primaryimage"},"thumbnailUrl":"https:\/\/bobea.net\/wp-content\/uploads\/2025\/09\/8b26e0efe769ae394de78fbef2205cd7.webp","keywords":["Aymeric Caron pol\u00e9mique","Patrick Cohen buzz m\u00e9dias.","photos vol\u00e9es c\u00e9l\u00e9brit\u00e9s","Rachida Dati fuite images","scandale people 2025"],"articleSection":["Dreams People"],"inLanguage":"fr-FR","potentialAction":[{"@type":"CommentAction","name":"Comment","target":["https:\/\/bobea.net\/index.php\/2025\/09\/07\/photos-volees-rachida-dati-aymeric-caron-et-patrick-cohen-entre-revanche-et-vacheries\/#respond"]}]},{"@type":"WebPage","@id":"https:\/\/bobea.net\/index.php\/2025\/09\/07\/photos-volees-rachida-dati-aymeric-caron-et-patrick-cohen-entre-revanche-et-vacheries\/","url":"https:\/\/bobea.net\/index.php\/2025\/09\/07\/photos-volees-rachida-dati-aymeric-caron-et-patrick-cohen-entre-revanche-et-vacheries\/","name":"\u00ab Photos vol\u00e9es : Rachida Dati, Aymeric Caron et Patrick Cohen \u2013 entre revanche et vacheries \u00bb - Bobea","isPartOf":{"@id":"https:\/\/bobea.net\/#website"},"primaryImageOfPage":{"@id":"https:\/\/bobea.net\/index.php\/2025\/09\/07\/photos-volees-rachida-dati-aymeric-caron-et-patrick-cohen-entre-revanche-et-vacheries\/#primaryimage"},"image":{"@id":"https:\/\/bobea.net\/index.php\/2025\/09\/07\/photos-volees-rachida-dati-aymeric-caron-et-patrick-cohen-entre-revanche-et-vacheries\/#primaryimage"},"thumbnailUrl":"https:\/\/bobea.net\/wp-content\/uploads\/2025\/09\/8b26e0efe769ae394de78fbef2205cd7.webp","datePublished":"2025-09-07T16:03:39+00:00","dateModified":"2025-09-07T16:03:40+00:00","breadcrumb":{"@id":"https:\/\/bobea.net\/index.php\/2025\/09\/07\/photos-volees-rachida-dati-aymeric-caron-et-patrick-cohen-entre-revanche-et-vacheries\/#breadcrumb"},"inLanguage":"fr-FR","potentialAction":[{"@type":"ReadAction","target":["https:\/\/bobea.net\/index.php\/2025\/09\/07\/photos-volees-rachida-dati-aymeric-caron-et-patrick-cohen-entre-revanche-et-vacheries\/"]}]},{"@type":"ImageObject","inLanguage":"fr-FR","@id":"https:\/\/bobea.net\/index.php\/2025\/09\/07\/photos-volees-rachida-dati-aymeric-caron-et-patrick-cohen-entre-revanche-et-vacheries\/#primaryimage","url":"https:\/\/bobea.net\/wp-content\/uploads\/2025\/09\/8b26e0efe769ae394de78fbef2205cd7.webp","contentUrl":"https:\/\/bobea.net\/wp-content\/uploads\/2025\/09\/8b26e0efe769ae394de78fbef2205cd7.webp","width":1024,"height":576},{"@type":"BreadcrumbList","@id":"https:\/\/bobea.net\/index.php\/2025\/09\/07\/photos-volees-rachida-dati-aymeric-caron-et-patrick-cohen-entre-revanche-et-vacheries\/#breadcrumb","itemListElement":[{"@type":"ListItem","position":1,"name":"Accueil","item":"https:\/\/bobea.net\/"},{"@type":"ListItem","position":2,"name":"\u00ab Photos vol\u00e9es : Rachida Dati, Aymeric Caron et Patrick Cohen \u2013 entre revanche et vacheries \u00bb"}]},{"@type":"WebSite","@id":"https:\/\/bobea.net\/#website","url":"https:\/\/bobea.net\/","name":"Bobea","description":"Le magazine de la nouvelle \u00c8ve","publisher":{"@id":"https:\/\/bobea.net\/#organization"},"potentialAction":[{"@type":"SearchAction","target":{"@type":"EntryPoint","urlTemplate":"https:\/\/bobea.net\/?s={search_term_string}"},"query-input":{"@type":"PropertyValueSpecification","valueRequired":true,"valueName":"search_term_string"}}],"inLanguage":"fr-FR"},{"@type":"Organization","@id":"https:\/\/bobea.net\/#organization","name":"Bobea","url":"https:\/\/bobea.net\/","logo":{"@type":"ImageObject","inLanguage":"fr-FR","@id":"https:\/\/bobea.net\/#\/schema\/logo\/image\/","url":"https:\/\/bobea.net\/wp-content\/uploads\/2024\/06\/bobea.jpg","contentUrl":"https:\/\/bobea.net\/wp-content\/uploads\/2024\/06\/bobea.jpg","width":1080,"height":1080,"caption":"Bobea"},"image":{"@id":"https:\/\/bobea.net\/#\/schema\/logo\/image\/"},"sameAs":["https:\/\/web.facebook.com\/profile.php?id=61559252188416"]},{"@type":"Person","@id":"https:\/\/bobea.net\/#\/schema\/person\/e7f45ef187918d7c956bf619dce90ccf","name":"bobea.info","image":{"@type":"ImageObject","inLanguage":"fr-FR","@id":"https:\/\/bobea.net\/#\/schema\/person\/image\/","url":"https:\/\/secure.gravatar.com\/avatar\/36147980349df887ae30808df3e29474?s=96&d=mm&r=g","contentUrl":"https:\/\/secure.gravatar.com\/avatar\/36147980349df887ae30808df3e29474?s=96&d=mm&r=g","caption":"bobea.info"},"sameAs":["https:\/\/bobea.net"],"url":"https:\/\/bobea.net\/index.php\/author\/bobea-info\/"}]}},"_links":{"self":[{"href":"https:\/\/bobea.net\/index.php\/wp-json\/wp\/v2\/posts\/24671"}],"collection":[{"href":"https:\/\/bobea.net\/index.php\/wp-json\/wp\/v2\/posts"}],"about":[{"href":"https:\/\/bobea.net\/index.php\/wp-json\/wp\/v2\/types\/post"}],"author":[{"embeddable":true,"href":"https:\/\/bobea.net\/index.php\/wp-json\/wp\/v2\/users\/1"}],"replies":[{"embeddable":true,"href":"https:\/\/bobea.net\/index.php\/wp-json\/wp\/v2\/comments?post=24671"}],"version-history":[{"count":1,"href":"https:\/\/bobea.net\/index.php\/wp-json\/wp\/v2\/posts\/24671\/revisions"}],"predecessor-version":[{"id":24678,"href":"https:\/\/bobea.net\/index.php\/wp-json\/wp\/v2\/posts\/24671\/revisions\/24678"}],"wp:featuredmedia":[{"embeddable":true,"href":"https:\/\/bobea.net\/index.php\/wp-json\/wp\/v2\/media\/24674"}],"wp:attachment":[{"href":"https:\/\/bobea.net\/index.php\/wp-json\/wp\/v2\/media?parent=24671"}],"wp:term":[{"taxonomy":"category","embeddable":true,"href":"https:\/\/bobea.net\/index.php\/wp-json\/wp\/v2\/categories?post=24671"},{"taxonomy":"post_tag","embeddable":true,"href":"https:\/\/bobea.net\/index.php\/wp-json\/wp\/v2\/tags?post=24671"}],"curies":[{"name":"wp","href":"https:\/\/api.w.org\/{rel}","templated":true}]}}