{"id":24666,"date":"2025-09-07T16:02:53","date_gmt":"2025-09-07T16:02:53","guid":{"rendered":"https:\/\/bobea.net\/?p=24666"},"modified":"2025-09-07T16:02:54","modified_gmt":"2025-09-07T16:02:54","slug":"points-noirs-solutions-et-serums-anti-imperfections-le-combat-quotidien-dannelise","status":"publish","type":"post","link":"https:\/\/bobea.net\/index.php\/2025\/09\/07\/points-noirs-solutions-et-serums-anti-imperfections-le-combat-quotidien-dannelise\/","title":{"rendered":"\u00ab Points noirs : solutions et s\u00e9rums anti-imperfections \u2013 le combat quotidien d\u2019Annelise \u00bb"},"content":{"rendered":"\n<p><strong>Intro\u00adduc\u00adtion<\/strong><\/p>\n\n\n\n<p>Il s\u2019ag\u00adit d\u2019un fl\u00e9au uni\u00adversel : les points noirs. Ces petits intrus qui ternissent la peau hantent aus\u00adsi bien les ado\u00adles\u00adcentes que les femmes adultes. Annelise, pas\u00adsion\u00adn\u00e9e de beaut\u00e9 naturelle, t\u00e9moigne dans BOBEA de son com\u00adbat quo\u00adti\u00addi\u00aden. Entre rit\u00aduels effi\u00adcaces et inno\u00adva\u00adtions 2025, elle partage son exp\u00e9ri\u00adence et ses solu\u00adtions.<\/p>\n\n\n\n<p><strong>Le prob\u00adl\u00e8me des points noirs<\/strong><\/p>\n\n\n\n<p>Les points noirs sont caus\u00e9s par un exc\u00e8s de s\u00e9bum qui obstrue les pores. Favoris\u00e9s par le stress, la pol\u00adlu\u00adtion et par\u00adfois une mau\u00advaise rou\u00adtine de soins, ils devi\u00aden\u00adnent le cauchemar esth\u00e9\u00adtique num\u00e9ro un.<\/p>\n\n\n\n<ul class=\"wp-block-list\">\n<li>Mots-cl\u00e9s SEO int\u00e9\u00adgr\u00e9s&nbsp;: \u00e9lim\u00adin\u00ader les points noirs, rou\u00adtine anti-imper\u00adfec\u00adtions, s\u00e9rum anti-\u00e2ge anti-acn\u00e9, soins vis\u00adage 2025, astuces beaut\u00e9 naturelle.<\/li>\n<\/ul>\n\n\n\n<p><strong>Le rit\u00aduel quo\u00adti\u00addi\u00aden d\u2019An\u00adnelise<\/strong><\/p>\n\n\n\n<p>Chaque matin : un net\u00adtoy\u00adage doux avec un gel sans sul\u00adfates, suivi d\u2019une lotion exfo\u00adliante l\u00e9g\u00e8re. Le soir, place \u00e0 un d\u00e9maquil\u00adlage en pro\u00adfondeur puis \u00e0 l\u2019ap\u00adpli\u00adca\u00adtion d\u2019un s\u00e9rum anti-imper\u00adfec\u00adtions enrichi en acide sal\u00adi\u00adcylique et niaci\u00adnamide, deux ingr\u00e9\u00addi\u00adents vedettes de 2025.<\/p>\n\n\n\n<p><strong>Les s\u00e9rums, alli\u00e9s incon\u00adtourn\u00adables<\/strong><\/p>\n\n\n\n<p>\u00ab Le s\u00e9rum, c\u2019est devenu mon arme secr\u00e8te \u00bb, racon\u00adte Annelise. Sa peau respire mieux, les petits exc\u00e8s de s\u00e9bum dis\u00adparais\u00adsent et les pores se resser\u00adrent avec une util\u00adi\u00adsa\u00adtion r\u00e9guli\u00e8re. Men\u00adtion sp\u00e9\u00adciale aux s\u00e9rums anti-\u00e2ge nou\u00advelle g\u00e9n\u00e9ra\u00adtion qui com\u00adbi\u00adnent&nbsp;effet anti-rides et lutte con\u00adtre les imper\u00adfec\u00adtions&nbsp;.<\/p>\n\n\n\n<figure class=\"wp-block-image size-large\"><img loading=\"lazy\" decoding=\"async\" width=\"1024\" height=\"576\" src=\"https:\/\/bobea.net\/wp-content\/uploads\/2025\/09\/PatchPointsNoirs2-1024x576.webp\" alt class=\"wp-image-24673\" srcset=\"https:\/\/bobea.net\/wp-content\/uploads\/2025\/09\/PatchPointsNoirs2-1024x576.webp 1024w, https:\/\/bobea.net\/wp-content\/uploads\/2025\/09\/PatchPointsNoirs2-300x169.webp 300w, https:\/\/bobea.net\/wp-content\/uploads\/2025\/09\/PatchPointsNoirs2-768x432.webp 768w, https:\/\/bobea.net\/wp-content\/uploads\/2025\/09\/PatchPointsNoirs2.webp 1280w\" sizes=\"(max-width: 1024px) 100vw, 1024px\"><\/figure>\n\n\n\n<p><strong>Les gestes \u00e0 ban\u00adni\u00e8re<\/strong><\/p>\n\n\n\n<p>Gom\u00admer trop fort, percer un point noir, se maquiller sans net\u00adtoy\u00adage\u2026 autant d\u2019er\u00adreurs fr\u00e9quentes qui aggravent le prob\u00adl\u00e8me. Pour Annelise, la r\u00e9gu\u00adlar\u00adit\u00e9 et la douceur sont les seules armes effi\u00adcaces.<\/p>\n\n\n\n<p><strong>L\u2019im\u00adpor\u00adtance d\u2019une vie \u00e9quili\u00adbr\u00e9e<\/strong><\/p>\n\n\n\n<p>Hydrata\u00adtion, ali\u00admen\u00adta\u00adtion saine, sport mod\u00ad\u00e9r\u00e9 et som\u00admeil r\u00e9para\u00adteur sont autant de com\u00adpl\u00e9\u00adments indis\u00adpens\u00adables \u00e0 une peau radieuse. \u00ab Rien ne fonc\u00adtionne sans \u00e9quili\u00adbre de vie \u00bb, insiste-t-elle.<\/p>\n\n\n\n<p><strong>Con\u00adclu\u00adsion<\/strong><\/p>\n\n\n\n<p>Les points noirs ne sont plus une fatal\u00adit\u00e9. Gr\u00e2ce \u00e0 des soins adap\u00adt\u00e9s, des s\u00e9rums intel\u00adli\u00adgents et une rou\u00adtine quo\u00adti\u00addi\u00adenne, il est pos\u00adsi\u00adble de retrou\u00adver un&nbsp;teint lumineux et une con\u00adfi\u00adance ray\u00adon\u00adnante&nbsp;. Le com\u00adbat d\u2019An\u00adnelise inspire toutes celles qui r\u00eavent d\u2019une peau sans imper\u00adfec\u00adtions.<\/p>\n","protected":false},"excerpt":{"rendered":"<p>Intro\u00adduc\u00adtion Il s\u2019ag\u00adit d\u2019un fl\u00e9au uni\u00adversel : les points noirs. Ces petits intrus qui ternissent la peau hantent aus\u00adsi bien les ado\u00adles\u00adcentes que les femmes adultes. Annelise, pas\u00adsion\u00adn\u00e9e de beaut\u00e9\u2026 <\/p>\n","protected":false},"author":1,"featured_media":24669,"comment_status":"open","ping_status":"closed","sticky":false,"template":"","format":"standard","meta":{"wp_typography_post_enhancements_disabled":false,"footnotes":""},"categories":[73],"tags":[],"class_list":["post-24666","post","type-post","status-publish","format-standard","has-post-thumbnail","hentry","category-on-en-parle"],"yoast_head":"<!-- This site is optimized with the Yoast SEO plugin v24.7 - https:\/\/yoast.com\/wordpress\/plugins\/seo\/ -->\n<title>\u00ab Points noirs : solutions et s\u00e9rums anti-imperfections \u2013 le combat quotidien d&#039;Annelise \u00bb - Bobea<\/title>\n<meta name=\"description\" content=\"Les points noirs ne sont plus une fatalit\u00e9. Gr\u00e2ce \u00e0 des soins adapt\u00e9s, des s\u00e9rums intelligents et une routine quotidienne\" \/>\n<meta name=\"robots\" content=\"index, follow, max-snippet:-1, max-image-preview:large, max-video-preview:-1\" \/>\n<link rel=\"canonical\" href=\"https:\/\/bobea.net\/index.php\/2025\/09\/07\/points-noirs-solutions-et-serums-anti-imperfections-le-combat-quotidien-dannelise\/\" \/>\n<meta property=\"og:locale\" content=\"fr_FR\" \/>\n<meta property=\"og:type\" content=\"article\" \/>\n<meta property=\"og:title\" content=\"\u00ab Points noirs : solutions et s\u00e9rums anti-imperfections \u2013 le combat quotidien d&#039;Annelise \u00bb - Bobea\" \/>\n<meta property=\"og:description\" content=\"Les points noirs ne sont plus une fatalit\u00e9. Gr\u00e2ce \u00e0 des soins adapt\u00e9s, des s\u00e9rums intelligents et une routine quotidienne\" \/>\n<meta property=\"og:url\" content=\"https:\/\/bobea.net\/index.php\/2025\/09\/07\/points-noirs-solutions-et-serums-anti-imperfections-le-combat-quotidien-dannelise\/\" \/>\n<meta property=\"og:site_name\" content=\"Bobea\" \/>\n<meta property=\"article:publisher\" content=\"https:\/\/web.facebook.com\/profile.php?id=61559252188416\" \/>\n<meta property=\"article:published_time\" content=\"2025-09-07T16:02:53+00:00\" \/>\n<meta property=\"article:modified_time\" content=\"2025-09-07T16:02:54+00:00\" \/>\n<meta name=\"author\" content=\"bobea.info\" \/>\n<meta name=\"twitter:card\" content=\"summary_large_image\" \/>\n<meta name=\"twitter:label1\" content=\"\u00c9crit par\" \/>\n\t<meta name=\"twitter:data1\" content=\"bobea.info\" \/>\n\t<meta name=\"twitter:label2\" content=\"Dur\u00e9e de lecture estim\u00e9e\" \/>\n\t<meta name=\"twitter:data2\" content=\"2 minutes\" \/>\n<script type=\"application\/ld+json\" class=\"yoast-schema-graph\">{\"@context\":\"https:\/\/schema.org\",\"@graph\":[{\"@type\":\"Article\",\"@id\":\"https:\/\/bobea.net\/index.php\/2025\/09\/07\/points-noirs-solutions-et-serums-anti-imperfections-le-combat-quotidien-dannelise\/#article\",\"isPartOf\":{\"@id\":\"https:\/\/bobea.net\/index.php\/2025\/09\/07\/points-noirs-solutions-et-serums-anti-imperfections-le-combat-quotidien-dannelise\/\"},\"author\":{\"name\":\"bobea.info\",\"@id\":\"https:\/\/bobea.net\/#\/schema\/person\/e7f45ef187918d7c956bf619dce90ccf\"},\"headline\":\"\u00ab Points noirs : solutions et s\u00e9rums anti-imperfections \u2013 le combat quotidien d\u2019Annelise \u00bb\",\"datePublished\":\"2025-09-07T16:02:53+00:00\",\"dateModified\":\"2025-09-07T16:02:54+00:00\",\"mainEntityOfPage\":{\"@id\":\"https:\/\/bobea.net\/index.php\/2025\/09\/07\/points-noirs-solutions-et-serums-anti-imperfections-le-combat-quotidien-dannelise\/\"},\"wordCount\":373,\"commentCount\":0,\"publisher\":{\"@id\":\"https:\/\/bobea.net\/#organization\"},\"image\":{\"@id\":\"https:\/\/bobea.net\/index.php\/2025\/09\/07\/points-noirs-solutions-et-serums-anti-imperfections-le-combat-quotidien-dannelise\/#primaryimage\"},\"thumbnailUrl\":\"https:\/\/bobea.net\/wp-content\/uploads\/2025\/09\/AdobeStock_1506039895.avif\",\"articleSection\":[\"On en Parle\"],\"inLanguage\":\"fr-FR\",\"potentialAction\":[{\"@type\":\"CommentAction\",\"name\":\"Comment\",\"target\":[\"https:\/\/bobea.net\/index.php\/2025\/09\/07\/points-noirs-solutions-et-serums-anti-imperfections-le-combat-quotidien-dannelise\/#respond\"]}]},{\"@type\":\"WebPage\",\"@id\":\"https:\/\/bobea.net\/index.php\/2025\/09\/07\/points-noirs-solutions-et-serums-anti-imperfections-le-combat-quotidien-dannelise\/\",\"url\":\"https:\/\/bobea.net\/index.php\/2025\/09\/07\/points-noirs-solutions-et-serums-anti-imperfections-le-combat-quotidien-dannelise\/\",\"name\":\"\u00ab Points noirs : solutions et s\u00e9rums anti-imperfections \u2013 le combat quotidien d'Annelise \u00bb - Bobea\",\"isPartOf\":{\"@id\":\"https:\/\/bobea.net\/#website\"},\"primaryImageOfPage\":{\"@id\":\"https:\/\/bobea.net\/index.php\/2025\/09\/07\/points-noirs-solutions-et-serums-anti-imperfections-le-combat-quotidien-dannelise\/#primaryimage\"},\"image\":{\"@id\":\"https:\/\/bobea.net\/index.php\/2025\/09\/07\/points-noirs-solutions-et-serums-anti-imperfections-le-combat-quotidien-dannelise\/#primaryimage\"},\"thumbnailUrl\":\"https:\/\/bobea.net\/wp-content\/uploads\/2025\/09\/AdobeStock_1506039895.avif\",\"datePublished\":\"2025-09-07T16:02:53+00:00\",\"dateModified\":\"2025-09-07T16:02:54+00:00\",\"description\":\"Les points noirs ne sont plus une fatalit\u00e9. Gr\u00e2ce \u00e0 des soins adapt\u00e9s, des s\u00e9rums intelligents et une routine quotidienne\",\"breadcrumb\":{\"@id\":\"https:\/\/bobea.net\/index.php\/2025\/09\/07\/points-noirs-solutions-et-serums-anti-imperfections-le-combat-quotidien-dannelise\/#breadcrumb\"},\"inLanguage\":\"fr-FR\",\"potentialAction\":[{\"@type\":\"ReadAction\",\"target\":[\"https:\/\/bobea.net\/index.php\/2025\/09\/07\/points-noirs-solutions-et-serums-anti-imperfections-le-combat-quotidien-dannelise\/\"]}]},{\"@type\":\"ImageObject\",\"inLanguage\":\"fr-FR\",\"@id\":\"https:\/\/bobea.net\/index.php\/2025\/09\/07\/points-noirs-solutions-et-serums-anti-imperfections-le-combat-quotidien-dannelise\/#primaryimage\",\"url\":\"https:\/\/bobea.net\/wp-content\/uploads\/2025\/09\/AdobeStock_1506039895.avif\",\"contentUrl\":\"https:\/\/bobea.net\/wp-content\/uploads\/2025\/09\/AdobeStock_1506039895.avif\",\"width\":893,\"height\":558},{\"@type\":\"BreadcrumbList\",\"@id\":\"https:\/\/bobea.net\/index.php\/2025\/09\/07\/points-noirs-solutions-et-serums-anti-imperfections-le-combat-quotidien-dannelise\/#breadcrumb\",\"itemListElement\":[{\"@type\":\"ListItem\",\"position\":1,\"name\":\"Accueil\",\"item\":\"https:\/\/bobea.net\/\"},{\"@type\":\"ListItem\",\"position\":2,\"name\":\"\u00ab Points noirs : solutions et s\u00e9rums anti-imperfections \u2013 le combat quotidien d&rsquo;Annelise \u00bb\"}]},{\"@type\":\"WebSite\",\"@id\":\"https:\/\/bobea.net\/#website\",\"url\":\"https:\/\/bobea.net\/\",\"name\":\"Bobea\",\"description\":\"Le magazine de la nouvelle \u00c8ve\",\"publisher\":{\"@id\":\"https:\/\/bobea.net\/#organization\"},\"potentialAction\":[{\"@type\":\"SearchAction\",\"target\":{\"@type\":\"EntryPoint\",\"urlTemplate\":\"https:\/\/bobea.net\/?s={search_term_string}\"},\"query-input\":{\"@type\":\"PropertyValueSpecification\",\"valueRequired\":true,\"valueName\":\"search_term_string\"}}],\"inLanguage\":\"fr-FR\"},{\"@type\":\"Organization\",\"@id\":\"https:\/\/bobea.net\/#organization\",\"name\":\"Bobea\",\"url\":\"https:\/\/bobea.net\/\",\"logo\":{\"@type\":\"ImageObject\",\"inLanguage\":\"fr-FR\",\"@id\":\"https:\/\/bobea.net\/#\/schema\/logo\/image\/\",\"url\":\"https:\/\/bobea.net\/wp-content\/uploads\/2024\/06\/bobea.jpg\",\"contentUrl\":\"https:\/\/bobea.net\/wp-content\/uploads\/2024\/06\/bobea.jpg\",\"width\":1080,\"height\":1080,\"caption\":\"Bobea\"},\"image\":{\"@id\":\"https:\/\/bobea.net\/#\/schema\/logo\/image\/\"},\"sameAs\":[\"https:\/\/web.facebook.com\/profile.php?id=61559252188416\"]},{\"@type\":\"Person\",\"@id\":\"https:\/\/bobea.net\/#\/schema\/person\/e7f45ef187918d7c956bf619dce90ccf\",\"name\":\"bobea.info\",\"image\":{\"@type\":\"ImageObject\",\"inLanguage\":\"fr-FR\",\"@id\":\"https:\/\/bobea.net\/#\/schema\/person\/image\/\",\"url\":\"https:\/\/secure.gravatar.com\/avatar\/36147980349df887ae30808df3e29474?s=96&d=mm&r=g\",\"contentUrl\":\"https:\/\/secure.gravatar.com\/avatar\/36147980349df887ae30808df3e29474?s=96&d=mm&r=g\",\"caption\":\"bobea.info\"},\"sameAs\":[\"https:\/\/bobea.net\"],\"url\":\"https:\/\/bobea.net\/index.php\/author\/bobea-info\/\"}]}<\/script>\n<!-- \/ Yoast SEO plugin. -->","yoast_head_json":{"title":"\u00ab Points noirs : solutions et s\u00e9rums anti-imperfections \u2013 le combat quotidien d'Annelise \u00bb - Bobea","description":"Les points noirs ne sont plus une fatalit\u00e9. Gr\u00e2ce \u00e0 des soins adapt\u00e9s, des s\u00e9rums intelligents et une routine quotidienne","robots":{"index":"index","follow":"follow","max-snippet":"max-snippet:-1","max-image-preview":"max-image-preview:large","max-video-preview":"max-video-preview:-1"},"canonical":"https:\/\/bobea.net\/index.php\/2025\/09\/07\/points-noirs-solutions-et-serums-anti-imperfections-le-combat-quotidien-dannelise\/","og_locale":"fr_FR","og_type":"article","og_title":"\u00ab Points noirs : solutions et s\u00e9rums anti-imperfections \u2013 le combat quotidien d'Annelise \u00bb - Bobea","og_description":"Les points noirs ne sont plus une fatalit\u00e9. Gr\u00e2ce \u00e0 des soins adapt\u00e9s, des s\u00e9rums intelligents et une routine quotidienne","og_url":"https:\/\/bobea.net\/index.php\/2025\/09\/07\/points-noirs-solutions-et-serums-anti-imperfections-le-combat-quotidien-dannelise\/","og_site_name":"Bobea","article_publisher":"https:\/\/web.facebook.com\/profile.php?id=61559252188416","article_published_time":"2025-09-07T16:02:53+00:00","article_modified_time":"2025-09-07T16:02:54+00:00","author":"bobea.info","twitter_card":"summary_large_image","twitter_misc":{"\u00c9crit par":"bobea.info","Dur\u00e9e de lecture estim\u00e9e":"2 minutes"},"schema":{"@context":"https:\/\/schema.org","@graph":[{"@type":"Article","@id":"https:\/\/bobea.net\/index.php\/2025\/09\/07\/points-noirs-solutions-et-serums-anti-imperfections-le-combat-quotidien-dannelise\/#article","isPartOf":{"@id":"https:\/\/bobea.net\/index.php\/2025\/09\/07\/points-noirs-solutions-et-serums-anti-imperfections-le-combat-quotidien-dannelise\/"},"author":{"name":"bobea.info","@id":"https:\/\/bobea.net\/#\/schema\/person\/e7f45ef187918d7c956bf619dce90ccf"},"headline":"\u00ab Points noirs : solutions et s\u00e9rums anti-imperfections \u2013 le combat quotidien d\u2019Annelise \u00bb","datePublished":"2025-09-07T16:02:53+00:00","dateModified":"2025-09-07T16:02:54+00:00","mainEntityOfPage":{"@id":"https:\/\/bobea.net\/index.php\/2025\/09\/07\/points-noirs-solutions-et-serums-anti-imperfections-le-combat-quotidien-dannelise\/"},"wordCount":373,"commentCount":0,"publisher":{"@id":"https:\/\/bobea.net\/#organization"},"image":{"@id":"https:\/\/bobea.net\/index.php\/2025\/09\/07\/points-noirs-solutions-et-serums-anti-imperfections-le-combat-quotidien-dannelise\/#primaryimage"},"thumbnailUrl":"https:\/\/bobea.net\/wp-content\/uploads\/2025\/09\/AdobeStock_1506039895.avif","articleSection":["On en Parle"],"inLanguage":"fr-FR","potentialAction":[{"@type":"CommentAction","name":"Comment","target":["https:\/\/bobea.net\/index.php\/2025\/09\/07\/points-noirs-solutions-et-serums-anti-imperfections-le-combat-quotidien-dannelise\/#respond"]}]},{"@type":"WebPage","@id":"https:\/\/bobea.net\/index.php\/2025\/09\/07\/points-noirs-solutions-et-serums-anti-imperfections-le-combat-quotidien-dannelise\/","url":"https:\/\/bobea.net\/index.php\/2025\/09\/07\/points-noirs-solutions-et-serums-anti-imperfections-le-combat-quotidien-dannelise\/","name":"\u00ab Points noirs : solutions et s\u00e9rums anti-imperfections \u2013 le combat quotidien d'Annelise \u00bb - Bobea","isPartOf":{"@id":"https:\/\/bobea.net\/#website"},"primaryImageOfPage":{"@id":"https:\/\/bobea.net\/index.php\/2025\/09\/07\/points-noirs-solutions-et-serums-anti-imperfections-le-combat-quotidien-dannelise\/#primaryimage"},"image":{"@id":"https:\/\/bobea.net\/index.php\/2025\/09\/07\/points-noirs-solutions-et-serums-anti-imperfections-le-combat-quotidien-dannelise\/#primaryimage"},"thumbnailUrl":"https:\/\/bobea.net\/wp-content\/uploads\/2025\/09\/AdobeStock_1506039895.avif","datePublished":"2025-09-07T16:02:53+00:00","dateModified":"2025-09-07T16:02:54+00:00","description":"Les points noirs ne sont plus une fatalit\u00e9. Gr\u00e2ce \u00e0 des soins adapt\u00e9s, des s\u00e9rums intelligents et une routine quotidienne","breadcrumb":{"@id":"https:\/\/bobea.net\/index.php\/2025\/09\/07\/points-noirs-solutions-et-serums-anti-imperfections-le-combat-quotidien-dannelise\/#breadcrumb"},"inLanguage":"fr-FR","potentialAction":[{"@type":"ReadAction","target":["https:\/\/bobea.net\/index.php\/2025\/09\/07\/points-noirs-solutions-et-serums-anti-imperfections-le-combat-quotidien-dannelise\/"]}]},{"@type":"ImageObject","inLanguage":"fr-FR","@id":"https:\/\/bobea.net\/index.php\/2025\/09\/07\/points-noirs-solutions-et-serums-anti-imperfections-le-combat-quotidien-dannelise\/#primaryimage","url":"https:\/\/bobea.net\/wp-content\/uploads\/2025\/09\/AdobeStock_1506039895.avif","contentUrl":"https:\/\/bobea.net\/wp-content\/uploads\/2025\/09\/AdobeStock_1506039895.avif","width":893,"height":558},{"@type":"BreadcrumbList","@id":"https:\/\/bobea.net\/index.php\/2025\/09\/07\/points-noirs-solutions-et-serums-anti-imperfections-le-combat-quotidien-dannelise\/#breadcrumb","itemListElement":[{"@type":"ListItem","position":1,"name":"Accueil","item":"https:\/\/bobea.net\/"},{"@type":"ListItem","position":2,"name":"\u00ab Points noirs : solutions et s\u00e9rums anti-imperfections \u2013 le combat quotidien d&rsquo;Annelise \u00bb"}]},{"@type":"WebSite","@id":"https:\/\/bobea.net\/#website","url":"https:\/\/bobea.net\/","name":"Bobea","description":"Le magazine de la nouvelle \u00c8ve","publisher":{"@id":"https:\/\/bobea.net\/#organization"},"potentialAction":[{"@type":"SearchAction","target":{"@type":"EntryPoint","urlTemplate":"https:\/\/bobea.net\/?s={search_term_string}"},"query-input":{"@type":"PropertyValueSpecification","valueRequired":true,"valueName":"search_term_string"}}],"inLanguage":"fr-FR"},{"@type":"Organization","@id":"https:\/\/bobea.net\/#organization","name":"Bobea","url":"https:\/\/bobea.net\/","logo":{"@type":"ImageObject","inLanguage":"fr-FR","@id":"https:\/\/bobea.net\/#\/schema\/logo\/image\/","url":"https:\/\/bobea.net\/wp-content\/uploads\/2024\/06\/bobea.jpg","contentUrl":"https:\/\/bobea.net\/wp-content\/uploads\/2024\/06\/bobea.jpg","width":1080,"height":1080,"caption":"Bobea"},"image":{"@id":"https:\/\/bobea.net\/#\/schema\/logo\/image\/"},"sameAs":["https:\/\/web.facebook.com\/profile.php?id=61559252188416"]},{"@type":"Person","@id":"https:\/\/bobea.net\/#\/schema\/person\/e7f45ef187918d7c956bf619dce90ccf","name":"bobea.info","image":{"@type":"ImageObject","inLanguage":"fr-FR","@id":"https:\/\/bobea.net\/#\/schema\/person\/image\/","url":"https:\/\/secure.gravatar.com\/avatar\/36147980349df887ae30808df3e29474?s=96&d=mm&r=g","contentUrl":"https:\/\/secure.gravatar.com\/avatar\/36147980349df887ae30808df3e29474?s=96&d=mm&r=g","caption":"bobea.info"},"sameAs":["https:\/\/bobea.net"],"url":"https:\/\/bobea.net\/index.php\/author\/bobea-info\/"}]}},"_links":{"self":[{"href":"https:\/\/bobea.net\/index.php\/wp-json\/wp\/v2\/posts\/24666"}],"collection":[{"href":"https:\/\/bobea.net\/index.php\/wp-json\/wp\/v2\/posts"}],"about":[{"href":"https:\/\/bobea.net\/index.php\/wp-json\/wp\/v2\/types\/post"}],"author":[{"embeddable":true,"href":"https:\/\/bobea.net\/index.php\/wp-json\/wp\/v2\/users\/1"}],"replies":[{"embeddable":true,"href":"https:\/\/bobea.net\/index.php\/wp-json\/wp\/v2\/comments?post=24666"}],"version-history":[{"count":1,"href":"https:\/\/bobea.net\/index.php\/wp-json\/wp\/v2\/posts\/24666\/revisions"}],"predecessor-version":[{"id":24675,"href":"https:\/\/bobea.net\/index.php\/wp-json\/wp\/v2\/posts\/24666\/revisions\/24675"}],"wp:featuredmedia":[{"embeddable":true,"href":"https:\/\/bobea.net\/index.php\/wp-json\/wp\/v2\/media\/24669"}],"wp:attachment":[{"href":"https:\/\/bobea.net\/index.php\/wp-json\/wp\/v2\/media?parent=24666"}],"wp:term":[{"taxonomy":"category","embeddable":true,"href":"https:\/\/bobea.net\/index.php\/wp-json\/wp\/v2\/categories?post=24666"},{"taxonomy":"post_tag","embeddable":true,"href":"https:\/\/bobea.net\/index.php\/wp-json\/wp\/v2\/tags?post=24666"}],"curies":[{"name":"wp","href":"https:\/\/api.w.org\/{rel}","templated":true}]}}