{"id":24541,"date":"2025-09-05T07:18:16","date_gmt":"2025-09-05T07:18:16","guid":{"rendered":"https:\/\/bobea.net\/?p=24541"},"modified":"2025-09-05T07:18:17","modified_gmt":"2025-09-05T07:18:17","slug":"tunisie-france-une-mort-suspecte-a-paris-rallume-les-tensions-diplomatiques","status":"publish","type":"post","link":"https:\/\/bobea.net\/index.php\/2025\/09\/05\/tunisie-france-une-mort-suspecte-a-paris-rallume-les-tensions-diplomatiques\/","title":{"rendered":"Tunisie\u2013France : une mort suspecte \u00e0 Paris rallume les tensions diplomatiques"},"content":{"rendered":"\n<p>Entre la France et la Tunisie, les rela\u00adtions sont aus\u00adsi anci\u00adennes que com\u00adplex\u00ades, empreintes d\u2019his\u00adtoire, de coop\u00e9ra\u00adtion, mais aus\u00adsi de malen\u00adten\u00addus. En ce mois de sep\u00adtem\u00adbre 2025, un drame vient \u00e0 nou\u00adveau frag\u00adilis\u00ader cet \u00e9quili\u00adbre d\u00e9li\u00adcat : la con\u00advo\u00adca\u00adtion offi\u00adcielle de l\u2019am\u00adbas\u00adsadeur fran\u00e7ais \u00e0 Tunis, apr\u00e8s la mort jug\u00e9e sus\u00adpecte d\u2019une&nbsp;jeune ressor\u00adtis\u00adsante tunisi\u00adenne de 28 ans&nbsp;retrou\u00adv\u00e9e \u00e0 Paris. L\u2019af\u00adfaire, encore entour\u00e9e de zones d\u2019om\u00adbre, sus\u00adcite une vive \u00e9mo\u00adtion des deux c\u00f4t\u00e9s de la M\u00e9diter\u00adran\u00e9e et r\u00e9v\u00e8le les failles d\u2019un dia\u00adlogue diplo\u00adma\u00adtique d\u00e9j\u00e0 frag\u00adilis\u00e9 par les crises migra\u00adtoires et \u00e9conomiques r\u00e9centes.<\/p>\n\n\n\n<p><strong>Une dis\u00adpari\u00adtion mys\u00adt\u00e9rieuse au c\u0153ur de Paris<\/strong><\/p>\n\n\n\n<p>La vic\u00adtime, \u00e9tu\u00addi\u00adante tunisi\u00adenne instal\u00adl\u00e9e en France depuis trois ans, a \u00e9t\u00e9 retrou\u00adv\u00e9e sans vie dans son apparte\u00adment du 13e arrondisse\u00adment. Les cir\u00adcon\u00adstances exactes restent floues : cer\u00adtains voisins \u00e9vo\u00adquent une dis\u00adpute la veille, d\u2019autres par\u00adlent d\u2019un malaise inex\u00adplic\u00e9. La police parisi\u00adenne priv\u00adil\u00e9gie \u00e0 ce stade la piste acci\u00adden\u00adtelle, mais la famille, boulever\u00ads\u00e9e, d\u00e9nonce des inco\u00adh\u00e9rences et proclame la v\u00e9rit\u00e9. Tr\u00e8s vite, la nou\u00advelle a remon\u00adt\u00e9 jusqu\u2019au gou\u00adverne\u00adment tunisien, qui exige des expli\u00adca\u00adtions claires et offi\u00adcielles.<\/p>\n\n\n\n<p><strong>Tunis hausse le ton<\/strong><\/p>\n\n\n\n<p>La r\u00e9ac\u00adtion des autorit\u00e9s tunisi\u00adennes a \u00e9t\u00e9 rapi\u00adde. En con\u00advo\u00adquant l\u2019am\u00adbas\u00adsadeur de France, Tunis a voulu mar\u00adquer les esprits et mon\u00adtr\u00ader \u00e0 son opin\u00adion publique qu\u2019\u00abaucun Tunisien, m\u00eame en exil, n\u2019est aban\u00addon\u00adn\u00e9 \u00e0 son sort\u00bb. Der\u00adri\u00e8re ce geste fort se joue une r\u00e9al\u00adit\u00e9 poli\u00adtique : la dias\u00adpo\u00adra tunisi\u00adenne, estim\u00e9e \u00e0 plus de 700 000 per\u00adson\u00adnes en France, con\u00adstitue \u00e0 la fois une richesse et une source con\u00adstante de reven\u00addi\u00adca\u00adtions sociales et diplo\u00adma\u00adtiques. Tunis ne peut ignor\u00ader la sen\u00adsi\u00adbil\u00adit\u00e9 d\u2019une affaire sym\u00adbol\u00adique, qui pour\u00adrait vite se trans\u00adformer en crise ouverte s\u2019il appa\u00adrais\u00adsait que la mort de la jeune femme avait \u00e9t\u00e9 mal prise en charge.<\/p>\n\n\n\n<p><strong>Paris dans l\u2019embarras<\/strong><\/p>\n\n\n\n<p>C\u00f4t\u00e9 fran\u00e7ais, le gou\u00adverne\u00adment s\u2019emploie \u00e0 calmer la tem\u00adp\u00eate. Les Affaires \u00e9trang\u00e8res insis\u00adtent sur \u00ab la trans\u00adparence de l\u2019en\u00adqu\u00eate judi\u00adci\u00adaire en cours \u00bb et appel\u00adlent \u00e0 \u00ab \u00e9viter toute instru\u00admen\u00adtal\u00adi\u00adsa\u00adtion poli\u00adtique \u00bb. Mais cette pru\u00addence est scrut\u00e9e : ONG, asso\u00adci\u00ada\u00adtions tunisi\u00adennes en France et col\u00adlec\u00adtifs anti-dis\u00adcrim\u00adi\u00adna\u00adtion r\u00e9cla\u00adment plus de fer\u00admet\u00e9 et de trans\u00adparence. La diplo\u00admatie fran\u00e7aise doit com\u00adpos\u00ader avec un dou\u00adble enjeu : pro\u00adt\u00e9ger sa r\u00e9pu\u00adta\u00adtion d\u2019\u00c9\u00adtat de droit tout en pr\u00e9ser\u00advant une rela\u00adtion strat\u00e9gique avec Tunis.<\/p>\n\n\n\n<figure class=\"wp-block-image size-large\"><img loading=\"lazy\" decoding=\"async\" width=\"1024\" height=\"566\" src=\"https:\/\/bobea.net\/wp-content\/uploads\/2025\/09\/dhia-khaled-retailleau-compressed-1024x566.jpg\" alt class=\"wp-image-24542\" srcset=\"https:\/\/bobea.net\/wp-content\/uploads\/2025\/09\/dhia-khaled-retailleau-compressed-1024x566.jpg 1024w, https:\/\/bobea.net\/wp-content\/uploads\/2025\/09\/dhia-khaled-retailleau-compressed-300x166.jpg 300w, https:\/\/bobea.net\/wp-content\/uploads\/2025\/09\/dhia-khaled-retailleau-compressed-768x425.jpg 768w, https:\/\/bobea.net\/wp-content\/uploads\/2025\/09\/dhia-khaled-retailleau-compressed.jpg 1170w\" sizes=\"(max-width: 1024px) 100vw, 1024px\"><\/figure>\n\n\n\n<p><strong>Une rela\u00adtion fran\u00adco-tunisi\u00adenne frag\u00adile<\/strong><\/p>\n\n\n\n<p>Cet \u00e9pisode inter\u00advient dans un con\u00adtexte d\u00e9j\u00e0 ten\u00addu : la crise migra\u00adtoire en M\u00e9diter\u00adran\u00e9e, les d\u00e9bats sur la s\u00e9cu\u00adrit\u00e9, mais aus\u00adsi les blocages \u00e9conomiques entre les deux pays. Depuis plusieurs ann\u00e9es, les rela\u00adtions fran\u00adco-tunisi\u00adennes alter\u00adnent entre rap\u00adproche\u00adments et coups de froid. Cette affaire pour\u00adrait bien devenir un nou\u00adveau r\u00e9v\u00e9la\u00adteur d\u2019un parte\u00adnar\u00adi\u00adat en qu\u00eate de clart\u00e9.<\/p>\n\n\n\n<p><strong>Con\u00adclu\u00adsion : au-del\u00e0 d\u2019un drame, une rela\u00adtion en ques\u00adtion<\/strong><\/p>\n\n\n\n<p>La mort trag\u00adique d\u2019une jeune Tunisi\u00adenne ren\u00adcon\u00adtr\u00e9e en lumi\u00e8re, une fois de plus, la remise en ques\u00adtion per\u00adma\u00adnente du lien entre Tunis et Paris. L\u2019opin\u00adion publique attend des r\u00e9pons\u00ades, la jus\u00adtice fran\u00e7aise est sous pres\u00adsion, et la diplo\u00admatie veille \u00e0 pr\u00e9venir l\u2019in\u00adcendie. Mais une chose est cer\u00adtaine : pour la Tunisie, ce d\u00e9c\u00e8s n\u2019est pas seule\u00adment un drame indi\u00advidu\u00adel, il incar\u00adne une reven\u00addi\u00adca\u00adtion uni\u00adverselle \u2013 celle de la dig\u00adnit\u00e9 et de la pro\u00adtec\u00adtion de ses citoyens, o\u00f9 qu\u2019ils se trou\u00advent dans le monde.<\/p>\n\n\n\n<p><\/p>\n","protected":false},"excerpt":{"rendered":"<p>Entre la France et la Tunisie, les rela\u00adtions sont aus\u00adsi anci\u00adennes que com\u00adplex\u00ades, empreintes d\u2019his\u00adtoire, de coop\u00e9ra\u00adtion, mais aus\u00adsi de malen\u00adten\u00addus. En ce mois de sep\u00adtem\u00adbre 2025, un drame vient\u2026 <\/p>\n","protected":false},"author":1,"featured_media":24543,"comment_status":"open","ping_status":"closed","sticky":false,"template":"","format":"standard","meta":{"wp_typography_post_enhancements_disabled":false,"footnotes":""},"categories":[73],"tags":[18473,18472,18474,18471,18475,18470],"class_list":["post-24541","post","type-post","status-publish","format-standard","has-post-thumbnail","hentry","category-on-en-parle","tag-diaspora-tunisienne-en-europe","tag-diplomatie-franco-tunisienne","tag-mort-suspecte-paris","tag-relations-internationales-maghreb-france","tag-securite-immigres-tunisiens","tag-tunisie-france-2025"],"yoast_head":"<!-- This site is optimized with the Yoast SEO plugin v24.7 - https:\/\/yoast.com\/wordpress\/plugins\/seo\/ -->\n<title>Tunisie\u2013France : une mort suspecte \u00e0 Paris rallume les tensions diplomatiques - Bobea<\/title>\n<meta name=\"description\" content=\"La mort tragique d&#039;une jeune Tunisienne rencontr\u00e9e en lumi\u00e8re, une fois de plus, la remise en question permanente du lien entre Tunis et Paris\" \/>\n<meta name=\"robots\" content=\"index, follow, max-snippet:-1, max-image-preview:large, max-video-preview:-1\" \/>\n<link rel=\"canonical\" href=\"https:\/\/bobea.net\/index.php\/2025\/09\/05\/tunisie-france-une-mort-suspecte-a-paris-rallume-les-tensions-diplomatiques\/\" \/>\n<meta property=\"og:locale\" content=\"fr_FR\" \/>\n<meta property=\"og:type\" content=\"article\" \/>\n<meta property=\"og:title\" content=\"Tunisie\u2013France : une mort suspecte \u00e0 Paris rallume les tensions diplomatiques - Bobea\" \/>\n<meta property=\"og:description\" content=\"La mort tragique d&#039;une jeune Tunisienne rencontr\u00e9e en lumi\u00e8re, une fois de plus, la remise en question permanente du lien entre Tunis et Paris\" \/>\n<meta property=\"og:url\" content=\"https:\/\/bobea.net\/index.php\/2025\/09\/05\/tunisie-france-une-mort-suspecte-a-paris-rallume-les-tensions-diplomatiques\/\" \/>\n<meta property=\"og:site_name\" content=\"Bobea\" \/>\n<meta property=\"article:publisher\" content=\"https:\/\/web.facebook.com\/profile.php?id=61559252188416\" \/>\n<meta property=\"article:published_time\" content=\"2025-09-05T07:18:16+00:00\" \/>\n<meta property=\"article:modified_time\" content=\"2025-09-05T07:18:17+00:00\" \/>\n<meta property=\"og:image\" content=\"https:\/\/bobea.net\/wp-content\/uploads\/2025\/09\/Le-ministre-francais-de-l-Interieur-Bruno-Retailleau-a-l-hotel-Matignon-Paris-France-le-26-fevrier-2025-Photo-d-illustration-2041207.jpg\" \/>\n\t<meta property=\"og:image:width\" content=\"1920\" \/>\n\t<meta property=\"og:image:height\" content=\"1080\" \/>\n\t<meta property=\"og:image:type\" content=\"image\/jpeg\" \/>\n<meta name=\"author\" content=\"bobea.info\" \/>\n<meta name=\"twitter:card\" content=\"summary_large_image\" \/>\n<meta name=\"twitter:label1\" content=\"\u00c9crit par\" \/>\n\t<meta name=\"twitter:data1\" content=\"bobea.info\" \/>\n\t<meta name=\"twitter:label2\" content=\"Dur\u00e9e de lecture estim\u00e9e\" \/>\n\t<meta name=\"twitter:data2\" content=\"3 minutes\" \/>\n<script type=\"application\/ld+json\" class=\"yoast-schema-graph\">{\"@context\":\"https:\/\/schema.org\",\"@graph\":[{\"@type\":\"Article\",\"@id\":\"https:\/\/bobea.net\/index.php\/2025\/09\/05\/tunisie-france-une-mort-suspecte-a-paris-rallume-les-tensions-diplomatiques\/#article\",\"isPartOf\":{\"@id\":\"https:\/\/bobea.net\/index.php\/2025\/09\/05\/tunisie-france-une-mort-suspecte-a-paris-rallume-les-tensions-diplomatiques\/\"},\"author\":{\"name\":\"bobea.info\",\"@id\":\"https:\/\/bobea.net\/#\/schema\/person\/e7f45ef187918d7c956bf619dce90ccf\"},\"headline\":\"Tunisie\u2013France : une mort suspecte \u00e0 Paris rallume les tensions diplomatiques\",\"datePublished\":\"2025-09-05T07:18:16+00:00\",\"dateModified\":\"2025-09-05T07:18:17+00:00\",\"mainEntityOfPage\":{\"@id\":\"https:\/\/bobea.net\/index.php\/2025\/09\/05\/tunisie-france-une-mort-suspecte-a-paris-rallume-les-tensions-diplomatiques\/\"},\"wordCount\":582,\"commentCount\":1,\"publisher\":{\"@id\":\"https:\/\/bobea.net\/#organization\"},\"image\":{\"@id\":\"https:\/\/bobea.net\/index.php\/2025\/09\/05\/tunisie-france-une-mort-suspecte-a-paris-rallume-les-tensions-diplomatiques\/#primaryimage\"},\"thumbnailUrl\":\"https:\/\/bobea.net\/wp-content\/uploads\/2025\/09\/Le-ministre-francais-de-l-Interieur-Bruno-Retailleau-a-l-hotel-Matignon-Paris-France-le-26-fevrier-2025-Photo-d-illustration-2041207.jpg\",\"keywords\":[\"diaspora tunisienne en Europe\",\"diplomatie franco-tunisienne\",\"mort suspecte Paris\",\"relations internationales Maghreb France\",\"s\u00e9curit\u00e9 immigr\u00e9s tunisiens.\",\"Tunisie France 2025\"],\"articleSection\":[\"On en Parle\"],\"inLanguage\":\"fr-FR\",\"potentialAction\":[{\"@type\":\"CommentAction\",\"name\":\"Comment\",\"target\":[\"https:\/\/bobea.net\/index.php\/2025\/09\/05\/tunisie-france-une-mort-suspecte-a-paris-rallume-les-tensions-diplomatiques\/#respond\"]}]},{\"@type\":\"WebPage\",\"@id\":\"https:\/\/bobea.net\/index.php\/2025\/09\/05\/tunisie-france-une-mort-suspecte-a-paris-rallume-les-tensions-diplomatiques\/\",\"url\":\"https:\/\/bobea.net\/index.php\/2025\/09\/05\/tunisie-france-une-mort-suspecte-a-paris-rallume-les-tensions-diplomatiques\/\",\"name\":\"Tunisie\u2013France : une mort suspecte \u00e0 Paris rallume les tensions diplomatiques - Bobea\",\"isPartOf\":{\"@id\":\"https:\/\/bobea.net\/#website\"},\"primaryImageOfPage\":{\"@id\":\"https:\/\/bobea.net\/index.php\/2025\/09\/05\/tunisie-france-une-mort-suspecte-a-paris-rallume-les-tensions-diplomatiques\/#primaryimage\"},\"image\":{\"@id\":\"https:\/\/bobea.net\/index.php\/2025\/09\/05\/tunisie-france-une-mort-suspecte-a-paris-rallume-les-tensions-diplomatiques\/#primaryimage\"},\"thumbnailUrl\":\"https:\/\/bobea.net\/wp-content\/uploads\/2025\/09\/Le-ministre-francais-de-l-Interieur-Bruno-Retailleau-a-l-hotel-Matignon-Paris-France-le-26-fevrier-2025-Photo-d-illustration-2041207.jpg\",\"datePublished\":\"2025-09-05T07:18:16+00:00\",\"dateModified\":\"2025-09-05T07:18:17+00:00\",\"description\":\"La mort tragique d'une jeune Tunisienne rencontr\u00e9e en lumi\u00e8re, une fois de plus, la remise en question permanente du lien entre Tunis et Paris\",\"breadcrumb\":{\"@id\":\"https:\/\/bobea.net\/index.php\/2025\/09\/05\/tunisie-france-une-mort-suspecte-a-paris-rallume-les-tensions-diplomatiques\/#breadcrumb\"},\"inLanguage\":\"fr-FR\",\"potentialAction\":[{\"@type\":\"ReadAction\",\"target\":[\"https:\/\/bobea.net\/index.php\/2025\/09\/05\/tunisie-france-une-mort-suspecte-a-paris-rallume-les-tensions-diplomatiques\/\"]}]},{\"@type\":\"ImageObject\",\"inLanguage\":\"fr-FR\",\"@id\":\"https:\/\/bobea.net\/index.php\/2025\/09\/05\/tunisie-france-une-mort-suspecte-a-paris-rallume-les-tensions-diplomatiques\/#primaryimage\",\"url\":\"https:\/\/bobea.net\/wp-content\/uploads\/2025\/09\/Le-ministre-francais-de-l-Interieur-Bruno-Retailleau-a-l-hotel-Matignon-Paris-France-le-26-fevrier-2025-Photo-d-illustration-2041207.jpg\",\"contentUrl\":\"https:\/\/bobea.net\/wp-content\/uploads\/2025\/09\/Le-ministre-francais-de-l-Interieur-Bruno-Retailleau-a-l-hotel-Matignon-Paris-France-le-26-fevrier-2025-Photo-d-illustration-2041207.jpg\",\"width\":1920,\"height\":1080},{\"@type\":\"BreadcrumbList\",\"@id\":\"https:\/\/bobea.net\/index.php\/2025\/09\/05\/tunisie-france-une-mort-suspecte-a-paris-rallume-les-tensions-diplomatiques\/#breadcrumb\",\"itemListElement\":[{\"@type\":\"ListItem\",\"position\":1,\"name\":\"Accueil\",\"item\":\"https:\/\/bobea.net\/\"},{\"@type\":\"ListItem\",\"position\":2,\"name\":\"Tunisie\u2013France : une mort suspecte \u00e0 Paris rallume les tensions diplomatiques\"}]},{\"@type\":\"WebSite\",\"@id\":\"https:\/\/bobea.net\/#website\",\"url\":\"https:\/\/bobea.net\/\",\"name\":\"Bobea\",\"description\":\"Le magazine de la nouvelle \u00c8ve\",\"publisher\":{\"@id\":\"https:\/\/bobea.net\/#organization\"},\"potentialAction\":[{\"@type\":\"SearchAction\",\"target\":{\"@type\":\"EntryPoint\",\"urlTemplate\":\"https:\/\/bobea.net\/?s={search_term_string}\"},\"query-input\":{\"@type\":\"PropertyValueSpecification\",\"valueRequired\":true,\"valueName\":\"search_term_string\"}}],\"inLanguage\":\"fr-FR\"},{\"@type\":\"Organization\",\"@id\":\"https:\/\/bobea.net\/#organization\",\"name\":\"Bobea\",\"url\":\"https:\/\/bobea.net\/\",\"logo\":{\"@type\":\"ImageObject\",\"inLanguage\":\"fr-FR\",\"@id\":\"https:\/\/bobea.net\/#\/schema\/logo\/image\/\",\"url\":\"https:\/\/bobea.net\/wp-content\/uploads\/2024\/06\/bobea.jpg\",\"contentUrl\":\"https:\/\/bobea.net\/wp-content\/uploads\/2024\/06\/bobea.jpg\",\"width\":1080,\"height\":1080,\"caption\":\"Bobea\"},\"image\":{\"@id\":\"https:\/\/bobea.net\/#\/schema\/logo\/image\/\"},\"sameAs\":[\"https:\/\/web.facebook.com\/profile.php?id=61559252188416\"]},{\"@type\":\"Person\",\"@id\":\"https:\/\/bobea.net\/#\/schema\/person\/e7f45ef187918d7c956bf619dce90ccf\",\"name\":\"bobea.info\",\"image\":{\"@type\":\"ImageObject\",\"inLanguage\":\"fr-FR\",\"@id\":\"https:\/\/bobea.net\/#\/schema\/person\/image\/\",\"url\":\"https:\/\/secure.gravatar.com\/avatar\/36147980349df887ae30808df3e29474?s=96&d=mm&r=g\",\"contentUrl\":\"https:\/\/secure.gravatar.com\/avatar\/36147980349df887ae30808df3e29474?s=96&d=mm&r=g\",\"caption\":\"bobea.info\"},\"sameAs\":[\"https:\/\/bobea.net\"],\"url\":\"https:\/\/bobea.net\/index.php\/author\/bobea-info\/\"}]}<\/script>\n<!-- \/ Yoast SEO plugin. -->","yoast_head_json":{"title":"Tunisie\u2013France : une mort suspecte \u00e0 Paris rallume les tensions diplomatiques - Bobea","description":"La mort tragique d'une jeune Tunisienne rencontr\u00e9e en lumi\u00e8re, une fois de plus, la remise en question permanente du lien entre Tunis et Paris","robots":{"index":"index","follow":"follow","max-snippet":"max-snippet:-1","max-image-preview":"max-image-preview:large","max-video-preview":"max-video-preview:-1"},"canonical":"https:\/\/bobea.net\/index.php\/2025\/09\/05\/tunisie-france-une-mort-suspecte-a-paris-rallume-les-tensions-diplomatiques\/","og_locale":"fr_FR","og_type":"article","og_title":"Tunisie\u2013France : une mort suspecte \u00e0 Paris rallume les tensions diplomatiques - Bobea","og_description":"La mort tragique d'une jeune Tunisienne rencontr\u00e9e en lumi\u00e8re, une fois de plus, la remise en question permanente du lien entre Tunis et Paris","og_url":"https:\/\/bobea.net\/index.php\/2025\/09\/05\/tunisie-france-une-mort-suspecte-a-paris-rallume-les-tensions-diplomatiques\/","og_site_name":"Bobea","article_publisher":"https:\/\/web.facebook.com\/profile.php?id=61559252188416","article_published_time":"2025-09-05T07:18:16+00:00","article_modified_time":"2025-09-05T07:18:17+00:00","og_image":[{"width":1920,"height":1080,"url":"https:\/\/bobea.net\/wp-content\/uploads\/2025\/09\/Le-ministre-francais-de-l-Interieur-Bruno-Retailleau-a-l-hotel-Matignon-Paris-France-le-26-fevrier-2025-Photo-d-illustration-2041207.jpg","type":"image\/jpeg"}],"author":"bobea.info","twitter_card":"summary_large_image","twitter_misc":{"\u00c9crit par":"bobea.info","Dur\u00e9e de lecture estim\u00e9e":"3 minutes"},"schema":{"@context":"https:\/\/schema.org","@graph":[{"@type":"Article","@id":"https:\/\/bobea.net\/index.php\/2025\/09\/05\/tunisie-france-une-mort-suspecte-a-paris-rallume-les-tensions-diplomatiques\/#article","isPartOf":{"@id":"https:\/\/bobea.net\/index.php\/2025\/09\/05\/tunisie-france-une-mort-suspecte-a-paris-rallume-les-tensions-diplomatiques\/"},"author":{"name":"bobea.info","@id":"https:\/\/bobea.net\/#\/schema\/person\/e7f45ef187918d7c956bf619dce90ccf"},"headline":"Tunisie\u2013France : une mort suspecte \u00e0 Paris rallume les tensions diplomatiques","datePublished":"2025-09-05T07:18:16+00:00","dateModified":"2025-09-05T07:18:17+00:00","mainEntityOfPage":{"@id":"https:\/\/bobea.net\/index.php\/2025\/09\/05\/tunisie-france-une-mort-suspecte-a-paris-rallume-les-tensions-diplomatiques\/"},"wordCount":582,"commentCount":1,"publisher":{"@id":"https:\/\/bobea.net\/#organization"},"image":{"@id":"https:\/\/bobea.net\/index.php\/2025\/09\/05\/tunisie-france-une-mort-suspecte-a-paris-rallume-les-tensions-diplomatiques\/#primaryimage"},"thumbnailUrl":"https:\/\/bobea.net\/wp-content\/uploads\/2025\/09\/Le-ministre-francais-de-l-Interieur-Bruno-Retailleau-a-l-hotel-Matignon-Paris-France-le-26-fevrier-2025-Photo-d-illustration-2041207.jpg","keywords":["diaspora tunisienne en Europe","diplomatie franco-tunisienne","mort suspecte Paris","relations internationales Maghreb France","s\u00e9curit\u00e9 immigr\u00e9s tunisiens.","Tunisie France 2025"],"articleSection":["On en Parle"],"inLanguage":"fr-FR","potentialAction":[{"@type":"CommentAction","name":"Comment","target":["https:\/\/bobea.net\/index.php\/2025\/09\/05\/tunisie-france-une-mort-suspecte-a-paris-rallume-les-tensions-diplomatiques\/#respond"]}]},{"@type":"WebPage","@id":"https:\/\/bobea.net\/index.php\/2025\/09\/05\/tunisie-france-une-mort-suspecte-a-paris-rallume-les-tensions-diplomatiques\/","url":"https:\/\/bobea.net\/index.php\/2025\/09\/05\/tunisie-france-une-mort-suspecte-a-paris-rallume-les-tensions-diplomatiques\/","name":"Tunisie\u2013France : une mort suspecte \u00e0 Paris rallume les tensions diplomatiques - Bobea","isPartOf":{"@id":"https:\/\/bobea.net\/#website"},"primaryImageOfPage":{"@id":"https:\/\/bobea.net\/index.php\/2025\/09\/05\/tunisie-france-une-mort-suspecte-a-paris-rallume-les-tensions-diplomatiques\/#primaryimage"},"image":{"@id":"https:\/\/bobea.net\/index.php\/2025\/09\/05\/tunisie-france-une-mort-suspecte-a-paris-rallume-les-tensions-diplomatiques\/#primaryimage"},"thumbnailUrl":"https:\/\/bobea.net\/wp-content\/uploads\/2025\/09\/Le-ministre-francais-de-l-Interieur-Bruno-Retailleau-a-l-hotel-Matignon-Paris-France-le-26-fevrier-2025-Photo-d-illustration-2041207.jpg","datePublished":"2025-09-05T07:18:16+00:00","dateModified":"2025-09-05T07:18:17+00:00","description":"La mort tragique d'une jeune Tunisienne rencontr\u00e9e en lumi\u00e8re, une fois de plus, la remise en question permanente du lien entre Tunis et Paris","breadcrumb":{"@id":"https:\/\/bobea.net\/index.php\/2025\/09\/05\/tunisie-france-une-mort-suspecte-a-paris-rallume-les-tensions-diplomatiques\/#breadcrumb"},"inLanguage":"fr-FR","potentialAction":[{"@type":"ReadAction","target":["https:\/\/bobea.net\/index.php\/2025\/09\/05\/tunisie-france-une-mort-suspecte-a-paris-rallume-les-tensions-diplomatiques\/"]}]},{"@type":"ImageObject","inLanguage":"fr-FR","@id":"https:\/\/bobea.net\/index.php\/2025\/09\/05\/tunisie-france-une-mort-suspecte-a-paris-rallume-les-tensions-diplomatiques\/#primaryimage","url":"https:\/\/bobea.net\/wp-content\/uploads\/2025\/09\/Le-ministre-francais-de-l-Interieur-Bruno-Retailleau-a-l-hotel-Matignon-Paris-France-le-26-fevrier-2025-Photo-d-illustration-2041207.jpg","contentUrl":"https:\/\/bobea.net\/wp-content\/uploads\/2025\/09\/Le-ministre-francais-de-l-Interieur-Bruno-Retailleau-a-l-hotel-Matignon-Paris-France-le-26-fevrier-2025-Photo-d-illustration-2041207.jpg","width":1920,"height":1080},{"@type":"BreadcrumbList","@id":"https:\/\/bobea.net\/index.php\/2025\/09\/05\/tunisie-france-une-mort-suspecte-a-paris-rallume-les-tensions-diplomatiques\/#breadcrumb","itemListElement":[{"@type":"ListItem","position":1,"name":"Accueil","item":"https:\/\/bobea.net\/"},{"@type":"ListItem","position":2,"name":"Tunisie\u2013France : une mort suspecte \u00e0 Paris rallume les tensions diplomatiques"}]},{"@type":"WebSite","@id":"https:\/\/bobea.net\/#website","url":"https:\/\/bobea.net\/","name":"Bobea","description":"Le magazine de la nouvelle \u00c8ve","publisher":{"@id":"https:\/\/bobea.net\/#organization"},"potentialAction":[{"@type":"SearchAction","target":{"@type":"EntryPoint","urlTemplate":"https:\/\/bobea.net\/?s={search_term_string}"},"query-input":{"@type":"PropertyValueSpecification","valueRequired":true,"valueName":"search_term_string"}}],"inLanguage":"fr-FR"},{"@type":"Organization","@id":"https:\/\/bobea.net\/#organization","name":"Bobea","url":"https:\/\/bobea.net\/","logo":{"@type":"ImageObject","inLanguage":"fr-FR","@id":"https:\/\/bobea.net\/#\/schema\/logo\/image\/","url":"https:\/\/bobea.net\/wp-content\/uploads\/2024\/06\/bobea.jpg","contentUrl":"https:\/\/bobea.net\/wp-content\/uploads\/2024\/06\/bobea.jpg","width":1080,"height":1080,"caption":"Bobea"},"image":{"@id":"https:\/\/bobea.net\/#\/schema\/logo\/image\/"},"sameAs":["https:\/\/web.facebook.com\/profile.php?id=61559252188416"]},{"@type":"Person","@id":"https:\/\/bobea.net\/#\/schema\/person\/e7f45ef187918d7c956bf619dce90ccf","name":"bobea.info","image":{"@type":"ImageObject","inLanguage":"fr-FR","@id":"https:\/\/bobea.net\/#\/schema\/person\/image\/","url":"https:\/\/secure.gravatar.com\/avatar\/36147980349df887ae30808df3e29474?s=96&d=mm&r=g","contentUrl":"https:\/\/secure.gravatar.com\/avatar\/36147980349df887ae30808df3e29474?s=96&d=mm&r=g","caption":"bobea.info"},"sameAs":["https:\/\/bobea.net"],"url":"https:\/\/bobea.net\/index.php\/author\/bobea-info\/"}]}},"_links":{"self":[{"href":"https:\/\/bobea.net\/index.php\/wp-json\/wp\/v2\/posts\/24541"}],"collection":[{"href":"https:\/\/bobea.net\/index.php\/wp-json\/wp\/v2\/posts"}],"about":[{"href":"https:\/\/bobea.net\/index.php\/wp-json\/wp\/v2\/types\/post"}],"author":[{"embeddable":true,"href":"https:\/\/bobea.net\/index.php\/wp-json\/wp\/v2\/users\/1"}],"replies":[{"embeddable":true,"href":"https:\/\/bobea.net\/index.php\/wp-json\/wp\/v2\/comments?post=24541"}],"version-history":[{"count":1,"href":"https:\/\/bobea.net\/index.php\/wp-json\/wp\/v2\/posts\/24541\/revisions"}],"predecessor-version":[{"id":24544,"href":"https:\/\/bobea.net\/index.php\/wp-json\/wp\/v2\/posts\/24541\/revisions\/24544"}],"wp:featuredmedia":[{"embeddable":true,"href":"https:\/\/bobea.net\/index.php\/wp-json\/wp\/v2\/media\/24543"}],"wp:attachment":[{"href":"https:\/\/bobea.net\/index.php\/wp-json\/wp\/v2\/media?parent=24541"}],"wp:term":[{"taxonomy":"category","embeddable":true,"href":"https:\/\/bobea.net\/index.php\/wp-json\/wp\/v2\/categories?post=24541"},{"taxonomy":"post_tag","embeddable":true,"href":"https:\/\/bobea.net\/index.php\/wp-json\/wp\/v2\/tags?post=24541"}],"curies":[{"name":"wp","href":"https:\/\/api.w.org\/{rel}","templated":true}]}}