{"id":24537,"date":"2025-09-05T07:15:01","date_gmt":"2025-09-05T07:15:01","guid":{"rendered":"https:\/\/bobea.net\/?p=24537"},"modified":"2025-09-05T07:15:02","modified_gmt":"2025-09-05T07:15:02","slug":"washington-presse-leurope-vers-un-front-commun-contre-lalliance-chine-russie-en-ukraine","status":"publish","type":"post","link":"https:\/\/bobea.net\/index.php\/2025\/09\/05\/washington-presse-leurope-vers-un-front-commun-contre-lalliance-chine-russie-en-ukraine\/","title":{"rendered":"Washington presse l\u2019Europe : vers un front commun contre l\u2019alliance Chine-Russie en Ukraine"},"content":{"rendered":"\n<p>Depuis plus de trois ans, la guerre en Ukraine boule\u00adverse l\u2019\u00e9quili\u00adbre inter\u00adna\u00adtion\u00adal. Alors que Moscou con\u00adtin\u00adue de d\u00e9fi\u00ader les sanc\u00adtions et d\u2019a\u00advancer sur le ter\u00adrain, les \u00c9tats-Unis dou\u00adblent de pres\u00adsions sur leurs alli\u00e9s europ\u00e9ens. En cette ren\u00adtr\u00e9e de sep\u00adtem\u00adbre 2025, Wash\u00ading\u00adton appelle l\u2019U\u00adnion europ\u00e9enne \u00e0 se posi\u00adtion\u00adner claire\u00adment face \u00e0 une \u00e9qua\u00adtion de plus en plus mena\u00e7ante : l\u2019al\u00adliance strat\u00e9gique entre&nbsp;Vladimir Pou\u00adtine et P\u00e9kin&nbsp;. L\u2019Am\u00e9rique de Joe Biden, frag\u00adilis\u00e9e par une ann\u00e9e \u00e9lec\u00adtorale intense, veut mon\u00adtr\u00ader ses mus\u00adcles, mais ne cache plus son impa\u00adtience face \u00e0 une Europe par\u00adfois h\u00e9si\u00adtante, tirail\u00adl\u00e9e entre sou\u00adverainet\u00e9, d\u00e9pen\u00addances \u00e9conomiques et peur de l\u2019escalade.<\/p>\n\n\n\n<p><strong>Une alliance inqui\u00e9\u00adtante entre Moscou et P\u00e9kin<\/strong><\/p>\n\n\n\n<p>Ce que craig\u00adnent aujour\u00add\u2019hui les strat\u00e9\u00adgies am\u00e9ri\u00adcaines, c\u2019est moins la puis\u00adsance isol\u00e9e de Moscou que la solid\u00adit\u00e9 crois\u00adsante de son parte\u00adnar\u00adi\u00adat avec P\u00e9kin. La Russie offre ses ressources \u00e9nerg\u00e9\u00adtiques, ses capac\u00adit\u00e9s mil\u00adi\u00adtaires et sa volon\u00adt\u00e9 de bris\u00ader l\u2019Oc\u00adci\u00addent, tan\u00addis que la Chine injecte des cap\u00adi\u00adtaux, une logis\u00adtique et une influ\u00adence diplo\u00adma\u00adtique mon\u00addi\u00adale. Ensem\u00adble, ils repr\u00e9sen\u00adtent un duo qui frag\u00adilise l\u2019or\u00addre inter\u00adna\u00adtion\u00adal fa\u00e7on\u00adn\u00e9 apr\u00e8s la Guerre froide.<br>L\u2019Eu\u00adrope se retrou\u00adve prise en \u00e9tau. Com\u00adment con\u00adtin\u00aduer \u00e0 com\u00admercer avec la Chine, pre\u00admier parte\u00adnaire \u00e9conomique de l\u2019UE, tout en con\u00addamnant son sou\u00adtien implicite \u00e0 la Russie ? Et surtout : com\u00adment se lib\u00e9r\u00ader enfin d\u2019une d\u00e9pen\u00addance \u00e9nerg\u00e9\u00adtique qui rend chaque hiv\u00ader encore plus vul\u00adn\u00e9rable ?<\/p>\n\n\n\n<p><strong>L\u2019Eu\u00adrope sous pres\u00adsion de Wash\u00ading\u00adton<\/strong><\/p>\n\n\n\n<p>Pour les \u00c9tats-Unis, le moment est cru\u00adcial. Joe Biden a besoin de r\u00e9sul\u00adtats vis\u00adi\u00adbles sur la sc\u00e8ne inter\u00adna\u00adtionale. Wash\u00ading\u00adton exige donc que l\u2019Union europ\u00e9enne endosse non seule\u00adment un r\u00f4le poli\u00adtique, mais aus\u00adsi mil\u00adi\u00adtaire. Berlin et Paris, mal\u00adgr\u00e9 leur dis\u00adcours d\u2019u\u00adnit\u00e9, freinent par\u00adfois face \u00e0 une mil\u00adi\u00adtari\u00adsa\u00adtion trop rapi\u00adde, quand cer\u00adtains pays d\u2019Eu\u00adrope de l\u2019Est r\u00e9cla\u00adment au con\u00adtraire des mesures beau\u00adcoup plus rad\u00adi\u00adcales.<br>Les chan\u00adcel\u00adleries europ\u00e9ennes savent que ce con\u00adflit redes\u00adsine durable\u00adment le monde. Ou, sans front com\u00admun, l\u2019Occident risque de per\u00addre son avan\u00adtage diplo\u00adma\u00adtique et strat\u00e9gique. Les Am\u00e9ri\u00adcains red\u00adoutent un sc\u00e9\u00adnario dans lequel l\u2019al\u00adliance&nbsp;Russie-Chine&nbsp;deviendrait un bloc qua\u00adsi\u00adment intouch\u00adable, capa\u00adble d\u2019im\u00adpos\u00ader sa loi sur les march\u00e9s mon\u00addi\u00adaux, y com\u00adpris en Afrique et en Am\u00e9rique latine.<\/p>\n\n\n\n<figure class=\"wp-block-image size-large\"><img loading=\"lazy\" decoding=\"async\" width=\"1024\" height=\"652\" src=\"https:\/\/bobea.net\/wp-content\/uploads\/2025\/09\/1444X91-1024x652.jpe\" alt class=\"wp-image-24538\" srcset=\"https:\/\/bobea.net\/wp-content\/uploads\/2025\/09\/1444X91-1024x652.jpe 1024w, https:\/\/bobea.net\/wp-content\/uploads\/2025\/09\/1444X91-300x191.jpe 300w, https:\/\/bobea.net\/wp-content\/uploads\/2025\/09\/1444X91-768x489.jpe 768w, https:\/\/bobea.net\/wp-content\/uploads\/2025\/09\/1444X91.jpe 1444w\" sizes=\"(max-width: 1024px) 100vw, 1024px\"><\/figure>\n\n\n\n<p><strong>La ques\u00adtion \u00e9nerg\u00e9\u00adtique, le n\u0153ud sen\u00adsi\u00adble<\/strong><\/p>\n\n\n\n<p>Der\u00adri\u00e8re les dis\u00adcours, un point demeure cru\u00adcial : l\u2019\u00e9n\u00adergie. L\u2019Europe peine tou\u00adjours \u00e0 com\u00adpenser totale\u00adment l\u2019absence du gaz russe. Certes, les ter\u00adminaux de gaz liqu\u00e9\u00adfi\u00e9 am\u00e9ri\u00adcain ou qatari mul\u00adti\u00adplient les livraisons, mais les prix restent \u00e9lev\u00e9s et les avis publics s\u2019es\u00adsouf\u00adflent. La d\u00e9pen\u00addance \u00e9nerg\u00e9\u00adtique con\u00adtin\u00adue donc d\u2019\u00eatre l\u2019an\u00adgle mort d\u2019une Europe qui se dit pr\u00eate au com\u00adbat, mais dont le quo\u00adti\u00addi\u00aden des citoyens rap\u00adpelle les fragilit\u00e9s.<\/p>\n\n\n\n<p><strong>Con\u00adclu\u00adsion : l\u2019Eu\u00adrope face \u00e0 son des\u00adtin<\/strong><\/p>\n\n\n\n<p>Jamais depuis la chute du mur de Berlin, l\u2019Eu\u00adrope ne s\u2019\u00e9\u00adtait retrou\u00adv\u00e9e face \u00e0 une telle respon\u00ads\u00adabil\u00adit\u00e9 his\u00adtorique. Wash\u00ading\u00adton a fix\u00e9 la ligne : pas de com\u00adpro\u00admis avec Moscou, et plus de fer\u00admet\u00e9 avec P\u00e9kin. Mais la pres\u00adsion am\u00e9ri\u00adcaine suf\u00adfit-elle \u00e0 provo\u00adquer un sur\u00adsaut europ\u00e9en ? L\u2019U\u00adnion joue gros : non seule\u00adment sa cr\u00e9di\u00adbil\u00adit\u00e9 inter\u00adna\u00adtionale, mais aus\u00adsi sa capac\u00adit\u00e9 \u00e0 devenir, enfin, une v\u00e9ri\u00adta\u00adble puis\u00adsance g\u00e9opoli\u00adtique.<\/p>\n\n\n\n<p><\/p>\n","protected":false},"excerpt":{"rendered":"<p>Depuis plus de trois ans, la guerre en Ukraine boule\u00adverse l\u2019\u00e9quili\u00adbre inter\u00adna\u00adtion\u00adal. Alors que Moscou con\u00adtin\u00adue de d\u00e9fi\u00ader les sanc\u00adtions et d\u2019a\u00advancer sur le ter\u00adrain, les \u00c9tats-Unis dou\u00adblent de pres\u00adsions\u2026 <\/p>\n","protected":false},"author":1,"featured_media":24539,"comment_status":"open","ping_status":"closed","sticky":false,"template":"","format":"standard","meta":{"wp_typography_post_enhancements_disabled":false,"footnotes":""},"categories":[73],"tags":[18467,18464,18469,18468,18466,18465],"class_list":["post-24537","post","type-post","status-publish","format-standard","has-post-thumbnail","hentry","category-on-en-parle","tag-europe-strategie","tag-guerre-en-ukraine-2025","tag-otan-union-europeenne","tag-poutine-pekin-ukraine","tag-tensions-internationales","tag-washington-chine-russie"],"yoast_head":"<!-- This site is optimized with the Yoast SEO plugin v24.7 - https:\/\/yoast.com\/wordpress\/plugins\/seo\/ -->\n<title>Washington presse l&#039;Europe : vers un front commun contre l&#039;alliance Chine-Russie en Ukraine - Bobea<\/title>\n<meta name=\"description\" content=\"Jamais depuis la chute du mur de Berlin, l&#039;Europe ne s&#039;\u00e9tait retrouv\u00e9e face \u00e0 une telle responsabilit\u00e9 historique. Washington a fix\u00e9 la ligne\" \/>\n<meta name=\"robots\" content=\"index, follow, max-snippet:-1, max-image-preview:large, max-video-preview:-1\" \/>\n<link rel=\"canonical\" href=\"https:\/\/bobea.net\/index.php\/2025\/09\/05\/washington-presse-leurope-vers-un-front-commun-contre-lalliance-chine-russie-en-ukraine\/\" \/>\n<meta property=\"og:locale\" content=\"fr_FR\" \/>\n<meta property=\"og:type\" content=\"article\" \/>\n<meta property=\"og:title\" content=\"Washington presse l&#039;Europe : vers un front commun contre l&#039;alliance Chine-Russie en Ukraine - Bobea\" \/>\n<meta property=\"og:description\" content=\"Jamais depuis la chute du mur de Berlin, l&#039;Europe ne s&#039;\u00e9tait retrouv\u00e9e face \u00e0 une telle responsabilit\u00e9 historique. Washington a fix\u00e9 la ligne\" \/>\n<meta property=\"og:url\" content=\"https:\/\/bobea.net\/index.php\/2025\/09\/05\/washington-presse-leurope-vers-un-front-commun-contre-lalliance-chine-russie-en-ukraine\/\" \/>\n<meta property=\"og:site_name\" content=\"Bobea\" \/>\n<meta property=\"article:publisher\" content=\"https:\/\/web.facebook.com\/profile.php?id=61559252188416\" \/>\n<meta property=\"article:published_time\" content=\"2025-09-05T07:15:01+00:00\" \/>\n<meta property=\"article:modified_time\" content=\"2025-09-05T07:15:02+00:00\" \/>\n<meta property=\"og:image\" content=\"https:\/\/bobea.net\/wp-content\/uploads\/2025\/09\/Enjeux-sommet-UE-Chine.png\" \/>\n\t<meta property=\"og:image:width\" content=\"1200\" \/>\n\t<meta property=\"og:image:height\" content=\"800\" \/>\n\t<meta property=\"og:image:type\" content=\"image\/png\" \/>\n<meta name=\"author\" content=\"bobea.info\" \/>\n<meta name=\"twitter:card\" content=\"summary_large_image\" \/>\n<meta name=\"twitter:label1\" content=\"\u00c9crit par\" \/>\n\t<meta name=\"twitter:data1\" content=\"bobea.info\" \/>\n\t<meta name=\"twitter:label2\" content=\"Dur\u00e9e de lecture estim\u00e9e\" \/>\n\t<meta name=\"twitter:data2\" content=\"3 minutes\" \/>\n<script type=\"application\/ld+json\" class=\"yoast-schema-graph\">{\"@context\":\"https:\/\/schema.org\",\"@graph\":[{\"@type\":\"Article\",\"@id\":\"https:\/\/bobea.net\/index.php\/2025\/09\/05\/washington-presse-leurope-vers-un-front-commun-contre-lalliance-chine-russie-en-ukraine\/#article\",\"isPartOf\":{\"@id\":\"https:\/\/bobea.net\/index.php\/2025\/09\/05\/washington-presse-leurope-vers-un-front-commun-contre-lalliance-chine-russie-en-ukraine\/\"},\"author\":{\"name\":\"bobea.info\",\"@id\":\"https:\/\/bobea.net\/#\/schema\/person\/e7f45ef187918d7c956bf619dce90ccf\"},\"headline\":\"Washington presse l\u2019Europe : vers un front commun contre l\u2019alliance Chine-Russie en Ukraine\",\"datePublished\":\"2025-09-05T07:15:01+00:00\",\"dateModified\":\"2025-09-05T07:15:02+00:00\",\"mainEntityOfPage\":{\"@id\":\"https:\/\/bobea.net\/index.php\/2025\/09\/05\/washington-presse-leurope-vers-un-front-commun-contre-lalliance-chine-russie-en-ukraine\/\"},\"wordCount\":571,\"commentCount\":0,\"publisher\":{\"@id\":\"https:\/\/bobea.net\/#organization\"},\"image\":{\"@id\":\"https:\/\/bobea.net\/index.php\/2025\/09\/05\/washington-presse-leurope-vers-un-front-commun-contre-lalliance-chine-russie-en-ukraine\/#primaryimage\"},\"thumbnailUrl\":\"https:\/\/bobea.net\/wp-content\/uploads\/2025\/09\/Enjeux-sommet-UE-Chine.png\",\"keywords\":[\"Europe strat\u00e9gie\",\"guerre en Ukraine 2025\",\"OTAN Union europ\u00e9enne.\",\"Poutine P\u00e9kin Ukraine\",\"tensions internationales\",\"Washington Chine Russie\"],\"articleSection\":[\"On en Parle\"],\"inLanguage\":\"fr-FR\",\"potentialAction\":[{\"@type\":\"CommentAction\",\"name\":\"Comment\",\"target\":[\"https:\/\/bobea.net\/index.php\/2025\/09\/05\/washington-presse-leurope-vers-un-front-commun-contre-lalliance-chine-russie-en-ukraine\/#respond\"]}]},{\"@type\":\"WebPage\",\"@id\":\"https:\/\/bobea.net\/index.php\/2025\/09\/05\/washington-presse-leurope-vers-un-front-commun-contre-lalliance-chine-russie-en-ukraine\/\",\"url\":\"https:\/\/bobea.net\/index.php\/2025\/09\/05\/washington-presse-leurope-vers-un-front-commun-contre-lalliance-chine-russie-en-ukraine\/\",\"name\":\"Washington presse l'Europe : vers un front commun contre l'alliance Chine-Russie en Ukraine - Bobea\",\"isPartOf\":{\"@id\":\"https:\/\/bobea.net\/#website\"},\"primaryImageOfPage\":{\"@id\":\"https:\/\/bobea.net\/index.php\/2025\/09\/05\/washington-presse-leurope-vers-un-front-commun-contre-lalliance-chine-russie-en-ukraine\/#primaryimage\"},\"image\":{\"@id\":\"https:\/\/bobea.net\/index.php\/2025\/09\/05\/washington-presse-leurope-vers-un-front-commun-contre-lalliance-chine-russie-en-ukraine\/#primaryimage\"},\"thumbnailUrl\":\"https:\/\/bobea.net\/wp-content\/uploads\/2025\/09\/Enjeux-sommet-UE-Chine.png\",\"datePublished\":\"2025-09-05T07:15:01+00:00\",\"dateModified\":\"2025-09-05T07:15:02+00:00\",\"description\":\"Jamais depuis la chute du mur de Berlin, l'Europe ne s'\u00e9tait retrouv\u00e9e face \u00e0 une telle responsabilit\u00e9 historique. Washington a fix\u00e9 la ligne\",\"breadcrumb\":{\"@id\":\"https:\/\/bobea.net\/index.php\/2025\/09\/05\/washington-presse-leurope-vers-un-front-commun-contre-lalliance-chine-russie-en-ukraine\/#breadcrumb\"},\"inLanguage\":\"fr-FR\",\"potentialAction\":[{\"@type\":\"ReadAction\",\"target\":[\"https:\/\/bobea.net\/index.php\/2025\/09\/05\/washington-presse-leurope-vers-un-front-commun-contre-lalliance-chine-russie-en-ukraine\/\"]}]},{\"@type\":\"ImageObject\",\"inLanguage\":\"fr-FR\",\"@id\":\"https:\/\/bobea.net\/index.php\/2025\/09\/05\/washington-presse-leurope-vers-un-front-commun-contre-lalliance-chine-russie-en-ukraine\/#primaryimage\",\"url\":\"https:\/\/bobea.net\/wp-content\/uploads\/2025\/09\/Enjeux-sommet-UE-Chine.png\",\"contentUrl\":\"https:\/\/bobea.net\/wp-content\/uploads\/2025\/09\/Enjeux-sommet-UE-Chine.png\",\"width\":1200,\"height\":800},{\"@type\":\"BreadcrumbList\",\"@id\":\"https:\/\/bobea.net\/index.php\/2025\/09\/05\/washington-presse-leurope-vers-un-front-commun-contre-lalliance-chine-russie-en-ukraine\/#breadcrumb\",\"itemListElement\":[{\"@type\":\"ListItem\",\"position\":1,\"name\":\"Accueil\",\"item\":\"https:\/\/bobea.net\/\"},{\"@type\":\"ListItem\",\"position\":2,\"name\":\"Washington presse l&rsquo;Europe : vers un front commun contre l&rsquo;alliance Chine-Russie en Ukraine\"}]},{\"@type\":\"WebSite\",\"@id\":\"https:\/\/bobea.net\/#website\",\"url\":\"https:\/\/bobea.net\/\",\"name\":\"Bobea\",\"description\":\"Le magazine de la nouvelle \u00c8ve\",\"publisher\":{\"@id\":\"https:\/\/bobea.net\/#organization\"},\"potentialAction\":[{\"@type\":\"SearchAction\",\"target\":{\"@type\":\"EntryPoint\",\"urlTemplate\":\"https:\/\/bobea.net\/?s={search_term_string}\"},\"query-input\":{\"@type\":\"PropertyValueSpecification\",\"valueRequired\":true,\"valueName\":\"search_term_string\"}}],\"inLanguage\":\"fr-FR\"},{\"@type\":\"Organization\",\"@id\":\"https:\/\/bobea.net\/#organization\",\"name\":\"Bobea\",\"url\":\"https:\/\/bobea.net\/\",\"logo\":{\"@type\":\"ImageObject\",\"inLanguage\":\"fr-FR\",\"@id\":\"https:\/\/bobea.net\/#\/schema\/logo\/image\/\",\"url\":\"https:\/\/bobea.net\/wp-content\/uploads\/2024\/06\/bobea.jpg\",\"contentUrl\":\"https:\/\/bobea.net\/wp-content\/uploads\/2024\/06\/bobea.jpg\",\"width\":1080,\"height\":1080,\"caption\":\"Bobea\"},\"image\":{\"@id\":\"https:\/\/bobea.net\/#\/schema\/logo\/image\/\"},\"sameAs\":[\"https:\/\/web.facebook.com\/profile.php?id=61559252188416\"]},{\"@type\":\"Person\",\"@id\":\"https:\/\/bobea.net\/#\/schema\/person\/e7f45ef187918d7c956bf619dce90ccf\",\"name\":\"bobea.info\",\"image\":{\"@type\":\"ImageObject\",\"inLanguage\":\"fr-FR\",\"@id\":\"https:\/\/bobea.net\/#\/schema\/person\/image\/\",\"url\":\"https:\/\/secure.gravatar.com\/avatar\/36147980349df887ae30808df3e29474?s=96&d=mm&r=g\",\"contentUrl\":\"https:\/\/secure.gravatar.com\/avatar\/36147980349df887ae30808df3e29474?s=96&d=mm&r=g\",\"caption\":\"bobea.info\"},\"sameAs\":[\"https:\/\/bobea.net\"],\"url\":\"https:\/\/bobea.net\/index.php\/author\/bobea-info\/\"}]}<\/script>\n<!-- \/ Yoast SEO plugin. -->","yoast_head_json":{"title":"Washington presse l'Europe : vers un front commun contre l'alliance Chine-Russie en Ukraine - Bobea","description":"Jamais depuis la chute du mur de Berlin, l'Europe ne s'\u00e9tait retrouv\u00e9e face \u00e0 une telle responsabilit\u00e9 historique. Washington a fix\u00e9 la ligne","robots":{"index":"index","follow":"follow","max-snippet":"max-snippet:-1","max-image-preview":"max-image-preview:large","max-video-preview":"max-video-preview:-1"},"canonical":"https:\/\/bobea.net\/index.php\/2025\/09\/05\/washington-presse-leurope-vers-un-front-commun-contre-lalliance-chine-russie-en-ukraine\/","og_locale":"fr_FR","og_type":"article","og_title":"Washington presse l'Europe : vers un front commun contre l'alliance Chine-Russie en Ukraine - Bobea","og_description":"Jamais depuis la chute du mur de Berlin, l'Europe ne s'\u00e9tait retrouv\u00e9e face \u00e0 une telle responsabilit\u00e9 historique. Washington a fix\u00e9 la ligne","og_url":"https:\/\/bobea.net\/index.php\/2025\/09\/05\/washington-presse-leurope-vers-un-front-commun-contre-lalliance-chine-russie-en-ukraine\/","og_site_name":"Bobea","article_publisher":"https:\/\/web.facebook.com\/profile.php?id=61559252188416","article_published_time":"2025-09-05T07:15:01+00:00","article_modified_time":"2025-09-05T07:15:02+00:00","og_image":[{"width":1200,"height":800,"url":"https:\/\/bobea.net\/wp-content\/uploads\/2025\/09\/Enjeux-sommet-UE-Chine.png","type":"image\/png"}],"author":"bobea.info","twitter_card":"summary_large_image","twitter_misc":{"\u00c9crit par":"bobea.info","Dur\u00e9e de lecture estim\u00e9e":"3 minutes"},"schema":{"@context":"https:\/\/schema.org","@graph":[{"@type":"Article","@id":"https:\/\/bobea.net\/index.php\/2025\/09\/05\/washington-presse-leurope-vers-un-front-commun-contre-lalliance-chine-russie-en-ukraine\/#article","isPartOf":{"@id":"https:\/\/bobea.net\/index.php\/2025\/09\/05\/washington-presse-leurope-vers-un-front-commun-contre-lalliance-chine-russie-en-ukraine\/"},"author":{"name":"bobea.info","@id":"https:\/\/bobea.net\/#\/schema\/person\/e7f45ef187918d7c956bf619dce90ccf"},"headline":"Washington presse l\u2019Europe : vers un front commun contre l\u2019alliance Chine-Russie en Ukraine","datePublished":"2025-09-05T07:15:01+00:00","dateModified":"2025-09-05T07:15:02+00:00","mainEntityOfPage":{"@id":"https:\/\/bobea.net\/index.php\/2025\/09\/05\/washington-presse-leurope-vers-un-front-commun-contre-lalliance-chine-russie-en-ukraine\/"},"wordCount":571,"commentCount":0,"publisher":{"@id":"https:\/\/bobea.net\/#organization"},"image":{"@id":"https:\/\/bobea.net\/index.php\/2025\/09\/05\/washington-presse-leurope-vers-un-front-commun-contre-lalliance-chine-russie-en-ukraine\/#primaryimage"},"thumbnailUrl":"https:\/\/bobea.net\/wp-content\/uploads\/2025\/09\/Enjeux-sommet-UE-Chine.png","keywords":["Europe strat\u00e9gie","guerre en Ukraine 2025","OTAN Union europ\u00e9enne.","Poutine P\u00e9kin Ukraine","tensions internationales","Washington Chine Russie"],"articleSection":["On en Parle"],"inLanguage":"fr-FR","potentialAction":[{"@type":"CommentAction","name":"Comment","target":["https:\/\/bobea.net\/index.php\/2025\/09\/05\/washington-presse-leurope-vers-un-front-commun-contre-lalliance-chine-russie-en-ukraine\/#respond"]}]},{"@type":"WebPage","@id":"https:\/\/bobea.net\/index.php\/2025\/09\/05\/washington-presse-leurope-vers-un-front-commun-contre-lalliance-chine-russie-en-ukraine\/","url":"https:\/\/bobea.net\/index.php\/2025\/09\/05\/washington-presse-leurope-vers-un-front-commun-contre-lalliance-chine-russie-en-ukraine\/","name":"Washington presse l'Europe : vers un front commun contre l'alliance Chine-Russie en Ukraine - Bobea","isPartOf":{"@id":"https:\/\/bobea.net\/#website"},"primaryImageOfPage":{"@id":"https:\/\/bobea.net\/index.php\/2025\/09\/05\/washington-presse-leurope-vers-un-front-commun-contre-lalliance-chine-russie-en-ukraine\/#primaryimage"},"image":{"@id":"https:\/\/bobea.net\/index.php\/2025\/09\/05\/washington-presse-leurope-vers-un-front-commun-contre-lalliance-chine-russie-en-ukraine\/#primaryimage"},"thumbnailUrl":"https:\/\/bobea.net\/wp-content\/uploads\/2025\/09\/Enjeux-sommet-UE-Chine.png","datePublished":"2025-09-05T07:15:01+00:00","dateModified":"2025-09-05T07:15:02+00:00","description":"Jamais depuis la chute du mur de Berlin, l'Europe ne s'\u00e9tait retrouv\u00e9e face \u00e0 une telle responsabilit\u00e9 historique. Washington a fix\u00e9 la ligne","breadcrumb":{"@id":"https:\/\/bobea.net\/index.php\/2025\/09\/05\/washington-presse-leurope-vers-un-front-commun-contre-lalliance-chine-russie-en-ukraine\/#breadcrumb"},"inLanguage":"fr-FR","potentialAction":[{"@type":"ReadAction","target":["https:\/\/bobea.net\/index.php\/2025\/09\/05\/washington-presse-leurope-vers-un-front-commun-contre-lalliance-chine-russie-en-ukraine\/"]}]},{"@type":"ImageObject","inLanguage":"fr-FR","@id":"https:\/\/bobea.net\/index.php\/2025\/09\/05\/washington-presse-leurope-vers-un-front-commun-contre-lalliance-chine-russie-en-ukraine\/#primaryimage","url":"https:\/\/bobea.net\/wp-content\/uploads\/2025\/09\/Enjeux-sommet-UE-Chine.png","contentUrl":"https:\/\/bobea.net\/wp-content\/uploads\/2025\/09\/Enjeux-sommet-UE-Chine.png","width":1200,"height":800},{"@type":"BreadcrumbList","@id":"https:\/\/bobea.net\/index.php\/2025\/09\/05\/washington-presse-leurope-vers-un-front-commun-contre-lalliance-chine-russie-en-ukraine\/#breadcrumb","itemListElement":[{"@type":"ListItem","position":1,"name":"Accueil","item":"https:\/\/bobea.net\/"},{"@type":"ListItem","position":2,"name":"Washington presse l&rsquo;Europe : vers un front commun contre l&rsquo;alliance Chine-Russie en Ukraine"}]},{"@type":"WebSite","@id":"https:\/\/bobea.net\/#website","url":"https:\/\/bobea.net\/","name":"Bobea","description":"Le magazine de la nouvelle \u00c8ve","publisher":{"@id":"https:\/\/bobea.net\/#organization"},"potentialAction":[{"@type":"SearchAction","target":{"@type":"EntryPoint","urlTemplate":"https:\/\/bobea.net\/?s={search_term_string}"},"query-input":{"@type":"PropertyValueSpecification","valueRequired":true,"valueName":"search_term_string"}}],"inLanguage":"fr-FR"},{"@type":"Organization","@id":"https:\/\/bobea.net\/#organization","name":"Bobea","url":"https:\/\/bobea.net\/","logo":{"@type":"ImageObject","inLanguage":"fr-FR","@id":"https:\/\/bobea.net\/#\/schema\/logo\/image\/","url":"https:\/\/bobea.net\/wp-content\/uploads\/2024\/06\/bobea.jpg","contentUrl":"https:\/\/bobea.net\/wp-content\/uploads\/2024\/06\/bobea.jpg","width":1080,"height":1080,"caption":"Bobea"},"image":{"@id":"https:\/\/bobea.net\/#\/schema\/logo\/image\/"},"sameAs":["https:\/\/web.facebook.com\/profile.php?id=61559252188416"]},{"@type":"Person","@id":"https:\/\/bobea.net\/#\/schema\/person\/e7f45ef187918d7c956bf619dce90ccf","name":"bobea.info","image":{"@type":"ImageObject","inLanguage":"fr-FR","@id":"https:\/\/bobea.net\/#\/schema\/person\/image\/","url":"https:\/\/secure.gravatar.com\/avatar\/36147980349df887ae30808df3e29474?s=96&d=mm&r=g","contentUrl":"https:\/\/secure.gravatar.com\/avatar\/36147980349df887ae30808df3e29474?s=96&d=mm&r=g","caption":"bobea.info"},"sameAs":["https:\/\/bobea.net"],"url":"https:\/\/bobea.net\/index.php\/author\/bobea-info\/"}]}},"_links":{"self":[{"href":"https:\/\/bobea.net\/index.php\/wp-json\/wp\/v2\/posts\/24537"}],"collection":[{"href":"https:\/\/bobea.net\/index.php\/wp-json\/wp\/v2\/posts"}],"about":[{"href":"https:\/\/bobea.net\/index.php\/wp-json\/wp\/v2\/types\/post"}],"author":[{"embeddable":true,"href":"https:\/\/bobea.net\/index.php\/wp-json\/wp\/v2\/users\/1"}],"replies":[{"embeddable":true,"href":"https:\/\/bobea.net\/index.php\/wp-json\/wp\/v2\/comments?post=24537"}],"version-history":[{"count":1,"href":"https:\/\/bobea.net\/index.php\/wp-json\/wp\/v2\/posts\/24537\/revisions"}],"predecessor-version":[{"id":24540,"href":"https:\/\/bobea.net\/index.php\/wp-json\/wp\/v2\/posts\/24537\/revisions\/24540"}],"wp:featuredmedia":[{"embeddable":true,"href":"https:\/\/bobea.net\/index.php\/wp-json\/wp\/v2\/media\/24539"}],"wp:attachment":[{"href":"https:\/\/bobea.net\/index.php\/wp-json\/wp\/v2\/media?parent=24537"}],"wp:term":[{"taxonomy":"category","embeddable":true,"href":"https:\/\/bobea.net\/index.php\/wp-json\/wp\/v2\/categories?post=24537"},{"taxonomy":"post_tag","embeddable":true,"href":"https:\/\/bobea.net\/index.php\/wp-json\/wp\/v2\/tags?post=24537"}],"curies":[{"name":"wp","href":"https:\/\/api.w.org\/{rel}","templated":true}]}}