{"id":24168,"date":"2025-08-28T17:36:41","date_gmt":"2025-08-28T17:36:41","guid":{"rendered":"https:\/\/bobea.net\/?p=24168"},"modified":"2025-08-28T17:36:46","modified_gmt":"2025-08-28T17:36:46","slug":"tatouages-precoces-regrets-et-realites-dune-generation-entre-encre-et-liberte","status":"publish","type":"post","link":"https:\/\/bobea.net\/index.php\/2025\/08\/28\/tatouages-precoces-regrets-et-realites-dune-generation-entre-encre-et-liberte\/","title":{"rendered":"Tatouages pr\u00e9coces : regrets et r\u00e9alit\u00e9s d\u2019une g\u00e9n\u00e9ration entre encre et libert\u00e9"},"content":{"rendered":"\n<p><strong>Intro\u00adduc\u00adtion : le tatouage, un ph\u00e9nom\u00e8ne en pleine explo\u00adsion<\/strong><\/p>\n\n\n\n<p>Le tatouage est devenu un art de plus en plus int\u00e9\u00adgr\u00e9 dans la cul\u00adture jeune, sym\u00adbole d\u2019expression per\u00adson\u00adnelle et de lib\u00adert\u00e9. Pour\u00adtant, lorsque les pre\u00admiers dessins s\u2019impriment sur la peau d\u00e8s l\u2019adolescence, la ques\u00adtion des regrets se pose avec force. Com\u00adment con\u00adjuguer envie d\u2019affirmation de soi et risques d\u2019erreurs irr\u00e9versibles ?<\/p>\n\n\n\n<p><strong>Se tatouer \u00e0 16 ans : une d\u00e9ci\u00adsion port\u00e9e par le d\u00e9sir d\u2019identification<\/strong><\/p>\n\n\n\n<p>Pour de nom\u00adbreuses ado\u00adles\u00adcentes, se faire tatouer \u00e0 16 ans repr\u00e9sente une \u00e9tape mar\u00adquante de con\u00adstruc\u00adtion iden\u00adti\u00adtaire. Choix d\u2019un motif, sym\u00adbol\u00adique forte ou d\u00e9fi \u00e0 la norme, le tatouage est v\u00e9cu comme un acte d\u2019\u00e9mancipation. Pour\u00adtant, ce pas\u00adsage sous l\u2019encre pr\u00e9c\u00e8de sou\u00advent une p\u00e9ri\u00adode d\u2019\u00e9volution per\u00adson\u00adnelle intense, qui peut trans\u00adformer le regard sur ce corps d\u00e9sor\u00admais mar\u00adqu\u00e9.<\/p>\n\n\n\n<p><strong>Les regrets \u00e0 26 ans : quand l\u2019encre d\u00e9range<\/strong><\/p>\n\n\n\n<p>\u00c0 l\u2019\u00e2ge adulte, plusieurs jeunes femmes con\u00adfient leurs doutes et envies de se \u201cd\u00e9-tatouer\u201d. Des motifs apparus en p\u00e9ri\u00adode de tur\u00adbu\u00adlence \u00e9mo\u00adtion\u00adnelle ou d\u2019impulsivit\u00e9 devi\u00aden\u00adnent des sources d\u2019insatisfaction. Le proces\u00adsus de d\u00e9ta\u00adtouage, sou\u00advent co\u00fb\u00adteux et douloureux, est alors envis\u00adag\u00e9. Cette dou\u00adble r\u00e9al\u00adit\u00e9 illus\u00adtre la com\u00adplex\u00adit\u00e9 de l\u2019attachement \u00e0 ces mar\u00adques per\u00adma\u00adnentes sur la peau.<\/p>\n\n\n\n<p><strong>La r\u00e9al\u00adit\u00e9 m\u00e9di\u00adcale et esth\u00e9\u00adtique du d\u00e9ta\u00adtouage<\/strong><\/p>\n\n\n\n<p>Le d\u00e9ta\u00adtouage requiert sou\u00advent plusieurs s\u00e9ances laser, un suivi m\u00e9di\u00adcal rigoureux et de la patience. Les r\u00e9sul\u00adtats sont vari\u00adables et peu\u00advent laiss\u00ader des traces. Mal\u00adgr\u00e9 les avanc\u00e9es tech\u00adnologiques, la pru\u00addence reste de mise avant de franchir le pas du tatouage, surtout chez les plus jeunes.<\/p>\n\n\n\n<figure class=\"wp-block-image size-large\"><img loading=\"lazy\" decoding=\"async\" width=\"1024\" height=\"576\" src=\"https:\/\/bobea.net\/wp-content\/uploads\/2025\/08\/femme-tatouages-dos-bras-mains-1-1024x576.avif\" alt class=\"wp-image-24170\" srcset=\"https:\/\/bobea.net\/wp-content\/uploads\/2025\/08\/femme-tatouages-dos-bras-mains-1-1024x576.avif 1024w, https:\/\/bobea.net\/wp-content\/uploads\/2025\/08\/femme-tatouages-dos-bras-mains-1-300x169.avif 300w, https:\/\/bobea.net\/wp-content\/uploads\/2025\/08\/femme-tatouages-dos-bras-mains-1-768x432.avif 768w, https:\/\/bobea.net\/wp-content\/uploads\/2025\/08\/femme-tatouages-dos-bras-mains-1.avif 1250w\" sizes=\"(max-width: 1024px) 100vw, 1024px\"><\/figure>\n\n\n\n<p><strong>Con\u00adseils pour une d\u00e9marche \u00e9clair\u00e9e<\/strong><\/p>\n\n\n\n<p>Les pro\u00adfes\u00adsion\u00adnels de la beaut\u00e9 recom\u00adman\u00addent r\u00e9flex\u00adion, choix m\u00fbri et accom\u00adpa\u00adg\u00adne\u00adment per\u00adson\u00adnal\u00adis\u00e9 avant tout tatouage. L\u2019\u00e9ducation au corps et \u00e0 l\u2019image de soi est essen\u00adtielle pour \u00e9viter ces regrets futurs. Pour les jeunes femmes en qu\u00eate d\u2019expression, d\u2019autres formes artis\u00adtiques \u00e9ph\u00e9m\u00e8res ou r\u00e9versibles peu\u00advent \u00eatre explor\u00e9es.<\/p>\n\n\n\n<p><strong>Con\u00adclu\u00adsion : tatouer son corps, une d\u00e9marche respon\u00ads\u00adable<\/strong><\/p>\n\n\n\n<p>Le tatouage \u00e0 16 ans est un acte fort, charg\u00e9 d\u2019\u00e9motions, mais il m\u00e9rite une prise de con\u00adscience des con\u00ads\u00e9quences \u00e0 long terme. La g\u00e9n\u00e9ra\u00adtion 2025 est plus infor\u00adm\u00e9e et con\u00adsciente de ses choix : lib\u00adert\u00e9 ne rime pas avec pr\u00e9\u00adcip\u00adi\u00adta\u00adtion. Cul\u00adtiv\u00ader cette matu\u00adrit\u00e9 per\u00adme\u00adt\u00adtra d\u2019allier art cor\u00adporel et har\u00admonie per\u00adson\u00adnelle durable\u00adment.<\/p>\n","protected":false},"excerpt":{"rendered":"<p>Intro\u00adduc\u00adtion : le tatouage, un ph\u00e9nom\u00e8ne en pleine explo\u00adsion Le tatouage est devenu un art de plus en plus int\u00e9\u00adgr\u00e9 dans la cul\u00adture jeune, sym\u00adbole d\u2019expression per\u00adson\u00adnelle et de lib\u00adert\u00e9.\u2026 <\/p>\n","protected":false},"author":1,"featured_media":24171,"comment_status":"open","ping_status":"closed","sticky":false,"template":"","format":"standard","meta":{"wp_typography_post_enhancements_disabled":false,"footnotes":""},"categories":[73],"tags":[],"class_list":["post-24168","post","type-post","status-publish","format-standard","has-post-thumbnail","hentry","category-on-en-parle"],"yoast_head":"<!-- This site is optimized with the Yoast SEO plugin v24.7 - https:\/\/yoast.com\/wordpress\/plugins\/seo\/ -->\n<title>Tatouages pr\u00e9coces : regrets et r\u00e9alit\u00e9s d\u2019une g\u00e9n\u00e9ration entre encre et libert\u00e9 - Bobea<\/title>\n<meta name=\"description\" content=\"Le tatouage \u00e0 16 ans est un acte fort, charg\u00e9 d\u2019\u00e9motions, mais il m\u00e9rite une prise de conscience des cons\u00e9quences \u00e0 long terme\" \/>\n<meta name=\"robots\" content=\"index, follow, max-snippet:-1, max-image-preview:large, max-video-preview:-1\" \/>\n<link rel=\"canonical\" href=\"https:\/\/bobea.net\/index.php\/2025\/08\/28\/tatouages-precoces-regrets-et-realites-dune-generation-entre-encre-et-liberte\/\" \/>\n<meta property=\"og:locale\" content=\"fr_FR\" \/>\n<meta property=\"og:type\" content=\"article\" \/>\n<meta property=\"og:title\" content=\"Tatouages pr\u00e9coces : regrets et r\u00e9alit\u00e9s d\u2019une g\u00e9n\u00e9ration entre encre et libert\u00e9 - Bobea\" \/>\n<meta property=\"og:description\" content=\"Le tatouage \u00e0 16 ans est un acte fort, charg\u00e9 d\u2019\u00e9motions, mais il m\u00e9rite une prise de conscience des cons\u00e9quences \u00e0 long terme\" \/>\n<meta property=\"og:url\" content=\"https:\/\/bobea.net\/index.php\/2025\/08\/28\/tatouages-precoces-regrets-et-realites-dune-generation-entre-encre-et-liberte\/\" \/>\n<meta property=\"og:site_name\" content=\"Bobea\" \/>\n<meta property=\"article:publisher\" content=\"https:\/\/web.facebook.com\/profile.php?id=61559252188416\" \/>\n<meta property=\"article:published_time\" content=\"2025-08-28T17:36:41+00:00\" \/>\n<meta property=\"article:modified_time\" content=\"2025-08-28T17:36:46+00:00\" \/>\n<meta property=\"og:image\" content=\"https:\/\/bobea.net\/wp-content\/uploads\/2025\/08\/tatoueur-paris.webp\" \/>\n\t<meta property=\"og:image:width\" content=\"1200\" \/>\n\t<meta property=\"og:image:height\" content=\"729\" \/>\n\t<meta property=\"og:image:type\" content=\"image\/webp\" \/>\n<meta name=\"author\" content=\"bobea.info\" \/>\n<meta name=\"twitter:card\" content=\"summary_large_image\" \/>\n<meta name=\"twitter:label1\" content=\"\u00c9crit par\" \/>\n\t<meta name=\"twitter:data1\" content=\"bobea.info\" \/>\n\t<meta name=\"twitter:label2\" content=\"Dur\u00e9e de lecture estim\u00e9e\" \/>\n\t<meta name=\"twitter:data2\" content=\"3 minutes\" \/>\n<script type=\"application\/ld+json\" class=\"yoast-schema-graph\">{\"@context\":\"https:\/\/schema.org\",\"@graph\":[{\"@type\":\"Article\",\"@id\":\"https:\/\/bobea.net\/index.php\/2025\/08\/28\/tatouages-precoces-regrets-et-realites-dune-generation-entre-encre-et-liberte\/#article\",\"isPartOf\":{\"@id\":\"https:\/\/bobea.net\/index.php\/2025\/08\/28\/tatouages-precoces-regrets-et-realites-dune-generation-entre-encre-et-liberte\/\"},\"author\":{\"name\":\"bobea.info\",\"@id\":\"https:\/\/bobea.net\/#\/schema\/person\/e7f45ef187918d7c956bf619dce90ccf\"},\"headline\":\"Tatouages pr\u00e9coces : regrets et r\u00e9alit\u00e9s d\u2019une g\u00e9n\u00e9ration entre encre et libert\u00e9\",\"datePublished\":\"2025-08-28T17:36:41+00:00\",\"dateModified\":\"2025-08-28T17:36:46+00:00\",\"mainEntityOfPage\":{\"@id\":\"https:\/\/bobea.net\/index.php\/2025\/08\/28\/tatouages-precoces-regrets-et-realites-dune-generation-entre-encre-et-liberte\/\"},\"wordCount\":420,\"commentCount\":0,\"publisher\":{\"@id\":\"https:\/\/bobea.net\/#organization\"},\"image\":{\"@id\":\"https:\/\/bobea.net\/index.php\/2025\/08\/28\/tatouages-precoces-regrets-et-realites-dune-generation-entre-encre-et-liberte\/#primaryimage\"},\"thumbnailUrl\":\"https:\/\/bobea.net\/wp-content\/uploads\/2025\/08\/tatoueur-paris.webp\",\"articleSection\":[\"On en Parle\"],\"inLanguage\":\"fr-FR\",\"potentialAction\":[{\"@type\":\"CommentAction\",\"name\":\"Comment\",\"target\":[\"https:\/\/bobea.net\/index.php\/2025\/08\/28\/tatouages-precoces-regrets-et-realites-dune-generation-entre-encre-et-liberte\/#respond\"]}]},{\"@type\":\"WebPage\",\"@id\":\"https:\/\/bobea.net\/index.php\/2025\/08\/28\/tatouages-precoces-regrets-et-realites-dune-generation-entre-encre-et-liberte\/\",\"url\":\"https:\/\/bobea.net\/index.php\/2025\/08\/28\/tatouages-precoces-regrets-et-realites-dune-generation-entre-encre-et-liberte\/\",\"name\":\"Tatouages pr\u00e9coces : regrets et r\u00e9alit\u00e9s d\u2019une g\u00e9n\u00e9ration entre encre et libert\u00e9 - Bobea\",\"isPartOf\":{\"@id\":\"https:\/\/bobea.net\/#website\"},\"primaryImageOfPage\":{\"@id\":\"https:\/\/bobea.net\/index.php\/2025\/08\/28\/tatouages-precoces-regrets-et-realites-dune-generation-entre-encre-et-liberte\/#primaryimage\"},\"image\":{\"@id\":\"https:\/\/bobea.net\/index.php\/2025\/08\/28\/tatouages-precoces-regrets-et-realites-dune-generation-entre-encre-et-liberte\/#primaryimage\"},\"thumbnailUrl\":\"https:\/\/bobea.net\/wp-content\/uploads\/2025\/08\/tatoueur-paris.webp\",\"datePublished\":\"2025-08-28T17:36:41+00:00\",\"dateModified\":\"2025-08-28T17:36:46+00:00\",\"description\":\"Le tatouage \u00e0 16 ans est un acte fort, charg\u00e9 d\u2019\u00e9motions, mais il m\u00e9rite une prise de conscience des cons\u00e9quences \u00e0 long terme\",\"breadcrumb\":{\"@id\":\"https:\/\/bobea.net\/index.php\/2025\/08\/28\/tatouages-precoces-regrets-et-realites-dune-generation-entre-encre-et-liberte\/#breadcrumb\"},\"inLanguage\":\"fr-FR\",\"potentialAction\":[{\"@type\":\"ReadAction\",\"target\":[\"https:\/\/bobea.net\/index.php\/2025\/08\/28\/tatouages-precoces-regrets-et-realites-dune-generation-entre-encre-et-liberte\/\"]}]},{\"@type\":\"ImageObject\",\"inLanguage\":\"fr-FR\",\"@id\":\"https:\/\/bobea.net\/index.php\/2025\/08\/28\/tatouages-precoces-regrets-et-realites-dune-generation-entre-encre-et-liberte\/#primaryimage\",\"url\":\"https:\/\/bobea.net\/wp-content\/uploads\/2025\/08\/tatoueur-paris.webp\",\"contentUrl\":\"https:\/\/bobea.net\/wp-content\/uploads\/2025\/08\/tatoueur-paris.webp\",\"width\":1200,\"height\":729},{\"@type\":\"BreadcrumbList\",\"@id\":\"https:\/\/bobea.net\/index.php\/2025\/08\/28\/tatouages-precoces-regrets-et-realites-dune-generation-entre-encre-et-liberte\/#breadcrumb\",\"itemListElement\":[{\"@type\":\"ListItem\",\"position\":1,\"name\":\"Accueil\",\"item\":\"https:\/\/bobea.net\/\"},{\"@type\":\"ListItem\",\"position\":2,\"name\":\"Tatouages pr\u00e9coces : regrets et r\u00e9alit\u00e9s d\u2019une g\u00e9n\u00e9ration entre encre et libert\u00e9\"}]},{\"@type\":\"WebSite\",\"@id\":\"https:\/\/bobea.net\/#website\",\"url\":\"https:\/\/bobea.net\/\",\"name\":\"Bobea\",\"description\":\"Le magazine de la nouvelle \u00c8ve\",\"publisher\":{\"@id\":\"https:\/\/bobea.net\/#organization\"},\"potentialAction\":[{\"@type\":\"SearchAction\",\"target\":{\"@type\":\"EntryPoint\",\"urlTemplate\":\"https:\/\/bobea.net\/?s={search_term_string}\"},\"query-input\":{\"@type\":\"PropertyValueSpecification\",\"valueRequired\":true,\"valueName\":\"search_term_string\"}}],\"inLanguage\":\"fr-FR\"},{\"@type\":\"Organization\",\"@id\":\"https:\/\/bobea.net\/#organization\",\"name\":\"Bobea\",\"url\":\"https:\/\/bobea.net\/\",\"logo\":{\"@type\":\"ImageObject\",\"inLanguage\":\"fr-FR\",\"@id\":\"https:\/\/bobea.net\/#\/schema\/logo\/image\/\",\"url\":\"https:\/\/bobea.net\/wp-content\/uploads\/2024\/06\/bobea.jpg\",\"contentUrl\":\"https:\/\/bobea.net\/wp-content\/uploads\/2024\/06\/bobea.jpg\",\"width\":1080,\"height\":1080,\"caption\":\"Bobea\"},\"image\":{\"@id\":\"https:\/\/bobea.net\/#\/schema\/logo\/image\/\"},\"sameAs\":[\"https:\/\/web.facebook.com\/profile.php?id=61559252188416\"]},{\"@type\":\"Person\",\"@id\":\"https:\/\/bobea.net\/#\/schema\/person\/e7f45ef187918d7c956bf619dce90ccf\",\"name\":\"bobea.info\",\"image\":{\"@type\":\"ImageObject\",\"inLanguage\":\"fr-FR\",\"@id\":\"https:\/\/bobea.net\/#\/schema\/person\/image\/\",\"url\":\"https:\/\/secure.gravatar.com\/avatar\/36147980349df887ae30808df3e29474?s=96&d=mm&r=g\",\"contentUrl\":\"https:\/\/secure.gravatar.com\/avatar\/36147980349df887ae30808df3e29474?s=96&d=mm&r=g\",\"caption\":\"bobea.info\"},\"sameAs\":[\"https:\/\/bobea.net\"],\"url\":\"https:\/\/bobea.net\/index.php\/author\/bobea-info\/\"}]}<\/script>\n<!-- \/ Yoast SEO plugin. -->","yoast_head_json":{"title":"Tatouages pr\u00e9coces : regrets et r\u00e9alit\u00e9s d\u2019une g\u00e9n\u00e9ration entre encre et libert\u00e9 - Bobea","description":"Le tatouage \u00e0 16 ans est un acte fort, charg\u00e9 d\u2019\u00e9motions, mais il m\u00e9rite une prise de conscience des cons\u00e9quences \u00e0 long terme","robots":{"index":"index","follow":"follow","max-snippet":"max-snippet:-1","max-image-preview":"max-image-preview:large","max-video-preview":"max-video-preview:-1"},"canonical":"https:\/\/bobea.net\/index.php\/2025\/08\/28\/tatouages-precoces-regrets-et-realites-dune-generation-entre-encre-et-liberte\/","og_locale":"fr_FR","og_type":"article","og_title":"Tatouages pr\u00e9coces : regrets et r\u00e9alit\u00e9s d\u2019une g\u00e9n\u00e9ration entre encre et libert\u00e9 - Bobea","og_description":"Le tatouage \u00e0 16 ans est un acte fort, charg\u00e9 d\u2019\u00e9motions, mais il m\u00e9rite une prise de conscience des cons\u00e9quences \u00e0 long terme","og_url":"https:\/\/bobea.net\/index.php\/2025\/08\/28\/tatouages-precoces-regrets-et-realites-dune-generation-entre-encre-et-liberte\/","og_site_name":"Bobea","article_publisher":"https:\/\/web.facebook.com\/profile.php?id=61559252188416","article_published_time":"2025-08-28T17:36:41+00:00","article_modified_time":"2025-08-28T17:36:46+00:00","og_image":[{"width":1200,"height":729,"url":"https:\/\/bobea.net\/wp-content\/uploads\/2025\/08\/tatoueur-paris.webp","type":"image\/webp"}],"author":"bobea.info","twitter_card":"summary_large_image","twitter_misc":{"\u00c9crit par":"bobea.info","Dur\u00e9e de lecture estim\u00e9e":"3 minutes"},"schema":{"@context":"https:\/\/schema.org","@graph":[{"@type":"Article","@id":"https:\/\/bobea.net\/index.php\/2025\/08\/28\/tatouages-precoces-regrets-et-realites-dune-generation-entre-encre-et-liberte\/#article","isPartOf":{"@id":"https:\/\/bobea.net\/index.php\/2025\/08\/28\/tatouages-precoces-regrets-et-realites-dune-generation-entre-encre-et-liberte\/"},"author":{"name":"bobea.info","@id":"https:\/\/bobea.net\/#\/schema\/person\/e7f45ef187918d7c956bf619dce90ccf"},"headline":"Tatouages pr\u00e9coces : regrets et r\u00e9alit\u00e9s d\u2019une g\u00e9n\u00e9ration entre encre et libert\u00e9","datePublished":"2025-08-28T17:36:41+00:00","dateModified":"2025-08-28T17:36:46+00:00","mainEntityOfPage":{"@id":"https:\/\/bobea.net\/index.php\/2025\/08\/28\/tatouages-precoces-regrets-et-realites-dune-generation-entre-encre-et-liberte\/"},"wordCount":420,"commentCount":0,"publisher":{"@id":"https:\/\/bobea.net\/#organization"},"image":{"@id":"https:\/\/bobea.net\/index.php\/2025\/08\/28\/tatouages-precoces-regrets-et-realites-dune-generation-entre-encre-et-liberte\/#primaryimage"},"thumbnailUrl":"https:\/\/bobea.net\/wp-content\/uploads\/2025\/08\/tatoueur-paris.webp","articleSection":["On en Parle"],"inLanguage":"fr-FR","potentialAction":[{"@type":"CommentAction","name":"Comment","target":["https:\/\/bobea.net\/index.php\/2025\/08\/28\/tatouages-precoces-regrets-et-realites-dune-generation-entre-encre-et-liberte\/#respond"]}]},{"@type":"WebPage","@id":"https:\/\/bobea.net\/index.php\/2025\/08\/28\/tatouages-precoces-regrets-et-realites-dune-generation-entre-encre-et-liberte\/","url":"https:\/\/bobea.net\/index.php\/2025\/08\/28\/tatouages-precoces-regrets-et-realites-dune-generation-entre-encre-et-liberte\/","name":"Tatouages pr\u00e9coces : regrets et r\u00e9alit\u00e9s d\u2019une g\u00e9n\u00e9ration entre encre et libert\u00e9 - Bobea","isPartOf":{"@id":"https:\/\/bobea.net\/#website"},"primaryImageOfPage":{"@id":"https:\/\/bobea.net\/index.php\/2025\/08\/28\/tatouages-precoces-regrets-et-realites-dune-generation-entre-encre-et-liberte\/#primaryimage"},"image":{"@id":"https:\/\/bobea.net\/index.php\/2025\/08\/28\/tatouages-precoces-regrets-et-realites-dune-generation-entre-encre-et-liberte\/#primaryimage"},"thumbnailUrl":"https:\/\/bobea.net\/wp-content\/uploads\/2025\/08\/tatoueur-paris.webp","datePublished":"2025-08-28T17:36:41+00:00","dateModified":"2025-08-28T17:36:46+00:00","description":"Le tatouage \u00e0 16 ans est un acte fort, charg\u00e9 d\u2019\u00e9motions, mais il m\u00e9rite une prise de conscience des cons\u00e9quences \u00e0 long terme","breadcrumb":{"@id":"https:\/\/bobea.net\/index.php\/2025\/08\/28\/tatouages-precoces-regrets-et-realites-dune-generation-entre-encre-et-liberte\/#breadcrumb"},"inLanguage":"fr-FR","potentialAction":[{"@type":"ReadAction","target":["https:\/\/bobea.net\/index.php\/2025\/08\/28\/tatouages-precoces-regrets-et-realites-dune-generation-entre-encre-et-liberte\/"]}]},{"@type":"ImageObject","inLanguage":"fr-FR","@id":"https:\/\/bobea.net\/index.php\/2025\/08\/28\/tatouages-precoces-regrets-et-realites-dune-generation-entre-encre-et-liberte\/#primaryimage","url":"https:\/\/bobea.net\/wp-content\/uploads\/2025\/08\/tatoueur-paris.webp","contentUrl":"https:\/\/bobea.net\/wp-content\/uploads\/2025\/08\/tatoueur-paris.webp","width":1200,"height":729},{"@type":"BreadcrumbList","@id":"https:\/\/bobea.net\/index.php\/2025\/08\/28\/tatouages-precoces-regrets-et-realites-dune-generation-entre-encre-et-liberte\/#breadcrumb","itemListElement":[{"@type":"ListItem","position":1,"name":"Accueil","item":"https:\/\/bobea.net\/"},{"@type":"ListItem","position":2,"name":"Tatouages pr\u00e9coces : regrets et r\u00e9alit\u00e9s d\u2019une g\u00e9n\u00e9ration entre encre et libert\u00e9"}]},{"@type":"WebSite","@id":"https:\/\/bobea.net\/#website","url":"https:\/\/bobea.net\/","name":"Bobea","description":"Le magazine de la nouvelle \u00c8ve","publisher":{"@id":"https:\/\/bobea.net\/#organization"},"potentialAction":[{"@type":"SearchAction","target":{"@type":"EntryPoint","urlTemplate":"https:\/\/bobea.net\/?s={search_term_string}"},"query-input":{"@type":"PropertyValueSpecification","valueRequired":true,"valueName":"search_term_string"}}],"inLanguage":"fr-FR"},{"@type":"Organization","@id":"https:\/\/bobea.net\/#organization","name":"Bobea","url":"https:\/\/bobea.net\/","logo":{"@type":"ImageObject","inLanguage":"fr-FR","@id":"https:\/\/bobea.net\/#\/schema\/logo\/image\/","url":"https:\/\/bobea.net\/wp-content\/uploads\/2024\/06\/bobea.jpg","contentUrl":"https:\/\/bobea.net\/wp-content\/uploads\/2024\/06\/bobea.jpg","width":1080,"height":1080,"caption":"Bobea"},"image":{"@id":"https:\/\/bobea.net\/#\/schema\/logo\/image\/"},"sameAs":["https:\/\/web.facebook.com\/profile.php?id=61559252188416"]},{"@type":"Person","@id":"https:\/\/bobea.net\/#\/schema\/person\/e7f45ef187918d7c956bf619dce90ccf","name":"bobea.info","image":{"@type":"ImageObject","inLanguage":"fr-FR","@id":"https:\/\/bobea.net\/#\/schema\/person\/image\/","url":"https:\/\/secure.gravatar.com\/avatar\/36147980349df887ae30808df3e29474?s=96&d=mm&r=g","contentUrl":"https:\/\/secure.gravatar.com\/avatar\/36147980349df887ae30808df3e29474?s=96&d=mm&r=g","caption":"bobea.info"},"sameAs":["https:\/\/bobea.net"],"url":"https:\/\/bobea.net\/index.php\/author\/bobea-info\/"}]}},"_links":{"self":[{"href":"https:\/\/bobea.net\/index.php\/wp-json\/wp\/v2\/posts\/24168"}],"collection":[{"href":"https:\/\/bobea.net\/index.php\/wp-json\/wp\/v2\/posts"}],"about":[{"href":"https:\/\/bobea.net\/index.php\/wp-json\/wp\/v2\/types\/post"}],"author":[{"embeddable":true,"href":"https:\/\/bobea.net\/index.php\/wp-json\/wp\/v2\/users\/1"}],"replies":[{"embeddable":true,"href":"https:\/\/bobea.net\/index.php\/wp-json\/wp\/v2\/comments?post=24168"}],"version-history":[{"count":1,"href":"https:\/\/bobea.net\/index.php\/wp-json\/wp\/v2\/posts\/24168\/revisions"}],"predecessor-version":[{"id":24172,"href":"https:\/\/bobea.net\/index.php\/wp-json\/wp\/v2\/posts\/24168\/revisions\/24172"}],"wp:featuredmedia":[{"embeddable":true,"href":"https:\/\/bobea.net\/index.php\/wp-json\/wp\/v2\/media\/24171"}],"wp:attachment":[{"href":"https:\/\/bobea.net\/index.php\/wp-json\/wp\/v2\/media?parent=24168"}],"wp:term":[{"taxonomy":"category","embeddable":true,"href":"https:\/\/bobea.net\/index.php\/wp-json\/wp\/v2\/categories?post=24168"},{"taxonomy":"post_tag","embeddable":true,"href":"https:\/\/bobea.net\/index.php\/wp-json\/wp\/v2\/tags?post=24168"}],"curies":[{"name":"wp","href":"https:\/\/api.w.org\/{rel}","templated":true}]}}