{"id":24070,"date":"2025-08-27T16:48:51","date_gmt":"2025-08-27T16:48:51","guid":{"rendered":"https:\/\/bobea.net\/?p=24070"},"modified":"2025-08-27T16:48:52","modified_gmt":"2025-08-27T16:48:52","slug":"la-beaute-naturelle-des-femmes-noires-du-bresil-un-vent-de-fierte-et-de-rebellion","status":"publish","type":"post","link":"https:\/\/bobea.net\/index.php\/2025\/08\/27\/la-beaute-naturelle-des-femmes-noires-du-bresil-un-vent-de-fierte-et-de-rebellion\/","title":{"rendered":"La beaut\u00e9 naturelle des femmes noires du Br\u00e9sil \u2013 un vent de fiert\u00e9 et de r\u00e9bellion"},"content":{"rendered":"\n<p><strong>La mon\u00adt\u00e9e d\u2019une esth\u00e9\u00adtique d\u00e9com\u00adplex\u00e9e<\/strong><\/p>\n\n\n\n<p>Au c\u0153ur du Br\u00e9sil, une trans\u00adfor\u00adma\u00adtion pro\u00adfonde s\u2019op\u00e8re : les femmes noires et m\u00e9tis\u00ads\u00e9es revendiquent d\u00e9sor\u00admais fi\u00e8re\u00adment leur beaut\u00e9 naturelle, apr\u00e8s des d\u00e9cen\u00adnies d\u2019influence h\u00e9g\u00e9\u00admonique de crit\u00e8res occi\u00adden\u00adtaux. Finie l\u2019\u00e9poque o\u00f9 liss\u00ader ses cheveux \u00e9tait la norme pour entr\u00ader dans une cer\u00adtaine soci\u00e9t\u00e9, elles c\u00e9l\u00e8brent leurs cheveux afro, leurs tress\u00ades tra\u00addi\u00adtion\u00adnelles et leur couleur de peau avec un amour retrou\u00adv\u00e9.<\/p>\n\n\n\n<p><strong>His\u00adtoire et poids des normes<\/strong><\/p>\n\n\n\n<p>Au Br\u00e9sil, pays \u00e0 la fois mul\u00adti\u00adeth\u00adnique et mar\u00adqu\u00e9 par des in\u00e9\u00adgal\u00adit\u00e9s tr\u00e8s fortes, la beaut\u00e9 a longtemps \u00e9t\u00e9 une norme blanche impos\u00e9e, dic\u00adt\u00e9e par une \u00e9lite socio-cul\u00adturelle. Cette sit\u00adu\u00ada\u00adtion a engen\u00addr\u00e9 chez beau\u00adcoup de femmes noires un com\u00adplexe de peau et de cheveux, avec des pra\u00adtiques d\u2019\u00e9claircissement et de d\u00e9fris\u00adage mas\u00adsives. Mais la ten\u00addance est en train de s\u2019inverser rad\u00adi\u00adcale\u00adment aujourd\u2019hui.<\/p>\n\n\n\n<p><strong>Une r\u00e9vo\u00adlu\u00adtion inclu\u00adsive<\/strong><\/p>\n\n\n\n<p>Le mou\u00adve\u00adment de la beaut\u00e9 naturelle s\u2019accompagne d\u2019une explo\u00adsion cul\u00adturelle o\u00f9 les femmes noires choi\u00adsis\u00adsent de s\u2019exposer telles qu\u2019elles sont. Tress\u00ades hautes, afros volu\u00admineux, tex\u00adtures naturelles sont d\u00e9sor\u00admais mis\u00ades en avant dans les m\u00e9dias, salons de beaut\u00e9 et d\u00e9fil\u00e9s. Ce change\u00adment sym\u00adbol\u00adique est aus\u00adsi une forme de r\u00e9sis\u00adtance con\u00adtre le racisme et les dis\u00adcrim\u00adi\u00adna\u00adtions per\u00adsis\u00adtantes.<\/p>\n\n\n\n<figure class=\"wp-block-image size-full is-resized\"><img loading=\"lazy\" decoding=\"async\" width=\"626\" height=\"417\" src=\"https:\/\/bobea.net\/wp-content\/uploads\/2025\/08\/portrait-femme-shampooing-pour-cheveux-boucles_23-2151307498.avif\" alt class=\"wp-image-24072\" style=\"width:840px;height:auto\" srcset=\"https:\/\/bobea.net\/wp-content\/uploads\/2025\/08\/portrait-femme-shampooing-pour-cheveux-boucles_23-2151307498.avif 626w, https:\/\/bobea.net\/wp-content\/uploads\/2025\/08\/portrait-femme-shampooing-pour-cheveux-boucles_23-2151307498-300x200.avif 300w\" sizes=\"(max-width: 626px) 100vw, 626px\"><\/figure>\n\n\n\n<p><strong>Impact \u00e9conomique et social<\/strong><\/p>\n\n\n\n<p>Les revenus des Noirs et m\u00e9tis br\u00e9siliens ayant aug\u00admen\u00adt\u00e9 sig\u00adni\u00adfica\u00adtive\u00adment depuis le d\u00e9but du si\u00e8\u00adcle, leur par\u00adtic\u00adi\u00adpa\u00adtion au march\u00e9 de la beaut\u00e9 s\u2019inscrit dans une per\u00adspec\u00adtive \u00e9conomique nou\u00advelle et pleine d\u2019espoir. Toute\u00adfois, les dis\u00adpar\u00adit\u00e9s restent impor\u00adtantes, et la route vers une pleine \u00e9gal\u00adit\u00e9 est encore longue.<\/p>\n\n\n\n<p><strong>Mes\u00adsage pour les femmes BOBEA<\/strong><\/p>\n\n\n\n<p>La fiert\u00e9 d\u2019une iden\u00adtit\u00e9 naturelle ne se lim\u00adite pas au Br\u00e9sil. Cette ten\u00addance inspire aus\u00adsi les lec\u00adtri\u00adces BOBEA, qui veu\u00adlent s\u2019affirmer, se lib\u00e9r\u00ader et incar\u00adn\u00ader pleine\u00adment leur h\u00e9ritage cul\u00adturel. Adopter la beaut\u00e9 naturelle est un acte fort, une d\u00e9c\u00adla\u00adra\u00adtion d\u2019amour \u00e0 soi-m\u00eame et une r\u00e9volte douce mais d\u00e9ter\u00admin\u00e9e con\u00adtre les normes oppres\u00adsives.<\/p>\n","protected":false},"excerpt":{"rendered":"<p>La mon\u00adt\u00e9e d\u2019une esth\u00e9\u00adtique d\u00e9com\u00adplex\u00e9e Au c\u0153ur du Br\u00e9sil, une trans\u00adfor\u00adma\u00adtion pro\u00adfonde s\u2019op\u00e8re : les femmes noires et m\u00e9tis\u00ads\u00e9es revendiquent d\u00e9sor\u00admais fi\u00e8re\u00adment leur beaut\u00e9 naturelle, apr\u00e8s des d\u00e9cen\u00adnies d\u2019influence h\u00e9g\u00e9\u00admonique\u2026 <\/p>\n","protected":false},"author":1,"featured_media":24071,"comment_status":"open","ping_status":"closed","sticky":false,"template":"","format":"standard","meta":{"wp_typography_post_enhancements_disabled":false,"footnotes":""},"categories":[51],"tags":[],"class_list":["post-24070","post","type-post","status-publish","format-standard","has-post-thumbnail","hentry","category-beaute"],"yoast_head":"<!-- This site is optimized with the Yoast SEO plugin v24.7 - https:\/\/yoast.com\/wordpress\/plugins\/seo\/ -->\n<title>La beaut\u00e9 naturelle des femmes noires du Br\u00e9sil \u2013 un vent de fiert\u00e9 et de r\u00e9bellion - Bobea<\/title>\n<meta name=\"description\" content=\"La fiert\u00e9 d\u2019une identit\u00e9 naturelle ne se limite pas au Br\u00e9sil. Cette tendance inspire aussi les lectrices BOBEA, qui veulent s\u2019affirmer\" \/>\n<meta name=\"robots\" content=\"index, follow, max-snippet:-1, max-image-preview:large, max-video-preview:-1\" \/>\n<link rel=\"canonical\" href=\"https:\/\/bobea.net\/index.php\/2025\/08\/27\/la-beaute-naturelle-des-femmes-noires-du-bresil-un-vent-de-fierte-et-de-rebellion\/\" \/>\n<meta property=\"og:locale\" content=\"fr_FR\" \/>\n<meta property=\"og:type\" content=\"article\" \/>\n<meta property=\"og:title\" content=\"La beaut\u00e9 naturelle des femmes noires du Br\u00e9sil \u2013 un vent de fiert\u00e9 et de r\u00e9bellion - Bobea\" \/>\n<meta property=\"og:description\" content=\"La fiert\u00e9 d\u2019une identit\u00e9 naturelle ne se limite pas au Br\u00e9sil. Cette tendance inspire aussi les lectrices BOBEA, qui veulent s\u2019affirmer\" \/>\n<meta property=\"og:url\" content=\"https:\/\/bobea.net\/index.php\/2025\/08\/27\/la-beaute-naturelle-des-femmes-noires-du-bresil-un-vent-de-fierte-et-de-rebellion\/\" \/>\n<meta property=\"og:site_name\" content=\"Bobea\" \/>\n<meta property=\"article:publisher\" content=\"https:\/\/web.facebook.com\/profile.php?id=61559252188416\" \/>\n<meta property=\"article:published_time\" content=\"2025-08-27T16:48:51+00:00\" \/>\n<meta property=\"article:modified_time\" content=\"2025-08-27T16:48:52+00:00\" \/>\n<meta name=\"author\" content=\"bobea.info\" \/>\n<meta name=\"twitter:card\" content=\"summary_large_image\" \/>\n<meta name=\"twitter:label1\" content=\"\u00c9crit par\" \/>\n\t<meta name=\"twitter:data1\" content=\"bobea.info\" \/>\n\t<meta name=\"twitter:label2\" content=\"Dur\u00e9e de lecture estim\u00e9e\" \/>\n\t<meta name=\"twitter:data2\" content=\"2 minutes\" \/>\n<script type=\"application\/ld+json\" class=\"yoast-schema-graph\">{\"@context\":\"https:\/\/schema.org\",\"@graph\":[{\"@type\":\"Article\",\"@id\":\"https:\/\/bobea.net\/index.php\/2025\/08\/27\/la-beaute-naturelle-des-femmes-noires-du-bresil-un-vent-de-fierte-et-de-rebellion\/#article\",\"isPartOf\":{\"@id\":\"https:\/\/bobea.net\/index.php\/2025\/08\/27\/la-beaute-naturelle-des-femmes-noires-du-bresil-un-vent-de-fierte-et-de-rebellion\/\"},\"author\":{\"name\":\"bobea.info\",\"@id\":\"https:\/\/bobea.net\/#\/schema\/person\/e7f45ef187918d7c956bf619dce90ccf\"},\"headline\":\"La beaut\u00e9 naturelle des femmes noires du Br\u00e9sil \u2013 un vent de fiert\u00e9 et de r\u00e9bellion\",\"datePublished\":\"2025-08-27T16:48:51+00:00\",\"dateModified\":\"2025-08-27T16:48:52+00:00\",\"mainEntityOfPage\":{\"@id\":\"https:\/\/bobea.net\/index.php\/2025\/08\/27\/la-beaute-naturelle-des-femmes-noires-du-bresil-un-vent-de-fierte-et-de-rebellion\/\"},\"wordCount\":372,\"commentCount\":0,\"publisher\":{\"@id\":\"https:\/\/bobea.net\/#organization\"},\"image\":{\"@id\":\"https:\/\/bobea.net\/index.php\/2025\/08\/27\/la-beaute-naturelle-des-femmes-noires-du-bresil-un-vent-de-fierte-et-de-rebellion\/#primaryimage\"},\"thumbnailUrl\":\"https:\/\/bobea.net\/wp-content\/uploads\/2025\/08\/portrait-femme-shampooing-pour-cheveux-boucles_23-2151307536.avif\",\"articleSection\":[\"Beaut\u00e9\"],\"inLanguage\":\"fr-FR\",\"potentialAction\":[{\"@type\":\"CommentAction\",\"name\":\"Comment\",\"target\":[\"https:\/\/bobea.net\/index.php\/2025\/08\/27\/la-beaute-naturelle-des-femmes-noires-du-bresil-un-vent-de-fierte-et-de-rebellion\/#respond\"]}]},{\"@type\":\"WebPage\",\"@id\":\"https:\/\/bobea.net\/index.php\/2025\/08\/27\/la-beaute-naturelle-des-femmes-noires-du-bresil-un-vent-de-fierte-et-de-rebellion\/\",\"url\":\"https:\/\/bobea.net\/index.php\/2025\/08\/27\/la-beaute-naturelle-des-femmes-noires-du-bresil-un-vent-de-fierte-et-de-rebellion\/\",\"name\":\"La beaut\u00e9 naturelle des femmes noires du Br\u00e9sil \u2013 un vent de fiert\u00e9 et de r\u00e9bellion - Bobea\",\"isPartOf\":{\"@id\":\"https:\/\/bobea.net\/#website\"},\"primaryImageOfPage\":{\"@id\":\"https:\/\/bobea.net\/index.php\/2025\/08\/27\/la-beaute-naturelle-des-femmes-noires-du-bresil-un-vent-de-fierte-et-de-rebellion\/#primaryimage\"},\"image\":{\"@id\":\"https:\/\/bobea.net\/index.php\/2025\/08\/27\/la-beaute-naturelle-des-femmes-noires-du-bresil-un-vent-de-fierte-et-de-rebellion\/#primaryimage\"},\"thumbnailUrl\":\"https:\/\/bobea.net\/wp-content\/uploads\/2025\/08\/portrait-femme-shampooing-pour-cheveux-boucles_23-2151307536.avif\",\"datePublished\":\"2025-08-27T16:48:51+00:00\",\"dateModified\":\"2025-08-27T16:48:52+00:00\",\"description\":\"La fiert\u00e9 d\u2019une identit\u00e9 naturelle ne se limite pas au Br\u00e9sil. Cette tendance inspire aussi les lectrices BOBEA, qui veulent s\u2019affirmer\",\"breadcrumb\":{\"@id\":\"https:\/\/bobea.net\/index.php\/2025\/08\/27\/la-beaute-naturelle-des-femmes-noires-du-bresil-un-vent-de-fierte-et-de-rebellion\/#breadcrumb\"},\"inLanguage\":\"fr-FR\",\"potentialAction\":[{\"@type\":\"ReadAction\",\"target\":[\"https:\/\/bobea.net\/index.php\/2025\/08\/27\/la-beaute-naturelle-des-femmes-noires-du-bresil-un-vent-de-fierte-et-de-rebellion\/\"]}]},{\"@type\":\"ImageObject\",\"inLanguage\":\"fr-FR\",\"@id\":\"https:\/\/bobea.net\/index.php\/2025\/08\/27\/la-beaute-naturelle-des-femmes-noires-du-bresil-un-vent-de-fierte-et-de-rebellion\/#primaryimage\",\"url\":\"https:\/\/bobea.net\/wp-content\/uploads\/2025\/08\/portrait-femme-shampooing-pour-cheveux-boucles_23-2151307536.avif\",\"contentUrl\":\"https:\/\/bobea.net\/wp-content\/uploads\/2025\/08\/portrait-femme-shampooing-pour-cheveux-boucles_23-2151307536.avif\",\"width\":740,\"height\":493},{\"@type\":\"BreadcrumbList\",\"@id\":\"https:\/\/bobea.net\/index.php\/2025\/08\/27\/la-beaute-naturelle-des-femmes-noires-du-bresil-un-vent-de-fierte-et-de-rebellion\/#breadcrumb\",\"itemListElement\":[{\"@type\":\"ListItem\",\"position\":1,\"name\":\"Accueil\",\"item\":\"https:\/\/bobea.net\/\"},{\"@type\":\"ListItem\",\"position\":2,\"name\":\"La beaut\u00e9 naturelle des femmes noires du Br\u00e9sil \u2013 un vent de fiert\u00e9 et de r\u00e9bellion\"}]},{\"@type\":\"WebSite\",\"@id\":\"https:\/\/bobea.net\/#website\",\"url\":\"https:\/\/bobea.net\/\",\"name\":\"Bobea\",\"description\":\"Le magazine de la nouvelle \u00c8ve\",\"publisher\":{\"@id\":\"https:\/\/bobea.net\/#organization\"},\"potentialAction\":[{\"@type\":\"SearchAction\",\"target\":{\"@type\":\"EntryPoint\",\"urlTemplate\":\"https:\/\/bobea.net\/?s={search_term_string}\"},\"query-input\":{\"@type\":\"PropertyValueSpecification\",\"valueRequired\":true,\"valueName\":\"search_term_string\"}}],\"inLanguage\":\"fr-FR\"},{\"@type\":\"Organization\",\"@id\":\"https:\/\/bobea.net\/#organization\",\"name\":\"Bobea\",\"url\":\"https:\/\/bobea.net\/\",\"logo\":{\"@type\":\"ImageObject\",\"inLanguage\":\"fr-FR\",\"@id\":\"https:\/\/bobea.net\/#\/schema\/logo\/image\/\",\"url\":\"https:\/\/bobea.net\/wp-content\/uploads\/2024\/06\/bobea.jpg\",\"contentUrl\":\"https:\/\/bobea.net\/wp-content\/uploads\/2024\/06\/bobea.jpg\",\"width\":1080,\"height\":1080,\"caption\":\"Bobea\"},\"image\":{\"@id\":\"https:\/\/bobea.net\/#\/schema\/logo\/image\/\"},\"sameAs\":[\"https:\/\/web.facebook.com\/profile.php?id=61559252188416\"]},{\"@type\":\"Person\",\"@id\":\"https:\/\/bobea.net\/#\/schema\/person\/e7f45ef187918d7c956bf619dce90ccf\",\"name\":\"bobea.info\",\"image\":{\"@type\":\"ImageObject\",\"inLanguage\":\"fr-FR\",\"@id\":\"https:\/\/bobea.net\/#\/schema\/person\/image\/\",\"url\":\"https:\/\/secure.gravatar.com\/avatar\/36147980349df887ae30808df3e29474?s=96&d=mm&r=g\",\"contentUrl\":\"https:\/\/secure.gravatar.com\/avatar\/36147980349df887ae30808df3e29474?s=96&d=mm&r=g\",\"caption\":\"bobea.info\"},\"sameAs\":[\"https:\/\/bobea.net\"],\"url\":\"https:\/\/bobea.net\/index.php\/author\/bobea-info\/\"}]}<\/script>\n<!-- \/ Yoast SEO plugin. -->","yoast_head_json":{"title":"La beaut\u00e9 naturelle des femmes noires du Br\u00e9sil \u2013 un vent de fiert\u00e9 et de r\u00e9bellion - Bobea","description":"La fiert\u00e9 d\u2019une identit\u00e9 naturelle ne se limite pas au Br\u00e9sil. Cette tendance inspire aussi les lectrices BOBEA, qui veulent s\u2019affirmer","robots":{"index":"index","follow":"follow","max-snippet":"max-snippet:-1","max-image-preview":"max-image-preview:large","max-video-preview":"max-video-preview:-1"},"canonical":"https:\/\/bobea.net\/index.php\/2025\/08\/27\/la-beaute-naturelle-des-femmes-noires-du-bresil-un-vent-de-fierte-et-de-rebellion\/","og_locale":"fr_FR","og_type":"article","og_title":"La beaut\u00e9 naturelle des femmes noires du Br\u00e9sil \u2013 un vent de fiert\u00e9 et de r\u00e9bellion - Bobea","og_description":"La fiert\u00e9 d\u2019une identit\u00e9 naturelle ne se limite pas au Br\u00e9sil. Cette tendance inspire aussi les lectrices BOBEA, qui veulent s\u2019affirmer","og_url":"https:\/\/bobea.net\/index.php\/2025\/08\/27\/la-beaute-naturelle-des-femmes-noires-du-bresil-un-vent-de-fierte-et-de-rebellion\/","og_site_name":"Bobea","article_publisher":"https:\/\/web.facebook.com\/profile.php?id=61559252188416","article_published_time":"2025-08-27T16:48:51+00:00","article_modified_time":"2025-08-27T16:48:52+00:00","author":"bobea.info","twitter_card":"summary_large_image","twitter_misc":{"\u00c9crit par":"bobea.info","Dur\u00e9e de lecture estim\u00e9e":"2 minutes"},"schema":{"@context":"https:\/\/schema.org","@graph":[{"@type":"Article","@id":"https:\/\/bobea.net\/index.php\/2025\/08\/27\/la-beaute-naturelle-des-femmes-noires-du-bresil-un-vent-de-fierte-et-de-rebellion\/#article","isPartOf":{"@id":"https:\/\/bobea.net\/index.php\/2025\/08\/27\/la-beaute-naturelle-des-femmes-noires-du-bresil-un-vent-de-fierte-et-de-rebellion\/"},"author":{"name":"bobea.info","@id":"https:\/\/bobea.net\/#\/schema\/person\/e7f45ef187918d7c956bf619dce90ccf"},"headline":"La beaut\u00e9 naturelle des femmes noires du Br\u00e9sil \u2013 un vent de fiert\u00e9 et de r\u00e9bellion","datePublished":"2025-08-27T16:48:51+00:00","dateModified":"2025-08-27T16:48:52+00:00","mainEntityOfPage":{"@id":"https:\/\/bobea.net\/index.php\/2025\/08\/27\/la-beaute-naturelle-des-femmes-noires-du-bresil-un-vent-de-fierte-et-de-rebellion\/"},"wordCount":372,"commentCount":0,"publisher":{"@id":"https:\/\/bobea.net\/#organization"},"image":{"@id":"https:\/\/bobea.net\/index.php\/2025\/08\/27\/la-beaute-naturelle-des-femmes-noires-du-bresil-un-vent-de-fierte-et-de-rebellion\/#primaryimage"},"thumbnailUrl":"https:\/\/bobea.net\/wp-content\/uploads\/2025\/08\/portrait-femme-shampooing-pour-cheveux-boucles_23-2151307536.avif","articleSection":["Beaut\u00e9"],"inLanguage":"fr-FR","potentialAction":[{"@type":"CommentAction","name":"Comment","target":["https:\/\/bobea.net\/index.php\/2025\/08\/27\/la-beaute-naturelle-des-femmes-noires-du-bresil-un-vent-de-fierte-et-de-rebellion\/#respond"]}]},{"@type":"WebPage","@id":"https:\/\/bobea.net\/index.php\/2025\/08\/27\/la-beaute-naturelle-des-femmes-noires-du-bresil-un-vent-de-fierte-et-de-rebellion\/","url":"https:\/\/bobea.net\/index.php\/2025\/08\/27\/la-beaute-naturelle-des-femmes-noires-du-bresil-un-vent-de-fierte-et-de-rebellion\/","name":"La beaut\u00e9 naturelle des femmes noires du Br\u00e9sil \u2013 un vent de fiert\u00e9 et de r\u00e9bellion - Bobea","isPartOf":{"@id":"https:\/\/bobea.net\/#website"},"primaryImageOfPage":{"@id":"https:\/\/bobea.net\/index.php\/2025\/08\/27\/la-beaute-naturelle-des-femmes-noires-du-bresil-un-vent-de-fierte-et-de-rebellion\/#primaryimage"},"image":{"@id":"https:\/\/bobea.net\/index.php\/2025\/08\/27\/la-beaute-naturelle-des-femmes-noires-du-bresil-un-vent-de-fierte-et-de-rebellion\/#primaryimage"},"thumbnailUrl":"https:\/\/bobea.net\/wp-content\/uploads\/2025\/08\/portrait-femme-shampooing-pour-cheveux-boucles_23-2151307536.avif","datePublished":"2025-08-27T16:48:51+00:00","dateModified":"2025-08-27T16:48:52+00:00","description":"La fiert\u00e9 d\u2019une identit\u00e9 naturelle ne se limite pas au Br\u00e9sil. Cette tendance inspire aussi les lectrices BOBEA, qui veulent s\u2019affirmer","breadcrumb":{"@id":"https:\/\/bobea.net\/index.php\/2025\/08\/27\/la-beaute-naturelle-des-femmes-noires-du-bresil-un-vent-de-fierte-et-de-rebellion\/#breadcrumb"},"inLanguage":"fr-FR","potentialAction":[{"@type":"ReadAction","target":["https:\/\/bobea.net\/index.php\/2025\/08\/27\/la-beaute-naturelle-des-femmes-noires-du-bresil-un-vent-de-fierte-et-de-rebellion\/"]}]},{"@type":"ImageObject","inLanguage":"fr-FR","@id":"https:\/\/bobea.net\/index.php\/2025\/08\/27\/la-beaute-naturelle-des-femmes-noires-du-bresil-un-vent-de-fierte-et-de-rebellion\/#primaryimage","url":"https:\/\/bobea.net\/wp-content\/uploads\/2025\/08\/portrait-femme-shampooing-pour-cheveux-boucles_23-2151307536.avif","contentUrl":"https:\/\/bobea.net\/wp-content\/uploads\/2025\/08\/portrait-femme-shampooing-pour-cheveux-boucles_23-2151307536.avif","width":740,"height":493},{"@type":"BreadcrumbList","@id":"https:\/\/bobea.net\/index.php\/2025\/08\/27\/la-beaute-naturelle-des-femmes-noires-du-bresil-un-vent-de-fierte-et-de-rebellion\/#breadcrumb","itemListElement":[{"@type":"ListItem","position":1,"name":"Accueil","item":"https:\/\/bobea.net\/"},{"@type":"ListItem","position":2,"name":"La beaut\u00e9 naturelle des femmes noires du Br\u00e9sil \u2013 un vent de fiert\u00e9 et de r\u00e9bellion"}]},{"@type":"WebSite","@id":"https:\/\/bobea.net\/#website","url":"https:\/\/bobea.net\/","name":"Bobea","description":"Le magazine de la nouvelle \u00c8ve","publisher":{"@id":"https:\/\/bobea.net\/#organization"},"potentialAction":[{"@type":"SearchAction","target":{"@type":"EntryPoint","urlTemplate":"https:\/\/bobea.net\/?s={search_term_string}"},"query-input":{"@type":"PropertyValueSpecification","valueRequired":true,"valueName":"search_term_string"}}],"inLanguage":"fr-FR"},{"@type":"Organization","@id":"https:\/\/bobea.net\/#organization","name":"Bobea","url":"https:\/\/bobea.net\/","logo":{"@type":"ImageObject","inLanguage":"fr-FR","@id":"https:\/\/bobea.net\/#\/schema\/logo\/image\/","url":"https:\/\/bobea.net\/wp-content\/uploads\/2024\/06\/bobea.jpg","contentUrl":"https:\/\/bobea.net\/wp-content\/uploads\/2024\/06\/bobea.jpg","width":1080,"height":1080,"caption":"Bobea"},"image":{"@id":"https:\/\/bobea.net\/#\/schema\/logo\/image\/"},"sameAs":["https:\/\/web.facebook.com\/profile.php?id=61559252188416"]},{"@type":"Person","@id":"https:\/\/bobea.net\/#\/schema\/person\/e7f45ef187918d7c956bf619dce90ccf","name":"bobea.info","image":{"@type":"ImageObject","inLanguage":"fr-FR","@id":"https:\/\/bobea.net\/#\/schema\/person\/image\/","url":"https:\/\/secure.gravatar.com\/avatar\/36147980349df887ae30808df3e29474?s=96&d=mm&r=g","contentUrl":"https:\/\/secure.gravatar.com\/avatar\/36147980349df887ae30808df3e29474?s=96&d=mm&r=g","caption":"bobea.info"},"sameAs":["https:\/\/bobea.net"],"url":"https:\/\/bobea.net\/index.php\/author\/bobea-info\/"}]}},"_links":{"self":[{"href":"https:\/\/bobea.net\/index.php\/wp-json\/wp\/v2\/posts\/24070"}],"collection":[{"href":"https:\/\/bobea.net\/index.php\/wp-json\/wp\/v2\/posts"}],"about":[{"href":"https:\/\/bobea.net\/index.php\/wp-json\/wp\/v2\/types\/post"}],"author":[{"embeddable":true,"href":"https:\/\/bobea.net\/index.php\/wp-json\/wp\/v2\/users\/1"}],"replies":[{"embeddable":true,"href":"https:\/\/bobea.net\/index.php\/wp-json\/wp\/v2\/comments?post=24070"}],"version-history":[{"count":1,"href":"https:\/\/bobea.net\/index.php\/wp-json\/wp\/v2\/posts\/24070\/revisions"}],"predecessor-version":[{"id":24073,"href":"https:\/\/bobea.net\/index.php\/wp-json\/wp\/v2\/posts\/24070\/revisions\/24073"}],"wp:featuredmedia":[{"embeddable":true,"href":"https:\/\/bobea.net\/index.php\/wp-json\/wp\/v2\/media\/24071"}],"wp:attachment":[{"href":"https:\/\/bobea.net\/index.php\/wp-json\/wp\/v2\/media?parent=24070"}],"wp:term":[{"taxonomy":"category","embeddable":true,"href":"https:\/\/bobea.net\/index.php\/wp-json\/wp\/v2\/categories?post=24070"},{"taxonomy":"post_tag","embeddable":true,"href":"https:\/\/bobea.net\/index.php\/wp-json\/wp\/v2\/tags?post=24070"}],"curies":[{"name":"wp","href":"https:\/\/api.w.org\/{rel}","templated":true}]}}