{"id":24042,"date":"2025-08-27T16:09:54","date_gmt":"2025-08-27T16:09:54","guid":{"rendered":"https:\/\/bobea.net\/?p=24042"},"modified":"2025-08-27T16:11:13","modified_gmt":"2025-08-27T16:11:13","slug":"sarkozy-et-carla-bruni-sarkozy-voyage-intime-au-coeur-dune-famille-iconique-entre-politique-musique-et-vie-people","status":"publish","type":"post","link":"https:\/\/bobea.net\/index.php\/2025\/08\/27\/sarkozy-et-carla-bruni-sarkozy-voyage-intime-au-coeur-dune-famille-iconique-entre-politique-musique-et-vie-people\/","title":{"rendered":"Sarkozy et Carla Bruni-Sarkozy \u2013 voyage intime au c\u0153ur d\u2019une famille iconique entre politique, musique et vie people"},"content":{"rendered":"\n<p><strong>Une dynas\u00adtie sous les feux des pro\u00adjecteurs<\/strong><\/p>\n\n\n\n<p>Nico\u00adlas Sarkozy et Car\u00adla Bruni-Sarkozy repr\u00e9sen\u00adtent une des fig\u00adures les plus embl\u00e9\u00adma\u00adtiques de la vie publique et cul\u00adturelle fran\u00e7aise. En 2025, leur vie con\u00adju\u00adgale et famil\u00adiale fascine tou\u00adjours autant, m\u00ealant l\u2019exigence poli\u00adtique, l\u2019\u00e9l\u00e9gance artis\u00adtique et une ges\u00adtion dis\u00adcr\u00e8te mais intense de leur vie priv\u00e9e. Pour BOBEA, ce cou\u00adple incar\u00adne un mod\u00ad\u00e8le o\u00f9 l\u2019ambition et le c\u0153ur cohab\u00aditent dans un \u00e9quili\u00adbre par\u00adfois frag\u00adile mais tou\u00adjours pas\u00adsion\u00adn\u00e9.<\/p>\n\n\n\n<p><strong>Le par\u00adcours crois\u00e9 de deux mon\u00addes<\/strong><\/p>\n\n\n\n<p>Ancien pr\u00e9si\u00addent de la R\u00e9publique, Nico\u00adlas Sarkozy a mar\u00adqu\u00e9 la sc\u00e8ne poli\u00adtique mon\u00addi\u00adale par son style direct et ses r\u00e9formes ambitieuses. Car\u00adla Bruni, quant \u00e0 elle, a con\u00adquis le monde avec sa voix douce et son charisme sur sc\u00e8ne, devenant une ic\u00f4ne inter\u00adna\u00adtionale de la musique et de la mode. Leur ren\u00adcon\u00adtre, sou\u00advent d\u00e9crite comme un con\u00adte mod\u00aderne, a r\u00e9veil\u00adl\u00e9 les pas\u00adsions en alliant deux univers a pri\u00adori \u00e9loign\u00e9s mais com\u00adpl\u00e9\u00admen\u00adtaires.<\/p>\n\n\n\n<p><strong>Une famille sous influ\u00adence m\u00e9di\u00ada\u00adtique<\/strong><\/p>\n\n\n\n<p>Le cou\u00adple veille \u00e0 pr\u00e9serv\u00ader leur intim\u00adit\u00e9 tout en g\u00e9rant une pr\u00e9sence m\u00e9di\u00ada\u00adtique con\u00adstante. Leurs enfants gran\u00addis\u00adsent sous l\u2019\u0153il vig\u00adi\u00adlant des m\u00e9dias et des fans, pris au car\u00adrefour entre respect de la vie priv\u00e9e et app\u00e9tit pop\u00adu\u00adlaire. Leur vie famil\u00adiale, entre moments de sim\u00adplic\u00adit\u00e9 et ren\u00addez-vous offi\u00adciels, illus\u00adtre une ges\u00adtion mod\u00aderne du cou\u00adple poli\u00adtique-peu\u00adple.<\/p>\n\n\n\n<p><strong>La trans\u00admis\u00adsion d\u2019une g\u00e9n\u00e9ra\u00adtion nou\u00advelle<\/strong><\/p>\n\n\n\n<p>Leur fils Louis Sarkozy et leur fille Giu\u00adlia sym\u00adbol\u00adisent la nou\u00advelle g\u00e9n\u00e9ra\u00adtion, sou\u00advent \u00e9clair\u00e9e par la rigueur poli\u00adtique du p\u00e8re et la cr\u00e9a\u00adtiv\u00adit\u00e9 artis\u00adtique de la m\u00e8re. L\u2019\u00e9quilibre entre dis\u00adtance m\u00e9di\u00ada\u00adtique et d\u00e9sir de nor\u00admal\u00adit\u00e9 est un d\u00e9fi con\u00adstant pour cette famille qui reste au cen\u00adtre des atten\u00adtions.<\/p>\n\n\n\n<figure class=\"wp-block-image size-large\"><img loading=\"lazy\" decoding=\"async\" width=\"1024\" height=\"682\" src=\"https:\/\/bobea.net\/wp-content\/uploads\/2025\/08\/carla-et-nicolas-sarkozy-leurs-vacances-amoureuses-et-en-famille-en-grece-1-1024x682.jpg\" alt class=\"wp-image-24046\" srcset=\"https:\/\/bobea.net\/wp-content\/uploads\/2025\/08\/carla-et-nicolas-sarkozy-leurs-vacances-amoureuses-et-en-famille-en-grece-1-1024x682.jpg 1024w, https:\/\/bobea.net\/wp-content\/uploads\/2025\/08\/carla-et-nicolas-sarkozy-leurs-vacances-amoureuses-et-en-famille-en-grece-1-300x200.jpg 300w, https:\/\/bobea.net\/wp-content\/uploads\/2025\/08\/carla-et-nicolas-sarkozy-leurs-vacances-amoureuses-et-en-famille-en-grece-1-768x511.jpg 768w, https:\/\/bobea.net\/wp-content\/uploads\/2025\/08\/carla-et-nicolas-sarkozy-leurs-vacances-amoureuses-et-en-famille-en-grece-1-1536x1023.jpg 1536w, https:\/\/bobea.net\/wp-content\/uploads\/2025\/08\/carla-et-nicolas-sarkozy-leurs-vacances-amoureuses-et-en-famille-en-grece-1.jpg 2000w\" sizes=\"(max-width: 1024px) 100vw, 1024px\"><\/figure>\n\n\n\n<p><strong>Le regard des lec\u00adtri\u00adces BOBEA<\/strong><\/p>\n\n\n\n<p>Pour les femmes, cette famille iconique inspire par ses r\u00e9us\u00adsites et ses con\u00adtra\u00addic\u00adtions. Entre pou\u00advoir et \u00e9mo\u00adtions, rigueur et art de vivre, leur par\u00adcours refl\u00e8te les com\u00adplex\u00adit\u00e9s con\u00adtem\u00adpo\u00adraines d\u2019un cou\u00adple sous influ\u00adence, qui doit savoir jon\u00adgler entre exi\u00adgence publique et \u00e9quili\u00adbre priv\u00e9.<\/p>\n\n\n\n<p><strong>Une saga tou\u00adjours en \u00e9vo\u00adlu\u00adtion<\/strong><\/p>\n\n\n\n<p>\u00c0 20 ans du d\u00e9but du tour\u00adnant poli\u00adtique majeur de Nico\u00adlas Sarkozy, cette famille incar\u00adne aujourd\u2019hui les enjeux actuels entre c\u00e9l\u00e9brit\u00e9, exi\u00adgence pro\u00adfes\u00adsion\u00adnelle et vie per\u00adson\u00adnelle. Pour BOBEA, suiv\u00adre cette saga, c\u2019est aus\u00adsi mieux com\u00adpren\u00addre le r\u00f4le des femmes dans la sph\u00e8re publique, la mani\u00e8re dont elles allient car\u00adri\u00e8re et famille dans un monde en pleine muta\u00adtion.<\/p>\n","protected":false},"excerpt":{"rendered":"<p>Une dynas\u00adtie sous les feux des pro\u00adjecteurs Nico\u00adlas Sarkozy et Car\u00adla Bruni-Sarkozy repr\u00e9sen\u00adtent une des fig\u00adures les plus embl\u00e9\u00adma\u00adtiques de la vie publique et cul\u00adturelle fran\u00e7aise. En 2025, leur vie\u2026 <\/p>\n","protected":false},"author":1,"featured_media":24043,"comment_status":"open","ping_status":"closed","sticky":false,"template":"","format":"standard","meta":{"wp_typography_post_enhancements_disabled":false,"footnotes":""},"categories":[73],"tags":[],"class_list":["post-24042","post","type-post","status-publish","format-standard","has-post-thumbnail","hentry","category-on-en-parle"],"yoast_head":"<!-- This site is optimized with the Yoast SEO plugin v24.7 - https:\/\/yoast.com\/wordpress\/plugins\/seo\/ -->\n<title>Sarkozy et Carla Bruni-Sarkozy \u2013 voyage intime au c\u0153ur d\u2019une famille iconique entre politique, musique et vie people - Bobea<\/title>\n<meta name=\"description\" content=\"\u00c0 20 ans du d\u00e9but du tournant politique majeur de Nicolas Sarkozy, cette famille incarne aujourd\u2019hui les enjeux actuels entre c\u00e9l\u00e9brit\u00e9\" \/>\n<meta name=\"robots\" content=\"index, follow, max-snippet:-1, max-image-preview:large, max-video-preview:-1\" \/>\n<link rel=\"canonical\" href=\"https:\/\/bobea.net\/index.php\/2025\/08\/27\/sarkozy-et-carla-bruni-sarkozy-voyage-intime-au-coeur-dune-famille-iconique-entre-politique-musique-et-vie-people\/\" \/>\n<meta property=\"og:locale\" content=\"fr_FR\" \/>\n<meta property=\"og:type\" content=\"article\" \/>\n<meta property=\"og:title\" content=\"Sarkozy et Carla Bruni-Sarkozy \u2013 voyage intime au c\u0153ur d\u2019une famille iconique entre politique, musique et vie people - Bobea\" \/>\n<meta property=\"og:description\" content=\"\u00c0 20 ans du d\u00e9but du tournant politique majeur de Nicolas Sarkozy, cette famille incarne aujourd\u2019hui les enjeux actuels entre c\u00e9l\u00e9brit\u00e9\" \/>\n<meta property=\"og:url\" content=\"https:\/\/bobea.net\/index.php\/2025\/08\/27\/sarkozy-et-carla-bruni-sarkozy-voyage-intime-au-coeur-dune-famille-iconique-entre-politique-musique-et-vie-people\/\" \/>\n<meta property=\"og:site_name\" content=\"Bobea\" \/>\n<meta property=\"article:publisher\" content=\"https:\/\/web.facebook.com\/profile.php?id=61559252188416\" \/>\n<meta property=\"article:published_time\" content=\"2025-08-27T16:09:54+00:00\" \/>\n<meta property=\"article:modified_time\" content=\"2025-08-27T16:11:13+00:00\" \/>\n<meta property=\"og:image\" content=\"https:\/\/bobea.net\/wp-content\/uploads\/2025\/08\/la-confidence-osee-de-carla-bruni-sur-sa-vie-sexuelle-avec-nicolas-sarkozy.jpg\" \/>\n\t<meta property=\"og:image:width\" content=\"1200\" \/>\n\t<meta property=\"og:image:height\" content=\"675\" \/>\n\t<meta property=\"og:image:type\" content=\"image\/jpeg\" \/>\n<meta name=\"author\" content=\"bobea.info\" \/>\n<meta name=\"twitter:card\" content=\"summary_large_image\" \/>\n<meta name=\"twitter:label1\" content=\"\u00c9crit par\" \/>\n\t<meta name=\"twitter:data1\" content=\"bobea.info\" \/>\n\t<meta name=\"twitter:label2\" content=\"Dur\u00e9e de lecture estim\u00e9e\" \/>\n\t<meta name=\"twitter:data2\" content=\"3 minutes\" \/>\n<script type=\"application\/ld+json\" class=\"yoast-schema-graph\">{\"@context\":\"https:\/\/schema.org\",\"@graph\":[{\"@type\":\"Article\",\"@id\":\"https:\/\/bobea.net\/index.php\/2025\/08\/27\/sarkozy-et-carla-bruni-sarkozy-voyage-intime-au-coeur-dune-famille-iconique-entre-politique-musique-et-vie-people\/#article\",\"isPartOf\":{\"@id\":\"https:\/\/bobea.net\/index.php\/2025\/08\/27\/sarkozy-et-carla-bruni-sarkozy-voyage-intime-au-coeur-dune-famille-iconique-entre-politique-musique-et-vie-people\/\"},\"author\":{\"name\":\"bobea.info\",\"@id\":\"https:\/\/bobea.net\/#\/schema\/person\/e7f45ef187918d7c956bf619dce90ccf\"},\"headline\":\"Sarkozy et Carla Bruni-Sarkozy \u2013 voyage intime au c\u0153ur d\u2019une famille iconique entre politique, musique et vie people\",\"datePublished\":\"2025-08-27T16:09:54+00:00\",\"dateModified\":\"2025-08-27T16:11:13+00:00\",\"mainEntityOfPage\":{\"@id\":\"https:\/\/bobea.net\/index.php\/2025\/08\/27\/sarkozy-et-carla-bruni-sarkozy-voyage-intime-au-coeur-dune-famille-iconique-entre-politique-musique-et-vie-people\/\"},\"wordCount\":441,\"commentCount\":0,\"publisher\":{\"@id\":\"https:\/\/bobea.net\/#organization\"},\"image\":{\"@id\":\"https:\/\/bobea.net\/index.php\/2025\/08\/27\/sarkozy-et-carla-bruni-sarkozy-voyage-intime-au-coeur-dune-famille-iconique-entre-politique-musique-et-vie-people\/#primaryimage\"},\"thumbnailUrl\":\"https:\/\/bobea.net\/wp-content\/uploads\/2025\/08\/la-confidence-osee-de-carla-bruni-sur-sa-vie-sexuelle-avec-nicolas-sarkozy.jpg\",\"articleSection\":[\"On en Parle\"],\"inLanguage\":\"fr-FR\",\"potentialAction\":[{\"@type\":\"CommentAction\",\"name\":\"Comment\",\"target\":[\"https:\/\/bobea.net\/index.php\/2025\/08\/27\/sarkozy-et-carla-bruni-sarkozy-voyage-intime-au-coeur-dune-famille-iconique-entre-politique-musique-et-vie-people\/#respond\"]}]},{\"@type\":\"WebPage\",\"@id\":\"https:\/\/bobea.net\/index.php\/2025\/08\/27\/sarkozy-et-carla-bruni-sarkozy-voyage-intime-au-coeur-dune-famille-iconique-entre-politique-musique-et-vie-people\/\",\"url\":\"https:\/\/bobea.net\/index.php\/2025\/08\/27\/sarkozy-et-carla-bruni-sarkozy-voyage-intime-au-coeur-dune-famille-iconique-entre-politique-musique-et-vie-people\/\",\"name\":\"Sarkozy et Carla Bruni-Sarkozy \u2013 voyage intime au c\u0153ur d\u2019une famille iconique entre politique, musique et vie people - Bobea\",\"isPartOf\":{\"@id\":\"https:\/\/bobea.net\/#website\"},\"primaryImageOfPage\":{\"@id\":\"https:\/\/bobea.net\/index.php\/2025\/08\/27\/sarkozy-et-carla-bruni-sarkozy-voyage-intime-au-coeur-dune-famille-iconique-entre-politique-musique-et-vie-people\/#primaryimage\"},\"image\":{\"@id\":\"https:\/\/bobea.net\/index.php\/2025\/08\/27\/sarkozy-et-carla-bruni-sarkozy-voyage-intime-au-coeur-dune-famille-iconique-entre-politique-musique-et-vie-people\/#primaryimage\"},\"thumbnailUrl\":\"https:\/\/bobea.net\/wp-content\/uploads\/2025\/08\/la-confidence-osee-de-carla-bruni-sur-sa-vie-sexuelle-avec-nicolas-sarkozy.jpg\",\"datePublished\":\"2025-08-27T16:09:54+00:00\",\"dateModified\":\"2025-08-27T16:11:13+00:00\",\"description\":\"\u00c0 20 ans du d\u00e9but du tournant politique majeur de Nicolas Sarkozy, cette famille incarne aujourd\u2019hui les enjeux actuels entre c\u00e9l\u00e9brit\u00e9\",\"breadcrumb\":{\"@id\":\"https:\/\/bobea.net\/index.php\/2025\/08\/27\/sarkozy-et-carla-bruni-sarkozy-voyage-intime-au-coeur-dune-famille-iconique-entre-politique-musique-et-vie-people\/#breadcrumb\"},\"inLanguage\":\"fr-FR\",\"potentialAction\":[{\"@type\":\"ReadAction\",\"target\":[\"https:\/\/bobea.net\/index.php\/2025\/08\/27\/sarkozy-et-carla-bruni-sarkozy-voyage-intime-au-coeur-dune-famille-iconique-entre-politique-musique-et-vie-people\/\"]}]},{\"@type\":\"ImageObject\",\"inLanguage\":\"fr-FR\",\"@id\":\"https:\/\/bobea.net\/index.php\/2025\/08\/27\/sarkozy-et-carla-bruni-sarkozy-voyage-intime-au-coeur-dune-famille-iconique-entre-politique-musique-et-vie-people\/#primaryimage\",\"url\":\"https:\/\/bobea.net\/wp-content\/uploads\/2025\/08\/la-confidence-osee-de-carla-bruni-sur-sa-vie-sexuelle-avec-nicolas-sarkozy.jpg\",\"contentUrl\":\"https:\/\/bobea.net\/wp-content\/uploads\/2025\/08\/la-confidence-osee-de-carla-bruni-sur-sa-vie-sexuelle-avec-nicolas-sarkozy.jpg\",\"width\":1200,\"height\":675},{\"@type\":\"BreadcrumbList\",\"@id\":\"https:\/\/bobea.net\/index.php\/2025\/08\/27\/sarkozy-et-carla-bruni-sarkozy-voyage-intime-au-coeur-dune-famille-iconique-entre-politique-musique-et-vie-people\/#breadcrumb\",\"itemListElement\":[{\"@type\":\"ListItem\",\"position\":1,\"name\":\"Accueil\",\"item\":\"https:\/\/bobea.net\/\"},{\"@type\":\"ListItem\",\"position\":2,\"name\":\"Sarkozy et Carla Bruni-Sarkozy \u2013 voyage intime au c\u0153ur d\u2019une famille iconique entre politique, musique et vie people\"}]},{\"@type\":\"WebSite\",\"@id\":\"https:\/\/bobea.net\/#website\",\"url\":\"https:\/\/bobea.net\/\",\"name\":\"Bobea\",\"description\":\"Le magazine de la nouvelle \u00c8ve\",\"publisher\":{\"@id\":\"https:\/\/bobea.net\/#organization\"},\"potentialAction\":[{\"@type\":\"SearchAction\",\"target\":{\"@type\":\"EntryPoint\",\"urlTemplate\":\"https:\/\/bobea.net\/?s={search_term_string}\"},\"query-input\":{\"@type\":\"PropertyValueSpecification\",\"valueRequired\":true,\"valueName\":\"search_term_string\"}}],\"inLanguage\":\"fr-FR\"},{\"@type\":\"Organization\",\"@id\":\"https:\/\/bobea.net\/#organization\",\"name\":\"Bobea\",\"url\":\"https:\/\/bobea.net\/\",\"logo\":{\"@type\":\"ImageObject\",\"inLanguage\":\"fr-FR\",\"@id\":\"https:\/\/bobea.net\/#\/schema\/logo\/image\/\",\"url\":\"https:\/\/bobea.net\/wp-content\/uploads\/2024\/06\/bobea.jpg\",\"contentUrl\":\"https:\/\/bobea.net\/wp-content\/uploads\/2024\/06\/bobea.jpg\",\"width\":1080,\"height\":1080,\"caption\":\"Bobea\"},\"image\":{\"@id\":\"https:\/\/bobea.net\/#\/schema\/logo\/image\/\"},\"sameAs\":[\"https:\/\/web.facebook.com\/profile.php?id=61559252188416\"]},{\"@type\":\"Person\",\"@id\":\"https:\/\/bobea.net\/#\/schema\/person\/e7f45ef187918d7c956bf619dce90ccf\",\"name\":\"bobea.info\",\"image\":{\"@type\":\"ImageObject\",\"inLanguage\":\"fr-FR\",\"@id\":\"https:\/\/bobea.net\/#\/schema\/person\/image\/\",\"url\":\"https:\/\/secure.gravatar.com\/avatar\/36147980349df887ae30808df3e29474?s=96&d=mm&r=g\",\"contentUrl\":\"https:\/\/secure.gravatar.com\/avatar\/36147980349df887ae30808df3e29474?s=96&d=mm&r=g\",\"caption\":\"bobea.info\"},\"sameAs\":[\"https:\/\/bobea.net\"],\"url\":\"https:\/\/bobea.net\/index.php\/author\/bobea-info\/\"}]}<\/script>\n<!-- \/ Yoast SEO plugin. -->","yoast_head_json":{"title":"Sarkozy et Carla Bruni-Sarkozy \u2013 voyage intime au c\u0153ur d\u2019une famille iconique entre politique, musique et vie people - Bobea","description":"\u00c0 20 ans du d\u00e9but du tournant politique majeur de Nicolas Sarkozy, cette famille incarne aujourd\u2019hui les enjeux actuels entre c\u00e9l\u00e9brit\u00e9","robots":{"index":"index","follow":"follow","max-snippet":"max-snippet:-1","max-image-preview":"max-image-preview:large","max-video-preview":"max-video-preview:-1"},"canonical":"https:\/\/bobea.net\/index.php\/2025\/08\/27\/sarkozy-et-carla-bruni-sarkozy-voyage-intime-au-coeur-dune-famille-iconique-entre-politique-musique-et-vie-people\/","og_locale":"fr_FR","og_type":"article","og_title":"Sarkozy et Carla Bruni-Sarkozy \u2013 voyage intime au c\u0153ur d\u2019une famille iconique entre politique, musique et vie people - Bobea","og_description":"\u00c0 20 ans du d\u00e9but du tournant politique majeur de Nicolas Sarkozy, cette famille incarne aujourd\u2019hui les enjeux actuels entre c\u00e9l\u00e9brit\u00e9","og_url":"https:\/\/bobea.net\/index.php\/2025\/08\/27\/sarkozy-et-carla-bruni-sarkozy-voyage-intime-au-coeur-dune-famille-iconique-entre-politique-musique-et-vie-people\/","og_site_name":"Bobea","article_publisher":"https:\/\/web.facebook.com\/profile.php?id=61559252188416","article_published_time":"2025-08-27T16:09:54+00:00","article_modified_time":"2025-08-27T16:11:13+00:00","og_image":[{"width":1200,"height":675,"url":"https:\/\/bobea.net\/wp-content\/uploads\/2025\/08\/la-confidence-osee-de-carla-bruni-sur-sa-vie-sexuelle-avec-nicolas-sarkozy.jpg","type":"image\/jpeg"}],"author":"bobea.info","twitter_card":"summary_large_image","twitter_misc":{"\u00c9crit par":"bobea.info","Dur\u00e9e de lecture estim\u00e9e":"3 minutes"},"schema":{"@context":"https:\/\/schema.org","@graph":[{"@type":"Article","@id":"https:\/\/bobea.net\/index.php\/2025\/08\/27\/sarkozy-et-carla-bruni-sarkozy-voyage-intime-au-coeur-dune-famille-iconique-entre-politique-musique-et-vie-people\/#article","isPartOf":{"@id":"https:\/\/bobea.net\/index.php\/2025\/08\/27\/sarkozy-et-carla-bruni-sarkozy-voyage-intime-au-coeur-dune-famille-iconique-entre-politique-musique-et-vie-people\/"},"author":{"name":"bobea.info","@id":"https:\/\/bobea.net\/#\/schema\/person\/e7f45ef187918d7c956bf619dce90ccf"},"headline":"Sarkozy et Carla Bruni-Sarkozy \u2013 voyage intime au c\u0153ur d\u2019une famille iconique entre politique, musique et vie people","datePublished":"2025-08-27T16:09:54+00:00","dateModified":"2025-08-27T16:11:13+00:00","mainEntityOfPage":{"@id":"https:\/\/bobea.net\/index.php\/2025\/08\/27\/sarkozy-et-carla-bruni-sarkozy-voyage-intime-au-coeur-dune-famille-iconique-entre-politique-musique-et-vie-people\/"},"wordCount":441,"commentCount":0,"publisher":{"@id":"https:\/\/bobea.net\/#organization"},"image":{"@id":"https:\/\/bobea.net\/index.php\/2025\/08\/27\/sarkozy-et-carla-bruni-sarkozy-voyage-intime-au-coeur-dune-famille-iconique-entre-politique-musique-et-vie-people\/#primaryimage"},"thumbnailUrl":"https:\/\/bobea.net\/wp-content\/uploads\/2025\/08\/la-confidence-osee-de-carla-bruni-sur-sa-vie-sexuelle-avec-nicolas-sarkozy.jpg","articleSection":["On en Parle"],"inLanguage":"fr-FR","potentialAction":[{"@type":"CommentAction","name":"Comment","target":["https:\/\/bobea.net\/index.php\/2025\/08\/27\/sarkozy-et-carla-bruni-sarkozy-voyage-intime-au-coeur-dune-famille-iconique-entre-politique-musique-et-vie-people\/#respond"]}]},{"@type":"WebPage","@id":"https:\/\/bobea.net\/index.php\/2025\/08\/27\/sarkozy-et-carla-bruni-sarkozy-voyage-intime-au-coeur-dune-famille-iconique-entre-politique-musique-et-vie-people\/","url":"https:\/\/bobea.net\/index.php\/2025\/08\/27\/sarkozy-et-carla-bruni-sarkozy-voyage-intime-au-coeur-dune-famille-iconique-entre-politique-musique-et-vie-people\/","name":"Sarkozy et Carla Bruni-Sarkozy \u2013 voyage intime au c\u0153ur d\u2019une famille iconique entre politique, musique et vie people - Bobea","isPartOf":{"@id":"https:\/\/bobea.net\/#website"},"primaryImageOfPage":{"@id":"https:\/\/bobea.net\/index.php\/2025\/08\/27\/sarkozy-et-carla-bruni-sarkozy-voyage-intime-au-coeur-dune-famille-iconique-entre-politique-musique-et-vie-people\/#primaryimage"},"image":{"@id":"https:\/\/bobea.net\/index.php\/2025\/08\/27\/sarkozy-et-carla-bruni-sarkozy-voyage-intime-au-coeur-dune-famille-iconique-entre-politique-musique-et-vie-people\/#primaryimage"},"thumbnailUrl":"https:\/\/bobea.net\/wp-content\/uploads\/2025\/08\/la-confidence-osee-de-carla-bruni-sur-sa-vie-sexuelle-avec-nicolas-sarkozy.jpg","datePublished":"2025-08-27T16:09:54+00:00","dateModified":"2025-08-27T16:11:13+00:00","description":"\u00c0 20 ans du d\u00e9but du tournant politique majeur de Nicolas Sarkozy, cette famille incarne aujourd\u2019hui les enjeux actuels entre c\u00e9l\u00e9brit\u00e9","breadcrumb":{"@id":"https:\/\/bobea.net\/index.php\/2025\/08\/27\/sarkozy-et-carla-bruni-sarkozy-voyage-intime-au-coeur-dune-famille-iconique-entre-politique-musique-et-vie-people\/#breadcrumb"},"inLanguage":"fr-FR","potentialAction":[{"@type":"ReadAction","target":["https:\/\/bobea.net\/index.php\/2025\/08\/27\/sarkozy-et-carla-bruni-sarkozy-voyage-intime-au-coeur-dune-famille-iconique-entre-politique-musique-et-vie-people\/"]}]},{"@type":"ImageObject","inLanguage":"fr-FR","@id":"https:\/\/bobea.net\/index.php\/2025\/08\/27\/sarkozy-et-carla-bruni-sarkozy-voyage-intime-au-coeur-dune-famille-iconique-entre-politique-musique-et-vie-people\/#primaryimage","url":"https:\/\/bobea.net\/wp-content\/uploads\/2025\/08\/la-confidence-osee-de-carla-bruni-sur-sa-vie-sexuelle-avec-nicolas-sarkozy.jpg","contentUrl":"https:\/\/bobea.net\/wp-content\/uploads\/2025\/08\/la-confidence-osee-de-carla-bruni-sur-sa-vie-sexuelle-avec-nicolas-sarkozy.jpg","width":1200,"height":675},{"@type":"BreadcrumbList","@id":"https:\/\/bobea.net\/index.php\/2025\/08\/27\/sarkozy-et-carla-bruni-sarkozy-voyage-intime-au-coeur-dune-famille-iconique-entre-politique-musique-et-vie-people\/#breadcrumb","itemListElement":[{"@type":"ListItem","position":1,"name":"Accueil","item":"https:\/\/bobea.net\/"},{"@type":"ListItem","position":2,"name":"Sarkozy et Carla Bruni-Sarkozy \u2013 voyage intime au c\u0153ur d\u2019une famille iconique entre politique, musique et vie people"}]},{"@type":"WebSite","@id":"https:\/\/bobea.net\/#website","url":"https:\/\/bobea.net\/","name":"Bobea","description":"Le magazine de la nouvelle \u00c8ve","publisher":{"@id":"https:\/\/bobea.net\/#organization"},"potentialAction":[{"@type":"SearchAction","target":{"@type":"EntryPoint","urlTemplate":"https:\/\/bobea.net\/?s={search_term_string}"},"query-input":{"@type":"PropertyValueSpecification","valueRequired":true,"valueName":"search_term_string"}}],"inLanguage":"fr-FR"},{"@type":"Organization","@id":"https:\/\/bobea.net\/#organization","name":"Bobea","url":"https:\/\/bobea.net\/","logo":{"@type":"ImageObject","inLanguage":"fr-FR","@id":"https:\/\/bobea.net\/#\/schema\/logo\/image\/","url":"https:\/\/bobea.net\/wp-content\/uploads\/2024\/06\/bobea.jpg","contentUrl":"https:\/\/bobea.net\/wp-content\/uploads\/2024\/06\/bobea.jpg","width":1080,"height":1080,"caption":"Bobea"},"image":{"@id":"https:\/\/bobea.net\/#\/schema\/logo\/image\/"},"sameAs":["https:\/\/web.facebook.com\/profile.php?id=61559252188416"]},{"@type":"Person","@id":"https:\/\/bobea.net\/#\/schema\/person\/e7f45ef187918d7c956bf619dce90ccf","name":"bobea.info","image":{"@type":"ImageObject","inLanguage":"fr-FR","@id":"https:\/\/bobea.net\/#\/schema\/person\/image\/","url":"https:\/\/secure.gravatar.com\/avatar\/36147980349df887ae30808df3e29474?s=96&d=mm&r=g","contentUrl":"https:\/\/secure.gravatar.com\/avatar\/36147980349df887ae30808df3e29474?s=96&d=mm&r=g","caption":"bobea.info"},"sameAs":["https:\/\/bobea.net"],"url":"https:\/\/bobea.net\/index.php\/author\/bobea-info\/"}]}},"_links":{"self":[{"href":"https:\/\/bobea.net\/index.php\/wp-json\/wp\/v2\/posts\/24042"}],"collection":[{"href":"https:\/\/bobea.net\/index.php\/wp-json\/wp\/v2\/posts"}],"about":[{"href":"https:\/\/bobea.net\/index.php\/wp-json\/wp\/v2\/types\/post"}],"author":[{"embeddable":true,"href":"https:\/\/bobea.net\/index.php\/wp-json\/wp\/v2\/users\/1"}],"replies":[{"embeddable":true,"href":"https:\/\/bobea.net\/index.php\/wp-json\/wp\/v2\/comments?post=24042"}],"version-history":[{"count":2,"href":"https:\/\/bobea.net\/index.php\/wp-json\/wp\/v2\/posts\/24042\/revisions"}],"predecessor-version":[{"id":24047,"href":"https:\/\/bobea.net\/index.php\/wp-json\/wp\/v2\/posts\/24042\/revisions\/24047"}],"wp:featuredmedia":[{"embeddable":true,"href":"https:\/\/bobea.net\/index.php\/wp-json\/wp\/v2\/media\/24043"}],"wp:attachment":[{"href":"https:\/\/bobea.net\/index.php\/wp-json\/wp\/v2\/media?parent=24042"}],"wp:term":[{"taxonomy":"category","embeddable":true,"href":"https:\/\/bobea.net\/index.php\/wp-json\/wp\/v2\/categories?post=24042"},{"taxonomy":"post_tag","embeddable":true,"href":"https:\/\/bobea.net\/index.php\/wp-json\/wp\/v2\/tags?post=24042"}],"curies":[{"name":"wp","href":"https:\/\/api.w.org\/{rel}","templated":true}]}}