{"id":23967,"date":"2025-08-25T19:52:25","date_gmt":"2025-08-25T19:52:25","guid":{"rendered":"https:\/\/bobea.net\/?p=23967"},"modified":"2025-08-25T19:55:07","modified_gmt":"2025-08-25T19:55:07","slug":"etre-chef-de-famille-a-20-ans-la-force-bouleversante-de-sarah-maupeou","status":"publish","type":"post","link":"https:\/\/bobea.net\/index.php\/2025\/08\/25\/etre-chef-de-famille-a-20-ans-la-force-bouleversante-de-sarah-maupeou\/","title":{"rendered":"\u201c\u00catre chef de famille \u00e0 20 ans\u201d \u2013 la force bouleversante de Sarah Maupeou"},"content":{"rendered":"\n<p><strong>Une jeunesse mar\u00adqu\u00e9e par la respon\u00ads\u00adabil\u00adit\u00e9<\/strong><\/p>\n\n\n\n<p>\u00c0 seule\u00adment 20 ans, Sarah Mau\u00adpeou incar\u00adne une nou\u00advelle g\u00e9n\u00e9ra\u00adtion de femmes qui assu\u00adment, con\u00adtre vents et mar\u00e9es, les respon\u00ads\u00adabil\u00adit\u00e9s de chef de famille. Orphe\u00adline de p\u00e8re et de m\u00e8re, elle a pris en charge ses trois fr\u00e8res et s\u0153urs avec une matu\u00adrit\u00e9 et un courage hors normes.<\/p>\n\n\n\n<p><strong>La force de l\u2019amour frater\u00adnel<\/strong><\/p>\n\n\n\n<p>Sarah partage avec \u00e9mo\u00adtion le com\u00adbat quo\u00adti\u00addi\u00aden pour nour\u00adrir, pro\u00adt\u00e9ger et \u00e9du\u00adquer ses fr\u00e8res et s\u0153urs. Son t\u00e9moignage \u00e9claire une r\u00e9al\u00adit\u00e9 sou\u00advent invis\u00adi\u00adble : celle des jeunes femmes qui, face aux drames famil\u00adi\u00adaux, devi\u00aden\u00adnent des piliers, sac\u00adri\u00adfi\u00adant par\u00adfois leur pro\u00adpre jeunesse pour assur\u00ader la survie et le bien-\u00eatre des siens.<\/p>\n\n\n\n<p><strong>Les d\u00e9fis de la vie quo\u00adti\u00addi\u00adenne<\/strong><\/p>\n\n\n\n<p>Ges\u00adtion du bud\u00adget, organ\u00adi\u00adsa\u00adtion de la mai\u00adson, choix sco\u00adlaires, accom\u00adpa\u00adg\u00adne\u00adment psy\u00adchologique : autant de t\u00e2ch\u00ades qu\u2019elle m\u00e8ne avec abn\u00e9\u00adga\u00adtion. Mal\u00adgr\u00e9 ce poids, Sarah ne perd jamais de vue ses r\u00eaves per\u00adson\u00adnels, notam\u00adment l\u2019envie de pour\u00adsuiv\u00adre ses \u00e9tudes et de s\u2019affirmer dans la vie.<\/p>\n\n\n\n<figure class=\"wp-block-image size-full is-resized\"><img loading=\"lazy\" decoding=\"async\" width=\"800\" height=\"533\" src=\"https:\/\/bobea.net\/wp-content\/uploads\/2025\/08\/1718194833601.jpeg\" alt class=\"wp-image-23968\" style=\"width:840px;height:auto\" srcset=\"https:\/\/bobea.net\/wp-content\/uploads\/2025\/08\/1718194833601.jpeg 800w, https:\/\/bobea.net\/wp-content\/uploads\/2025\/08\/1718194833601-300x200.jpeg 300w, https:\/\/bobea.net\/wp-content\/uploads\/2025\/08\/1718194833601-768x512.jpeg 768w\" sizes=\"(max-width: 800px) 100vw, 800px\"><\/figure>\n\n\n\n<p><strong>Un mod\u00ad\u00e8le d\u2019espoir et de r\u00e9silience<\/strong><\/p>\n\n\n\n<p>Le par\u00adcours de Sarah t\u00e9moigne d\u2019une excep\u00adtion\u00adnelle r\u00e9silience. Elle incar\u00adne une fig\u00adure inspi\u00adrante pour toutes les jeunes femmes con\u00adfron\u00adt\u00e9es \u00e0 des sit\u00adu\u00ada\u00adtions dif\u00adfi\u00adciles. Chez BOBEA, nous salu\u00adons son courage et soulignons l\u2019importance d\u2019accompagner ces jeunes h\u00e9ro\u00efnes du quo\u00adti\u00addi\u00aden avec des dis\u00adposi\u00adtifs adap\u00adt\u00e9s.<\/p>\n\n\n\n<p><strong>Un appel \u00e0 la sol\u00adi\u00addar\u00adit\u00e9<\/strong><\/p>\n\n\n\n<p>Ce t\u00e9moignage boulever\u00adsant est aus\u00adsi un appel \u00e0 la sol\u00adi\u00addar\u00adit\u00e9 col\u00adlec\u00adtive. Offrir une \u00e9coute, des aides mat\u00e9rielles et \u00e9mo\u00adtion\u00adnelles peut trans\u00adformer la vie de ces familles frag\u00adilis\u00e9es. Soutenir des ini\u00adtia\u00adtives locales d\u00e9di\u00e9es aux jeunes dans ce type de sit\u00adu\u00ada\u00adtion devient une urgence human\u00adi\u00adtaire et sociale.<\/p>\n","protected":false},"excerpt":{"rendered":"<p>Une jeunesse mar\u00adqu\u00e9e par la respon\u00ads\u00adabil\u00adit\u00e9 \u00c0 seule\u00adment 20 ans, Sarah Mau\u00adpeou incar\u00adne une nou\u00advelle g\u00e9n\u00e9ra\u00adtion de femmes qui assu\u00adment, con\u00adtre vents et mar\u00e9es, les respon\u00ads\u00adabil\u00adit\u00e9s de chef de famille.\u2026 <\/p>\n","protected":false},"author":1,"featured_media":23971,"comment_status":"open","ping_status":"closed","sticky":false,"template":"","format":"standard","meta":{"wp_typography_post_enhancements_disabled":false,"footnotes":""},"categories":[73],"tags":[],"class_list":["post-23967","post","type-post","status-publish","format-standard","has-post-thumbnail","hentry","category-on-en-parle"],"yoast_head":"<!-- This site is optimized with the Yoast SEO plugin v24.7 - https:\/\/yoast.com\/wordpress\/plugins\/seo\/ -->\n<title>\u201c\u00catre chef de famille \u00e0 20 ans\u201d \u2013 la force bouleversante de Sarah Maupeou - Bobea<\/title>\n<meta name=\"description\" content=\"Ce t\u00e9moignage bouleversant est aussi un appel \u00e0 la solidarit\u00e9 collective. Offrir une \u00e9coute, des aides mat\u00e9rielles et \u00e9motionnelles\" \/>\n<meta name=\"robots\" content=\"index, follow, max-snippet:-1, max-image-preview:large, max-video-preview:-1\" \/>\n<link rel=\"canonical\" href=\"https:\/\/bobea.net\/index.php\/2025\/08\/25\/etre-chef-de-famille-a-20-ans-la-force-bouleversante-de-sarah-maupeou\/\" \/>\n<meta property=\"og:locale\" content=\"fr_FR\" \/>\n<meta property=\"og:type\" content=\"article\" \/>\n<meta property=\"og:title\" content=\"\u201c\u00catre chef de famille \u00e0 20 ans\u201d \u2013 la force bouleversante de Sarah Maupeou - Bobea\" \/>\n<meta property=\"og:description\" content=\"Ce t\u00e9moignage bouleversant est aussi un appel \u00e0 la solidarit\u00e9 collective. Offrir une \u00e9coute, des aides mat\u00e9rielles et \u00e9motionnelles\" \/>\n<meta property=\"og:url\" content=\"https:\/\/bobea.net\/index.php\/2025\/08\/25\/etre-chef-de-famille-a-20-ans-la-force-bouleversante-de-sarah-maupeou\/\" \/>\n<meta property=\"og:site_name\" content=\"Bobea\" \/>\n<meta property=\"article:publisher\" content=\"https:\/\/web.facebook.com\/profile.php?id=61559252188416\" \/>\n<meta property=\"article:published_time\" content=\"2025-08-25T19:52:25+00:00\" \/>\n<meta property=\"article:modified_time\" content=\"2025-08-25T19:55:07+00:00\" \/>\n<meta property=\"og:image\" content=\"https:\/\/bobea.net\/wp-content\/uploads\/2025\/08\/4.jpg\" \/>\n\t<meta property=\"og:image:width\" content=\"461\" \/>\n\t<meta property=\"og:image:height\" content=\"260\" \/>\n\t<meta property=\"og:image:type\" content=\"image\/jpeg\" \/>\n<meta name=\"author\" content=\"bobea.info\" \/>\n<meta name=\"twitter:card\" content=\"summary_large_image\" \/>\n<meta name=\"twitter:label1\" content=\"\u00c9crit par\" \/>\n\t<meta name=\"twitter:data1\" content=\"bobea.info\" \/>\n\t<meta name=\"twitter:label2\" content=\"Dur\u00e9e de lecture estim\u00e9e\" \/>\n\t<meta name=\"twitter:data2\" content=\"2 minutes\" \/>\n<script type=\"application\/ld+json\" class=\"yoast-schema-graph\">{\"@context\":\"https:\/\/schema.org\",\"@graph\":[{\"@type\":\"Article\",\"@id\":\"https:\/\/bobea.net\/index.php\/2025\/08\/25\/etre-chef-de-famille-a-20-ans-la-force-bouleversante-de-sarah-maupeou\/#article\",\"isPartOf\":{\"@id\":\"https:\/\/bobea.net\/index.php\/2025\/08\/25\/etre-chef-de-famille-a-20-ans-la-force-bouleversante-de-sarah-maupeou\/\"},\"author\":{\"name\":\"bobea.info\",\"@id\":\"https:\/\/bobea.net\/#\/schema\/person\/e7f45ef187918d7c956bf619dce90ccf\"},\"headline\":\"\u201c\u00catre chef de famille \u00e0 20 ans\u201d \u2013 la force bouleversante de Sarah Maupeou\",\"datePublished\":\"2025-08-25T19:52:25+00:00\",\"dateModified\":\"2025-08-25T19:55:07+00:00\",\"mainEntityOfPage\":{\"@id\":\"https:\/\/bobea.net\/index.php\/2025\/08\/25\/etre-chef-de-famille-a-20-ans-la-force-bouleversante-de-sarah-maupeou\/\"},\"wordCount\":301,\"commentCount\":0,\"publisher\":{\"@id\":\"https:\/\/bobea.net\/#organization\"},\"image\":{\"@id\":\"https:\/\/bobea.net\/index.php\/2025\/08\/25\/etre-chef-de-famille-a-20-ans-la-force-bouleversante-de-sarah-maupeou\/#primaryimage\"},\"thumbnailUrl\":\"https:\/\/bobea.net\/wp-content\/uploads\/2025\/08\/4.jpg\",\"articleSection\":[\"On en Parle\"],\"inLanguage\":\"fr-FR\",\"potentialAction\":[{\"@type\":\"CommentAction\",\"name\":\"Comment\",\"target\":[\"https:\/\/bobea.net\/index.php\/2025\/08\/25\/etre-chef-de-famille-a-20-ans-la-force-bouleversante-de-sarah-maupeou\/#respond\"]}]},{\"@type\":\"WebPage\",\"@id\":\"https:\/\/bobea.net\/index.php\/2025\/08\/25\/etre-chef-de-famille-a-20-ans-la-force-bouleversante-de-sarah-maupeou\/\",\"url\":\"https:\/\/bobea.net\/index.php\/2025\/08\/25\/etre-chef-de-famille-a-20-ans-la-force-bouleversante-de-sarah-maupeou\/\",\"name\":\"\u201c\u00catre chef de famille \u00e0 20 ans\u201d \u2013 la force bouleversante de Sarah Maupeou - Bobea\",\"isPartOf\":{\"@id\":\"https:\/\/bobea.net\/#website\"},\"primaryImageOfPage\":{\"@id\":\"https:\/\/bobea.net\/index.php\/2025\/08\/25\/etre-chef-de-famille-a-20-ans-la-force-bouleversante-de-sarah-maupeou\/#primaryimage\"},\"image\":{\"@id\":\"https:\/\/bobea.net\/index.php\/2025\/08\/25\/etre-chef-de-famille-a-20-ans-la-force-bouleversante-de-sarah-maupeou\/#primaryimage\"},\"thumbnailUrl\":\"https:\/\/bobea.net\/wp-content\/uploads\/2025\/08\/4.jpg\",\"datePublished\":\"2025-08-25T19:52:25+00:00\",\"dateModified\":\"2025-08-25T19:55:07+00:00\",\"description\":\"Ce t\u00e9moignage bouleversant est aussi un appel \u00e0 la solidarit\u00e9 collective. Offrir une \u00e9coute, des aides mat\u00e9rielles et \u00e9motionnelles\",\"breadcrumb\":{\"@id\":\"https:\/\/bobea.net\/index.php\/2025\/08\/25\/etre-chef-de-famille-a-20-ans-la-force-bouleversante-de-sarah-maupeou\/#breadcrumb\"},\"inLanguage\":\"fr-FR\",\"potentialAction\":[{\"@type\":\"ReadAction\",\"target\":[\"https:\/\/bobea.net\/index.php\/2025\/08\/25\/etre-chef-de-famille-a-20-ans-la-force-bouleversante-de-sarah-maupeou\/\"]}]},{\"@type\":\"ImageObject\",\"inLanguage\":\"fr-FR\",\"@id\":\"https:\/\/bobea.net\/index.php\/2025\/08\/25\/etre-chef-de-famille-a-20-ans-la-force-bouleversante-de-sarah-maupeou\/#primaryimage\",\"url\":\"https:\/\/bobea.net\/wp-content\/uploads\/2025\/08\/4.jpg\",\"contentUrl\":\"https:\/\/bobea.net\/wp-content\/uploads\/2025\/08\/4.jpg\",\"width\":461,\"height\":260},{\"@type\":\"BreadcrumbList\",\"@id\":\"https:\/\/bobea.net\/index.php\/2025\/08\/25\/etre-chef-de-famille-a-20-ans-la-force-bouleversante-de-sarah-maupeou\/#breadcrumb\",\"itemListElement\":[{\"@type\":\"ListItem\",\"position\":1,\"name\":\"Accueil\",\"item\":\"https:\/\/bobea.net\/\"},{\"@type\":\"ListItem\",\"position\":2,\"name\":\"\u201c\u00catre chef de famille \u00e0 20 ans\u201d \u2013 la force bouleversante de Sarah Maupeou\"}]},{\"@type\":\"WebSite\",\"@id\":\"https:\/\/bobea.net\/#website\",\"url\":\"https:\/\/bobea.net\/\",\"name\":\"Bobea\",\"description\":\"Le magazine de la nouvelle \u00c8ve\",\"publisher\":{\"@id\":\"https:\/\/bobea.net\/#organization\"},\"potentialAction\":[{\"@type\":\"SearchAction\",\"target\":{\"@type\":\"EntryPoint\",\"urlTemplate\":\"https:\/\/bobea.net\/?s={search_term_string}\"},\"query-input\":{\"@type\":\"PropertyValueSpecification\",\"valueRequired\":true,\"valueName\":\"search_term_string\"}}],\"inLanguage\":\"fr-FR\"},{\"@type\":\"Organization\",\"@id\":\"https:\/\/bobea.net\/#organization\",\"name\":\"Bobea\",\"url\":\"https:\/\/bobea.net\/\",\"logo\":{\"@type\":\"ImageObject\",\"inLanguage\":\"fr-FR\",\"@id\":\"https:\/\/bobea.net\/#\/schema\/logo\/image\/\",\"url\":\"https:\/\/bobea.net\/wp-content\/uploads\/2024\/06\/bobea.jpg\",\"contentUrl\":\"https:\/\/bobea.net\/wp-content\/uploads\/2024\/06\/bobea.jpg\",\"width\":1080,\"height\":1080,\"caption\":\"Bobea\"},\"image\":{\"@id\":\"https:\/\/bobea.net\/#\/schema\/logo\/image\/\"},\"sameAs\":[\"https:\/\/web.facebook.com\/profile.php?id=61559252188416\"]},{\"@type\":\"Person\",\"@id\":\"https:\/\/bobea.net\/#\/schema\/person\/e7f45ef187918d7c956bf619dce90ccf\",\"name\":\"bobea.info\",\"image\":{\"@type\":\"ImageObject\",\"inLanguage\":\"fr-FR\",\"@id\":\"https:\/\/bobea.net\/#\/schema\/person\/image\/\",\"url\":\"https:\/\/secure.gravatar.com\/avatar\/36147980349df887ae30808df3e29474?s=96&d=mm&r=g\",\"contentUrl\":\"https:\/\/secure.gravatar.com\/avatar\/36147980349df887ae30808df3e29474?s=96&d=mm&r=g\",\"caption\":\"bobea.info\"},\"sameAs\":[\"https:\/\/bobea.net\"],\"url\":\"https:\/\/bobea.net\/index.php\/author\/bobea-info\/\"}]}<\/script>\n<!-- \/ Yoast SEO plugin. -->","yoast_head_json":{"title":"\u201c\u00catre chef de famille \u00e0 20 ans\u201d \u2013 la force bouleversante de Sarah Maupeou - Bobea","description":"Ce t\u00e9moignage bouleversant est aussi un appel \u00e0 la solidarit\u00e9 collective. Offrir une \u00e9coute, des aides mat\u00e9rielles et \u00e9motionnelles","robots":{"index":"index","follow":"follow","max-snippet":"max-snippet:-1","max-image-preview":"max-image-preview:large","max-video-preview":"max-video-preview:-1"},"canonical":"https:\/\/bobea.net\/index.php\/2025\/08\/25\/etre-chef-de-famille-a-20-ans-la-force-bouleversante-de-sarah-maupeou\/","og_locale":"fr_FR","og_type":"article","og_title":"\u201c\u00catre chef de famille \u00e0 20 ans\u201d \u2013 la force bouleversante de Sarah Maupeou - Bobea","og_description":"Ce t\u00e9moignage bouleversant est aussi un appel \u00e0 la solidarit\u00e9 collective. Offrir une \u00e9coute, des aides mat\u00e9rielles et \u00e9motionnelles","og_url":"https:\/\/bobea.net\/index.php\/2025\/08\/25\/etre-chef-de-famille-a-20-ans-la-force-bouleversante-de-sarah-maupeou\/","og_site_name":"Bobea","article_publisher":"https:\/\/web.facebook.com\/profile.php?id=61559252188416","article_published_time":"2025-08-25T19:52:25+00:00","article_modified_time":"2025-08-25T19:55:07+00:00","og_image":[{"width":461,"height":260,"url":"https:\/\/bobea.net\/wp-content\/uploads\/2025\/08\/4.jpg","type":"image\/jpeg"}],"author":"bobea.info","twitter_card":"summary_large_image","twitter_misc":{"\u00c9crit par":"bobea.info","Dur\u00e9e de lecture estim\u00e9e":"2 minutes"},"schema":{"@context":"https:\/\/schema.org","@graph":[{"@type":"Article","@id":"https:\/\/bobea.net\/index.php\/2025\/08\/25\/etre-chef-de-famille-a-20-ans-la-force-bouleversante-de-sarah-maupeou\/#article","isPartOf":{"@id":"https:\/\/bobea.net\/index.php\/2025\/08\/25\/etre-chef-de-famille-a-20-ans-la-force-bouleversante-de-sarah-maupeou\/"},"author":{"name":"bobea.info","@id":"https:\/\/bobea.net\/#\/schema\/person\/e7f45ef187918d7c956bf619dce90ccf"},"headline":"\u201c\u00catre chef de famille \u00e0 20 ans\u201d \u2013 la force bouleversante de Sarah Maupeou","datePublished":"2025-08-25T19:52:25+00:00","dateModified":"2025-08-25T19:55:07+00:00","mainEntityOfPage":{"@id":"https:\/\/bobea.net\/index.php\/2025\/08\/25\/etre-chef-de-famille-a-20-ans-la-force-bouleversante-de-sarah-maupeou\/"},"wordCount":301,"commentCount":0,"publisher":{"@id":"https:\/\/bobea.net\/#organization"},"image":{"@id":"https:\/\/bobea.net\/index.php\/2025\/08\/25\/etre-chef-de-famille-a-20-ans-la-force-bouleversante-de-sarah-maupeou\/#primaryimage"},"thumbnailUrl":"https:\/\/bobea.net\/wp-content\/uploads\/2025\/08\/4.jpg","articleSection":["On en Parle"],"inLanguage":"fr-FR","potentialAction":[{"@type":"CommentAction","name":"Comment","target":["https:\/\/bobea.net\/index.php\/2025\/08\/25\/etre-chef-de-famille-a-20-ans-la-force-bouleversante-de-sarah-maupeou\/#respond"]}]},{"@type":"WebPage","@id":"https:\/\/bobea.net\/index.php\/2025\/08\/25\/etre-chef-de-famille-a-20-ans-la-force-bouleversante-de-sarah-maupeou\/","url":"https:\/\/bobea.net\/index.php\/2025\/08\/25\/etre-chef-de-famille-a-20-ans-la-force-bouleversante-de-sarah-maupeou\/","name":"\u201c\u00catre chef de famille \u00e0 20 ans\u201d \u2013 la force bouleversante de Sarah Maupeou - Bobea","isPartOf":{"@id":"https:\/\/bobea.net\/#website"},"primaryImageOfPage":{"@id":"https:\/\/bobea.net\/index.php\/2025\/08\/25\/etre-chef-de-famille-a-20-ans-la-force-bouleversante-de-sarah-maupeou\/#primaryimage"},"image":{"@id":"https:\/\/bobea.net\/index.php\/2025\/08\/25\/etre-chef-de-famille-a-20-ans-la-force-bouleversante-de-sarah-maupeou\/#primaryimage"},"thumbnailUrl":"https:\/\/bobea.net\/wp-content\/uploads\/2025\/08\/4.jpg","datePublished":"2025-08-25T19:52:25+00:00","dateModified":"2025-08-25T19:55:07+00:00","description":"Ce t\u00e9moignage bouleversant est aussi un appel \u00e0 la solidarit\u00e9 collective. Offrir une \u00e9coute, des aides mat\u00e9rielles et \u00e9motionnelles","breadcrumb":{"@id":"https:\/\/bobea.net\/index.php\/2025\/08\/25\/etre-chef-de-famille-a-20-ans-la-force-bouleversante-de-sarah-maupeou\/#breadcrumb"},"inLanguage":"fr-FR","potentialAction":[{"@type":"ReadAction","target":["https:\/\/bobea.net\/index.php\/2025\/08\/25\/etre-chef-de-famille-a-20-ans-la-force-bouleversante-de-sarah-maupeou\/"]}]},{"@type":"ImageObject","inLanguage":"fr-FR","@id":"https:\/\/bobea.net\/index.php\/2025\/08\/25\/etre-chef-de-famille-a-20-ans-la-force-bouleversante-de-sarah-maupeou\/#primaryimage","url":"https:\/\/bobea.net\/wp-content\/uploads\/2025\/08\/4.jpg","contentUrl":"https:\/\/bobea.net\/wp-content\/uploads\/2025\/08\/4.jpg","width":461,"height":260},{"@type":"BreadcrumbList","@id":"https:\/\/bobea.net\/index.php\/2025\/08\/25\/etre-chef-de-famille-a-20-ans-la-force-bouleversante-de-sarah-maupeou\/#breadcrumb","itemListElement":[{"@type":"ListItem","position":1,"name":"Accueil","item":"https:\/\/bobea.net\/"},{"@type":"ListItem","position":2,"name":"\u201c\u00catre chef de famille \u00e0 20 ans\u201d \u2013 la force bouleversante de Sarah Maupeou"}]},{"@type":"WebSite","@id":"https:\/\/bobea.net\/#website","url":"https:\/\/bobea.net\/","name":"Bobea","description":"Le magazine de la nouvelle \u00c8ve","publisher":{"@id":"https:\/\/bobea.net\/#organization"},"potentialAction":[{"@type":"SearchAction","target":{"@type":"EntryPoint","urlTemplate":"https:\/\/bobea.net\/?s={search_term_string}"},"query-input":{"@type":"PropertyValueSpecification","valueRequired":true,"valueName":"search_term_string"}}],"inLanguage":"fr-FR"},{"@type":"Organization","@id":"https:\/\/bobea.net\/#organization","name":"Bobea","url":"https:\/\/bobea.net\/","logo":{"@type":"ImageObject","inLanguage":"fr-FR","@id":"https:\/\/bobea.net\/#\/schema\/logo\/image\/","url":"https:\/\/bobea.net\/wp-content\/uploads\/2024\/06\/bobea.jpg","contentUrl":"https:\/\/bobea.net\/wp-content\/uploads\/2024\/06\/bobea.jpg","width":1080,"height":1080,"caption":"Bobea"},"image":{"@id":"https:\/\/bobea.net\/#\/schema\/logo\/image\/"},"sameAs":["https:\/\/web.facebook.com\/profile.php?id=61559252188416"]},{"@type":"Person","@id":"https:\/\/bobea.net\/#\/schema\/person\/e7f45ef187918d7c956bf619dce90ccf","name":"bobea.info","image":{"@type":"ImageObject","inLanguage":"fr-FR","@id":"https:\/\/bobea.net\/#\/schema\/person\/image\/","url":"https:\/\/secure.gravatar.com\/avatar\/36147980349df887ae30808df3e29474?s=96&d=mm&r=g","contentUrl":"https:\/\/secure.gravatar.com\/avatar\/36147980349df887ae30808df3e29474?s=96&d=mm&r=g","caption":"bobea.info"},"sameAs":["https:\/\/bobea.net"],"url":"https:\/\/bobea.net\/index.php\/author\/bobea-info\/"}]}},"_links":{"self":[{"href":"https:\/\/bobea.net\/index.php\/wp-json\/wp\/v2\/posts\/23967"}],"collection":[{"href":"https:\/\/bobea.net\/index.php\/wp-json\/wp\/v2\/posts"}],"about":[{"href":"https:\/\/bobea.net\/index.php\/wp-json\/wp\/v2\/types\/post"}],"author":[{"embeddable":true,"href":"https:\/\/bobea.net\/index.php\/wp-json\/wp\/v2\/users\/1"}],"replies":[{"embeddable":true,"href":"https:\/\/bobea.net\/index.php\/wp-json\/wp\/v2\/comments?post=23967"}],"version-history":[{"count":1,"href":"https:\/\/bobea.net\/index.php\/wp-json\/wp\/v2\/posts\/23967\/revisions"}],"predecessor-version":[{"id":23970,"href":"https:\/\/bobea.net\/index.php\/wp-json\/wp\/v2\/posts\/23967\/revisions\/23970"}],"wp:featuredmedia":[{"embeddable":true,"href":"https:\/\/bobea.net\/index.php\/wp-json\/wp\/v2\/media\/23971"}],"wp:attachment":[{"href":"https:\/\/bobea.net\/index.php\/wp-json\/wp\/v2\/media?parent=23967"}],"wp:term":[{"taxonomy":"category","embeddable":true,"href":"https:\/\/bobea.net\/index.php\/wp-json\/wp\/v2\/categories?post=23967"},{"taxonomy":"post_tag","embeddable":true,"href":"https:\/\/bobea.net\/index.php\/wp-json\/wp\/v2\/tags?post=23967"}],"curies":[{"name":"wp","href":"https:\/\/api.w.org\/{rel}","templated":true}]}}