{"id":23963,"date":"2025-08-25T19:45:24","date_gmt":"2025-08-25T19:45:24","guid":{"rendered":"https:\/\/bobea.net\/?p=23963"},"modified":"2025-08-25T19:45:28","modified_gmt":"2025-08-25T19:45:28","slug":"5-tendances-capillaires-qui-feront-tourner-toutes-les-tetes-cet-automne","status":"publish","type":"post","link":"https:\/\/bobea.net\/index.php\/2025\/08\/25\/5-tendances-capillaires-qui-feront-tourner-toutes-les-tetes-cet-automne\/","title":{"rendered":"5 tendances capillaires qui feront tourner toutes les t\u00eates cet automne"},"content":{"rendered":"\n<p><strong>Des change\u00adments auda\u00adcieux pour une nou\u00advelle sai\u00adson<\/strong><\/p>\n\n\n\n<p>L\u2019automne 2025 s\u2019annonce comme une p\u00e9ri\u00adode de renou\u00adveau capil\u00adlaire pour les femmes en qu\u00eate d\u2019audace et d\u2019\u00e9l\u00e9gance. Chez BOBEA, nous avons s\u00e9lec\u00adtion\u00adn\u00e9 les cinq ten\u00addances coif\u00adfures qui sauront sub\u00adlimer toutes les chevelures, du court au long, pour un effet \u201ct\u00eate retourn\u00e9e\u201d garan\u00adti.<\/p>\n\n\n\n<p><strong>1. Le car\u00adr\u00e9 flou r\u00e9in\u00adven\u00adt\u00e9<\/strong><\/p>\n\n\n\n<p>Le car\u00adr\u00e9 s\u2019affirme comme un clas\u00adsique revis\u00adit\u00e9 avec des pointes effil\u00e9es et un l\u00e9ger mou\u00adve\u00adment naturel. Ce style offre une allure \u00e0 la fois sophis\u00adtiqu\u00e9e et facile \u00e0 vivre, par\u00adfait pour celles qui veu\u00adlent un look ultra chic sans effort.<\/p>\n\n\n\n<p><strong>2. Les boucles volu\u00admineuses et sen\u00adsuelles<\/strong><\/p>\n\n\n\n<p>Apr\u00e8s des ann\u00e9es de lis\u00adsage, les boucles repren\u00adnent leur place avec puis\u00adsance. Qu\u2019elles soient naturelles ou recr\u00e9\u00e9es gr\u00e2ce \u00e0 des out\u00adils mod\u00adernes, elles appor\u00adtent un souf\u00adfle de vital\u00adit\u00e9 et un charme fou. Con\u00adseils BOBEA : priv\u00adil\u00e9gi\u00ader l\u2019hydratation pour \u00e9viter les frisot\u00adtis et choisir des pro\u00adduits adap\u00adt\u00e9s.<\/p>\n\n\n\n<p><strong>3. La frange rideau, ind\u00e9\u00admod\u00adable et ver\u00adsa\u00adtile<\/strong><\/p>\n\n\n\n<p>La frange rideau con\u00adtin\u00adue de s\u00e9duire gr\u00e2ce \u00e0 sa capac\u00adit\u00e9 \u00e0 encadr\u00ader le vis\u00adage avec douceur tout en dynamisant la coupe. Elle fonc\u00adtionne aus\u00adsi bien avec des cheveux longs que courts, et apporte une touche boh\u00e8me tr\u00e8s actuelle.<\/p>\n\n\n\n<p><strong>4. La couleur \u201cs\u00e9pia\u201d chaleureuse<\/strong><\/p>\n\n\n\n<p>Sur le plan couleur, la ten\u00addance se tourne vers des nuances naturelles, comme le caramel, noisette ou choco\u00adlat fon\u00addu, appor\u00adtant douceur et lumi\u00adnosit\u00e9. Ces teintes chaudes s\u2019adaptent par\u00adfaite\u00adment \u00e0 la sai\u00adson et met\u00adtent en valeur le teint.<\/p>\n\n\n\n<figure class=\"wp-block-image size-large\"><img loading=\"lazy\" decoding=\"async\" width=\"1024\" height=\"576\" src=\"https:\/\/bobea.net\/wp-content\/uploads\/2025\/08\/d1b63336-79dc-4283-9b92-225bf3ea8f6e-1024x576.jpg\" alt class=\"wp-image-23964\" srcset=\"https:\/\/bobea.net\/wp-content\/uploads\/2025\/08\/d1b63336-79dc-4283-9b92-225bf3ea8f6e-1024x576.jpg 1024w, https:\/\/bobea.net\/wp-content\/uploads\/2025\/08\/d1b63336-79dc-4283-9b92-225bf3ea8f6e-300x169.jpg 300w, https:\/\/bobea.net\/wp-content\/uploads\/2025\/08\/d1b63336-79dc-4283-9b92-225bf3ea8f6e-768x432.jpg 768w, https:\/\/bobea.net\/wp-content\/uploads\/2025\/08\/d1b63336-79dc-4283-9b92-225bf3ea8f6e.jpg 1148w\" sizes=\"(max-width: 1024px) 100vw, 1024px\"><\/figure>\n\n\n\n<p><strong>5. Les acces\u00adsoires chics : pinces, ban\u00addeaux et foulards<\/strong><\/p>\n\n\n\n<p>Les acces\u00adsoires coif\u00adfure devi\u00aden\u00adnent des incon\u00adtourn\u00adables. Pinces bijoux, bar\u00adrettes col\u00ador\u00e9es ou foulards nou\u00e9s dans les cheveux com\u00adpl\u00e8\u00adtent les looks avec \u00e9l\u00e9\u00adgance. Oser l\u2019accessoire, c\u2019est dynamiser sa coif\u00adfure et affich\u00ader sa per\u00adson\u00adnal\u00adit\u00e9.<\/p>\n\n\n\n<p><strong>Un automne capil\u00adlaire plac\u00e9 sous le signe de la lib\u00adert\u00e9<\/strong><\/p>\n\n\n\n<p>Plus que de sim\u00adples ten\u00addances, ces styles refl\u00e8\u00adtent la volon\u00adt\u00e9 des femmes de vivre leur beaut\u00e9 de mani\u00e8re authen\u00adtique, entre audace et naturel. BOBEA vous invite \u00e0 adopter ces id\u00e9es pour r\u00e9v\u00e9ler votre unic\u00adit\u00e9 et cap\u00adtiv\u00ader tous les regards.<\/p>\n","protected":false},"excerpt":{"rendered":"<p>Des change\u00adments auda\u00adcieux pour une nou\u00advelle sai\u00adson L\u2019automne 2025 s\u2019annonce comme une p\u00e9ri\u00adode de renou\u00adveau capil\u00adlaire pour les femmes en qu\u00eate d\u2019audace et d\u2019\u00e9l\u00e9gance. Chez BOBEA, nous avons s\u00e9lec\u00adtion\u00adn\u00e9 les\u2026 <\/p>\n","protected":false},"author":1,"featured_media":23965,"comment_status":"open","ping_status":"closed","sticky":false,"template":"","format":"standard","meta":{"wp_typography_post_enhancements_disabled":false,"footnotes":""},"categories":[67],"tags":[],"class_list":["post-23963","post","type-post","status-publish","format-standard","has-post-thumbnail","hentry","category-tendances"],"yoast_head":"<!-- This site is optimized with the Yoast SEO plugin v24.7 - https:\/\/yoast.com\/wordpress\/plugins\/seo\/ -->\n<title>5 tendances capillaires qui feront tourner toutes les t\u00eates cet automne - Bobea<\/title>\n<meta name=\"description\" content=\"Plus que de simples tendances, ces styles refl\u00e8tent la volont\u00e9 des femmes de vivre leur beaut\u00e9 de mani\u00e8re authentique, entre\" \/>\n<meta name=\"robots\" content=\"index, follow, max-snippet:-1, max-image-preview:large, max-video-preview:-1\" \/>\n<link rel=\"canonical\" href=\"https:\/\/bobea.net\/index.php\/2025\/08\/25\/5-tendances-capillaires-qui-feront-tourner-toutes-les-tetes-cet-automne\/\" \/>\n<meta property=\"og:locale\" content=\"fr_FR\" \/>\n<meta property=\"og:type\" content=\"article\" \/>\n<meta property=\"og:title\" content=\"5 tendances capillaires qui feront tourner toutes les t\u00eates cet automne - Bobea\" \/>\n<meta property=\"og:description\" content=\"Plus que de simples tendances, ces styles refl\u00e8tent la volont\u00e9 des femmes de vivre leur beaut\u00e9 de mani\u00e8re authentique, entre\" \/>\n<meta property=\"og:url\" content=\"https:\/\/bobea.net\/index.php\/2025\/08\/25\/5-tendances-capillaires-qui-feront-tourner-toutes-les-tetes-cet-automne\/\" \/>\n<meta property=\"og:site_name\" content=\"Bobea\" \/>\n<meta property=\"article:publisher\" content=\"https:\/\/web.facebook.com\/profile.php?id=61559252188416\" \/>\n<meta property=\"article:published_time\" content=\"2025-08-25T19:45:24+00:00\" \/>\n<meta property=\"article:modified_time\" content=\"2025-08-25T19:45:28+00:00\" \/>\n<meta property=\"og:image\" content=\"https:\/\/bobea.net\/wp-content\/uploads\/2025\/08\/2024-05-31t125154.356.png\" \/>\n\t<meta property=\"og:image:width\" content=\"1200\" \/>\n\t<meta property=\"og:image:height\" content=\"630\" \/>\n\t<meta property=\"og:image:type\" content=\"image\/png\" \/>\n<meta name=\"author\" content=\"bobea.info\" \/>\n<meta name=\"twitter:card\" content=\"summary_large_image\" \/>\n<meta name=\"twitter:label1\" content=\"\u00c9crit par\" \/>\n\t<meta name=\"twitter:data1\" content=\"bobea.info\" \/>\n\t<meta name=\"twitter:label2\" content=\"Dur\u00e9e de lecture estim\u00e9e\" \/>\n\t<meta name=\"twitter:data2\" content=\"3 minutes\" \/>\n<script type=\"application\/ld+json\" class=\"yoast-schema-graph\">{\"@context\":\"https:\/\/schema.org\",\"@graph\":[{\"@type\":\"Article\",\"@id\":\"https:\/\/bobea.net\/index.php\/2025\/08\/25\/5-tendances-capillaires-qui-feront-tourner-toutes-les-tetes-cet-automne\/#article\",\"isPartOf\":{\"@id\":\"https:\/\/bobea.net\/index.php\/2025\/08\/25\/5-tendances-capillaires-qui-feront-tourner-toutes-les-tetes-cet-automne\/\"},\"author\":{\"name\":\"bobea.info\",\"@id\":\"https:\/\/bobea.net\/#\/schema\/person\/e7f45ef187918d7c956bf619dce90ccf\"},\"headline\":\"5 tendances capillaires qui feront tourner toutes les t\u00eates cet automne\",\"datePublished\":\"2025-08-25T19:45:24+00:00\",\"dateModified\":\"2025-08-25T19:45:28+00:00\",\"mainEntityOfPage\":{\"@id\":\"https:\/\/bobea.net\/index.php\/2025\/08\/25\/5-tendances-capillaires-qui-feront-tourner-toutes-les-tetes-cet-automne\/\"},\"wordCount\":359,\"commentCount\":0,\"publisher\":{\"@id\":\"https:\/\/bobea.net\/#organization\"},\"image\":{\"@id\":\"https:\/\/bobea.net\/index.php\/2025\/08\/25\/5-tendances-capillaires-qui-feront-tourner-toutes-les-tetes-cet-automne\/#primaryimage\"},\"thumbnailUrl\":\"https:\/\/bobea.net\/wp-content\/uploads\/2025\/08\/2024-05-31t125154.356.png\",\"articleSection\":[\"Tendances\"],\"inLanguage\":\"fr-FR\",\"potentialAction\":[{\"@type\":\"CommentAction\",\"name\":\"Comment\",\"target\":[\"https:\/\/bobea.net\/index.php\/2025\/08\/25\/5-tendances-capillaires-qui-feront-tourner-toutes-les-tetes-cet-automne\/#respond\"]}]},{\"@type\":\"WebPage\",\"@id\":\"https:\/\/bobea.net\/index.php\/2025\/08\/25\/5-tendances-capillaires-qui-feront-tourner-toutes-les-tetes-cet-automne\/\",\"url\":\"https:\/\/bobea.net\/index.php\/2025\/08\/25\/5-tendances-capillaires-qui-feront-tourner-toutes-les-tetes-cet-automne\/\",\"name\":\"5 tendances capillaires qui feront tourner toutes les t\u00eates cet automne - Bobea\",\"isPartOf\":{\"@id\":\"https:\/\/bobea.net\/#website\"},\"primaryImageOfPage\":{\"@id\":\"https:\/\/bobea.net\/index.php\/2025\/08\/25\/5-tendances-capillaires-qui-feront-tourner-toutes-les-tetes-cet-automne\/#primaryimage\"},\"image\":{\"@id\":\"https:\/\/bobea.net\/index.php\/2025\/08\/25\/5-tendances-capillaires-qui-feront-tourner-toutes-les-tetes-cet-automne\/#primaryimage\"},\"thumbnailUrl\":\"https:\/\/bobea.net\/wp-content\/uploads\/2025\/08\/2024-05-31t125154.356.png\",\"datePublished\":\"2025-08-25T19:45:24+00:00\",\"dateModified\":\"2025-08-25T19:45:28+00:00\",\"description\":\"Plus que de simples tendances, ces styles refl\u00e8tent la volont\u00e9 des femmes de vivre leur beaut\u00e9 de mani\u00e8re authentique, entre\",\"breadcrumb\":{\"@id\":\"https:\/\/bobea.net\/index.php\/2025\/08\/25\/5-tendances-capillaires-qui-feront-tourner-toutes-les-tetes-cet-automne\/#breadcrumb\"},\"inLanguage\":\"fr-FR\",\"potentialAction\":[{\"@type\":\"ReadAction\",\"target\":[\"https:\/\/bobea.net\/index.php\/2025\/08\/25\/5-tendances-capillaires-qui-feront-tourner-toutes-les-tetes-cet-automne\/\"]}]},{\"@type\":\"ImageObject\",\"inLanguage\":\"fr-FR\",\"@id\":\"https:\/\/bobea.net\/index.php\/2025\/08\/25\/5-tendances-capillaires-qui-feront-tourner-toutes-les-tetes-cet-automne\/#primaryimage\",\"url\":\"https:\/\/bobea.net\/wp-content\/uploads\/2025\/08\/2024-05-31t125154.356.png\",\"contentUrl\":\"https:\/\/bobea.net\/wp-content\/uploads\/2025\/08\/2024-05-31t125154.356.png\",\"width\":1200,\"height\":630},{\"@type\":\"BreadcrumbList\",\"@id\":\"https:\/\/bobea.net\/index.php\/2025\/08\/25\/5-tendances-capillaires-qui-feront-tourner-toutes-les-tetes-cet-automne\/#breadcrumb\",\"itemListElement\":[{\"@type\":\"ListItem\",\"position\":1,\"name\":\"Accueil\",\"item\":\"https:\/\/bobea.net\/\"},{\"@type\":\"ListItem\",\"position\":2,\"name\":\"5 tendances capillaires qui feront tourner toutes les t\u00eates cet automne\"}]},{\"@type\":\"WebSite\",\"@id\":\"https:\/\/bobea.net\/#website\",\"url\":\"https:\/\/bobea.net\/\",\"name\":\"Bobea\",\"description\":\"Le magazine de la nouvelle \u00c8ve\",\"publisher\":{\"@id\":\"https:\/\/bobea.net\/#organization\"},\"potentialAction\":[{\"@type\":\"SearchAction\",\"target\":{\"@type\":\"EntryPoint\",\"urlTemplate\":\"https:\/\/bobea.net\/?s={search_term_string}\"},\"query-input\":{\"@type\":\"PropertyValueSpecification\",\"valueRequired\":true,\"valueName\":\"search_term_string\"}}],\"inLanguage\":\"fr-FR\"},{\"@type\":\"Organization\",\"@id\":\"https:\/\/bobea.net\/#organization\",\"name\":\"Bobea\",\"url\":\"https:\/\/bobea.net\/\",\"logo\":{\"@type\":\"ImageObject\",\"inLanguage\":\"fr-FR\",\"@id\":\"https:\/\/bobea.net\/#\/schema\/logo\/image\/\",\"url\":\"https:\/\/bobea.net\/wp-content\/uploads\/2024\/06\/bobea.jpg\",\"contentUrl\":\"https:\/\/bobea.net\/wp-content\/uploads\/2024\/06\/bobea.jpg\",\"width\":1080,\"height\":1080,\"caption\":\"Bobea\"},\"image\":{\"@id\":\"https:\/\/bobea.net\/#\/schema\/logo\/image\/\"},\"sameAs\":[\"https:\/\/web.facebook.com\/profile.php?id=61559252188416\"]},{\"@type\":\"Person\",\"@id\":\"https:\/\/bobea.net\/#\/schema\/person\/e7f45ef187918d7c956bf619dce90ccf\",\"name\":\"bobea.info\",\"image\":{\"@type\":\"ImageObject\",\"inLanguage\":\"fr-FR\",\"@id\":\"https:\/\/bobea.net\/#\/schema\/person\/image\/\",\"url\":\"https:\/\/secure.gravatar.com\/avatar\/36147980349df887ae30808df3e29474?s=96&d=mm&r=g\",\"contentUrl\":\"https:\/\/secure.gravatar.com\/avatar\/36147980349df887ae30808df3e29474?s=96&d=mm&r=g\",\"caption\":\"bobea.info\"},\"sameAs\":[\"https:\/\/bobea.net\"],\"url\":\"https:\/\/bobea.net\/index.php\/author\/bobea-info\/\"}]}<\/script>\n<!-- \/ Yoast SEO plugin. -->","yoast_head_json":{"title":"5 tendances capillaires qui feront tourner toutes les t\u00eates cet automne - Bobea","description":"Plus que de simples tendances, ces styles refl\u00e8tent la volont\u00e9 des femmes de vivre leur beaut\u00e9 de mani\u00e8re authentique, entre","robots":{"index":"index","follow":"follow","max-snippet":"max-snippet:-1","max-image-preview":"max-image-preview:large","max-video-preview":"max-video-preview:-1"},"canonical":"https:\/\/bobea.net\/index.php\/2025\/08\/25\/5-tendances-capillaires-qui-feront-tourner-toutes-les-tetes-cet-automne\/","og_locale":"fr_FR","og_type":"article","og_title":"5 tendances capillaires qui feront tourner toutes les t\u00eates cet automne - Bobea","og_description":"Plus que de simples tendances, ces styles refl\u00e8tent la volont\u00e9 des femmes de vivre leur beaut\u00e9 de mani\u00e8re authentique, entre","og_url":"https:\/\/bobea.net\/index.php\/2025\/08\/25\/5-tendances-capillaires-qui-feront-tourner-toutes-les-tetes-cet-automne\/","og_site_name":"Bobea","article_publisher":"https:\/\/web.facebook.com\/profile.php?id=61559252188416","article_published_time":"2025-08-25T19:45:24+00:00","article_modified_time":"2025-08-25T19:45:28+00:00","og_image":[{"width":1200,"height":630,"url":"https:\/\/bobea.net\/wp-content\/uploads\/2025\/08\/2024-05-31t125154.356.png","type":"image\/png"}],"author":"bobea.info","twitter_card":"summary_large_image","twitter_misc":{"\u00c9crit par":"bobea.info","Dur\u00e9e de lecture estim\u00e9e":"3 minutes"},"schema":{"@context":"https:\/\/schema.org","@graph":[{"@type":"Article","@id":"https:\/\/bobea.net\/index.php\/2025\/08\/25\/5-tendances-capillaires-qui-feront-tourner-toutes-les-tetes-cet-automne\/#article","isPartOf":{"@id":"https:\/\/bobea.net\/index.php\/2025\/08\/25\/5-tendances-capillaires-qui-feront-tourner-toutes-les-tetes-cet-automne\/"},"author":{"name":"bobea.info","@id":"https:\/\/bobea.net\/#\/schema\/person\/e7f45ef187918d7c956bf619dce90ccf"},"headline":"5 tendances capillaires qui feront tourner toutes les t\u00eates cet automne","datePublished":"2025-08-25T19:45:24+00:00","dateModified":"2025-08-25T19:45:28+00:00","mainEntityOfPage":{"@id":"https:\/\/bobea.net\/index.php\/2025\/08\/25\/5-tendances-capillaires-qui-feront-tourner-toutes-les-tetes-cet-automne\/"},"wordCount":359,"commentCount":0,"publisher":{"@id":"https:\/\/bobea.net\/#organization"},"image":{"@id":"https:\/\/bobea.net\/index.php\/2025\/08\/25\/5-tendances-capillaires-qui-feront-tourner-toutes-les-tetes-cet-automne\/#primaryimage"},"thumbnailUrl":"https:\/\/bobea.net\/wp-content\/uploads\/2025\/08\/2024-05-31t125154.356.png","articleSection":["Tendances"],"inLanguage":"fr-FR","potentialAction":[{"@type":"CommentAction","name":"Comment","target":["https:\/\/bobea.net\/index.php\/2025\/08\/25\/5-tendances-capillaires-qui-feront-tourner-toutes-les-tetes-cet-automne\/#respond"]}]},{"@type":"WebPage","@id":"https:\/\/bobea.net\/index.php\/2025\/08\/25\/5-tendances-capillaires-qui-feront-tourner-toutes-les-tetes-cet-automne\/","url":"https:\/\/bobea.net\/index.php\/2025\/08\/25\/5-tendances-capillaires-qui-feront-tourner-toutes-les-tetes-cet-automne\/","name":"5 tendances capillaires qui feront tourner toutes les t\u00eates cet automne - Bobea","isPartOf":{"@id":"https:\/\/bobea.net\/#website"},"primaryImageOfPage":{"@id":"https:\/\/bobea.net\/index.php\/2025\/08\/25\/5-tendances-capillaires-qui-feront-tourner-toutes-les-tetes-cet-automne\/#primaryimage"},"image":{"@id":"https:\/\/bobea.net\/index.php\/2025\/08\/25\/5-tendances-capillaires-qui-feront-tourner-toutes-les-tetes-cet-automne\/#primaryimage"},"thumbnailUrl":"https:\/\/bobea.net\/wp-content\/uploads\/2025\/08\/2024-05-31t125154.356.png","datePublished":"2025-08-25T19:45:24+00:00","dateModified":"2025-08-25T19:45:28+00:00","description":"Plus que de simples tendances, ces styles refl\u00e8tent la volont\u00e9 des femmes de vivre leur beaut\u00e9 de mani\u00e8re authentique, entre","breadcrumb":{"@id":"https:\/\/bobea.net\/index.php\/2025\/08\/25\/5-tendances-capillaires-qui-feront-tourner-toutes-les-tetes-cet-automne\/#breadcrumb"},"inLanguage":"fr-FR","potentialAction":[{"@type":"ReadAction","target":["https:\/\/bobea.net\/index.php\/2025\/08\/25\/5-tendances-capillaires-qui-feront-tourner-toutes-les-tetes-cet-automne\/"]}]},{"@type":"ImageObject","inLanguage":"fr-FR","@id":"https:\/\/bobea.net\/index.php\/2025\/08\/25\/5-tendances-capillaires-qui-feront-tourner-toutes-les-tetes-cet-automne\/#primaryimage","url":"https:\/\/bobea.net\/wp-content\/uploads\/2025\/08\/2024-05-31t125154.356.png","contentUrl":"https:\/\/bobea.net\/wp-content\/uploads\/2025\/08\/2024-05-31t125154.356.png","width":1200,"height":630},{"@type":"BreadcrumbList","@id":"https:\/\/bobea.net\/index.php\/2025\/08\/25\/5-tendances-capillaires-qui-feront-tourner-toutes-les-tetes-cet-automne\/#breadcrumb","itemListElement":[{"@type":"ListItem","position":1,"name":"Accueil","item":"https:\/\/bobea.net\/"},{"@type":"ListItem","position":2,"name":"5 tendances capillaires qui feront tourner toutes les t\u00eates cet automne"}]},{"@type":"WebSite","@id":"https:\/\/bobea.net\/#website","url":"https:\/\/bobea.net\/","name":"Bobea","description":"Le magazine de la nouvelle \u00c8ve","publisher":{"@id":"https:\/\/bobea.net\/#organization"},"potentialAction":[{"@type":"SearchAction","target":{"@type":"EntryPoint","urlTemplate":"https:\/\/bobea.net\/?s={search_term_string}"},"query-input":{"@type":"PropertyValueSpecification","valueRequired":true,"valueName":"search_term_string"}}],"inLanguage":"fr-FR"},{"@type":"Organization","@id":"https:\/\/bobea.net\/#organization","name":"Bobea","url":"https:\/\/bobea.net\/","logo":{"@type":"ImageObject","inLanguage":"fr-FR","@id":"https:\/\/bobea.net\/#\/schema\/logo\/image\/","url":"https:\/\/bobea.net\/wp-content\/uploads\/2024\/06\/bobea.jpg","contentUrl":"https:\/\/bobea.net\/wp-content\/uploads\/2024\/06\/bobea.jpg","width":1080,"height":1080,"caption":"Bobea"},"image":{"@id":"https:\/\/bobea.net\/#\/schema\/logo\/image\/"},"sameAs":["https:\/\/web.facebook.com\/profile.php?id=61559252188416"]},{"@type":"Person","@id":"https:\/\/bobea.net\/#\/schema\/person\/e7f45ef187918d7c956bf619dce90ccf","name":"bobea.info","image":{"@type":"ImageObject","inLanguage":"fr-FR","@id":"https:\/\/bobea.net\/#\/schema\/person\/image\/","url":"https:\/\/secure.gravatar.com\/avatar\/36147980349df887ae30808df3e29474?s=96&d=mm&r=g","contentUrl":"https:\/\/secure.gravatar.com\/avatar\/36147980349df887ae30808df3e29474?s=96&d=mm&r=g","caption":"bobea.info"},"sameAs":["https:\/\/bobea.net"],"url":"https:\/\/bobea.net\/index.php\/author\/bobea-info\/"}]}},"_links":{"self":[{"href":"https:\/\/bobea.net\/index.php\/wp-json\/wp\/v2\/posts\/23963"}],"collection":[{"href":"https:\/\/bobea.net\/index.php\/wp-json\/wp\/v2\/posts"}],"about":[{"href":"https:\/\/bobea.net\/index.php\/wp-json\/wp\/v2\/types\/post"}],"author":[{"embeddable":true,"href":"https:\/\/bobea.net\/index.php\/wp-json\/wp\/v2\/users\/1"}],"replies":[{"embeddable":true,"href":"https:\/\/bobea.net\/index.php\/wp-json\/wp\/v2\/comments?post=23963"}],"version-history":[{"count":1,"href":"https:\/\/bobea.net\/index.php\/wp-json\/wp\/v2\/posts\/23963\/revisions"}],"predecessor-version":[{"id":23966,"href":"https:\/\/bobea.net\/index.php\/wp-json\/wp\/v2\/posts\/23963\/revisions\/23966"}],"wp:featuredmedia":[{"embeddable":true,"href":"https:\/\/bobea.net\/index.php\/wp-json\/wp\/v2\/media\/23965"}],"wp:attachment":[{"href":"https:\/\/bobea.net\/index.php\/wp-json\/wp\/v2\/media?parent=23963"}],"wp:term":[{"taxonomy":"category","embeddable":true,"href":"https:\/\/bobea.net\/index.php\/wp-json\/wp\/v2\/categories?post=23963"},{"taxonomy":"post_tag","embeddable":true,"href":"https:\/\/bobea.net\/index.php\/wp-json\/wp\/v2\/tags?post=23963"}],"curies":[{"name":"wp","href":"https:\/\/api.w.org\/{rel}","templated":true}]}}