{"id":23925,"date":"2025-08-25T19:17:51","date_gmt":"2025-08-25T19:17:51","guid":{"rendered":"https:\/\/bobea.net\/?p=23925"},"modified":"2025-08-25T19:17:54","modified_gmt":"2025-08-25T19:17:54","slug":"je-veux-refaire-mon-nez-mais-jai-peur-du-regard-de-mes-parents-un-combat-intime-et-universel","status":"publish","type":"post","link":"https:\/\/bobea.net\/index.php\/2025\/08\/25\/je-veux-refaire-mon-nez-mais-jai-peur-du-regard-de-mes-parents-un-combat-intime-et-universel\/","title":{"rendered":"\u201cJe veux refaire mon nez, mais j\u2019ai peur du regard de mes parents\u201d \u2013 Un combat intime et universel"},"content":{"rendered":"\n<p>La d\u00e9ci\u00adsion de recourir \u00e0 une chirurgie esth\u00e9\u00adtique, et plus par\u00adti\u00adc\u00aduli\u00e8re\u00adment \u00e0 une rhino\u00adplas\u00adtie, est sou\u00advent bien plus qu\u2019un sim\u00adple choix de beaut\u00e9. Pour de nom\u00adbreuses femmes, elle soul\u00e8ve un v\u00e9ri\u00adta\u00adble d\u00e9fi int\u00e9rieur : com\u00adment con\u00adcili\u00ader le d\u00e9sir pro\u00adfond de chang\u00ader un trait qui les com\u00adplexe avec la peur du juge\u00adment famil\u00adial, surtout lorsqu\u2019il s\u2019agit des par\u00adents, fig\u00adures d\u2019autorit\u00e9 affec\u00adtive et morale ?<\/p>\n\n\n\n<p>La pres\u00adsion sociale qui entoure les inter\u00adven\u00adtions esth\u00e9\u00adtiques demeure encore forte, mal\u00adgr\u00e9 l\u2019\u00e9volution des men\u00adtal\u00adit\u00e9s. Dans plusieurs familles, la chirurgie esth\u00e9\u00adtique peut \u00eatre per\u00e7ue comme un acte super\u00adflu, voire comme une forme d\u2019abandon des \u201cvaleurs naturelles\u201d. Cette oppo\u00adsi\u00adtion est sou\u00advent source de con\u00adflits silen\u00adcieux, o\u00f9 la femme se trou\u00adve tirail\u00adl\u00e9e entre sa qu\u00eate d\u2019assurance per\u00adson\u00adnelle et une forme de respect pour les attentes parentales.<\/p>\n\n\n\n<p>Selon les experts en psy\u00adcholo\u00adgie, ce dilemme ali\u00admen\u00adtaire la charge \u00e9mo\u00adtion\u00adnelle des femmes, ali\u00admen\u00adt\u00e9e par un besoin intense de recon\u00adnais\u00adsance. L\u2019accompagnement psy\u00adchologique devient pri\u00admor\u00addial : il s\u2019agit d\u2019ouvrir un dia\u00adlogue bien\u00adveil\u00adlant o\u00f9 la moti\u00adva\u00adtion est expliqu\u00e9e non comme un caprice, mais comme une n\u00e9ces\u00adsit\u00e9 pour avancer avec s\u00e9r\u00e9nit\u00e9. La cl\u00e9 r\u00e9side dans la com\u00admu\u00adni\u00adca\u00adtion, en par\u00adti\u00adc\u00aduli\u00ader avec des par\u00adents sou\u00advent sur\u00adpris par cette d\u00e9ci\u00adsion.<\/p>\n\n\n\n<p>Recourir \u00e0 la chirurgie pour mod\u00adi\u00adfi\u00ader un \u201cpetit d\u00e9faut\u201d peut chang\u00ader la vie d\u2019une femme en am\u00e9lio\u00adrant sa con\u00adfi\u00adance. Le sim\u00adple geste d\u2019aligner un pro\u00adfil, r\u00e9duire une bosse ou affin\u00ader une pointe peut d\u00e9blo\u00adquer des ann\u00e9es de com\u00adplex\u00ades et per\u00adme\u00adt\u00adtre un mieux-\u00eatre glob\u00adal, qui se r\u00e9per\u00adcute sur son entourage per\u00adson\u00adnel et pro\u00adfes\u00adsion\u00adnel.<\/p>\n\n\n\n<figure class=\"wp-block-image size-full\"><img loading=\"lazy\" decoding=\"async\" width=\"1024\" height=\"450\" src=\"https:\/\/bobea.net\/wp-content\/uploads\/2025\/08\/chirurgie-du-nez-rhinoplastie-clinique-clemenceau-1024x450-1.jpg\" alt class=\"wp-image-23926\" srcset=\"https:\/\/bobea.net\/wp-content\/uploads\/2025\/08\/chirurgie-du-nez-rhinoplastie-clinique-clemenceau-1024x450-1.jpg 1024w, https:\/\/bobea.net\/wp-content\/uploads\/2025\/08\/chirurgie-du-nez-rhinoplastie-clinique-clemenceau-1024x450-1-300x132.jpg 300w, https:\/\/bobea.net\/wp-content\/uploads\/2025\/08\/chirurgie-du-nez-rhinoplastie-clinique-clemenceau-1024x450-1-768x338.jpg 768w\" sizes=\"(max-width: 1024px) 100vw, 1024px\"><figcaption class=\"wp-element-caption\">xr:d:DAFobiW\u2013Us:591,j:6470950258198183056,t:23092009<\/figcaption><\/figure>\n\n\n\n<p>BOBEA a recueil\u00adli des t\u00e9moignages de femmes qui ont franchi ce pas, par\u00adfois \u00e0 con\u00adtrec\u0153ur face \u00e0 leurs proches, par\u00adfois avec leur sou\u00adtien. Toutes s\u2019accordent sur un point : plus que le r\u00e9sul\u00adtat esth\u00e9\u00adtique, c\u2019est la lib\u00adert\u00e9 retrou\u00adv\u00e9e qui les trans\u00adforme. Elles invi\u00adtent celles qui h\u00e9si\u00adtent \u00e0 \u00e9couter leur pro\u00adpre voix d\u2019abord, \u00e0 pren\u00addre le temps n\u00e9ces\u00adsaire et \u00e0 s\u2019entourer de pro\u00adfes\u00adsion\u00adnels humains.<\/p>\n\n\n\n<p>Le regard des par\u00adents est impor\u00adtant, mais il ne doit pas b\u00e2il\u00adlon\u00adner les envies pro\u00adfondes d\u2019une femme qui r\u00eave d\u2019harmonie avec son corps. Le respect mutuel et l\u2019empathie peu\u00advent ouvrir la voie \u00e0 une accep\u00adta\u00adtion totale, aus\u00adsi bien pour la femme con\u00adcern\u00e9e que pour sa famille. Ain\u00adsi, ce com\u00adbat intime devient une his\u00adtoire col\u00adlec\u00adtive, une oppor\u00adtu\u00adnit\u00e9 de mieux com\u00adpren\u00addre la com\u00adplex\u00adit\u00e9 des liens famil\u00adi\u00adaux, et un appel \u00e0 se lib\u00e9r\u00ader du poids des juge\u00adments pour s\u2019\u00e9panouir pleine\u00adment<\/p>\n","protected":false},"excerpt":{"rendered":"<p>La d\u00e9ci\u00adsion de recourir \u00e0 une chirurgie esth\u00e9\u00adtique, et plus par\u00adti\u00adc\u00aduli\u00e8re\u00adment \u00e0 une rhino\u00adplas\u00adtie, est sou\u00advent bien plus qu\u2019un sim\u00adple choix de beaut\u00e9. Pour de nom\u00adbreuses femmes, elle soul\u00e8ve un\u2026 <\/p>\n","protected":false},"author":1,"featured_media":23927,"comment_status":"open","ping_status":"closed","sticky":false,"template":"","format":"standard","meta":{"wp_typography_post_enhancements_disabled":false,"footnotes":""},"categories":[73],"tags":[],"class_list":["post-23925","post","type-post","status-publish","format-standard","has-post-thumbnail","hentry","category-on-en-parle"],"yoast_head":"<!-- This site is optimized with the Yoast SEO plugin v24.7 - https:\/\/yoast.com\/wordpress\/plugins\/seo\/ -->\n<title>\u201cJe veux refaire mon nez, mais j\u2019ai peur du regard de mes parents\u201d \u2013 Un combat intime et universel - Bobea<\/title>\n<meta name=\"description\" content=\"Le regard des parents est important, mais il ne doit pas b\u00e2illonner les envies profondes d\u2019une femme qui r\u00eave d\u2019harmonie avec son corps.\" \/>\n<meta name=\"robots\" content=\"index, follow, max-snippet:-1, max-image-preview:large, max-video-preview:-1\" \/>\n<link rel=\"canonical\" href=\"https:\/\/bobea.net\/index.php\/2025\/08\/25\/je-veux-refaire-mon-nez-mais-jai-peur-du-regard-de-mes-parents-un-combat-intime-et-universel\/\" \/>\n<meta property=\"og:locale\" content=\"fr_FR\" \/>\n<meta property=\"og:type\" content=\"article\" \/>\n<meta property=\"og:title\" content=\"\u201cJe veux refaire mon nez, mais j\u2019ai peur du regard de mes parents\u201d \u2013 Un combat intime et universel - Bobea\" \/>\n<meta property=\"og:description\" content=\"Le regard des parents est important, mais il ne doit pas b\u00e2illonner les envies profondes d\u2019une femme qui r\u00eave d\u2019harmonie avec son corps.\" \/>\n<meta property=\"og:url\" content=\"https:\/\/bobea.net\/index.php\/2025\/08\/25\/je-veux-refaire-mon-nez-mais-jai-peur-du-regard-de-mes-parents-un-combat-intime-et-universel\/\" \/>\n<meta property=\"og:site_name\" content=\"Bobea\" \/>\n<meta property=\"article:publisher\" content=\"https:\/\/web.facebook.com\/profile.php?id=61559252188416\" \/>\n<meta property=\"article:published_time\" content=\"2025-08-25T19:17:51+00:00\" \/>\n<meta property=\"article:modified_time\" content=\"2025-08-25T19:17:54+00:00\" \/>\n<meta property=\"og:image\" content=\"https:\/\/bobea.net\/wp-content\/uploads\/2025\/08\/cover-je-n_aime-pas-mon-nez-luneau-aix-en-provence-scaled-1.jpg\" \/>\n\t<meta property=\"og:image:width\" content=\"2560\" \/>\n\t<meta property=\"og:image:height\" content=\"1707\" \/>\n\t<meta property=\"og:image:type\" content=\"image\/jpeg\" \/>\n<meta name=\"author\" content=\"bobea.info\" \/>\n<meta name=\"twitter:card\" content=\"summary_large_image\" \/>\n<meta name=\"twitter:label1\" content=\"\u00c9crit par\" \/>\n\t<meta name=\"twitter:data1\" content=\"bobea.info\" \/>\n\t<meta name=\"twitter:label2\" content=\"Dur\u00e9e de lecture estim\u00e9e\" \/>\n\t<meta name=\"twitter:data2\" content=\"3 minutes\" \/>\n<script type=\"application\/ld+json\" class=\"yoast-schema-graph\">{\"@context\":\"https:\/\/schema.org\",\"@graph\":[{\"@type\":\"Article\",\"@id\":\"https:\/\/bobea.net\/index.php\/2025\/08\/25\/je-veux-refaire-mon-nez-mais-jai-peur-du-regard-de-mes-parents-un-combat-intime-et-universel\/#article\",\"isPartOf\":{\"@id\":\"https:\/\/bobea.net\/index.php\/2025\/08\/25\/je-veux-refaire-mon-nez-mais-jai-peur-du-regard-de-mes-parents-un-combat-intime-et-universel\/\"},\"author\":{\"name\":\"bobea.info\",\"@id\":\"https:\/\/bobea.net\/#\/schema\/person\/e7f45ef187918d7c956bf619dce90ccf\"},\"headline\":\"\u201cJe veux refaire mon nez, mais j\u2019ai peur du regard de mes parents\u201d \u2013 Un combat intime et universel\",\"datePublished\":\"2025-08-25T19:17:51+00:00\",\"dateModified\":\"2025-08-25T19:17:54+00:00\",\"mainEntityOfPage\":{\"@id\":\"https:\/\/bobea.net\/index.php\/2025\/08\/25\/je-veux-refaire-mon-nez-mais-jai-peur-du-regard-de-mes-parents-un-combat-intime-et-universel\/\"},\"wordCount\":452,\"commentCount\":0,\"publisher\":{\"@id\":\"https:\/\/bobea.net\/#organization\"},\"image\":{\"@id\":\"https:\/\/bobea.net\/index.php\/2025\/08\/25\/je-veux-refaire-mon-nez-mais-jai-peur-du-regard-de-mes-parents-un-combat-intime-et-universel\/#primaryimage\"},\"thumbnailUrl\":\"https:\/\/bobea.net\/wp-content\/uploads\/2025\/08\/cover-je-n_aime-pas-mon-nez-luneau-aix-en-provence-scaled-1.jpg\",\"articleSection\":[\"On en Parle\"],\"inLanguage\":\"fr-FR\",\"potentialAction\":[{\"@type\":\"CommentAction\",\"name\":\"Comment\",\"target\":[\"https:\/\/bobea.net\/index.php\/2025\/08\/25\/je-veux-refaire-mon-nez-mais-jai-peur-du-regard-de-mes-parents-un-combat-intime-et-universel\/#respond\"]}]},{\"@type\":\"WebPage\",\"@id\":\"https:\/\/bobea.net\/index.php\/2025\/08\/25\/je-veux-refaire-mon-nez-mais-jai-peur-du-regard-de-mes-parents-un-combat-intime-et-universel\/\",\"url\":\"https:\/\/bobea.net\/index.php\/2025\/08\/25\/je-veux-refaire-mon-nez-mais-jai-peur-du-regard-de-mes-parents-un-combat-intime-et-universel\/\",\"name\":\"\u201cJe veux refaire mon nez, mais j\u2019ai peur du regard de mes parents\u201d \u2013 Un combat intime et universel - Bobea\",\"isPartOf\":{\"@id\":\"https:\/\/bobea.net\/#website\"},\"primaryImageOfPage\":{\"@id\":\"https:\/\/bobea.net\/index.php\/2025\/08\/25\/je-veux-refaire-mon-nez-mais-jai-peur-du-regard-de-mes-parents-un-combat-intime-et-universel\/#primaryimage\"},\"image\":{\"@id\":\"https:\/\/bobea.net\/index.php\/2025\/08\/25\/je-veux-refaire-mon-nez-mais-jai-peur-du-regard-de-mes-parents-un-combat-intime-et-universel\/#primaryimage\"},\"thumbnailUrl\":\"https:\/\/bobea.net\/wp-content\/uploads\/2025\/08\/cover-je-n_aime-pas-mon-nez-luneau-aix-en-provence-scaled-1.jpg\",\"datePublished\":\"2025-08-25T19:17:51+00:00\",\"dateModified\":\"2025-08-25T19:17:54+00:00\",\"description\":\"Le regard des parents est important, mais il ne doit pas b\u00e2illonner les envies profondes d\u2019une femme qui r\u00eave d\u2019harmonie avec son corps.\",\"breadcrumb\":{\"@id\":\"https:\/\/bobea.net\/index.php\/2025\/08\/25\/je-veux-refaire-mon-nez-mais-jai-peur-du-regard-de-mes-parents-un-combat-intime-et-universel\/#breadcrumb\"},\"inLanguage\":\"fr-FR\",\"potentialAction\":[{\"@type\":\"ReadAction\",\"target\":[\"https:\/\/bobea.net\/index.php\/2025\/08\/25\/je-veux-refaire-mon-nez-mais-jai-peur-du-regard-de-mes-parents-un-combat-intime-et-universel\/\"]}]},{\"@type\":\"ImageObject\",\"inLanguage\":\"fr-FR\",\"@id\":\"https:\/\/bobea.net\/index.php\/2025\/08\/25\/je-veux-refaire-mon-nez-mais-jai-peur-du-regard-de-mes-parents-un-combat-intime-et-universel\/#primaryimage\",\"url\":\"https:\/\/bobea.net\/wp-content\/uploads\/2025\/08\/cover-je-n_aime-pas-mon-nez-luneau-aix-en-provence-scaled-1.jpg\",\"contentUrl\":\"https:\/\/bobea.net\/wp-content\/uploads\/2025\/08\/cover-je-n_aime-pas-mon-nez-luneau-aix-en-provence-scaled-1.jpg\",\"width\":2560,\"height\":1707},{\"@type\":\"BreadcrumbList\",\"@id\":\"https:\/\/bobea.net\/index.php\/2025\/08\/25\/je-veux-refaire-mon-nez-mais-jai-peur-du-regard-de-mes-parents-un-combat-intime-et-universel\/#breadcrumb\",\"itemListElement\":[{\"@type\":\"ListItem\",\"position\":1,\"name\":\"Accueil\",\"item\":\"https:\/\/bobea.net\/\"},{\"@type\":\"ListItem\",\"position\":2,\"name\":\"\u201cJe veux refaire mon nez, mais j\u2019ai peur du regard de mes parents\u201d \u2013 Un combat intime et universel\"}]},{\"@type\":\"WebSite\",\"@id\":\"https:\/\/bobea.net\/#website\",\"url\":\"https:\/\/bobea.net\/\",\"name\":\"Bobea\",\"description\":\"Le magazine de la nouvelle \u00c8ve\",\"publisher\":{\"@id\":\"https:\/\/bobea.net\/#organization\"},\"potentialAction\":[{\"@type\":\"SearchAction\",\"target\":{\"@type\":\"EntryPoint\",\"urlTemplate\":\"https:\/\/bobea.net\/?s={search_term_string}\"},\"query-input\":{\"@type\":\"PropertyValueSpecification\",\"valueRequired\":true,\"valueName\":\"search_term_string\"}}],\"inLanguage\":\"fr-FR\"},{\"@type\":\"Organization\",\"@id\":\"https:\/\/bobea.net\/#organization\",\"name\":\"Bobea\",\"url\":\"https:\/\/bobea.net\/\",\"logo\":{\"@type\":\"ImageObject\",\"inLanguage\":\"fr-FR\",\"@id\":\"https:\/\/bobea.net\/#\/schema\/logo\/image\/\",\"url\":\"https:\/\/bobea.net\/wp-content\/uploads\/2024\/06\/bobea.jpg\",\"contentUrl\":\"https:\/\/bobea.net\/wp-content\/uploads\/2024\/06\/bobea.jpg\",\"width\":1080,\"height\":1080,\"caption\":\"Bobea\"},\"image\":{\"@id\":\"https:\/\/bobea.net\/#\/schema\/logo\/image\/\"},\"sameAs\":[\"https:\/\/web.facebook.com\/profile.php?id=61559252188416\"]},{\"@type\":\"Person\",\"@id\":\"https:\/\/bobea.net\/#\/schema\/person\/e7f45ef187918d7c956bf619dce90ccf\",\"name\":\"bobea.info\",\"image\":{\"@type\":\"ImageObject\",\"inLanguage\":\"fr-FR\",\"@id\":\"https:\/\/bobea.net\/#\/schema\/person\/image\/\",\"url\":\"https:\/\/secure.gravatar.com\/avatar\/36147980349df887ae30808df3e29474?s=96&d=mm&r=g\",\"contentUrl\":\"https:\/\/secure.gravatar.com\/avatar\/36147980349df887ae30808df3e29474?s=96&d=mm&r=g\",\"caption\":\"bobea.info\"},\"sameAs\":[\"https:\/\/bobea.net\"],\"url\":\"https:\/\/bobea.net\/index.php\/author\/bobea-info\/\"}]}<\/script>\n<!-- \/ Yoast SEO plugin. -->","yoast_head_json":{"title":"\u201cJe veux refaire mon nez, mais j\u2019ai peur du regard de mes parents\u201d \u2013 Un combat intime et universel - Bobea","description":"Le regard des parents est important, mais il ne doit pas b\u00e2illonner les envies profondes d\u2019une femme qui r\u00eave d\u2019harmonie avec son corps.","robots":{"index":"index","follow":"follow","max-snippet":"max-snippet:-1","max-image-preview":"max-image-preview:large","max-video-preview":"max-video-preview:-1"},"canonical":"https:\/\/bobea.net\/index.php\/2025\/08\/25\/je-veux-refaire-mon-nez-mais-jai-peur-du-regard-de-mes-parents-un-combat-intime-et-universel\/","og_locale":"fr_FR","og_type":"article","og_title":"\u201cJe veux refaire mon nez, mais j\u2019ai peur du regard de mes parents\u201d \u2013 Un combat intime et universel - Bobea","og_description":"Le regard des parents est important, mais il ne doit pas b\u00e2illonner les envies profondes d\u2019une femme qui r\u00eave d\u2019harmonie avec son corps.","og_url":"https:\/\/bobea.net\/index.php\/2025\/08\/25\/je-veux-refaire-mon-nez-mais-jai-peur-du-regard-de-mes-parents-un-combat-intime-et-universel\/","og_site_name":"Bobea","article_publisher":"https:\/\/web.facebook.com\/profile.php?id=61559252188416","article_published_time":"2025-08-25T19:17:51+00:00","article_modified_time":"2025-08-25T19:17:54+00:00","og_image":[{"width":2560,"height":1707,"url":"https:\/\/bobea.net\/wp-content\/uploads\/2025\/08\/cover-je-n_aime-pas-mon-nez-luneau-aix-en-provence-scaled-1.jpg","type":"image\/jpeg"}],"author":"bobea.info","twitter_card":"summary_large_image","twitter_misc":{"\u00c9crit par":"bobea.info","Dur\u00e9e de lecture estim\u00e9e":"3 minutes"},"schema":{"@context":"https:\/\/schema.org","@graph":[{"@type":"Article","@id":"https:\/\/bobea.net\/index.php\/2025\/08\/25\/je-veux-refaire-mon-nez-mais-jai-peur-du-regard-de-mes-parents-un-combat-intime-et-universel\/#article","isPartOf":{"@id":"https:\/\/bobea.net\/index.php\/2025\/08\/25\/je-veux-refaire-mon-nez-mais-jai-peur-du-regard-de-mes-parents-un-combat-intime-et-universel\/"},"author":{"name":"bobea.info","@id":"https:\/\/bobea.net\/#\/schema\/person\/e7f45ef187918d7c956bf619dce90ccf"},"headline":"\u201cJe veux refaire mon nez, mais j\u2019ai peur du regard de mes parents\u201d \u2013 Un combat intime et universel","datePublished":"2025-08-25T19:17:51+00:00","dateModified":"2025-08-25T19:17:54+00:00","mainEntityOfPage":{"@id":"https:\/\/bobea.net\/index.php\/2025\/08\/25\/je-veux-refaire-mon-nez-mais-jai-peur-du-regard-de-mes-parents-un-combat-intime-et-universel\/"},"wordCount":452,"commentCount":0,"publisher":{"@id":"https:\/\/bobea.net\/#organization"},"image":{"@id":"https:\/\/bobea.net\/index.php\/2025\/08\/25\/je-veux-refaire-mon-nez-mais-jai-peur-du-regard-de-mes-parents-un-combat-intime-et-universel\/#primaryimage"},"thumbnailUrl":"https:\/\/bobea.net\/wp-content\/uploads\/2025\/08\/cover-je-n_aime-pas-mon-nez-luneau-aix-en-provence-scaled-1.jpg","articleSection":["On en Parle"],"inLanguage":"fr-FR","potentialAction":[{"@type":"CommentAction","name":"Comment","target":["https:\/\/bobea.net\/index.php\/2025\/08\/25\/je-veux-refaire-mon-nez-mais-jai-peur-du-regard-de-mes-parents-un-combat-intime-et-universel\/#respond"]}]},{"@type":"WebPage","@id":"https:\/\/bobea.net\/index.php\/2025\/08\/25\/je-veux-refaire-mon-nez-mais-jai-peur-du-regard-de-mes-parents-un-combat-intime-et-universel\/","url":"https:\/\/bobea.net\/index.php\/2025\/08\/25\/je-veux-refaire-mon-nez-mais-jai-peur-du-regard-de-mes-parents-un-combat-intime-et-universel\/","name":"\u201cJe veux refaire mon nez, mais j\u2019ai peur du regard de mes parents\u201d \u2013 Un combat intime et universel - Bobea","isPartOf":{"@id":"https:\/\/bobea.net\/#website"},"primaryImageOfPage":{"@id":"https:\/\/bobea.net\/index.php\/2025\/08\/25\/je-veux-refaire-mon-nez-mais-jai-peur-du-regard-de-mes-parents-un-combat-intime-et-universel\/#primaryimage"},"image":{"@id":"https:\/\/bobea.net\/index.php\/2025\/08\/25\/je-veux-refaire-mon-nez-mais-jai-peur-du-regard-de-mes-parents-un-combat-intime-et-universel\/#primaryimage"},"thumbnailUrl":"https:\/\/bobea.net\/wp-content\/uploads\/2025\/08\/cover-je-n_aime-pas-mon-nez-luneau-aix-en-provence-scaled-1.jpg","datePublished":"2025-08-25T19:17:51+00:00","dateModified":"2025-08-25T19:17:54+00:00","description":"Le regard des parents est important, mais il ne doit pas b\u00e2illonner les envies profondes d\u2019une femme qui r\u00eave d\u2019harmonie avec son corps.","breadcrumb":{"@id":"https:\/\/bobea.net\/index.php\/2025\/08\/25\/je-veux-refaire-mon-nez-mais-jai-peur-du-regard-de-mes-parents-un-combat-intime-et-universel\/#breadcrumb"},"inLanguage":"fr-FR","potentialAction":[{"@type":"ReadAction","target":["https:\/\/bobea.net\/index.php\/2025\/08\/25\/je-veux-refaire-mon-nez-mais-jai-peur-du-regard-de-mes-parents-un-combat-intime-et-universel\/"]}]},{"@type":"ImageObject","inLanguage":"fr-FR","@id":"https:\/\/bobea.net\/index.php\/2025\/08\/25\/je-veux-refaire-mon-nez-mais-jai-peur-du-regard-de-mes-parents-un-combat-intime-et-universel\/#primaryimage","url":"https:\/\/bobea.net\/wp-content\/uploads\/2025\/08\/cover-je-n_aime-pas-mon-nez-luneau-aix-en-provence-scaled-1.jpg","contentUrl":"https:\/\/bobea.net\/wp-content\/uploads\/2025\/08\/cover-je-n_aime-pas-mon-nez-luneau-aix-en-provence-scaled-1.jpg","width":2560,"height":1707},{"@type":"BreadcrumbList","@id":"https:\/\/bobea.net\/index.php\/2025\/08\/25\/je-veux-refaire-mon-nez-mais-jai-peur-du-regard-de-mes-parents-un-combat-intime-et-universel\/#breadcrumb","itemListElement":[{"@type":"ListItem","position":1,"name":"Accueil","item":"https:\/\/bobea.net\/"},{"@type":"ListItem","position":2,"name":"\u201cJe veux refaire mon nez, mais j\u2019ai peur du regard de mes parents\u201d \u2013 Un combat intime et universel"}]},{"@type":"WebSite","@id":"https:\/\/bobea.net\/#website","url":"https:\/\/bobea.net\/","name":"Bobea","description":"Le magazine de la nouvelle \u00c8ve","publisher":{"@id":"https:\/\/bobea.net\/#organization"},"potentialAction":[{"@type":"SearchAction","target":{"@type":"EntryPoint","urlTemplate":"https:\/\/bobea.net\/?s={search_term_string}"},"query-input":{"@type":"PropertyValueSpecification","valueRequired":true,"valueName":"search_term_string"}}],"inLanguage":"fr-FR"},{"@type":"Organization","@id":"https:\/\/bobea.net\/#organization","name":"Bobea","url":"https:\/\/bobea.net\/","logo":{"@type":"ImageObject","inLanguage":"fr-FR","@id":"https:\/\/bobea.net\/#\/schema\/logo\/image\/","url":"https:\/\/bobea.net\/wp-content\/uploads\/2024\/06\/bobea.jpg","contentUrl":"https:\/\/bobea.net\/wp-content\/uploads\/2024\/06\/bobea.jpg","width":1080,"height":1080,"caption":"Bobea"},"image":{"@id":"https:\/\/bobea.net\/#\/schema\/logo\/image\/"},"sameAs":["https:\/\/web.facebook.com\/profile.php?id=61559252188416"]},{"@type":"Person","@id":"https:\/\/bobea.net\/#\/schema\/person\/e7f45ef187918d7c956bf619dce90ccf","name":"bobea.info","image":{"@type":"ImageObject","inLanguage":"fr-FR","@id":"https:\/\/bobea.net\/#\/schema\/person\/image\/","url":"https:\/\/secure.gravatar.com\/avatar\/36147980349df887ae30808df3e29474?s=96&d=mm&r=g","contentUrl":"https:\/\/secure.gravatar.com\/avatar\/36147980349df887ae30808df3e29474?s=96&d=mm&r=g","caption":"bobea.info"},"sameAs":["https:\/\/bobea.net"],"url":"https:\/\/bobea.net\/index.php\/author\/bobea-info\/"}]}},"_links":{"self":[{"href":"https:\/\/bobea.net\/index.php\/wp-json\/wp\/v2\/posts\/23925"}],"collection":[{"href":"https:\/\/bobea.net\/index.php\/wp-json\/wp\/v2\/posts"}],"about":[{"href":"https:\/\/bobea.net\/index.php\/wp-json\/wp\/v2\/types\/post"}],"author":[{"embeddable":true,"href":"https:\/\/bobea.net\/index.php\/wp-json\/wp\/v2\/users\/1"}],"replies":[{"embeddable":true,"href":"https:\/\/bobea.net\/index.php\/wp-json\/wp\/v2\/comments?post=23925"}],"version-history":[{"count":1,"href":"https:\/\/bobea.net\/index.php\/wp-json\/wp\/v2\/posts\/23925\/revisions"}],"predecessor-version":[{"id":23928,"href":"https:\/\/bobea.net\/index.php\/wp-json\/wp\/v2\/posts\/23925\/revisions\/23928"}],"wp:featuredmedia":[{"embeddable":true,"href":"https:\/\/bobea.net\/index.php\/wp-json\/wp\/v2\/media\/23927"}],"wp:attachment":[{"href":"https:\/\/bobea.net\/index.php\/wp-json\/wp\/v2\/media?parent=23925"}],"wp:term":[{"taxonomy":"category","embeddable":true,"href":"https:\/\/bobea.net\/index.php\/wp-json\/wp\/v2\/categories?post=23925"},{"taxonomy":"post_tag","embeddable":true,"href":"https:\/\/bobea.net\/index.php\/wp-json\/wp\/v2\/tags?post=23925"}],"curies":[{"name":"wp","href":"https:\/\/api.w.org\/{rel}","templated":true}]}}