{"id":23890,"date":"2025-08-25T18:35:52","date_gmt":"2025-08-25T18:35:52","guid":{"rendered":"https:\/\/bobea.net\/?p=23890"},"modified":"2025-08-25T18:35:53","modified_gmt":"2025-08-25T18:35:53","slug":"om-le-vestiaire-marseillais-en-feu-laffaire-adrien-rabiot-secoue-la-ligue-1","status":"publish","type":"post","link":"https:\/\/bobea.net\/index.php\/2025\/08\/25\/om-le-vestiaire-marseillais-en-feu-laffaire-adrien-rabiot-secoue-la-ligue-1\/","title":{"rendered":"OM : le vestiaire marseillais en feu, l\u2019affaire Adrien Rabiot secoue la Ligue 1"},"content":{"rendered":"\n<p><strong>Le c\u0153ur de l\u2019actualit\u00e9 : un ves\u00adti\u00adaire sous haute ten\u00adsion \u00e0 Mar\u00adseille<\/strong><\/p>\n\n\n\n<p>Le feuil\u00adleton de l\u2019\u00e9t\u00e9 2025 \u00e0 Mar\u00adseille a pris une tour\u00adnure explo\u00adsive&nbsp;: l\u2019<strong>affaire Adrien Rabiot<\/strong>, qui agite tout le ves\u00adti\u00adaire de l\u2019OM, n\u2019en finit plus de faire les gros titres et de divis\u00ader la plan\u00e8te foot. Ce qui ne devait \u00eatre qu\u2019une sim\u00adple alter\u00adca\u00adtion de ves\u00adti\u00adaire s\u2019est trans\u00adfor\u00adm\u00e9 en v\u00e9ri\u00adta\u00adble crise de lead\u00ader\u00adship, met\u00adtant en lumi\u00e8re la fragilit\u00e9 de la coh\u00e9\u00adsion dans le groupe phoc\u00e9en en ce d\u00e9but de sai\u00adson&nbsp;.<\/p>\n\n\n\n<p><strong>Retour sur la crise&nbsp;: de la pro\u00adlon\u00adga\u00adtion esp\u00e9r\u00e9e au chaos interne<\/strong><\/p>\n\n\n\n<p>Il y a encore quelques jours, un accord de pro\u00adlon\u00adga\u00adtion jusqu\u2019en 2027 sem\u00adblait scel\u00adl\u00e9 entre&nbsp;<strong>le clan Rabiot et la direc\u00adtion de l\u2019OM<\/strong>. Dans les bureaux de la Com\u00adman\u00adderie, l\u2019avenir d\u2019Adrien Rabiot sem\u00adblait \u00e9crit en bleu et blanc&nbsp;: un \u00ab&nbsp;gentlemen\u2019s agree\u00adment&nbsp;\u00bb ouvrait la porte \u00e0 un d\u00e9part en juin 2026 en cas d\u2019offre XXL, garan\u00adtis\u00adsant sta\u00adbil\u00adit\u00e9 et ambi\u00adtion \u00e0 tout le club&nbsp;. Mais tout a bas\u00adcul\u00e9 suite \u00e0 une alter\u00adca\u00adtion d\u2019une rare inten\u00adsit\u00e9 entre le milieu inter\u00adna\u00adtion\u00adal fran\u00e7ais et Jonathan Rowe, devenu le sym\u00adbole d\u2019une cas\u00adsure interne.<\/p>\n\n\n\n<p><strong>Vio\u00adlences, sanc\u00adtions et frac\u00adtures<\/strong><\/p>\n\n\n\n<p>Cette con\u00adfronta\u00adtion dans le ves\u00adti\u00adaire, qual\u00adi\u00adfi\u00e9e de \u00ab&nbsp;vio\u00adlence inou\u00efe&nbsp;\u00bb par plusieurs m\u00e9dias, a choqu\u00e9 jusque dans l\u2019\u00e9lite du foot\u00adball pro\u00adfes\u00adsion\u00adnel fran\u00e7ais. R\u00e9sul\u00adtat imm\u00e9\u00addi\u00adat&nbsp;: l\u2019exclusion de Rabiot, sanc\u00adtion s\u00e9v\u00e8re qui a partag\u00e9 autant le groupe que les sup\u00adport\u00aders. Frus\u00adtra\u00adtions, incom\u00adpr\u00e9hen\u00adsions et r\u00e9per\u00adcus\u00adsions m\u00e9di\u00ada\u00adtiques ont sec\u00adou\u00e9 l\u2019OM, et cer\u00adtains joueurs anticipent d\u00e9j\u00e0 de futures com\u00adpli\u00adca\u00adtions sportives au fil de la sai\u00adson&nbsp;.<\/p>\n\n\n\n<p><strong>Le ves\u00adti\u00adaire prend posi\u00adtion, la direc\u00adtion inflex\u00adi\u00adble<\/strong><\/p>\n\n\n\n<p>Dans cette tem\u00adp\u00eate, le ves\u00adti\u00adaire mar\u00adseil\u00adlais n\u2019est pas rest\u00e9 muet. Si la direc\u00adtion souhaite d\u00e9sor\u00admais tourn\u00ader la page Adrien Rabiot, de nom\u00adbreux cadres esp\u00e8rent pour\u00adtant son main\u00adtien, notam\u00adment pour sa qual\u00adit\u00e9 sportive et son impli\u00adca\u00adtion sur le ter\u00adrain. Des voix r\u00e9cla\u00adment l\u2019apaisement&nbsp;; d\u2019autres, une fer\u00admet\u00e9 exem\u00adplaire.&nbsp;<strong>Rober\u00adto De Zer\u00adbi<\/strong>, entra\u00eeneur de l\u2019OM, a r\u00e9cem\u00adment sur\u00adpris tout Mar\u00adseille en \u00e9vo\u00adquant pos\u00adsi\u00adble r\u00e9in\u00adt\u00e9\u00adgra\u00adtion, con\u00adtre l\u2019avis d\u2019une par\u00adtie du board&nbsp;.<\/p>\n\n\n\n<figure class=\"wp-block-image size-full is-resized\"><img loading=\"lazy\" decoding=\"async\" width=\"648\" height=\"415\" src=\"https:\/\/bobea.net\/wp-content\/uploads\/2025\/08\/4dc988eed556d7c1d4f618362ac98090.webp\" alt class=\"wp-image-23891\" style=\"width:840px;height:auto\" srcset=\"https:\/\/bobea.net\/wp-content\/uploads\/2025\/08\/4dc988eed556d7c1d4f618362ac98090.webp 648w, https:\/\/bobea.net\/wp-content\/uploads\/2025\/08\/4dc988eed556d7c1d4f618362ac98090-300x192.webp 300w\" sizes=\"(max-width: 648px) 100vw, 648px\"><\/figure>\n\n\n\n<p><strong>L\u2019OM \u00e0 un moment charni\u00e8re : enjeux sportifs, image et mer\u00adca\u00adto<\/strong><\/p>\n\n\n\n<p>Ce tumulte risque d\u2019avoir un impact de taille&nbsp;: non seule\u00adment sur la coh\u00e9\u00adsion et la dis\u00adci\u00adpline du groupe, mais aus\u00adsi sur la suite du mer\u00adca\u00adto. La place de Rabiot dans l\u2019effectif divise, tan\u00addis que la r\u00e9pu\u00adta\u00adtion du club, habitu\u00e9 des pas\u00adsions et des exc\u00e8s, fait de nou\u00adveau la une des m\u00e9dias&nbsp;. Les sup\u00adport\u00aders, eux, restent partag\u00e9s entre sou\u00adtien au joueur et \u00e0 l\u2019institution.<\/p>\n\n\n\n<p><strong>Les mots-cl\u00e9s de la crise&nbsp;: ves\u00adti\u00adaire OM, Adrien Rabiot, alter\u00adca\u00adtion, ves\u00adti\u00adaire, Ligue 1, pol\u00e9mique, sanc\u00adtion, mer\u00adca\u00adto, \u00e9quipe, coh\u00e9\u00adsion, dis\u00adci\u00adpline.<\/strong><\/p>\n\n\n\n<p><strong>Quelles per\u00adspec\u00adtives pour l\u2019OM et Rabiot&nbsp;?<\/strong><\/p>\n\n\n\n<p>La r\u00e9in\u00adt\u00e9\u00adgra\u00adtion de l\u2019international tri\u00adcol\u00adore est-elle encore pos\u00adsi\u00adble&nbsp;? La r\u00e9ponse n\u2019appartient pas seule\u00adment \u00e0 la direc\u00adtion, mais aus\u00adsi \u00e0 l\u2019\u00e9quilibre frag\u00adile du ves\u00adti\u00adaire. Une chose est s\u00fbre&nbsp;: l\u2019OM 2025 devra trou\u00adver tr\u00e8s vite la voie de la sta\u00adbil\u00adit\u00e9 pour esp\u00e9r\u00ader retrou\u00adver les som\u00admets de la Ligue 1 et restau\u00adr\u00ader une image frag\u00adilis\u00e9e par ce feuil\u00adleton br\u00fblant.<\/p>\n","protected":false},"excerpt":{"rendered":"<p>Le c\u0153ur de l\u2019actualit\u00e9 : un ves\u00adti\u00adaire sous haute ten\u00adsion \u00e0 Mar\u00adseille Le feuil\u00adleton de l\u2019\u00e9t\u00e9 2025 \u00e0 Mar\u00adseille a pris une tour\u00adnure explo\u00adsive&nbsp;: l\u2019affaire Adrien Rabiot, qui agite tout\u2026 <\/p>\n","protected":false},"author":1,"featured_media":23892,"comment_status":"open","ping_status":"closed","sticky":false,"template":"","format":"standard","meta":{"wp_typography_post_enhancements_disabled":false,"footnotes":""},"categories":[73],"tags":[],"class_list":["post-23890","post","type-post","status-publish","format-standard","has-post-thumbnail","hentry","category-on-en-parle"],"yoast_head":"<!-- This site is optimized with the Yoast SEO plugin v24.7 - https:\/\/yoast.com\/wordpress\/plugins\/seo\/ -->\n<title>OM : le vestiaire marseillais en feu, l\u2019affaire Adrien Rabiot secoue la Ligue 1 - Bobea<\/title>\n<meta name=\"description\" content=\"La r\u00e9int\u00e9gration de l\u2019international tricolore est-elle encore possible\u202f? La r\u00e9ponse n\u2019appartient pas seulement \u00e0 la direction\" \/>\n<meta name=\"robots\" content=\"index, follow, max-snippet:-1, max-image-preview:large, max-video-preview:-1\" \/>\n<link rel=\"canonical\" href=\"https:\/\/bobea.net\/index.php\/2025\/08\/25\/om-le-vestiaire-marseillais-en-feu-laffaire-adrien-rabiot-secoue-la-ligue-1\/\" \/>\n<meta property=\"og:locale\" content=\"fr_FR\" \/>\n<meta property=\"og:type\" content=\"article\" \/>\n<meta property=\"og:title\" content=\"OM : le vestiaire marseillais en feu, l\u2019affaire Adrien Rabiot secoue la Ligue 1 - Bobea\" \/>\n<meta property=\"og:description\" content=\"La r\u00e9int\u00e9gration de l\u2019international tricolore est-elle encore possible\u202f? La r\u00e9ponse n\u2019appartient pas seulement \u00e0 la direction\" \/>\n<meta property=\"og:url\" content=\"https:\/\/bobea.net\/index.php\/2025\/08\/25\/om-le-vestiaire-marseillais-en-feu-laffaire-adrien-rabiot-secoue-la-ligue-1\/\" \/>\n<meta property=\"og:site_name\" content=\"Bobea\" \/>\n<meta property=\"article:publisher\" content=\"https:\/\/web.facebook.com\/profile.php?id=61559252188416\" \/>\n<meta property=\"article:published_time\" content=\"2025-08-25T18:35:52+00:00\" \/>\n<meta property=\"article:modified_time\" content=\"2025-08-25T18:35:53+00:00\" \/>\n<meta property=\"og:image\" content=\"https:\/\/bobea.net\/wp-content\/uploads\/2025\/08\/1200-L-om-le-vestiaire-proche-d-exploser-cause-du-cas-rabiot.jpg\" \/>\n\t<meta property=\"og:image:width\" content=\"1200\" \/>\n\t<meta property=\"og:image:height\" content=\"640\" \/>\n\t<meta property=\"og:image:type\" content=\"image\/jpeg\" \/>\n<meta name=\"author\" content=\"bobea.info\" \/>\n<meta name=\"twitter:card\" content=\"summary_large_image\" \/>\n<meta name=\"twitter:label1\" content=\"\u00c9crit par\" \/>\n\t<meta name=\"twitter:data1\" content=\"bobea.info\" \/>\n\t<meta name=\"twitter:label2\" content=\"Dur\u00e9e de lecture estim\u00e9e\" \/>\n\t<meta name=\"twitter:data2\" content=\"3 minutes\" \/>\n<script type=\"application\/ld+json\" class=\"yoast-schema-graph\">{\"@context\":\"https:\/\/schema.org\",\"@graph\":[{\"@type\":\"Article\",\"@id\":\"https:\/\/bobea.net\/index.php\/2025\/08\/25\/om-le-vestiaire-marseillais-en-feu-laffaire-adrien-rabiot-secoue-la-ligue-1\/#article\",\"isPartOf\":{\"@id\":\"https:\/\/bobea.net\/index.php\/2025\/08\/25\/om-le-vestiaire-marseillais-en-feu-laffaire-adrien-rabiot-secoue-la-ligue-1\/\"},\"author\":{\"name\":\"bobea.info\",\"@id\":\"https:\/\/bobea.net\/#\/schema\/person\/e7f45ef187918d7c956bf619dce90ccf\"},\"headline\":\"OM : le vestiaire marseillais en feu, l\u2019affaire Adrien Rabiot secoue la Ligue 1\",\"datePublished\":\"2025-08-25T18:35:52+00:00\",\"dateModified\":\"2025-08-25T18:35:53+00:00\",\"mainEntityOfPage\":{\"@id\":\"https:\/\/bobea.net\/index.php\/2025\/08\/25\/om-le-vestiaire-marseillais-en-feu-laffaire-adrien-rabiot-secoue-la-ligue-1\/\"},\"wordCount\":551,\"commentCount\":0,\"publisher\":{\"@id\":\"https:\/\/bobea.net\/#organization\"},\"image\":{\"@id\":\"https:\/\/bobea.net\/index.php\/2025\/08\/25\/om-le-vestiaire-marseillais-en-feu-laffaire-adrien-rabiot-secoue-la-ligue-1\/#primaryimage\"},\"thumbnailUrl\":\"https:\/\/bobea.net\/wp-content\/uploads\/2025\/08\/1200-L-om-le-vestiaire-proche-d-exploser-cause-du-cas-rabiot.jpg\",\"articleSection\":[\"On en Parle\"],\"inLanguage\":\"fr-FR\",\"potentialAction\":[{\"@type\":\"CommentAction\",\"name\":\"Comment\",\"target\":[\"https:\/\/bobea.net\/index.php\/2025\/08\/25\/om-le-vestiaire-marseillais-en-feu-laffaire-adrien-rabiot-secoue-la-ligue-1\/#respond\"]}]},{\"@type\":\"WebPage\",\"@id\":\"https:\/\/bobea.net\/index.php\/2025\/08\/25\/om-le-vestiaire-marseillais-en-feu-laffaire-adrien-rabiot-secoue-la-ligue-1\/\",\"url\":\"https:\/\/bobea.net\/index.php\/2025\/08\/25\/om-le-vestiaire-marseillais-en-feu-laffaire-adrien-rabiot-secoue-la-ligue-1\/\",\"name\":\"OM : le vestiaire marseillais en feu, l\u2019affaire Adrien Rabiot secoue la Ligue 1 - Bobea\",\"isPartOf\":{\"@id\":\"https:\/\/bobea.net\/#website\"},\"primaryImageOfPage\":{\"@id\":\"https:\/\/bobea.net\/index.php\/2025\/08\/25\/om-le-vestiaire-marseillais-en-feu-laffaire-adrien-rabiot-secoue-la-ligue-1\/#primaryimage\"},\"image\":{\"@id\":\"https:\/\/bobea.net\/index.php\/2025\/08\/25\/om-le-vestiaire-marseillais-en-feu-laffaire-adrien-rabiot-secoue-la-ligue-1\/#primaryimage\"},\"thumbnailUrl\":\"https:\/\/bobea.net\/wp-content\/uploads\/2025\/08\/1200-L-om-le-vestiaire-proche-d-exploser-cause-du-cas-rabiot.jpg\",\"datePublished\":\"2025-08-25T18:35:52+00:00\",\"dateModified\":\"2025-08-25T18:35:53+00:00\",\"description\":\"La r\u00e9int\u00e9gration de l\u2019international tricolore est-elle encore possible\u202f? La r\u00e9ponse n\u2019appartient pas seulement \u00e0 la direction\",\"breadcrumb\":{\"@id\":\"https:\/\/bobea.net\/index.php\/2025\/08\/25\/om-le-vestiaire-marseillais-en-feu-laffaire-adrien-rabiot-secoue-la-ligue-1\/#breadcrumb\"},\"inLanguage\":\"fr-FR\",\"potentialAction\":[{\"@type\":\"ReadAction\",\"target\":[\"https:\/\/bobea.net\/index.php\/2025\/08\/25\/om-le-vestiaire-marseillais-en-feu-laffaire-adrien-rabiot-secoue-la-ligue-1\/\"]}]},{\"@type\":\"ImageObject\",\"inLanguage\":\"fr-FR\",\"@id\":\"https:\/\/bobea.net\/index.php\/2025\/08\/25\/om-le-vestiaire-marseillais-en-feu-laffaire-adrien-rabiot-secoue-la-ligue-1\/#primaryimage\",\"url\":\"https:\/\/bobea.net\/wp-content\/uploads\/2025\/08\/1200-L-om-le-vestiaire-proche-d-exploser-cause-du-cas-rabiot.jpg\",\"contentUrl\":\"https:\/\/bobea.net\/wp-content\/uploads\/2025\/08\/1200-L-om-le-vestiaire-proche-d-exploser-cause-du-cas-rabiot.jpg\",\"width\":1200,\"height\":640},{\"@type\":\"BreadcrumbList\",\"@id\":\"https:\/\/bobea.net\/index.php\/2025\/08\/25\/om-le-vestiaire-marseillais-en-feu-laffaire-adrien-rabiot-secoue-la-ligue-1\/#breadcrumb\",\"itemListElement\":[{\"@type\":\"ListItem\",\"position\":1,\"name\":\"Accueil\",\"item\":\"https:\/\/bobea.net\/\"},{\"@type\":\"ListItem\",\"position\":2,\"name\":\"OM : le vestiaire marseillais en feu, l\u2019affaire Adrien Rabiot secoue la Ligue 1\"}]},{\"@type\":\"WebSite\",\"@id\":\"https:\/\/bobea.net\/#website\",\"url\":\"https:\/\/bobea.net\/\",\"name\":\"Bobea\",\"description\":\"Le magazine de la nouvelle \u00c8ve\",\"publisher\":{\"@id\":\"https:\/\/bobea.net\/#organization\"},\"potentialAction\":[{\"@type\":\"SearchAction\",\"target\":{\"@type\":\"EntryPoint\",\"urlTemplate\":\"https:\/\/bobea.net\/?s={search_term_string}\"},\"query-input\":{\"@type\":\"PropertyValueSpecification\",\"valueRequired\":true,\"valueName\":\"search_term_string\"}}],\"inLanguage\":\"fr-FR\"},{\"@type\":\"Organization\",\"@id\":\"https:\/\/bobea.net\/#organization\",\"name\":\"Bobea\",\"url\":\"https:\/\/bobea.net\/\",\"logo\":{\"@type\":\"ImageObject\",\"inLanguage\":\"fr-FR\",\"@id\":\"https:\/\/bobea.net\/#\/schema\/logo\/image\/\",\"url\":\"https:\/\/bobea.net\/wp-content\/uploads\/2024\/06\/bobea.jpg\",\"contentUrl\":\"https:\/\/bobea.net\/wp-content\/uploads\/2024\/06\/bobea.jpg\",\"width\":1080,\"height\":1080,\"caption\":\"Bobea\"},\"image\":{\"@id\":\"https:\/\/bobea.net\/#\/schema\/logo\/image\/\"},\"sameAs\":[\"https:\/\/web.facebook.com\/profile.php?id=61559252188416\"]},{\"@type\":\"Person\",\"@id\":\"https:\/\/bobea.net\/#\/schema\/person\/e7f45ef187918d7c956bf619dce90ccf\",\"name\":\"bobea.info\",\"image\":{\"@type\":\"ImageObject\",\"inLanguage\":\"fr-FR\",\"@id\":\"https:\/\/bobea.net\/#\/schema\/person\/image\/\",\"url\":\"https:\/\/secure.gravatar.com\/avatar\/36147980349df887ae30808df3e29474?s=96&d=mm&r=g\",\"contentUrl\":\"https:\/\/secure.gravatar.com\/avatar\/36147980349df887ae30808df3e29474?s=96&d=mm&r=g\",\"caption\":\"bobea.info\"},\"sameAs\":[\"https:\/\/bobea.net\"],\"url\":\"https:\/\/bobea.net\/index.php\/author\/bobea-info\/\"}]}<\/script>\n<!-- \/ Yoast SEO plugin. -->","yoast_head_json":{"title":"OM : le vestiaire marseillais en feu, l\u2019affaire Adrien Rabiot secoue la Ligue 1 - Bobea","description":"La r\u00e9int\u00e9gration de l\u2019international tricolore est-elle encore possible\u202f? La r\u00e9ponse n\u2019appartient pas seulement \u00e0 la direction","robots":{"index":"index","follow":"follow","max-snippet":"max-snippet:-1","max-image-preview":"max-image-preview:large","max-video-preview":"max-video-preview:-1"},"canonical":"https:\/\/bobea.net\/index.php\/2025\/08\/25\/om-le-vestiaire-marseillais-en-feu-laffaire-adrien-rabiot-secoue-la-ligue-1\/","og_locale":"fr_FR","og_type":"article","og_title":"OM : le vestiaire marseillais en feu, l\u2019affaire Adrien Rabiot secoue la Ligue 1 - Bobea","og_description":"La r\u00e9int\u00e9gration de l\u2019international tricolore est-elle encore possible\u202f? La r\u00e9ponse n\u2019appartient pas seulement \u00e0 la direction","og_url":"https:\/\/bobea.net\/index.php\/2025\/08\/25\/om-le-vestiaire-marseillais-en-feu-laffaire-adrien-rabiot-secoue-la-ligue-1\/","og_site_name":"Bobea","article_publisher":"https:\/\/web.facebook.com\/profile.php?id=61559252188416","article_published_time":"2025-08-25T18:35:52+00:00","article_modified_time":"2025-08-25T18:35:53+00:00","og_image":[{"width":1200,"height":640,"url":"https:\/\/bobea.net\/wp-content\/uploads\/2025\/08\/1200-L-om-le-vestiaire-proche-d-exploser-cause-du-cas-rabiot.jpg","type":"image\/jpeg"}],"author":"bobea.info","twitter_card":"summary_large_image","twitter_misc":{"\u00c9crit par":"bobea.info","Dur\u00e9e de lecture estim\u00e9e":"3 minutes"},"schema":{"@context":"https:\/\/schema.org","@graph":[{"@type":"Article","@id":"https:\/\/bobea.net\/index.php\/2025\/08\/25\/om-le-vestiaire-marseillais-en-feu-laffaire-adrien-rabiot-secoue-la-ligue-1\/#article","isPartOf":{"@id":"https:\/\/bobea.net\/index.php\/2025\/08\/25\/om-le-vestiaire-marseillais-en-feu-laffaire-adrien-rabiot-secoue-la-ligue-1\/"},"author":{"name":"bobea.info","@id":"https:\/\/bobea.net\/#\/schema\/person\/e7f45ef187918d7c956bf619dce90ccf"},"headline":"OM : le vestiaire marseillais en feu, l\u2019affaire Adrien Rabiot secoue la Ligue 1","datePublished":"2025-08-25T18:35:52+00:00","dateModified":"2025-08-25T18:35:53+00:00","mainEntityOfPage":{"@id":"https:\/\/bobea.net\/index.php\/2025\/08\/25\/om-le-vestiaire-marseillais-en-feu-laffaire-adrien-rabiot-secoue-la-ligue-1\/"},"wordCount":551,"commentCount":0,"publisher":{"@id":"https:\/\/bobea.net\/#organization"},"image":{"@id":"https:\/\/bobea.net\/index.php\/2025\/08\/25\/om-le-vestiaire-marseillais-en-feu-laffaire-adrien-rabiot-secoue-la-ligue-1\/#primaryimage"},"thumbnailUrl":"https:\/\/bobea.net\/wp-content\/uploads\/2025\/08\/1200-L-om-le-vestiaire-proche-d-exploser-cause-du-cas-rabiot.jpg","articleSection":["On en Parle"],"inLanguage":"fr-FR","potentialAction":[{"@type":"CommentAction","name":"Comment","target":["https:\/\/bobea.net\/index.php\/2025\/08\/25\/om-le-vestiaire-marseillais-en-feu-laffaire-adrien-rabiot-secoue-la-ligue-1\/#respond"]}]},{"@type":"WebPage","@id":"https:\/\/bobea.net\/index.php\/2025\/08\/25\/om-le-vestiaire-marseillais-en-feu-laffaire-adrien-rabiot-secoue-la-ligue-1\/","url":"https:\/\/bobea.net\/index.php\/2025\/08\/25\/om-le-vestiaire-marseillais-en-feu-laffaire-adrien-rabiot-secoue-la-ligue-1\/","name":"OM : le vestiaire marseillais en feu, l\u2019affaire Adrien Rabiot secoue la Ligue 1 - Bobea","isPartOf":{"@id":"https:\/\/bobea.net\/#website"},"primaryImageOfPage":{"@id":"https:\/\/bobea.net\/index.php\/2025\/08\/25\/om-le-vestiaire-marseillais-en-feu-laffaire-adrien-rabiot-secoue-la-ligue-1\/#primaryimage"},"image":{"@id":"https:\/\/bobea.net\/index.php\/2025\/08\/25\/om-le-vestiaire-marseillais-en-feu-laffaire-adrien-rabiot-secoue-la-ligue-1\/#primaryimage"},"thumbnailUrl":"https:\/\/bobea.net\/wp-content\/uploads\/2025\/08\/1200-L-om-le-vestiaire-proche-d-exploser-cause-du-cas-rabiot.jpg","datePublished":"2025-08-25T18:35:52+00:00","dateModified":"2025-08-25T18:35:53+00:00","description":"La r\u00e9int\u00e9gration de l\u2019international tricolore est-elle encore possible\u202f? La r\u00e9ponse n\u2019appartient pas seulement \u00e0 la direction","breadcrumb":{"@id":"https:\/\/bobea.net\/index.php\/2025\/08\/25\/om-le-vestiaire-marseillais-en-feu-laffaire-adrien-rabiot-secoue-la-ligue-1\/#breadcrumb"},"inLanguage":"fr-FR","potentialAction":[{"@type":"ReadAction","target":["https:\/\/bobea.net\/index.php\/2025\/08\/25\/om-le-vestiaire-marseillais-en-feu-laffaire-adrien-rabiot-secoue-la-ligue-1\/"]}]},{"@type":"ImageObject","inLanguage":"fr-FR","@id":"https:\/\/bobea.net\/index.php\/2025\/08\/25\/om-le-vestiaire-marseillais-en-feu-laffaire-adrien-rabiot-secoue-la-ligue-1\/#primaryimage","url":"https:\/\/bobea.net\/wp-content\/uploads\/2025\/08\/1200-L-om-le-vestiaire-proche-d-exploser-cause-du-cas-rabiot.jpg","contentUrl":"https:\/\/bobea.net\/wp-content\/uploads\/2025\/08\/1200-L-om-le-vestiaire-proche-d-exploser-cause-du-cas-rabiot.jpg","width":1200,"height":640},{"@type":"BreadcrumbList","@id":"https:\/\/bobea.net\/index.php\/2025\/08\/25\/om-le-vestiaire-marseillais-en-feu-laffaire-adrien-rabiot-secoue-la-ligue-1\/#breadcrumb","itemListElement":[{"@type":"ListItem","position":1,"name":"Accueil","item":"https:\/\/bobea.net\/"},{"@type":"ListItem","position":2,"name":"OM : le vestiaire marseillais en feu, l\u2019affaire Adrien Rabiot secoue la Ligue 1"}]},{"@type":"WebSite","@id":"https:\/\/bobea.net\/#website","url":"https:\/\/bobea.net\/","name":"Bobea","description":"Le magazine de la nouvelle \u00c8ve","publisher":{"@id":"https:\/\/bobea.net\/#organization"},"potentialAction":[{"@type":"SearchAction","target":{"@type":"EntryPoint","urlTemplate":"https:\/\/bobea.net\/?s={search_term_string}"},"query-input":{"@type":"PropertyValueSpecification","valueRequired":true,"valueName":"search_term_string"}}],"inLanguage":"fr-FR"},{"@type":"Organization","@id":"https:\/\/bobea.net\/#organization","name":"Bobea","url":"https:\/\/bobea.net\/","logo":{"@type":"ImageObject","inLanguage":"fr-FR","@id":"https:\/\/bobea.net\/#\/schema\/logo\/image\/","url":"https:\/\/bobea.net\/wp-content\/uploads\/2024\/06\/bobea.jpg","contentUrl":"https:\/\/bobea.net\/wp-content\/uploads\/2024\/06\/bobea.jpg","width":1080,"height":1080,"caption":"Bobea"},"image":{"@id":"https:\/\/bobea.net\/#\/schema\/logo\/image\/"},"sameAs":["https:\/\/web.facebook.com\/profile.php?id=61559252188416"]},{"@type":"Person","@id":"https:\/\/bobea.net\/#\/schema\/person\/e7f45ef187918d7c956bf619dce90ccf","name":"bobea.info","image":{"@type":"ImageObject","inLanguage":"fr-FR","@id":"https:\/\/bobea.net\/#\/schema\/person\/image\/","url":"https:\/\/secure.gravatar.com\/avatar\/36147980349df887ae30808df3e29474?s=96&d=mm&r=g","contentUrl":"https:\/\/secure.gravatar.com\/avatar\/36147980349df887ae30808df3e29474?s=96&d=mm&r=g","caption":"bobea.info"},"sameAs":["https:\/\/bobea.net"],"url":"https:\/\/bobea.net\/index.php\/author\/bobea-info\/"}]}},"_links":{"self":[{"href":"https:\/\/bobea.net\/index.php\/wp-json\/wp\/v2\/posts\/23890"}],"collection":[{"href":"https:\/\/bobea.net\/index.php\/wp-json\/wp\/v2\/posts"}],"about":[{"href":"https:\/\/bobea.net\/index.php\/wp-json\/wp\/v2\/types\/post"}],"author":[{"embeddable":true,"href":"https:\/\/bobea.net\/index.php\/wp-json\/wp\/v2\/users\/1"}],"replies":[{"embeddable":true,"href":"https:\/\/bobea.net\/index.php\/wp-json\/wp\/v2\/comments?post=23890"}],"version-history":[{"count":1,"href":"https:\/\/bobea.net\/index.php\/wp-json\/wp\/v2\/posts\/23890\/revisions"}],"predecessor-version":[{"id":23893,"href":"https:\/\/bobea.net\/index.php\/wp-json\/wp\/v2\/posts\/23890\/revisions\/23893"}],"wp:featuredmedia":[{"embeddable":true,"href":"https:\/\/bobea.net\/index.php\/wp-json\/wp\/v2\/media\/23892"}],"wp:attachment":[{"href":"https:\/\/bobea.net\/index.php\/wp-json\/wp\/v2\/media?parent=23890"}],"wp:term":[{"taxonomy":"category","embeddable":true,"href":"https:\/\/bobea.net\/index.php\/wp-json\/wp\/v2\/categories?post=23890"},{"taxonomy":"post_tag","embeddable":true,"href":"https:\/\/bobea.net\/index.php\/wp-json\/wp\/v2\/tags?post=23890"}],"curies":[{"name":"wp","href":"https:\/\/api.w.org\/{rel}","templated":true}]}}