{"id":23781,"date":"2025-08-24T13:03:10","date_gmt":"2025-08-24T13:03:10","guid":{"rendered":"https:\/\/bobea.net\/?p=23781"},"modified":"2025-08-24T13:03:11","modified_gmt":"2025-08-24T13:03:11","slug":"infante-sofia-despagne-portrait-intime-dune-heritiere-au-charme-deja-affirme","status":"publish","type":"post","link":"https:\/\/bobea.net\/index.php\/2025\/08\/24\/infante-sofia-despagne-portrait-intime-dune-heritiere-au-charme-deja-affirme\/","title":{"rendered":"Infante Sofia d\u2019Espagne \u2013 portrait intime d\u2019une h\u00e9riti\u00e8re au charme d\u00e9j\u00e0 affirm\u00e9"},"content":{"rendered":"\n<p><strong>Intro\u00adduc\u00adtion<\/strong><\/p>\n\n\n\n<p>L\u2019Infante Sofia d\u2019Espagne, ben\u00adjamine de la famille royale, attire tous les pro\u00adjecteurs. \u00c0 18 ans, entre tra\u00addi\u00adtion monar\u00adchique et moder\u00adnit\u00e9, elle fa\u00e7onne sa pro\u00adpre l\u00e9gende.<\/p>\n\n\n\n<p><strong>Une \u00e9du\u00adca\u00adtion royale sous le signe de l\u2019ind\u00e9pendance<\/strong><\/p>\n\n\n\n<ul class=\"wp-block-list\">\n<li>Par\u00adcours sco\u00adlaire dans les meilleures \u00e9coles espag\u00adnoles<\/li>\n\n\n\n<li>Appren\u00adtis\u00adsage du mul\u00adti\u00adlin\u00adguisme (espag\u00adnol, anglais, fran\u00e7ais)<\/li>\n\n\n\n<li>Pre\u00admiers engage\u00adments offi\u00adciels au ser\u00advice d\u2019\u0153uvres car\u00adi\u00adta\u00adtives<\/li>\n<\/ul>\n\n\n\n<p><strong>Un style jeune et d\u00e9j\u00e0 tr\u00e8s suivi<\/strong><\/p>\n\n\n\n<p>Sofia mixe robes \u00e9l\u00e9\u00adgantes et tenues casu\u00adal, ce qui fait d\u2019elle une r\u00e9f\u00e9rence de style pour les ado\u00adles\u00adcentes europ\u00e9ennes. Les r\u00e9seaux soci\u00adaux suiv\u00adent ses appari\u00adtions avec fer\u00adveur.<\/p>\n\n\n\n<figure class=\"wp-block-image size-large\"><img loading=\"lazy\" decoding=\"async\" width=\"1024\" height=\"768\" src=\"https:\/\/bobea.net\/wp-content\/uploads\/2025\/08\/infante-sofia-pose-jardins-zarzuela-18-ans-1024x768.jpg\" alt class=\"wp-image-23782\" srcset=\"https:\/\/bobea.net\/wp-content\/uploads\/2025\/08\/infante-sofia-pose-jardins-zarzuela-18-ans-1024x768.jpg 1024w, https:\/\/bobea.net\/wp-content\/uploads\/2025\/08\/infante-sofia-pose-jardins-zarzuela-18-ans-300x225.jpg 300w, https:\/\/bobea.net\/wp-content\/uploads\/2025\/08\/infante-sofia-pose-jardins-zarzuela-18-ans-768x576.jpg 768w, https:\/\/bobea.net\/wp-content\/uploads\/2025\/08\/infante-sofia-pose-jardins-zarzuela-18-ans.jpg 1300w\" sizes=\"(max-width: 1024px) 100vw, 1024px\"><\/figure>\n\n\n\n<p><strong>Entre dis\u00adcr\u00e9\u00adtion et engage\u00adment<\/strong><\/p>\n\n\n\n<p>Tr\u00e8s proche de sa s\u0153ur Leonor, h\u00e9ri\u00adti\u00e8re du tr\u00f4ne, Sofia s\u2019illustre par sa bien\u00adveil\u00adlance et sa dis\u00adcr\u00e9\u00adtion mais n\u2019h\u00e9site pas \u00e0 s\u2019engager pour des caus\u00ades comme l\u2019\u00e9ducation et la cul\u00adture.<\/p>\n\n\n\n<p><strong>Con\u00adclu\u00adsion<\/strong><\/p>\n\n\n\n<p>Avec sa moder\u00adnit\u00e9 et son naturel, l\u2019Infante Sofia repr\u00e9sente une nou\u00advelle g\u00e9n\u00e9ra\u00adtion de roy\u00adaut\u00e9, inspi\u00adrante pour toute une jeunesse espag\u00adnole et europ\u00e9enne.<\/p>\n\n\n\n<p><\/p>\n","protected":false},"excerpt":{"rendered":"<p>Intro\u00adduc\u00adtion L\u2019Infante Sofia d\u2019Espagne, ben\u00adjamine de la famille royale, attire tous les pro\u00adjecteurs. \u00c0 18 ans, entre tra\u00addi\u00adtion monar\u00adchique et moder\u00adnit\u00e9, elle fa\u00e7onne sa pro\u00adpre l\u00e9gende. Une \u00e9du\u00adca\u00adtion royale sous\u2026 <\/p>\n","protected":false},"author":1,"featured_media":23783,"comment_status":"open","ping_status":"closed","sticky":false,"template":"","format":"standard","meta":{"wp_typography_post_enhancements_disabled":false,"footnotes":""},"categories":[73],"tags":[17872,17873,5133,17874],"class_list":["post-23781","post","type-post","status-publish","format-standard","has-post-thumbnail","hentry","category-on-en-parle","tag-infante-sofia-espagne","tag-portrait-royal-2025","tag-royaute-moderne","tag-style-jeunes-princesses"],"yoast_head":"<!-- This site is optimized with the Yoast SEO plugin v24.7 - https:\/\/yoast.com\/wordpress\/plugins\/seo\/ -->\n<title>Infante Sofia d\u2019Espagne \u2013 portrait intime d\u2019une h\u00e9riti\u00e8re au charme d\u00e9j\u00e0 affirm\u00e9 - Bobea<\/title>\n<meta name=\"description\" content=\"Avec sa modernit\u00e9 et son naturel, l\u2019Infante Sofia repr\u00e9sente une nouvelle g\u00e9n\u00e9ration de royaut\u00e9, inspirante pour toute une jeunesse\" \/>\n<meta name=\"robots\" content=\"index, follow, max-snippet:-1, max-image-preview:large, max-video-preview:-1\" \/>\n<link rel=\"canonical\" href=\"https:\/\/bobea.net\/index.php\/2025\/08\/24\/infante-sofia-despagne-portrait-intime-dune-heritiere-au-charme-deja-affirme\/\" \/>\n<meta property=\"og:locale\" content=\"fr_FR\" \/>\n<meta property=\"og:type\" content=\"article\" \/>\n<meta property=\"og:title\" content=\"Infante Sofia d\u2019Espagne \u2013 portrait intime d\u2019une h\u00e9riti\u00e8re au charme d\u00e9j\u00e0 affirm\u00e9 - Bobea\" \/>\n<meta property=\"og:description\" content=\"Avec sa modernit\u00e9 et son naturel, l\u2019Infante Sofia repr\u00e9sente une nouvelle g\u00e9n\u00e9ration de royaut\u00e9, inspirante pour toute une jeunesse\" \/>\n<meta property=\"og:url\" content=\"https:\/\/bobea.net\/index.php\/2025\/08\/24\/infante-sofia-despagne-portrait-intime-dune-heritiere-au-charme-deja-affirme\/\" \/>\n<meta property=\"og:site_name\" content=\"Bobea\" \/>\n<meta property=\"article:publisher\" content=\"https:\/\/web.facebook.com\/profile.php?id=61559252188416\" \/>\n<meta property=\"article:published_time\" content=\"2025-08-24T13:03:10+00:00\" \/>\n<meta property=\"article:modified_time\" content=\"2025-08-24T13:03:11+00:00\" \/>\n<meta property=\"og:image\" content=\"https:\/\/bobea.net\/wp-content\/uploads\/2025\/08\/1-1-1024x683-1.jpg\" \/>\n\t<meta property=\"og:image:width\" content=\"1024\" \/>\n\t<meta property=\"og:image:height\" content=\"683\" \/>\n\t<meta property=\"og:image:type\" content=\"image\/jpeg\" \/>\n<meta name=\"author\" content=\"bobea.info\" \/>\n<meta name=\"twitter:card\" content=\"summary_large_image\" \/>\n<meta name=\"twitter:label1\" content=\"\u00c9crit par\" \/>\n\t<meta name=\"twitter:data1\" content=\"bobea.info\" \/>\n\t<meta name=\"twitter:label2\" content=\"Dur\u00e9e de lecture estim\u00e9e\" \/>\n\t<meta name=\"twitter:data2\" content=\"2 minutes\" \/>\n<script type=\"application\/ld+json\" class=\"yoast-schema-graph\">{\"@context\":\"https:\/\/schema.org\",\"@graph\":[{\"@type\":\"Article\",\"@id\":\"https:\/\/bobea.net\/index.php\/2025\/08\/24\/infante-sofia-despagne-portrait-intime-dune-heritiere-au-charme-deja-affirme\/#article\",\"isPartOf\":{\"@id\":\"https:\/\/bobea.net\/index.php\/2025\/08\/24\/infante-sofia-despagne-portrait-intime-dune-heritiere-au-charme-deja-affirme\/\"},\"author\":{\"name\":\"bobea.info\",\"@id\":\"https:\/\/bobea.net\/#\/schema\/person\/e7f45ef187918d7c956bf619dce90ccf\"},\"headline\":\"Infante Sofia d\u2019Espagne \u2013 portrait intime d\u2019une h\u00e9riti\u00e8re au charme d\u00e9j\u00e0 affirm\u00e9\",\"datePublished\":\"2025-08-24T13:03:10+00:00\",\"dateModified\":\"2025-08-24T13:03:11+00:00\",\"mainEntityOfPage\":{\"@id\":\"https:\/\/bobea.net\/index.php\/2025\/08\/24\/infante-sofia-despagne-portrait-intime-dune-heritiere-au-charme-deja-affirme\/\"},\"wordCount\":191,\"commentCount\":0,\"publisher\":{\"@id\":\"https:\/\/bobea.net\/#organization\"},\"image\":{\"@id\":\"https:\/\/bobea.net\/index.php\/2025\/08\/24\/infante-sofia-despagne-portrait-intime-dune-heritiere-au-charme-deja-affirme\/#primaryimage\"},\"thumbnailUrl\":\"https:\/\/bobea.net\/wp-content\/uploads\/2025\/08\/1-1-1024x683-1.jpg\",\"keywords\":[\"Infante Sofia Espagne\",\"portrait royal 2025\",\"royaut\u00e9 moderne\",\"style jeunes princesses.\"],\"articleSection\":[\"On en Parle\"],\"inLanguage\":\"fr-FR\",\"potentialAction\":[{\"@type\":\"CommentAction\",\"name\":\"Comment\",\"target\":[\"https:\/\/bobea.net\/index.php\/2025\/08\/24\/infante-sofia-despagne-portrait-intime-dune-heritiere-au-charme-deja-affirme\/#respond\"]}]},{\"@type\":\"WebPage\",\"@id\":\"https:\/\/bobea.net\/index.php\/2025\/08\/24\/infante-sofia-despagne-portrait-intime-dune-heritiere-au-charme-deja-affirme\/\",\"url\":\"https:\/\/bobea.net\/index.php\/2025\/08\/24\/infante-sofia-despagne-portrait-intime-dune-heritiere-au-charme-deja-affirme\/\",\"name\":\"Infante Sofia d\u2019Espagne \u2013 portrait intime d\u2019une h\u00e9riti\u00e8re au charme d\u00e9j\u00e0 affirm\u00e9 - Bobea\",\"isPartOf\":{\"@id\":\"https:\/\/bobea.net\/#website\"},\"primaryImageOfPage\":{\"@id\":\"https:\/\/bobea.net\/index.php\/2025\/08\/24\/infante-sofia-despagne-portrait-intime-dune-heritiere-au-charme-deja-affirme\/#primaryimage\"},\"image\":{\"@id\":\"https:\/\/bobea.net\/index.php\/2025\/08\/24\/infante-sofia-despagne-portrait-intime-dune-heritiere-au-charme-deja-affirme\/#primaryimage\"},\"thumbnailUrl\":\"https:\/\/bobea.net\/wp-content\/uploads\/2025\/08\/1-1-1024x683-1.jpg\",\"datePublished\":\"2025-08-24T13:03:10+00:00\",\"dateModified\":\"2025-08-24T13:03:11+00:00\",\"description\":\"Avec sa modernit\u00e9 et son naturel, l\u2019Infante Sofia repr\u00e9sente une nouvelle g\u00e9n\u00e9ration de royaut\u00e9, inspirante pour toute une jeunesse\",\"breadcrumb\":{\"@id\":\"https:\/\/bobea.net\/index.php\/2025\/08\/24\/infante-sofia-despagne-portrait-intime-dune-heritiere-au-charme-deja-affirme\/#breadcrumb\"},\"inLanguage\":\"fr-FR\",\"potentialAction\":[{\"@type\":\"ReadAction\",\"target\":[\"https:\/\/bobea.net\/index.php\/2025\/08\/24\/infante-sofia-despagne-portrait-intime-dune-heritiere-au-charme-deja-affirme\/\"]}]},{\"@type\":\"ImageObject\",\"inLanguage\":\"fr-FR\",\"@id\":\"https:\/\/bobea.net\/index.php\/2025\/08\/24\/infante-sofia-despagne-portrait-intime-dune-heritiere-au-charme-deja-affirme\/#primaryimage\",\"url\":\"https:\/\/bobea.net\/wp-content\/uploads\/2025\/08\/1-1-1024x683-1.jpg\",\"contentUrl\":\"https:\/\/bobea.net\/wp-content\/uploads\/2025\/08\/1-1-1024x683-1.jpg\",\"width\":1024,\"height\":683},{\"@type\":\"BreadcrumbList\",\"@id\":\"https:\/\/bobea.net\/index.php\/2025\/08\/24\/infante-sofia-despagne-portrait-intime-dune-heritiere-au-charme-deja-affirme\/#breadcrumb\",\"itemListElement\":[{\"@type\":\"ListItem\",\"position\":1,\"name\":\"Accueil\",\"item\":\"https:\/\/bobea.net\/\"},{\"@type\":\"ListItem\",\"position\":2,\"name\":\"Infante Sofia d\u2019Espagne \u2013 portrait intime d\u2019une h\u00e9riti\u00e8re au charme d\u00e9j\u00e0 affirm\u00e9\"}]},{\"@type\":\"WebSite\",\"@id\":\"https:\/\/bobea.net\/#website\",\"url\":\"https:\/\/bobea.net\/\",\"name\":\"Bobea\",\"description\":\"Le magazine de la nouvelle \u00c8ve\",\"publisher\":{\"@id\":\"https:\/\/bobea.net\/#organization\"},\"potentialAction\":[{\"@type\":\"SearchAction\",\"target\":{\"@type\":\"EntryPoint\",\"urlTemplate\":\"https:\/\/bobea.net\/?s={search_term_string}\"},\"query-input\":{\"@type\":\"PropertyValueSpecification\",\"valueRequired\":true,\"valueName\":\"search_term_string\"}}],\"inLanguage\":\"fr-FR\"},{\"@type\":\"Organization\",\"@id\":\"https:\/\/bobea.net\/#organization\",\"name\":\"Bobea\",\"url\":\"https:\/\/bobea.net\/\",\"logo\":{\"@type\":\"ImageObject\",\"inLanguage\":\"fr-FR\",\"@id\":\"https:\/\/bobea.net\/#\/schema\/logo\/image\/\",\"url\":\"https:\/\/bobea.net\/wp-content\/uploads\/2024\/06\/bobea.jpg\",\"contentUrl\":\"https:\/\/bobea.net\/wp-content\/uploads\/2024\/06\/bobea.jpg\",\"width\":1080,\"height\":1080,\"caption\":\"Bobea\"},\"image\":{\"@id\":\"https:\/\/bobea.net\/#\/schema\/logo\/image\/\"},\"sameAs\":[\"https:\/\/web.facebook.com\/profile.php?id=61559252188416\"]},{\"@type\":\"Person\",\"@id\":\"https:\/\/bobea.net\/#\/schema\/person\/e7f45ef187918d7c956bf619dce90ccf\",\"name\":\"bobea.info\",\"image\":{\"@type\":\"ImageObject\",\"inLanguage\":\"fr-FR\",\"@id\":\"https:\/\/bobea.net\/#\/schema\/person\/image\/\",\"url\":\"https:\/\/secure.gravatar.com\/avatar\/36147980349df887ae30808df3e29474?s=96&d=mm&r=g\",\"contentUrl\":\"https:\/\/secure.gravatar.com\/avatar\/36147980349df887ae30808df3e29474?s=96&d=mm&r=g\",\"caption\":\"bobea.info\"},\"sameAs\":[\"https:\/\/bobea.net\"],\"url\":\"https:\/\/bobea.net\/index.php\/author\/bobea-info\/\"}]}<\/script>\n<!-- \/ Yoast SEO plugin. -->","yoast_head_json":{"title":"Infante Sofia d\u2019Espagne \u2013 portrait intime d\u2019une h\u00e9riti\u00e8re au charme d\u00e9j\u00e0 affirm\u00e9 - Bobea","description":"Avec sa modernit\u00e9 et son naturel, l\u2019Infante Sofia repr\u00e9sente une nouvelle g\u00e9n\u00e9ration de royaut\u00e9, inspirante pour toute une jeunesse","robots":{"index":"index","follow":"follow","max-snippet":"max-snippet:-1","max-image-preview":"max-image-preview:large","max-video-preview":"max-video-preview:-1"},"canonical":"https:\/\/bobea.net\/index.php\/2025\/08\/24\/infante-sofia-despagne-portrait-intime-dune-heritiere-au-charme-deja-affirme\/","og_locale":"fr_FR","og_type":"article","og_title":"Infante Sofia d\u2019Espagne \u2013 portrait intime d\u2019une h\u00e9riti\u00e8re au charme d\u00e9j\u00e0 affirm\u00e9 - Bobea","og_description":"Avec sa modernit\u00e9 et son naturel, l\u2019Infante Sofia repr\u00e9sente une nouvelle g\u00e9n\u00e9ration de royaut\u00e9, inspirante pour toute une jeunesse","og_url":"https:\/\/bobea.net\/index.php\/2025\/08\/24\/infante-sofia-despagne-portrait-intime-dune-heritiere-au-charme-deja-affirme\/","og_site_name":"Bobea","article_publisher":"https:\/\/web.facebook.com\/profile.php?id=61559252188416","article_published_time":"2025-08-24T13:03:10+00:00","article_modified_time":"2025-08-24T13:03:11+00:00","og_image":[{"width":1024,"height":683,"url":"https:\/\/bobea.net\/wp-content\/uploads\/2025\/08\/1-1-1024x683-1.jpg","type":"image\/jpeg"}],"author":"bobea.info","twitter_card":"summary_large_image","twitter_misc":{"\u00c9crit par":"bobea.info","Dur\u00e9e de lecture estim\u00e9e":"2 minutes"},"schema":{"@context":"https:\/\/schema.org","@graph":[{"@type":"Article","@id":"https:\/\/bobea.net\/index.php\/2025\/08\/24\/infante-sofia-despagne-portrait-intime-dune-heritiere-au-charme-deja-affirme\/#article","isPartOf":{"@id":"https:\/\/bobea.net\/index.php\/2025\/08\/24\/infante-sofia-despagne-portrait-intime-dune-heritiere-au-charme-deja-affirme\/"},"author":{"name":"bobea.info","@id":"https:\/\/bobea.net\/#\/schema\/person\/e7f45ef187918d7c956bf619dce90ccf"},"headline":"Infante Sofia d\u2019Espagne \u2013 portrait intime d\u2019une h\u00e9riti\u00e8re au charme d\u00e9j\u00e0 affirm\u00e9","datePublished":"2025-08-24T13:03:10+00:00","dateModified":"2025-08-24T13:03:11+00:00","mainEntityOfPage":{"@id":"https:\/\/bobea.net\/index.php\/2025\/08\/24\/infante-sofia-despagne-portrait-intime-dune-heritiere-au-charme-deja-affirme\/"},"wordCount":191,"commentCount":0,"publisher":{"@id":"https:\/\/bobea.net\/#organization"},"image":{"@id":"https:\/\/bobea.net\/index.php\/2025\/08\/24\/infante-sofia-despagne-portrait-intime-dune-heritiere-au-charme-deja-affirme\/#primaryimage"},"thumbnailUrl":"https:\/\/bobea.net\/wp-content\/uploads\/2025\/08\/1-1-1024x683-1.jpg","keywords":["Infante Sofia Espagne","portrait royal 2025","royaut\u00e9 moderne","style jeunes princesses."],"articleSection":["On en Parle"],"inLanguage":"fr-FR","potentialAction":[{"@type":"CommentAction","name":"Comment","target":["https:\/\/bobea.net\/index.php\/2025\/08\/24\/infante-sofia-despagne-portrait-intime-dune-heritiere-au-charme-deja-affirme\/#respond"]}]},{"@type":"WebPage","@id":"https:\/\/bobea.net\/index.php\/2025\/08\/24\/infante-sofia-despagne-portrait-intime-dune-heritiere-au-charme-deja-affirme\/","url":"https:\/\/bobea.net\/index.php\/2025\/08\/24\/infante-sofia-despagne-portrait-intime-dune-heritiere-au-charme-deja-affirme\/","name":"Infante Sofia d\u2019Espagne \u2013 portrait intime d\u2019une h\u00e9riti\u00e8re au charme d\u00e9j\u00e0 affirm\u00e9 - Bobea","isPartOf":{"@id":"https:\/\/bobea.net\/#website"},"primaryImageOfPage":{"@id":"https:\/\/bobea.net\/index.php\/2025\/08\/24\/infante-sofia-despagne-portrait-intime-dune-heritiere-au-charme-deja-affirme\/#primaryimage"},"image":{"@id":"https:\/\/bobea.net\/index.php\/2025\/08\/24\/infante-sofia-despagne-portrait-intime-dune-heritiere-au-charme-deja-affirme\/#primaryimage"},"thumbnailUrl":"https:\/\/bobea.net\/wp-content\/uploads\/2025\/08\/1-1-1024x683-1.jpg","datePublished":"2025-08-24T13:03:10+00:00","dateModified":"2025-08-24T13:03:11+00:00","description":"Avec sa modernit\u00e9 et son naturel, l\u2019Infante Sofia repr\u00e9sente une nouvelle g\u00e9n\u00e9ration de royaut\u00e9, inspirante pour toute une jeunesse","breadcrumb":{"@id":"https:\/\/bobea.net\/index.php\/2025\/08\/24\/infante-sofia-despagne-portrait-intime-dune-heritiere-au-charme-deja-affirme\/#breadcrumb"},"inLanguage":"fr-FR","potentialAction":[{"@type":"ReadAction","target":["https:\/\/bobea.net\/index.php\/2025\/08\/24\/infante-sofia-despagne-portrait-intime-dune-heritiere-au-charme-deja-affirme\/"]}]},{"@type":"ImageObject","inLanguage":"fr-FR","@id":"https:\/\/bobea.net\/index.php\/2025\/08\/24\/infante-sofia-despagne-portrait-intime-dune-heritiere-au-charme-deja-affirme\/#primaryimage","url":"https:\/\/bobea.net\/wp-content\/uploads\/2025\/08\/1-1-1024x683-1.jpg","contentUrl":"https:\/\/bobea.net\/wp-content\/uploads\/2025\/08\/1-1-1024x683-1.jpg","width":1024,"height":683},{"@type":"BreadcrumbList","@id":"https:\/\/bobea.net\/index.php\/2025\/08\/24\/infante-sofia-despagne-portrait-intime-dune-heritiere-au-charme-deja-affirme\/#breadcrumb","itemListElement":[{"@type":"ListItem","position":1,"name":"Accueil","item":"https:\/\/bobea.net\/"},{"@type":"ListItem","position":2,"name":"Infante Sofia d\u2019Espagne \u2013 portrait intime d\u2019une h\u00e9riti\u00e8re au charme d\u00e9j\u00e0 affirm\u00e9"}]},{"@type":"WebSite","@id":"https:\/\/bobea.net\/#website","url":"https:\/\/bobea.net\/","name":"Bobea","description":"Le magazine de la nouvelle \u00c8ve","publisher":{"@id":"https:\/\/bobea.net\/#organization"},"potentialAction":[{"@type":"SearchAction","target":{"@type":"EntryPoint","urlTemplate":"https:\/\/bobea.net\/?s={search_term_string}"},"query-input":{"@type":"PropertyValueSpecification","valueRequired":true,"valueName":"search_term_string"}}],"inLanguage":"fr-FR"},{"@type":"Organization","@id":"https:\/\/bobea.net\/#organization","name":"Bobea","url":"https:\/\/bobea.net\/","logo":{"@type":"ImageObject","inLanguage":"fr-FR","@id":"https:\/\/bobea.net\/#\/schema\/logo\/image\/","url":"https:\/\/bobea.net\/wp-content\/uploads\/2024\/06\/bobea.jpg","contentUrl":"https:\/\/bobea.net\/wp-content\/uploads\/2024\/06\/bobea.jpg","width":1080,"height":1080,"caption":"Bobea"},"image":{"@id":"https:\/\/bobea.net\/#\/schema\/logo\/image\/"},"sameAs":["https:\/\/web.facebook.com\/profile.php?id=61559252188416"]},{"@type":"Person","@id":"https:\/\/bobea.net\/#\/schema\/person\/e7f45ef187918d7c956bf619dce90ccf","name":"bobea.info","image":{"@type":"ImageObject","inLanguage":"fr-FR","@id":"https:\/\/bobea.net\/#\/schema\/person\/image\/","url":"https:\/\/secure.gravatar.com\/avatar\/36147980349df887ae30808df3e29474?s=96&d=mm&r=g","contentUrl":"https:\/\/secure.gravatar.com\/avatar\/36147980349df887ae30808df3e29474?s=96&d=mm&r=g","caption":"bobea.info"},"sameAs":["https:\/\/bobea.net"],"url":"https:\/\/bobea.net\/index.php\/author\/bobea-info\/"}]}},"_links":{"self":[{"href":"https:\/\/bobea.net\/index.php\/wp-json\/wp\/v2\/posts\/23781"}],"collection":[{"href":"https:\/\/bobea.net\/index.php\/wp-json\/wp\/v2\/posts"}],"about":[{"href":"https:\/\/bobea.net\/index.php\/wp-json\/wp\/v2\/types\/post"}],"author":[{"embeddable":true,"href":"https:\/\/bobea.net\/index.php\/wp-json\/wp\/v2\/users\/1"}],"replies":[{"embeddable":true,"href":"https:\/\/bobea.net\/index.php\/wp-json\/wp\/v2\/comments?post=23781"}],"version-history":[{"count":1,"href":"https:\/\/bobea.net\/index.php\/wp-json\/wp\/v2\/posts\/23781\/revisions"}],"predecessor-version":[{"id":23784,"href":"https:\/\/bobea.net\/index.php\/wp-json\/wp\/v2\/posts\/23781\/revisions\/23784"}],"wp:featuredmedia":[{"embeddable":true,"href":"https:\/\/bobea.net\/index.php\/wp-json\/wp\/v2\/media\/23783"}],"wp:attachment":[{"href":"https:\/\/bobea.net\/index.php\/wp-json\/wp\/v2\/media?parent=23781"}],"wp:term":[{"taxonomy":"category","embeddable":true,"href":"https:\/\/bobea.net\/index.php\/wp-json\/wp\/v2\/categories?post=23781"},{"taxonomy":"post_tag","embeddable":true,"href":"https:\/\/bobea.net\/index.php\/wp-json\/wp\/v2\/tags?post=23781"}],"curies":[{"name":"wp","href":"https:\/\/api.w.org\/{rel}","templated":true}]}}