{"id":23767,"date":"2025-08-24T12:53:33","date_gmt":"2025-08-24T12:53:33","guid":{"rendered":"https:\/\/bobea.net\/?p=23767"},"modified":"2025-08-24T12:53:34","modified_gmt":"2025-08-24T12:53:34","slug":"miss-bresil-2025-sengage-pour-lenvironnement-quand-beaute-rime-avec-action-citoyenne","status":"publish","type":"post","link":"https:\/\/bobea.net\/index.php\/2025\/08\/24\/miss-bresil-2025-sengage-pour-lenvironnement-quand-beaute-rime-avec-action-citoyenne\/","title":{"rendered":"Miss Br\u00e9sil 2025 s\u2019engage pour l\u2019environnement \u2013 quand beaut\u00e9 rime avec action citoyenne"},"content":{"rendered":"\n<p>Intro\u00adduc\u00adtion : une reine de beaut\u00e9 pas comme les autres<\/p>\n\n\n\n<p>\u00c9lue&nbsp;Miss Br\u00e9sil 2025, Ana Clara Mendes n\u2019est pas seule\u00adment un vis\u00adage par\u00adfait sous les pro\u00adjecteurs. \u00c0 23 ans, cette jeune femme a choisi de trans\u00adformer son r\u00e8gne en&nbsp;plate\u00adforme d\u2019action \u00e9cologique et sociale. Son cre\u00addo : d\u00e9mon\u00adtr\u00ader que la beaut\u00e9 n\u2019est pas super\u00adfi\u00adcielle, mais qu\u2019elle peut devenir&nbsp;un out\u00adil de trans\u00adfor\u00adma\u00adtion pour le monde.<\/p>\n\n\n\n<p>Alors que la plu\u00adpart des Miss se con\u00adsacrent aux d\u00e9fil\u00e9s et \u00e0 des cam\u00adpagnes de mode, Ana Clara se dis\u00adtingue par un choix auda\u00adcieux :&nbsp;plac\u00ader l\u2019environnement et le cli\u00admat au cen\u00adtre de son man\u00addat.<\/p>\n\n\n\n<p>Un par\u00adcours inspi\u00adrant de Rio \u00e0 Brasil\u00adia<\/p>\n\n\n\n<p>N\u00e9e dans une famille mod\u00adeste de Rio de Janeiro, Ana Clara a gran\u00addi entre les d\u00e9fis de l\u2019urbanisation galopante et la richesse cul\u00adturelle de son pays. Dipl\u00f4m\u00e9e en&nbsp;sci\u00adences de l\u2019environnement, elle a tou\u00adjours revendiqu\u00e9 un lien pro\u00adfond avec la nature.<\/p>\n\n\n\n<ul class=\"wp-block-list\">\n<li>Pas\u00adsion\u00adn\u00e9e par la bio\u00addi\u00adver\u00adsit\u00e9 ama\u00adzoni\u00adenne, elle milite depuis plusieurs ann\u00e9es dans des ONG locales.<\/li>\n\n\n\n<li>Elle a par\u00adticip\u00e9 au pro\u00adjet \u201cVerde Futuro\u201d, visant \u00e0 replanter des arbres d\u00e9tru\u00adits par la d\u00e9foresta\u00adtion au Nord du Br\u00e9sil.<\/li>\n\n\n\n<li>Ses pris\u00ades de parole publiques l\u2019ont rapi\u00adde\u00adment dis\u00adtin\u00adgu\u00e9e des autres can\u00addi\u00addates \u00e0 l\u2019\u00e9lection de Miss Br\u00e9sil.<\/li>\n<\/ul>\n\n\n\n<figure class=\"wp-block-image size-full is-resized\"><img loading=\"lazy\" decoding=\"async\" width=\"768\" height=\"512\" src=\"https:\/\/bobea.net\/wp-content\/uploads\/2025\/08\/1750731312685a0a3061750_1750731312_3x2_md.jpg\" alt class=\"wp-image-23768\" style=\"width:840px;height:auto\" srcset=\"https:\/\/bobea.net\/wp-content\/uploads\/2025\/08\/1750731312685a0a3061750_1750731312_3x2_md.jpg 768w, https:\/\/bobea.net\/wp-content\/uploads\/2025\/08\/1750731312685a0a3061750_1750731312_3x2_md-300x200.jpg 300w\" sizes=\"(max-width: 768px) 100vw, 768px\"><\/figure>\n\n\n\n<p>\ud83d\udc49 Ce pro\u00adfil atyp\u00adique lui a per\u00admis de s\u00e9duire autant le jury que le pub\u00adlic : elle incar\u00adne une g\u00e9n\u00e9ra\u00adtion de femmes con\u00adscientes, auda\u00adcieuses et pr\u00eates \u00e0&nbsp;chang\u00ader la donne.<\/p>\n\n\n\n<p>Son grand pro\u00adjet : \u201cBeaut\u00e9 durable\u201d<\/p>\n\n\n\n<p>Au lieu de sim\u00adple\u00adment repr\u00e9sen\u00adter l\u2019image de la femme br\u00e9sili\u00adenne sur les podi\u00adums, Ana Clara a lanc\u00e9 son ini\u00adtia\u00adtive per\u00adson\u00adnelle :&nbsp;\u201cBeleza Sus\u00adten\u00adt\u00e1v\u00adel\u201d (Beaut\u00e9 durable).<\/p>\n\n\n\n<p>Objec\u00adtifs :<\/p>\n\n\n\n<ul class=\"wp-block-list\">\n<li>Pro\u00admou\u00advoir&nbsp;la mode \u00e9thique&nbsp;au Br\u00e9sil (tis\u00adsus recy\u00adcl\u00e9s, cir\u00adcuits courts, arti\u00adsanat local).<\/li>\n\n\n\n<li>Sen\u00adsi\u00adbilis\u00ader les jeunes femmes aux&nbsp;pra\u00adtiques \u00e9co-respon\u00ads\u00adables&nbsp;dans leur rou\u00adtine beaut\u00e9.<\/li>\n\n\n\n<li>Cr\u00e9er des cam\u00adpagnes \u00e9duca\u00adtives autour de la r\u00e9duc\u00adtion du plas\u00adtique et de la pol\u00adlu\u00adtion des oc\u00e9ans.<\/li>\n<\/ul>\n\n\n\n<p>D\u00e9j\u00e0, de grandes mar\u00adques de cos\u00adm\u00e9\u00adtiques br\u00e9sili\u00adennes se sont asso\u00adci\u00e9es \u00e0 son pro\u00adjet pour d\u00e9velop\u00adper des gammes \u00ab pro\u00adpres \u00bb et acces\u00adsi\u00adbles.<\/p>\n\n\n\n<p>Un mod\u00ad\u00e8le pour les jeunes Br\u00e9sili\u00adennes<\/p>\n\n\n\n<p>En s\u2019exprimant dans les m\u00e9dias avec une&nbsp;voix claire et mil\u00adi\u00adtante, Ana Clara a chang\u00e9 la per\u00adcep\u00adtion tra\u00addi\u00adtion\u00adnelle des Miss. Pour elle, porter la couronne sig\u00adni\u00adfie&nbsp;assumer une respon\u00ads\u00adabil\u00adit\u00e9.<\/p>\n\n\n\n<ul class=\"wp-block-list\">\n<li>Elle mul\u00adti\u00adplie les con\u00adf\u00e9rences dans les lyc\u00e9es et uni\u00adver\u00adsit\u00e9s sur la pro\u00adtec\u00adtion de l\u2019Amazonie.<\/li>\n\n\n\n<li>Sur Insta\u00adgram (2,3 mil\u00adlions d\u2019abonn\u00e9s), ses pub\u00adli\u00adca\u00adtions ne se lim\u00adi\u00adtent pas aux shoot\u00adings glam\u00adour : elle partage aus\u00adsi des con\u00adseils pour&nbsp;r\u00e9duire son empreinte car\u00adbone&nbsp;au quo\u00adti\u00addi\u00aden.<\/li>\n\n\n\n<li>Elle met en lumi\u00e8re des&nbsp;com\u00admu\u00adnaut\u00e9s locales br\u00e9sili\u00adennes&nbsp;qui vivent en har\u00admonie avec la nature et dont les savoirs tra\u00addi\u00adtion\u00adnels sont men\u00adac\u00e9s.<\/li>\n<\/ul>\n\n\n\n<p>\ud83d\udc49 Elle devient ain\u00adsi un&nbsp;exem\u00adple pour des mil\u00adliers de jeunes br\u00e9sili\u00adennes&nbsp;qui aspirent \u00e0 con\u00adjuguer ambi\u00adtion, \u00e9thique et f\u00e9minit\u00e9.<\/p>\n\n\n\n<p>La recon\u00adnais\u00adsance inter\u00adna\u00adtionale<\/p>\n\n\n\n<p>Son action n\u2019est pas pass\u00e9e inaper\u00e7ue au-del\u00e0 des fron\u00adti\u00e8res :<\/p>\n\n\n\n<ul class=\"wp-block-list\">\n<li>En juin 2025, elle a pris la parole \u00e0 l\u2019ONU lors de la Journ\u00e9e mon\u00addi\u00adale de l\u2019environnement.<\/li>\n\n\n\n<li>Elle a \u00e9t\u00e9 invit\u00e9e par le gou\u00adverne\u00adment fran\u00e7ais au som\u00admet \u00ab Femmes et Cli\u00admat \u00bb \u00e0 Paris.<\/li>\n\n\n\n<li>Plusieurs ONG inter\u00adna\u00adtionales salu\u00adent son \u00e9nergie et son charisme, n\u00e9ces\u00adsaires pour mobilis\u00ader la jeunesse sur ces enjeux.<\/li>\n<\/ul>\n\n\n\n<p>Cette vis\u00adi\u00adbil\u00adit\u00e9 inter\u00adna\u00adtionale con\u00adf\u00e8re \u00e0 Ana Clara une dimen\u00adsion unique : une Miss qui n\u2019est pas sim\u00adple\u00adment une ambas\u00adsadrice esth\u00e9\u00adtique mais&nbsp;une ic\u00f4ne verte mon\u00addi\u00adale.<\/p>\n\n\n\n<figure class=\"wp-block-image size-full\"><img loading=\"lazy\" decoding=\"async\" width=\"1000\" height=\"693\" src=\"https:\/\/bobea.net\/wp-content\/uploads\/2025\/08\/721392a06c4e45af89b89554d818ca67.webp\" alt class=\"wp-image-23769\" srcset=\"https:\/\/bobea.net\/wp-content\/uploads\/2025\/08\/721392a06c4e45af89b89554d818ca67.webp 1000w, https:\/\/bobea.net\/wp-content\/uploads\/2025\/08\/721392a06c4e45af89b89554d818ca67-300x208.webp 300w, https:\/\/bobea.net\/wp-content\/uploads\/2025\/08\/721392a06c4e45af89b89554d818ca67-768x532.webp 768w\" sizes=\"(max-width: 1000px) 100vw, 1000px\"><\/figure>\n\n\n\n<p>Un sym\u00adbole de la nou\u00advelle g\u00e9n\u00e9ra\u00adtion de Miss<\/p>\n\n\n\n<p>Miss Univers ou Miss Monde ont sou\u00advent int\u00e9\u00adgr\u00e9 des dis\u00adcours human\u00adi\u00adtaires dans leurs mis\u00adsions, mais rares sont celles qui parvi\u00aden\u00adnent \u00e0&nbsp;incar\u00adn\u00ader un mou\u00adve\u00adment social. Ana Clara Mendes fait par\u00adtie de cette minorit\u00e9 qui r\u00e9us\u00adsit \u00e0 alli\u00ader :<\/p>\n\n\n\n<ul class=\"wp-block-list\">\n<li>Beaut\u00e9&nbsp;: lumi\u00e8re m\u00e9di\u00ada\u00adtique, f\u00e9minit\u00e9 assum\u00e9e<\/li>\n\n\n\n<li>Intel\u00adli\u00adgence&nbsp;: dis\u00adcours clairs, exper\u00adtise tech\u00adnique en envi\u00adron\u00adnement<\/li>\n\n\n\n<li>Engage\u00adment&nbsp;: actions con\u00adcr\u00e8tes sur le ter\u00adrain<\/li>\n<\/ul>\n\n\n\n<p>\ud83d\udc49 Elle incar\u00adne ain\u00adsi la muta\u00adtion du r\u00f4le de Miss : de repr\u00e9sen\u00adta\u00adtion esth\u00e9\u00adtique \u00e0&nbsp;actrice de change\u00adment glob\u00adal.<\/p>\n\n\n\n<p>Con\u00adclu\u00adsion : un r\u00e8gne por\u00adteur d\u2019espoir<\/p>\n\n\n\n<p>En seule\u00adment quelques mois de man\u00addat,&nbsp;Miss Br\u00e9sil 2025 a d\u00e9j\u00e0 mar\u00adqu\u00e9 l\u2019histoire. Son com\u00adbat \u00e9cologique ne s\u2019arr\u00eatera pas \u00e0 la fin de son ann\u00e9e de r\u00e8gne. Elle annonce vouloir pour\u00adsuiv\u00adre ses \u00e9tudes en diplo\u00admatie envi\u00adron\u00adnemen\u00adtale et&nbsp;porter la cause cli\u00adma\u00adtique dans les plus hautes instances mon\u00addi\u00adales.<\/p>\n\n\n\n<p>\u00c0 tra\u00advers Ana Clara Mendes, c\u2019est tout le Br\u00e9sil, et m\u00eame le monde, qui envoie un mes\u00adsage puis\u00adsant : la beaut\u00e9 a du sens quand elle&nbsp;s\u2019engage pour la plan\u00e8te et pour l\u2019humanit\u00e9.<\/p>\n","protected":false},"excerpt":{"rendered":"<p>Intro\u00adduc\u00adtion : une reine de beaut\u00e9 pas comme les autres \u00c9lue&nbsp;Miss Br\u00e9sil 2025, Ana Clara Mendes n\u2019est pas seule\u00adment un vis\u00adage par\u00adfait sous les pro\u00adjecteurs. \u00c0 23 ans, cette jeune\u2026 <\/p>\n","protected":false},"author":1,"featured_media":23770,"comment_status":"open","ping_status":"closed","sticky":false,"template":"","format":"standard","meta":{"wp_typography_post_enhancements_disabled":false,"footnotes":""},"categories":[73],"tags":[],"class_list":["post-23767","post","type-post","status-publish","format-standard","has-post-thumbnail","hentry","category-on-en-parle"],"yoast_head":"<!-- This site is optimized with the Yoast SEO plugin v24.7 - https:\/\/yoast.com\/wordpress\/plugins\/seo\/ -->\n<title>Miss Br\u00e9sil 2025 s\u2019engage pour l\u2019environnement \u2013 quand beaut\u00e9 rime avec action citoyenne - Bobea<\/title>\n<meta name=\"description\" content=\"\u00c0 travers Ana Clara Mendes, c\u2019est tout le Br\u00e9sil, et m\u00eame le monde, qui envoie un message puissant : la beaut\u00e9 a du sens quand\" \/>\n<meta name=\"robots\" content=\"index, follow, max-snippet:-1, max-image-preview:large, max-video-preview:-1\" \/>\n<link rel=\"canonical\" href=\"https:\/\/bobea.net\/index.php\/2025\/08\/24\/miss-bresil-2025-sengage-pour-lenvironnement-quand-beaute-rime-avec-action-citoyenne\/\" \/>\n<meta property=\"og:locale\" content=\"fr_FR\" \/>\n<meta property=\"og:type\" content=\"article\" \/>\n<meta property=\"og:title\" content=\"Miss Br\u00e9sil 2025 s\u2019engage pour l\u2019environnement \u2013 quand beaut\u00e9 rime avec action citoyenne - Bobea\" \/>\n<meta property=\"og:description\" content=\"\u00c0 travers Ana Clara Mendes, c\u2019est tout le Br\u00e9sil, et m\u00eame le monde, qui envoie un message puissant : la beaut\u00e9 a du sens quand\" \/>\n<meta property=\"og:url\" content=\"https:\/\/bobea.net\/index.php\/2025\/08\/24\/miss-bresil-2025-sengage-pour-lenvironnement-quand-beaute-rime-avec-action-citoyenne\/\" \/>\n<meta property=\"og:site_name\" content=\"Bobea\" \/>\n<meta property=\"article:publisher\" content=\"https:\/\/web.facebook.com\/profile.php?id=61559252188416\" \/>\n<meta property=\"article:published_time\" content=\"2025-08-24T12:53:33+00:00\" \/>\n<meta property=\"article:modified_time\" content=\"2025-08-24T12:53:34+00:00\" \/>\n<meta property=\"og:image\" content=\"https:\/\/bobea.net\/wp-content\/uploads\/2025\/08\/Brasil-conquista-coroa-inedita-com-Eduarda-Braum-no-Miss-Supranational-2025-850x478-1.webp\" \/>\n\t<meta property=\"og:image:width\" content=\"850\" \/>\n\t<meta property=\"og:image:height\" content=\"478\" \/>\n\t<meta property=\"og:image:type\" content=\"image\/webp\" \/>\n<meta name=\"author\" content=\"bobea.info\" \/>\n<meta name=\"twitter:card\" content=\"summary_large_image\" \/>\n<meta name=\"twitter:label1\" content=\"\u00c9crit par\" \/>\n\t<meta name=\"twitter:data1\" content=\"bobea.info\" \/>\n\t<meta name=\"twitter:label2\" content=\"Dur\u00e9e de lecture estim\u00e9e\" \/>\n\t<meta name=\"twitter:data2\" content=\"5 minutes\" \/>\n<script type=\"application\/ld+json\" class=\"yoast-schema-graph\">{\"@context\":\"https:\/\/schema.org\",\"@graph\":[{\"@type\":\"Article\",\"@id\":\"https:\/\/bobea.net\/index.php\/2025\/08\/24\/miss-bresil-2025-sengage-pour-lenvironnement-quand-beaute-rime-avec-action-citoyenne\/#article\",\"isPartOf\":{\"@id\":\"https:\/\/bobea.net\/index.php\/2025\/08\/24\/miss-bresil-2025-sengage-pour-lenvironnement-quand-beaute-rime-avec-action-citoyenne\/\"},\"author\":{\"name\":\"bobea.info\",\"@id\":\"https:\/\/bobea.net\/#\/schema\/person\/e7f45ef187918d7c956bf619dce90ccf\"},\"headline\":\"Miss Br\u00e9sil 2025 s\u2019engage pour l\u2019environnement \u2013 quand beaut\u00e9 rime avec action citoyenne\",\"datePublished\":\"2025-08-24T12:53:33+00:00\",\"dateModified\":\"2025-08-24T12:53:34+00:00\",\"mainEntityOfPage\":{\"@id\":\"https:\/\/bobea.net\/index.php\/2025\/08\/24\/miss-bresil-2025-sengage-pour-lenvironnement-quand-beaute-rime-avec-action-citoyenne\/\"},\"wordCount\":788,\"commentCount\":0,\"publisher\":{\"@id\":\"https:\/\/bobea.net\/#organization\"},\"image\":{\"@id\":\"https:\/\/bobea.net\/index.php\/2025\/08\/24\/miss-bresil-2025-sengage-pour-lenvironnement-quand-beaute-rime-avec-action-citoyenne\/#primaryimage\"},\"thumbnailUrl\":\"https:\/\/bobea.net\/wp-content\/uploads\/2025\/08\/Brasil-conquista-coroa-inedita-com-Eduarda-Braum-no-Miss-Supranational-2025-850x478-1.webp\",\"articleSection\":[\"On en Parle\"],\"inLanguage\":\"fr-FR\",\"potentialAction\":[{\"@type\":\"CommentAction\",\"name\":\"Comment\",\"target\":[\"https:\/\/bobea.net\/index.php\/2025\/08\/24\/miss-bresil-2025-sengage-pour-lenvironnement-quand-beaute-rime-avec-action-citoyenne\/#respond\"]}]},{\"@type\":\"WebPage\",\"@id\":\"https:\/\/bobea.net\/index.php\/2025\/08\/24\/miss-bresil-2025-sengage-pour-lenvironnement-quand-beaute-rime-avec-action-citoyenne\/\",\"url\":\"https:\/\/bobea.net\/index.php\/2025\/08\/24\/miss-bresil-2025-sengage-pour-lenvironnement-quand-beaute-rime-avec-action-citoyenne\/\",\"name\":\"Miss Br\u00e9sil 2025 s\u2019engage pour l\u2019environnement \u2013 quand beaut\u00e9 rime avec action citoyenne - Bobea\",\"isPartOf\":{\"@id\":\"https:\/\/bobea.net\/#website\"},\"primaryImageOfPage\":{\"@id\":\"https:\/\/bobea.net\/index.php\/2025\/08\/24\/miss-bresil-2025-sengage-pour-lenvironnement-quand-beaute-rime-avec-action-citoyenne\/#primaryimage\"},\"image\":{\"@id\":\"https:\/\/bobea.net\/index.php\/2025\/08\/24\/miss-bresil-2025-sengage-pour-lenvironnement-quand-beaute-rime-avec-action-citoyenne\/#primaryimage\"},\"thumbnailUrl\":\"https:\/\/bobea.net\/wp-content\/uploads\/2025\/08\/Brasil-conquista-coroa-inedita-com-Eduarda-Braum-no-Miss-Supranational-2025-850x478-1.webp\",\"datePublished\":\"2025-08-24T12:53:33+00:00\",\"dateModified\":\"2025-08-24T12:53:34+00:00\",\"description\":\"\u00c0 travers Ana Clara Mendes, c\u2019est tout le Br\u00e9sil, et m\u00eame le monde, qui envoie un message puissant : la beaut\u00e9 a du sens quand\",\"breadcrumb\":{\"@id\":\"https:\/\/bobea.net\/index.php\/2025\/08\/24\/miss-bresil-2025-sengage-pour-lenvironnement-quand-beaute-rime-avec-action-citoyenne\/#breadcrumb\"},\"inLanguage\":\"fr-FR\",\"potentialAction\":[{\"@type\":\"ReadAction\",\"target\":[\"https:\/\/bobea.net\/index.php\/2025\/08\/24\/miss-bresil-2025-sengage-pour-lenvironnement-quand-beaute-rime-avec-action-citoyenne\/\"]}]},{\"@type\":\"ImageObject\",\"inLanguage\":\"fr-FR\",\"@id\":\"https:\/\/bobea.net\/index.php\/2025\/08\/24\/miss-bresil-2025-sengage-pour-lenvironnement-quand-beaute-rime-avec-action-citoyenne\/#primaryimage\",\"url\":\"https:\/\/bobea.net\/wp-content\/uploads\/2025\/08\/Brasil-conquista-coroa-inedita-com-Eduarda-Braum-no-Miss-Supranational-2025-850x478-1.webp\",\"contentUrl\":\"https:\/\/bobea.net\/wp-content\/uploads\/2025\/08\/Brasil-conquista-coroa-inedita-com-Eduarda-Braum-no-Miss-Supranational-2025-850x478-1.webp\",\"width\":850,\"height\":478},{\"@type\":\"BreadcrumbList\",\"@id\":\"https:\/\/bobea.net\/index.php\/2025\/08\/24\/miss-bresil-2025-sengage-pour-lenvironnement-quand-beaute-rime-avec-action-citoyenne\/#breadcrumb\",\"itemListElement\":[{\"@type\":\"ListItem\",\"position\":1,\"name\":\"Accueil\",\"item\":\"https:\/\/bobea.net\/\"},{\"@type\":\"ListItem\",\"position\":2,\"name\":\"Miss Br\u00e9sil 2025 s\u2019engage pour l\u2019environnement \u2013 quand beaut\u00e9 rime avec action citoyenne\"}]},{\"@type\":\"WebSite\",\"@id\":\"https:\/\/bobea.net\/#website\",\"url\":\"https:\/\/bobea.net\/\",\"name\":\"Bobea\",\"description\":\"Le magazine de la nouvelle \u00c8ve\",\"publisher\":{\"@id\":\"https:\/\/bobea.net\/#organization\"},\"potentialAction\":[{\"@type\":\"SearchAction\",\"target\":{\"@type\":\"EntryPoint\",\"urlTemplate\":\"https:\/\/bobea.net\/?s={search_term_string}\"},\"query-input\":{\"@type\":\"PropertyValueSpecification\",\"valueRequired\":true,\"valueName\":\"search_term_string\"}}],\"inLanguage\":\"fr-FR\"},{\"@type\":\"Organization\",\"@id\":\"https:\/\/bobea.net\/#organization\",\"name\":\"Bobea\",\"url\":\"https:\/\/bobea.net\/\",\"logo\":{\"@type\":\"ImageObject\",\"inLanguage\":\"fr-FR\",\"@id\":\"https:\/\/bobea.net\/#\/schema\/logo\/image\/\",\"url\":\"https:\/\/bobea.net\/wp-content\/uploads\/2024\/06\/bobea.jpg\",\"contentUrl\":\"https:\/\/bobea.net\/wp-content\/uploads\/2024\/06\/bobea.jpg\",\"width\":1080,\"height\":1080,\"caption\":\"Bobea\"},\"image\":{\"@id\":\"https:\/\/bobea.net\/#\/schema\/logo\/image\/\"},\"sameAs\":[\"https:\/\/web.facebook.com\/profile.php?id=61559252188416\"]},{\"@type\":\"Person\",\"@id\":\"https:\/\/bobea.net\/#\/schema\/person\/e7f45ef187918d7c956bf619dce90ccf\",\"name\":\"bobea.info\",\"image\":{\"@type\":\"ImageObject\",\"inLanguage\":\"fr-FR\",\"@id\":\"https:\/\/bobea.net\/#\/schema\/person\/image\/\",\"url\":\"https:\/\/secure.gravatar.com\/avatar\/36147980349df887ae30808df3e29474?s=96&d=mm&r=g\",\"contentUrl\":\"https:\/\/secure.gravatar.com\/avatar\/36147980349df887ae30808df3e29474?s=96&d=mm&r=g\",\"caption\":\"bobea.info\"},\"sameAs\":[\"https:\/\/bobea.net\"],\"url\":\"https:\/\/bobea.net\/index.php\/author\/bobea-info\/\"}]}<\/script>\n<!-- \/ Yoast SEO plugin. -->","yoast_head_json":{"title":"Miss Br\u00e9sil 2025 s\u2019engage pour l\u2019environnement \u2013 quand beaut\u00e9 rime avec action citoyenne - Bobea","description":"\u00c0 travers Ana Clara Mendes, c\u2019est tout le Br\u00e9sil, et m\u00eame le monde, qui envoie un message puissant : la beaut\u00e9 a du sens quand","robots":{"index":"index","follow":"follow","max-snippet":"max-snippet:-1","max-image-preview":"max-image-preview:large","max-video-preview":"max-video-preview:-1"},"canonical":"https:\/\/bobea.net\/index.php\/2025\/08\/24\/miss-bresil-2025-sengage-pour-lenvironnement-quand-beaute-rime-avec-action-citoyenne\/","og_locale":"fr_FR","og_type":"article","og_title":"Miss Br\u00e9sil 2025 s\u2019engage pour l\u2019environnement \u2013 quand beaut\u00e9 rime avec action citoyenne - Bobea","og_description":"\u00c0 travers Ana Clara Mendes, c\u2019est tout le Br\u00e9sil, et m\u00eame le monde, qui envoie un message puissant : la beaut\u00e9 a du sens quand","og_url":"https:\/\/bobea.net\/index.php\/2025\/08\/24\/miss-bresil-2025-sengage-pour-lenvironnement-quand-beaute-rime-avec-action-citoyenne\/","og_site_name":"Bobea","article_publisher":"https:\/\/web.facebook.com\/profile.php?id=61559252188416","article_published_time":"2025-08-24T12:53:33+00:00","article_modified_time":"2025-08-24T12:53:34+00:00","og_image":[{"width":850,"height":478,"url":"https:\/\/bobea.net\/wp-content\/uploads\/2025\/08\/Brasil-conquista-coroa-inedita-com-Eduarda-Braum-no-Miss-Supranational-2025-850x478-1.webp","type":"image\/webp"}],"author":"bobea.info","twitter_card":"summary_large_image","twitter_misc":{"\u00c9crit par":"bobea.info","Dur\u00e9e de lecture estim\u00e9e":"5 minutes"},"schema":{"@context":"https:\/\/schema.org","@graph":[{"@type":"Article","@id":"https:\/\/bobea.net\/index.php\/2025\/08\/24\/miss-bresil-2025-sengage-pour-lenvironnement-quand-beaute-rime-avec-action-citoyenne\/#article","isPartOf":{"@id":"https:\/\/bobea.net\/index.php\/2025\/08\/24\/miss-bresil-2025-sengage-pour-lenvironnement-quand-beaute-rime-avec-action-citoyenne\/"},"author":{"name":"bobea.info","@id":"https:\/\/bobea.net\/#\/schema\/person\/e7f45ef187918d7c956bf619dce90ccf"},"headline":"Miss Br\u00e9sil 2025 s\u2019engage pour l\u2019environnement \u2013 quand beaut\u00e9 rime avec action citoyenne","datePublished":"2025-08-24T12:53:33+00:00","dateModified":"2025-08-24T12:53:34+00:00","mainEntityOfPage":{"@id":"https:\/\/bobea.net\/index.php\/2025\/08\/24\/miss-bresil-2025-sengage-pour-lenvironnement-quand-beaute-rime-avec-action-citoyenne\/"},"wordCount":788,"commentCount":0,"publisher":{"@id":"https:\/\/bobea.net\/#organization"},"image":{"@id":"https:\/\/bobea.net\/index.php\/2025\/08\/24\/miss-bresil-2025-sengage-pour-lenvironnement-quand-beaute-rime-avec-action-citoyenne\/#primaryimage"},"thumbnailUrl":"https:\/\/bobea.net\/wp-content\/uploads\/2025\/08\/Brasil-conquista-coroa-inedita-com-Eduarda-Braum-no-Miss-Supranational-2025-850x478-1.webp","articleSection":["On en Parle"],"inLanguage":"fr-FR","potentialAction":[{"@type":"CommentAction","name":"Comment","target":["https:\/\/bobea.net\/index.php\/2025\/08\/24\/miss-bresil-2025-sengage-pour-lenvironnement-quand-beaute-rime-avec-action-citoyenne\/#respond"]}]},{"@type":"WebPage","@id":"https:\/\/bobea.net\/index.php\/2025\/08\/24\/miss-bresil-2025-sengage-pour-lenvironnement-quand-beaute-rime-avec-action-citoyenne\/","url":"https:\/\/bobea.net\/index.php\/2025\/08\/24\/miss-bresil-2025-sengage-pour-lenvironnement-quand-beaute-rime-avec-action-citoyenne\/","name":"Miss Br\u00e9sil 2025 s\u2019engage pour l\u2019environnement \u2013 quand beaut\u00e9 rime avec action citoyenne - Bobea","isPartOf":{"@id":"https:\/\/bobea.net\/#website"},"primaryImageOfPage":{"@id":"https:\/\/bobea.net\/index.php\/2025\/08\/24\/miss-bresil-2025-sengage-pour-lenvironnement-quand-beaute-rime-avec-action-citoyenne\/#primaryimage"},"image":{"@id":"https:\/\/bobea.net\/index.php\/2025\/08\/24\/miss-bresil-2025-sengage-pour-lenvironnement-quand-beaute-rime-avec-action-citoyenne\/#primaryimage"},"thumbnailUrl":"https:\/\/bobea.net\/wp-content\/uploads\/2025\/08\/Brasil-conquista-coroa-inedita-com-Eduarda-Braum-no-Miss-Supranational-2025-850x478-1.webp","datePublished":"2025-08-24T12:53:33+00:00","dateModified":"2025-08-24T12:53:34+00:00","description":"\u00c0 travers Ana Clara Mendes, c\u2019est tout le Br\u00e9sil, et m\u00eame le monde, qui envoie un message puissant : la beaut\u00e9 a du sens quand","breadcrumb":{"@id":"https:\/\/bobea.net\/index.php\/2025\/08\/24\/miss-bresil-2025-sengage-pour-lenvironnement-quand-beaute-rime-avec-action-citoyenne\/#breadcrumb"},"inLanguage":"fr-FR","potentialAction":[{"@type":"ReadAction","target":["https:\/\/bobea.net\/index.php\/2025\/08\/24\/miss-bresil-2025-sengage-pour-lenvironnement-quand-beaute-rime-avec-action-citoyenne\/"]}]},{"@type":"ImageObject","inLanguage":"fr-FR","@id":"https:\/\/bobea.net\/index.php\/2025\/08\/24\/miss-bresil-2025-sengage-pour-lenvironnement-quand-beaute-rime-avec-action-citoyenne\/#primaryimage","url":"https:\/\/bobea.net\/wp-content\/uploads\/2025\/08\/Brasil-conquista-coroa-inedita-com-Eduarda-Braum-no-Miss-Supranational-2025-850x478-1.webp","contentUrl":"https:\/\/bobea.net\/wp-content\/uploads\/2025\/08\/Brasil-conquista-coroa-inedita-com-Eduarda-Braum-no-Miss-Supranational-2025-850x478-1.webp","width":850,"height":478},{"@type":"BreadcrumbList","@id":"https:\/\/bobea.net\/index.php\/2025\/08\/24\/miss-bresil-2025-sengage-pour-lenvironnement-quand-beaute-rime-avec-action-citoyenne\/#breadcrumb","itemListElement":[{"@type":"ListItem","position":1,"name":"Accueil","item":"https:\/\/bobea.net\/"},{"@type":"ListItem","position":2,"name":"Miss Br\u00e9sil 2025 s\u2019engage pour l\u2019environnement \u2013 quand beaut\u00e9 rime avec action citoyenne"}]},{"@type":"WebSite","@id":"https:\/\/bobea.net\/#website","url":"https:\/\/bobea.net\/","name":"Bobea","description":"Le magazine de la nouvelle \u00c8ve","publisher":{"@id":"https:\/\/bobea.net\/#organization"},"potentialAction":[{"@type":"SearchAction","target":{"@type":"EntryPoint","urlTemplate":"https:\/\/bobea.net\/?s={search_term_string}"},"query-input":{"@type":"PropertyValueSpecification","valueRequired":true,"valueName":"search_term_string"}}],"inLanguage":"fr-FR"},{"@type":"Organization","@id":"https:\/\/bobea.net\/#organization","name":"Bobea","url":"https:\/\/bobea.net\/","logo":{"@type":"ImageObject","inLanguage":"fr-FR","@id":"https:\/\/bobea.net\/#\/schema\/logo\/image\/","url":"https:\/\/bobea.net\/wp-content\/uploads\/2024\/06\/bobea.jpg","contentUrl":"https:\/\/bobea.net\/wp-content\/uploads\/2024\/06\/bobea.jpg","width":1080,"height":1080,"caption":"Bobea"},"image":{"@id":"https:\/\/bobea.net\/#\/schema\/logo\/image\/"},"sameAs":["https:\/\/web.facebook.com\/profile.php?id=61559252188416"]},{"@type":"Person","@id":"https:\/\/bobea.net\/#\/schema\/person\/e7f45ef187918d7c956bf619dce90ccf","name":"bobea.info","image":{"@type":"ImageObject","inLanguage":"fr-FR","@id":"https:\/\/bobea.net\/#\/schema\/person\/image\/","url":"https:\/\/secure.gravatar.com\/avatar\/36147980349df887ae30808df3e29474?s=96&d=mm&r=g","contentUrl":"https:\/\/secure.gravatar.com\/avatar\/36147980349df887ae30808df3e29474?s=96&d=mm&r=g","caption":"bobea.info"},"sameAs":["https:\/\/bobea.net"],"url":"https:\/\/bobea.net\/index.php\/author\/bobea-info\/"}]}},"_links":{"self":[{"href":"https:\/\/bobea.net\/index.php\/wp-json\/wp\/v2\/posts\/23767"}],"collection":[{"href":"https:\/\/bobea.net\/index.php\/wp-json\/wp\/v2\/posts"}],"about":[{"href":"https:\/\/bobea.net\/index.php\/wp-json\/wp\/v2\/types\/post"}],"author":[{"embeddable":true,"href":"https:\/\/bobea.net\/index.php\/wp-json\/wp\/v2\/users\/1"}],"replies":[{"embeddable":true,"href":"https:\/\/bobea.net\/index.php\/wp-json\/wp\/v2\/comments?post=23767"}],"version-history":[{"count":1,"href":"https:\/\/bobea.net\/index.php\/wp-json\/wp\/v2\/posts\/23767\/revisions"}],"predecessor-version":[{"id":23771,"href":"https:\/\/bobea.net\/index.php\/wp-json\/wp\/v2\/posts\/23767\/revisions\/23771"}],"wp:featuredmedia":[{"embeddable":true,"href":"https:\/\/bobea.net\/index.php\/wp-json\/wp\/v2\/media\/23770"}],"wp:attachment":[{"href":"https:\/\/bobea.net\/index.php\/wp-json\/wp\/v2\/media?parent=23767"}],"wp:term":[{"taxonomy":"category","embeddable":true,"href":"https:\/\/bobea.net\/index.php\/wp-json\/wp\/v2\/categories?post=23767"},{"taxonomy":"post_tag","embeddable":true,"href":"https:\/\/bobea.net\/index.php\/wp-json\/wp\/v2\/tags?post=23767"}],"curies":[{"name":"wp","href":"https:\/\/api.w.org\/{rel}","templated":true}]}}