{"id":23756,"date":"2025-08-23T05:24:54","date_gmt":"2025-08-23T05:24:54","guid":{"rendered":"https:\/\/bobea.net\/?p=23756"},"modified":"2025-08-23T05:24:55","modified_gmt":"2025-08-23T05:24:55","slug":"voyage-au-coeur-des-cheffes-qui-revolutionnent-la-haute-cuisine-en-2025","status":"publish","type":"post","link":"https:\/\/bobea.net\/index.php\/2025\/08\/23\/voyage-au-coeur-des-cheffes-qui-revolutionnent-la-haute-cuisine-en-2025\/","title":{"rendered":"Voyage au c\u0153ur des cheffes qui r\u00e9volutionnent la haute cuisine en 2025"},"content":{"rendered":"\n<p><strong>Intro\u00adduc\u00adtion : la gas\u00adtronomie fran\u00e7aise, un art en pleine m\u00e9ta\u00admor\u00adphose<\/strong><\/p>\n\n\n\n<p>La gas\u00adtronomie fran\u00e7aise a longtemps \u00e9t\u00e9 asso\u00adci\u00e9e \u00e0 un univers sacr\u00e9, sou\u00advent per\u00e7u comme rigide, cod\u00adi\u00adfi\u00e9 et dom\u00adin\u00e9 par des fig\u00adures mas\u00adcu\u00adlines. Pour\u00adtant, depuis plusieurs ann\u00e9es, une v\u00e9ri\u00adta\u00adble r\u00e9vo\u00adlu\u00adtion f\u00e9mi\u00adnine tra\u00adverse les cuisines \u00e9toil\u00e9es, appor\u00adtant une fra\u00eecheur, une cr\u00e9a\u00adtiv\u00adit\u00e9 et un engage\u00adment renou\u00advel\u00e9s. En 2025, ce ph\u00e9nom\u00e8ne est d\u00e9sor\u00admais incon\u00adtourn\u00adable. De la tra\u00addi\u00adtion revis\u00adit\u00e9e \u00e0 l\u2019innovation rad\u00adi\u00adcale, les cheffes fran\u00e7ais\u00ades r\u00e9in\u00adven\u00adtent le paysage culi\u00adnaire dans un dia\u00adlogue f\u00e9cond entre excel\u00adlence, \u00e9thique et \u00e9mo\u00adtion.<\/p>\n\n\n\n<p>Ce dossier Bobea.net vous invite \u00e0 d\u00e9cou\u00advrir les par\u00adcours, les philoso\u00adphies et les sig\u00adna\u00adtures de ces femmes d\u2019exception qui incar\u00adnent la nou\u00advelle vague de la gas\u00adtronomie fran\u00e7aise.<\/p>\n\n\n\n<p><strong>1. Anne-Sophie Pic : entre h\u00e9ritage famil\u00adial et audace con\u00adtem\u00adpo\u00adraine<\/strong><\/p>\n\n\n\n<p>Anne-Sophie Pic est la seule femme fran\u00e7aise triple\u00adment \u00e9toil\u00e9e au Guide Miche\u00adlin, une dis\u00adtinc\u00adtion qui sym\u00adbol\u00adise l\u2019excellence aux plus hauts stan\u00addards. H\u00e9ri\u00adti\u00e8re d\u2019une lign\u00e9e de chefs, elle a su impos\u00ader sa vision auda\u00adcieuse tout en respec\u00adtant l\u2019h\u00e9ritage famil\u00adial.<\/p>\n\n\n\n<p>Son approche repose sur une qu\u00eate inces\u00adsante de l\u2019\u00e9quilibre : \u00e9quili\u00adbre des saveurs, des tex\u00adtures, mais aus\u00adsi entre la moder\u00adnit\u00e9 et la tra\u00addi\u00adtion. Anne-Sophie tra\u00advaille avec des pro\u00adduc\u00adteurs locaux pour val\u00adoris\u00ader des pro\u00adduits d\u2019exception dans des cr\u00e9a\u00adtions aus\u00adsi raf\u00adfin\u00e9es qu\u2019\u00e9motionnelles. Sa cui\u00adsine est une po\u00e9sie qui invite \u00e0 la con\u00adtem\u00adpla\u00adtion et au plaisir.<\/p>\n\n\n\n<figure class=\"wp-block-image size-large\"><img loading=\"lazy\" decoding=\"async\" width=\"1024\" height=\"576\" src=\"https:\/\/bobea.net\/wp-content\/uploads\/2025\/08\/695fa004e5c449329a51d1754386397f_Sans_titre_66-1024x576.jpeg\" alt class=\"wp-image-23757\" srcset=\"https:\/\/bobea.net\/wp-content\/uploads\/2025\/08\/695fa004e5c449329a51d1754386397f_Sans_titre_66-1024x576.jpeg 1024w, https:\/\/bobea.net\/wp-content\/uploads\/2025\/08\/695fa004e5c449329a51d1754386397f_Sans_titre_66-300x169.jpeg 300w, https:\/\/bobea.net\/wp-content\/uploads\/2025\/08\/695fa004e5c449329a51d1754386397f_Sans_titre_66-768x432.jpeg 768w, https:\/\/bobea.net\/wp-content\/uploads\/2025\/08\/695fa004e5c449329a51d1754386397f_Sans_titre_66.jpeg 1120w\" sizes=\"(max-width: 1024px) 100vw, 1024px\"><\/figure>\n\n\n\n<p>En 2025, elle con\u00adtin\u00adue de repouss\u00ader les lim\u00adites, m\u00ealant tech\u00adniques avant-gardistes \u00e0 une sen\u00adsi\u00adbil\u00adit\u00e9 pro\u00adfonde. Son engage\u00adment pour une gas\u00adtronomie durable est aus\u00adsi un exem\u00adple majeur.<\/p>\n\n\n\n<p><strong>2. H\u00e9l\u00e8ne Dar\u00adroze : la pas\u00adsion au ser\u00advice du ter\u00adroir<\/strong><\/p>\n\n\n\n<p>H\u00e9l\u00e8ne Dar\u00adroze repr\u00e9sente le mariage entre pas\u00adsion instinc\u00adtive et ancrage r\u00e9gion\u00adal. Orig\u00adi\u00adnaire du Sud-Ouest, elle puise dans les pro\u00adduits du ter\u00adroir une inspi\u00adra\u00adtion qui par\u00adle \u00e0 la fois au c\u0153ur et aux papilles.<\/p>\n\n\n\n<p>Son style m\u00eale robustesse et d\u00e9li\u00adcatesse. Elle sait sub\u00adlimer le canard, la truffe, le foie gras avec un respect qua\u00adsi sacr\u00e9. La cheffe apporte aus\u00adsi une grande impor\u00adtance aux saisons, favorisant une cui\u00adsine atten\u00adtive \u00e0 l\u2019\u00e9cosyst\u00e8me, avec une forte dimen\u00adsion respon\u00ads\u00adable.<\/p>\n\n\n\n<p>Dar\u00adroze incar\u00adne la femme cheffe engag\u00e9e, qui trans\u00admet un h\u00e9ritage cul\u00adturel tout en l\u2019adaptant \u00e0 une clien\u00adt\u00e8le con\u00adtem\u00adpo\u00adraine et cos\u00admopo\u00adlite. Sa pr\u00e9sence sur la sc\u00e8ne gas\u00adtronomique inter\u00adna\u00adtionale mon\u00adtre l\u2019importance crois\u00adsante des femmes dans des r\u00f4les d\u2019influence.<\/p>\n\n\n\n<p><strong>3. Anne-Sophie Gillois : la cr\u00e9a\u00adtiv\u00adit\u00e9 \u00e0 la fran\u00e7aise<\/strong><\/p>\n\n\n\n<p>Anne-Sophie Gillois, cheffe recon\u00adnue dans la r\u00e9gion lyon\u00adnaise, est une \u00e9toile mon\u00adtante qui bous\u00adcule les codes de la cui\u00adsine clas\u00adsique. Ses plats sont une explo\u00adsion de saveurs inno\u00advantes, util\u00adisant des tech\u00adniques mod\u00adernes alli\u00e9es \u00e0 une con\u00adnais\u00adsance pointue des ingr\u00e9\u00addi\u00adents.<\/p>\n\n\n\n<p>Sa d\u00e9marche est tourn\u00e9e vers une cui\u00adsine sen\u00adsorielle, qui racon\u00adte une his\u00adtoire \u00e0 chaque bouch\u00e9e. Elle accentue la place des l\u00e9gumes et des pro\u00adduits bio, refl\u00e9\u00adtant une ten\u00addance forte dans la restau\u00adra\u00adtion fran\u00e7aise.<\/p>\n\n\n\n<p>La cr\u00e9a\u00adtiv\u00adit\u00e9 d\u2019Anne-Sophie se man\u00adi\u00adfeste aus\u00adsi dans ses menus th\u00e9\u00adma\u00adtiques, invi\u00adtant ses con\u00advives \u00e0 un voy\u00adage gus\u00adta\u00adtif qui stim\u00adule l\u2019esprit autant que le palais.<\/p>\n\n\n\n<p><strong>4. Claire Heit\u00adzler : la p\u00e2tis\u00adserie r\u00e9in\u00adven\u00adt\u00e9e<\/strong><\/p>\n\n\n\n<p>Claire Heit\u00adzler est une fig\u00adure incon\u00adtourn\u00adable de la p\u00e2tis\u00adserie fran\u00e7aise con\u00adtem\u00adpo\u00adraine. Elle a trans\u00adfor\u00adm\u00e9 cet art sucr\u00e9 avec une approche \u00e0 la fois tech\u00adnique et artis\u00adtique, m\u00ealant raf\u00adfine\u00adment et audace.<\/p>\n\n\n\n<p>Son tra\u00advail se dis\u00adtingue par des tex\u00adtures inno\u00advantes, l\u2019utilisation d\u2019ingr\u00e9dients rares et une esth\u00e9\u00adtique \u00e0 couper le souf\u00adfle. Claire illus\u00adtre par\u00adfaite\u00adment la mon\u00adt\u00e9e en puis\u00adsance des femmes dans la p\u00e2tis\u00adserie qui allie tech\u00adnic\u00adit\u00e9 et cr\u00e9a\u00adtiv\u00adit\u00e9 libre.<\/p>\n\n\n\n<p>Elle incar\u00adne une p\u00e2tis\u00adserie fran\u00e7aise \u00e0 la fois ancr\u00e9e dans la tra\u00addi\u00adtion et tourn\u00e9e vers les d\u00e9fis de demain, notam\u00adment en mati\u00e8re de dura\u00adbil\u00adit\u00e9 et de go\u00fbt.<\/p>\n\n\n\n<p><strong>5. Ade\u00adline Grat\u00adtard : la fusion fran\u00adco-asi\u00ada\u00adtique au f\u00e9minin<\/strong><\/p>\n\n\n\n<p>Ade\u00adline Grat\u00adtard, cheffe du restau\u00adrant Yam\u2019Tcha \u00e0 Paris, est dev\u00adenue un sym\u00adbole de la r\u00e9us\u00adsite d\u2019un m\u00e9tis\u00adsage culi\u00adnaire intel\u00adli\u00adgent et sub\u00adtil. Son style fusionne la cui\u00adsine fran\u00e7aise et les tra\u00addi\u00adtions asi\u00ada\u00adtiques, en par\u00adti\u00adc\u00aduli\u00ader chi\u00adnois\u00ades, o\u00f9 elle a longtemps v\u00e9cu et \u00e9tudi\u00e9.<\/p>\n\n\n\n<figure class=\"wp-block-image size-large\"><img loading=\"lazy\" decoding=\"async\" width=\"1024\" height=\"580\" src=\"https:\/\/bobea.net\/wp-content\/uploads\/2025\/08\/1200x680_14029663-1024x580.webp\" alt class=\"wp-image-23758\" srcset=\"https:\/\/bobea.net\/wp-content\/uploads\/2025\/08\/1200x680_14029663-1024x580.webp 1024w, https:\/\/bobea.net\/wp-content\/uploads\/2025\/08\/1200x680_14029663-300x170.webp 300w, https:\/\/bobea.net\/wp-content\/uploads\/2025\/08\/1200x680_14029663-768x435.webp 768w, https:\/\/bobea.net\/wp-content\/uploads\/2025\/08\/1200x680_14029663.webp 1200w\" sizes=\"(max-width: 1024px) 100vw, 1024px\"><\/figure>\n\n\n\n<p>Son approche est une c\u00e9l\u00e9bra\u00adtion des saveurs authen\u00adtiques, sub\u00adlim\u00e9es par les tech\u00adniques fran\u00e7ais\u00ades. Ade\u00adline fait preuve d\u2019une grande sen\u00adsi\u00adbil\u00adit\u00e9 dans l\u2019\u00e9quilibre des go\u00fbts, des \u00e9pices et des tex\u00adtures.<\/p>\n\n\n\n<p>Elle repr\u00e9sente cette nou\u00advelle g\u00e9n\u00e9ra\u00adtion de cheffes fran\u00e7ais\u00ades ouvertes au monde, incar\u00adnant une cui\u00adsine glob\u00adale, inclu\u00adsive et inno\u00advante.<\/p>\n\n\n\n<p><strong>6. Jes\u00adsi\u00adca Pr\u00e9al\u00adpa\u00adto : la reine de la \u00ab p\u00e2tis\u00adserie alter\u00adna\u00adtive \u00bb<\/strong><\/p>\n\n\n\n<p>Jes\u00adsi\u00adca Pr\u00e9al\u00adpa\u00adto, cheffe p\u00e2tis\u00adsi\u00e8re au restau\u00adrant gas\u00adtronomique Alain Ducasse au Plaza Ath\u00e9n\u00e9e, r\u00e9vo\u00adlu\u00adtionne la p\u00e2tis\u00adserie en s\u2019\u00e9loignant du sucre tra\u00addi\u00adtion\u00adnel. Son tra\u00advail sur la \u00ab p\u00e2tis\u00adserie alter\u00adna\u00adtive \u00bb priv\u00adil\u00e9gie saveurs naturelles, fruits, fleurs et l\u00e9gumes.<\/p>\n\n\n\n<p>Jes\u00adsi\u00adca ajoute une dimen\u00adsion de respect de la san\u00adt\u00e9 et de la plan\u00e8te \u00e0 son art, ouvrant la voie \u00e0 une gour\u00adman\u00addise repen\u00ads\u00e9e, con\u00adsciente et raf\u00adfin\u00e9e. Elle donne une dimen\u00adsion nou\u00advelle \u00e0 la tra\u00addi\u00adtion sucr\u00e9e fran\u00e7aise avec audace.<\/p>\n\n\n\n<p><strong>7. Anne-Lau\u00adre Gannac : la cui\u00adsine durable engag\u00e9e<\/strong><\/p>\n\n\n\n<p>Anne-Lau\u00adre Gannac, \u00e0 la t\u00eate du restau\u00adrant La Sc\u00e8ne \u00e0 Paris, s\u2019est impos\u00e9e comme une cheffe engag\u00e9e sur le plan \u00e9cologique et \u00e9thique. Elle \u00e9la\u00adbore des menus qui val\u00adorisent la pro\u00adduc\u00adtion locale, la r\u00e9duc\u00adtion du gaspillage et la saison\u00adnal\u00adit\u00e9.<\/p>\n\n\n\n<p>Sa d\u00e9marche traduit un nou\u00adveau rap\u00adport \u00e0 la cui\u00adsine fran\u00e7aise : cr\u00e9er un plaisir gas\u00adtronomique qui pr\u00e9serve l\u2019environnement, refl\u00e9\u00adtant une con\u00adscience col\u00adlec\u00adtive indis\u00adpens\u00adable en 2025.<\/p>\n\n\n\n<p><strong>8. Vir\u00adginie Bas\u00adselot : la tech\u00adnique et la cr\u00e9a\u00adtiv\u00adit\u00e9 alli\u00e9es<\/strong><\/p>\n\n\n\n<p>Vir\u00adginie Bas\u00adselot, cheffe \u00e9toil\u00e9e \u00e0 la Tour Rose \u00e0 Lyon, est recon\u00adnue pour sa capac\u00adit\u00e9 \u00e0 alli\u00ader rigueur tech\u00adnique et audace cr\u00e9a\u00adtive. Elle pro\u00adpose une gas\u00adtronomie fra\u00eeche, \u00e9l\u00e9\u00adgante et raf\u00adfin\u00e9e, faisant la part belle aux pro\u00adduits de sai\u00adson.<\/p>\n\n\n\n<p>Son par\u00adcours est un exem\u00adple de per\u00ads\u00e9v\u00e9rance f\u00e9mi\u00adnine dans un univers sou\u00advent exigeant. Elle incar\u00adne aujourd\u2019hui une cui\u00adsine fran\u00e7aise mod\u00aderne, acces\u00adsi\u00adble et g\u00e9n\u00e9reuse.<\/p>\n\n\n\n<p><strong>9. Julia Sedefd\u00adjian : la jeune \u00e9toile parisi\u00adenne<\/strong><\/p>\n\n\n\n<p>Julia Sedefd\u00adjian, \u00e0 la t\u00eate de plusieurs restau\u00adrants parisiens, est une cheffe qui apporte une \u00e9nergie nou\u00advelle \u00e0 la sc\u00e8ne gas\u00adtronomique. Sa cui\u00adsine inven\u00adtive est un mariage de fra\u00eecheur, de sim\u00adplic\u00adit\u00e9 et de com\u00adplex\u00adit\u00e9 ma\u00eetris\u00e9e.<\/p>\n\n\n\n<p>Jeune, pas\u00adsion\u00adn\u00e9e, elle incar\u00adne une g\u00e9n\u00e9ra\u00adtion pr\u00eate \u00e0 r\u00e9in\u00adven\u00adter la tra\u00addi\u00adtion avec une audace assum\u00e9e et respectueuse.<\/p>\n\n\n\n<p><strong>10. Olga Camp\u00adbell : l\u2019\u00e9l\u00e9gance fran\u00adco-camer\u00adounaise en cui\u00adsine<\/strong><\/p>\n\n\n\n<p>Olga Camp\u00adbell allie dans son restau\u00adrant \u00e0 Paris des influ\u00adences fran\u00e7ais\u00ades et africaines, pro\u00adposant une cui\u00adsine m\u00e9tis\u00ads\u00e9e unique. Son tra\u00advail met en lumi\u00e8re la richesse des pat\u00adri\u00admoines culi\u00adnaires peu repr\u00e9sen\u00adt\u00e9s.<\/p>\n\n\n\n<p>Elle sym\u00adbol\u00adise une f\u00e9minit\u00e9 mul\u00adti\u00adcul\u00adturelle qui enri\u00adchit la gas\u00adtronomie fran\u00e7aise de sa diver\u00adsit\u00e9, appor\u00adtant un souf\u00adfle orig\u00adi\u00adnal et mod\u00aderne.<\/p>\n\n\n\n<figure class=\"wp-block-image size-large\"><img loading=\"lazy\" decoding=\"async\" width=\"1024\" height=\"576\" src=\"https:\/\/bobea.net\/wp-content\/uploads\/2025\/08\/les-chefs-colombe-st-pierre-et-la-brigade-13-mai-2025-1024x576.jpg\" alt class=\"wp-image-23760\" srcset=\"https:\/\/bobea.net\/wp-content\/uploads\/2025\/08\/les-chefs-colombe-st-pierre-et-la-brigade-13-mai-2025-1024x576.jpg 1024w, https:\/\/bobea.net\/wp-content\/uploads\/2025\/08\/les-chefs-colombe-st-pierre-et-la-brigade-13-mai-2025-300x169.jpg 300w, https:\/\/bobea.net\/wp-content\/uploads\/2025\/08\/les-chefs-colombe-st-pierre-et-la-brigade-13-mai-2025-768x432.jpg 768w, https:\/\/bobea.net\/wp-content\/uploads\/2025\/08\/les-chefs-colombe-st-pierre-et-la-brigade-13-mai-2025.jpg 1200w\" sizes=\"(max-width: 1024px) 100vw, 1024px\"><\/figure>\n\n\n\n<p><strong>Con\u00adclu\u00adsion : une f\u00e9minit\u00e9 culi\u00adnaire plurielle et puis\u00adsante<\/strong><\/p>\n\n\n\n<p>Ces dix cheffes incar\u00adnent aujourd\u2019hui l\u2019essence d\u2019une gas\u00adtronomie fran\u00e7aise en pleine muta\u00adtion. Elles con\u00adjuguent tra\u00addi\u00adtions ances\u00adtrales et inno\u00adva\u00adtions auda\u00adcieuses avec un engage\u00adment clair pour une cui\u00adsine respon\u00ads\u00adable, inclu\u00adsive et gour\u00admande. Leurs par\u00adcours r\u00e9v\u00e8\u00adlent l\u2019essor d\u2019une f\u00e9minit\u00e9 port\u00e9e par la cr\u00e9a\u00adtiv\u00adit\u00e9, la tech\u00adnique et la con\u00adscience.<\/p>\n\n\n\n<p>Pour les lec\u00adtri\u00adces de Bobea.net, ces femmes sont des mod\u00ad\u00e8les inspi\u00adrants, preuve que la haute cui\u00adsine peut \u00eatre un ter\u00adrain d\u2019expression f\u00e9mi\u00adnine puis\u00adsant et uni\u00adversel. Elles nous invi\u00adtent \u00e0 savour\u00ader chaque plat avec l\u2019\u00e9motion d\u2019une his\u00adtoire, celle de la femme qui, der\u00adri\u00e8re les fourneaux, r\u00e9vo\u00adlu\u00adtionne le monde de la gas\u00adtronomie.<\/p>\n\n\n\n<p><\/p>\n\n\n\n<p><\/p>\n","protected":false},"excerpt":{"rendered":"<p>Intro\u00adduc\u00adtion : la gas\u00adtronomie fran\u00e7aise, un art en pleine m\u00e9ta\u00admor\u00adphose La gas\u00adtronomie fran\u00e7aise a longtemps \u00e9t\u00e9 asso\u00adci\u00e9e \u00e0 un univers sacr\u00e9, sou\u00advent per\u00e7u comme rigide, cod\u00adi\u00adfi\u00e9 et dom\u00adin\u00e9 par des\u2026 <\/p>\n","protected":false},"author":1,"featured_media":23761,"comment_status":"open","ping_status":"closed","sticky":false,"template":"","format":"standard","meta":{"wp_typography_post_enhancements_disabled":false,"footnotes":""},"categories":[73],"tags":[17858,17856,17859,17857,17855],"class_list":["post-23756","post","type-post","status-publish","format-standard","has-post-thumbnail","hentry","category-on-en-parle","tag-cheffes-etoilees","tag-cheffes-francaises-2025","tag-cuisine-responsable-feminine","tag-gastronomie-francaise-innovante","tag-haute-cuisine-femmes"],"yoast_head":"<!-- This site is optimized with the Yoast SEO plugin v24.7 - https:\/\/yoast.com\/wordpress\/plugins\/seo\/ -->\n<title>Voyage au c\u0153ur des cheffes qui r\u00e9volutionnent la haute cuisine en 2025 - Bobea<\/title>\n<meta name=\"description\" content=\"La gastronomie fran\u00e7aise a longtemps \u00e9t\u00e9 associ\u00e9e \u00e0 un univers sacr\u00e9, souvent per\u00e7u comme rigide, codifi\u00e9 et domin\u00e9 par\" \/>\n<meta name=\"robots\" content=\"index, follow, max-snippet:-1, max-image-preview:large, max-video-preview:-1\" \/>\n<link rel=\"canonical\" href=\"https:\/\/bobea.net\/index.php\/2025\/08\/23\/voyage-au-coeur-des-cheffes-qui-revolutionnent-la-haute-cuisine-en-2025\/\" \/>\n<meta property=\"og:locale\" content=\"fr_FR\" \/>\n<meta property=\"og:type\" content=\"article\" \/>\n<meta property=\"og:title\" content=\"Voyage au c\u0153ur des cheffes qui r\u00e9volutionnent la haute cuisine en 2025 - Bobea\" \/>\n<meta property=\"og:description\" content=\"La gastronomie fran\u00e7aise a longtemps \u00e9t\u00e9 associ\u00e9e \u00e0 un univers sacr\u00e9, souvent per\u00e7u comme rigide, codifi\u00e9 et domin\u00e9 par\" \/>\n<meta property=\"og:url\" content=\"https:\/\/bobea.net\/index.php\/2025\/08\/23\/voyage-au-coeur-des-cheffes-qui-revolutionnent-la-haute-cuisine-en-2025\/\" \/>\n<meta property=\"og:site_name\" content=\"Bobea\" \/>\n<meta property=\"article:publisher\" content=\"https:\/\/web.facebook.com\/profile.php?id=61559252188416\" \/>\n<meta property=\"article:published_time\" content=\"2025-08-23T05:24:54+00:00\" \/>\n<meta property=\"article:modified_time\" content=\"2025-08-23T05:24:55+00:00\" \/>\n<meta property=\"og:image\" content=\"https:\/\/bobea.net\/wp-content\/uploads\/2025\/08\/Quentin-Mauro-vainqueur-de-Top-Chef-2025-saison-16-6.webp\" \/>\n\t<meta property=\"og:image:width\" content=\"1170\" \/>\n\t<meta property=\"og:image:height\" content=\"770\" \/>\n\t<meta property=\"og:image:type\" content=\"image\/webp\" \/>\n<meta name=\"author\" content=\"bobea.info\" \/>\n<meta name=\"twitter:card\" content=\"summary_large_image\" \/>\n<meta name=\"twitter:label1\" content=\"\u00c9crit par\" \/>\n\t<meta name=\"twitter:data1\" content=\"bobea.info\" \/>\n\t<meta name=\"twitter:label2\" content=\"Dur\u00e9e de lecture estim\u00e9e\" \/>\n\t<meta name=\"twitter:data2\" content=\"7 minutes\" \/>\n<script type=\"application\/ld+json\" class=\"yoast-schema-graph\">{\"@context\":\"https:\/\/schema.org\",\"@graph\":[{\"@type\":\"Article\",\"@id\":\"https:\/\/bobea.net\/index.php\/2025\/08\/23\/voyage-au-coeur-des-cheffes-qui-revolutionnent-la-haute-cuisine-en-2025\/#article\",\"isPartOf\":{\"@id\":\"https:\/\/bobea.net\/index.php\/2025\/08\/23\/voyage-au-coeur-des-cheffes-qui-revolutionnent-la-haute-cuisine-en-2025\/\"},\"author\":{\"name\":\"bobea.info\",\"@id\":\"https:\/\/bobea.net\/#\/schema\/person\/e7f45ef187918d7c956bf619dce90ccf\"},\"headline\":\"Voyage au c\u0153ur des cheffes qui r\u00e9volutionnent la haute cuisine en 2025\",\"datePublished\":\"2025-08-23T05:24:54+00:00\",\"dateModified\":\"2025-08-23T05:24:55+00:00\",\"mainEntityOfPage\":{\"@id\":\"https:\/\/bobea.net\/index.php\/2025\/08\/23\/voyage-au-coeur-des-cheffes-qui-revolutionnent-la-haute-cuisine-en-2025\/\"},\"wordCount\":1260,\"commentCount\":0,\"publisher\":{\"@id\":\"https:\/\/bobea.net\/#organization\"},\"image\":{\"@id\":\"https:\/\/bobea.net\/index.php\/2025\/08\/23\/voyage-au-coeur-des-cheffes-qui-revolutionnent-la-haute-cuisine-en-2025\/#primaryimage\"},\"thumbnailUrl\":\"https:\/\/bobea.net\/wp-content\/uploads\/2025\/08\/Quentin-Mauro-vainqueur-de-Top-Chef-2025-saison-16-6.webp\",\"keywords\":[\"cheffes \u00e9toil\u00e9es\",\"cheffes fran\u00e7aises 2025\",\"cuisine responsable f\u00e9minine.\",\"gastronomie fran\u00e7aise innovante\",\"haute cuisine femmes\"],\"articleSection\":[\"On en Parle\"],\"inLanguage\":\"fr-FR\",\"potentialAction\":[{\"@type\":\"CommentAction\",\"name\":\"Comment\",\"target\":[\"https:\/\/bobea.net\/index.php\/2025\/08\/23\/voyage-au-coeur-des-cheffes-qui-revolutionnent-la-haute-cuisine-en-2025\/#respond\"]}]},{\"@type\":\"WebPage\",\"@id\":\"https:\/\/bobea.net\/index.php\/2025\/08\/23\/voyage-au-coeur-des-cheffes-qui-revolutionnent-la-haute-cuisine-en-2025\/\",\"url\":\"https:\/\/bobea.net\/index.php\/2025\/08\/23\/voyage-au-coeur-des-cheffes-qui-revolutionnent-la-haute-cuisine-en-2025\/\",\"name\":\"Voyage au c\u0153ur des cheffes qui r\u00e9volutionnent la haute cuisine en 2025 - Bobea\",\"isPartOf\":{\"@id\":\"https:\/\/bobea.net\/#website\"},\"primaryImageOfPage\":{\"@id\":\"https:\/\/bobea.net\/index.php\/2025\/08\/23\/voyage-au-coeur-des-cheffes-qui-revolutionnent-la-haute-cuisine-en-2025\/#primaryimage\"},\"image\":{\"@id\":\"https:\/\/bobea.net\/index.php\/2025\/08\/23\/voyage-au-coeur-des-cheffes-qui-revolutionnent-la-haute-cuisine-en-2025\/#primaryimage\"},\"thumbnailUrl\":\"https:\/\/bobea.net\/wp-content\/uploads\/2025\/08\/Quentin-Mauro-vainqueur-de-Top-Chef-2025-saison-16-6.webp\",\"datePublished\":\"2025-08-23T05:24:54+00:00\",\"dateModified\":\"2025-08-23T05:24:55+00:00\",\"description\":\"La gastronomie fran\u00e7aise a longtemps \u00e9t\u00e9 associ\u00e9e \u00e0 un univers sacr\u00e9, souvent per\u00e7u comme rigide, codifi\u00e9 et domin\u00e9 par\",\"breadcrumb\":{\"@id\":\"https:\/\/bobea.net\/index.php\/2025\/08\/23\/voyage-au-coeur-des-cheffes-qui-revolutionnent-la-haute-cuisine-en-2025\/#breadcrumb\"},\"inLanguage\":\"fr-FR\",\"potentialAction\":[{\"@type\":\"ReadAction\",\"target\":[\"https:\/\/bobea.net\/index.php\/2025\/08\/23\/voyage-au-coeur-des-cheffes-qui-revolutionnent-la-haute-cuisine-en-2025\/\"]}]},{\"@type\":\"ImageObject\",\"inLanguage\":\"fr-FR\",\"@id\":\"https:\/\/bobea.net\/index.php\/2025\/08\/23\/voyage-au-coeur-des-cheffes-qui-revolutionnent-la-haute-cuisine-en-2025\/#primaryimage\",\"url\":\"https:\/\/bobea.net\/wp-content\/uploads\/2025\/08\/Quentin-Mauro-vainqueur-de-Top-Chef-2025-saison-16-6.webp\",\"contentUrl\":\"https:\/\/bobea.net\/wp-content\/uploads\/2025\/08\/Quentin-Mauro-vainqueur-de-Top-Chef-2025-saison-16-6.webp\",\"width\":1170,\"height\":770},{\"@type\":\"BreadcrumbList\",\"@id\":\"https:\/\/bobea.net\/index.php\/2025\/08\/23\/voyage-au-coeur-des-cheffes-qui-revolutionnent-la-haute-cuisine-en-2025\/#breadcrumb\",\"itemListElement\":[{\"@type\":\"ListItem\",\"position\":1,\"name\":\"Accueil\",\"item\":\"https:\/\/bobea.net\/\"},{\"@type\":\"ListItem\",\"position\":2,\"name\":\"Voyage au c\u0153ur des cheffes qui r\u00e9volutionnent la haute cuisine en 2025\"}]},{\"@type\":\"WebSite\",\"@id\":\"https:\/\/bobea.net\/#website\",\"url\":\"https:\/\/bobea.net\/\",\"name\":\"Bobea\",\"description\":\"Le magazine de la nouvelle \u00c8ve\",\"publisher\":{\"@id\":\"https:\/\/bobea.net\/#organization\"},\"potentialAction\":[{\"@type\":\"SearchAction\",\"target\":{\"@type\":\"EntryPoint\",\"urlTemplate\":\"https:\/\/bobea.net\/?s={search_term_string}\"},\"query-input\":{\"@type\":\"PropertyValueSpecification\",\"valueRequired\":true,\"valueName\":\"search_term_string\"}}],\"inLanguage\":\"fr-FR\"},{\"@type\":\"Organization\",\"@id\":\"https:\/\/bobea.net\/#organization\",\"name\":\"Bobea\",\"url\":\"https:\/\/bobea.net\/\",\"logo\":{\"@type\":\"ImageObject\",\"inLanguage\":\"fr-FR\",\"@id\":\"https:\/\/bobea.net\/#\/schema\/logo\/image\/\",\"url\":\"https:\/\/bobea.net\/wp-content\/uploads\/2024\/06\/bobea.jpg\",\"contentUrl\":\"https:\/\/bobea.net\/wp-content\/uploads\/2024\/06\/bobea.jpg\",\"width\":1080,\"height\":1080,\"caption\":\"Bobea\"},\"image\":{\"@id\":\"https:\/\/bobea.net\/#\/schema\/logo\/image\/\"},\"sameAs\":[\"https:\/\/web.facebook.com\/profile.php?id=61559252188416\"]},{\"@type\":\"Person\",\"@id\":\"https:\/\/bobea.net\/#\/schema\/person\/e7f45ef187918d7c956bf619dce90ccf\",\"name\":\"bobea.info\",\"image\":{\"@type\":\"ImageObject\",\"inLanguage\":\"fr-FR\",\"@id\":\"https:\/\/bobea.net\/#\/schema\/person\/image\/\",\"url\":\"https:\/\/secure.gravatar.com\/avatar\/36147980349df887ae30808df3e29474?s=96&d=mm&r=g\",\"contentUrl\":\"https:\/\/secure.gravatar.com\/avatar\/36147980349df887ae30808df3e29474?s=96&d=mm&r=g\",\"caption\":\"bobea.info\"},\"sameAs\":[\"https:\/\/bobea.net\"],\"url\":\"https:\/\/bobea.net\/index.php\/author\/bobea-info\/\"}]}<\/script>\n<!-- \/ Yoast SEO plugin. -->","yoast_head_json":{"title":"Voyage au c\u0153ur des cheffes qui r\u00e9volutionnent la haute cuisine en 2025 - Bobea","description":"La gastronomie fran\u00e7aise a longtemps \u00e9t\u00e9 associ\u00e9e \u00e0 un univers sacr\u00e9, souvent per\u00e7u comme rigide, codifi\u00e9 et domin\u00e9 par","robots":{"index":"index","follow":"follow","max-snippet":"max-snippet:-1","max-image-preview":"max-image-preview:large","max-video-preview":"max-video-preview:-1"},"canonical":"https:\/\/bobea.net\/index.php\/2025\/08\/23\/voyage-au-coeur-des-cheffes-qui-revolutionnent-la-haute-cuisine-en-2025\/","og_locale":"fr_FR","og_type":"article","og_title":"Voyage au c\u0153ur des cheffes qui r\u00e9volutionnent la haute cuisine en 2025 - Bobea","og_description":"La gastronomie fran\u00e7aise a longtemps \u00e9t\u00e9 associ\u00e9e \u00e0 un univers sacr\u00e9, souvent per\u00e7u comme rigide, codifi\u00e9 et domin\u00e9 par","og_url":"https:\/\/bobea.net\/index.php\/2025\/08\/23\/voyage-au-coeur-des-cheffes-qui-revolutionnent-la-haute-cuisine-en-2025\/","og_site_name":"Bobea","article_publisher":"https:\/\/web.facebook.com\/profile.php?id=61559252188416","article_published_time":"2025-08-23T05:24:54+00:00","article_modified_time":"2025-08-23T05:24:55+00:00","og_image":[{"width":1170,"height":770,"url":"https:\/\/bobea.net\/wp-content\/uploads\/2025\/08\/Quentin-Mauro-vainqueur-de-Top-Chef-2025-saison-16-6.webp","type":"image\/webp"}],"author":"bobea.info","twitter_card":"summary_large_image","twitter_misc":{"\u00c9crit par":"bobea.info","Dur\u00e9e de lecture estim\u00e9e":"7 minutes"},"schema":{"@context":"https:\/\/schema.org","@graph":[{"@type":"Article","@id":"https:\/\/bobea.net\/index.php\/2025\/08\/23\/voyage-au-coeur-des-cheffes-qui-revolutionnent-la-haute-cuisine-en-2025\/#article","isPartOf":{"@id":"https:\/\/bobea.net\/index.php\/2025\/08\/23\/voyage-au-coeur-des-cheffes-qui-revolutionnent-la-haute-cuisine-en-2025\/"},"author":{"name":"bobea.info","@id":"https:\/\/bobea.net\/#\/schema\/person\/e7f45ef187918d7c956bf619dce90ccf"},"headline":"Voyage au c\u0153ur des cheffes qui r\u00e9volutionnent la haute cuisine en 2025","datePublished":"2025-08-23T05:24:54+00:00","dateModified":"2025-08-23T05:24:55+00:00","mainEntityOfPage":{"@id":"https:\/\/bobea.net\/index.php\/2025\/08\/23\/voyage-au-coeur-des-cheffes-qui-revolutionnent-la-haute-cuisine-en-2025\/"},"wordCount":1260,"commentCount":0,"publisher":{"@id":"https:\/\/bobea.net\/#organization"},"image":{"@id":"https:\/\/bobea.net\/index.php\/2025\/08\/23\/voyage-au-coeur-des-cheffes-qui-revolutionnent-la-haute-cuisine-en-2025\/#primaryimage"},"thumbnailUrl":"https:\/\/bobea.net\/wp-content\/uploads\/2025\/08\/Quentin-Mauro-vainqueur-de-Top-Chef-2025-saison-16-6.webp","keywords":["cheffes \u00e9toil\u00e9es","cheffes fran\u00e7aises 2025","cuisine responsable f\u00e9minine.","gastronomie fran\u00e7aise innovante","haute cuisine femmes"],"articleSection":["On en Parle"],"inLanguage":"fr-FR","potentialAction":[{"@type":"CommentAction","name":"Comment","target":["https:\/\/bobea.net\/index.php\/2025\/08\/23\/voyage-au-coeur-des-cheffes-qui-revolutionnent-la-haute-cuisine-en-2025\/#respond"]}]},{"@type":"WebPage","@id":"https:\/\/bobea.net\/index.php\/2025\/08\/23\/voyage-au-coeur-des-cheffes-qui-revolutionnent-la-haute-cuisine-en-2025\/","url":"https:\/\/bobea.net\/index.php\/2025\/08\/23\/voyage-au-coeur-des-cheffes-qui-revolutionnent-la-haute-cuisine-en-2025\/","name":"Voyage au c\u0153ur des cheffes qui r\u00e9volutionnent la haute cuisine en 2025 - Bobea","isPartOf":{"@id":"https:\/\/bobea.net\/#website"},"primaryImageOfPage":{"@id":"https:\/\/bobea.net\/index.php\/2025\/08\/23\/voyage-au-coeur-des-cheffes-qui-revolutionnent-la-haute-cuisine-en-2025\/#primaryimage"},"image":{"@id":"https:\/\/bobea.net\/index.php\/2025\/08\/23\/voyage-au-coeur-des-cheffes-qui-revolutionnent-la-haute-cuisine-en-2025\/#primaryimage"},"thumbnailUrl":"https:\/\/bobea.net\/wp-content\/uploads\/2025\/08\/Quentin-Mauro-vainqueur-de-Top-Chef-2025-saison-16-6.webp","datePublished":"2025-08-23T05:24:54+00:00","dateModified":"2025-08-23T05:24:55+00:00","description":"La gastronomie fran\u00e7aise a longtemps \u00e9t\u00e9 associ\u00e9e \u00e0 un univers sacr\u00e9, souvent per\u00e7u comme rigide, codifi\u00e9 et domin\u00e9 par","breadcrumb":{"@id":"https:\/\/bobea.net\/index.php\/2025\/08\/23\/voyage-au-coeur-des-cheffes-qui-revolutionnent-la-haute-cuisine-en-2025\/#breadcrumb"},"inLanguage":"fr-FR","potentialAction":[{"@type":"ReadAction","target":["https:\/\/bobea.net\/index.php\/2025\/08\/23\/voyage-au-coeur-des-cheffes-qui-revolutionnent-la-haute-cuisine-en-2025\/"]}]},{"@type":"ImageObject","inLanguage":"fr-FR","@id":"https:\/\/bobea.net\/index.php\/2025\/08\/23\/voyage-au-coeur-des-cheffes-qui-revolutionnent-la-haute-cuisine-en-2025\/#primaryimage","url":"https:\/\/bobea.net\/wp-content\/uploads\/2025\/08\/Quentin-Mauro-vainqueur-de-Top-Chef-2025-saison-16-6.webp","contentUrl":"https:\/\/bobea.net\/wp-content\/uploads\/2025\/08\/Quentin-Mauro-vainqueur-de-Top-Chef-2025-saison-16-6.webp","width":1170,"height":770},{"@type":"BreadcrumbList","@id":"https:\/\/bobea.net\/index.php\/2025\/08\/23\/voyage-au-coeur-des-cheffes-qui-revolutionnent-la-haute-cuisine-en-2025\/#breadcrumb","itemListElement":[{"@type":"ListItem","position":1,"name":"Accueil","item":"https:\/\/bobea.net\/"},{"@type":"ListItem","position":2,"name":"Voyage au c\u0153ur des cheffes qui r\u00e9volutionnent la haute cuisine en 2025"}]},{"@type":"WebSite","@id":"https:\/\/bobea.net\/#website","url":"https:\/\/bobea.net\/","name":"Bobea","description":"Le magazine de la nouvelle \u00c8ve","publisher":{"@id":"https:\/\/bobea.net\/#organization"},"potentialAction":[{"@type":"SearchAction","target":{"@type":"EntryPoint","urlTemplate":"https:\/\/bobea.net\/?s={search_term_string}"},"query-input":{"@type":"PropertyValueSpecification","valueRequired":true,"valueName":"search_term_string"}}],"inLanguage":"fr-FR"},{"@type":"Organization","@id":"https:\/\/bobea.net\/#organization","name":"Bobea","url":"https:\/\/bobea.net\/","logo":{"@type":"ImageObject","inLanguage":"fr-FR","@id":"https:\/\/bobea.net\/#\/schema\/logo\/image\/","url":"https:\/\/bobea.net\/wp-content\/uploads\/2024\/06\/bobea.jpg","contentUrl":"https:\/\/bobea.net\/wp-content\/uploads\/2024\/06\/bobea.jpg","width":1080,"height":1080,"caption":"Bobea"},"image":{"@id":"https:\/\/bobea.net\/#\/schema\/logo\/image\/"},"sameAs":["https:\/\/web.facebook.com\/profile.php?id=61559252188416"]},{"@type":"Person","@id":"https:\/\/bobea.net\/#\/schema\/person\/e7f45ef187918d7c956bf619dce90ccf","name":"bobea.info","image":{"@type":"ImageObject","inLanguage":"fr-FR","@id":"https:\/\/bobea.net\/#\/schema\/person\/image\/","url":"https:\/\/secure.gravatar.com\/avatar\/36147980349df887ae30808df3e29474?s=96&d=mm&r=g","contentUrl":"https:\/\/secure.gravatar.com\/avatar\/36147980349df887ae30808df3e29474?s=96&d=mm&r=g","caption":"bobea.info"},"sameAs":["https:\/\/bobea.net"],"url":"https:\/\/bobea.net\/index.php\/author\/bobea-info\/"}]}},"_links":{"self":[{"href":"https:\/\/bobea.net\/index.php\/wp-json\/wp\/v2\/posts\/23756"}],"collection":[{"href":"https:\/\/bobea.net\/index.php\/wp-json\/wp\/v2\/posts"}],"about":[{"href":"https:\/\/bobea.net\/index.php\/wp-json\/wp\/v2\/types\/post"}],"author":[{"embeddable":true,"href":"https:\/\/bobea.net\/index.php\/wp-json\/wp\/v2\/users\/1"}],"replies":[{"embeddable":true,"href":"https:\/\/bobea.net\/index.php\/wp-json\/wp\/v2\/comments?post=23756"}],"version-history":[{"count":1,"href":"https:\/\/bobea.net\/index.php\/wp-json\/wp\/v2\/posts\/23756\/revisions"}],"predecessor-version":[{"id":23762,"href":"https:\/\/bobea.net\/index.php\/wp-json\/wp\/v2\/posts\/23756\/revisions\/23762"}],"wp:featuredmedia":[{"embeddable":true,"href":"https:\/\/bobea.net\/index.php\/wp-json\/wp\/v2\/media\/23761"}],"wp:attachment":[{"href":"https:\/\/bobea.net\/index.php\/wp-json\/wp\/v2\/media?parent=23756"}],"wp:term":[{"taxonomy":"category","embeddable":true,"href":"https:\/\/bobea.net\/index.php\/wp-json\/wp\/v2\/categories?post=23756"},{"taxonomy":"post_tag","embeddable":true,"href":"https:\/\/bobea.net\/index.php\/wp-json\/wp\/v2\/tags?post=23756"}],"curies":[{"name":"wp","href":"https:\/\/api.w.org\/{rel}","templated":true}]}}