{"id":23746,"date":"2025-08-23T05:13:45","date_gmt":"2025-08-23T05:13:45","guid":{"rendered":"https:\/\/bobea.net\/?p=23746"},"modified":"2025-08-23T05:13:47","modified_gmt":"2025-08-23T05:13:47","slug":"les-tendances-deco-2025-le-retour-de-la-feminite-dans-lart-du-design-interieur","status":"publish","type":"post","link":"https:\/\/bobea.net\/index.php\/2025\/08\/23\/les-tendances-deco-2025-le-retour-de-la-feminite-dans-lart-du-design-interieur\/","title":{"rendered":"Les tendances d\u00e9co 2025 \u2013 le retour de la f\u00e9minit\u00e9 dans l\u2019art du design int\u00e9rieur"},"content":{"rendered":"\n<p>L\u2019ann\u00e9e 2025 mar\u00adque un tour\u00adnant dans les ten\u00addances d\u00e9co, o\u00f9 la f\u00e9minit\u00e9 revient en force dans l\u2019art de trans\u00adformer un int\u00e9rieur en un v\u00e9ri\u00adta\u00adble cocon. Apr\u00e8s des ann\u00e9es dom\u00adin\u00e9es par un design min\u00adi\u00admal\u00adiste et sou\u00advent froid, la d\u00e9co retrou\u00adve chaleur, ron\u00addeur et douceur, des signes d\u2019un besoin pro\u00adfond de r\u00e9en\u00adchanter le quo\u00adti\u00addi\u00aden.<\/p>\n\n\n\n<p>Cette renais\u00adsance passe par le choix des couleurs. Les teintes poudr\u00e9es comme le rose blush, le beige ros\u00e9, et les verts sauge appor\u00adtent une d\u00e9li\u00adcatesse lumineuse, qui adoucit les espaces. Ils sont sou\u00advent asso\u00adci\u00e9s \u00e0 des nuances ter\u00adreuses pour un \u00e9quili\u00adbre naturel apaisant. Ces palettes refl\u00e8\u00adtent une recherche de s\u00e9r\u00e9nit\u00e9, prop\u00adice au bien-\u00eatre.<\/p>\n\n\n\n<p>Les mat\u00e9ri\u00adaux naturels sont au c\u0153ur de cette ten\u00addance : velours, lin, laine boucl\u00e9e, rotin, osier, bois clair. Ils con\u00advo\u00adquent l\u2019artisanat et la tra\u00addi\u00adtion, mais aus\u00adsi un rap\u00adport au corps et \u00e0 la tex\u00adture tr\u00e8s f\u00e9minins. Le retour \u00e0 la slow d\u00e9co val\u00adorise la qual\u00adit\u00e9 des mat\u00e9ri\u00adaux et la dura\u00adbil\u00adit\u00e9, priv\u00adil\u00e9\u00adgiant les pi\u00e8ces uniques ou fab\u00adriqu\u00e9es locale\u00adment.<\/p>\n\n\n\n<p>C\u00f4t\u00e9 mobili\u00ader, les formes s\u2019adoucissent. Les angles droits c\u00e8dent la place aux courbes et galbes, offrant con\u00adfort et \u00e9l\u00e9\u00adgance. Le mobili\u00ader devient un organe vivant de la mai\u00adson, qui invite \u00e0 la d\u00e9tente et favorise les \u00e9changes.<\/p>\n\n\n\n<p>La mul\u00adti\u00adpli\u00adca\u00adtion des objets d\u00e9co\u00adrat\u00adifs arti\u00adsanaux, des coussins aux vas\u00ades sculp\u00adturaux, par\u00adticipe \u00e0 cette per\u00adson\u00adnal\u00adi\u00adsa\u00adtion accrue. Ils racon\u00adtent une his\u00adtoire et ren\u00adfor\u00adcent le sen\u00adti\u00adment d\u2019appartenance au lieu. La d\u00e9co\u00adra\u00adtion devient ain\u00adsi un acte intime, o\u00f9 chaque d\u00e9tail compte.<\/p>\n\n\n\n<figure class=\"wp-block-image size-large\"><img loading=\"lazy\" decoding=\"async\" width=\"1024\" height=\"683\" src=\"https:\/\/bobea.net\/wp-content\/uploads\/2025\/08\/adobestock_672256206_100-1-1024x683.webp\" alt class=\"wp-image-23749\" srcset=\"https:\/\/bobea.net\/wp-content\/uploads\/2025\/08\/adobestock_672256206_100-1-1024x683.webp 1024w, https:\/\/bobea.net\/wp-content\/uploads\/2025\/08\/adobestock_672256206_100-1-300x200.webp 300w, https:\/\/bobea.net\/wp-content\/uploads\/2025\/08\/adobestock_672256206_100-1-768x512.webp 768w, https:\/\/bobea.net\/wp-content\/uploads\/2025\/08\/adobestock_672256206_100-1-1536x1024.webp 1536w, https:\/\/bobea.net\/wp-content\/uploads\/2025\/08\/adobestock_672256206_100-1-2048x1365.webp 2048w\" sizes=\"(max-width: 1024px) 100vw, 1024px\"><\/figure>\n\n\n\n<p>Enfin, les plantes vertes, omnipr\u00e9sentes, jouent un r\u00f4le majeur. Elles insuf\u00adflent vie, fra\u00eecheur et \u00e9quili\u00adbre dans les int\u00e9rieurs, refl\u00e9\u00adtant le d\u00e9sir de renouer avec la nature m\u00eame en ville. Elles sym\u00adbol\u00adisent aus\u00adsi cette f\u00e9minit\u00e9 ressour\u00e7ante qui nour\u00adrit le corps et l\u2019esprit.<\/p>\n\n\n\n<p>En 2025, d\u00e9cor\u00ader sa mai\u00adson selon ces codes, c\u2019est adopter un art de vivre en har\u00admonie avec soi-m\u00eame. La d\u00e9co f\u00e9mi\u00adnine revient avec force et sub\u00adtil\u00adit\u00e9, offrant un refuge chaleureux dans un monde sou\u00advent agit\u00e9.<\/p>\n\n\n\n<p><\/p>\n","protected":false},"excerpt":{"rendered":"<p>L\u2019ann\u00e9e 2025 mar\u00adque un tour\u00adnant dans les ten\u00addances d\u00e9co, o\u00f9 la f\u00e9minit\u00e9 revient en force dans l\u2019art de trans\u00adformer un int\u00e9rieur en un v\u00e9ri\u00adta\u00adble cocon. Apr\u00e8s des ann\u00e9es dom\u00adin\u00e9es par\u2026 <\/p>\n","protected":false},"author":1,"featured_media":23747,"comment_status":"open","ping_status":"closed","sticky":false,"template":"","format":"standard","meta":{"wp_typography_post_enhancements_disabled":false,"footnotes":""},"categories":[67],"tags":[17849,17848,10449,17850,10862],"class_list":["post-23746","post","type-post","status-publish","format-standard","has-post-thumbnail","hentry","category-tendances","tag-couleurs-poudrees-design","tag-deco-feminine","tag-materiaux-naturels-deco","tag-slow-deco-maison","tag-tendances-deco-2025"],"yoast_head":"<!-- This site is optimized with the Yoast SEO plugin v24.7 - https:\/\/yoast.com\/wordpress\/plugins\/seo\/ -->\n<title>Les tendances d\u00e9co 2025 \u2013 le retour de la f\u00e9minit\u00e9 dans l\u2019art du design int\u00e9rieur - Bobea<\/title>\n<meta name=\"description\" content=\"En 2025, d\u00e9corer sa maison selon ces codes, c\u2019est adopter un art de vivre en harmonie avec soi-m\u00eame. La d\u00e9co f\u00e9minine revient\" \/>\n<meta name=\"robots\" content=\"index, follow, max-snippet:-1, max-image-preview:large, max-video-preview:-1\" \/>\n<link rel=\"canonical\" href=\"https:\/\/bobea.net\/index.php\/2025\/08\/23\/les-tendances-deco-2025-le-retour-de-la-feminite-dans-lart-du-design-interieur\/\" \/>\n<meta property=\"og:locale\" content=\"fr_FR\" \/>\n<meta property=\"og:type\" content=\"article\" \/>\n<meta property=\"og:title\" content=\"Les tendances d\u00e9co 2025 \u2013 le retour de la f\u00e9minit\u00e9 dans l\u2019art du design int\u00e9rieur - Bobea\" \/>\n<meta property=\"og:description\" content=\"En 2025, d\u00e9corer sa maison selon ces codes, c\u2019est adopter un art de vivre en harmonie avec soi-m\u00eame. La d\u00e9co f\u00e9minine revient\" \/>\n<meta property=\"og:url\" content=\"https:\/\/bobea.net\/index.php\/2025\/08\/23\/les-tendances-deco-2025-le-retour-de-la-feminite-dans-lart-du-design-interieur\/\" \/>\n<meta property=\"og:site_name\" content=\"Bobea\" \/>\n<meta property=\"article:publisher\" content=\"https:\/\/web.facebook.com\/profile.php?id=61559252188416\" \/>\n<meta property=\"article:published_time\" content=\"2025-08-23T05:13:45+00:00\" \/>\n<meta property=\"article:modified_time\" content=\"2025-08-23T05:13:47+00:00\" \/>\n<meta property=\"og:image\" content=\"https:\/\/bobea.net\/wp-content\/uploads\/2025\/08\/Quelles-sont-les-tendances-deco-de-l-ete-preferees-des-Francais-en-2025.jpg\" \/>\n\t<meta property=\"og:image:width\" content=\"1920\" \/>\n\t<meta property=\"og:image:height\" content=\"1248\" \/>\n\t<meta property=\"og:image:type\" content=\"image\/jpeg\" \/>\n<meta name=\"author\" content=\"bobea.info\" \/>\n<meta name=\"twitter:card\" content=\"summary_large_image\" \/>\n<meta name=\"twitter:label1\" content=\"\u00c9crit par\" \/>\n\t<meta name=\"twitter:data1\" content=\"bobea.info\" \/>\n\t<meta name=\"twitter:label2\" content=\"Dur\u00e9e de lecture estim\u00e9e\" \/>\n\t<meta name=\"twitter:data2\" content=\"2 minutes\" \/>\n<script type=\"application\/ld+json\" class=\"yoast-schema-graph\">{\"@context\":\"https:\/\/schema.org\",\"@graph\":[{\"@type\":\"Article\",\"@id\":\"https:\/\/bobea.net\/index.php\/2025\/08\/23\/les-tendances-deco-2025-le-retour-de-la-feminite-dans-lart-du-design-interieur\/#article\",\"isPartOf\":{\"@id\":\"https:\/\/bobea.net\/index.php\/2025\/08\/23\/les-tendances-deco-2025-le-retour-de-la-feminite-dans-lart-du-design-interieur\/\"},\"author\":{\"name\":\"bobea.info\",\"@id\":\"https:\/\/bobea.net\/#\/schema\/person\/e7f45ef187918d7c956bf619dce90ccf\"},\"headline\":\"Les tendances d\u00e9co 2025 \u2013 le retour de la f\u00e9minit\u00e9 dans l\u2019art du design int\u00e9rieur\",\"datePublished\":\"2025-08-23T05:13:45+00:00\",\"dateModified\":\"2025-08-23T05:13:47+00:00\",\"mainEntityOfPage\":{\"@id\":\"https:\/\/bobea.net\/index.php\/2025\/08\/23\/les-tendances-deco-2025-le-retour-de-la-feminite-dans-lart-du-design-interieur\/\"},\"wordCount\":377,\"commentCount\":0,\"publisher\":{\"@id\":\"https:\/\/bobea.net\/#organization\"},\"image\":{\"@id\":\"https:\/\/bobea.net\/index.php\/2025\/08\/23\/les-tendances-deco-2025-le-retour-de-la-feminite-dans-lart-du-design-interieur\/#primaryimage\"},\"thumbnailUrl\":\"https:\/\/bobea.net\/wp-content\/uploads\/2025\/08\/Quelles-sont-les-tendances-deco-de-l-ete-preferees-des-Francais-en-2025.jpg\",\"keywords\":[\"couleurs poudr\u00e9es design\",\"d\u00e9co f\u00e9minine\",\"mat\u00e9riaux naturels d\u00e9co\",\"slow d\u00e9co maison.\",\"tendances d\u00e9co 2025\"],\"articleSection\":[\"Tendances\"],\"inLanguage\":\"fr-FR\",\"potentialAction\":[{\"@type\":\"CommentAction\",\"name\":\"Comment\",\"target\":[\"https:\/\/bobea.net\/index.php\/2025\/08\/23\/les-tendances-deco-2025-le-retour-de-la-feminite-dans-lart-du-design-interieur\/#respond\"]}]},{\"@type\":\"WebPage\",\"@id\":\"https:\/\/bobea.net\/index.php\/2025\/08\/23\/les-tendances-deco-2025-le-retour-de-la-feminite-dans-lart-du-design-interieur\/\",\"url\":\"https:\/\/bobea.net\/index.php\/2025\/08\/23\/les-tendances-deco-2025-le-retour-de-la-feminite-dans-lart-du-design-interieur\/\",\"name\":\"Les tendances d\u00e9co 2025 \u2013 le retour de la f\u00e9minit\u00e9 dans l\u2019art du design int\u00e9rieur - Bobea\",\"isPartOf\":{\"@id\":\"https:\/\/bobea.net\/#website\"},\"primaryImageOfPage\":{\"@id\":\"https:\/\/bobea.net\/index.php\/2025\/08\/23\/les-tendances-deco-2025-le-retour-de-la-feminite-dans-lart-du-design-interieur\/#primaryimage\"},\"image\":{\"@id\":\"https:\/\/bobea.net\/index.php\/2025\/08\/23\/les-tendances-deco-2025-le-retour-de-la-feminite-dans-lart-du-design-interieur\/#primaryimage\"},\"thumbnailUrl\":\"https:\/\/bobea.net\/wp-content\/uploads\/2025\/08\/Quelles-sont-les-tendances-deco-de-l-ete-preferees-des-Francais-en-2025.jpg\",\"datePublished\":\"2025-08-23T05:13:45+00:00\",\"dateModified\":\"2025-08-23T05:13:47+00:00\",\"description\":\"En 2025, d\u00e9corer sa maison selon ces codes, c\u2019est adopter un art de vivre en harmonie avec soi-m\u00eame. La d\u00e9co f\u00e9minine revient\",\"breadcrumb\":{\"@id\":\"https:\/\/bobea.net\/index.php\/2025\/08\/23\/les-tendances-deco-2025-le-retour-de-la-feminite-dans-lart-du-design-interieur\/#breadcrumb\"},\"inLanguage\":\"fr-FR\",\"potentialAction\":[{\"@type\":\"ReadAction\",\"target\":[\"https:\/\/bobea.net\/index.php\/2025\/08\/23\/les-tendances-deco-2025-le-retour-de-la-feminite-dans-lart-du-design-interieur\/\"]}]},{\"@type\":\"ImageObject\",\"inLanguage\":\"fr-FR\",\"@id\":\"https:\/\/bobea.net\/index.php\/2025\/08\/23\/les-tendances-deco-2025-le-retour-de-la-feminite-dans-lart-du-design-interieur\/#primaryimage\",\"url\":\"https:\/\/bobea.net\/wp-content\/uploads\/2025\/08\/Quelles-sont-les-tendances-deco-de-l-ete-preferees-des-Francais-en-2025.jpg\",\"contentUrl\":\"https:\/\/bobea.net\/wp-content\/uploads\/2025\/08\/Quelles-sont-les-tendances-deco-de-l-ete-preferees-des-Francais-en-2025.jpg\",\"width\":1920,\"height\":1248},{\"@type\":\"BreadcrumbList\",\"@id\":\"https:\/\/bobea.net\/index.php\/2025\/08\/23\/les-tendances-deco-2025-le-retour-de-la-feminite-dans-lart-du-design-interieur\/#breadcrumb\",\"itemListElement\":[{\"@type\":\"ListItem\",\"position\":1,\"name\":\"Accueil\",\"item\":\"https:\/\/bobea.net\/\"},{\"@type\":\"ListItem\",\"position\":2,\"name\":\"Les tendances d\u00e9co 2025 \u2013 le retour de la f\u00e9minit\u00e9 dans l\u2019art du design int\u00e9rieur\"}]},{\"@type\":\"WebSite\",\"@id\":\"https:\/\/bobea.net\/#website\",\"url\":\"https:\/\/bobea.net\/\",\"name\":\"Bobea\",\"description\":\"Le magazine de la nouvelle \u00c8ve\",\"publisher\":{\"@id\":\"https:\/\/bobea.net\/#organization\"},\"potentialAction\":[{\"@type\":\"SearchAction\",\"target\":{\"@type\":\"EntryPoint\",\"urlTemplate\":\"https:\/\/bobea.net\/?s={search_term_string}\"},\"query-input\":{\"@type\":\"PropertyValueSpecification\",\"valueRequired\":true,\"valueName\":\"search_term_string\"}}],\"inLanguage\":\"fr-FR\"},{\"@type\":\"Organization\",\"@id\":\"https:\/\/bobea.net\/#organization\",\"name\":\"Bobea\",\"url\":\"https:\/\/bobea.net\/\",\"logo\":{\"@type\":\"ImageObject\",\"inLanguage\":\"fr-FR\",\"@id\":\"https:\/\/bobea.net\/#\/schema\/logo\/image\/\",\"url\":\"https:\/\/bobea.net\/wp-content\/uploads\/2024\/06\/bobea.jpg\",\"contentUrl\":\"https:\/\/bobea.net\/wp-content\/uploads\/2024\/06\/bobea.jpg\",\"width\":1080,\"height\":1080,\"caption\":\"Bobea\"},\"image\":{\"@id\":\"https:\/\/bobea.net\/#\/schema\/logo\/image\/\"},\"sameAs\":[\"https:\/\/web.facebook.com\/profile.php?id=61559252188416\"]},{\"@type\":\"Person\",\"@id\":\"https:\/\/bobea.net\/#\/schema\/person\/e7f45ef187918d7c956bf619dce90ccf\",\"name\":\"bobea.info\",\"image\":{\"@type\":\"ImageObject\",\"inLanguage\":\"fr-FR\",\"@id\":\"https:\/\/bobea.net\/#\/schema\/person\/image\/\",\"url\":\"https:\/\/secure.gravatar.com\/avatar\/36147980349df887ae30808df3e29474?s=96&d=mm&r=g\",\"contentUrl\":\"https:\/\/secure.gravatar.com\/avatar\/36147980349df887ae30808df3e29474?s=96&d=mm&r=g\",\"caption\":\"bobea.info\"},\"sameAs\":[\"https:\/\/bobea.net\"],\"url\":\"https:\/\/bobea.net\/index.php\/author\/bobea-info\/\"}]}<\/script>\n<!-- \/ Yoast SEO plugin. -->","yoast_head_json":{"title":"Les tendances d\u00e9co 2025 \u2013 le retour de la f\u00e9minit\u00e9 dans l\u2019art du design int\u00e9rieur - Bobea","description":"En 2025, d\u00e9corer sa maison selon ces codes, c\u2019est adopter un art de vivre en harmonie avec soi-m\u00eame. La d\u00e9co f\u00e9minine revient","robots":{"index":"index","follow":"follow","max-snippet":"max-snippet:-1","max-image-preview":"max-image-preview:large","max-video-preview":"max-video-preview:-1"},"canonical":"https:\/\/bobea.net\/index.php\/2025\/08\/23\/les-tendances-deco-2025-le-retour-de-la-feminite-dans-lart-du-design-interieur\/","og_locale":"fr_FR","og_type":"article","og_title":"Les tendances d\u00e9co 2025 \u2013 le retour de la f\u00e9minit\u00e9 dans l\u2019art du design int\u00e9rieur - Bobea","og_description":"En 2025, d\u00e9corer sa maison selon ces codes, c\u2019est adopter un art de vivre en harmonie avec soi-m\u00eame. La d\u00e9co f\u00e9minine revient","og_url":"https:\/\/bobea.net\/index.php\/2025\/08\/23\/les-tendances-deco-2025-le-retour-de-la-feminite-dans-lart-du-design-interieur\/","og_site_name":"Bobea","article_publisher":"https:\/\/web.facebook.com\/profile.php?id=61559252188416","article_published_time":"2025-08-23T05:13:45+00:00","article_modified_time":"2025-08-23T05:13:47+00:00","og_image":[{"width":1920,"height":1248,"url":"https:\/\/bobea.net\/wp-content\/uploads\/2025\/08\/Quelles-sont-les-tendances-deco-de-l-ete-preferees-des-Francais-en-2025.jpg","type":"image\/jpeg"}],"author":"bobea.info","twitter_card":"summary_large_image","twitter_misc":{"\u00c9crit par":"bobea.info","Dur\u00e9e de lecture estim\u00e9e":"2 minutes"},"schema":{"@context":"https:\/\/schema.org","@graph":[{"@type":"Article","@id":"https:\/\/bobea.net\/index.php\/2025\/08\/23\/les-tendances-deco-2025-le-retour-de-la-feminite-dans-lart-du-design-interieur\/#article","isPartOf":{"@id":"https:\/\/bobea.net\/index.php\/2025\/08\/23\/les-tendances-deco-2025-le-retour-de-la-feminite-dans-lart-du-design-interieur\/"},"author":{"name":"bobea.info","@id":"https:\/\/bobea.net\/#\/schema\/person\/e7f45ef187918d7c956bf619dce90ccf"},"headline":"Les tendances d\u00e9co 2025 \u2013 le retour de la f\u00e9minit\u00e9 dans l\u2019art du design int\u00e9rieur","datePublished":"2025-08-23T05:13:45+00:00","dateModified":"2025-08-23T05:13:47+00:00","mainEntityOfPage":{"@id":"https:\/\/bobea.net\/index.php\/2025\/08\/23\/les-tendances-deco-2025-le-retour-de-la-feminite-dans-lart-du-design-interieur\/"},"wordCount":377,"commentCount":0,"publisher":{"@id":"https:\/\/bobea.net\/#organization"},"image":{"@id":"https:\/\/bobea.net\/index.php\/2025\/08\/23\/les-tendances-deco-2025-le-retour-de-la-feminite-dans-lart-du-design-interieur\/#primaryimage"},"thumbnailUrl":"https:\/\/bobea.net\/wp-content\/uploads\/2025\/08\/Quelles-sont-les-tendances-deco-de-l-ete-preferees-des-Francais-en-2025.jpg","keywords":["couleurs poudr\u00e9es design","d\u00e9co f\u00e9minine","mat\u00e9riaux naturels d\u00e9co","slow d\u00e9co maison.","tendances d\u00e9co 2025"],"articleSection":["Tendances"],"inLanguage":"fr-FR","potentialAction":[{"@type":"CommentAction","name":"Comment","target":["https:\/\/bobea.net\/index.php\/2025\/08\/23\/les-tendances-deco-2025-le-retour-de-la-feminite-dans-lart-du-design-interieur\/#respond"]}]},{"@type":"WebPage","@id":"https:\/\/bobea.net\/index.php\/2025\/08\/23\/les-tendances-deco-2025-le-retour-de-la-feminite-dans-lart-du-design-interieur\/","url":"https:\/\/bobea.net\/index.php\/2025\/08\/23\/les-tendances-deco-2025-le-retour-de-la-feminite-dans-lart-du-design-interieur\/","name":"Les tendances d\u00e9co 2025 \u2013 le retour de la f\u00e9minit\u00e9 dans l\u2019art du design int\u00e9rieur - Bobea","isPartOf":{"@id":"https:\/\/bobea.net\/#website"},"primaryImageOfPage":{"@id":"https:\/\/bobea.net\/index.php\/2025\/08\/23\/les-tendances-deco-2025-le-retour-de-la-feminite-dans-lart-du-design-interieur\/#primaryimage"},"image":{"@id":"https:\/\/bobea.net\/index.php\/2025\/08\/23\/les-tendances-deco-2025-le-retour-de-la-feminite-dans-lart-du-design-interieur\/#primaryimage"},"thumbnailUrl":"https:\/\/bobea.net\/wp-content\/uploads\/2025\/08\/Quelles-sont-les-tendances-deco-de-l-ete-preferees-des-Francais-en-2025.jpg","datePublished":"2025-08-23T05:13:45+00:00","dateModified":"2025-08-23T05:13:47+00:00","description":"En 2025, d\u00e9corer sa maison selon ces codes, c\u2019est adopter un art de vivre en harmonie avec soi-m\u00eame. La d\u00e9co f\u00e9minine revient","breadcrumb":{"@id":"https:\/\/bobea.net\/index.php\/2025\/08\/23\/les-tendances-deco-2025-le-retour-de-la-feminite-dans-lart-du-design-interieur\/#breadcrumb"},"inLanguage":"fr-FR","potentialAction":[{"@type":"ReadAction","target":["https:\/\/bobea.net\/index.php\/2025\/08\/23\/les-tendances-deco-2025-le-retour-de-la-feminite-dans-lart-du-design-interieur\/"]}]},{"@type":"ImageObject","inLanguage":"fr-FR","@id":"https:\/\/bobea.net\/index.php\/2025\/08\/23\/les-tendances-deco-2025-le-retour-de-la-feminite-dans-lart-du-design-interieur\/#primaryimage","url":"https:\/\/bobea.net\/wp-content\/uploads\/2025\/08\/Quelles-sont-les-tendances-deco-de-l-ete-preferees-des-Francais-en-2025.jpg","contentUrl":"https:\/\/bobea.net\/wp-content\/uploads\/2025\/08\/Quelles-sont-les-tendances-deco-de-l-ete-preferees-des-Francais-en-2025.jpg","width":1920,"height":1248},{"@type":"BreadcrumbList","@id":"https:\/\/bobea.net\/index.php\/2025\/08\/23\/les-tendances-deco-2025-le-retour-de-la-feminite-dans-lart-du-design-interieur\/#breadcrumb","itemListElement":[{"@type":"ListItem","position":1,"name":"Accueil","item":"https:\/\/bobea.net\/"},{"@type":"ListItem","position":2,"name":"Les tendances d\u00e9co 2025 \u2013 le retour de la f\u00e9minit\u00e9 dans l\u2019art du design int\u00e9rieur"}]},{"@type":"WebSite","@id":"https:\/\/bobea.net\/#website","url":"https:\/\/bobea.net\/","name":"Bobea","description":"Le magazine de la nouvelle \u00c8ve","publisher":{"@id":"https:\/\/bobea.net\/#organization"},"potentialAction":[{"@type":"SearchAction","target":{"@type":"EntryPoint","urlTemplate":"https:\/\/bobea.net\/?s={search_term_string}"},"query-input":{"@type":"PropertyValueSpecification","valueRequired":true,"valueName":"search_term_string"}}],"inLanguage":"fr-FR"},{"@type":"Organization","@id":"https:\/\/bobea.net\/#organization","name":"Bobea","url":"https:\/\/bobea.net\/","logo":{"@type":"ImageObject","inLanguage":"fr-FR","@id":"https:\/\/bobea.net\/#\/schema\/logo\/image\/","url":"https:\/\/bobea.net\/wp-content\/uploads\/2024\/06\/bobea.jpg","contentUrl":"https:\/\/bobea.net\/wp-content\/uploads\/2024\/06\/bobea.jpg","width":1080,"height":1080,"caption":"Bobea"},"image":{"@id":"https:\/\/bobea.net\/#\/schema\/logo\/image\/"},"sameAs":["https:\/\/web.facebook.com\/profile.php?id=61559252188416"]},{"@type":"Person","@id":"https:\/\/bobea.net\/#\/schema\/person\/e7f45ef187918d7c956bf619dce90ccf","name":"bobea.info","image":{"@type":"ImageObject","inLanguage":"fr-FR","@id":"https:\/\/bobea.net\/#\/schema\/person\/image\/","url":"https:\/\/secure.gravatar.com\/avatar\/36147980349df887ae30808df3e29474?s=96&d=mm&r=g","contentUrl":"https:\/\/secure.gravatar.com\/avatar\/36147980349df887ae30808df3e29474?s=96&d=mm&r=g","caption":"bobea.info"},"sameAs":["https:\/\/bobea.net"],"url":"https:\/\/bobea.net\/index.php\/author\/bobea-info\/"}]}},"_links":{"self":[{"href":"https:\/\/bobea.net\/index.php\/wp-json\/wp\/v2\/posts\/23746"}],"collection":[{"href":"https:\/\/bobea.net\/index.php\/wp-json\/wp\/v2\/posts"}],"about":[{"href":"https:\/\/bobea.net\/index.php\/wp-json\/wp\/v2\/types\/post"}],"author":[{"embeddable":true,"href":"https:\/\/bobea.net\/index.php\/wp-json\/wp\/v2\/users\/1"}],"replies":[{"embeddable":true,"href":"https:\/\/bobea.net\/index.php\/wp-json\/wp\/v2\/comments?post=23746"}],"version-history":[{"count":1,"href":"https:\/\/bobea.net\/index.php\/wp-json\/wp\/v2\/posts\/23746\/revisions"}],"predecessor-version":[{"id":23750,"href":"https:\/\/bobea.net\/index.php\/wp-json\/wp\/v2\/posts\/23746\/revisions\/23750"}],"wp:featuredmedia":[{"embeddable":true,"href":"https:\/\/bobea.net\/index.php\/wp-json\/wp\/v2\/media\/23747"}],"wp:attachment":[{"href":"https:\/\/bobea.net\/index.php\/wp-json\/wp\/v2\/media?parent=23746"}],"wp:term":[{"taxonomy":"category","embeddable":true,"href":"https:\/\/bobea.net\/index.php\/wp-json\/wp\/v2\/categories?post=23746"},{"taxonomy":"post_tag","embeddable":true,"href":"https:\/\/bobea.net\/index.php\/wp-json\/wp\/v2\/tags?post=23746"}],"curies":[{"name":"wp","href":"https:\/\/api.w.org\/{rel}","templated":true}]}}