{"id":23690,"date":"2025-08-23T04:16:19","date_gmt":"2025-08-23T04:16:19","guid":{"rendered":"https:\/\/bobea.net\/?p=23690"},"modified":"2025-08-23T04:16:53","modified_gmt":"2025-08-23T04:16:53","slug":"revivre-la-dolce-vita-a-saint-germain-des-pres-les-nuits-parisiennes-en-2025-racontees-par-anita-et-nelly","status":"publish","type":"post","link":"https:\/\/bobea.net\/index.php\/2025\/08\/23\/revivre-la-dolce-vita-a-saint-germain-des-pres-les-nuits-parisiennes-en-2025-racontees-par-anita-et-nelly\/","title":{"rendered":"Revivre la Dolce Vita \u00e0 Saint-Germain-des-Pr\u00e9s \u2013 les nuits parisiennes en 2025, racont\u00e9es par Anita et Nelly"},"content":{"rendered":"\n<p>\u00ab Je m\u2019appelle Ani\u00adta, anglaise d\u2019origine, et j\u2019habite \u00e0 Paris depuis cinq ans. \u00bb C\u2019est ain\u00adsi que com\u00admence le r\u00e9c\u00adit intime de Nel\u00adly, amie d\u2019Anita, qui nous emm\u00e8ne dans une balade au c\u0153ur des nuits raf\u00adfin\u00e9es de Saint-Ger\u00admain-des-Pr\u00e9s, un quarti\u00ader charg\u00e9 d\u2019histoire et de roman\u00adtisme o\u00f9 la Dolce Vita con\u00adna\u00eet une renais\u00adsance \u00e9l\u00e9\u00adgante en 2025.<\/p>\n\n\n\n<p>Nel\u00adly nous racon\u00adte : \u00ab Ce quarti\u00ader est un \u00e9crin o\u00f9 l\u2019art de vivre se con\u00adjugue avec douceur. Le soir, les caf\u00e9s et les salons de th\u00e9 s\u2019\u00e9clairent d\u2019une lumi\u00e8re tamis\u00e9e, par\u00adfaite pour pro\u00adlonger les con\u00adver\u00adsa\u00adtions apr\u00e8s une journ\u00e9e bien rem\u00adplie. \u00bb \u00c0 Saint-Ger\u00admain-des-Pr\u00e9s, la vie de nuit a ce charme dis\u00adcret o\u00f9 le bruit c\u00e8de la place \u00e0 la nuance.<\/p>\n\n\n\n<p>Ani\u00adta ajoute : \u00ab Ce qui me fascine ici, c\u2019est la fa\u00e7on dont cul\u00adture et s\u00e9duc\u00adtion se m\u00ealent. On y croise des musi\u00adci\u00adennes tal\u00adentueuses jouant du jazz, des \u00e9crivaines qui r\u00e9di\u00adgent au coin d\u2019une table, ou des femmes ind\u00e9pen\u00addantes qui r\u00e9in\u00adven\u00adtent leur vie avec gr\u00e2ce. \u00bb<\/p>\n\n\n\n<p>Le duo d\u00e9crit des soir\u00e9es o\u00f9 l\u2019\u00e9l\u00e9gance prime sur l\u2019extravagance. Par exem\u00adple, les bars \u00e0 cock\u00adtails priv\u00adil\u00e9gient des ambiances feu\u00adtr\u00e9es, avec des d\u00e9cors inspir\u00e9s de la sc\u00e8ne artis\u00adtique con\u00adtem\u00adpo\u00adraine. Les ter\u00adrass\u00ades, quant \u00e0 elles, devi\u00aden\u00adnent de v\u00e9ri\u00adta\u00adbles salons urbains, o\u00f9 le temps sem\u00adble sus\u00adpendu.<\/p>\n\n\n\n<p>Le par\u00adfum du caf\u00e9 fra\u00eeche\u00adment moulu, les \u00e9clats de rire dis\u00adcrets, les regards \u00e9chang\u00e9s \u00e0 la lueur des lam\u00adpadaires cr\u00e9ent une atmo\u00adsph\u00e8re prop\u00adice \u00e0 l\u2019intimit\u00e9 et \u00e0 la con\u00adnex\u00adion r\u00e9elle. Nel\u00adly con\u00adfie avoir sou\u00advent ressen\u00adti, lors de ces nuits, \u00ab un sen\u00adti\u00adment d\u2019appartenance \u00e0 un cer\u00adcle d\u2019amiti\u00e9s sinc\u00e8res, loin de la super\u00adfi\u00adcial\u00adit\u00e9 que l\u2019on peut par\u00adfois ren\u00adcon\u00adtr\u00ader ailleurs. \u00bb<\/p>\n\n\n\n<figure class=\"wp-block-image size-large\"><img loading=\"lazy\" decoding=\"async\" width=\"1024\" height=\"683\" src=\"https:\/\/bobea.net\/wp-content\/uploads\/2025\/08\/4b95a37_1726152035601-douceur-de-vivre-la-dolce-vita-1960-20-1024x683.avif\" alt class=\"wp-image-23691\" srcset=\"https:\/\/bobea.net\/wp-content\/uploads\/2025\/08\/4b95a37_1726152035601-douceur-de-vivre-la-dolce-vita-1960-20-1024x683.avif 1024w, https:\/\/bobea.net\/wp-content\/uploads\/2025\/08\/4b95a37_1726152035601-douceur-de-vivre-la-dolce-vita-1960-20-300x200.avif 300w, https:\/\/bobea.net\/wp-content\/uploads\/2025\/08\/4b95a37_1726152035601-douceur-de-vivre-la-dolce-vita-1960-20-768x512.avif 768w, https:\/\/bobea.net\/wp-content\/uploads\/2025\/08\/4b95a37_1726152035601-douceur-de-vivre-la-dolce-vita-1960-20.avif 1200w\" sizes=\"(max-width: 1024px) 100vw, 1024px\"><\/figure>\n\n\n\n<p>Pour Ani\u00adta, cette vie noc\u00adturne parisi\u00adenne est une source d\u2019inspiration quo\u00adti\u00addi\u00adenne. Elle y puise \u00e9nergie et con\u00adfi\u00adance pour nour\u00adrir sa pas\u00adsion : la mode. \u00ab Les anec\u00addotes, les ren\u00adcon\u00adtres et l\u2019histoire de ce quarti\u00ader m\u2019aident \u00e0 \u00e9crire mon pro\u00adpre r\u00e9c\u00adit, \u00e0 embrass\u00ader cette douceur de vivre qui sem\u00adble pro\u00adpre \u00e0 Paris. \u00bb<\/p>\n\n\n\n<p>Au-del\u00e0 de l\u2019exp\u00e9rience per\u00adson\u00adnelle, Nel\u00adly \u00e9voque une trans\u00adfor\u00adma\u00adtion plus large : \u00ab Aujourd\u2019hui, la s\u00e9duc\u00adtion en ville n\u2019est plus une per\u00adfor\u00admance mais un \u00e9change authen\u00adtique. Les femmes ici sont libres, con\u00adnec\u00adt\u00e9es \u00e0 leur d\u00e9sir et fi\u00e8res de leur autonomie. \u00bb<\/p>\n\n\n\n<p>Ce r\u00e9c\u00adit, port\u00e9 par deux voix f\u00e9minines \u00e9trang\u00e8res mais d\u00e9sor\u00admais ancr\u00e9es \u00e0 Paris, offre une invi\u00adta\u00adtion \u00e0 red\u00e9\u00adcou\u00advrir Saint-Ger\u00admain-des-Pr\u00e9s non seule\u00adment comme un lieu touris\u00adtique mais comme un lab\u00ado\u00adra\u00adtoire de f\u00e9minit\u00e9 con\u00adtem\u00adpo\u00adraine, un espace o\u00f9 la douceur de la Dolce Vita s\u2019\u00e9panouit pleine\u00adment.<\/p>\n\n\n\n<p><\/p>\n","protected":false},"excerpt":{"rendered":"<p>\u00ab Je m\u2019appelle Ani\u00adta, anglaise d\u2019origine, et j\u2019habite \u00e0 Paris depuis cinq ans. \u00bb C\u2019est ain\u00adsi que com\u00admence le r\u00e9c\u00adit intime de Nel\u00adly, amie d\u2019Anita, qui nous emm\u00e8ne dans une\u2026 <\/p>\n","protected":false},"author":1,"featured_media":23692,"comment_status":"open","ping_status":"closed","sticky":false,"template":"","format":"standard","meta":{"wp_typography_post_enhancements_disabled":false,"footnotes":""},"categories":[73],"tags":[17798,17797,17799,17796],"class_list":["post-23690","post","type-post","status-publish","format-standard","has-post-thumbnail","hentry","category-on-en-parle","tag-dolce-vita-paris","tag-nuits-parisiennes-2025","tag-romance-paris","tag-saint-germain-des-pres"],"yoast_head":"<!-- This site is optimized with the Yoast SEO plugin v24.7 - https:\/\/yoast.com\/wordpress\/plugins\/seo\/ -->\n<title>Revivre la Dolce Vita \u00e0 Saint-Germain-des-Pr\u00e9s \u2013 les nuits parisiennes en 2025, racont\u00e9es par Anita et Nelly - Bobea<\/title>\n<meta name=\"description\" content=\"Ce r\u00e9cit, port\u00e9 par deux voix f\u00e9minines \u00e9trang\u00e8res mais d\u00e9sormais ancr\u00e9es \u00e0 Paris, offre une invitation \u00e0 red\u00e9couvrir Saint-Germain-des-Pr\u00e9s\" \/>\n<meta name=\"robots\" content=\"index, follow, max-snippet:-1, max-image-preview:large, max-video-preview:-1\" \/>\n<link rel=\"canonical\" href=\"https:\/\/bobea.net\/index.php\/2025\/08\/23\/revivre-la-dolce-vita-a-saint-germain-des-pres-les-nuits-parisiennes-en-2025-racontees-par-anita-et-nelly\/\" \/>\n<meta property=\"og:locale\" content=\"fr_FR\" \/>\n<meta property=\"og:type\" content=\"article\" \/>\n<meta property=\"og:title\" content=\"Revivre la Dolce Vita \u00e0 Saint-Germain-des-Pr\u00e9s \u2013 les nuits parisiennes en 2025, racont\u00e9es par Anita et Nelly - Bobea\" \/>\n<meta property=\"og:description\" content=\"Ce r\u00e9cit, port\u00e9 par deux voix f\u00e9minines \u00e9trang\u00e8res mais d\u00e9sormais ancr\u00e9es \u00e0 Paris, offre une invitation \u00e0 red\u00e9couvrir Saint-Germain-des-Pr\u00e9s\" \/>\n<meta property=\"og:url\" content=\"https:\/\/bobea.net\/index.php\/2025\/08\/23\/revivre-la-dolce-vita-a-saint-germain-des-pres-les-nuits-parisiennes-en-2025-racontees-par-anita-et-nelly\/\" \/>\n<meta property=\"og:site_name\" content=\"Bobea\" \/>\n<meta property=\"article:publisher\" content=\"https:\/\/web.facebook.com\/profile.php?id=61559252188416\" \/>\n<meta property=\"article:published_time\" content=\"2025-08-23T04:16:19+00:00\" \/>\n<meta property=\"article:modified_time\" content=\"2025-08-23T04:16:53+00:00\" \/>\n<meta property=\"og:image\" content=\"https:\/\/bobea.net\/wp-content\/uploads\/2025\/08\/La-Dolce-Vita-5.webp\" \/>\n\t<meta property=\"og:image:width\" content=\"800\" \/>\n\t<meta property=\"og:image:height\" content=\"400\" \/>\n\t<meta property=\"og:image:type\" content=\"image\/webp\" \/>\n<meta name=\"author\" content=\"bobea.info\" \/>\n<meta name=\"twitter:card\" content=\"summary_large_image\" \/>\n<meta name=\"twitter:label1\" content=\"\u00c9crit par\" \/>\n\t<meta name=\"twitter:data1\" content=\"bobea.info\" \/>\n\t<meta name=\"twitter:label2\" content=\"Dur\u00e9e de lecture estim\u00e9e\" \/>\n\t<meta name=\"twitter:data2\" content=\"3 minutes\" \/>\n<script type=\"application\/ld+json\" class=\"yoast-schema-graph\">{\"@context\":\"https:\/\/schema.org\",\"@graph\":[{\"@type\":\"Article\",\"@id\":\"https:\/\/bobea.net\/index.php\/2025\/08\/23\/revivre-la-dolce-vita-a-saint-germain-des-pres-les-nuits-parisiennes-en-2025-racontees-par-anita-et-nelly\/#article\",\"isPartOf\":{\"@id\":\"https:\/\/bobea.net\/index.php\/2025\/08\/23\/revivre-la-dolce-vita-a-saint-germain-des-pres-les-nuits-parisiennes-en-2025-racontees-par-anita-et-nelly\/\"},\"author\":{\"name\":\"bobea.info\",\"@id\":\"https:\/\/bobea.net\/#\/schema\/person\/e7f45ef187918d7c956bf619dce90ccf\"},\"headline\":\"Revivre la Dolce Vita \u00e0 Saint-Germain-des-Pr\u00e9s \u2013 les nuits parisiennes en 2025, racont\u00e9es par Anita et Nelly\",\"datePublished\":\"2025-08-23T04:16:19+00:00\",\"dateModified\":\"2025-08-23T04:16:53+00:00\",\"mainEntityOfPage\":{\"@id\":\"https:\/\/bobea.net\/index.php\/2025\/08\/23\/revivre-la-dolce-vita-a-saint-germain-des-pres-les-nuits-parisiennes-en-2025-racontees-par-anita-et-nelly\/\"},\"wordCount\":459,\"commentCount\":0,\"publisher\":{\"@id\":\"https:\/\/bobea.net\/#organization\"},\"image\":{\"@id\":\"https:\/\/bobea.net\/index.php\/2025\/08\/23\/revivre-la-dolce-vita-a-saint-germain-des-pres-les-nuits-parisiennes-en-2025-racontees-par-anita-et-nelly\/#primaryimage\"},\"thumbnailUrl\":\"https:\/\/bobea.net\/wp-content\/uploads\/2025\/08\/La-Dolce-Vita-5.webp\",\"keywords\":[\"Dolce Vita Paris\",\"nuits parisiennes 2025\",\"romance Paris\",\"Saint-Germain-des-Pr\u00e9s\"],\"articleSection\":[\"On en Parle\"],\"inLanguage\":\"fr-FR\",\"potentialAction\":[{\"@type\":\"CommentAction\",\"name\":\"Comment\",\"target\":[\"https:\/\/bobea.net\/index.php\/2025\/08\/23\/revivre-la-dolce-vita-a-saint-germain-des-pres-les-nuits-parisiennes-en-2025-racontees-par-anita-et-nelly\/#respond\"]}]},{\"@type\":\"WebPage\",\"@id\":\"https:\/\/bobea.net\/index.php\/2025\/08\/23\/revivre-la-dolce-vita-a-saint-germain-des-pres-les-nuits-parisiennes-en-2025-racontees-par-anita-et-nelly\/\",\"url\":\"https:\/\/bobea.net\/index.php\/2025\/08\/23\/revivre-la-dolce-vita-a-saint-germain-des-pres-les-nuits-parisiennes-en-2025-racontees-par-anita-et-nelly\/\",\"name\":\"Revivre la Dolce Vita \u00e0 Saint-Germain-des-Pr\u00e9s \u2013 les nuits parisiennes en 2025, racont\u00e9es par Anita et Nelly - Bobea\",\"isPartOf\":{\"@id\":\"https:\/\/bobea.net\/#website\"},\"primaryImageOfPage\":{\"@id\":\"https:\/\/bobea.net\/index.php\/2025\/08\/23\/revivre-la-dolce-vita-a-saint-germain-des-pres-les-nuits-parisiennes-en-2025-racontees-par-anita-et-nelly\/#primaryimage\"},\"image\":{\"@id\":\"https:\/\/bobea.net\/index.php\/2025\/08\/23\/revivre-la-dolce-vita-a-saint-germain-des-pres-les-nuits-parisiennes-en-2025-racontees-par-anita-et-nelly\/#primaryimage\"},\"thumbnailUrl\":\"https:\/\/bobea.net\/wp-content\/uploads\/2025\/08\/La-Dolce-Vita-5.webp\",\"datePublished\":\"2025-08-23T04:16:19+00:00\",\"dateModified\":\"2025-08-23T04:16:53+00:00\",\"description\":\"Ce r\u00e9cit, port\u00e9 par deux voix f\u00e9minines \u00e9trang\u00e8res mais d\u00e9sormais ancr\u00e9es \u00e0 Paris, offre une invitation \u00e0 red\u00e9couvrir Saint-Germain-des-Pr\u00e9s\",\"breadcrumb\":{\"@id\":\"https:\/\/bobea.net\/index.php\/2025\/08\/23\/revivre-la-dolce-vita-a-saint-germain-des-pres-les-nuits-parisiennes-en-2025-racontees-par-anita-et-nelly\/#breadcrumb\"},\"inLanguage\":\"fr-FR\",\"potentialAction\":[{\"@type\":\"ReadAction\",\"target\":[\"https:\/\/bobea.net\/index.php\/2025\/08\/23\/revivre-la-dolce-vita-a-saint-germain-des-pres-les-nuits-parisiennes-en-2025-racontees-par-anita-et-nelly\/\"]}]},{\"@type\":\"ImageObject\",\"inLanguage\":\"fr-FR\",\"@id\":\"https:\/\/bobea.net\/index.php\/2025\/08\/23\/revivre-la-dolce-vita-a-saint-germain-des-pres-les-nuits-parisiennes-en-2025-racontees-par-anita-et-nelly\/#primaryimage\",\"url\":\"https:\/\/bobea.net\/wp-content\/uploads\/2025\/08\/La-Dolce-Vita-5.webp\",\"contentUrl\":\"https:\/\/bobea.net\/wp-content\/uploads\/2025\/08\/La-Dolce-Vita-5.webp\",\"width\":800,\"height\":400},{\"@type\":\"BreadcrumbList\",\"@id\":\"https:\/\/bobea.net\/index.php\/2025\/08\/23\/revivre-la-dolce-vita-a-saint-germain-des-pres-les-nuits-parisiennes-en-2025-racontees-par-anita-et-nelly\/#breadcrumb\",\"itemListElement\":[{\"@type\":\"ListItem\",\"position\":1,\"name\":\"Accueil\",\"item\":\"https:\/\/bobea.net\/\"},{\"@type\":\"ListItem\",\"position\":2,\"name\":\"Revivre la Dolce Vita \u00e0 Saint-Germain-des-Pr\u00e9s \u2013 les nuits parisiennes en 2025, racont\u00e9es par Anita et Nelly\"}]},{\"@type\":\"WebSite\",\"@id\":\"https:\/\/bobea.net\/#website\",\"url\":\"https:\/\/bobea.net\/\",\"name\":\"Bobea\",\"description\":\"Le magazine de la nouvelle \u00c8ve\",\"publisher\":{\"@id\":\"https:\/\/bobea.net\/#organization\"},\"potentialAction\":[{\"@type\":\"SearchAction\",\"target\":{\"@type\":\"EntryPoint\",\"urlTemplate\":\"https:\/\/bobea.net\/?s={search_term_string}\"},\"query-input\":{\"@type\":\"PropertyValueSpecification\",\"valueRequired\":true,\"valueName\":\"search_term_string\"}}],\"inLanguage\":\"fr-FR\"},{\"@type\":\"Organization\",\"@id\":\"https:\/\/bobea.net\/#organization\",\"name\":\"Bobea\",\"url\":\"https:\/\/bobea.net\/\",\"logo\":{\"@type\":\"ImageObject\",\"inLanguage\":\"fr-FR\",\"@id\":\"https:\/\/bobea.net\/#\/schema\/logo\/image\/\",\"url\":\"https:\/\/bobea.net\/wp-content\/uploads\/2024\/06\/bobea.jpg\",\"contentUrl\":\"https:\/\/bobea.net\/wp-content\/uploads\/2024\/06\/bobea.jpg\",\"width\":1080,\"height\":1080,\"caption\":\"Bobea\"},\"image\":{\"@id\":\"https:\/\/bobea.net\/#\/schema\/logo\/image\/\"},\"sameAs\":[\"https:\/\/web.facebook.com\/profile.php?id=61559252188416\"]},{\"@type\":\"Person\",\"@id\":\"https:\/\/bobea.net\/#\/schema\/person\/e7f45ef187918d7c956bf619dce90ccf\",\"name\":\"bobea.info\",\"image\":{\"@type\":\"ImageObject\",\"inLanguage\":\"fr-FR\",\"@id\":\"https:\/\/bobea.net\/#\/schema\/person\/image\/\",\"url\":\"https:\/\/secure.gravatar.com\/avatar\/36147980349df887ae30808df3e29474?s=96&d=mm&r=g\",\"contentUrl\":\"https:\/\/secure.gravatar.com\/avatar\/36147980349df887ae30808df3e29474?s=96&d=mm&r=g\",\"caption\":\"bobea.info\"},\"sameAs\":[\"https:\/\/bobea.net\"],\"url\":\"https:\/\/bobea.net\/index.php\/author\/bobea-info\/\"}]}<\/script>\n<!-- \/ Yoast SEO plugin. -->","yoast_head_json":{"title":"Revivre la Dolce Vita \u00e0 Saint-Germain-des-Pr\u00e9s \u2013 les nuits parisiennes en 2025, racont\u00e9es par Anita et Nelly - Bobea","description":"Ce r\u00e9cit, port\u00e9 par deux voix f\u00e9minines \u00e9trang\u00e8res mais d\u00e9sormais ancr\u00e9es \u00e0 Paris, offre une invitation \u00e0 red\u00e9couvrir Saint-Germain-des-Pr\u00e9s","robots":{"index":"index","follow":"follow","max-snippet":"max-snippet:-1","max-image-preview":"max-image-preview:large","max-video-preview":"max-video-preview:-1"},"canonical":"https:\/\/bobea.net\/index.php\/2025\/08\/23\/revivre-la-dolce-vita-a-saint-germain-des-pres-les-nuits-parisiennes-en-2025-racontees-par-anita-et-nelly\/","og_locale":"fr_FR","og_type":"article","og_title":"Revivre la Dolce Vita \u00e0 Saint-Germain-des-Pr\u00e9s \u2013 les nuits parisiennes en 2025, racont\u00e9es par Anita et Nelly - Bobea","og_description":"Ce r\u00e9cit, port\u00e9 par deux voix f\u00e9minines \u00e9trang\u00e8res mais d\u00e9sormais ancr\u00e9es \u00e0 Paris, offre une invitation \u00e0 red\u00e9couvrir Saint-Germain-des-Pr\u00e9s","og_url":"https:\/\/bobea.net\/index.php\/2025\/08\/23\/revivre-la-dolce-vita-a-saint-germain-des-pres-les-nuits-parisiennes-en-2025-racontees-par-anita-et-nelly\/","og_site_name":"Bobea","article_publisher":"https:\/\/web.facebook.com\/profile.php?id=61559252188416","article_published_time":"2025-08-23T04:16:19+00:00","article_modified_time":"2025-08-23T04:16:53+00:00","og_image":[{"width":800,"height":400,"url":"https:\/\/bobea.net\/wp-content\/uploads\/2025\/08\/La-Dolce-Vita-5.webp","type":"image\/webp"}],"author":"bobea.info","twitter_card":"summary_large_image","twitter_misc":{"\u00c9crit par":"bobea.info","Dur\u00e9e de lecture estim\u00e9e":"3 minutes"},"schema":{"@context":"https:\/\/schema.org","@graph":[{"@type":"Article","@id":"https:\/\/bobea.net\/index.php\/2025\/08\/23\/revivre-la-dolce-vita-a-saint-germain-des-pres-les-nuits-parisiennes-en-2025-racontees-par-anita-et-nelly\/#article","isPartOf":{"@id":"https:\/\/bobea.net\/index.php\/2025\/08\/23\/revivre-la-dolce-vita-a-saint-germain-des-pres-les-nuits-parisiennes-en-2025-racontees-par-anita-et-nelly\/"},"author":{"name":"bobea.info","@id":"https:\/\/bobea.net\/#\/schema\/person\/e7f45ef187918d7c956bf619dce90ccf"},"headline":"Revivre la Dolce Vita \u00e0 Saint-Germain-des-Pr\u00e9s \u2013 les nuits parisiennes en 2025, racont\u00e9es par Anita et Nelly","datePublished":"2025-08-23T04:16:19+00:00","dateModified":"2025-08-23T04:16:53+00:00","mainEntityOfPage":{"@id":"https:\/\/bobea.net\/index.php\/2025\/08\/23\/revivre-la-dolce-vita-a-saint-germain-des-pres-les-nuits-parisiennes-en-2025-racontees-par-anita-et-nelly\/"},"wordCount":459,"commentCount":0,"publisher":{"@id":"https:\/\/bobea.net\/#organization"},"image":{"@id":"https:\/\/bobea.net\/index.php\/2025\/08\/23\/revivre-la-dolce-vita-a-saint-germain-des-pres-les-nuits-parisiennes-en-2025-racontees-par-anita-et-nelly\/#primaryimage"},"thumbnailUrl":"https:\/\/bobea.net\/wp-content\/uploads\/2025\/08\/La-Dolce-Vita-5.webp","keywords":["Dolce Vita Paris","nuits parisiennes 2025","romance Paris","Saint-Germain-des-Pr\u00e9s"],"articleSection":["On en Parle"],"inLanguage":"fr-FR","potentialAction":[{"@type":"CommentAction","name":"Comment","target":["https:\/\/bobea.net\/index.php\/2025\/08\/23\/revivre-la-dolce-vita-a-saint-germain-des-pres-les-nuits-parisiennes-en-2025-racontees-par-anita-et-nelly\/#respond"]}]},{"@type":"WebPage","@id":"https:\/\/bobea.net\/index.php\/2025\/08\/23\/revivre-la-dolce-vita-a-saint-germain-des-pres-les-nuits-parisiennes-en-2025-racontees-par-anita-et-nelly\/","url":"https:\/\/bobea.net\/index.php\/2025\/08\/23\/revivre-la-dolce-vita-a-saint-germain-des-pres-les-nuits-parisiennes-en-2025-racontees-par-anita-et-nelly\/","name":"Revivre la Dolce Vita \u00e0 Saint-Germain-des-Pr\u00e9s \u2013 les nuits parisiennes en 2025, racont\u00e9es par Anita et Nelly - Bobea","isPartOf":{"@id":"https:\/\/bobea.net\/#website"},"primaryImageOfPage":{"@id":"https:\/\/bobea.net\/index.php\/2025\/08\/23\/revivre-la-dolce-vita-a-saint-germain-des-pres-les-nuits-parisiennes-en-2025-racontees-par-anita-et-nelly\/#primaryimage"},"image":{"@id":"https:\/\/bobea.net\/index.php\/2025\/08\/23\/revivre-la-dolce-vita-a-saint-germain-des-pres-les-nuits-parisiennes-en-2025-racontees-par-anita-et-nelly\/#primaryimage"},"thumbnailUrl":"https:\/\/bobea.net\/wp-content\/uploads\/2025\/08\/La-Dolce-Vita-5.webp","datePublished":"2025-08-23T04:16:19+00:00","dateModified":"2025-08-23T04:16:53+00:00","description":"Ce r\u00e9cit, port\u00e9 par deux voix f\u00e9minines \u00e9trang\u00e8res mais d\u00e9sormais ancr\u00e9es \u00e0 Paris, offre une invitation \u00e0 red\u00e9couvrir Saint-Germain-des-Pr\u00e9s","breadcrumb":{"@id":"https:\/\/bobea.net\/index.php\/2025\/08\/23\/revivre-la-dolce-vita-a-saint-germain-des-pres-les-nuits-parisiennes-en-2025-racontees-par-anita-et-nelly\/#breadcrumb"},"inLanguage":"fr-FR","potentialAction":[{"@type":"ReadAction","target":["https:\/\/bobea.net\/index.php\/2025\/08\/23\/revivre-la-dolce-vita-a-saint-germain-des-pres-les-nuits-parisiennes-en-2025-racontees-par-anita-et-nelly\/"]}]},{"@type":"ImageObject","inLanguage":"fr-FR","@id":"https:\/\/bobea.net\/index.php\/2025\/08\/23\/revivre-la-dolce-vita-a-saint-germain-des-pres-les-nuits-parisiennes-en-2025-racontees-par-anita-et-nelly\/#primaryimage","url":"https:\/\/bobea.net\/wp-content\/uploads\/2025\/08\/La-Dolce-Vita-5.webp","contentUrl":"https:\/\/bobea.net\/wp-content\/uploads\/2025\/08\/La-Dolce-Vita-5.webp","width":800,"height":400},{"@type":"BreadcrumbList","@id":"https:\/\/bobea.net\/index.php\/2025\/08\/23\/revivre-la-dolce-vita-a-saint-germain-des-pres-les-nuits-parisiennes-en-2025-racontees-par-anita-et-nelly\/#breadcrumb","itemListElement":[{"@type":"ListItem","position":1,"name":"Accueil","item":"https:\/\/bobea.net\/"},{"@type":"ListItem","position":2,"name":"Revivre la Dolce Vita \u00e0 Saint-Germain-des-Pr\u00e9s \u2013 les nuits parisiennes en 2025, racont\u00e9es par Anita et Nelly"}]},{"@type":"WebSite","@id":"https:\/\/bobea.net\/#website","url":"https:\/\/bobea.net\/","name":"Bobea","description":"Le magazine de la nouvelle \u00c8ve","publisher":{"@id":"https:\/\/bobea.net\/#organization"},"potentialAction":[{"@type":"SearchAction","target":{"@type":"EntryPoint","urlTemplate":"https:\/\/bobea.net\/?s={search_term_string}"},"query-input":{"@type":"PropertyValueSpecification","valueRequired":true,"valueName":"search_term_string"}}],"inLanguage":"fr-FR"},{"@type":"Organization","@id":"https:\/\/bobea.net\/#organization","name":"Bobea","url":"https:\/\/bobea.net\/","logo":{"@type":"ImageObject","inLanguage":"fr-FR","@id":"https:\/\/bobea.net\/#\/schema\/logo\/image\/","url":"https:\/\/bobea.net\/wp-content\/uploads\/2024\/06\/bobea.jpg","contentUrl":"https:\/\/bobea.net\/wp-content\/uploads\/2024\/06\/bobea.jpg","width":1080,"height":1080,"caption":"Bobea"},"image":{"@id":"https:\/\/bobea.net\/#\/schema\/logo\/image\/"},"sameAs":["https:\/\/web.facebook.com\/profile.php?id=61559252188416"]},{"@type":"Person","@id":"https:\/\/bobea.net\/#\/schema\/person\/e7f45ef187918d7c956bf619dce90ccf","name":"bobea.info","image":{"@type":"ImageObject","inLanguage":"fr-FR","@id":"https:\/\/bobea.net\/#\/schema\/person\/image\/","url":"https:\/\/secure.gravatar.com\/avatar\/36147980349df887ae30808df3e29474?s=96&d=mm&r=g","contentUrl":"https:\/\/secure.gravatar.com\/avatar\/36147980349df887ae30808df3e29474?s=96&d=mm&r=g","caption":"bobea.info"},"sameAs":["https:\/\/bobea.net"],"url":"https:\/\/bobea.net\/index.php\/author\/bobea-info\/"}]}},"_links":{"self":[{"href":"https:\/\/bobea.net\/index.php\/wp-json\/wp\/v2\/posts\/23690"}],"collection":[{"href":"https:\/\/bobea.net\/index.php\/wp-json\/wp\/v2\/posts"}],"about":[{"href":"https:\/\/bobea.net\/index.php\/wp-json\/wp\/v2\/types\/post"}],"author":[{"embeddable":true,"href":"https:\/\/bobea.net\/index.php\/wp-json\/wp\/v2\/users\/1"}],"replies":[{"embeddable":true,"href":"https:\/\/bobea.net\/index.php\/wp-json\/wp\/v2\/comments?post=23690"}],"version-history":[{"count":1,"href":"https:\/\/bobea.net\/index.php\/wp-json\/wp\/v2\/posts\/23690\/revisions"}],"predecessor-version":[{"id":23693,"href":"https:\/\/bobea.net\/index.php\/wp-json\/wp\/v2\/posts\/23690\/revisions\/23693"}],"wp:featuredmedia":[{"embeddable":true,"href":"https:\/\/bobea.net\/index.php\/wp-json\/wp\/v2\/media\/23692"}],"wp:attachment":[{"href":"https:\/\/bobea.net\/index.php\/wp-json\/wp\/v2\/media?parent=23690"}],"wp:term":[{"taxonomy":"category","embeddable":true,"href":"https:\/\/bobea.net\/index.php\/wp-json\/wp\/v2\/categories?post=23690"},{"taxonomy":"post_tag","embeddable":true,"href":"https:\/\/bobea.net\/index.php\/wp-json\/wp\/v2\/tags?post=23690"}],"curies":[{"name":"wp","href":"https:\/\/api.w.org\/{rel}","templated":true}]}}