{"id":23649,"date":"2025-08-22T21:21:47","date_gmt":"2025-08-22T21:21:47","guid":{"rendered":"https:\/\/bobea.net\/?p=23649"},"modified":"2025-08-22T21:21:49","modified_gmt":"2025-08-22T21:21:49","slug":"affaire-cedric-jubillar-vers-la-fin-dun-drame-judiciaire-hors-norme","status":"publish","type":"post","link":"https:\/\/bobea.net\/index.php\/2025\/08\/22\/affaire-cedric-jubillar-vers-la-fin-dun-drame-judiciaire-hors-norme\/","title":{"rendered":"Affaire C\u00e9dric Jubillar \u2013 vers la fin d\u2019un drame judiciaire hors norme ?"},"content":{"rendered":"\n<p><strong>Intro\u00adduc\u00adtion : un dossier qui pas\u00adsionne la France depuis 2020<\/strong><\/p>\n\n\n\n<p>Depuis la dis\u00adpari\u00adtion de Del\u00adphine Jubil\u00adlar, l\u2019affaire est dev\u00adenue l\u2019un des plus grands feuil\u00adletons judi\u00adci\u00adaires fran\u00e7ais de la derni\u00e8re d\u00e9cen\u00adnie. Les m\u00e9dias, les experts crim\u00adi\u00adno\u00adlogues, mais aus\u00adsi le grand pub\u00adlic suiv\u00adent avec fas\u00adci\u00adna\u00adtion ce drame o\u00f9 se m\u00e9lan\u00adgent&nbsp;<strong>pas\u00adsion, men\u00adsonges, col\u00e8re et sus\u00adpi\u00adcion<\/strong>. Aujourd\u2019hui, en ao\u00fbt 2025, la jus\u00adtice sem\u00adble plus que jamais d\u00e9ter\u00admin\u00e9e \u00e0 boucler l\u2019instruction, mais de nom\u00adbreuses zones d\u2019ombre per\u00adsis\u00adtent.<\/p>\n\n\n\n<p><strong>Une affaire o\u00f9 chaque d\u00e9tail compte<\/strong><\/p>\n\n\n\n<p>La chronolo\u00adgie est d\u00e9sor\u00admais con\u00adnue : Del\u00adphine Jubil\u00adlar dis\u00adpara\u00eet en 2020 dans des con\u00addi\u00adtions mys\u00adt\u00e9rieuses. Son mari, C\u00e9dric Jubil\u00adlar, fut rapi\u00adde\u00adment sus\u00adpec\u00adt\u00e9, plac\u00e9 en d\u00e9ten\u00adtion pro\u00advi\u00adsoire puis lib\u00e9r\u00e9 sous con\u00addi\u00adtions. Depuis, la jus\u00adtice accu\u00admule les \u00e9l\u00e9\u00adments con\u00adtra\u00addic\u00adtoires \u2013 mais aucune cer\u00adti\u00adtude absolue n\u2019a encore \u00e9t\u00e9 apport\u00e9e.<\/p>\n\n\n\n<p><strong>Les \u00e9mo\u00adtions d\u2019une France cap\u00adtiv\u00e9e<\/strong><\/p>\n\n\n\n<p>Pourquoi cette affaire boule\u00adverse-t-elle autant ? Parce qu\u2019elle incar\u00adne \u00e0 la fois un polar trag\u00adique et un&nbsp;<strong>drame humain uni\u00adversel<\/strong>. Des cou\u00adples bris\u00e9s, des familles \u00e9plor\u00e9es, des enfants sans r\u00e9pons\u00ades : tous les ingr\u00e9\u00addi\u00adents d\u2019un r\u00e9c\u00adit qui d\u00e9passe le sim\u00adple cas indi\u00advidu\u00adel pour inter\u00adroger notre soci\u00e9t\u00e9 sur la&nbsp;<strong>vio\u00adlence con\u00adju\u00adgale, l\u2019amour bless\u00e9 et les pas\u00adsions destruc\u00adtri\u00adces<\/strong>.<\/p>\n\n\n\n<figure class=\"wp-block-image size-full\"><img loading=\"lazy\" decoding=\"async\" width=\"885\" height=\"500\" src=\"https:\/\/bobea.net\/wp-content\/uploads\/2025\/08\/image-14.jpg\" alt class=\"wp-image-23651\" srcset=\"https:\/\/bobea.net\/wp-content\/uploads\/2025\/08\/image-14.jpg 885w, https:\/\/bobea.net\/wp-content\/uploads\/2025\/08\/image-14-300x169.jpg 300w, https:\/\/bobea.net\/wp-content\/uploads\/2025\/08\/image-14-768x434.jpg 768w\" sizes=\"(max-width: 885px) 100vw, 885px\"><figcaption class=\"wp-element-caption\">DDM- MARIE PIERRE VOLLE  \n5 MOIS APRES SA DISPARITION LES AMIS DE DELPHINE JUBILLAR ONT ORGANISE UN RASSEMBLEMENT SUIVI DE RECHERCHES  \nCEDRIC JUBILLAR SON MARI EST PRESENT<\/figcaption><\/figure>\n\n\n\n<p><strong>2025 : la jus\u00adtice acc\u00e9l\u00e8re la cadence<\/strong><\/p>\n\n\n\n<p>Ces derni\u00e8res semaines, de nou\u00advelles exper\u00adtis\u00ades ont \u00e9t\u00e9 d\u00e9pos\u00e9es. Les avo\u00adcats deman\u00addent un proc\u00e8s au plus vite. Les enqu\u00ea\u00adteurs esp\u00e8rent, eux, que de nou\u00adveaux t\u00e9moignages per\u00adme\u00adt\u00adtront enfin de don\u00adner des r\u00e9pons\u00ades d\u00e9fini\u00adtives. La pres\u00adsion de l\u2019opinion publique reste intense : il y a une&nbsp;<strong>soif de v\u00e9rit\u00e9 et de cl\u00f4\u00adture<\/strong>.<\/p>\n\n\n\n<p><strong>Les enseigne\u00adments d\u2019un mys\u00adt\u00e8re mod\u00aderne<\/strong><\/p>\n\n\n\n<p>Au-del\u00e0 de l\u2019affaire Jubil\u00adlar, ce drame nous pousse \u00e0 r\u00e9fl\u00e9chir aux failles des rela\u00adtions amoureuses et \u00e0 cette fron\u00adti\u00e8re frag\u00adile entre pas\u00adsion et vio\u00adlence. Der\u00adri\u00e8re les faits divers, il y a des&nbsp;<strong>prob\u00adl\u00e9\u00adma\u00adtiques r\u00e9cur\u00adrentes<\/strong>&nbsp;: la jalousie, la pos\u00adses\u00adsiv\u00adit\u00e9, le con\u00adtr\u00f4le, autant de th\u00e9\u00adma\u00adtiques qui touchent pro\u00adfond\u00e9\u00adment les femmes.<\/p>\n\n\n\n<p><strong>Con\u00adclu\u00adsion : vers une v\u00e9rit\u00e9 d\u00e9fini\u00adtive ?<\/strong><\/p>\n\n\n\n<p>L\u2019affaire Jubil\u00adlar reste le miroir d\u2019une \u00e9poque et de ses fragilit\u00e9s. Les lec\u00adtri\u00adces de Bobea.net com\u00adpren\u00adnent que ce suivi d\u00e9passe la curiosit\u00e9 judi\u00adci\u00adaire : il s\u2019agit d\u2019une&nbsp;<strong>qu\u00eate uni\u00adverselle pour la v\u00e9rit\u00e9, la jus\u00adtice et la m\u00e9moire de Del\u00adphine<\/strong>.<\/p>\n","protected":false},"excerpt":{"rendered":"<p>Intro\u00adduc\u00adtion : un dossier qui pas\u00adsionne la France depuis 2020 Depuis la dis\u00adpari\u00adtion de Del\u00adphine Jubil\u00adlar, l\u2019affaire est dev\u00adenue l\u2019un des plus grands feuil\u00adletons judi\u00adci\u00adaires fran\u00e7ais de la derni\u00e8re d\u00e9cen\u00adnie.\u2026 <\/p>\n","protected":false},"author":1,"featured_media":23650,"comment_status":"open","ping_status":"closed","sticky":false,"template":"","format":"standard","meta":{"wp_typography_post_enhancements_disabled":false,"footnotes":""},"categories":[73],"tags":[17762,17763,17765,17764],"class_list":["post-23649","post","type-post","status-publish","format-standard","has-post-thumbnail","hentry","category-on-en-parle","tag-affaire-jubillar","tag-disparition","tag-mystere-criminel","tag-verite-judiciaire"],"yoast_head":"<!-- This site is optimized with the Yoast SEO plugin v24.7 - https:\/\/yoast.com\/wordpress\/plugins\/seo\/ -->\n<title>Affaire C\u00e9dric Jubillar \u2013 vers la fin d\u2019un drame judiciaire hors norme ? - Bobea<\/title>\n<meta name=\"description\" content=\"Depuis la disparition de Delphine Jubillar, l\u2019affaire est devenue l\u2019un des plus grands feuilletons judiciaires fran\u00e7ais de la derni\u00e8re\" \/>\n<meta name=\"robots\" content=\"index, follow, max-snippet:-1, max-image-preview:large, max-video-preview:-1\" \/>\n<link rel=\"canonical\" href=\"https:\/\/bobea.net\/index.php\/2025\/08\/22\/affaire-cedric-jubillar-vers-la-fin-dun-drame-judiciaire-hors-norme\/\" \/>\n<meta property=\"og:locale\" content=\"fr_FR\" \/>\n<meta property=\"og:type\" content=\"article\" \/>\n<meta property=\"og:title\" content=\"Affaire C\u00e9dric Jubillar \u2013 vers la fin d\u2019un drame judiciaire hors norme ? - Bobea\" \/>\n<meta property=\"og:description\" content=\"Depuis la disparition de Delphine Jubillar, l\u2019affaire est devenue l\u2019un des plus grands feuilletons judiciaires fran\u00e7ais de la derni\u00e8re\" \/>\n<meta property=\"og:url\" content=\"https:\/\/bobea.net\/index.php\/2025\/08\/22\/affaire-cedric-jubillar-vers-la-fin-dun-drame-judiciaire-hors-norme\/\" \/>\n<meta property=\"og:site_name\" content=\"Bobea\" \/>\n<meta property=\"article:publisher\" content=\"https:\/\/web.facebook.com\/profile.php?id=61559252188416\" \/>\n<meta property=\"article:published_time\" content=\"2025-08-22T21:21:47+00:00\" \/>\n<meta property=\"article:modified_time\" content=\"2025-08-22T21:21:49+00:00\" \/>\n<meta property=\"og:image\" content=\"https:\/\/bobea.net\/wp-content\/uploads\/2025\/08\/image-13.jpg\" \/>\n\t<meta property=\"og:image:width\" content=\"885\" \/>\n\t<meta property=\"og:image:height\" content=\"500\" \/>\n\t<meta property=\"og:image:type\" content=\"image\/jpeg\" \/>\n<meta name=\"author\" content=\"bobea.info\" \/>\n<meta name=\"twitter:card\" content=\"summary_large_image\" \/>\n<meta name=\"twitter:label1\" content=\"\u00c9crit par\" \/>\n\t<meta name=\"twitter:data1\" content=\"bobea.info\" \/>\n\t<meta name=\"twitter:label2\" content=\"Dur\u00e9e de lecture estim\u00e9e\" \/>\n\t<meta name=\"twitter:data2\" content=\"3 minutes\" \/>\n<script type=\"application\/ld+json\" class=\"yoast-schema-graph\">{\"@context\":\"https:\/\/schema.org\",\"@graph\":[{\"@type\":\"Article\",\"@id\":\"https:\/\/bobea.net\/index.php\/2025\/08\/22\/affaire-cedric-jubillar-vers-la-fin-dun-drame-judiciaire-hors-norme\/#article\",\"isPartOf\":{\"@id\":\"https:\/\/bobea.net\/index.php\/2025\/08\/22\/affaire-cedric-jubillar-vers-la-fin-dun-drame-judiciaire-hors-norme\/\"},\"author\":{\"name\":\"bobea.info\",\"@id\":\"https:\/\/bobea.net\/#\/schema\/person\/e7f45ef187918d7c956bf619dce90ccf\"},\"headline\":\"Affaire C\u00e9dric Jubillar \u2013 vers la fin d\u2019un drame judiciaire hors norme ?\",\"datePublished\":\"2025-08-22T21:21:47+00:00\",\"dateModified\":\"2025-08-22T21:21:49+00:00\",\"mainEntityOfPage\":{\"@id\":\"https:\/\/bobea.net\/index.php\/2025\/08\/22\/affaire-cedric-jubillar-vers-la-fin-dun-drame-judiciaire-hors-norme\/\"},\"wordCount\":444,\"commentCount\":0,\"publisher\":{\"@id\":\"https:\/\/bobea.net\/#organization\"},\"image\":{\"@id\":\"https:\/\/bobea.net\/index.php\/2025\/08\/22\/affaire-cedric-jubillar-vers-la-fin-dun-drame-judiciaire-hors-norme\/#primaryimage\"},\"thumbnailUrl\":\"https:\/\/bobea.net\/wp-content\/uploads\/2025\/08\/image-13.jpg\",\"keywords\":[\"Affaire Jubillar\",\"disparition\",\"myst\u00e8re criminel\",\"v\u00e9rit\u00e9 judiciaire\"],\"articleSection\":[\"On en Parle\"],\"inLanguage\":\"fr-FR\",\"potentialAction\":[{\"@type\":\"CommentAction\",\"name\":\"Comment\",\"target\":[\"https:\/\/bobea.net\/index.php\/2025\/08\/22\/affaire-cedric-jubillar-vers-la-fin-dun-drame-judiciaire-hors-norme\/#respond\"]}]},{\"@type\":\"WebPage\",\"@id\":\"https:\/\/bobea.net\/index.php\/2025\/08\/22\/affaire-cedric-jubillar-vers-la-fin-dun-drame-judiciaire-hors-norme\/\",\"url\":\"https:\/\/bobea.net\/index.php\/2025\/08\/22\/affaire-cedric-jubillar-vers-la-fin-dun-drame-judiciaire-hors-norme\/\",\"name\":\"Affaire C\u00e9dric Jubillar \u2013 vers la fin d\u2019un drame judiciaire hors norme ? - Bobea\",\"isPartOf\":{\"@id\":\"https:\/\/bobea.net\/#website\"},\"primaryImageOfPage\":{\"@id\":\"https:\/\/bobea.net\/index.php\/2025\/08\/22\/affaire-cedric-jubillar-vers-la-fin-dun-drame-judiciaire-hors-norme\/#primaryimage\"},\"image\":{\"@id\":\"https:\/\/bobea.net\/index.php\/2025\/08\/22\/affaire-cedric-jubillar-vers-la-fin-dun-drame-judiciaire-hors-norme\/#primaryimage\"},\"thumbnailUrl\":\"https:\/\/bobea.net\/wp-content\/uploads\/2025\/08\/image-13.jpg\",\"datePublished\":\"2025-08-22T21:21:47+00:00\",\"dateModified\":\"2025-08-22T21:21:49+00:00\",\"description\":\"Depuis la disparition de Delphine Jubillar, l\u2019affaire est devenue l\u2019un des plus grands feuilletons judiciaires fran\u00e7ais de la derni\u00e8re\",\"breadcrumb\":{\"@id\":\"https:\/\/bobea.net\/index.php\/2025\/08\/22\/affaire-cedric-jubillar-vers-la-fin-dun-drame-judiciaire-hors-norme\/#breadcrumb\"},\"inLanguage\":\"fr-FR\",\"potentialAction\":[{\"@type\":\"ReadAction\",\"target\":[\"https:\/\/bobea.net\/index.php\/2025\/08\/22\/affaire-cedric-jubillar-vers-la-fin-dun-drame-judiciaire-hors-norme\/\"]}]},{\"@type\":\"ImageObject\",\"inLanguage\":\"fr-FR\",\"@id\":\"https:\/\/bobea.net\/index.php\/2025\/08\/22\/affaire-cedric-jubillar-vers-la-fin-dun-drame-judiciaire-hors-norme\/#primaryimage\",\"url\":\"https:\/\/bobea.net\/wp-content\/uploads\/2025\/08\/image-13.jpg\",\"contentUrl\":\"https:\/\/bobea.net\/wp-content\/uploads\/2025\/08\/image-13.jpg\",\"width\":885,\"height\":500},{\"@type\":\"BreadcrumbList\",\"@id\":\"https:\/\/bobea.net\/index.php\/2025\/08\/22\/affaire-cedric-jubillar-vers-la-fin-dun-drame-judiciaire-hors-norme\/#breadcrumb\",\"itemListElement\":[{\"@type\":\"ListItem\",\"position\":1,\"name\":\"Accueil\",\"item\":\"https:\/\/bobea.net\/\"},{\"@type\":\"ListItem\",\"position\":2,\"name\":\"Affaire C\u00e9dric Jubillar \u2013 vers la fin d\u2019un drame judiciaire hors norme ?\"}]},{\"@type\":\"WebSite\",\"@id\":\"https:\/\/bobea.net\/#website\",\"url\":\"https:\/\/bobea.net\/\",\"name\":\"Bobea\",\"description\":\"Le magazine de la nouvelle \u00c8ve\",\"publisher\":{\"@id\":\"https:\/\/bobea.net\/#organization\"},\"potentialAction\":[{\"@type\":\"SearchAction\",\"target\":{\"@type\":\"EntryPoint\",\"urlTemplate\":\"https:\/\/bobea.net\/?s={search_term_string}\"},\"query-input\":{\"@type\":\"PropertyValueSpecification\",\"valueRequired\":true,\"valueName\":\"search_term_string\"}}],\"inLanguage\":\"fr-FR\"},{\"@type\":\"Organization\",\"@id\":\"https:\/\/bobea.net\/#organization\",\"name\":\"Bobea\",\"url\":\"https:\/\/bobea.net\/\",\"logo\":{\"@type\":\"ImageObject\",\"inLanguage\":\"fr-FR\",\"@id\":\"https:\/\/bobea.net\/#\/schema\/logo\/image\/\",\"url\":\"https:\/\/bobea.net\/wp-content\/uploads\/2024\/06\/bobea.jpg\",\"contentUrl\":\"https:\/\/bobea.net\/wp-content\/uploads\/2024\/06\/bobea.jpg\",\"width\":1080,\"height\":1080,\"caption\":\"Bobea\"},\"image\":{\"@id\":\"https:\/\/bobea.net\/#\/schema\/logo\/image\/\"},\"sameAs\":[\"https:\/\/web.facebook.com\/profile.php?id=61559252188416\"]},{\"@type\":\"Person\",\"@id\":\"https:\/\/bobea.net\/#\/schema\/person\/e7f45ef187918d7c956bf619dce90ccf\",\"name\":\"bobea.info\",\"image\":{\"@type\":\"ImageObject\",\"inLanguage\":\"fr-FR\",\"@id\":\"https:\/\/bobea.net\/#\/schema\/person\/image\/\",\"url\":\"https:\/\/secure.gravatar.com\/avatar\/36147980349df887ae30808df3e29474?s=96&d=mm&r=g\",\"contentUrl\":\"https:\/\/secure.gravatar.com\/avatar\/36147980349df887ae30808df3e29474?s=96&d=mm&r=g\",\"caption\":\"bobea.info\"},\"sameAs\":[\"https:\/\/bobea.net\"],\"url\":\"https:\/\/bobea.net\/index.php\/author\/bobea-info\/\"}]}<\/script>\n<!-- \/ Yoast SEO plugin. -->","yoast_head_json":{"title":"Affaire C\u00e9dric Jubillar \u2013 vers la fin d\u2019un drame judiciaire hors norme ? - Bobea","description":"Depuis la disparition de Delphine Jubillar, l\u2019affaire est devenue l\u2019un des plus grands feuilletons judiciaires fran\u00e7ais de la derni\u00e8re","robots":{"index":"index","follow":"follow","max-snippet":"max-snippet:-1","max-image-preview":"max-image-preview:large","max-video-preview":"max-video-preview:-1"},"canonical":"https:\/\/bobea.net\/index.php\/2025\/08\/22\/affaire-cedric-jubillar-vers-la-fin-dun-drame-judiciaire-hors-norme\/","og_locale":"fr_FR","og_type":"article","og_title":"Affaire C\u00e9dric Jubillar \u2013 vers la fin d\u2019un drame judiciaire hors norme ? - Bobea","og_description":"Depuis la disparition de Delphine Jubillar, l\u2019affaire est devenue l\u2019un des plus grands feuilletons judiciaires fran\u00e7ais de la derni\u00e8re","og_url":"https:\/\/bobea.net\/index.php\/2025\/08\/22\/affaire-cedric-jubillar-vers-la-fin-dun-drame-judiciaire-hors-norme\/","og_site_name":"Bobea","article_publisher":"https:\/\/web.facebook.com\/profile.php?id=61559252188416","article_published_time":"2025-08-22T21:21:47+00:00","article_modified_time":"2025-08-22T21:21:49+00:00","og_image":[{"width":885,"height":500,"url":"https:\/\/bobea.net\/wp-content\/uploads\/2025\/08\/image-13.jpg","type":"image\/jpeg"}],"author":"bobea.info","twitter_card":"summary_large_image","twitter_misc":{"\u00c9crit par":"bobea.info","Dur\u00e9e de lecture estim\u00e9e":"3 minutes"},"schema":{"@context":"https:\/\/schema.org","@graph":[{"@type":"Article","@id":"https:\/\/bobea.net\/index.php\/2025\/08\/22\/affaire-cedric-jubillar-vers-la-fin-dun-drame-judiciaire-hors-norme\/#article","isPartOf":{"@id":"https:\/\/bobea.net\/index.php\/2025\/08\/22\/affaire-cedric-jubillar-vers-la-fin-dun-drame-judiciaire-hors-norme\/"},"author":{"name":"bobea.info","@id":"https:\/\/bobea.net\/#\/schema\/person\/e7f45ef187918d7c956bf619dce90ccf"},"headline":"Affaire C\u00e9dric Jubillar \u2013 vers la fin d\u2019un drame judiciaire hors norme ?","datePublished":"2025-08-22T21:21:47+00:00","dateModified":"2025-08-22T21:21:49+00:00","mainEntityOfPage":{"@id":"https:\/\/bobea.net\/index.php\/2025\/08\/22\/affaire-cedric-jubillar-vers-la-fin-dun-drame-judiciaire-hors-norme\/"},"wordCount":444,"commentCount":0,"publisher":{"@id":"https:\/\/bobea.net\/#organization"},"image":{"@id":"https:\/\/bobea.net\/index.php\/2025\/08\/22\/affaire-cedric-jubillar-vers-la-fin-dun-drame-judiciaire-hors-norme\/#primaryimage"},"thumbnailUrl":"https:\/\/bobea.net\/wp-content\/uploads\/2025\/08\/image-13.jpg","keywords":["Affaire Jubillar","disparition","myst\u00e8re criminel","v\u00e9rit\u00e9 judiciaire"],"articleSection":["On en Parle"],"inLanguage":"fr-FR","potentialAction":[{"@type":"CommentAction","name":"Comment","target":["https:\/\/bobea.net\/index.php\/2025\/08\/22\/affaire-cedric-jubillar-vers-la-fin-dun-drame-judiciaire-hors-norme\/#respond"]}]},{"@type":"WebPage","@id":"https:\/\/bobea.net\/index.php\/2025\/08\/22\/affaire-cedric-jubillar-vers-la-fin-dun-drame-judiciaire-hors-norme\/","url":"https:\/\/bobea.net\/index.php\/2025\/08\/22\/affaire-cedric-jubillar-vers-la-fin-dun-drame-judiciaire-hors-norme\/","name":"Affaire C\u00e9dric Jubillar \u2013 vers la fin d\u2019un drame judiciaire hors norme ? - Bobea","isPartOf":{"@id":"https:\/\/bobea.net\/#website"},"primaryImageOfPage":{"@id":"https:\/\/bobea.net\/index.php\/2025\/08\/22\/affaire-cedric-jubillar-vers-la-fin-dun-drame-judiciaire-hors-norme\/#primaryimage"},"image":{"@id":"https:\/\/bobea.net\/index.php\/2025\/08\/22\/affaire-cedric-jubillar-vers-la-fin-dun-drame-judiciaire-hors-norme\/#primaryimage"},"thumbnailUrl":"https:\/\/bobea.net\/wp-content\/uploads\/2025\/08\/image-13.jpg","datePublished":"2025-08-22T21:21:47+00:00","dateModified":"2025-08-22T21:21:49+00:00","description":"Depuis la disparition de Delphine Jubillar, l\u2019affaire est devenue l\u2019un des plus grands feuilletons judiciaires fran\u00e7ais de la derni\u00e8re","breadcrumb":{"@id":"https:\/\/bobea.net\/index.php\/2025\/08\/22\/affaire-cedric-jubillar-vers-la-fin-dun-drame-judiciaire-hors-norme\/#breadcrumb"},"inLanguage":"fr-FR","potentialAction":[{"@type":"ReadAction","target":["https:\/\/bobea.net\/index.php\/2025\/08\/22\/affaire-cedric-jubillar-vers-la-fin-dun-drame-judiciaire-hors-norme\/"]}]},{"@type":"ImageObject","inLanguage":"fr-FR","@id":"https:\/\/bobea.net\/index.php\/2025\/08\/22\/affaire-cedric-jubillar-vers-la-fin-dun-drame-judiciaire-hors-norme\/#primaryimage","url":"https:\/\/bobea.net\/wp-content\/uploads\/2025\/08\/image-13.jpg","contentUrl":"https:\/\/bobea.net\/wp-content\/uploads\/2025\/08\/image-13.jpg","width":885,"height":500},{"@type":"BreadcrumbList","@id":"https:\/\/bobea.net\/index.php\/2025\/08\/22\/affaire-cedric-jubillar-vers-la-fin-dun-drame-judiciaire-hors-norme\/#breadcrumb","itemListElement":[{"@type":"ListItem","position":1,"name":"Accueil","item":"https:\/\/bobea.net\/"},{"@type":"ListItem","position":2,"name":"Affaire C\u00e9dric Jubillar \u2013 vers la fin d\u2019un drame judiciaire hors norme ?"}]},{"@type":"WebSite","@id":"https:\/\/bobea.net\/#website","url":"https:\/\/bobea.net\/","name":"Bobea","description":"Le magazine de la nouvelle \u00c8ve","publisher":{"@id":"https:\/\/bobea.net\/#organization"},"potentialAction":[{"@type":"SearchAction","target":{"@type":"EntryPoint","urlTemplate":"https:\/\/bobea.net\/?s={search_term_string}"},"query-input":{"@type":"PropertyValueSpecification","valueRequired":true,"valueName":"search_term_string"}}],"inLanguage":"fr-FR"},{"@type":"Organization","@id":"https:\/\/bobea.net\/#organization","name":"Bobea","url":"https:\/\/bobea.net\/","logo":{"@type":"ImageObject","inLanguage":"fr-FR","@id":"https:\/\/bobea.net\/#\/schema\/logo\/image\/","url":"https:\/\/bobea.net\/wp-content\/uploads\/2024\/06\/bobea.jpg","contentUrl":"https:\/\/bobea.net\/wp-content\/uploads\/2024\/06\/bobea.jpg","width":1080,"height":1080,"caption":"Bobea"},"image":{"@id":"https:\/\/bobea.net\/#\/schema\/logo\/image\/"},"sameAs":["https:\/\/web.facebook.com\/profile.php?id=61559252188416"]},{"@type":"Person","@id":"https:\/\/bobea.net\/#\/schema\/person\/e7f45ef187918d7c956bf619dce90ccf","name":"bobea.info","image":{"@type":"ImageObject","inLanguage":"fr-FR","@id":"https:\/\/bobea.net\/#\/schema\/person\/image\/","url":"https:\/\/secure.gravatar.com\/avatar\/36147980349df887ae30808df3e29474?s=96&d=mm&r=g","contentUrl":"https:\/\/secure.gravatar.com\/avatar\/36147980349df887ae30808df3e29474?s=96&d=mm&r=g","caption":"bobea.info"},"sameAs":["https:\/\/bobea.net"],"url":"https:\/\/bobea.net\/index.php\/author\/bobea-info\/"}]}},"_links":{"self":[{"href":"https:\/\/bobea.net\/index.php\/wp-json\/wp\/v2\/posts\/23649"}],"collection":[{"href":"https:\/\/bobea.net\/index.php\/wp-json\/wp\/v2\/posts"}],"about":[{"href":"https:\/\/bobea.net\/index.php\/wp-json\/wp\/v2\/types\/post"}],"author":[{"embeddable":true,"href":"https:\/\/bobea.net\/index.php\/wp-json\/wp\/v2\/users\/1"}],"replies":[{"embeddable":true,"href":"https:\/\/bobea.net\/index.php\/wp-json\/wp\/v2\/comments?post=23649"}],"version-history":[{"count":1,"href":"https:\/\/bobea.net\/index.php\/wp-json\/wp\/v2\/posts\/23649\/revisions"}],"predecessor-version":[{"id":23652,"href":"https:\/\/bobea.net\/index.php\/wp-json\/wp\/v2\/posts\/23649\/revisions\/23652"}],"wp:featuredmedia":[{"embeddable":true,"href":"https:\/\/bobea.net\/index.php\/wp-json\/wp\/v2\/media\/23650"}],"wp:attachment":[{"href":"https:\/\/bobea.net\/index.php\/wp-json\/wp\/v2\/media?parent=23649"}],"wp:term":[{"taxonomy":"category","embeddable":true,"href":"https:\/\/bobea.net\/index.php\/wp-json\/wp\/v2\/categories?post=23649"},{"taxonomy":"post_tag","embeddable":true,"href":"https:\/\/bobea.net\/index.php\/wp-json\/wp\/v2\/tags?post=23649"}],"curies":[{"name":"wp","href":"https:\/\/api.w.org\/{rel}","templated":true}]}}