{"id":23645,"date":"2025-08-22T21:18:59","date_gmt":"2025-08-22T21:18:59","guid":{"rendered":"https:\/\/bobea.net\/?p=23645"},"modified":"2025-08-22T21:19:01","modified_gmt":"2025-08-22T21:19:01","slug":"emmanuel-et-brigitte-macron-ouvrent-un-nouveau-chapitre-leur-maison-du-bonheur-au-bord-de-la-mer","status":"publish","type":"post","link":"https:\/\/bobea.net\/index.php\/2025\/08\/22\/emmanuel-et-brigitte-macron-ouvrent-un-nouveau-chapitre-leur-maison-du-bonheur-au-bord-de-la-mer\/","title":{"rendered":"Emmanuel et Brigitte Macron ouvrent un nouveau chapitre \u2013 leur maison du bonheur au bord de la mer"},"content":{"rendered":"\n<p><strong>Intro\u00adduc\u00adtion : un cou\u00adple sous les feux, mais dis\u00adcret<\/strong><\/p>\n\n\n\n<p>Dif\u00adfi\u00adcile d\u2019\u00eatre plus observ\u00e9s qu\u2019Emmanuel et Brigitte Macron. Le pr\u00e9si\u00addent sor\u00adtant et son \u00e9pouse ont tou\u00adjours incar\u00adn\u00e9 un cou\u00adple atyp\u00adique et scrut\u00e9 de pr\u00e8s. Et pour\u00adtant, \u00e0 l\u2019heure o\u00f9 leur vie poli\u00adtique change de ton, ils choi\u00adsis\u00adsent de s\u2019installer dans une&nbsp;<strong>mai\u00adson du bon\u00adheur en bord de mer<\/strong>, retrou\u00advant une cer\u00adtaine intim\u00adit\u00e9 \u00e9loign\u00e9e des tumultes du pou\u00advoir.<\/p>\n\n\n\n<p><strong>Un nou\u00adveau foy\u00ader sym\u00adbole de s\u00e9r\u00e9nit\u00e9<\/strong><\/p>\n\n\n\n<p>La vil\u00adla choisie sym\u00adbol\u00adise un retour \u00e0 l\u2019essentiel. Vue sur mer, jardins har\u00admonieux, int\u00e9rieurs mod\u00adernes mais sobres : tout est pen\u00ads\u00e9 pour se recen\u00adtr\u00ader apr\u00e8s des ann\u00e9es de respon\u00ads\u00adabil\u00adit\u00e9s \u00e9cras\u00adantes. Ce choix racon\u00adte aus\u00adsi quelque chose d\u2019universel : le besoin de tout cou\u00adple de se&nbsp;<strong>retrou\u00adver dans un havre pais\u00adi\u00adble<\/strong>, m\u00eame apr\u00e8s des d\u00e9cen\u00adnies de tour\u00adments.<\/p>\n\n\n\n<figure class=\"wp-block-image size-large\"><img loading=\"lazy\" decoding=\"async\" width=\"1024\" height=\"538\" src=\"https:\/\/bobea.net\/wp-content\/uploads\/2025\/08\/7674188-si-emmanuel-macron-ne-possede-aucun-bien-1200x630-3-1024x538.webp\" alt class=\"wp-image-23647\" srcset=\"https:\/\/bobea.net\/wp-content\/uploads\/2025\/08\/7674188-si-emmanuel-macron-ne-possede-aucun-bien-1200x630-3-1024x538.webp 1024w, https:\/\/bobea.net\/wp-content\/uploads\/2025\/08\/7674188-si-emmanuel-macron-ne-possede-aucun-bien-1200x630-3-300x158.webp 300w, https:\/\/bobea.net\/wp-content\/uploads\/2025\/08\/7674188-si-emmanuel-macron-ne-possede-aucun-bien-1200x630-3-768x403.webp 768w, https:\/\/bobea.net\/wp-content\/uploads\/2025\/08\/7674188-si-emmanuel-macron-ne-possede-aucun-bien-1200x630-3.webp 1200w\" sizes=\"(max-width: 1024px) 100vw, 1024px\"><\/figure>\n\n\n\n<p><strong>Brigitte Macron, au c\u0153ur des m\u00e9dias mais tou\u00adjours mys\u00adt\u00e9rieuse<\/strong><\/p>\n\n\n\n<p>Femme admir\u00e9e autant que cri\u00adtiqu\u00e9e, Brigitte Macron incar\u00adne tou\u00adjours un mod\u00ad\u00e8le d\u2019<strong>\u00e9l\u00e9\u00adgance intem\u00adporelle<\/strong>. Elle con\u00adfie trou\u00adver dans cette nou\u00advelle demeure un souf\u00adfle nou\u00adveau : \u201cC\u2019est un endroit pour vivre, rire, recevoir nos proches, sim\u00adple\u00adment.\u201d Elle reste fid\u00e8le \u00e0 son image d\u2019\u00e9ducatrice, de femme de forte per\u00adson\u00adnal\u00adit\u00e9 mais attach\u00e9e aux valeurs sim\u00adples.<\/p>\n\n\n\n<p><strong>Et apr\u00e8s la pr\u00e9si\u00addence ?<\/strong><\/p>\n\n\n\n<p>Pour Emmanuel Macron, ce nou\u00adveau cadre pour\u00adrait \u00e9gale\u00adment repr\u00e9sen\u00adter une tran\u00adsi\u00adtion. Apr\u00e8s des ann\u00e9es de ten\u00adsion pr\u00e9si\u00adden\u00adtielle, il songe \u00e0 la suite : engage\u00adment europ\u00e9en, pos\u00adsi\u00adble retour \u00e0 une car\u00adri\u00e8re autre\u2026 mais cepen\u00addant enrac\u00adin\u00e9e dans un quo\u00adti\u00addi\u00aden apaisant. Cette mai\u00adson est autant un lieu qu\u2019un sym\u00adbole : celui d\u2019un cou\u00adple qui choisit de demeur\u00ader uni, loin des pol\u00e9miques.<\/p>\n\n\n\n<p><strong>Con\u00adclu\u00adsion : une le\u00e7on de vie de cou\u00adple<\/strong><\/p>\n\n\n\n<p>Ce choix immo\u00adbili\u00ader d\u00e9passe la sim\u00adple actu\u00adal\u00adit\u00e9 peo\u00adple : il envoie un mes\u00adsage de&nbsp;<strong>r\u00e9silience amoureuse et d\u2019unit\u00e9<\/strong>. Emmanuel et Brigitte Macron rap\u00adpel\u00adlent qu\u2019au-del\u00e0 des \u00e9preuves publiques, un cou\u00adple se sauve sou\u00advent dans la chaleur d\u2019un foy\u00ader.<\/p>\n","protected":false},"excerpt":{"rendered":"<p>Intro\u00adduc\u00adtion : un cou\u00adple sous les feux, mais dis\u00adcret Dif\u00adfi\u00adcile d\u2019\u00eatre plus observ\u00e9s qu\u2019Emmanuel et Brigitte Macron. Le pr\u00e9si\u00addent sor\u00adtant et son \u00e9pouse ont tou\u00adjours incar\u00adn\u00e9 un cou\u00adple atyp\u00adique et\u2026 <\/p>\n","protected":false},"author":1,"featured_media":23646,"comment_status":"open","ping_status":"closed","sticky":false,"template":"","format":"standard","meta":{"wp_typography_post_enhancements_disabled":false,"footnotes":""},"categories":[73],"tags":[],"class_list":["post-23645","post","type-post","status-publish","format-standard","has-post-thumbnail","hentry","category-on-en-parle"],"yoast_head":"<!-- This site is optimized with the Yoast SEO plugin v24.7 - https:\/\/yoast.com\/wordpress\/plugins\/seo\/ -->\n<title>Emmanuel et Brigitte Macron ouvrent un nouveau chapitre \u2013 leur maison du bonheur au bord de la mer - Bobea<\/title>\n<meta name=\"robots\" content=\"index, follow, max-snippet:-1, max-image-preview:large, max-video-preview:-1\" \/>\n<link rel=\"canonical\" href=\"https:\/\/bobea.net\/index.php\/2025\/08\/22\/emmanuel-et-brigitte-macron-ouvrent-un-nouveau-chapitre-leur-maison-du-bonheur-au-bord-de-la-mer\/\" \/>\n<meta property=\"og:locale\" content=\"fr_FR\" \/>\n<meta property=\"og:type\" content=\"article\" \/>\n<meta property=\"og:title\" content=\"Emmanuel et Brigitte Macron ouvrent un nouveau chapitre \u2013 leur maison du bonheur au bord de la mer - Bobea\" \/>\n<meta property=\"og:description\" content=\"Intro\u00adduc\u00adtion : un cou\u00adple sous les feux, mais dis\u00adcret Dif\u00adfi\u00adcile d\u2019\u00eatre plus observ\u00e9s qu\u2019Emmanuel et Brigitte Macron. Le pr\u00e9si\u00addent sor\u00adtant et son \u00e9pouse ont tou\u00adjours incar\u00adn\u00e9 un cou\u00adple atyp\u00adique et&hellip;\" \/>\n<meta property=\"og:url\" content=\"https:\/\/bobea.net\/index.php\/2025\/08\/22\/emmanuel-et-brigitte-macron-ouvrent-un-nouveau-chapitre-leur-maison-du-bonheur-au-bord-de-la-mer\/\" \/>\n<meta property=\"og:site_name\" content=\"Bobea\" \/>\n<meta property=\"article:publisher\" content=\"https:\/\/web.facebook.com\/profile.php?id=61559252188416\" \/>\n<meta property=\"article:published_time\" content=\"2025-08-22T21:18:59+00:00\" \/>\n<meta property=\"article:modified_time\" content=\"2025-08-22T21:19:01+00:00\" \/>\n<meta property=\"og:image\" content=\"https:\/\/bobea.net\/wp-content\/uploads\/2025\/08\/Emmanuel-et-Brigitte-Macron-lancent-les-Journees-du-Patrimoine-dans-l-atelier-de-Rosa-Bonheur.jpg\" \/>\n\t<meta property=\"og:image:width\" content=\"960\" \/>\n\t<meta property=\"og:image:height\" content=\"640\" \/>\n\t<meta property=\"og:image:type\" content=\"image\/jpeg\" \/>\n<meta name=\"author\" content=\"bobea.info\" \/>\n<meta name=\"twitter:card\" content=\"summary_large_image\" \/>\n<meta name=\"twitter:label1\" content=\"\u00c9crit par\" \/>\n\t<meta name=\"twitter:data1\" content=\"bobea.info\" \/>\n\t<meta name=\"twitter:label2\" content=\"Dur\u00e9e de lecture estim\u00e9e\" \/>\n\t<meta name=\"twitter:data2\" content=\"2 minutes\" \/>\n<script type=\"application\/ld+json\" class=\"yoast-schema-graph\">{\"@context\":\"https:\/\/schema.org\",\"@graph\":[{\"@type\":\"Article\",\"@id\":\"https:\/\/bobea.net\/index.php\/2025\/08\/22\/emmanuel-et-brigitte-macron-ouvrent-un-nouveau-chapitre-leur-maison-du-bonheur-au-bord-de-la-mer\/#article\",\"isPartOf\":{\"@id\":\"https:\/\/bobea.net\/index.php\/2025\/08\/22\/emmanuel-et-brigitte-macron-ouvrent-un-nouveau-chapitre-leur-maison-du-bonheur-au-bord-de-la-mer\/\"},\"author\":{\"name\":\"bobea.info\",\"@id\":\"https:\/\/bobea.net\/#\/schema\/person\/e7f45ef187918d7c956bf619dce90ccf\"},\"headline\":\"Emmanuel et Brigitte Macron ouvrent un nouveau chapitre \u2013 leur maison du bonheur au bord de la mer\",\"datePublished\":\"2025-08-22T21:18:59+00:00\",\"dateModified\":\"2025-08-22T21:19:01+00:00\",\"mainEntityOfPage\":{\"@id\":\"https:\/\/bobea.net\/index.php\/2025\/08\/22\/emmanuel-et-brigitte-macron-ouvrent-un-nouveau-chapitre-leur-maison-du-bonheur-au-bord-de-la-mer\/\"},\"wordCount\":351,\"commentCount\":0,\"publisher\":{\"@id\":\"https:\/\/bobea.net\/#organization\"},\"image\":{\"@id\":\"https:\/\/bobea.net\/index.php\/2025\/08\/22\/emmanuel-et-brigitte-macron-ouvrent-un-nouveau-chapitre-leur-maison-du-bonheur-au-bord-de-la-mer\/#primaryimage\"},\"thumbnailUrl\":\"https:\/\/bobea.net\/wp-content\/uploads\/2025\/08\/Emmanuel-et-Brigitte-Macron-lancent-les-Journees-du-Patrimoine-dans-l-atelier-de-Rosa-Bonheur.jpg\",\"articleSection\":[\"On en Parle\"],\"inLanguage\":\"fr-FR\",\"potentialAction\":[{\"@type\":\"CommentAction\",\"name\":\"Comment\",\"target\":[\"https:\/\/bobea.net\/index.php\/2025\/08\/22\/emmanuel-et-brigitte-macron-ouvrent-un-nouveau-chapitre-leur-maison-du-bonheur-au-bord-de-la-mer\/#respond\"]}]},{\"@type\":\"WebPage\",\"@id\":\"https:\/\/bobea.net\/index.php\/2025\/08\/22\/emmanuel-et-brigitte-macron-ouvrent-un-nouveau-chapitre-leur-maison-du-bonheur-au-bord-de-la-mer\/\",\"url\":\"https:\/\/bobea.net\/index.php\/2025\/08\/22\/emmanuel-et-brigitte-macron-ouvrent-un-nouveau-chapitre-leur-maison-du-bonheur-au-bord-de-la-mer\/\",\"name\":\"Emmanuel et Brigitte Macron ouvrent un nouveau chapitre \u2013 leur maison du bonheur au bord de la mer - Bobea\",\"isPartOf\":{\"@id\":\"https:\/\/bobea.net\/#website\"},\"primaryImageOfPage\":{\"@id\":\"https:\/\/bobea.net\/index.php\/2025\/08\/22\/emmanuel-et-brigitte-macron-ouvrent-un-nouveau-chapitre-leur-maison-du-bonheur-au-bord-de-la-mer\/#primaryimage\"},\"image\":{\"@id\":\"https:\/\/bobea.net\/index.php\/2025\/08\/22\/emmanuel-et-brigitte-macron-ouvrent-un-nouveau-chapitre-leur-maison-du-bonheur-au-bord-de-la-mer\/#primaryimage\"},\"thumbnailUrl\":\"https:\/\/bobea.net\/wp-content\/uploads\/2025\/08\/Emmanuel-et-Brigitte-Macron-lancent-les-Journees-du-Patrimoine-dans-l-atelier-de-Rosa-Bonheur.jpg\",\"datePublished\":\"2025-08-22T21:18:59+00:00\",\"dateModified\":\"2025-08-22T21:19:01+00:00\",\"breadcrumb\":{\"@id\":\"https:\/\/bobea.net\/index.php\/2025\/08\/22\/emmanuel-et-brigitte-macron-ouvrent-un-nouveau-chapitre-leur-maison-du-bonheur-au-bord-de-la-mer\/#breadcrumb\"},\"inLanguage\":\"fr-FR\",\"potentialAction\":[{\"@type\":\"ReadAction\",\"target\":[\"https:\/\/bobea.net\/index.php\/2025\/08\/22\/emmanuel-et-brigitte-macron-ouvrent-un-nouveau-chapitre-leur-maison-du-bonheur-au-bord-de-la-mer\/\"]}]},{\"@type\":\"ImageObject\",\"inLanguage\":\"fr-FR\",\"@id\":\"https:\/\/bobea.net\/index.php\/2025\/08\/22\/emmanuel-et-brigitte-macron-ouvrent-un-nouveau-chapitre-leur-maison-du-bonheur-au-bord-de-la-mer\/#primaryimage\",\"url\":\"https:\/\/bobea.net\/wp-content\/uploads\/2025\/08\/Emmanuel-et-Brigitte-Macron-lancent-les-Journees-du-Patrimoine-dans-l-atelier-de-Rosa-Bonheur.jpg\",\"contentUrl\":\"https:\/\/bobea.net\/wp-content\/uploads\/2025\/08\/Emmanuel-et-Brigitte-Macron-lancent-les-Journees-du-Patrimoine-dans-l-atelier-de-Rosa-Bonheur.jpg\",\"width\":960,\"height\":640,\"caption\":\"Emmanuel et Brigitte Macron ouvrent un nouveau chapitre \u2013 leur maison du bonheur au bord de la mer\"},{\"@type\":\"BreadcrumbList\",\"@id\":\"https:\/\/bobea.net\/index.php\/2025\/08\/22\/emmanuel-et-brigitte-macron-ouvrent-un-nouveau-chapitre-leur-maison-du-bonheur-au-bord-de-la-mer\/#breadcrumb\",\"itemListElement\":[{\"@type\":\"ListItem\",\"position\":1,\"name\":\"Accueil\",\"item\":\"https:\/\/bobea.net\/\"},{\"@type\":\"ListItem\",\"position\":2,\"name\":\"Emmanuel et Brigitte Macron ouvrent un nouveau chapitre \u2013 leur maison du bonheur au bord de la mer\"}]},{\"@type\":\"WebSite\",\"@id\":\"https:\/\/bobea.net\/#website\",\"url\":\"https:\/\/bobea.net\/\",\"name\":\"Bobea\",\"description\":\"Le magazine de la nouvelle \u00c8ve\",\"publisher\":{\"@id\":\"https:\/\/bobea.net\/#organization\"},\"potentialAction\":[{\"@type\":\"SearchAction\",\"target\":{\"@type\":\"EntryPoint\",\"urlTemplate\":\"https:\/\/bobea.net\/?s={search_term_string}\"},\"query-input\":{\"@type\":\"PropertyValueSpecification\",\"valueRequired\":true,\"valueName\":\"search_term_string\"}}],\"inLanguage\":\"fr-FR\"},{\"@type\":\"Organization\",\"@id\":\"https:\/\/bobea.net\/#organization\",\"name\":\"Bobea\",\"url\":\"https:\/\/bobea.net\/\",\"logo\":{\"@type\":\"ImageObject\",\"inLanguage\":\"fr-FR\",\"@id\":\"https:\/\/bobea.net\/#\/schema\/logo\/image\/\",\"url\":\"https:\/\/bobea.net\/wp-content\/uploads\/2024\/06\/bobea.jpg\",\"contentUrl\":\"https:\/\/bobea.net\/wp-content\/uploads\/2024\/06\/bobea.jpg\",\"width\":1080,\"height\":1080,\"caption\":\"Bobea\"},\"image\":{\"@id\":\"https:\/\/bobea.net\/#\/schema\/logo\/image\/\"},\"sameAs\":[\"https:\/\/web.facebook.com\/profile.php?id=61559252188416\"]},{\"@type\":\"Person\",\"@id\":\"https:\/\/bobea.net\/#\/schema\/person\/e7f45ef187918d7c956bf619dce90ccf\",\"name\":\"bobea.info\",\"image\":{\"@type\":\"ImageObject\",\"inLanguage\":\"fr-FR\",\"@id\":\"https:\/\/bobea.net\/#\/schema\/person\/image\/\",\"url\":\"https:\/\/secure.gravatar.com\/avatar\/36147980349df887ae30808df3e29474?s=96&d=mm&r=g\",\"contentUrl\":\"https:\/\/secure.gravatar.com\/avatar\/36147980349df887ae30808df3e29474?s=96&d=mm&r=g\",\"caption\":\"bobea.info\"},\"sameAs\":[\"https:\/\/bobea.net\"],\"url\":\"https:\/\/bobea.net\/index.php\/author\/bobea-info\/\"}]}<\/script>\n<!-- \/ Yoast SEO plugin. -->","yoast_head_json":{"title":"Emmanuel et Brigitte Macron ouvrent un nouveau chapitre \u2013 leur maison du bonheur au bord de la mer - Bobea","robots":{"index":"index","follow":"follow","max-snippet":"max-snippet:-1","max-image-preview":"max-image-preview:large","max-video-preview":"max-video-preview:-1"},"canonical":"https:\/\/bobea.net\/index.php\/2025\/08\/22\/emmanuel-et-brigitte-macron-ouvrent-un-nouveau-chapitre-leur-maison-du-bonheur-au-bord-de-la-mer\/","og_locale":"fr_FR","og_type":"article","og_title":"Emmanuel et Brigitte Macron ouvrent un nouveau chapitre \u2013 leur maison du bonheur au bord de la mer - Bobea","og_description":"Intro\u00adduc\u00adtion : un cou\u00adple sous les feux, mais dis\u00adcret Dif\u00adfi\u00adcile d\u2019\u00eatre plus observ\u00e9s qu\u2019Emmanuel et Brigitte Macron. Le pr\u00e9si\u00addent sor\u00adtant et son \u00e9pouse ont tou\u00adjours incar\u00adn\u00e9 un cou\u00adple atyp\u00adique et&hellip;","og_url":"https:\/\/bobea.net\/index.php\/2025\/08\/22\/emmanuel-et-brigitte-macron-ouvrent-un-nouveau-chapitre-leur-maison-du-bonheur-au-bord-de-la-mer\/","og_site_name":"Bobea","article_publisher":"https:\/\/web.facebook.com\/profile.php?id=61559252188416","article_published_time":"2025-08-22T21:18:59+00:00","article_modified_time":"2025-08-22T21:19:01+00:00","og_image":[{"width":960,"height":640,"url":"https:\/\/bobea.net\/wp-content\/uploads\/2025\/08\/Emmanuel-et-Brigitte-Macron-lancent-les-Journees-du-Patrimoine-dans-l-atelier-de-Rosa-Bonheur.jpg","type":"image\/jpeg"}],"author":"bobea.info","twitter_card":"summary_large_image","twitter_misc":{"\u00c9crit par":"bobea.info","Dur\u00e9e de lecture estim\u00e9e":"2 minutes"},"schema":{"@context":"https:\/\/schema.org","@graph":[{"@type":"Article","@id":"https:\/\/bobea.net\/index.php\/2025\/08\/22\/emmanuel-et-brigitte-macron-ouvrent-un-nouveau-chapitre-leur-maison-du-bonheur-au-bord-de-la-mer\/#article","isPartOf":{"@id":"https:\/\/bobea.net\/index.php\/2025\/08\/22\/emmanuel-et-brigitte-macron-ouvrent-un-nouveau-chapitre-leur-maison-du-bonheur-au-bord-de-la-mer\/"},"author":{"name":"bobea.info","@id":"https:\/\/bobea.net\/#\/schema\/person\/e7f45ef187918d7c956bf619dce90ccf"},"headline":"Emmanuel et Brigitte Macron ouvrent un nouveau chapitre \u2013 leur maison du bonheur au bord de la mer","datePublished":"2025-08-22T21:18:59+00:00","dateModified":"2025-08-22T21:19:01+00:00","mainEntityOfPage":{"@id":"https:\/\/bobea.net\/index.php\/2025\/08\/22\/emmanuel-et-brigitte-macron-ouvrent-un-nouveau-chapitre-leur-maison-du-bonheur-au-bord-de-la-mer\/"},"wordCount":351,"commentCount":0,"publisher":{"@id":"https:\/\/bobea.net\/#organization"},"image":{"@id":"https:\/\/bobea.net\/index.php\/2025\/08\/22\/emmanuel-et-brigitte-macron-ouvrent-un-nouveau-chapitre-leur-maison-du-bonheur-au-bord-de-la-mer\/#primaryimage"},"thumbnailUrl":"https:\/\/bobea.net\/wp-content\/uploads\/2025\/08\/Emmanuel-et-Brigitte-Macron-lancent-les-Journees-du-Patrimoine-dans-l-atelier-de-Rosa-Bonheur.jpg","articleSection":["On en Parle"],"inLanguage":"fr-FR","potentialAction":[{"@type":"CommentAction","name":"Comment","target":["https:\/\/bobea.net\/index.php\/2025\/08\/22\/emmanuel-et-brigitte-macron-ouvrent-un-nouveau-chapitre-leur-maison-du-bonheur-au-bord-de-la-mer\/#respond"]}]},{"@type":"WebPage","@id":"https:\/\/bobea.net\/index.php\/2025\/08\/22\/emmanuel-et-brigitte-macron-ouvrent-un-nouveau-chapitre-leur-maison-du-bonheur-au-bord-de-la-mer\/","url":"https:\/\/bobea.net\/index.php\/2025\/08\/22\/emmanuel-et-brigitte-macron-ouvrent-un-nouveau-chapitre-leur-maison-du-bonheur-au-bord-de-la-mer\/","name":"Emmanuel et Brigitte Macron ouvrent un nouveau chapitre \u2013 leur maison du bonheur au bord de la mer - Bobea","isPartOf":{"@id":"https:\/\/bobea.net\/#website"},"primaryImageOfPage":{"@id":"https:\/\/bobea.net\/index.php\/2025\/08\/22\/emmanuel-et-brigitte-macron-ouvrent-un-nouveau-chapitre-leur-maison-du-bonheur-au-bord-de-la-mer\/#primaryimage"},"image":{"@id":"https:\/\/bobea.net\/index.php\/2025\/08\/22\/emmanuel-et-brigitte-macron-ouvrent-un-nouveau-chapitre-leur-maison-du-bonheur-au-bord-de-la-mer\/#primaryimage"},"thumbnailUrl":"https:\/\/bobea.net\/wp-content\/uploads\/2025\/08\/Emmanuel-et-Brigitte-Macron-lancent-les-Journees-du-Patrimoine-dans-l-atelier-de-Rosa-Bonheur.jpg","datePublished":"2025-08-22T21:18:59+00:00","dateModified":"2025-08-22T21:19:01+00:00","breadcrumb":{"@id":"https:\/\/bobea.net\/index.php\/2025\/08\/22\/emmanuel-et-brigitte-macron-ouvrent-un-nouveau-chapitre-leur-maison-du-bonheur-au-bord-de-la-mer\/#breadcrumb"},"inLanguage":"fr-FR","potentialAction":[{"@type":"ReadAction","target":["https:\/\/bobea.net\/index.php\/2025\/08\/22\/emmanuel-et-brigitte-macron-ouvrent-un-nouveau-chapitre-leur-maison-du-bonheur-au-bord-de-la-mer\/"]}]},{"@type":"ImageObject","inLanguage":"fr-FR","@id":"https:\/\/bobea.net\/index.php\/2025\/08\/22\/emmanuel-et-brigitte-macron-ouvrent-un-nouveau-chapitre-leur-maison-du-bonheur-au-bord-de-la-mer\/#primaryimage","url":"https:\/\/bobea.net\/wp-content\/uploads\/2025\/08\/Emmanuel-et-Brigitte-Macron-lancent-les-Journees-du-Patrimoine-dans-l-atelier-de-Rosa-Bonheur.jpg","contentUrl":"https:\/\/bobea.net\/wp-content\/uploads\/2025\/08\/Emmanuel-et-Brigitte-Macron-lancent-les-Journees-du-Patrimoine-dans-l-atelier-de-Rosa-Bonheur.jpg","width":960,"height":640,"caption":"Emmanuel et Brigitte Macron ouvrent un nouveau chapitre \u2013 leur maison du bonheur au bord de la mer"},{"@type":"BreadcrumbList","@id":"https:\/\/bobea.net\/index.php\/2025\/08\/22\/emmanuel-et-brigitte-macron-ouvrent-un-nouveau-chapitre-leur-maison-du-bonheur-au-bord-de-la-mer\/#breadcrumb","itemListElement":[{"@type":"ListItem","position":1,"name":"Accueil","item":"https:\/\/bobea.net\/"},{"@type":"ListItem","position":2,"name":"Emmanuel et Brigitte Macron ouvrent un nouveau chapitre \u2013 leur maison du bonheur au bord de la mer"}]},{"@type":"WebSite","@id":"https:\/\/bobea.net\/#website","url":"https:\/\/bobea.net\/","name":"Bobea","description":"Le magazine de la nouvelle \u00c8ve","publisher":{"@id":"https:\/\/bobea.net\/#organization"},"potentialAction":[{"@type":"SearchAction","target":{"@type":"EntryPoint","urlTemplate":"https:\/\/bobea.net\/?s={search_term_string}"},"query-input":{"@type":"PropertyValueSpecification","valueRequired":true,"valueName":"search_term_string"}}],"inLanguage":"fr-FR"},{"@type":"Organization","@id":"https:\/\/bobea.net\/#organization","name":"Bobea","url":"https:\/\/bobea.net\/","logo":{"@type":"ImageObject","inLanguage":"fr-FR","@id":"https:\/\/bobea.net\/#\/schema\/logo\/image\/","url":"https:\/\/bobea.net\/wp-content\/uploads\/2024\/06\/bobea.jpg","contentUrl":"https:\/\/bobea.net\/wp-content\/uploads\/2024\/06\/bobea.jpg","width":1080,"height":1080,"caption":"Bobea"},"image":{"@id":"https:\/\/bobea.net\/#\/schema\/logo\/image\/"},"sameAs":["https:\/\/web.facebook.com\/profile.php?id=61559252188416"]},{"@type":"Person","@id":"https:\/\/bobea.net\/#\/schema\/person\/e7f45ef187918d7c956bf619dce90ccf","name":"bobea.info","image":{"@type":"ImageObject","inLanguage":"fr-FR","@id":"https:\/\/bobea.net\/#\/schema\/person\/image\/","url":"https:\/\/secure.gravatar.com\/avatar\/36147980349df887ae30808df3e29474?s=96&d=mm&r=g","contentUrl":"https:\/\/secure.gravatar.com\/avatar\/36147980349df887ae30808df3e29474?s=96&d=mm&r=g","caption":"bobea.info"},"sameAs":["https:\/\/bobea.net"],"url":"https:\/\/bobea.net\/index.php\/author\/bobea-info\/"}]}},"_links":{"self":[{"href":"https:\/\/bobea.net\/index.php\/wp-json\/wp\/v2\/posts\/23645"}],"collection":[{"href":"https:\/\/bobea.net\/index.php\/wp-json\/wp\/v2\/posts"}],"about":[{"href":"https:\/\/bobea.net\/index.php\/wp-json\/wp\/v2\/types\/post"}],"author":[{"embeddable":true,"href":"https:\/\/bobea.net\/index.php\/wp-json\/wp\/v2\/users\/1"}],"replies":[{"embeddable":true,"href":"https:\/\/bobea.net\/index.php\/wp-json\/wp\/v2\/comments?post=23645"}],"version-history":[{"count":1,"href":"https:\/\/bobea.net\/index.php\/wp-json\/wp\/v2\/posts\/23645\/revisions"}],"predecessor-version":[{"id":23648,"href":"https:\/\/bobea.net\/index.php\/wp-json\/wp\/v2\/posts\/23645\/revisions\/23648"}],"wp:featuredmedia":[{"embeddable":true,"href":"https:\/\/bobea.net\/index.php\/wp-json\/wp\/v2\/media\/23646"}],"wp:attachment":[{"href":"https:\/\/bobea.net\/index.php\/wp-json\/wp\/v2\/media?parent=23645"}],"wp:term":[{"taxonomy":"category","embeddable":true,"href":"https:\/\/bobea.net\/index.php\/wp-json\/wp\/v2\/categories?post=23645"},{"taxonomy":"post_tag","embeddable":true,"href":"https:\/\/bobea.net\/index.php\/wp-json\/wp\/v2\/tags?post=23645"}],"curies":[{"name":"wp","href":"https:\/\/api.w.org\/{rel}","templated":true}]}}