{"id":23636,"date":"2025-08-22T21:05:14","date_gmt":"2025-08-22T21:05:14","guid":{"rendered":"https:\/\/bobea.net\/?p=23636"},"modified":"2025-08-22T21:05:17","modified_gmt":"2025-08-22T21:05:17","slug":"marina-kaye-une-maman-comblee-confidences-exclusives-sur-larrivee-de-son-premier-bebe","status":"publish","type":"post","link":"https:\/\/bobea.net\/index.php\/2025\/08\/22\/marina-kaye-une-maman-comblee-confidences-exclusives-sur-larrivee-de-son-premier-bebe\/","title":{"rendered":"Marina Kaye, une maman combl\u00e9e \u2013 confidences exclusives sur l\u2019arriv\u00e9e de son premier b\u00e9b\u00e9"},"content":{"rendered":"\n<p><strong>Intro\u00adduc\u00adtion : une nou\u00advelle vie com\u00admence<\/strong><\/p>\n\n\n\n<p>La chanteuse&nbsp;<strong>Mari\u00adna Kaye<\/strong>, ic\u00f4ne de la pop fran\u00e7aise r\u00e9v\u00e9l\u00e9e \u00e0 seule\u00adment 16 ans, vient de franchir une \u00e9tape boulever\u00adsante : l\u2019arriv\u00e9e de son pre\u00admier enfant. La jeune femme, con\u00adnue pour sa voix puis\u00adsante et ses chan\u00adsons emplies d\u2019\u00e9motions, partage avec ses fans un nou\u00adveau bon\u00adheur qui d\u00e9passe de loin les pro\u00adjecteurs et les tourn\u00e9es mon\u00addi\u00adales. Dans un univers o\u00f9 c\u00e9l\u00e9brit\u00e9 et vie priv\u00e9e s\u2019affrontent encore trop sou\u00advent, Mari\u00adna choisit de livr\u00ader un t\u00e9moignage sinc\u00e8re sur son r\u00f4le de maman \u00e9mer\u00adveil\u00adl\u00e9e.<\/p>\n\n\n\n<p><strong>Une artiste dev\u00adenue m\u00e8re : un dou\u00adble r\u00f4le puis\u00adsant<\/strong><\/p>\n\n\n\n<p>Devenir m\u00e8re quand on est chanteuse \u00e0 suc\u00adc\u00e8s repr\u00e9sente un dou\u00adble d\u00e9fi. Mari\u00adna Kaye l\u2019admet : \u201cEntre les r\u00e9p\u00e9ti\u00adtions, les con\u00adcerts et les stu\u00addios, il fal\u00adlait trou\u00adver un \u00e9quili\u00adbre\u201d. Elle insiste cepen\u00addant sur le fait que la mater\u00adnit\u00e9 lui apporte une force nou\u00advelle, une&nbsp;<strong>cr\u00e9a\u00adtiv\u00adit\u00e9 d\u00e9cu\u00adpl\u00e9e<\/strong>&nbsp;et une inspi\u00adra\u00adtion qu\u2019aucun tube n\u2019aurait pu lui offrir seul.<br>Les fans, eux, salu\u00adent cette authen\u00adtic\u00adit\u00e9 : ils retrou\u00advent dans la mater\u00adnit\u00e9 de Mari\u00adna une artiste encore plus humaine et touchante.<\/p>\n\n\n\n<figure class=\"wp-block-image size-large\"><img loading=\"lazy\" decoding=\"async\" width=\"1024\" height=\"650\" src=\"https:\/\/bobea.net\/wp-content\/uploads\/2025\/08\/bestimage_00280149_000035-1024x650.jpg\" alt class=\"wp-image-23638\" srcset=\"https:\/\/bobea.net\/wp-content\/uploads\/2025\/08\/bestimage_00280149_000035-1024x650.jpg 1024w, https:\/\/bobea.net\/wp-content\/uploads\/2025\/08\/bestimage_00280149_000035-300x191.jpg 300w, https:\/\/bobea.net\/wp-content\/uploads\/2025\/08\/bestimage_00280149_000035-768x488.jpg 768w, https:\/\/bobea.net\/wp-content\/uploads\/2025\/08\/bestimage_00280149_000035.jpg 1200w\" sizes=\"(max-width: 1024px) 100vw, 1024px\"><\/figure>\n\n\n\n<p><strong>La fragilit\u00e9 der\u00adri\u00e8re la force<\/strong><\/p>\n\n\n\n<p>Mari\u00adna n\u2019a jamais cach\u00e9 ses moments de doute, ses p\u00e9ri\u00adodes de soli\u00adtude dans l\u2019industrie musi\u00adcale. Aujourd\u2019hui, elle explique com\u00adbi\u00aden l\u2019arriv\u00e9e de son b\u00e9b\u00e9 lui a per\u00admis de rel\u00ada\u00adtivis\u00ader sa car\u00adri\u00e8re et de trou\u00adver une nou\u00advelle pri\u00ador\u00adit\u00e9 : \u201cLa sc\u00e8ne est tou\u00adjours impor\u00adtante, mais rien n\u2019\u00e9gale les pre\u00admiers regards de mon enfant.\u201d<br>Ce change\u00adment pro\u00adfond illus\u00adtre un mou\u00adve\u00adment plus large : de nom\u00adbreuses c\u00e9l\u00e9brit\u00e9s f\u00e9minines red\u00e9finis\u00adsent leur rap\u00adport \u00e0 la mater\u00adnit\u00e9, la vivant non comme une entrave mais comme une&nbsp;<strong>renais\u00adsance<\/strong>.<\/p>\n\n\n\n<p><strong>Vers une musique encore plus intime<\/strong><\/p>\n\n\n\n<p>Nom\u00adbreux sont les fans qui s\u2019interrogent d\u00e9j\u00e0 : cette mater\u00adnit\u00e9 influ\u00adencera-t-elle ses futures chan\u00adsons ? Prob\u00ada\u00adble\u00adment. Mari\u00adna laisse enten\u00addre qu\u2019un nou\u00adv\u00adel album est en pr\u00e9\u00adpa\u00adra\u00adtion et que ses th\u00e8mes porteront d\u00e9sor\u00admais beau\u00adcoup plus sur la trans\u00admis\u00adsion, l\u2019amour sinc\u00e8re et la fragilit\u00e9 des pre\u00admiers liens famil\u00adi\u00adaux. Un virage artis\u00adtique qui pour\u00adrait raf\u00adfer\u00admir son image d\u2019artiste uni\u00adverselle.<\/p>\n\n\n\n<p><strong>Con\u00adclu\u00adsion : quand la mater\u00adnit\u00e9 est force cr\u00e9a\u00adtrice<\/strong><\/p>\n\n\n\n<p>L\u2019arriv\u00e9e de ce b\u00e9b\u00e9 ne mar\u00adque pas une pause, mais bien une&nbsp;<strong>nou\u00advelle \u00e9tape<\/strong>&nbsp;dans la car\u00adri\u00e8re de Mari\u00adna Kaye. D\u00e9j\u00e0 adul\u00e9e par ses fans, elle ouvre d\u00e9sor\u00admais une nou\u00advelle dimen\u00adsion : celle d\u2019une femme com\u00adpl\u00e8te, m\u00e8re et artiste, inspi\u00adrante pour toute une g\u00e9n\u00e9ra\u00adtion.<\/p>\n","protected":false},"excerpt":{"rendered":"<p>Intro\u00adduc\u00adtion : une nou\u00advelle vie com\u00admence La chanteuse&nbsp;Mari\u00adna Kaye, ic\u00f4ne de la pop fran\u00e7aise r\u00e9v\u00e9l\u00e9e \u00e0 seule\u00adment 16 ans, vient de franchir une \u00e9tape boulever\u00adsante : l\u2019arriv\u00e9e de son pre\u00admier\u2026 <\/p>\n","protected":false},"author":1,"featured_media":23637,"comment_status":"open","ping_status":"closed","sticky":false,"template":"","format":"standard","meta":{"wp_typography_post_enhancements_disabled":false,"footnotes":""},"categories":[55],"tags":[],"class_list":["post-23636","post","type-post","status-publish","format-standard","has-post-thumbnail","hentry","category-culture"],"yoast_head":"<!-- This site is optimized with the Yoast SEO plugin v24.7 - https:\/\/yoast.com\/wordpress\/plugins\/seo\/ -->\n<title>Marina Kaye, une maman combl\u00e9e \u2013 confidences exclusives sur l\u2019arriv\u00e9e de son premier b\u00e9b\u00e9 - Bobea<\/title>\n<meta name=\"description\" content=\"La chanteuse\u00a0Marina Kaye, ic\u00f4ne de la pop fran\u00e7aise r\u00e9v\u00e9l\u00e9e \u00e0 seulement 16 ans, vient de franchir une \u00e9tape bouleversante\" \/>\n<meta name=\"robots\" content=\"index, follow, max-snippet:-1, max-image-preview:large, max-video-preview:-1\" \/>\n<link rel=\"canonical\" href=\"https:\/\/bobea.net\/index.php\/2025\/08\/22\/marina-kaye-une-maman-comblee-confidences-exclusives-sur-larrivee-de-son-premier-bebe\/\" \/>\n<meta property=\"og:locale\" content=\"fr_FR\" \/>\n<meta property=\"og:type\" content=\"article\" \/>\n<meta property=\"og:title\" content=\"Marina Kaye, une maman combl\u00e9e \u2013 confidences exclusives sur l\u2019arriv\u00e9e de son premier b\u00e9b\u00e9 - Bobea\" \/>\n<meta property=\"og:description\" content=\"La chanteuse\u00a0Marina Kaye, ic\u00f4ne de la pop fran\u00e7aise r\u00e9v\u00e9l\u00e9e \u00e0 seulement 16 ans, vient de franchir une \u00e9tape bouleversante\" \/>\n<meta property=\"og:url\" content=\"https:\/\/bobea.net\/index.php\/2025\/08\/22\/marina-kaye-une-maman-comblee-confidences-exclusives-sur-larrivee-de-son-premier-bebe\/\" \/>\n<meta property=\"og:site_name\" content=\"Bobea\" \/>\n<meta property=\"article:publisher\" content=\"https:\/\/web.facebook.com\/profile.php?id=61559252188416\" \/>\n<meta property=\"article:published_time\" content=\"2025-08-22T21:05:14+00:00\" \/>\n<meta property=\"article:modified_time\" content=\"2025-08-22T21:05:17+00:00\" \/>\n<meta property=\"og:image\" content=\"https:\/\/bobea.net\/wp-content\/uploads\/2025\/08\/marina-kaye.jpg\" \/>\n\t<meta property=\"og:image:width\" content=\"1189\" \/>\n\t<meta property=\"og:image:height\" content=\"669\" \/>\n\t<meta property=\"og:image:type\" content=\"image\/jpeg\" \/>\n<meta name=\"author\" content=\"bobea.info\" \/>\n<meta name=\"twitter:card\" content=\"summary_large_image\" \/>\n<meta name=\"twitter:label1\" content=\"\u00c9crit par\" \/>\n\t<meta name=\"twitter:data1\" content=\"bobea.info\" \/>\n\t<meta name=\"twitter:label2\" content=\"Dur\u00e9e de lecture estim\u00e9e\" \/>\n\t<meta name=\"twitter:data2\" content=\"3 minutes\" \/>\n<script type=\"application\/ld+json\" class=\"yoast-schema-graph\">{\"@context\":\"https:\/\/schema.org\",\"@graph\":[{\"@type\":\"Article\",\"@id\":\"https:\/\/bobea.net\/index.php\/2025\/08\/22\/marina-kaye-une-maman-comblee-confidences-exclusives-sur-larrivee-de-son-premier-bebe\/#article\",\"isPartOf\":{\"@id\":\"https:\/\/bobea.net\/index.php\/2025\/08\/22\/marina-kaye-une-maman-comblee-confidences-exclusives-sur-larrivee-de-son-premier-bebe\/\"},\"author\":{\"name\":\"bobea.info\",\"@id\":\"https:\/\/bobea.net\/#\/schema\/person\/e7f45ef187918d7c956bf619dce90ccf\"},\"headline\":\"Marina Kaye, une maman combl\u00e9e \u2013 confidences exclusives sur l\u2019arriv\u00e9e de son premier b\u00e9b\u00e9\",\"datePublished\":\"2025-08-22T21:05:14+00:00\",\"dateModified\":\"2025-08-22T21:05:17+00:00\",\"mainEntityOfPage\":{\"@id\":\"https:\/\/bobea.net\/index.php\/2025\/08\/22\/marina-kaye-une-maman-comblee-confidences-exclusives-sur-larrivee-de-son-premier-bebe\/\"},\"wordCount\":449,\"commentCount\":0,\"publisher\":{\"@id\":\"https:\/\/bobea.net\/#organization\"},\"image\":{\"@id\":\"https:\/\/bobea.net\/index.php\/2025\/08\/22\/marina-kaye-une-maman-comblee-confidences-exclusives-sur-larrivee-de-son-premier-bebe\/#primaryimage\"},\"thumbnailUrl\":\"https:\/\/bobea.net\/wp-content\/uploads\/2025\/08\/marina-kaye.jpg\",\"articleSection\":[\"Culture\"],\"inLanguage\":\"fr-FR\",\"potentialAction\":[{\"@type\":\"CommentAction\",\"name\":\"Comment\",\"target\":[\"https:\/\/bobea.net\/index.php\/2025\/08\/22\/marina-kaye-une-maman-comblee-confidences-exclusives-sur-larrivee-de-son-premier-bebe\/#respond\"]}]},{\"@type\":\"WebPage\",\"@id\":\"https:\/\/bobea.net\/index.php\/2025\/08\/22\/marina-kaye-une-maman-comblee-confidences-exclusives-sur-larrivee-de-son-premier-bebe\/\",\"url\":\"https:\/\/bobea.net\/index.php\/2025\/08\/22\/marina-kaye-une-maman-comblee-confidences-exclusives-sur-larrivee-de-son-premier-bebe\/\",\"name\":\"Marina Kaye, une maman combl\u00e9e \u2013 confidences exclusives sur l\u2019arriv\u00e9e de son premier b\u00e9b\u00e9 - Bobea\",\"isPartOf\":{\"@id\":\"https:\/\/bobea.net\/#website\"},\"primaryImageOfPage\":{\"@id\":\"https:\/\/bobea.net\/index.php\/2025\/08\/22\/marina-kaye-une-maman-comblee-confidences-exclusives-sur-larrivee-de-son-premier-bebe\/#primaryimage\"},\"image\":{\"@id\":\"https:\/\/bobea.net\/index.php\/2025\/08\/22\/marina-kaye-une-maman-comblee-confidences-exclusives-sur-larrivee-de-son-premier-bebe\/#primaryimage\"},\"thumbnailUrl\":\"https:\/\/bobea.net\/wp-content\/uploads\/2025\/08\/marina-kaye.jpg\",\"datePublished\":\"2025-08-22T21:05:14+00:00\",\"dateModified\":\"2025-08-22T21:05:17+00:00\",\"description\":\"La chanteuse\u00a0Marina Kaye, ic\u00f4ne de la pop fran\u00e7aise r\u00e9v\u00e9l\u00e9e \u00e0 seulement 16 ans, vient de franchir une \u00e9tape bouleversante\",\"breadcrumb\":{\"@id\":\"https:\/\/bobea.net\/index.php\/2025\/08\/22\/marina-kaye-une-maman-comblee-confidences-exclusives-sur-larrivee-de-son-premier-bebe\/#breadcrumb\"},\"inLanguage\":\"fr-FR\",\"potentialAction\":[{\"@type\":\"ReadAction\",\"target\":[\"https:\/\/bobea.net\/index.php\/2025\/08\/22\/marina-kaye-une-maman-comblee-confidences-exclusives-sur-larrivee-de-son-premier-bebe\/\"]}]},{\"@type\":\"ImageObject\",\"inLanguage\":\"fr-FR\",\"@id\":\"https:\/\/bobea.net\/index.php\/2025\/08\/22\/marina-kaye-une-maman-comblee-confidences-exclusives-sur-larrivee-de-son-premier-bebe\/#primaryimage\",\"url\":\"https:\/\/bobea.net\/wp-content\/uploads\/2025\/08\/marina-kaye.jpg\",\"contentUrl\":\"https:\/\/bobea.net\/wp-content\/uploads\/2025\/08\/marina-kaye.jpg\",\"width\":1189,\"height\":669},{\"@type\":\"BreadcrumbList\",\"@id\":\"https:\/\/bobea.net\/index.php\/2025\/08\/22\/marina-kaye-une-maman-comblee-confidences-exclusives-sur-larrivee-de-son-premier-bebe\/#breadcrumb\",\"itemListElement\":[{\"@type\":\"ListItem\",\"position\":1,\"name\":\"Accueil\",\"item\":\"https:\/\/bobea.net\/\"},{\"@type\":\"ListItem\",\"position\":2,\"name\":\"Marina Kaye, une maman combl\u00e9e \u2013 confidences exclusives sur l\u2019arriv\u00e9e de son premier b\u00e9b\u00e9\"}]},{\"@type\":\"WebSite\",\"@id\":\"https:\/\/bobea.net\/#website\",\"url\":\"https:\/\/bobea.net\/\",\"name\":\"Bobea\",\"description\":\"Le magazine de la nouvelle \u00c8ve\",\"publisher\":{\"@id\":\"https:\/\/bobea.net\/#organization\"},\"potentialAction\":[{\"@type\":\"SearchAction\",\"target\":{\"@type\":\"EntryPoint\",\"urlTemplate\":\"https:\/\/bobea.net\/?s={search_term_string}\"},\"query-input\":{\"@type\":\"PropertyValueSpecification\",\"valueRequired\":true,\"valueName\":\"search_term_string\"}}],\"inLanguage\":\"fr-FR\"},{\"@type\":\"Organization\",\"@id\":\"https:\/\/bobea.net\/#organization\",\"name\":\"Bobea\",\"url\":\"https:\/\/bobea.net\/\",\"logo\":{\"@type\":\"ImageObject\",\"inLanguage\":\"fr-FR\",\"@id\":\"https:\/\/bobea.net\/#\/schema\/logo\/image\/\",\"url\":\"https:\/\/bobea.net\/wp-content\/uploads\/2024\/06\/bobea.jpg\",\"contentUrl\":\"https:\/\/bobea.net\/wp-content\/uploads\/2024\/06\/bobea.jpg\",\"width\":1080,\"height\":1080,\"caption\":\"Bobea\"},\"image\":{\"@id\":\"https:\/\/bobea.net\/#\/schema\/logo\/image\/\"},\"sameAs\":[\"https:\/\/web.facebook.com\/profile.php?id=61559252188416\"]},{\"@type\":\"Person\",\"@id\":\"https:\/\/bobea.net\/#\/schema\/person\/e7f45ef187918d7c956bf619dce90ccf\",\"name\":\"bobea.info\",\"image\":{\"@type\":\"ImageObject\",\"inLanguage\":\"fr-FR\",\"@id\":\"https:\/\/bobea.net\/#\/schema\/person\/image\/\",\"url\":\"https:\/\/secure.gravatar.com\/avatar\/36147980349df887ae30808df3e29474?s=96&d=mm&r=g\",\"contentUrl\":\"https:\/\/secure.gravatar.com\/avatar\/36147980349df887ae30808df3e29474?s=96&d=mm&r=g\",\"caption\":\"bobea.info\"},\"sameAs\":[\"https:\/\/bobea.net\"],\"url\":\"https:\/\/bobea.net\/index.php\/author\/bobea-info\/\"}]}<\/script>\n<!-- \/ Yoast SEO plugin. -->","yoast_head_json":{"title":"Marina Kaye, une maman combl\u00e9e \u2013 confidences exclusives sur l\u2019arriv\u00e9e de son premier b\u00e9b\u00e9 - Bobea","description":"La chanteuse\u00a0Marina Kaye, ic\u00f4ne de la pop fran\u00e7aise r\u00e9v\u00e9l\u00e9e \u00e0 seulement 16 ans, vient de franchir une \u00e9tape bouleversante","robots":{"index":"index","follow":"follow","max-snippet":"max-snippet:-1","max-image-preview":"max-image-preview:large","max-video-preview":"max-video-preview:-1"},"canonical":"https:\/\/bobea.net\/index.php\/2025\/08\/22\/marina-kaye-une-maman-comblee-confidences-exclusives-sur-larrivee-de-son-premier-bebe\/","og_locale":"fr_FR","og_type":"article","og_title":"Marina Kaye, une maman combl\u00e9e \u2013 confidences exclusives sur l\u2019arriv\u00e9e de son premier b\u00e9b\u00e9 - Bobea","og_description":"La chanteuse\u00a0Marina Kaye, ic\u00f4ne de la pop fran\u00e7aise r\u00e9v\u00e9l\u00e9e \u00e0 seulement 16 ans, vient de franchir une \u00e9tape bouleversante","og_url":"https:\/\/bobea.net\/index.php\/2025\/08\/22\/marina-kaye-une-maman-comblee-confidences-exclusives-sur-larrivee-de-son-premier-bebe\/","og_site_name":"Bobea","article_publisher":"https:\/\/web.facebook.com\/profile.php?id=61559252188416","article_published_time":"2025-08-22T21:05:14+00:00","article_modified_time":"2025-08-22T21:05:17+00:00","og_image":[{"width":1189,"height":669,"url":"https:\/\/bobea.net\/wp-content\/uploads\/2025\/08\/marina-kaye.jpg","type":"image\/jpeg"}],"author":"bobea.info","twitter_card":"summary_large_image","twitter_misc":{"\u00c9crit par":"bobea.info","Dur\u00e9e de lecture estim\u00e9e":"3 minutes"},"schema":{"@context":"https:\/\/schema.org","@graph":[{"@type":"Article","@id":"https:\/\/bobea.net\/index.php\/2025\/08\/22\/marina-kaye-une-maman-comblee-confidences-exclusives-sur-larrivee-de-son-premier-bebe\/#article","isPartOf":{"@id":"https:\/\/bobea.net\/index.php\/2025\/08\/22\/marina-kaye-une-maman-comblee-confidences-exclusives-sur-larrivee-de-son-premier-bebe\/"},"author":{"name":"bobea.info","@id":"https:\/\/bobea.net\/#\/schema\/person\/e7f45ef187918d7c956bf619dce90ccf"},"headline":"Marina Kaye, une maman combl\u00e9e \u2013 confidences exclusives sur l\u2019arriv\u00e9e de son premier b\u00e9b\u00e9","datePublished":"2025-08-22T21:05:14+00:00","dateModified":"2025-08-22T21:05:17+00:00","mainEntityOfPage":{"@id":"https:\/\/bobea.net\/index.php\/2025\/08\/22\/marina-kaye-une-maman-comblee-confidences-exclusives-sur-larrivee-de-son-premier-bebe\/"},"wordCount":449,"commentCount":0,"publisher":{"@id":"https:\/\/bobea.net\/#organization"},"image":{"@id":"https:\/\/bobea.net\/index.php\/2025\/08\/22\/marina-kaye-une-maman-comblee-confidences-exclusives-sur-larrivee-de-son-premier-bebe\/#primaryimage"},"thumbnailUrl":"https:\/\/bobea.net\/wp-content\/uploads\/2025\/08\/marina-kaye.jpg","articleSection":["Culture"],"inLanguage":"fr-FR","potentialAction":[{"@type":"CommentAction","name":"Comment","target":["https:\/\/bobea.net\/index.php\/2025\/08\/22\/marina-kaye-une-maman-comblee-confidences-exclusives-sur-larrivee-de-son-premier-bebe\/#respond"]}]},{"@type":"WebPage","@id":"https:\/\/bobea.net\/index.php\/2025\/08\/22\/marina-kaye-une-maman-comblee-confidences-exclusives-sur-larrivee-de-son-premier-bebe\/","url":"https:\/\/bobea.net\/index.php\/2025\/08\/22\/marina-kaye-une-maman-comblee-confidences-exclusives-sur-larrivee-de-son-premier-bebe\/","name":"Marina Kaye, une maman combl\u00e9e \u2013 confidences exclusives sur l\u2019arriv\u00e9e de son premier b\u00e9b\u00e9 - Bobea","isPartOf":{"@id":"https:\/\/bobea.net\/#website"},"primaryImageOfPage":{"@id":"https:\/\/bobea.net\/index.php\/2025\/08\/22\/marina-kaye-une-maman-comblee-confidences-exclusives-sur-larrivee-de-son-premier-bebe\/#primaryimage"},"image":{"@id":"https:\/\/bobea.net\/index.php\/2025\/08\/22\/marina-kaye-une-maman-comblee-confidences-exclusives-sur-larrivee-de-son-premier-bebe\/#primaryimage"},"thumbnailUrl":"https:\/\/bobea.net\/wp-content\/uploads\/2025\/08\/marina-kaye.jpg","datePublished":"2025-08-22T21:05:14+00:00","dateModified":"2025-08-22T21:05:17+00:00","description":"La chanteuse\u00a0Marina Kaye, ic\u00f4ne de la pop fran\u00e7aise r\u00e9v\u00e9l\u00e9e \u00e0 seulement 16 ans, vient de franchir une \u00e9tape bouleversante","breadcrumb":{"@id":"https:\/\/bobea.net\/index.php\/2025\/08\/22\/marina-kaye-une-maman-comblee-confidences-exclusives-sur-larrivee-de-son-premier-bebe\/#breadcrumb"},"inLanguage":"fr-FR","potentialAction":[{"@type":"ReadAction","target":["https:\/\/bobea.net\/index.php\/2025\/08\/22\/marina-kaye-une-maman-comblee-confidences-exclusives-sur-larrivee-de-son-premier-bebe\/"]}]},{"@type":"ImageObject","inLanguage":"fr-FR","@id":"https:\/\/bobea.net\/index.php\/2025\/08\/22\/marina-kaye-une-maman-comblee-confidences-exclusives-sur-larrivee-de-son-premier-bebe\/#primaryimage","url":"https:\/\/bobea.net\/wp-content\/uploads\/2025\/08\/marina-kaye.jpg","contentUrl":"https:\/\/bobea.net\/wp-content\/uploads\/2025\/08\/marina-kaye.jpg","width":1189,"height":669},{"@type":"BreadcrumbList","@id":"https:\/\/bobea.net\/index.php\/2025\/08\/22\/marina-kaye-une-maman-comblee-confidences-exclusives-sur-larrivee-de-son-premier-bebe\/#breadcrumb","itemListElement":[{"@type":"ListItem","position":1,"name":"Accueil","item":"https:\/\/bobea.net\/"},{"@type":"ListItem","position":2,"name":"Marina Kaye, une maman combl\u00e9e \u2013 confidences exclusives sur l\u2019arriv\u00e9e de son premier b\u00e9b\u00e9"}]},{"@type":"WebSite","@id":"https:\/\/bobea.net\/#website","url":"https:\/\/bobea.net\/","name":"Bobea","description":"Le magazine de la nouvelle \u00c8ve","publisher":{"@id":"https:\/\/bobea.net\/#organization"},"potentialAction":[{"@type":"SearchAction","target":{"@type":"EntryPoint","urlTemplate":"https:\/\/bobea.net\/?s={search_term_string}"},"query-input":{"@type":"PropertyValueSpecification","valueRequired":true,"valueName":"search_term_string"}}],"inLanguage":"fr-FR"},{"@type":"Organization","@id":"https:\/\/bobea.net\/#organization","name":"Bobea","url":"https:\/\/bobea.net\/","logo":{"@type":"ImageObject","inLanguage":"fr-FR","@id":"https:\/\/bobea.net\/#\/schema\/logo\/image\/","url":"https:\/\/bobea.net\/wp-content\/uploads\/2024\/06\/bobea.jpg","contentUrl":"https:\/\/bobea.net\/wp-content\/uploads\/2024\/06\/bobea.jpg","width":1080,"height":1080,"caption":"Bobea"},"image":{"@id":"https:\/\/bobea.net\/#\/schema\/logo\/image\/"},"sameAs":["https:\/\/web.facebook.com\/profile.php?id=61559252188416"]},{"@type":"Person","@id":"https:\/\/bobea.net\/#\/schema\/person\/e7f45ef187918d7c956bf619dce90ccf","name":"bobea.info","image":{"@type":"ImageObject","inLanguage":"fr-FR","@id":"https:\/\/bobea.net\/#\/schema\/person\/image\/","url":"https:\/\/secure.gravatar.com\/avatar\/36147980349df887ae30808df3e29474?s=96&d=mm&r=g","contentUrl":"https:\/\/secure.gravatar.com\/avatar\/36147980349df887ae30808df3e29474?s=96&d=mm&r=g","caption":"bobea.info"},"sameAs":["https:\/\/bobea.net"],"url":"https:\/\/bobea.net\/index.php\/author\/bobea-info\/"}]}},"_links":{"self":[{"href":"https:\/\/bobea.net\/index.php\/wp-json\/wp\/v2\/posts\/23636"}],"collection":[{"href":"https:\/\/bobea.net\/index.php\/wp-json\/wp\/v2\/posts"}],"about":[{"href":"https:\/\/bobea.net\/index.php\/wp-json\/wp\/v2\/types\/post"}],"author":[{"embeddable":true,"href":"https:\/\/bobea.net\/index.php\/wp-json\/wp\/v2\/users\/1"}],"replies":[{"embeddable":true,"href":"https:\/\/bobea.net\/index.php\/wp-json\/wp\/v2\/comments?post=23636"}],"version-history":[{"count":1,"href":"https:\/\/bobea.net\/index.php\/wp-json\/wp\/v2\/posts\/23636\/revisions"}],"predecessor-version":[{"id":23639,"href":"https:\/\/bobea.net\/index.php\/wp-json\/wp\/v2\/posts\/23636\/revisions\/23639"}],"wp:featuredmedia":[{"embeddable":true,"href":"https:\/\/bobea.net\/index.php\/wp-json\/wp\/v2\/media\/23637"}],"wp:attachment":[{"href":"https:\/\/bobea.net\/index.php\/wp-json\/wp\/v2\/media?parent=23636"}],"wp:term":[{"taxonomy":"category","embeddable":true,"href":"https:\/\/bobea.net\/index.php\/wp-json\/wp\/v2\/categories?post=23636"},{"taxonomy":"post_tag","embeddable":true,"href":"https:\/\/bobea.net\/index.php\/wp-json\/wp\/v2\/tags?post=23636"}],"curies":[{"name":"wp","href":"https:\/\/api.w.org\/{rel}","templated":true}]}}