{"id":23581,"date":"2025-08-21T11:46:58","date_gmt":"2025-08-21T11:46:58","guid":{"rendered":"https:\/\/bobea.net\/?p=23581"},"modified":"2025-08-21T11:46:59","modified_gmt":"2025-08-21T11:46:59","slug":"mon-cure-me-touche-de-maniere-bizarre-dois-je-en-parler-le-courage-doser-la-parole","status":"publish","type":"post","link":"https:\/\/bobea.net\/index.php\/2025\/08\/21\/mon-cure-me-touche-de-maniere-bizarre-dois-je-en-parler-le-courage-doser-la-parole\/","title":{"rendered":"Mon cur\u00e9 me touche de mani\u00e8re bizarre, dois-je en parler ? Le courage d\u2019oser la parole"},"content":{"rendered":"\n<p>L\u2019in\u00adtim\u00adit\u00e9 du con\u00adfes\u00adsion\u00adnal ou de la rela\u00adtion avec un leader spir\u00adituel est cen\u00ads\u00e9e \u00eatre un refuge de con\u00adfi\u00adance. Pour\u00adtant, cer\u00adtaines femmes vivent des sit\u00adu\u00ada\u00adtions douloureuses, vic\u00adtimes de gestes d\u00e9plac\u00e9s ou d\u2019abus \u00e0 l\u2019\u00e9glise. Ce silence p\u00e8se lourd, mais par\u00adler est la pre\u00admi\u00e8re \u00e9tape pour se pro\u00adt\u00e9ger et gu\u00e9rir.<\/p>\n\n\n\n<p><strong>Com\u00adpren\u00addre et recon\u00adna\u00eetre les gestes d\u00e9plac\u00e9s<\/strong><\/p>\n\n\n\n<p>Beau\u00adcoup h\u00e9si\u00adtent \u00e0 qual\u00adi\u00adfi\u00ader ce qu\u2019elles ressen\u00adtent car la vio\u00adlence est sub\u00adtile, cach\u00e9e der\u00adri\u00e8re des zones d\u2019om\u00adbre. Pour\u00adtant, tout con\u00adtact inap\u00adpro\u00adpri\u00e9 ou lourd de sous-enten\u00addus doit \u00eatre pris au s\u00e9rieux. Bob\u00e9a invite les femmes \u00e0 \u00e9couter leur ressen\u00adti : malaise, peur, con\u00adfu\u00adsion sont des sig\u00adnaux d\u2019alerte.<\/p>\n\n\n\n<p><strong>Pourquoi par\u00adler est vital<\/strong><\/p>\n\n\n\n<p>Le silence pro\u00adt\u00e8ge sou\u00advent l\u2019agresseur. Oser par\u00adler, qu\u2019il s\u2019agisse \u00e0 un proche, \u00e0 un con\u00adseiller neu\u00adtre, ou \u00e0 une asso\u00adci\u00ada\u00adtion, est un acte de courage. Cela per\u00admet d\u2019\u00e9viter le pas\u00adsage \u00e0 l\u2019acte plus grave, lib\u00e8re la vic\u00adtime de son fardeau et fait \u00e9clater la v\u00e9rit\u00e9.<\/p>\n\n\n\n<figure class=\"wp-block-image size-full\"><img loading=\"lazy\" decoding=\"async\" width=\"836\" height=\"556\" src=\"https:\/\/bobea.net\/wp-content\/uploads\/2025\/08\/Monseigneur-Emmanuel-Gobilliard_0.webp\" alt class=\"wp-image-23582\" srcset=\"https:\/\/bobea.net\/wp-content\/uploads\/2025\/08\/Monseigneur-Emmanuel-Gobilliard_0.webp 836w, https:\/\/bobea.net\/wp-content\/uploads\/2025\/08\/Monseigneur-Emmanuel-Gobilliard_0-300x200.webp 300w, https:\/\/bobea.net\/wp-content\/uploads\/2025\/08\/Monseigneur-Emmanuel-Gobilliard_0-768x511.webp 768w\" sizes=\"(max-width: 836px) 100vw, 836px\"><\/figure>\n\n\n\n<p><strong>Les ressources pour se faire aider<\/strong><\/p>\n\n\n\n<p>Bob\u00e9a a mis en lumi\u00e8re les struc\u00adtures d\u2019ac\u00adcueil et d\u2019\u00e9\u00adcoute sp\u00e9\u00adcial\u00adis\u00e9es, les juri\u00addic\u00adtions com\u00adp\u00e9\u00adtentes et les r\u00e9seaux d\u2019en\u00adtraide, essen\u00adtiels pour un sou\u00adtien effi\u00adcace. Des t\u00e9moignages de femmes ayant franchi le pas ren\u00adfor\u00adc\u00e9 ce mes\u00adsage d\u2019e\u00adspoir.<\/p>\n\n\n\n<p><strong>Bris\u00ader le tabou et avancer<\/strong><\/p>\n\n\n\n<p>Face \u00e0 ces abus, la cl\u00e9 est la vig\u00adi\u00adlance col\u00adlec\u00adtive et le droit des femmes \u00e0 la s\u00e9cu\u00adrit\u00e9, y com\u00adpris dans les sph\u00e8res religieuses. Bob\u00e9a sou\u00adtient pleine\u00adment la trans\u00adparence n\u00e9ces\u00adsaire et la mise en place de pro\u00adtec\u00adtions.<\/p>\n\n\n\n<p><strong>Con\u00adclu\u00adsion<\/strong><\/p>\n\n\n\n<p>Ce t\u00e9moignage courageux ouvre une voie dif\u00adfi\u00adcile mais essen\u00adtielle. Par\u00adler, d\u00e9non\u00adcer, se recon\u00adstru\u00adire : Bob\u00e9a est aux c\u00f4t\u00e9s des femmes qui choi\u00adsis\u00adsent de ne plus \u00eatre silen\u00adcieuses.<\/p>\n","protected":false},"excerpt":{"rendered":"<p>L\u2019in\u00adtim\u00adit\u00e9 du con\u00adfes\u00adsion\u00adnal ou de la rela\u00adtion avec un leader spir\u00adituel est cen\u00ads\u00e9e \u00eatre un refuge de con\u00adfi\u00adance. Pour\u00adtant, cer\u00adtaines femmes vivent des sit\u00adu\u00ada\u00adtions douloureuses, vic\u00adtimes de gestes d\u00e9plac\u00e9s ou\u2026 <\/p>\n","protected":false},"author":1,"featured_media":23583,"comment_status":"open","ping_status":"closed","sticky":false,"template":"","format":"standard","meta":{"wp_typography_post_enhancements_disabled":false,"footnotes":""},"categories":[73],"tags":[17701,17702,17699,17703,17704,17700],"class_list":["post-23581","post","type-post","status-publish","format-standard","has-post-thumbnail","hentry","category-on-en-parle","tag-abus-religieux","tag-aide-victimes-abus","tag-courage-parler-abus","tag-gestes-deplaces-cure","tag-securite-femmes-eglise","tag-temoignage-victime-abus"],"yoast_head":"<!-- This site is optimized with the Yoast SEO plugin v24.7 - https:\/\/yoast.com\/wordpress\/plugins\/seo\/ -->\n<title>Mon cur\u00e9 me touche de mani\u00e8re bizarre, dois-je en parler ? Le courage d&#039;oser la parole - Bobea<\/title>\n<meta name=\"description\" content=\"Ce t\u00e9moignage courageux ouvre une voie difficile mais essentielle. Parler, d\u00e9noncer, se reconstruire : Bob\u00e9a est aux c\u00f4t\u00e9s des femmes\" \/>\n<meta name=\"robots\" content=\"index, follow, max-snippet:-1, max-image-preview:large, max-video-preview:-1\" \/>\n<link rel=\"canonical\" href=\"https:\/\/bobea.net\/index.php\/2025\/08\/21\/mon-cure-me-touche-de-maniere-bizarre-dois-je-en-parler-le-courage-doser-la-parole\/\" \/>\n<meta property=\"og:locale\" content=\"fr_FR\" \/>\n<meta property=\"og:type\" content=\"article\" \/>\n<meta property=\"og:title\" content=\"Mon cur\u00e9 me touche de mani\u00e8re bizarre, dois-je en parler ? Le courage d&#039;oser la parole - Bobea\" \/>\n<meta property=\"og:description\" content=\"Ce t\u00e9moignage courageux ouvre une voie difficile mais essentielle. Parler, d\u00e9noncer, se reconstruire : Bob\u00e9a est aux c\u00f4t\u00e9s des femmes\" \/>\n<meta property=\"og:url\" content=\"https:\/\/bobea.net\/index.php\/2025\/08\/21\/mon-cure-me-touche-de-maniere-bizarre-dois-je-en-parler-le-courage-doser-la-parole\/\" \/>\n<meta property=\"og:site_name\" content=\"Bobea\" \/>\n<meta property=\"article:publisher\" content=\"https:\/\/web.facebook.com\/profile.php?id=61559252188416\" \/>\n<meta property=\"article:published_time\" content=\"2025-08-21T11:46:58+00:00\" \/>\n<meta property=\"article:modified_time\" content=\"2025-08-21T11:46:59+00:00\" \/>\n<meta property=\"og:image\" content=\"https:\/\/bobea.net\/wp-content\/uploads\/2025\/08\/le-pere-jorge-marques-avait-deja-exerce-en-tant-vicaire-dans-des-paroisses-a-illzach-et-a-mulhouse-il-prendra-ses-fonctions-dimanche-18-octobre-a-neuf-brisach-photo-l-alsace-jean-marc-lalevee-1601741040.jpg\" \/>\n\t<meta property=\"og:image:width\" content=\"1597\" \/>\n\t<meta property=\"og:image:height\" content=\"1198\" \/>\n\t<meta property=\"og:image:type\" content=\"image\/jpeg\" \/>\n<meta name=\"author\" content=\"bobea.info\" \/>\n<meta name=\"twitter:card\" content=\"summary_large_image\" \/>\n<meta name=\"twitter:label1\" content=\"\u00c9crit par\" \/>\n\t<meta name=\"twitter:data1\" content=\"bobea.info\" \/>\n\t<meta name=\"twitter:label2\" content=\"Dur\u00e9e de lecture estim\u00e9e\" \/>\n\t<meta name=\"twitter:data2\" content=\"2 minutes\" \/>\n<script type=\"application\/ld+json\" class=\"yoast-schema-graph\">{\"@context\":\"https:\/\/schema.org\",\"@graph\":[{\"@type\":\"Article\",\"@id\":\"https:\/\/bobea.net\/index.php\/2025\/08\/21\/mon-cure-me-touche-de-maniere-bizarre-dois-je-en-parler-le-courage-doser-la-parole\/#article\",\"isPartOf\":{\"@id\":\"https:\/\/bobea.net\/index.php\/2025\/08\/21\/mon-cure-me-touche-de-maniere-bizarre-dois-je-en-parler-le-courage-doser-la-parole\/\"},\"author\":{\"name\":\"bobea.info\",\"@id\":\"https:\/\/bobea.net\/#\/schema\/person\/e7f45ef187918d7c956bf619dce90ccf\"},\"headline\":\"Mon cur\u00e9 me touche de mani\u00e8re bizarre, dois-je en parler ? Le courage d\u2019oser la parole\",\"datePublished\":\"2025-08-21T11:46:58+00:00\",\"dateModified\":\"2025-08-21T11:46:59+00:00\",\"mainEntityOfPage\":{\"@id\":\"https:\/\/bobea.net\/index.php\/2025\/08\/21\/mon-cure-me-touche-de-maniere-bizarre-dois-je-en-parler-le-courage-doser-la-parole\/\"},\"wordCount\":315,\"commentCount\":0,\"publisher\":{\"@id\":\"https:\/\/bobea.net\/#organization\"},\"image\":{\"@id\":\"https:\/\/bobea.net\/index.php\/2025\/08\/21\/mon-cure-me-touche-de-maniere-bizarre-dois-je-en-parler-le-courage-doser-la-parole\/#primaryimage\"},\"thumbnailUrl\":\"https:\/\/bobea.net\/wp-content\/uploads\/2025\/08\/le-pere-jorge-marques-avait-deja-exerce-en-tant-vicaire-dans-des-paroisses-a-illzach-et-a-mulhouse-il-prendra-ses-fonctions-dimanche-18-octobre-a-neuf-brisach-photo-l-alsace-jean-marc-lalevee-1601741040.jpg\",\"keywords\":[\"abus religieux\",\"aide victimes abus\",\"courage parler abus\",\"gestes d\u00e9plac\u00e9s cur\u00e9\",\"s\u00e9curit\u00e9 femmes \u00e9glise\",\"t\u00e9moignage victime abus\"],\"articleSection\":[\"On en Parle\"],\"inLanguage\":\"fr-FR\",\"potentialAction\":[{\"@type\":\"CommentAction\",\"name\":\"Comment\",\"target\":[\"https:\/\/bobea.net\/index.php\/2025\/08\/21\/mon-cure-me-touche-de-maniere-bizarre-dois-je-en-parler-le-courage-doser-la-parole\/#respond\"]}]},{\"@type\":\"WebPage\",\"@id\":\"https:\/\/bobea.net\/index.php\/2025\/08\/21\/mon-cure-me-touche-de-maniere-bizarre-dois-je-en-parler-le-courage-doser-la-parole\/\",\"url\":\"https:\/\/bobea.net\/index.php\/2025\/08\/21\/mon-cure-me-touche-de-maniere-bizarre-dois-je-en-parler-le-courage-doser-la-parole\/\",\"name\":\"Mon cur\u00e9 me touche de mani\u00e8re bizarre, dois-je en parler ? Le courage d'oser la parole - Bobea\",\"isPartOf\":{\"@id\":\"https:\/\/bobea.net\/#website\"},\"primaryImageOfPage\":{\"@id\":\"https:\/\/bobea.net\/index.php\/2025\/08\/21\/mon-cure-me-touche-de-maniere-bizarre-dois-je-en-parler-le-courage-doser-la-parole\/#primaryimage\"},\"image\":{\"@id\":\"https:\/\/bobea.net\/index.php\/2025\/08\/21\/mon-cure-me-touche-de-maniere-bizarre-dois-je-en-parler-le-courage-doser-la-parole\/#primaryimage\"},\"thumbnailUrl\":\"https:\/\/bobea.net\/wp-content\/uploads\/2025\/08\/le-pere-jorge-marques-avait-deja-exerce-en-tant-vicaire-dans-des-paroisses-a-illzach-et-a-mulhouse-il-prendra-ses-fonctions-dimanche-18-octobre-a-neuf-brisach-photo-l-alsace-jean-marc-lalevee-1601741040.jpg\",\"datePublished\":\"2025-08-21T11:46:58+00:00\",\"dateModified\":\"2025-08-21T11:46:59+00:00\",\"description\":\"Ce t\u00e9moignage courageux ouvre une voie difficile mais essentielle. Parler, d\u00e9noncer, se reconstruire : Bob\u00e9a est aux c\u00f4t\u00e9s des femmes\",\"breadcrumb\":{\"@id\":\"https:\/\/bobea.net\/index.php\/2025\/08\/21\/mon-cure-me-touche-de-maniere-bizarre-dois-je-en-parler-le-courage-doser-la-parole\/#breadcrumb\"},\"inLanguage\":\"fr-FR\",\"potentialAction\":[{\"@type\":\"ReadAction\",\"target\":[\"https:\/\/bobea.net\/index.php\/2025\/08\/21\/mon-cure-me-touche-de-maniere-bizarre-dois-je-en-parler-le-courage-doser-la-parole\/\"]}]},{\"@type\":\"ImageObject\",\"inLanguage\":\"fr-FR\",\"@id\":\"https:\/\/bobea.net\/index.php\/2025\/08\/21\/mon-cure-me-touche-de-maniere-bizarre-dois-je-en-parler-le-courage-doser-la-parole\/#primaryimage\",\"url\":\"https:\/\/bobea.net\/wp-content\/uploads\/2025\/08\/le-pere-jorge-marques-avait-deja-exerce-en-tant-vicaire-dans-des-paroisses-a-illzach-et-a-mulhouse-il-prendra-ses-fonctions-dimanche-18-octobre-a-neuf-brisach-photo-l-alsace-jean-marc-lalevee-1601741040.jpg\",\"contentUrl\":\"https:\/\/bobea.net\/wp-content\/uploads\/2025\/08\/le-pere-jorge-marques-avait-deja-exerce-en-tant-vicaire-dans-des-paroisses-a-illzach-et-a-mulhouse-il-prendra-ses-fonctions-dimanche-18-octobre-a-neuf-brisach-photo-l-alsace-jean-marc-lalevee-1601741040.jpg\",\"width\":1597,\"height\":1198},{\"@type\":\"BreadcrumbList\",\"@id\":\"https:\/\/bobea.net\/index.php\/2025\/08\/21\/mon-cure-me-touche-de-maniere-bizarre-dois-je-en-parler-le-courage-doser-la-parole\/#breadcrumb\",\"itemListElement\":[{\"@type\":\"ListItem\",\"position\":1,\"name\":\"Accueil\",\"item\":\"https:\/\/bobea.net\/\"},{\"@type\":\"ListItem\",\"position\":2,\"name\":\"Mon cur\u00e9 me touche de mani\u00e8re bizarre, dois-je en parler ? Le courage d&rsquo;oser la parole\"}]},{\"@type\":\"WebSite\",\"@id\":\"https:\/\/bobea.net\/#website\",\"url\":\"https:\/\/bobea.net\/\",\"name\":\"Bobea\",\"description\":\"Le magazine de la nouvelle \u00c8ve\",\"publisher\":{\"@id\":\"https:\/\/bobea.net\/#organization\"},\"potentialAction\":[{\"@type\":\"SearchAction\",\"target\":{\"@type\":\"EntryPoint\",\"urlTemplate\":\"https:\/\/bobea.net\/?s={search_term_string}\"},\"query-input\":{\"@type\":\"PropertyValueSpecification\",\"valueRequired\":true,\"valueName\":\"search_term_string\"}}],\"inLanguage\":\"fr-FR\"},{\"@type\":\"Organization\",\"@id\":\"https:\/\/bobea.net\/#organization\",\"name\":\"Bobea\",\"url\":\"https:\/\/bobea.net\/\",\"logo\":{\"@type\":\"ImageObject\",\"inLanguage\":\"fr-FR\",\"@id\":\"https:\/\/bobea.net\/#\/schema\/logo\/image\/\",\"url\":\"https:\/\/bobea.net\/wp-content\/uploads\/2024\/06\/bobea.jpg\",\"contentUrl\":\"https:\/\/bobea.net\/wp-content\/uploads\/2024\/06\/bobea.jpg\",\"width\":1080,\"height\":1080,\"caption\":\"Bobea\"},\"image\":{\"@id\":\"https:\/\/bobea.net\/#\/schema\/logo\/image\/\"},\"sameAs\":[\"https:\/\/web.facebook.com\/profile.php?id=61559252188416\"]},{\"@type\":\"Person\",\"@id\":\"https:\/\/bobea.net\/#\/schema\/person\/e7f45ef187918d7c956bf619dce90ccf\",\"name\":\"bobea.info\",\"image\":{\"@type\":\"ImageObject\",\"inLanguage\":\"fr-FR\",\"@id\":\"https:\/\/bobea.net\/#\/schema\/person\/image\/\",\"url\":\"https:\/\/secure.gravatar.com\/avatar\/36147980349df887ae30808df3e29474?s=96&d=mm&r=g\",\"contentUrl\":\"https:\/\/secure.gravatar.com\/avatar\/36147980349df887ae30808df3e29474?s=96&d=mm&r=g\",\"caption\":\"bobea.info\"},\"sameAs\":[\"https:\/\/bobea.net\"],\"url\":\"https:\/\/bobea.net\/index.php\/author\/bobea-info\/\"}]}<\/script>\n<!-- \/ Yoast SEO plugin. -->","yoast_head_json":{"title":"Mon cur\u00e9 me touche de mani\u00e8re bizarre, dois-je en parler ? Le courage d'oser la parole - Bobea","description":"Ce t\u00e9moignage courageux ouvre une voie difficile mais essentielle. Parler, d\u00e9noncer, se reconstruire : Bob\u00e9a est aux c\u00f4t\u00e9s des femmes","robots":{"index":"index","follow":"follow","max-snippet":"max-snippet:-1","max-image-preview":"max-image-preview:large","max-video-preview":"max-video-preview:-1"},"canonical":"https:\/\/bobea.net\/index.php\/2025\/08\/21\/mon-cure-me-touche-de-maniere-bizarre-dois-je-en-parler-le-courage-doser-la-parole\/","og_locale":"fr_FR","og_type":"article","og_title":"Mon cur\u00e9 me touche de mani\u00e8re bizarre, dois-je en parler ? Le courage d'oser la parole - Bobea","og_description":"Ce t\u00e9moignage courageux ouvre une voie difficile mais essentielle. Parler, d\u00e9noncer, se reconstruire : Bob\u00e9a est aux c\u00f4t\u00e9s des femmes","og_url":"https:\/\/bobea.net\/index.php\/2025\/08\/21\/mon-cure-me-touche-de-maniere-bizarre-dois-je-en-parler-le-courage-doser-la-parole\/","og_site_name":"Bobea","article_publisher":"https:\/\/web.facebook.com\/profile.php?id=61559252188416","article_published_time":"2025-08-21T11:46:58+00:00","article_modified_time":"2025-08-21T11:46:59+00:00","og_image":[{"width":1597,"height":1198,"url":"https:\/\/bobea.net\/wp-content\/uploads\/2025\/08\/le-pere-jorge-marques-avait-deja-exerce-en-tant-vicaire-dans-des-paroisses-a-illzach-et-a-mulhouse-il-prendra-ses-fonctions-dimanche-18-octobre-a-neuf-brisach-photo-l-alsace-jean-marc-lalevee-1601741040.jpg","type":"image\/jpeg"}],"author":"bobea.info","twitter_card":"summary_large_image","twitter_misc":{"\u00c9crit par":"bobea.info","Dur\u00e9e de lecture estim\u00e9e":"2 minutes"},"schema":{"@context":"https:\/\/schema.org","@graph":[{"@type":"Article","@id":"https:\/\/bobea.net\/index.php\/2025\/08\/21\/mon-cure-me-touche-de-maniere-bizarre-dois-je-en-parler-le-courage-doser-la-parole\/#article","isPartOf":{"@id":"https:\/\/bobea.net\/index.php\/2025\/08\/21\/mon-cure-me-touche-de-maniere-bizarre-dois-je-en-parler-le-courage-doser-la-parole\/"},"author":{"name":"bobea.info","@id":"https:\/\/bobea.net\/#\/schema\/person\/e7f45ef187918d7c956bf619dce90ccf"},"headline":"Mon cur\u00e9 me touche de mani\u00e8re bizarre, dois-je en parler ? Le courage d\u2019oser la parole","datePublished":"2025-08-21T11:46:58+00:00","dateModified":"2025-08-21T11:46:59+00:00","mainEntityOfPage":{"@id":"https:\/\/bobea.net\/index.php\/2025\/08\/21\/mon-cure-me-touche-de-maniere-bizarre-dois-je-en-parler-le-courage-doser-la-parole\/"},"wordCount":315,"commentCount":0,"publisher":{"@id":"https:\/\/bobea.net\/#organization"},"image":{"@id":"https:\/\/bobea.net\/index.php\/2025\/08\/21\/mon-cure-me-touche-de-maniere-bizarre-dois-je-en-parler-le-courage-doser-la-parole\/#primaryimage"},"thumbnailUrl":"https:\/\/bobea.net\/wp-content\/uploads\/2025\/08\/le-pere-jorge-marques-avait-deja-exerce-en-tant-vicaire-dans-des-paroisses-a-illzach-et-a-mulhouse-il-prendra-ses-fonctions-dimanche-18-octobre-a-neuf-brisach-photo-l-alsace-jean-marc-lalevee-1601741040.jpg","keywords":["abus religieux","aide victimes abus","courage parler abus","gestes d\u00e9plac\u00e9s cur\u00e9","s\u00e9curit\u00e9 femmes \u00e9glise","t\u00e9moignage victime abus"],"articleSection":["On en Parle"],"inLanguage":"fr-FR","potentialAction":[{"@type":"CommentAction","name":"Comment","target":["https:\/\/bobea.net\/index.php\/2025\/08\/21\/mon-cure-me-touche-de-maniere-bizarre-dois-je-en-parler-le-courage-doser-la-parole\/#respond"]}]},{"@type":"WebPage","@id":"https:\/\/bobea.net\/index.php\/2025\/08\/21\/mon-cure-me-touche-de-maniere-bizarre-dois-je-en-parler-le-courage-doser-la-parole\/","url":"https:\/\/bobea.net\/index.php\/2025\/08\/21\/mon-cure-me-touche-de-maniere-bizarre-dois-je-en-parler-le-courage-doser-la-parole\/","name":"Mon cur\u00e9 me touche de mani\u00e8re bizarre, dois-je en parler ? Le courage d'oser la parole - Bobea","isPartOf":{"@id":"https:\/\/bobea.net\/#website"},"primaryImageOfPage":{"@id":"https:\/\/bobea.net\/index.php\/2025\/08\/21\/mon-cure-me-touche-de-maniere-bizarre-dois-je-en-parler-le-courage-doser-la-parole\/#primaryimage"},"image":{"@id":"https:\/\/bobea.net\/index.php\/2025\/08\/21\/mon-cure-me-touche-de-maniere-bizarre-dois-je-en-parler-le-courage-doser-la-parole\/#primaryimage"},"thumbnailUrl":"https:\/\/bobea.net\/wp-content\/uploads\/2025\/08\/le-pere-jorge-marques-avait-deja-exerce-en-tant-vicaire-dans-des-paroisses-a-illzach-et-a-mulhouse-il-prendra-ses-fonctions-dimanche-18-octobre-a-neuf-brisach-photo-l-alsace-jean-marc-lalevee-1601741040.jpg","datePublished":"2025-08-21T11:46:58+00:00","dateModified":"2025-08-21T11:46:59+00:00","description":"Ce t\u00e9moignage courageux ouvre une voie difficile mais essentielle. Parler, d\u00e9noncer, se reconstruire : Bob\u00e9a est aux c\u00f4t\u00e9s des femmes","breadcrumb":{"@id":"https:\/\/bobea.net\/index.php\/2025\/08\/21\/mon-cure-me-touche-de-maniere-bizarre-dois-je-en-parler-le-courage-doser-la-parole\/#breadcrumb"},"inLanguage":"fr-FR","potentialAction":[{"@type":"ReadAction","target":["https:\/\/bobea.net\/index.php\/2025\/08\/21\/mon-cure-me-touche-de-maniere-bizarre-dois-je-en-parler-le-courage-doser-la-parole\/"]}]},{"@type":"ImageObject","inLanguage":"fr-FR","@id":"https:\/\/bobea.net\/index.php\/2025\/08\/21\/mon-cure-me-touche-de-maniere-bizarre-dois-je-en-parler-le-courage-doser-la-parole\/#primaryimage","url":"https:\/\/bobea.net\/wp-content\/uploads\/2025\/08\/le-pere-jorge-marques-avait-deja-exerce-en-tant-vicaire-dans-des-paroisses-a-illzach-et-a-mulhouse-il-prendra-ses-fonctions-dimanche-18-octobre-a-neuf-brisach-photo-l-alsace-jean-marc-lalevee-1601741040.jpg","contentUrl":"https:\/\/bobea.net\/wp-content\/uploads\/2025\/08\/le-pere-jorge-marques-avait-deja-exerce-en-tant-vicaire-dans-des-paroisses-a-illzach-et-a-mulhouse-il-prendra-ses-fonctions-dimanche-18-octobre-a-neuf-brisach-photo-l-alsace-jean-marc-lalevee-1601741040.jpg","width":1597,"height":1198},{"@type":"BreadcrumbList","@id":"https:\/\/bobea.net\/index.php\/2025\/08\/21\/mon-cure-me-touche-de-maniere-bizarre-dois-je-en-parler-le-courage-doser-la-parole\/#breadcrumb","itemListElement":[{"@type":"ListItem","position":1,"name":"Accueil","item":"https:\/\/bobea.net\/"},{"@type":"ListItem","position":2,"name":"Mon cur\u00e9 me touche de mani\u00e8re bizarre, dois-je en parler ? Le courage d&rsquo;oser la parole"}]},{"@type":"WebSite","@id":"https:\/\/bobea.net\/#website","url":"https:\/\/bobea.net\/","name":"Bobea","description":"Le magazine de la nouvelle \u00c8ve","publisher":{"@id":"https:\/\/bobea.net\/#organization"},"potentialAction":[{"@type":"SearchAction","target":{"@type":"EntryPoint","urlTemplate":"https:\/\/bobea.net\/?s={search_term_string}"},"query-input":{"@type":"PropertyValueSpecification","valueRequired":true,"valueName":"search_term_string"}}],"inLanguage":"fr-FR"},{"@type":"Organization","@id":"https:\/\/bobea.net\/#organization","name":"Bobea","url":"https:\/\/bobea.net\/","logo":{"@type":"ImageObject","inLanguage":"fr-FR","@id":"https:\/\/bobea.net\/#\/schema\/logo\/image\/","url":"https:\/\/bobea.net\/wp-content\/uploads\/2024\/06\/bobea.jpg","contentUrl":"https:\/\/bobea.net\/wp-content\/uploads\/2024\/06\/bobea.jpg","width":1080,"height":1080,"caption":"Bobea"},"image":{"@id":"https:\/\/bobea.net\/#\/schema\/logo\/image\/"},"sameAs":["https:\/\/web.facebook.com\/profile.php?id=61559252188416"]},{"@type":"Person","@id":"https:\/\/bobea.net\/#\/schema\/person\/e7f45ef187918d7c956bf619dce90ccf","name":"bobea.info","image":{"@type":"ImageObject","inLanguage":"fr-FR","@id":"https:\/\/bobea.net\/#\/schema\/person\/image\/","url":"https:\/\/secure.gravatar.com\/avatar\/36147980349df887ae30808df3e29474?s=96&d=mm&r=g","contentUrl":"https:\/\/secure.gravatar.com\/avatar\/36147980349df887ae30808df3e29474?s=96&d=mm&r=g","caption":"bobea.info"},"sameAs":["https:\/\/bobea.net"],"url":"https:\/\/bobea.net\/index.php\/author\/bobea-info\/"}]}},"_links":{"self":[{"href":"https:\/\/bobea.net\/index.php\/wp-json\/wp\/v2\/posts\/23581"}],"collection":[{"href":"https:\/\/bobea.net\/index.php\/wp-json\/wp\/v2\/posts"}],"about":[{"href":"https:\/\/bobea.net\/index.php\/wp-json\/wp\/v2\/types\/post"}],"author":[{"embeddable":true,"href":"https:\/\/bobea.net\/index.php\/wp-json\/wp\/v2\/users\/1"}],"replies":[{"embeddable":true,"href":"https:\/\/bobea.net\/index.php\/wp-json\/wp\/v2\/comments?post=23581"}],"version-history":[{"count":1,"href":"https:\/\/bobea.net\/index.php\/wp-json\/wp\/v2\/posts\/23581\/revisions"}],"predecessor-version":[{"id":23584,"href":"https:\/\/bobea.net\/index.php\/wp-json\/wp\/v2\/posts\/23581\/revisions\/23584"}],"wp:featuredmedia":[{"embeddable":true,"href":"https:\/\/bobea.net\/index.php\/wp-json\/wp\/v2\/media\/23583"}],"wp:attachment":[{"href":"https:\/\/bobea.net\/index.php\/wp-json\/wp\/v2\/media?parent=23581"}],"wp:term":[{"taxonomy":"category","embeddable":true,"href":"https:\/\/bobea.net\/index.php\/wp-json\/wp\/v2\/categories?post=23581"},{"taxonomy":"post_tag","embeddable":true,"href":"https:\/\/bobea.net\/index.php\/wp-json\/wp\/v2\/tags?post=23581"}],"curies":[{"name":"wp","href":"https:\/\/api.w.org\/{rel}","templated":true}]}}