{"id":23558,"date":"2025-08-21T11:23:58","date_gmt":"2025-08-21T11:23:58","guid":{"rendered":"https:\/\/bobea.net\/?p=23558"},"modified":"2025-08-21T11:23:59","modified_gmt":"2025-08-21T11:23:59","slug":"cheveux-au-vent-le-minimalisme-capillaire-qui-sublime-naturellement","status":"publish","type":"post","link":"https:\/\/bobea.net\/index.php\/2025\/08\/21\/cheveux-au-vent-le-minimalisme-capillaire-qui-sublime-naturellement\/","title":{"rendered":"Cheveux au vent \u2013 \u200b\u200ble minimalisme capillaire qui sublime naturellement"},"content":{"rendered":"\n<p>Le retour \u00e0 la nature touche aus\u00adsi la beaut\u00e9 capil\u00adlaire : la ten\u00addance \u00ab cheveux au vent \u00bb s\u2019im\u00adpose comme l\u2019ex\u00adpres\u00adsion authen\u00adtique d\u2019un style libre, \u00e9l\u00e9\u00adgant et sans arti\u00adfices super\u00adflus. Bob\u00e9a vous guide dans cette nou\u00advelle esth\u00e9\u00adtique, pour des cheveux qui respirent et sub\u00adli\u00adment la f\u00e9minit\u00e9.<\/p>\n\n\n\n<p><strong>Pourquoi choisir le min\u00adi\u00admal\u00adisme capil\u00adlaire ?<\/strong><\/p>\n\n\n\n<p>Cette ten\u00addance mise sur la sim\u00adplic\u00adit\u00e9 et la l\u00e9g\u00e8ret\u00e9. Elle priv\u00adil\u00e9gie la san\u00adt\u00e9 naturelle du cheveu, \u00e9vite les traite\u00adments agres\u00adsifs et c\u00e9l\u00e8bre la tex\u00adture orig\u00adi\u00adnale. Le \u00ab cheveux au vent \u00bb est une d\u00e9c\u00adla\u00adra\u00adtion d\u2019\u00e9l\u00e9\u00adgance d\u00e9con\u00adtrac\u00adt\u00e9e, id\u00e9ale pour les femmes qui aiment la lib\u00adert\u00e9 mais souhait\u00adent rester chic.<\/p>\n\n\n\n<p><strong>Les soins adap\u00adt\u00e9s<\/strong><\/p>\n\n\n\n<p>Des sham\u00adpo\u00adings doux, des huiles naturelles comme l\u2019ar\u00adgan ou le jojo\u00adba, et une hydrata\u00adtion r\u00e9guli\u00e8re sont les bases indis\u00adpens\u00adables. Bob\u00e9a recom\u00admande d\u2019\u00e9viter les pro\u00adduits chim\u00adiques lourds et de priv\u00adil\u00e9gi\u00ader les rou\u00adtines naturelles pour pro\u00adt\u00e9ger les cheveux du soleil, du vent et de la pol\u00adlu\u00adtion.<\/p>\n\n\n\n<figure class=\"wp-block-image size-large\"><img loading=\"lazy\" decoding=\"async\" width=\"1024\" height=\"683\" src=\"https:\/\/bobea.net\/wp-content\/uploads\/2025\/08\/sXjqk3eydc.jpeg-1024x683.webp\" alt class=\"wp-image-23559\" srcset=\"https:\/\/bobea.net\/wp-content\/uploads\/2025\/08\/sXjqk3eydc.jpeg-1024x683.webp 1024w, https:\/\/bobea.net\/wp-content\/uploads\/2025\/08\/sXjqk3eydc.jpeg-300x200.webp 300w, https:\/\/bobea.net\/wp-content\/uploads\/2025\/08\/sXjqk3eydc.jpeg-768x512.webp 768w, https:\/\/bobea.net\/wp-content\/uploads\/2025\/08\/sXjqk3eydc.jpeg.webp 1440w\" sizes=\"(max-width: 1024px) 100vw, 1024px\"><\/figure>\n\n\n\n<p><strong>Tech\u00adniques faciles pour un look naturel<\/strong><\/p>\n\n\n\n<p>Que vos cheveux soient courts, longs, boucl\u00e9s ou raides, la cl\u00e9 est de les laiss\u00ader libres avec un min\u00adi\u00admum de fix\u00ada\u00adtion. Quelques gestes sim\u00adples : un brush\u00ading l\u00e9ger naturel, un spray d\u2019eau de mer pour don\u00adner du vol\u00adume et des ondu\u00adla\u00adtions, ou un coiffage au doigt pour garder une allure d\u00e9con\u00adtrac\u00adt\u00e9e.<br>Les acces\u00adsoires l\u00e9gers, tels que bar\u00adrettes min\u00adi\u00admal\u00adistes ou foulards fins, com\u00adpl\u00e8\u00adtent par\u00adfaite\u00adment cette ten\u00addance.<\/p>\n\n\n\n<p><strong>Quand et pour qui ?<\/strong><\/p>\n\n\n\n<p>Le \u00ab cheveux au vent \u00bb con\u00advient \u00e0 toutes, et s\u2019adapte \u00e0 toutes les occa\u00adsions, des sor\u00adties quo\u00adti\u00addi\u00adennes aux soir\u00e9es esti\u00advales. C\u2019est un style qui s\u2019har\u00admonise par\u00adti\u00adc\u00aduli\u00e8re\u00adment bien avec les v\u00eate\u00adments flu\u00adides, la mode boh\u00e8me ou les looks min\u00adi\u00admal\u00adistes.<\/p>\n\n\n\n<p><strong>Con\u00adclu\u00adsion<\/strong><\/p>\n\n\n\n<p>Pren\u00addre soin de ses cheveux en les respec\u00adtant et en ressen\u00adtant la sim\u00adplic\u00adit\u00e9, c\u2019est refl\u00e9ter une beaut\u00e9 sinc\u00e8re et durable. Le \u00ab cheveux au vent \u00bb est la promesse d\u2019un style naturel raf\u00adfin\u00e9, en par\u00adfaite coh\u00e9rence avec l\u2019e\u00adsprit Bob\u00e9a.<\/p>\n","protected":false},"excerpt":{"rendered":"<p>Le retour \u00e0 la nature touche aus\u00adsi la beaut\u00e9 capil\u00adlaire : la ten\u00addance \u00ab cheveux au vent \u00bb s\u2019im\u00adpose comme l\u2019ex\u00adpres\u00adsion authen\u00adtique d\u2019un style libre, \u00e9l\u00e9\u00adgant et sans arti\u00adfices super\u00adflus.\u2026 <\/p>\n","protected":false},"author":1,"featured_media":23560,"comment_status":"open","ping_status":"closed","sticky":false,"template":"","format":"standard","meta":{"wp_typography_post_enhancements_disabled":false,"footnotes":""},"categories":[51],"tags":[17678,17679,11888,13329,11973,17677,17680],"class_list":["post-23558","post","type-post","status-publish","format-standard","has-post-thumbnail","hentry","category-beaute","tag-beaute-cheveux-femme","tag-cheveux-au-vent","tag-coiffure-facile","tag-coiffure-naturelle","tag-look-naturel","tag-minimalisme-capillaire","tag-tendances-cheveux-ete"],"yoast_head":"<!-- This site is optimized with the Yoast SEO plugin v24.7 - https:\/\/yoast.com\/wordpress\/plugins\/seo\/ -->\n<title>Cheveux au vent \u2013 \u200b\u200ble minimalisme capillaire qui sublime naturellement - Bobea<\/title>\n<meta name=\"description\" content=\"Prendre soin de ses cheveux en les respectant et en ressentant la simplicit\u00e9, c&#039;est refl\u00e9ter une beaut\u00e9 sinc\u00e8re et durable.\" \/>\n<meta name=\"robots\" content=\"index, follow, max-snippet:-1, max-image-preview:large, max-video-preview:-1\" \/>\n<link rel=\"canonical\" href=\"https:\/\/bobea.net\/index.php\/2025\/08\/21\/cheveux-au-vent-le-minimalisme-capillaire-qui-sublime-naturellement\/\" \/>\n<meta property=\"og:locale\" content=\"fr_FR\" \/>\n<meta property=\"og:type\" content=\"article\" \/>\n<meta property=\"og:title\" content=\"Cheveux au vent \u2013 \u200b\u200ble minimalisme capillaire qui sublime naturellement - Bobea\" \/>\n<meta property=\"og:description\" content=\"Prendre soin de ses cheveux en les respectant et en ressentant la simplicit\u00e9, c&#039;est refl\u00e9ter une beaut\u00e9 sinc\u00e8re et durable.\" \/>\n<meta property=\"og:url\" content=\"https:\/\/bobea.net\/index.php\/2025\/08\/21\/cheveux-au-vent-le-minimalisme-capillaire-qui-sublime-naturellement\/\" \/>\n<meta property=\"og:site_name\" content=\"Bobea\" \/>\n<meta property=\"article:publisher\" content=\"https:\/\/web.facebook.com\/profile.php?id=61559252188416\" \/>\n<meta property=\"article:published_time\" content=\"2025-08-21T11:23:58+00:00\" \/>\n<meta property=\"article:modified_time\" content=\"2025-08-21T11:23:59+00:00\" \/>\n<meta property=\"og:image\" content=\"https:\/\/bobea.net\/wp-content\/uploads\/2025\/08\/Sublimer-vos-cheveux-artisan-coloriste-by-melanie-1.png\" \/>\n\t<meta property=\"og:image:width\" content=\"1200\" \/>\n\t<meta property=\"og:image:height\" content=\"627\" \/>\n\t<meta property=\"og:image:type\" content=\"image\/png\" \/>\n<meta name=\"author\" content=\"bobea.info\" \/>\n<meta name=\"twitter:card\" content=\"summary_large_image\" \/>\n<meta name=\"twitter:label1\" content=\"\u00c9crit par\" \/>\n\t<meta name=\"twitter:data1\" content=\"bobea.info\" \/>\n\t<meta name=\"twitter:label2\" content=\"Dur\u00e9e de lecture estim\u00e9e\" \/>\n\t<meta name=\"twitter:data2\" content=\"2 minutes\" \/>\n<script type=\"application\/ld+json\" class=\"yoast-schema-graph\">{\"@context\":\"https:\/\/schema.org\",\"@graph\":[{\"@type\":\"Article\",\"@id\":\"https:\/\/bobea.net\/index.php\/2025\/08\/21\/cheveux-au-vent-le-minimalisme-capillaire-qui-sublime-naturellement\/#article\",\"isPartOf\":{\"@id\":\"https:\/\/bobea.net\/index.php\/2025\/08\/21\/cheveux-au-vent-le-minimalisme-capillaire-qui-sublime-naturellement\/\"},\"author\":{\"name\":\"bobea.info\",\"@id\":\"https:\/\/bobea.net\/#\/schema\/person\/e7f45ef187918d7c956bf619dce90ccf\"},\"headline\":\"Cheveux au vent \u2013 \u200b\u200ble minimalisme capillaire qui sublime naturellement\",\"datePublished\":\"2025-08-21T11:23:58+00:00\",\"dateModified\":\"2025-08-21T11:23:59+00:00\",\"mainEntityOfPage\":{\"@id\":\"https:\/\/bobea.net\/index.php\/2025\/08\/21\/cheveux-au-vent-le-minimalisme-capillaire-qui-sublime-naturellement\/\"},\"wordCount\":343,\"commentCount\":0,\"publisher\":{\"@id\":\"https:\/\/bobea.net\/#organization\"},\"image\":{\"@id\":\"https:\/\/bobea.net\/index.php\/2025\/08\/21\/cheveux-au-vent-le-minimalisme-capillaire-qui-sublime-naturellement\/#primaryimage\"},\"thumbnailUrl\":\"https:\/\/bobea.net\/wp-content\/uploads\/2025\/08\/Sublimer-vos-cheveux-artisan-coloriste-by-melanie-1.png\",\"keywords\":[\"beaut\u00e9 cheveux femme\",\"cheveux au vent\",\"coiffure facile\",\"coiffure naturelle\",\"look naturel\",\"minimalisme capillaire\",\"tendances cheveux \u00e9t\u00e9\"],\"articleSection\":[\"Beaut\u00e9\"],\"inLanguage\":\"fr-FR\",\"potentialAction\":[{\"@type\":\"CommentAction\",\"name\":\"Comment\",\"target\":[\"https:\/\/bobea.net\/index.php\/2025\/08\/21\/cheveux-au-vent-le-minimalisme-capillaire-qui-sublime-naturellement\/#respond\"]}]},{\"@type\":\"WebPage\",\"@id\":\"https:\/\/bobea.net\/index.php\/2025\/08\/21\/cheveux-au-vent-le-minimalisme-capillaire-qui-sublime-naturellement\/\",\"url\":\"https:\/\/bobea.net\/index.php\/2025\/08\/21\/cheveux-au-vent-le-minimalisme-capillaire-qui-sublime-naturellement\/\",\"name\":\"Cheveux au vent \u2013 \u200b\u200ble minimalisme capillaire qui sublime naturellement - Bobea\",\"isPartOf\":{\"@id\":\"https:\/\/bobea.net\/#website\"},\"primaryImageOfPage\":{\"@id\":\"https:\/\/bobea.net\/index.php\/2025\/08\/21\/cheveux-au-vent-le-minimalisme-capillaire-qui-sublime-naturellement\/#primaryimage\"},\"image\":{\"@id\":\"https:\/\/bobea.net\/index.php\/2025\/08\/21\/cheveux-au-vent-le-minimalisme-capillaire-qui-sublime-naturellement\/#primaryimage\"},\"thumbnailUrl\":\"https:\/\/bobea.net\/wp-content\/uploads\/2025\/08\/Sublimer-vos-cheveux-artisan-coloriste-by-melanie-1.png\",\"datePublished\":\"2025-08-21T11:23:58+00:00\",\"dateModified\":\"2025-08-21T11:23:59+00:00\",\"description\":\"Prendre soin de ses cheveux en les respectant et en ressentant la simplicit\u00e9, c'est refl\u00e9ter une beaut\u00e9 sinc\u00e8re et durable.\",\"breadcrumb\":{\"@id\":\"https:\/\/bobea.net\/index.php\/2025\/08\/21\/cheveux-au-vent-le-minimalisme-capillaire-qui-sublime-naturellement\/#breadcrumb\"},\"inLanguage\":\"fr-FR\",\"potentialAction\":[{\"@type\":\"ReadAction\",\"target\":[\"https:\/\/bobea.net\/index.php\/2025\/08\/21\/cheveux-au-vent-le-minimalisme-capillaire-qui-sublime-naturellement\/\"]}]},{\"@type\":\"ImageObject\",\"inLanguage\":\"fr-FR\",\"@id\":\"https:\/\/bobea.net\/index.php\/2025\/08\/21\/cheveux-au-vent-le-minimalisme-capillaire-qui-sublime-naturellement\/#primaryimage\",\"url\":\"https:\/\/bobea.net\/wp-content\/uploads\/2025\/08\/Sublimer-vos-cheveux-artisan-coloriste-by-melanie-1.png\",\"contentUrl\":\"https:\/\/bobea.net\/wp-content\/uploads\/2025\/08\/Sublimer-vos-cheveux-artisan-coloriste-by-melanie-1.png\",\"width\":1200,\"height\":627},{\"@type\":\"BreadcrumbList\",\"@id\":\"https:\/\/bobea.net\/index.php\/2025\/08\/21\/cheveux-au-vent-le-minimalisme-capillaire-qui-sublime-naturellement\/#breadcrumb\",\"itemListElement\":[{\"@type\":\"ListItem\",\"position\":1,\"name\":\"Accueil\",\"item\":\"https:\/\/bobea.net\/\"},{\"@type\":\"ListItem\",\"position\":2,\"name\":\"Cheveux au vent \u2013 \u200b\u200ble minimalisme capillaire qui sublime naturellement\"}]},{\"@type\":\"WebSite\",\"@id\":\"https:\/\/bobea.net\/#website\",\"url\":\"https:\/\/bobea.net\/\",\"name\":\"Bobea\",\"description\":\"Le magazine de la nouvelle \u00c8ve\",\"publisher\":{\"@id\":\"https:\/\/bobea.net\/#organization\"},\"potentialAction\":[{\"@type\":\"SearchAction\",\"target\":{\"@type\":\"EntryPoint\",\"urlTemplate\":\"https:\/\/bobea.net\/?s={search_term_string}\"},\"query-input\":{\"@type\":\"PropertyValueSpecification\",\"valueRequired\":true,\"valueName\":\"search_term_string\"}}],\"inLanguage\":\"fr-FR\"},{\"@type\":\"Organization\",\"@id\":\"https:\/\/bobea.net\/#organization\",\"name\":\"Bobea\",\"url\":\"https:\/\/bobea.net\/\",\"logo\":{\"@type\":\"ImageObject\",\"inLanguage\":\"fr-FR\",\"@id\":\"https:\/\/bobea.net\/#\/schema\/logo\/image\/\",\"url\":\"https:\/\/bobea.net\/wp-content\/uploads\/2024\/06\/bobea.jpg\",\"contentUrl\":\"https:\/\/bobea.net\/wp-content\/uploads\/2024\/06\/bobea.jpg\",\"width\":1080,\"height\":1080,\"caption\":\"Bobea\"},\"image\":{\"@id\":\"https:\/\/bobea.net\/#\/schema\/logo\/image\/\"},\"sameAs\":[\"https:\/\/web.facebook.com\/profile.php?id=61559252188416\"]},{\"@type\":\"Person\",\"@id\":\"https:\/\/bobea.net\/#\/schema\/person\/e7f45ef187918d7c956bf619dce90ccf\",\"name\":\"bobea.info\",\"image\":{\"@type\":\"ImageObject\",\"inLanguage\":\"fr-FR\",\"@id\":\"https:\/\/bobea.net\/#\/schema\/person\/image\/\",\"url\":\"https:\/\/secure.gravatar.com\/avatar\/36147980349df887ae30808df3e29474?s=96&d=mm&r=g\",\"contentUrl\":\"https:\/\/secure.gravatar.com\/avatar\/36147980349df887ae30808df3e29474?s=96&d=mm&r=g\",\"caption\":\"bobea.info\"},\"sameAs\":[\"https:\/\/bobea.net\"],\"url\":\"https:\/\/bobea.net\/index.php\/author\/bobea-info\/\"}]}<\/script>\n<!-- \/ Yoast SEO plugin. -->","yoast_head_json":{"title":"Cheveux au vent \u2013 \u200b\u200ble minimalisme capillaire qui sublime naturellement - Bobea","description":"Prendre soin de ses cheveux en les respectant et en ressentant la simplicit\u00e9, c'est refl\u00e9ter une beaut\u00e9 sinc\u00e8re et durable.","robots":{"index":"index","follow":"follow","max-snippet":"max-snippet:-1","max-image-preview":"max-image-preview:large","max-video-preview":"max-video-preview:-1"},"canonical":"https:\/\/bobea.net\/index.php\/2025\/08\/21\/cheveux-au-vent-le-minimalisme-capillaire-qui-sublime-naturellement\/","og_locale":"fr_FR","og_type":"article","og_title":"Cheveux au vent \u2013 \u200b\u200ble minimalisme capillaire qui sublime naturellement - Bobea","og_description":"Prendre soin de ses cheveux en les respectant et en ressentant la simplicit\u00e9, c'est refl\u00e9ter une beaut\u00e9 sinc\u00e8re et durable.","og_url":"https:\/\/bobea.net\/index.php\/2025\/08\/21\/cheveux-au-vent-le-minimalisme-capillaire-qui-sublime-naturellement\/","og_site_name":"Bobea","article_publisher":"https:\/\/web.facebook.com\/profile.php?id=61559252188416","article_published_time":"2025-08-21T11:23:58+00:00","article_modified_time":"2025-08-21T11:23:59+00:00","og_image":[{"width":1200,"height":627,"url":"https:\/\/bobea.net\/wp-content\/uploads\/2025\/08\/Sublimer-vos-cheveux-artisan-coloriste-by-melanie-1.png","type":"image\/png"}],"author":"bobea.info","twitter_card":"summary_large_image","twitter_misc":{"\u00c9crit par":"bobea.info","Dur\u00e9e de lecture estim\u00e9e":"2 minutes"},"schema":{"@context":"https:\/\/schema.org","@graph":[{"@type":"Article","@id":"https:\/\/bobea.net\/index.php\/2025\/08\/21\/cheveux-au-vent-le-minimalisme-capillaire-qui-sublime-naturellement\/#article","isPartOf":{"@id":"https:\/\/bobea.net\/index.php\/2025\/08\/21\/cheveux-au-vent-le-minimalisme-capillaire-qui-sublime-naturellement\/"},"author":{"name":"bobea.info","@id":"https:\/\/bobea.net\/#\/schema\/person\/e7f45ef187918d7c956bf619dce90ccf"},"headline":"Cheveux au vent \u2013 \u200b\u200ble minimalisme capillaire qui sublime naturellement","datePublished":"2025-08-21T11:23:58+00:00","dateModified":"2025-08-21T11:23:59+00:00","mainEntityOfPage":{"@id":"https:\/\/bobea.net\/index.php\/2025\/08\/21\/cheveux-au-vent-le-minimalisme-capillaire-qui-sublime-naturellement\/"},"wordCount":343,"commentCount":0,"publisher":{"@id":"https:\/\/bobea.net\/#organization"},"image":{"@id":"https:\/\/bobea.net\/index.php\/2025\/08\/21\/cheveux-au-vent-le-minimalisme-capillaire-qui-sublime-naturellement\/#primaryimage"},"thumbnailUrl":"https:\/\/bobea.net\/wp-content\/uploads\/2025\/08\/Sublimer-vos-cheveux-artisan-coloriste-by-melanie-1.png","keywords":["beaut\u00e9 cheveux femme","cheveux au vent","coiffure facile","coiffure naturelle","look naturel","minimalisme capillaire","tendances cheveux \u00e9t\u00e9"],"articleSection":["Beaut\u00e9"],"inLanguage":"fr-FR","potentialAction":[{"@type":"CommentAction","name":"Comment","target":["https:\/\/bobea.net\/index.php\/2025\/08\/21\/cheveux-au-vent-le-minimalisme-capillaire-qui-sublime-naturellement\/#respond"]}]},{"@type":"WebPage","@id":"https:\/\/bobea.net\/index.php\/2025\/08\/21\/cheveux-au-vent-le-minimalisme-capillaire-qui-sublime-naturellement\/","url":"https:\/\/bobea.net\/index.php\/2025\/08\/21\/cheveux-au-vent-le-minimalisme-capillaire-qui-sublime-naturellement\/","name":"Cheveux au vent \u2013 \u200b\u200ble minimalisme capillaire qui sublime naturellement - Bobea","isPartOf":{"@id":"https:\/\/bobea.net\/#website"},"primaryImageOfPage":{"@id":"https:\/\/bobea.net\/index.php\/2025\/08\/21\/cheveux-au-vent-le-minimalisme-capillaire-qui-sublime-naturellement\/#primaryimage"},"image":{"@id":"https:\/\/bobea.net\/index.php\/2025\/08\/21\/cheveux-au-vent-le-minimalisme-capillaire-qui-sublime-naturellement\/#primaryimage"},"thumbnailUrl":"https:\/\/bobea.net\/wp-content\/uploads\/2025\/08\/Sublimer-vos-cheveux-artisan-coloriste-by-melanie-1.png","datePublished":"2025-08-21T11:23:58+00:00","dateModified":"2025-08-21T11:23:59+00:00","description":"Prendre soin de ses cheveux en les respectant et en ressentant la simplicit\u00e9, c'est refl\u00e9ter une beaut\u00e9 sinc\u00e8re et durable.","breadcrumb":{"@id":"https:\/\/bobea.net\/index.php\/2025\/08\/21\/cheveux-au-vent-le-minimalisme-capillaire-qui-sublime-naturellement\/#breadcrumb"},"inLanguage":"fr-FR","potentialAction":[{"@type":"ReadAction","target":["https:\/\/bobea.net\/index.php\/2025\/08\/21\/cheveux-au-vent-le-minimalisme-capillaire-qui-sublime-naturellement\/"]}]},{"@type":"ImageObject","inLanguage":"fr-FR","@id":"https:\/\/bobea.net\/index.php\/2025\/08\/21\/cheveux-au-vent-le-minimalisme-capillaire-qui-sublime-naturellement\/#primaryimage","url":"https:\/\/bobea.net\/wp-content\/uploads\/2025\/08\/Sublimer-vos-cheveux-artisan-coloriste-by-melanie-1.png","contentUrl":"https:\/\/bobea.net\/wp-content\/uploads\/2025\/08\/Sublimer-vos-cheveux-artisan-coloriste-by-melanie-1.png","width":1200,"height":627},{"@type":"BreadcrumbList","@id":"https:\/\/bobea.net\/index.php\/2025\/08\/21\/cheveux-au-vent-le-minimalisme-capillaire-qui-sublime-naturellement\/#breadcrumb","itemListElement":[{"@type":"ListItem","position":1,"name":"Accueil","item":"https:\/\/bobea.net\/"},{"@type":"ListItem","position":2,"name":"Cheveux au vent \u2013 \u200b\u200ble minimalisme capillaire qui sublime naturellement"}]},{"@type":"WebSite","@id":"https:\/\/bobea.net\/#website","url":"https:\/\/bobea.net\/","name":"Bobea","description":"Le magazine de la nouvelle \u00c8ve","publisher":{"@id":"https:\/\/bobea.net\/#organization"},"potentialAction":[{"@type":"SearchAction","target":{"@type":"EntryPoint","urlTemplate":"https:\/\/bobea.net\/?s={search_term_string}"},"query-input":{"@type":"PropertyValueSpecification","valueRequired":true,"valueName":"search_term_string"}}],"inLanguage":"fr-FR"},{"@type":"Organization","@id":"https:\/\/bobea.net\/#organization","name":"Bobea","url":"https:\/\/bobea.net\/","logo":{"@type":"ImageObject","inLanguage":"fr-FR","@id":"https:\/\/bobea.net\/#\/schema\/logo\/image\/","url":"https:\/\/bobea.net\/wp-content\/uploads\/2024\/06\/bobea.jpg","contentUrl":"https:\/\/bobea.net\/wp-content\/uploads\/2024\/06\/bobea.jpg","width":1080,"height":1080,"caption":"Bobea"},"image":{"@id":"https:\/\/bobea.net\/#\/schema\/logo\/image\/"},"sameAs":["https:\/\/web.facebook.com\/profile.php?id=61559252188416"]},{"@type":"Person","@id":"https:\/\/bobea.net\/#\/schema\/person\/e7f45ef187918d7c956bf619dce90ccf","name":"bobea.info","image":{"@type":"ImageObject","inLanguage":"fr-FR","@id":"https:\/\/bobea.net\/#\/schema\/person\/image\/","url":"https:\/\/secure.gravatar.com\/avatar\/36147980349df887ae30808df3e29474?s=96&d=mm&r=g","contentUrl":"https:\/\/secure.gravatar.com\/avatar\/36147980349df887ae30808df3e29474?s=96&d=mm&r=g","caption":"bobea.info"},"sameAs":["https:\/\/bobea.net"],"url":"https:\/\/bobea.net\/index.php\/author\/bobea-info\/"}]}},"_links":{"self":[{"href":"https:\/\/bobea.net\/index.php\/wp-json\/wp\/v2\/posts\/23558"}],"collection":[{"href":"https:\/\/bobea.net\/index.php\/wp-json\/wp\/v2\/posts"}],"about":[{"href":"https:\/\/bobea.net\/index.php\/wp-json\/wp\/v2\/types\/post"}],"author":[{"embeddable":true,"href":"https:\/\/bobea.net\/index.php\/wp-json\/wp\/v2\/users\/1"}],"replies":[{"embeddable":true,"href":"https:\/\/bobea.net\/index.php\/wp-json\/wp\/v2\/comments?post=23558"}],"version-history":[{"count":1,"href":"https:\/\/bobea.net\/index.php\/wp-json\/wp\/v2\/posts\/23558\/revisions"}],"predecessor-version":[{"id":23561,"href":"https:\/\/bobea.net\/index.php\/wp-json\/wp\/v2\/posts\/23558\/revisions\/23561"}],"wp:featuredmedia":[{"embeddable":true,"href":"https:\/\/bobea.net\/index.php\/wp-json\/wp\/v2\/media\/23560"}],"wp:attachment":[{"href":"https:\/\/bobea.net\/index.php\/wp-json\/wp\/v2\/media?parent=23558"}],"wp:term":[{"taxonomy":"category","embeddable":true,"href":"https:\/\/bobea.net\/index.php\/wp-json\/wp\/v2\/categories?post=23558"},{"taxonomy":"post_tag","embeddable":true,"href":"https:\/\/bobea.net\/index.php\/wp-json\/wp\/v2\/tags?post=23558"}],"curies":[{"name":"wp","href":"https:\/\/api.w.org\/{rel}","templated":true}]}}