{"id":23399,"date":"2025-08-19T21:15:04","date_gmt":"2025-08-19T21:15:04","guid":{"rendered":"https:\/\/bobea.net\/?p=23399"},"modified":"2025-08-19T21:15:06","modified_gmt":"2025-08-19T21:15:06","slug":"emmanuel-macron-a-la-maison-blanche-quelles-promesses-americaines-pour-la-securite-europeenne","status":"publish","type":"post","link":"https:\/\/bobea.net\/index.php\/2025\/08\/19\/emmanuel-macron-a-la-maison-blanche-quelles-promesses-americaines-pour-la-securite-europeenne\/","title":{"rendered":"Emmanuel Macron \u00e0 la Maison Blanche : quelles promesses am\u00e9ricaines pour la s\u00e9curit\u00e9 europ\u00e9enne ?"},"content":{"rendered":"\n<p><strong>Intro\u00adduc\u00adtion : un som\u00admet diplo\u00adma\u00adtique sous haute ten\u00adsion<\/strong><\/p>\n\n\n\n<p>Ce 20 ao\u00fbt 2025, le retour d\u2019Em\u00admanuel Macron \u00e0 la Mai\u00adson Blanche mar\u00adque un \u00e9v\u00e9ne\u00adment diplo\u00adma\u00adtique cru\u00adcial. \u00c0 l\u2019heure o\u00f9 la s\u00e9cu\u00adrit\u00e9 europ\u00e9enne est frag\u00adilis\u00e9e par la guerre rus\u00adso-ukraini\u00adenne et les crises \u00e9nerg\u00e9\u00adtiques, le Pr\u00e9si\u00addent fran\u00e7ais entend obtenir des garanties fortes de Wash\u00ading\u00adton.<br>Mais que peut-on vrai\u00adment atten\u00addre les Europ\u00e9ens d\u2019une Am\u00e9rique en pleine recom\u00adpo\u00adsi\u00adtion, sous la pr\u00e9si\u00addence Trump ?<\/p>\n\n\n\n<p><strong>La France en t\u00eate du dia\u00adlogue transat\u00adlan\u00adtique<\/strong><\/p>\n\n\n\n<p>Depuis le d\u00e9but du con\u00adflit en Ukraine, la France s\u2019est posi\u00adtion\u00adn\u00e9e comme l\u2019un des piliers du sou\u00adtien europ\u00e9en. Macron, sou\u00advent con\u00adsid\u00ad\u00e9r\u00e9 pour son style \u00ab jupit\u00e9rien \u00bb, ma\u00eetrise cepen\u00addant l\u2019art de la n\u00e9go\u00adci\u00ada\u00adtion.<br>Son objec\u00adtif : obtenir l\u2019en\u00adgage\u00adment am\u00e9ri\u00adcain \u00e0 d\u00e9fendre l\u2019Eu\u00adrope en cas d\u2019escalade mil\u00adi\u00adtaire, garan\u00adtir la four\u00adni\u00adture d\u2019armes mod\u00adernes et s\u00e9curis\u00ader les accords \u00e9conomiques strat\u00e9giques, notam\u00adment sur l\u2019\u00e9n\u00adergie et les tech\u00adnolo\u00adgies sen\u00adsi\u00adbles.<\/p>\n\n\n\n<p><strong>Quelles garanties pour l\u2019Eu\u00adrope ?<\/strong><\/p>\n\n\n\n<p>Si les mes\u00adsages offi\u00adciels sont ras\u00adsur\u00adants, plusieurs zones d\u2019om\u00adbre per\u00adsis\u00adtantes :<\/p>\n\n\n\n<ul class=\"wp-block-list\">\n<li>L\u2019en\u00adgage\u00adment mil\u00adi\u00adtaire am\u00e9ri\u00adcain, d\u00e9sor\u00admais moins automa\u00adtique qu\u2019au\u00adpar\u00ada\u00advant.<\/li>\n\n\n\n<li>Les enjeux indus\u00adtriels et com\u00admer\u00adci\u00adaux : l\u2019Eu\u00adrope red\u00adoute une d\u00e9pen\u00addance accrue vis-\u00e0-vis du gaz am\u00e9ri\u00adcain et des tech\u00adnolo\u00adgies US.<\/li>\n\n\n\n<li>La place de l\u2019OTAN \u00e0 l\u2019heure o\u00f9 cer\u00adtains alli\u00e9s europ\u00e9ens souhait\u00adent plus d\u2019au\u00adtonomie.<\/li>\n<\/ul>\n\n\n\n<p>Le ton est donc \u00e0 la fois cor\u00addial et exigeant. Les Europ\u00e9ens, sous l\u2019im\u00adpul\u00adsion fran\u00e7aise, veu\u00adlent sor\u00adtir du t\u00eate-\u00e0-t\u00eate Moscou-Wash\u00ading\u00adton.<\/p>\n\n\n\n<figure class=\"wp-block-image size-full\"><img loading=\"lazy\" decoding=\"async\" width=\"924\" height=\"616\" src=\"https:\/\/bobea.net\/wp-content\/uploads\/2025\/08\/aefdf230c7d73d08b59ca41fe46b67f6.jpg\" alt class=\"wp-image-23400\" srcset=\"https:\/\/bobea.net\/wp-content\/uploads\/2025\/08\/aefdf230c7d73d08b59ca41fe46b67f6.jpg 924w, https:\/\/bobea.net\/wp-content\/uploads\/2025\/08\/aefdf230c7d73d08b59ca41fe46b67f6-300x200.jpg 300w, https:\/\/bobea.net\/wp-content\/uploads\/2025\/08\/aefdf230c7d73d08b59ca41fe46b67f6-768x512.jpg 768w\" sizes=\"(max-width: 924px) 100vw, 924px\"><\/figure>\n\n\n\n<p><strong>L\u2019im\u00adpact con\u00adcret pour les familles europ\u00e9ennes<\/strong><\/p>\n\n\n\n<p>Au-del\u00e0 de la g\u00e9opoli\u00adtique, ces n\u00e9go\u00adci\u00ada\u00adtions influ\u00aden\u00adcent la vie quo\u00adti\u00addi\u00adenne des familles fran\u00e7ais\u00ades et europ\u00e9ennes. S\u00e9cu\u00adrit\u00e9, prix de l\u2019\u00e9n\u00adergie, sta\u00adbil\u00adit\u00e9 \u00e9conomique\u2026<br>Les femmes, sou\u00advent garantes du foy\u00ader, sont en pre\u00admi\u00e8re ligne face aux con\u00ads\u00e9quences d\u2019un \u00e9ventuel d\u00e9sen\u00adgage\u00adment am\u00e9ri\u00adcain ou d\u2019une nou\u00advelle crise. Cette anx\u00adi\u00e9t\u00e9, pal\u00adpa\u00adble dans les foy\u00aders, appelle \u00e0 la clart\u00e9 des mes\u00adsages diplo\u00adma\u00adtiques.<\/p>\n\n\n\n<p><strong>Con\u00adclu\u00adsion : Dis\u00adcorde ou nou\u00advelle alliance ?<\/strong><\/p>\n\n\n\n<p>La vis\u00adite de Macron \u00e0 la Mai\u00adson Blanche n\u2019est pas seule\u00adment un bal\u00adlet poli\u00adtique. Elle con\u00addi\u00adtionne l\u2019avenir d\u2019une Europe qui veut croire \u00e0 sa s\u00e9cu\u00adrit\u00e9, tout en gar\u00addant son ind\u00e9pen\u00addance strat\u00e9gique face aux grandes puis\u00adsances.<br>\u00c0 l\u2019heure o\u00f9 Trump pr\u00f4ne l\u2019\u00ab Amer\u00adi\u00adca First \u00bb, la France et l\u2019Eu\u00adrope doivent \u00eatre con\u00adva\u00adin\u00adcues que leur des\u00adtin d\u00e9pend autant de Wash\u00ading\u00adton que de leur capac\u00adit\u00e9 \u00e0 choisir leur pro\u00adpre voie.<\/p>\n\n\n\n<p><\/p>\n","protected":false},"excerpt":{"rendered":"<p>Intro\u00adduc\u00adtion : un som\u00admet diplo\u00adma\u00adtique sous haute ten\u00adsion Ce 20 ao\u00fbt 2025, le retour d\u2019Em\u00admanuel Macron \u00e0 la Mai\u00adson Blanche mar\u00adque un \u00e9v\u00e9ne\u00adment diplo\u00adma\u00adtique cru\u00adcial. \u00c0 l\u2019heure o\u00f9 la s\u00e9cu\u00adrit\u00e9\u2026 <\/p>\n","protected":false},"author":1,"featured_media":23401,"comment_status":"open","ping_status":"closed","sticky":false,"template":"","format":"standard","meta":{"wp_typography_post_enhancements_disabled":false,"footnotes":""},"categories":[73],"tags":[17506,17501,17504,17505,17502,17500,17503],"class_list":["post-23399","post","type-post","status-publish","format-standard","has-post-thumbnail","hentry","category-on-en-parle","tag-actualite-diplomatie-bobea","tag-macron-maison-blanche-2025","tag-negociations-transatlantiques","tag-politique-internationale-aout-2025","tag-relations-france-usa","tag-securite-europeenne-garanties","tag-trump-et-europe"],"yoast_head":"<!-- This site is optimized with the Yoast SEO plugin v24.7 - https:\/\/yoast.com\/wordpress\/plugins\/seo\/ -->\n<title>Emmanuel Macron \u00e0 la Maison Blanche : quelles promesses am\u00e9ricaines pour la s\u00e9curit\u00e9 europ\u00e9enne ? - Bobea<\/title>\n<meta name=\"description\" content=\"\u00c0 l&#039;heure o\u00f9 Trump pr\u00f4ne l&#039;\u00ab America First \u00bb, la France et l&#039;Europe doivent \u00eatre convaincues que leur destin d\u00e9pend autant de Washington\" \/>\n<meta name=\"robots\" content=\"index, follow, max-snippet:-1, max-image-preview:large, max-video-preview:-1\" \/>\n<link rel=\"canonical\" href=\"https:\/\/bobea.net\/index.php\/2025\/08\/19\/emmanuel-macron-a-la-maison-blanche-quelles-promesses-americaines-pour-la-securite-europeenne\/\" \/>\n<meta property=\"og:locale\" content=\"fr_FR\" \/>\n<meta property=\"og:type\" content=\"article\" \/>\n<meta property=\"og:title\" content=\"Emmanuel Macron \u00e0 la Maison Blanche : quelles promesses am\u00e9ricaines pour la s\u00e9curit\u00e9 europ\u00e9enne ? - Bobea\" \/>\n<meta property=\"og:description\" content=\"\u00c0 l&#039;heure o\u00f9 Trump pr\u00f4ne l&#039;\u00ab America First \u00bb, la France et l&#039;Europe doivent \u00eatre convaincues que leur destin d\u00e9pend autant de Washington\" \/>\n<meta property=\"og:url\" content=\"https:\/\/bobea.net\/index.php\/2025\/08\/19\/emmanuel-macron-a-la-maison-blanche-quelles-promesses-americaines-pour-la-securite-europeenne\/\" \/>\n<meta property=\"og:site_name\" content=\"Bobea\" \/>\n<meta property=\"article:publisher\" content=\"https:\/\/web.facebook.com\/profile.php?id=61559252188416\" \/>\n<meta property=\"article:published_time\" content=\"2025-08-19T21:15:04+00:00\" \/>\n<meta property=\"article:modified_time\" content=\"2025-08-19T21:15:06+00:00\" \/>\n<meta property=\"og:image\" content=\"https:\/\/bobea.net\/wp-content\/uploads\/2025\/08\/1536x864_cmsv2_652b2b8e-3ae3-56b3-97b2-cf713a127e1d-9425581.webp\" \/>\n\t<meta property=\"og:image:width\" content=\"1536\" \/>\n\t<meta property=\"og:image:height\" content=\"864\" \/>\n\t<meta property=\"og:image:type\" content=\"image\/webp\" \/>\n<meta name=\"author\" content=\"bobea.info\" \/>\n<meta name=\"twitter:card\" content=\"summary_large_image\" \/>\n<meta name=\"twitter:label1\" content=\"\u00c9crit par\" \/>\n\t<meta name=\"twitter:data1\" content=\"bobea.info\" \/>\n\t<meta name=\"twitter:label2\" content=\"Dur\u00e9e de lecture estim\u00e9e\" \/>\n\t<meta name=\"twitter:data2\" content=\"3 minutes\" \/>\n<script type=\"application\/ld+json\" class=\"yoast-schema-graph\">{\"@context\":\"https:\/\/schema.org\",\"@graph\":[{\"@type\":\"Article\",\"@id\":\"https:\/\/bobea.net\/index.php\/2025\/08\/19\/emmanuel-macron-a-la-maison-blanche-quelles-promesses-americaines-pour-la-securite-europeenne\/#article\",\"isPartOf\":{\"@id\":\"https:\/\/bobea.net\/index.php\/2025\/08\/19\/emmanuel-macron-a-la-maison-blanche-quelles-promesses-americaines-pour-la-securite-europeenne\/\"},\"author\":{\"name\":\"bobea.info\",\"@id\":\"https:\/\/bobea.net\/#\/schema\/person\/e7f45ef187918d7c956bf619dce90ccf\"},\"headline\":\"Emmanuel Macron \u00e0 la Maison Blanche : quelles promesses am\u00e9ricaines pour la s\u00e9curit\u00e9 europ\u00e9enne ?\",\"datePublished\":\"2025-08-19T21:15:04+00:00\",\"dateModified\":\"2025-08-19T21:15:06+00:00\",\"mainEntityOfPage\":{\"@id\":\"https:\/\/bobea.net\/index.php\/2025\/08\/19\/emmanuel-macron-a-la-maison-blanche-quelles-promesses-americaines-pour-la-securite-europeenne\/\"},\"wordCount\":421,\"commentCount\":0,\"publisher\":{\"@id\":\"https:\/\/bobea.net\/#organization\"},\"image\":{\"@id\":\"https:\/\/bobea.net\/index.php\/2025\/08\/19\/emmanuel-macron-a-la-maison-blanche-quelles-promesses-americaines-pour-la-securite-europeenne\/#primaryimage\"},\"thumbnailUrl\":\"https:\/\/bobea.net\/wp-content\/uploads\/2025\/08\/1536x864_cmsv2_652b2b8e-3ae3-56b3-97b2-cf713a127e1d-9425581.webp\",\"keywords\":[\"actualit\u00e9 diplomatie Bobea.\",\"Macron Maison Blanche 2025\",\"n\u00e9gociations transatlantiques\",\"politique internationale ao\u00fbt 2025\",\"relations France USA\",\"s\u00e9curit\u00e9 europ\u00e9enne garanties\",\"Trump et Europe\"],\"articleSection\":[\"On en Parle\"],\"inLanguage\":\"fr-FR\",\"potentialAction\":[{\"@type\":\"CommentAction\",\"name\":\"Comment\",\"target\":[\"https:\/\/bobea.net\/index.php\/2025\/08\/19\/emmanuel-macron-a-la-maison-blanche-quelles-promesses-americaines-pour-la-securite-europeenne\/#respond\"]}]},{\"@type\":\"WebPage\",\"@id\":\"https:\/\/bobea.net\/index.php\/2025\/08\/19\/emmanuel-macron-a-la-maison-blanche-quelles-promesses-americaines-pour-la-securite-europeenne\/\",\"url\":\"https:\/\/bobea.net\/index.php\/2025\/08\/19\/emmanuel-macron-a-la-maison-blanche-quelles-promesses-americaines-pour-la-securite-europeenne\/\",\"name\":\"Emmanuel Macron \u00e0 la Maison Blanche : quelles promesses am\u00e9ricaines pour la s\u00e9curit\u00e9 europ\u00e9enne ? - Bobea\",\"isPartOf\":{\"@id\":\"https:\/\/bobea.net\/#website\"},\"primaryImageOfPage\":{\"@id\":\"https:\/\/bobea.net\/index.php\/2025\/08\/19\/emmanuel-macron-a-la-maison-blanche-quelles-promesses-americaines-pour-la-securite-europeenne\/#primaryimage\"},\"image\":{\"@id\":\"https:\/\/bobea.net\/index.php\/2025\/08\/19\/emmanuel-macron-a-la-maison-blanche-quelles-promesses-americaines-pour-la-securite-europeenne\/#primaryimage\"},\"thumbnailUrl\":\"https:\/\/bobea.net\/wp-content\/uploads\/2025\/08\/1536x864_cmsv2_652b2b8e-3ae3-56b3-97b2-cf713a127e1d-9425581.webp\",\"datePublished\":\"2025-08-19T21:15:04+00:00\",\"dateModified\":\"2025-08-19T21:15:06+00:00\",\"description\":\"\u00c0 l'heure o\u00f9 Trump pr\u00f4ne l'\u00ab America First \u00bb, la France et l'Europe doivent \u00eatre convaincues que leur destin d\u00e9pend autant de Washington\",\"breadcrumb\":{\"@id\":\"https:\/\/bobea.net\/index.php\/2025\/08\/19\/emmanuel-macron-a-la-maison-blanche-quelles-promesses-americaines-pour-la-securite-europeenne\/#breadcrumb\"},\"inLanguage\":\"fr-FR\",\"potentialAction\":[{\"@type\":\"ReadAction\",\"target\":[\"https:\/\/bobea.net\/index.php\/2025\/08\/19\/emmanuel-macron-a-la-maison-blanche-quelles-promesses-americaines-pour-la-securite-europeenne\/\"]}]},{\"@type\":\"ImageObject\",\"inLanguage\":\"fr-FR\",\"@id\":\"https:\/\/bobea.net\/index.php\/2025\/08\/19\/emmanuel-macron-a-la-maison-blanche-quelles-promesses-americaines-pour-la-securite-europeenne\/#primaryimage\",\"url\":\"https:\/\/bobea.net\/wp-content\/uploads\/2025\/08\/1536x864_cmsv2_652b2b8e-3ae3-56b3-97b2-cf713a127e1d-9425581.webp\",\"contentUrl\":\"https:\/\/bobea.net\/wp-content\/uploads\/2025\/08\/1536x864_cmsv2_652b2b8e-3ae3-56b3-97b2-cf713a127e1d-9425581.webp\",\"width\":1536,\"height\":864},{\"@type\":\"BreadcrumbList\",\"@id\":\"https:\/\/bobea.net\/index.php\/2025\/08\/19\/emmanuel-macron-a-la-maison-blanche-quelles-promesses-americaines-pour-la-securite-europeenne\/#breadcrumb\",\"itemListElement\":[{\"@type\":\"ListItem\",\"position\":1,\"name\":\"Accueil\",\"item\":\"https:\/\/bobea.net\/\"},{\"@type\":\"ListItem\",\"position\":2,\"name\":\"Emmanuel Macron \u00e0 la Maison Blanche : quelles promesses am\u00e9ricaines pour la s\u00e9curit\u00e9 europ\u00e9enne ?\"}]},{\"@type\":\"WebSite\",\"@id\":\"https:\/\/bobea.net\/#website\",\"url\":\"https:\/\/bobea.net\/\",\"name\":\"Bobea\",\"description\":\"Le magazine de la nouvelle \u00c8ve\",\"publisher\":{\"@id\":\"https:\/\/bobea.net\/#organization\"},\"potentialAction\":[{\"@type\":\"SearchAction\",\"target\":{\"@type\":\"EntryPoint\",\"urlTemplate\":\"https:\/\/bobea.net\/?s={search_term_string}\"},\"query-input\":{\"@type\":\"PropertyValueSpecification\",\"valueRequired\":true,\"valueName\":\"search_term_string\"}}],\"inLanguage\":\"fr-FR\"},{\"@type\":\"Organization\",\"@id\":\"https:\/\/bobea.net\/#organization\",\"name\":\"Bobea\",\"url\":\"https:\/\/bobea.net\/\",\"logo\":{\"@type\":\"ImageObject\",\"inLanguage\":\"fr-FR\",\"@id\":\"https:\/\/bobea.net\/#\/schema\/logo\/image\/\",\"url\":\"https:\/\/bobea.net\/wp-content\/uploads\/2024\/06\/bobea.jpg\",\"contentUrl\":\"https:\/\/bobea.net\/wp-content\/uploads\/2024\/06\/bobea.jpg\",\"width\":1080,\"height\":1080,\"caption\":\"Bobea\"},\"image\":{\"@id\":\"https:\/\/bobea.net\/#\/schema\/logo\/image\/\"},\"sameAs\":[\"https:\/\/web.facebook.com\/profile.php?id=61559252188416\"]},{\"@type\":\"Person\",\"@id\":\"https:\/\/bobea.net\/#\/schema\/person\/e7f45ef187918d7c956bf619dce90ccf\",\"name\":\"bobea.info\",\"image\":{\"@type\":\"ImageObject\",\"inLanguage\":\"fr-FR\",\"@id\":\"https:\/\/bobea.net\/#\/schema\/person\/image\/\",\"url\":\"https:\/\/secure.gravatar.com\/avatar\/36147980349df887ae30808df3e29474?s=96&d=mm&r=g\",\"contentUrl\":\"https:\/\/secure.gravatar.com\/avatar\/36147980349df887ae30808df3e29474?s=96&d=mm&r=g\",\"caption\":\"bobea.info\"},\"sameAs\":[\"https:\/\/bobea.net\"],\"url\":\"https:\/\/bobea.net\/index.php\/author\/bobea-info\/\"}]}<\/script>\n<!-- \/ Yoast SEO plugin. -->","yoast_head_json":{"title":"Emmanuel Macron \u00e0 la Maison Blanche : quelles promesses am\u00e9ricaines pour la s\u00e9curit\u00e9 europ\u00e9enne ? - Bobea","description":"\u00c0 l'heure o\u00f9 Trump pr\u00f4ne l'\u00ab America First \u00bb, la France et l'Europe doivent \u00eatre convaincues que leur destin d\u00e9pend autant de Washington","robots":{"index":"index","follow":"follow","max-snippet":"max-snippet:-1","max-image-preview":"max-image-preview:large","max-video-preview":"max-video-preview:-1"},"canonical":"https:\/\/bobea.net\/index.php\/2025\/08\/19\/emmanuel-macron-a-la-maison-blanche-quelles-promesses-americaines-pour-la-securite-europeenne\/","og_locale":"fr_FR","og_type":"article","og_title":"Emmanuel Macron \u00e0 la Maison Blanche : quelles promesses am\u00e9ricaines pour la s\u00e9curit\u00e9 europ\u00e9enne ? - Bobea","og_description":"\u00c0 l'heure o\u00f9 Trump pr\u00f4ne l'\u00ab America First \u00bb, la France et l'Europe doivent \u00eatre convaincues que leur destin d\u00e9pend autant de Washington","og_url":"https:\/\/bobea.net\/index.php\/2025\/08\/19\/emmanuel-macron-a-la-maison-blanche-quelles-promesses-americaines-pour-la-securite-europeenne\/","og_site_name":"Bobea","article_publisher":"https:\/\/web.facebook.com\/profile.php?id=61559252188416","article_published_time":"2025-08-19T21:15:04+00:00","article_modified_time":"2025-08-19T21:15:06+00:00","og_image":[{"width":1536,"height":864,"url":"https:\/\/bobea.net\/wp-content\/uploads\/2025\/08\/1536x864_cmsv2_652b2b8e-3ae3-56b3-97b2-cf713a127e1d-9425581.webp","type":"image\/webp"}],"author":"bobea.info","twitter_card":"summary_large_image","twitter_misc":{"\u00c9crit par":"bobea.info","Dur\u00e9e de lecture estim\u00e9e":"3 minutes"},"schema":{"@context":"https:\/\/schema.org","@graph":[{"@type":"Article","@id":"https:\/\/bobea.net\/index.php\/2025\/08\/19\/emmanuel-macron-a-la-maison-blanche-quelles-promesses-americaines-pour-la-securite-europeenne\/#article","isPartOf":{"@id":"https:\/\/bobea.net\/index.php\/2025\/08\/19\/emmanuel-macron-a-la-maison-blanche-quelles-promesses-americaines-pour-la-securite-europeenne\/"},"author":{"name":"bobea.info","@id":"https:\/\/bobea.net\/#\/schema\/person\/e7f45ef187918d7c956bf619dce90ccf"},"headline":"Emmanuel Macron \u00e0 la Maison Blanche : quelles promesses am\u00e9ricaines pour la s\u00e9curit\u00e9 europ\u00e9enne ?","datePublished":"2025-08-19T21:15:04+00:00","dateModified":"2025-08-19T21:15:06+00:00","mainEntityOfPage":{"@id":"https:\/\/bobea.net\/index.php\/2025\/08\/19\/emmanuel-macron-a-la-maison-blanche-quelles-promesses-americaines-pour-la-securite-europeenne\/"},"wordCount":421,"commentCount":0,"publisher":{"@id":"https:\/\/bobea.net\/#organization"},"image":{"@id":"https:\/\/bobea.net\/index.php\/2025\/08\/19\/emmanuel-macron-a-la-maison-blanche-quelles-promesses-americaines-pour-la-securite-europeenne\/#primaryimage"},"thumbnailUrl":"https:\/\/bobea.net\/wp-content\/uploads\/2025\/08\/1536x864_cmsv2_652b2b8e-3ae3-56b3-97b2-cf713a127e1d-9425581.webp","keywords":["actualit\u00e9 diplomatie Bobea.","Macron Maison Blanche 2025","n\u00e9gociations transatlantiques","politique internationale ao\u00fbt 2025","relations France USA","s\u00e9curit\u00e9 europ\u00e9enne garanties","Trump et Europe"],"articleSection":["On en Parle"],"inLanguage":"fr-FR","potentialAction":[{"@type":"CommentAction","name":"Comment","target":["https:\/\/bobea.net\/index.php\/2025\/08\/19\/emmanuel-macron-a-la-maison-blanche-quelles-promesses-americaines-pour-la-securite-europeenne\/#respond"]}]},{"@type":"WebPage","@id":"https:\/\/bobea.net\/index.php\/2025\/08\/19\/emmanuel-macron-a-la-maison-blanche-quelles-promesses-americaines-pour-la-securite-europeenne\/","url":"https:\/\/bobea.net\/index.php\/2025\/08\/19\/emmanuel-macron-a-la-maison-blanche-quelles-promesses-americaines-pour-la-securite-europeenne\/","name":"Emmanuel Macron \u00e0 la Maison Blanche : quelles promesses am\u00e9ricaines pour la s\u00e9curit\u00e9 europ\u00e9enne ? - Bobea","isPartOf":{"@id":"https:\/\/bobea.net\/#website"},"primaryImageOfPage":{"@id":"https:\/\/bobea.net\/index.php\/2025\/08\/19\/emmanuel-macron-a-la-maison-blanche-quelles-promesses-americaines-pour-la-securite-europeenne\/#primaryimage"},"image":{"@id":"https:\/\/bobea.net\/index.php\/2025\/08\/19\/emmanuel-macron-a-la-maison-blanche-quelles-promesses-americaines-pour-la-securite-europeenne\/#primaryimage"},"thumbnailUrl":"https:\/\/bobea.net\/wp-content\/uploads\/2025\/08\/1536x864_cmsv2_652b2b8e-3ae3-56b3-97b2-cf713a127e1d-9425581.webp","datePublished":"2025-08-19T21:15:04+00:00","dateModified":"2025-08-19T21:15:06+00:00","description":"\u00c0 l'heure o\u00f9 Trump pr\u00f4ne l'\u00ab America First \u00bb, la France et l'Europe doivent \u00eatre convaincues que leur destin d\u00e9pend autant de Washington","breadcrumb":{"@id":"https:\/\/bobea.net\/index.php\/2025\/08\/19\/emmanuel-macron-a-la-maison-blanche-quelles-promesses-americaines-pour-la-securite-europeenne\/#breadcrumb"},"inLanguage":"fr-FR","potentialAction":[{"@type":"ReadAction","target":["https:\/\/bobea.net\/index.php\/2025\/08\/19\/emmanuel-macron-a-la-maison-blanche-quelles-promesses-americaines-pour-la-securite-europeenne\/"]}]},{"@type":"ImageObject","inLanguage":"fr-FR","@id":"https:\/\/bobea.net\/index.php\/2025\/08\/19\/emmanuel-macron-a-la-maison-blanche-quelles-promesses-americaines-pour-la-securite-europeenne\/#primaryimage","url":"https:\/\/bobea.net\/wp-content\/uploads\/2025\/08\/1536x864_cmsv2_652b2b8e-3ae3-56b3-97b2-cf713a127e1d-9425581.webp","contentUrl":"https:\/\/bobea.net\/wp-content\/uploads\/2025\/08\/1536x864_cmsv2_652b2b8e-3ae3-56b3-97b2-cf713a127e1d-9425581.webp","width":1536,"height":864},{"@type":"BreadcrumbList","@id":"https:\/\/bobea.net\/index.php\/2025\/08\/19\/emmanuel-macron-a-la-maison-blanche-quelles-promesses-americaines-pour-la-securite-europeenne\/#breadcrumb","itemListElement":[{"@type":"ListItem","position":1,"name":"Accueil","item":"https:\/\/bobea.net\/"},{"@type":"ListItem","position":2,"name":"Emmanuel Macron \u00e0 la Maison Blanche : quelles promesses am\u00e9ricaines pour la s\u00e9curit\u00e9 europ\u00e9enne ?"}]},{"@type":"WebSite","@id":"https:\/\/bobea.net\/#website","url":"https:\/\/bobea.net\/","name":"Bobea","description":"Le magazine de la nouvelle \u00c8ve","publisher":{"@id":"https:\/\/bobea.net\/#organization"},"potentialAction":[{"@type":"SearchAction","target":{"@type":"EntryPoint","urlTemplate":"https:\/\/bobea.net\/?s={search_term_string}"},"query-input":{"@type":"PropertyValueSpecification","valueRequired":true,"valueName":"search_term_string"}}],"inLanguage":"fr-FR"},{"@type":"Organization","@id":"https:\/\/bobea.net\/#organization","name":"Bobea","url":"https:\/\/bobea.net\/","logo":{"@type":"ImageObject","inLanguage":"fr-FR","@id":"https:\/\/bobea.net\/#\/schema\/logo\/image\/","url":"https:\/\/bobea.net\/wp-content\/uploads\/2024\/06\/bobea.jpg","contentUrl":"https:\/\/bobea.net\/wp-content\/uploads\/2024\/06\/bobea.jpg","width":1080,"height":1080,"caption":"Bobea"},"image":{"@id":"https:\/\/bobea.net\/#\/schema\/logo\/image\/"},"sameAs":["https:\/\/web.facebook.com\/profile.php?id=61559252188416"]},{"@type":"Person","@id":"https:\/\/bobea.net\/#\/schema\/person\/e7f45ef187918d7c956bf619dce90ccf","name":"bobea.info","image":{"@type":"ImageObject","inLanguage":"fr-FR","@id":"https:\/\/bobea.net\/#\/schema\/person\/image\/","url":"https:\/\/secure.gravatar.com\/avatar\/36147980349df887ae30808df3e29474?s=96&d=mm&r=g","contentUrl":"https:\/\/secure.gravatar.com\/avatar\/36147980349df887ae30808df3e29474?s=96&d=mm&r=g","caption":"bobea.info"},"sameAs":["https:\/\/bobea.net"],"url":"https:\/\/bobea.net\/index.php\/author\/bobea-info\/"}]}},"_links":{"self":[{"href":"https:\/\/bobea.net\/index.php\/wp-json\/wp\/v2\/posts\/23399"}],"collection":[{"href":"https:\/\/bobea.net\/index.php\/wp-json\/wp\/v2\/posts"}],"about":[{"href":"https:\/\/bobea.net\/index.php\/wp-json\/wp\/v2\/types\/post"}],"author":[{"embeddable":true,"href":"https:\/\/bobea.net\/index.php\/wp-json\/wp\/v2\/users\/1"}],"replies":[{"embeddable":true,"href":"https:\/\/bobea.net\/index.php\/wp-json\/wp\/v2\/comments?post=23399"}],"version-history":[{"count":1,"href":"https:\/\/bobea.net\/index.php\/wp-json\/wp\/v2\/posts\/23399\/revisions"}],"predecessor-version":[{"id":23402,"href":"https:\/\/bobea.net\/index.php\/wp-json\/wp\/v2\/posts\/23399\/revisions\/23402"}],"wp:featuredmedia":[{"embeddable":true,"href":"https:\/\/bobea.net\/index.php\/wp-json\/wp\/v2\/media\/23401"}],"wp:attachment":[{"href":"https:\/\/bobea.net\/index.php\/wp-json\/wp\/v2\/media?parent=23399"}],"wp:term":[{"taxonomy":"category","embeddable":true,"href":"https:\/\/bobea.net\/index.php\/wp-json\/wp\/v2\/categories?post=23399"},{"taxonomy":"post_tag","embeddable":true,"href":"https:\/\/bobea.net\/index.php\/wp-json\/wp\/v2\/tags?post=23399"}],"curies":[{"name":"wp","href":"https:\/\/api.w.org\/{rel}","templated":true}]}}