{"id":23365,"date":"2025-08-18T12:41:59","date_gmt":"2025-08-18T12:41:59","guid":{"rendered":"https:\/\/bobea.net\/?p=23365"},"modified":"2025-08-18T12:42:00","modified_gmt":"2025-08-18T12:42:00","slug":"rihanna-une-vie-atypique-et-engagee-parcours-dune-icone-mondiale","status":"publish","type":"post","link":"https:\/\/bobea.net\/index.php\/2025\/08\/18\/rihanna-une-vie-atypique-et-engagee-parcours-dune-icone-mondiale\/","title":{"rendered":"Rihanna, une vie atypique et engag\u00e9e : parcours d\u2019une ic\u00f4ne mondiale"},"content":{"rendered":"\n<p>Rihan\u00adna est bien plus qu\u2019une chanteuse \u00e0 suc\u00adc\u00e8s : elle incar\u00adne un mod\u00ad\u00e8le d\u2019artiste com\u00adpl\u00e8te, entre\u00adpre\u00adneure et engag\u00e9e. Depuis ses d\u00e9buts dans les ann\u00e9es 2000, sa tra\u00adjec\u00adtoire atyp\u00adique lui a per\u00admis de con\u00adqu\u00e9rir plusieurs domaines et d\u2019influencer pro\u00adfond\u00e9\u00adment la cul\u00adture pop\u00adu\u00adlaire.<\/p>\n\n\n\n<p>N\u00e9e \u00e0 la Bar\u00adbade, Rihan\u00adna a explos\u00e9 sur la sc\u00e8ne musi\u00adcale avec un style unique qui m\u00eale pop, R&amp;B, reg\u00adgae et dance\u00adhall. Avec des tubes comme \u00ab Umbrel\u00adla \u00bb ou \u00ab Dia\u00admonds \u00bb, elle s\u2019est impos\u00e9e comme une ic\u00f4ne plan\u00e9\u00adtaire. Mais sa car\u00adri\u00e8re d\u00e9passe large\u00adment la musique.<\/p>\n\n\n\n<p>Entre\u00adpre\u00adneure avis\u00e9e, elle a lanc\u00e9 plusieurs mar\u00adques, notam\u00adment Fen\u00adty Beau\u00adty, qui a r\u00e9vo\u00adlu\u00adtion\u00adn\u00e9 l\u2019industrie cos\u00adm\u00e9\u00adtique en pr\u00f4\u00adnant l\u2019inclusivit\u00e9 avec une large palette de teintes adap\u00adt\u00e9es \u00e0 toutes les car\u00adna\u00adtions. Sa ligne de lin\u00adgerie Sav\u00adage X Fen\u00adty val\u00adorise aus\u00adsi la diver\u00adsit\u00e9 cor\u00adporelle et a bous\u00adcul\u00e9 les stan\u00addards.<\/p>\n\n\n\n<figure class=\"wp-block-image size-large\"><img loading=\"lazy\" decoding=\"async\" width=\"1024\" height=\"683\" src=\"https:\/\/bobea.net\/wp-content\/uploads\/2025\/08\/1253708-rihanna-icone-mode-au-met-gala-le-1er-mai-a-new-york-1024x683.jpg\" alt class=\"wp-image-23366\" srcset=\"https:\/\/bobea.net\/wp-content\/uploads\/2025\/08\/1253708-rihanna-icone-mode-au-met-gala-le-1er-mai-a-new-york-1024x683.jpg 1024w, https:\/\/bobea.net\/wp-content\/uploads\/2025\/08\/1253708-rihanna-icone-mode-au-met-gala-le-1er-mai-a-new-york-300x200.jpg 300w, https:\/\/bobea.net\/wp-content\/uploads\/2025\/08\/1253708-rihanna-icone-mode-au-met-gala-le-1er-mai-a-new-york-768x512.jpg 768w, https:\/\/bobea.net\/wp-content\/uploads\/2025\/08\/1253708-rihanna-icone-mode-au-met-gala-le-1er-mai-a-new-york.jpg 1200w\" sizes=\"(max-width: 1024px) 100vw, 1024px\"><\/figure>\n\n\n\n<p>Rihan\u00adna est \u00e9gale\u00adment recon\u00adnue pour ses engage\u00adments phil\u00adan\u00adthropiques, notam\u00adment \u00e0 tra\u00advers sa fon\u00adda\u00adtion Clara Lionel, en faveur de l\u2019\u00e9ducation et de l\u2019aide human\u00adi\u00adtaire dans les pays d\u00e9fa\u00advoris\u00e9s.<\/p>\n\n\n\n<p>Sa per\u00adson\u00adnal\u00adit\u00e9 authen\u00adtique et son courage \u00e0 bris\u00ader les codes inspirent une mul\u00adti\u00adtude d\u2019artistes et d\u2019adeptes dans le monde entier. Elle utilise sa notori\u00e9t\u00e9 pour d\u00e9fendre des caus\u00ades sociales, poli\u00adtiques et envi\u00adron\u00adnemen\u00adtales.<\/p>\n\n\n\n<p>Aujourd\u2019hui, Rihan\u00adna reste une fig\u00adure incon\u00adtourn\u00adable dans la musique, la mode et la phil\u00adan\u00adthropie, alliant r\u00e9us\u00adsite pro\u00adfes\u00adsion\u00adnelle et sens pro\u00adfond des respon\u00ads\u00adabil\u00adit\u00e9s.<\/p>\n\n\n\n<p><\/p>\n","protected":false},"excerpt":{"rendered":"<p>Rihan\u00adna est bien plus qu\u2019une chanteuse \u00e0 suc\u00adc\u00e8s : elle incar\u00adne un mod\u00ad\u00e8le d\u2019artiste com\u00adpl\u00e8te, entre\u00adpre\u00adneure et engag\u00e9e. Depuis ses d\u00e9buts dans les ann\u00e9es 2000, sa tra\u00adjec\u00adtoire atyp\u00adique lui a\u2026 <\/p>\n","protected":false},"author":1,"featured_media":23367,"comment_status":"open","ping_status":"closed","sticky":false,"template":"","format":"standard","meta":{"wp_typography_post_enhancements_disabled":false,"footnotes":""},"categories":[73],"tags":[2854,17464,17463,17465,17462],"class_list":["post-23365","post","type-post","status-publish","format-standard","has-post-thumbnail","hentry","category-on-en-parle","tag-chanteuse-engagee","tag-entrepreneure-musique","tag-fenty-beauty-inclusivite","tag-icone-pop-mondiale","tag-rihanna-carriere"],"yoast_head":"<!-- This site is optimized with the Yoast SEO plugin v24.7 - https:\/\/yoast.com\/wordpress\/plugins\/seo\/ -->\n<title>Rihanna, une vie atypique et engag\u00e9e : parcours d\u2019une ic\u00f4ne mondiale - Bobea<\/title>\n<meta name=\"robots\" content=\"index, follow, max-snippet:-1, max-image-preview:large, max-video-preview:-1\" \/>\n<link rel=\"canonical\" href=\"https:\/\/bobea.net\/index.php\/2025\/08\/18\/rihanna-une-vie-atypique-et-engagee-parcours-dune-icone-mondiale\/\" \/>\n<meta property=\"og:locale\" content=\"fr_FR\" \/>\n<meta property=\"og:type\" content=\"article\" \/>\n<meta property=\"og:title\" content=\"Rihanna, une vie atypique et engag\u00e9e : parcours d\u2019une ic\u00f4ne mondiale - Bobea\" \/>\n<meta property=\"og:description\" content=\"Rihan\u00adna est bien plus qu\u2019une chanteuse \u00e0 suc\u00adc\u00e8s : elle incar\u00adne un mod\u00ad\u00e8le d\u2019artiste com\u00adpl\u00e8te, entre\u00adpre\u00adneure et engag\u00e9e. Depuis ses d\u00e9buts dans les ann\u00e9es 2000, sa tra\u00adjec\u00adtoire atyp\u00adique lui a&hellip;\" \/>\n<meta property=\"og:url\" content=\"https:\/\/bobea.net\/index.php\/2025\/08\/18\/rihanna-une-vie-atypique-et-engagee-parcours-dune-icone-mondiale\/\" \/>\n<meta property=\"og:site_name\" content=\"Bobea\" \/>\n<meta property=\"article:publisher\" content=\"https:\/\/web.facebook.com\/profile.php?id=61559252188416\" \/>\n<meta property=\"article:published_time\" content=\"2025-08-18T12:41:59+00:00\" \/>\n<meta property=\"article:modified_time\" content=\"2025-08-18T12:42:00+00:00\" \/>\n<meta property=\"og:image\" content=\"https:\/\/bobea.net\/wp-content\/uploads\/2025\/08\/1200x675_cmsv2_1f329251-5813-5cbf-8179-fe80304fba44-7698786.webp\" \/>\n\t<meta property=\"og:image:width\" content=\"1200\" \/>\n\t<meta property=\"og:image:height\" content=\"675\" \/>\n\t<meta property=\"og:image:type\" content=\"image\/webp\" \/>\n<meta name=\"author\" content=\"bobea.info\" \/>\n<meta name=\"twitter:card\" content=\"summary_large_image\" \/>\n<meta name=\"twitter:label1\" content=\"\u00c9crit par\" \/>\n\t<meta name=\"twitter:data1\" content=\"bobea.info\" \/>\n\t<meta name=\"twitter:label2\" content=\"Dur\u00e9e de lecture estim\u00e9e\" \/>\n\t<meta name=\"twitter:data2\" content=\"2 minutes\" \/>\n<script type=\"application\/ld+json\" class=\"yoast-schema-graph\">{\"@context\":\"https:\/\/schema.org\",\"@graph\":[{\"@type\":\"Article\",\"@id\":\"https:\/\/bobea.net\/index.php\/2025\/08\/18\/rihanna-une-vie-atypique-et-engagee-parcours-dune-icone-mondiale\/#article\",\"isPartOf\":{\"@id\":\"https:\/\/bobea.net\/index.php\/2025\/08\/18\/rihanna-une-vie-atypique-et-engagee-parcours-dune-icone-mondiale\/\"},\"author\":{\"name\":\"bobea.info\",\"@id\":\"https:\/\/bobea.net\/#\/schema\/person\/e7f45ef187918d7c956bf619dce90ccf\"},\"headline\":\"Rihanna, une vie atypique et engag\u00e9e : parcours d\u2019une ic\u00f4ne mondiale\",\"datePublished\":\"2025-08-18T12:41:59+00:00\",\"dateModified\":\"2025-08-18T12:42:00+00:00\",\"mainEntityOfPage\":{\"@id\":\"https:\/\/bobea.net\/index.php\/2025\/08\/18\/rihanna-une-vie-atypique-et-engagee-parcours-dune-icone-mondiale\/\"},\"wordCount\":257,\"commentCount\":0,\"publisher\":{\"@id\":\"https:\/\/bobea.net\/#organization\"},\"image\":{\"@id\":\"https:\/\/bobea.net\/index.php\/2025\/08\/18\/rihanna-une-vie-atypique-et-engagee-parcours-dune-icone-mondiale\/#primaryimage\"},\"thumbnailUrl\":\"https:\/\/bobea.net\/wp-content\/uploads\/2025\/08\/1200x675_cmsv2_1f329251-5813-5cbf-8179-fe80304fba44-7698786.webp\",\"keywords\":[\"chanteuse engag\u00e9e\",\"entrepreneure musique\",\"Fenty beauty inclusivit\u00e9\",\"ic\u00f4ne pop mondiale\",\"Rihanna carri\u00e8re\"],\"articleSection\":[\"On en Parle\"],\"inLanguage\":\"fr-FR\",\"potentialAction\":[{\"@type\":\"CommentAction\",\"name\":\"Comment\",\"target\":[\"https:\/\/bobea.net\/index.php\/2025\/08\/18\/rihanna-une-vie-atypique-et-engagee-parcours-dune-icone-mondiale\/#respond\"]}]},{\"@type\":\"WebPage\",\"@id\":\"https:\/\/bobea.net\/index.php\/2025\/08\/18\/rihanna-une-vie-atypique-et-engagee-parcours-dune-icone-mondiale\/\",\"url\":\"https:\/\/bobea.net\/index.php\/2025\/08\/18\/rihanna-une-vie-atypique-et-engagee-parcours-dune-icone-mondiale\/\",\"name\":\"Rihanna, une vie atypique et engag\u00e9e : parcours d\u2019une ic\u00f4ne mondiale - Bobea\",\"isPartOf\":{\"@id\":\"https:\/\/bobea.net\/#website\"},\"primaryImageOfPage\":{\"@id\":\"https:\/\/bobea.net\/index.php\/2025\/08\/18\/rihanna-une-vie-atypique-et-engagee-parcours-dune-icone-mondiale\/#primaryimage\"},\"image\":{\"@id\":\"https:\/\/bobea.net\/index.php\/2025\/08\/18\/rihanna-une-vie-atypique-et-engagee-parcours-dune-icone-mondiale\/#primaryimage\"},\"thumbnailUrl\":\"https:\/\/bobea.net\/wp-content\/uploads\/2025\/08\/1200x675_cmsv2_1f329251-5813-5cbf-8179-fe80304fba44-7698786.webp\",\"datePublished\":\"2025-08-18T12:41:59+00:00\",\"dateModified\":\"2025-08-18T12:42:00+00:00\",\"breadcrumb\":{\"@id\":\"https:\/\/bobea.net\/index.php\/2025\/08\/18\/rihanna-une-vie-atypique-et-engagee-parcours-dune-icone-mondiale\/#breadcrumb\"},\"inLanguage\":\"fr-FR\",\"potentialAction\":[{\"@type\":\"ReadAction\",\"target\":[\"https:\/\/bobea.net\/index.php\/2025\/08\/18\/rihanna-une-vie-atypique-et-engagee-parcours-dune-icone-mondiale\/\"]}]},{\"@type\":\"ImageObject\",\"inLanguage\":\"fr-FR\",\"@id\":\"https:\/\/bobea.net\/index.php\/2025\/08\/18\/rihanna-une-vie-atypique-et-engagee-parcours-dune-icone-mondiale\/#primaryimage\",\"url\":\"https:\/\/bobea.net\/wp-content\/uploads\/2025\/08\/1200x675_cmsv2_1f329251-5813-5cbf-8179-fe80304fba44-7698786.webp\",\"contentUrl\":\"https:\/\/bobea.net\/wp-content\/uploads\/2025\/08\/1200x675_cmsv2_1f329251-5813-5cbf-8179-fe80304fba44-7698786.webp\",\"width\":1200,\"height\":675},{\"@type\":\"BreadcrumbList\",\"@id\":\"https:\/\/bobea.net\/index.php\/2025\/08\/18\/rihanna-une-vie-atypique-et-engagee-parcours-dune-icone-mondiale\/#breadcrumb\",\"itemListElement\":[{\"@type\":\"ListItem\",\"position\":1,\"name\":\"Accueil\",\"item\":\"https:\/\/bobea.net\/\"},{\"@type\":\"ListItem\",\"position\":2,\"name\":\"Rihanna, une vie atypique et engag\u00e9e : parcours d\u2019une ic\u00f4ne mondiale\"}]},{\"@type\":\"WebSite\",\"@id\":\"https:\/\/bobea.net\/#website\",\"url\":\"https:\/\/bobea.net\/\",\"name\":\"Bobea\",\"description\":\"Le magazine de la nouvelle \u00c8ve\",\"publisher\":{\"@id\":\"https:\/\/bobea.net\/#organization\"},\"potentialAction\":[{\"@type\":\"SearchAction\",\"target\":{\"@type\":\"EntryPoint\",\"urlTemplate\":\"https:\/\/bobea.net\/?s={search_term_string}\"},\"query-input\":{\"@type\":\"PropertyValueSpecification\",\"valueRequired\":true,\"valueName\":\"search_term_string\"}}],\"inLanguage\":\"fr-FR\"},{\"@type\":\"Organization\",\"@id\":\"https:\/\/bobea.net\/#organization\",\"name\":\"Bobea\",\"url\":\"https:\/\/bobea.net\/\",\"logo\":{\"@type\":\"ImageObject\",\"inLanguage\":\"fr-FR\",\"@id\":\"https:\/\/bobea.net\/#\/schema\/logo\/image\/\",\"url\":\"https:\/\/bobea.net\/wp-content\/uploads\/2024\/06\/bobea.jpg\",\"contentUrl\":\"https:\/\/bobea.net\/wp-content\/uploads\/2024\/06\/bobea.jpg\",\"width\":1080,\"height\":1080,\"caption\":\"Bobea\"},\"image\":{\"@id\":\"https:\/\/bobea.net\/#\/schema\/logo\/image\/\"},\"sameAs\":[\"https:\/\/web.facebook.com\/profile.php?id=61559252188416\"]},{\"@type\":\"Person\",\"@id\":\"https:\/\/bobea.net\/#\/schema\/person\/e7f45ef187918d7c956bf619dce90ccf\",\"name\":\"bobea.info\",\"image\":{\"@type\":\"ImageObject\",\"inLanguage\":\"fr-FR\",\"@id\":\"https:\/\/bobea.net\/#\/schema\/person\/image\/\",\"url\":\"https:\/\/secure.gravatar.com\/avatar\/36147980349df887ae30808df3e29474?s=96&d=mm&r=g\",\"contentUrl\":\"https:\/\/secure.gravatar.com\/avatar\/36147980349df887ae30808df3e29474?s=96&d=mm&r=g\",\"caption\":\"bobea.info\"},\"sameAs\":[\"https:\/\/bobea.net\"],\"url\":\"https:\/\/bobea.net\/index.php\/author\/bobea-info\/\"}]}<\/script>\n<!-- \/ Yoast SEO plugin. -->","yoast_head_json":{"title":"Rihanna, une vie atypique et engag\u00e9e : parcours d\u2019une ic\u00f4ne mondiale - Bobea","robots":{"index":"index","follow":"follow","max-snippet":"max-snippet:-1","max-image-preview":"max-image-preview:large","max-video-preview":"max-video-preview:-1"},"canonical":"https:\/\/bobea.net\/index.php\/2025\/08\/18\/rihanna-une-vie-atypique-et-engagee-parcours-dune-icone-mondiale\/","og_locale":"fr_FR","og_type":"article","og_title":"Rihanna, une vie atypique et engag\u00e9e : parcours d\u2019une ic\u00f4ne mondiale - Bobea","og_description":"Rihan\u00adna est bien plus qu\u2019une chanteuse \u00e0 suc\u00adc\u00e8s : elle incar\u00adne un mod\u00ad\u00e8le d\u2019artiste com\u00adpl\u00e8te, entre\u00adpre\u00adneure et engag\u00e9e. Depuis ses d\u00e9buts dans les ann\u00e9es 2000, sa tra\u00adjec\u00adtoire atyp\u00adique lui a&hellip;","og_url":"https:\/\/bobea.net\/index.php\/2025\/08\/18\/rihanna-une-vie-atypique-et-engagee-parcours-dune-icone-mondiale\/","og_site_name":"Bobea","article_publisher":"https:\/\/web.facebook.com\/profile.php?id=61559252188416","article_published_time":"2025-08-18T12:41:59+00:00","article_modified_time":"2025-08-18T12:42:00+00:00","og_image":[{"width":1200,"height":675,"url":"https:\/\/bobea.net\/wp-content\/uploads\/2025\/08\/1200x675_cmsv2_1f329251-5813-5cbf-8179-fe80304fba44-7698786.webp","type":"image\/webp"}],"author":"bobea.info","twitter_card":"summary_large_image","twitter_misc":{"\u00c9crit par":"bobea.info","Dur\u00e9e de lecture estim\u00e9e":"2 minutes"},"schema":{"@context":"https:\/\/schema.org","@graph":[{"@type":"Article","@id":"https:\/\/bobea.net\/index.php\/2025\/08\/18\/rihanna-une-vie-atypique-et-engagee-parcours-dune-icone-mondiale\/#article","isPartOf":{"@id":"https:\/\/bobea.net\/index.php\/2025\/08\/18\/rihanna-une-vie-atypique-et-engagee-parcours-dune-icone-mondiale\/"},"author":{"name":"bobea.info","@id":"https:\/\/bobea.net\/#\/schema\/person\/e7f45ef187918d7c956bf619dce90ccf"},"headline":"Rihanna, une vie atypique et engag\u00e9e : parcours d\u2019une ic\u00f4ne mondiale","datePublished":"2025-08-18T12:41:59+00:00","dateModified":"2025-08-18T12:42:00+00:00","mainEntityOfPage":{"@id":"https:\/\/bobea.net\/index.php\/2025\/08\/18\/rihanna-une-vie-atypique-et-engagee-parcours-dune-icone-mondiale\/"},"wordCount":257,"commentCount":0,"publisher":{"@id":"https:\/\/bobea.net\/#organization"},"image":{"@id":"https:\/\/bobea.net\/index.php\/2025\/08\/18\/rihanna-une-vie-atypique-et-engagee-parcours-dune-icone-mondiale\/#primaryimage"},"thumbnailUrl":"https:\/\/bobea.net\/wp-content\/uploads\/2025\/08\/1200x675_cmsv2_1f329251-5813-5cbf-8179-fe80304fba44-7698786.webp","keywords":["chanteuse engag\u00e9e","entrepreneure musique","Fenty beauty inclusivit\u00e9","ic\u00f4ne pop mondiale","Rihanna carri\u00e8re"],"articleSection":["On en Parle"],"inLanguage":"fr-FR","potentialAction":[{"@type":"CommentAction","name":"Comment","target":["https:\/\/bobea.net\/index.php\/2025\/08\/18\/rihanna-une-vie-atypique-et-engagee-parcours-dune-icone-mondiale\/#respond"]}]},{"@type":"WebPage","@id":"https:\/\/bobea.net\/index.php\/2025\/08\/18\/rihanna-une-vie-atypique-et-engagee-parcours-dune-icone-mondiale\/","url":"https:\/\/bobea.net\/index.php\/2025\/08\/18\/rihanna-une-vie-atypique-et-engagee-parcours-dune-icone-mondiale\/","name":"Rihanna, une vie atypique et engag\u00e9e : parcours d\u2019une ic\u00f4ne mondiale - Bobea","isPartOf":{"@id":"https:\/\/bobea.net\/#website"},"primaryImageOfPage":{"@id":"https:\/\/bobea.net\/index.php\/2025\/08\/18\/rihanna-une-vie-atypique-et-engagee-parcours-dune-icone-mondiale\/#primaryimage"},"image":{"@id":"https:\/\/bobea.net\/index.php\/2025\/08\/18\/rihanna-une-vie-atypique-et-engagee-parcours-dune-icone-mondiale\/#primaryimage"},"thumbnailUrl":"https:\/\/bobea.net\/wp-content\/uploads\/2025\/08\/1200x675_cmsv2_1f329251-5813-5cbf-8179-fe80304fba44-7698786.webp","datePublished":"2025-08-18T12:41:59+00:00","dateModified":"2025-08-18T12:42:00+00:00","breadcrumb":{"@id":"https:\/\/bobea.net\/index.php\/2025\/08\/18\/rihanna-une-vie-atypique-et-engagee-parcours-dune-icone-mondiale\/#breadcrumb"},"inLanguage":"fr-FR","potentialAction":[{"@type":"ReadAction","target":["https:\/\/bobea.net\/index.php\/2025\/08\/18\/rihanna-une-vie-atypique-et-engagee-parcours-dune-icone-mondiale\/"]}]},{"@type":"ImageObject","inLanguage":"fr-FR","@id":"https:\/\/bobea.net\/index.php\/2025\/08\/18\/rihanna-une-vie-atypique-et-engagee-parcours-dune-icone-mondiale\/#primaryimage","url":"https:\/\/bobea.net\/wp-content\/uploads\/2025\/08\/1200x675_cmsv2_1f329251-5813-5cbf-8179-fe80304fba44-7698786.webp","contentUrl":"https:\/\/bobea.net\/wp-content\/uploads\/2025\/08\/1200x675_cmsv2_1f329251-5813-5cbf-8179-fe80304fba44-7698786.webp","width":1200,"height":675},{"@type":"BreadcrumbList","@id":"https:\/\/bobea.net\/index.php\/2025\/08\/18\/rihanna-une-vie-atypique-et-engagee-parcours-dune-icone-mondiale\/#breadcrumb","itemListElement":[{"@type":"ListItem","position":1,"name":"Accueil","item":"https:\/\/bobea.net\/"},{"@type":"ListItem","position":2,"name":"Rihanna, une vie atypique et engag\u00e9e : parcours d\u2019une ic\u00f4ne mondiale"}]},{"@type":"WebSite","@id":"https:\/\/bobea.net\/#website","url":"https:\/\/bobea.net\/","name":"Bobea","description":"Le magazine de la nouvelle \u00c8ve","publisher":{"@id":"https:\/\/bobea.net\/#organization"},"potentialAction":[{"@type":"SearchAction","target":{"@type":"EntryPoint","urlTemplate":"https:\/\/bobea.net\/?s={search_term_string}"},"query-input":{"@type":"PropertyValueSpecification","valueRequired":true,"valueName":"search_term_string"}}],"inLanguage":"fr-FR"},{"@type":"Organization","@id":"https:\/\/bobea.net\/#organization","name":"Bobea","url":"https:\/\/bobea.net\/","logo":{"@type":"ImageObject","inLanguage":"fr-FR","@id":"https:\/\/bobea.net\/#\/schema\/logo\/image\/","url":"https:\/\/bobea.net\/wp-content\/uploads\/2024\/06\/bobea.jpg","contentUrl":"https:\/\/bobea.net\/wp-content\/uploads\/2024\/06\/bobea.jpg","width":1080,"height":1080,"caption":"Bobea"},"image":{"@id":"https:\/\/bobea.net\/#\/schema\/logo\/image\/"},"sameAs":["https:\/\/web.facebook.com\/profile.php?id=61559252188416"]},{"@type":"Person","@id":"https:\/\/bobea.net\/#\/schema\/person\/e7f45ef187918d7c956bf619dce90ccf","name":"bobea.info","image":{"@type":"ImageObject","inLanguage":"fr-FR","@id":"https:\/\/bobea.net\/#\/schema\/person\/image\/","url":"https:\/\/secure.gravatar.com\/avatar\/36147980349df887ae30808df3e29474?s=96&d=mm&r=g","contentUrl":"https:\/\/secure.gravatar.com\/avatar\/36147980349df887ae30808df3e29474?s=96&d=mm&r=g","caption":"bobea.info"},"sameAs":["https:\/\/bobea.net"],"url":"https:\/\/bobea.net\/index.php\/author\/bobea-info\/"}]}},"_links":{"self":[{"href":"https:\/\/bobea.net\/index.php\/wp-json\/wp\/v2\/posts\/23365"}],"collection":[{"href":"https:\/\/bobea.net\/index.php\/wp-json\/wp\/v2\/posts"}],"about":[{"href":"https:\/\/bobea.net\/index.php\/wp-json\/wp\/v2\/types\/post"}],"author":[{"embeddable":true,"href":"https:\/\/bobea.net\/index.php\/wp-json\/wp\/v2\/users\/1"}],"replies":[{"embeddable":true,"href":"https:\/\/bobea.net\/index.php\/wp-json\/wp\/v2\/comments?post=23365"}],"version-history":[{"count":1,"href":"https:\/\/bobea.net\/index.php\/wp-json\/wp\/v2\/posts\/23365\/revisions"}],"predecessor-version":[{"id":23368,"href":"https:\/\/bobea.net\/index.php\/wp-json\/wp\/v2\/posts\/23365\/revisions\/23368"}],"wp:featuredmedia":[{"embeddable":true,"href":"https:\/\/bobea.net\/index.php\/wp-json\/wp\/v2\/media\/23367"}],"wp:attachment":[{"href":"https:\/\/bobea.net\/index.php\/wp-json\/wp\/v2\/media?parent=23365"}],"wp:term":[{"taxonomy":"category","embeddable":true,"href":"https:\/\/bobea.net\/index.php\/wp-json\/wp\/v2\/categories?post=23365"},{"taxonomy":"post_tag","embeddable":true,"href":"https:\/\/bobea.net\/index.php\/wp-json\/wp\/v2\/tags?post=23365"}],"curies":[{"name":"wp","href":"https:\/\/api.w.org\/{rel}","templated":true}]}}